{"id":24756,"date":"2026-04-24T08:48:33","date_gmt":"2026-04-24T08:48:33","guid":{"rendered":"https:\/\/www.klarairosa.com\/?p=24756"},"modified":"2026-04-24T09:17:56","modified_gmt":"2026-04-24T09:17:56","slug":"o-kulturi-kao-vezivnom-tkivu-zajednice","status":"publish","type":"post","link":"https:\/\/www.klarairosa.com\/hu\/o-kulturi-kao-vezivnom-tkivu-zajednice\/","title":{"rendered":"O kulturi kao vezivnom tkivu zajednice"},"content":{"rendered":"<p dir=\"auto\" style=\"text-align: justify;\">\u0160ta se doga\u0111a kada se razli\u010diti akteri u lokalnoj zajednici ujedine i prepoznaju kulturu kao klju\u010dnu poveznicu?<\/p>\n<p dir=\"auto\" style=\"text-align: justify;\">Otvara se prostor susreta. Ra\u0111a se poverenje. Ja\u010da ose\u0107aj pripadnosti. Kultura, kao vezivno tkivo zajednice, po\u010dinje da spaja ljude upravo tamo gde su razlike i podele najizra\u017eenije.<\/p>\n<p dir=\"auto\" style=\"text-align: justify;\">Od 21. do 24. aprila 2026. godine, u\u010desnici iz cele Evrope, prete\u017eno Poljske, Nema\u010dke i Ukrajine (ali i iz Austrije, \u010ce\u0161ke, Slova\u010dke, Italije, \u0160panije, Portugalije, Holandije, Litvanije, Letonije, Gr\u010dke, Hrvatske, Srbije i Kosova), okupili su se u poljskom gradu \u0160vidnica na prvom susretu evropske mre\u017ee LOKAL.<\/p>\n<p>Organizacija Klara i Rosa je bila jedina predstavnica Srbije. Tokom \u010detiri dana, kulturni radnici i prakti\u010dari razmenjivali su iskustva, gradili nova partnerstva i promi\u0161ljali kako njihov rad mo\u017ee odgovoriti na sve izra\u017eenije dru\u0161tvene podele, oja\u010dati lokalne mre\u017ee i odr\u017eati participaciju u zajednicama u kojima zajedni\u010dki prostori postaju sve krhkiji.<\/p>\n<p dir=\"auto\" style=\"text-align: justify;\">Kako je u svom obra\u0107anju istakla gradona\u010delnica \u0160vidnice, postoje gradovi u kojima kultura nije prioritet, \u0161to je ne samo tu\u017eno, ve\u0107 i opasno. Upravo zato je odgovornost kulturnih politika da institucionalno podr\u017ee razli\u010dite glasove. Jasno je poru\u010dila: dru\u0161tvena otpornost po\u010dinje u kulturi.<\/p>\n<p dir=\"auto\" style=\"text-align: justify;\" class=\" translation-block\">Olga Napiontek, koja kroz rad u okviru<em> Civis Fund Poland<\/em> povezuje kulturu, obrazovanje i zajednicu, govorila je o va\u017enosti razvijanja gra\u0111anskih ve\u0161tina i stavova kako bi ljudi mogli aktivno da u\u010destvuju u javnom \u017eivotu. Posebno je naglasila da je danas ve\u0107i uspeh <strong>kontinuirano raditi sa zajednicom<\/strong> nego organizovati spektakularne doga\u0111aje i festivale. Ona pravi jasnu razliku: <strong>publika dolazi i odlazi, ali zajednica ostaje<\/strong>. Zajednica ose\u0107a, u\u010destvuje i gradi, ona je sr\u017e svakog lokalnog prostora. U vremenu rastu\u0107e usamljenosti, gde sve vi\u0161e ljudi \u017eivi samo, kultura postaje klju\u010dni prostor susreta i povezivanja.<strong> Dru\u0161tvena otpornost<\/strong>, kako je naglasila, <strong>gradi se upravo kroz umetnost i kulturu<\/strong>.<\/p>\n<p dir=\"auto\" style=\"text-align: justify;\" class=\" translation-block\">Nekoliko neodgovorenih pitanja nosim u sebi. U kontekstu ja\u010danja desnice i radikalizacije, uz zabrinjavaju\u0107e primere iz Isto\u010dne Nema\u010dke o porastu neonacisti\u010dkih grupa i nasilja, \u010dujem od kolega da je jedini odgovor nadja\u010dati taj narativ sopstvenim, jednako sna\u017enim, uz isklju\u010denje radikalnih. Iskreno, to me rastu\u017euje. <strong>Jer ako se sve svede na to ko je ja\u010di, gde ostaje prostor za izle\u010denje, za ogledanje u drugom i za povezivanje na nivou ljudskosti?<\/strong><\/p>\n<p dir=\"auto\" style=\"text-align: justify;\" class=\" translation-block\">Drugi paradoks koji me prati odnosi se na samu ulogu kulture. Iako smo na po\u010detku konferencije slu\u0161ali inspirativne govore o njenoj va\u017enosti i raznolikosti, zavr\u0161no ve\u010de obele\u017eio je nastup folklorne grupe. Za\u0161to se kultura predstavlja strancima isklju\u010divo kroz tradicionalni folklor? Mo\u017eemo li biti \u201epametniji\u201c u na\u010dinu na koji predstavljamo pro\u0161lost kroz savremeni trenutak? Mo\u017ee li i folklor nositi interpretaciju koja govori o sada\u0161njosti, a ne samo o pro\u0161losti? I kona\u010dno, <strong>za\u0161to se lokalna kultura tako \u010desto svodi na nasle\u0111e predaka, a ne na \u017eivu, savremenu praksu na\u0161ih sugra\u0111ana danas?<\/strong><\/p>\n<p dir=\"auto\" style=\"text-align: justify;\" class=\" translation-block\">Sve ove teme sna\u017eno odjekuju i u na\u0161em lokalnom kontekstu. Nigde nije savr\u0161eno, svi se suo\u010davamo sa sli\u010dnim izazovima: radikalizacijom, polarizacijom, nedostatkom pa\u017enje i interesovanja, kako kod mladih tako i kod drugih dru\u0161tvenih grupa, kao i digitalnim prostorom koji sve vi\u0161e potiskuje fizi\u010dki, produbljuju\u0107i ose\u0107aj otu\u0111enja i usamljenosti. Klju\u010dno pitanje ostaje: <strong>kakva i kolika saradnja zaista postoji me\u0111u lokalnim akterima i koliko smo spremni da jedni druge prepoznamo kao saveznike?<\/strong><\/p>\n<p dir=\"auto\" style=\"text-align: justify;\" class=\" translation-block\"><strong>Razmi\u0161ljaju\u0107i o Subotici<\/strong> i \u0161irem dru\u0161tvenom kontekstu u Srbiji, jasno je da kultura nema sistemsku podr\u0161ku i da su kulturni radnici uglavnom prepu\u0161teni sopstvenim resursima, davno ispri\u010dana pri\u010da koja nikoga ne interesuje. Iako se govori o ulaganjima, ona se naj\u010de\u0161\u0107e svode na infrastrukturu, poput nedovr\u0161ene zgrade pozori\u0161ta, koja sama po sebi ne zna\u010di mnogo bez ljudi i programa koji joj daju \u017eivot. <strong>Kultura nisu zgrade, ve\u0107 odnosi me\u0111u ljudima, saradnja, poverenje i otvorenost za razli\u010ditost.<\/strong> Ono \u0161to izostaje jeste kontinuiran rad sa zajednicom, koji gradi dugoro\u010dan odnos i ose\u0107aj pripadnosti.<\/p>\n<p dir=\"auto\" style=\"text-align: justify;\" class=\" translation-block\"><strong>U vremenu podela, uloga kulture je da otvara prostor za dijalog.<\/strong> \u010cak i kada se \u010dini da kultura nije prioritet, ose\u0107am, zadatak kulturnih radnika je da prepoznaju potrebe zajednice i prevedu ih u kreativne prakse i zajedni\u010dke akcije.<\/p>\n<p dir=\"auto\" style=\"text-align: justify;\">Upravo zato ovakvi susreti potvr\u0111uju da, iako organizacije poput Klare i Rose dolaze iz manjih sredina, one aktivno u\u010destvuju u savremenim evropskim kulturnim praksama i razmenama. Ovakve saradnje ne samo da povezuju aktere, ve\u0107 i doprinose vidljivosti lokalnih sredina u \u0161irem kontekstu. Istovremeno, ostaje va\u017eno pitanje u kojoj meri lokalni donosioci odluka prepoznaju ovaj rad i otvaraju prostor za saradnju &#8211; i kada \u0107e se kona\u010dno odustati od neformalnih \u201elista\u201c podobnih i nepodobnih. Bilo bi zna\u010dajno da postoji ve\u0107a povezanost sa savremenim praksama u Evropi i spremnost da se iz njih u\u010di i na lokalnom nivou.<\/p>\n<p dir=\"auto\" style=\"text-align: justify;\">A onda i, \u017eelim naglasiti da, dru\u0161tvena promena nije zadatak pojedinca niti jednog sektora. Ona ne mo\u017ee do\u0107i samo od studenata, samo od IT zajednice ili samo od politi\u010dara. Potrebno je da iza\u0111emo iz okvira sopstvene va\u017enosti i fokus preusmerimo na zajedni\u010dki cilj, dru\u0161tvenu promenu u kojoj svi u\u010destvujemo.<\/p>\n<p dir=\"auto\" style=\"text-align: justify;\"><strong>Promena nastaje onda kada delujemo zajedno.<\/strong><\/p>\n<p dir=\"auto\" style=\"text-align: justify;\">Mo\u017eda nam je danas, vi\u0161e nego ikada, potrebno vi\u0161e igre, vi\u0161e istra\u017eivanja i vi\u0161e me\u0111usobne podr\u0161ke, manje straha jednih od drugih, a vi\u0161e zajedni\u010dkog stvaranja.<\/p>\n<div dir=\"auto\" style=\"text-align: justify;\">\n<p>LOKAL podr\u017eava kulturne organizacije u malim sredinama do 100 hiljada stanovnika u povezivanju sa razli\u010ditim akterima, od lokalnih biznisa do gra\u0111anskih inicijativa, i razvoju umetni\u010dkih projekata ukorenjenih u svakodnevnom \u017eivotu. Ovaj susret ozna\u010dava po\u010detak \u0161ire evropske razmene, u kojoj se iskustva dele kako bi se oja\u010dala povezanost i dru\u0161tvena kohezija. Program LOKAL zajedni\u010dki su pokrenuli Kulturstiftung des Bundes, Bundeszentrale f\u00fcr politische Bildung i European Cultural Foundation, u saradnji sa Narodowe Centrum Kultury i Kulturnim centrom \u0160vidnice.<\/p>\n<p dir=\"auto\"><img fetchpriority=\"high\" decoding=\"async\" class=\"alignleft size-medium wp-image-24761\" src=\"https:\/\/www.klarairosa.com\/wp-content\/uploads\/2026\/04\/IMG-f84df98701e56d5e0018e9902060de13-V-300x225.jpg\" alt=\"\" width=\"300\" height=\"225\" srcset=\"https:\/\/www.klarairosa.com\/wp-content\/uploads\/2026\/04\/IMG-f84df98701e56d5e0018e9902060de13-V-300x225.jpg 300w, https:\/\/www.klarairosa.com\/wp-content\/uploads\/2026\/04\/IMG-f84df98701e56d5e0018e9902060de13-V-1024x768.jpg 1024w, https:\/\/www.klarairosa.com\/wp-content\/uploads\/2026\/04\/IMG-f84df98701e56d5e0018e9902060de13-V-768x576.jpg 768w, https:\/\/www.klarairosa.com\/wp-content\/uploads\/2026\/04\/IMG-f84df98701e56d5e0018e9902060de13-V-1536x1152.jpg 1536w, https:\/\/www.klarairosa.com\/wp-content\/uploads\/2026\/04\/IMG-f84df98701e56d5e0018e9902060de13-V-16x12.jpg 16w, https:\/\/www.klarairosa.com\/wp-content\/uploads\/2026\/04\/IMG-f84df98701e56d5e0018e9902060de13-V-800x600.jpg 800w, https:\/\/www.klarairosa.com\/wp-content\/uploads\/2026\/04\/IMG-f84df98701e56d5e0018e9902060de13-V-700x525.jpg 700w, https:\/\/www.klarairosa.com\/wp-content\/uploads\/2026\/04\/IMG-f84df98701e56d5e0018e9902060de13-V.jpg 1800w\" sizes=\"(max-width: 300px) 100vw, 300px\" \/> <img decoding=\"async\" class=\"alignleft wp-image-24762\" src=\"https:\/\/www.klarairosa.com\/wp-content\/uploads\/2026\/04\/IMG-789eabd4c7c5b6c14c32fff52ac730d0-V-225x300.jpg\" alt=\"\" width=\"170\" height=\"227\" srcset=\"https:\/\/www.klarairosa.com\/wp-content\/uploads\/2026\/04\/IMG-789eabd4c7c5b6c14c32fff52ac730d0-V-225x300.jpg 225w, https:\/\/www.klarairosa.com\/wp-content\/uploads\/2026\/04\/IMG-789eabd4c7c5b6c14c32fff52ac730d0-V-768x1024.jpg 768w, https:\/\/www.klarairosa.com\/wp-content\/uploads\/2026\/04\/IMG-789eabd4c7c5b6c14c32fff52ac730d0-V-1152x1536.jpg 1152w, https:\/\/www.klarairosa.com\/wp-content\/uploads\/2026\/04\/IMG-789eabd4c7c5b6c14c32fff52ac730d0-V-9x12.jpg 9w, https:\/\/www.klarairosa.com\/wp-content\/uploads\/2026\/04\/IMG-789eabd4c7c5b6c14c32fff52ac730d0-V-600x800.jpg 600w, https:\/\/www.klarairosa.com\/wp-content\/uploads\/2026\/04\/IMG-789eabd4c7c5b6c14c32fff52ac730d0-V-700x933.jpg 700w, https:\/\/www.klarairosa.com\/wp-content\/uploads\/2026\/04\/IMG-789eabd4c7c5b6c14c32fff52ac730d0-V.jpg 1350w\" sizes=\"(max-width: 170px) 100vw, 170px\" \/> <img decoding=\"async\" class=\"wp-image-24763 alignnone\" src=\"https:\/\/www.klarairosa.com\/wp-content\/uploads\/2026\/04\/IMG-7d54f2fa9950ab7faab0e37b792d5483-V-300x225.jpg\" alt=\"\" width=\"304\" height=\"228\" srcset=\"https:\/\/www.klarairosa.com\/wp-content\/uploads\/2026\/04\/IMG-7d54f2fa9950ab7faab0e37b792d5483-V-300x225.jpg 300w, https:\/\/www.klarairosa.com\/wp-content\/uploads\/2026\/04\/IMG-7d54f2fa9950ab7faab0e37b792d5483-V-1024x768.jpg 1024w, https:\/\/www.klarairosa.com\/wp-content\/uploads\/2026\/04\/IMG-7d54f2fa9950ab7faab0e37b792d5483-V-768x576.jpg 768w, https:\/\/www.klarairosa.com\/wp-content\/uploads\/2026\/04\/IMG-7d54f2fa9950ab7faab0e37b792d5483-V-1536x1152.jpg 1536w, https:\/\/www.klarairosa.com\/wp-content\/uploads\/2026\/04\/IMG-7d54f2fa9950ab7faab0e37b792d5483-V-16x12.jpg 16w, https:\/\/www.klarairosa.com\/wp-content\/uploads\/2026\/04\/IMG-7d54f2fa9950ab7faab0e37b792d5483-V-800x600.jpg 800w, https:\/\/www.klarairosa.com\/wp-content\/uploads\/2026\/04\/IMG-7d54f2fa9950ab7faab0e37b792d5483-V-700x525.jpg 700w, https:\/\/www.klarairosa.com\/wp-content\/uploads\/2026\/04\/IMG-7d54f2fa9950ab7faab0e37b792d5483-V.jpg 1800w\" sizes=\"(max-width: 304px) 100vw, 304px\" \/><\/p>\n<p dir=\"auto\">A sz\u00f6veg szerz\u0151je: Gordana Vukov Ciganjik<\/p>\n<\/div>","protected":false},"excerpt":{"rendered":"<p>\u0160ta se doga\u0111a kada se razli\u010diti akteri u lokalnoj zajednici ujedine i prepoznaju kulturu kao&#8230;<\/p>","protected":false},"author":1,"featured_media":24386,"comment_status":"open","ping_status":"open","sticky":false,"template":"","format":"standard","meta":{"content-type":"","inline_featured_image":false,"footnotes":""},"categories":[846],"tags":[871,869,124,424,907],"class_list":["post-24756","post","type-post","status-publish","format-standard","has-post-thumbnail","hentry","category-blog","tag-drustvo","tag-kir-blog","tag-klara-i-rosa","tag-kultura","tag-lokal"],"yoast_head":"<!-- This site is optimized with the Yoast SEO plugin v27.5 - https:\/\/yoast.com\/product\/yoast-seo-wordpress\/ -->\n<title>O kulturi kao vezivnom tkivu zajednice | Klara i Rosa<\/title>\n<meta name=\"description\" content=\"Kako kultura povezuje zajednice: utisci sa susreta mre\u017ee LOKAL i promi\u0161ljanja o poverenju, pripadnosti i dru\u0161tvenim promenama.\" \/>\n<meta name=\"robots\" content=\"index, follow, max-snippet:-1, max-image-preview:large, max-video-preview:-1\" \/>\n<link rel=\"canonical\" href=\"https:\/\/www.klarairosa.com\/hu\/o-kulturi-kao-vezivnom-tkivu-zajednice\/\" \/>\n<meta property=\"og:locale\" content=\"hu_HU\" \/>\n<meta property=\"og:type\" content=\"article\" \/>\n<meta property=\"og:title\" content=\"O kulturi kao vezivnom tkivu zajednice | Klara i Rosa\" \/>\n<meta property=\"og:description\" content=\"Kako kultura povezuje zajednice: utisci sa susreta mre\u017ee LOKAL i promi\u0161ljanja o poverenju, pripadnosti i dru\u0161tvenim promenama.\" \/>\n<meta property=\"og:url\" content=\"https:\/\/www.klarairosa.com\/hu\/o-kulturi-kao-vezivnom-tkivu-zajednice\/\" \/>\n<meta property=\"og:site_name\" content=\"Klara i Rosa\" \/>\n<meta property=\"article:publisher\" content=\"https:\/\/www.facebook.com\/klarairosa\/\" \/>\n<meta property=\"article:published_time\" content=\"2026-04-24T08:48:33+00:00\" \/>\n<meta property=\"article:modified_time\" content=\"2026-04-24T09:17:56+00:00\" \/>\n<meta property=\"og:image\" content=\"https:\/\/www.klarairosa.com\/wp-content\/uploads\/2026\/02\/price-1.jpg\" \/>\n\t<meta property=\"og:image:width\" content=\"1352\" \/>\n\t<meta property=\"og:image:height\" content=\"1005\" \/>\n\t<meta property=\"og:image:type\" content=\"image\/jpeg\" \/>\n<meta name=\"author\" content=\"Klara i Rosa\" \/>\n<meta name=\"twitter:card\" content=\"summary_large_image\" \/>\n<meta name=\"twitter:label1\" content=\"Szerz\u0151:\" \/>\n\t<meta name=\"twitter:data1\" content=\"Klara i Rosa\" \/>\n\t<meta name=\"twitter:label2\" content=\"Becs\u00fclt olvas\u00e1si id\u0151\" \/>\n\t<meta name=\"twitter:data2\" content=\"5 perc\" \/>\n<script type=\"application\/ld+json\" class=\"yoast-schema-graph\">{\"@context\":\"https:\\\/\\\/schema.org\",\"@graph\":[{\"@type\":\"Article\",\"@id\":\"https:\\\/\\\/www.klarairosa.com\\\/o-kulturi-kao-vezivnom-tkivu-zajednice\\\/#article\",\"isPartOf\":{\"@id\":\"https:\\\/\\\/www.klarairosa.com\\\/o-kulturi-kao-vezivnom-tkivu-zajednice\\\/\"},\"author\":{\"name\":\"Klara i Rosa\",\"@id\":\"https:\\\/\\\/www.klarairosa.com\\\/en\\\/#\\\/schema\\\/person\\\/e4e7e9e5c8eeeddccf61e4532ae8e6ed\"},\"headline\":\"O kulturi kao vezivnom tkivu zajednice\",\"datePublished\":\"2026-04-24T08:48:33+00:00\",\"dateModified\":\"2026-04-24T09:17:56+00:00\",\"mainEntityOfPage\":{\"@id\":\"https:\\\/\\\/www.klarairosa.com\\\/o-kulturi-kao-vezivnom-tkivu-zajednice\\\/\"},\"wordCount\":1041,\"commentCount\":0,\"publisher\":{\"@id\":\"https:\\\/\\\/www.klarairosa.com\\\/en\\\/#organization\"},\"image\":{\"@id\":\"https:\\\/\\\/www.klarairosa.com\\\/o-kulturi-kao-vezivnom-tkivu-zajednice\\\/#primaryimage\"},\"thumbnailUrl\":\"https:\\\/\\\/www.klarairosa.com\\\/wp-content\\\/uploads\\\/2026\\\/02\\\/price-1.jpg\",\"keywords\":[\"Dru\u0161tvo\",\"KIR BLOG\",\"Klara i Rosa\",\"kultura\",\"LOKAL\"],\"articleSection\":[\"BLOG\"],\"inLanguage\":\"hu\",\"potentialAction\":[{\"@type\":\"CommentAction\",\"name\":\"Comment\",\"target\":[\"https:\\\/\\\/www.klarairosa.com\\\/o-kulturi-kao-vezivnom-tkivu-zajednice\\\/#respond\"]}]},{\"@type\":\"WebPage\",\"@id\":\"https:\\\/\\\/www.klarairosa.com\\\/o-kulturi-kao-vezivnom-tkivu-zajednice\\\/\",\"url\":\"https:\\\/\\\/www.klarairosa.com\\\/o-kulturi-kao-vezivnom-tkivu-zajednice\\\/\",\"name\":\"O kulturi kao vezivnom tkivu zajednice | Klara i Rosa\",\"isPartOf\":{\"@id\":\"https:\\\/\\\/www.klarairosa.com\\\/en\\\/#website\"},\"primaryImageOfPage\":{\"@id\":\"https:\\\/\\\/www.klarairosa.com\\\/o-kulturi-kao-vezivnom-tkivu-zajednice\\\/#primaryimage\"},\"image\":{\"@id\":\"https:\\\/\\\/www.klarairosa.com\\\/o-kulturi-kao-vezivnom-tkivu-zajednice\\\/#primaryimage\"},\"thumbnailUrl\":\"https:\\\/\\\/www.klarairosa.com\\\/wp-content\\\/uploads\\\/2026\\\/02\\\/price-1.jpg\",\"datePublished\":\"2026-04-24T08:48:33+00:00\",\"dateModified\":\"2026-04-24T09:17:56+00:00\",\"description\":\"Kako kultura povezuje zajednice: utisci sa susreta mre\u017ee LOKAL i promi\u0161ljanja o poverenju, pripadnosti i dru\u0161tvenim promenama.\",\"breadcrumb\":{\"@id\":\"https:\\\/\\\/www.klarairosa.com\\\/o-kulturi-kao-vezivnom-tkivu-zajednice\\\/#breadcrumb\"},\"inLanguage\":\"hu\",\"potentialAction\":[{\"@type\":\"ReadAction\",\"target\":[\"https:\\\/\\\/www.klarairosa.com\\\/o-kulturi-kao-vezivnom-tkivu-zajednice\\\/\"]}]},{\"@type\":\"ImageObject\",\"inLanguage\":\"hu\",\"@id\":\"https:\\\/\\\/www.klarairosa.com\\\/o-kulturi-kao-vezivnom-tkivu-zajednice\\\/#primaryimage\",\"url\":\"https:\\\/\\\/www.klarairosa.com\\\/wp-content\\\/uploads\\\/2026\\\/02\\\/price-1.jpg\",\"contentUrl\":\"https:\\\/\\\/www.klarairosa.com\\\/wp-content\\\/uploads\\\/2026\\\/02\\\/price-1.jpg\",\"width\":1352,\"height\":1005},{\"@type\":\"BreadcrumbList\",\"@id\":\"https:\\\/\\\/www.klarairosa.com\\\/o-kulturi-kao-vezivnom-tkivu-zajednice\\\/#breadcrumb\",\"itemListElement\":[{\"@type\":\"ListItem\",\"position\":1,\"name\":\"Home\",\"item\":\"https:\\\/\\\/www.klarairosa.com\\\/\"},{\"@type\":\"ListItem\",\"position\":2,\"name\":\"O kulturi kao vezivnom tkivu zajednice\"}]},{\"@type\":\"WebSite\",\"@id\":\"https:\\\/\\\/www.klarairosa.com\\\/en\\\/#website\",\"url\":\"https:\\\/\\\/www.klarairosa.com\\\/en\\\/\",\"name\":\"Klara i Rosa\",\"description\":\"Klara i Rosa\",\"publisher\":{\"@id\":\"https:\\\/\\\/www.klarairosa.com\\\/en\\\/#organization\"},\"potentialAction\":[{\"@type\":\"SearchAction\",\"target\":{\"@type\":\"EntryPoint\",\"urlTemplate\":\"https:\\\/\\\/www.klarairosa.com\\\/en\\\/?s={search_term_string}\"},\"query-input\":{\"@type\":\"PropertyValueSpecification\",\"valueRequired\":true,\"valueName\":\"search_term_string\"}}],\"inLanguage\":\"hu\"},{\"@type\":\"Organization\",\"@id\":\"https:\\\/\\\/www.klarairosa.com\\\/en\\\/#organization\",\"name\":\"Klara i Rosa\",\"url\":\"https:\\\/\\\/www.klarairosa.com\\\/en\\\/\",\"logo\":{\"@type\":\"ImageObject\",\"inLanguage\":\"hu\",\"@id\":\"https:\\\/\\\/www.klarairosa.com\\\/en\\\/#\\\/schema\\\/logo\\\/image\\\/\",\"url\":\"https:\\\/\\\/www.klarairosa.com\\\/wp-content\\\/uploads\\\/2022\\\/01\\\/logo.svg\",\"contentUrl\":\"https:\\\/\\\/www.klarairosa.com\\\/wp-content\\\/uploads\\\/2022\\\/01\\\/logo.svg\",\"width\":110,\"height\":139,\"caption\":\"Klara i Rosa\"},\"image\":{\"@id\":\"https:\\\/\\\/www.klarairosa.com\\\/en\\\/#\\\/schema\\\/logo\\\/image\\\/\"},\"sameAs\":[\"https:\\\/\\\/www.facebook.com\\\/klarairosa\\\/\",\"https:\\\/\\\/www.instagram.com\\\/ugklarairosa\\\/\"]},{\"@type\":\"Person\",\"@id\":\"https:\\\/\\\/www.klarairosa.com\\\/en\\\/#\\\/schema\\\/person\\\/e4e7e9e5c8eeeddccf61e4532ae8e6ed\",\"name\":\"Klara i Rosa\",\"image\":{\"@type\":\"ImageObject\",\"inLanguage\":\"hu\",\"@id\":\"https:\\\/\\\/secure.gravatar.com\\\/avatar\\\/c83ee539a067b9f57ae5d8999ae286c4f98b5c4bd943b8cbb64f6b0fc1f29e40?s=96&d=mm&r=g\",\"url\":\"https:\\\/\\\/secure.gravatar.com\\\/avatar\\\/c83ee539a067b9f57ae5d8999ae286c4f98b5c4bd943b8cbb64f6b0fc1f29e40?s=96&d=mm&r=g\",\"contentUrl\":\"https:\\\/\\\/secure.gravatar.com\\\/avatar\\\/c83ee539a067b9f57ae5d8999ae286c4f98b5c4bd943b8cbb64f6b0fc1f29e40?s=96&d=mm&r=g\",\"caption\":\"Klara i Rosa\"},\"sameAs\":[\"https:\\\/\\\/klarairosa.com\"],\"url\":\"https:\\\/\\\/www.klarairosa.com\\\/hu\\\/author\\\/rosaiklara\\\/\"}]}<\/script>\n<!-- \/ Yoast SEO plugin. -->","yoast_head_json":{"title":"O kulturi kao vezivnom tkivu zajednice | Klara i Rosa","description":"Kako kultura povezuje zajednice: utisci sa susreta mre\u017ee LOKAL i promi\u0161ljanja o poverenju, pripadnosti i dru\u0161tvenim promenama.","robots":{"index":"index","follow":"follow","max-snippet":"max-snippet:-1","max-image-preview":"max-image-preview:large","max-video-preview":"max-video-preview:-1"},"canonical":"https:\/\/www.klarairosa.com\/hu\/o-kulturi-kao-vezivnom-tkivu-zajednice\/","og_locale":"hu_HU","og_type":"article","og_title":"O kulturi kao vezivnom tkivu zajednice | Klara i Rosa","og_description":"Kako kultura povezuje zajednice: utisci sa susreta mre\u017ee LOKAL i promi\u0161ljanja o poverenju, pripadnosti i dru\u0161tvenim promenama.","og_url":"https:\/\/www.klarairosa.com\/hu\/o-kulturi-kao-vezivnom-tkivu-zajednice\/","og_site_name":"Klara i Rosa","article_publisher":"https:\/\/www.facebook.com\/klarairosa\/","article_published_time":"2026-04-24T08:48:33+00:00","article_modified_time":"2026-04-24T09:17:56+00:00","og_image":[{"width":1352,"height":1005,"url":"https:\/\/www.klarairosa.com\/wp-content\/uploads\/2026\/02\/price-1.jpg","type":"image\/jpeg"}],"author":"Klara i Rosa","twitter_card":"summary_large_image","twitter_misc":{"Szerz\u0151:":"Klara i Rosa","Becs\u00fclt olvas\u00e1si id\u0151":"5 perc"},"schema":{"@context":"https:\/\/schema.org","@graph":[{"@type":"Article","@id":"https:\/\/www.klarairosa.com\/o-kulturi-kao-vezivnom-tkivu-zajednice\/#article","isPartOf":{"@id":"https:\/\/www.klarairosa.com\/o-kulturi-kao-vezivnom-tkivu-zajednice\/"},"author":{"name":"Klara i Rosa","@id":"https:\/\/www.klarairosa.com\/en\/#\/schema\/person\/e4e7e9e5c8eeeddccf61e4532ae8e6ed"},"headline":"O kulturi kao vezivnom tkivu zajednice","datePublished":"2026-04-24T08:48:33+00:00","dateModified":"2026-04-24T09:17:56+00:00","mainEntityOfPage":{"@id":"https:\/\/www.klarairosa.com\/o-kulturi-kao-vezivnom-tkivu-zajednice\/"},"wordCount":1041,"commentCount":0,"publisher":{"@id":"https:\/\/www.klarairosa.com\/en\/#organization"},"image":{"@id":"https:\/\/www.klarairosa.com\/o-kulturi-kao-vezivnom-tkivu-zajednice\/#primaryimage"},"thumbnailUrl":"https:\/\/www.klarairosa.com\/wp-content\/uploads\/2026\/02\/price-1.jpg","keywords":["Dru\u0161tvo","KIR BLOG","Klara i Rosa","kultura","LOKAL"],"articleSection":["BLOG"],"inLanguage":"hu","potentialAction":[{"@type":"CommentAction","name":"Comment","target":["https:\/\/www.klarairosa.com\/o-kulturi-kao-vezivnom-tkivu-zajednice\/#respond"]}]},{"@type":"WebPage","@id":"https:\/\/www.klarairosa.com\/o-kulturi-kao-vezivnom-tkivu-zajednice\/","url":"https:\/\/www.klarairosa.com\/o-kulturi-kao-vezivnom-tkivu-zajednice\/","name":"O kulturi kao vezivnom tkivu zajednice | Klara i Rosa","isPartOf":{"@id":"https:\/\/www.klarairosa.com\/en\/#website"},"primaryImageOfPage":{"@id":"https:\/\/www.klarairosa.com\/o-kulturi-kao-vezivnom-tkivu-zajednice\/#primaryimage"},"image":{"@id":"https:\/\/www.klarairosa.com\/o-kulturi-kao-vezivnom-tkivu-zajednice\/#primaryimage"},"thumbnailUrl":"https:\/\/www.klarairosa.com\/wp-content\/uploads\/2026\/02\/price-1.jpg","datePublished":"2026-04-24T08:48:33+00:00","dateModified":"2026-04-24T09:17:56+00:00","description":"Kako kultura povezuje zajednice: utisci sa susreta mre\u017ee LOKAL i promi\u0161ljanja o poverenju, pripadnosti i dru\u0161tvenim promenama.","breadcrumb":{"@id":"https:\/\/www.klarairosa.com\/o-kulturi-kao-vezivnom-tkivu-zajednice\/#breadcrumb"},"inLanguage":"hu","potentialAction":[{"@type":"ReadAction","target":["https:\/\/www.klarairosa.com\/o-kulturi-kao-vezivnom-tkivu-zajednice\/"]}]},{"@type":"ImageObject","inLanguage":"hu","@id":"https:\/\/www.klarairosa.com\/o-kulturi-kao-vezivnom-tkivu-zajednice\/#primaryimage","url":"https:\/\/www.klarairosa.com\/wp-content\/uploads\/2026\/02\/price-1.jpg","contentUrl":"https:\/\/www.klarairosa.com\/wp-content\/uploads\/2026\/02\/price-1.jpg","width":1352,"height":1005},{"@type":"BreadcrumbList","@id":"https:\/\/www.klarairosa.com\/o-kulturi-kao-vezivnom-tkivu-zajednice\/#breadcrumb","itemListElement":[{"@type":"ListItem","position":1,"name":"Home","item":"https:\/\/www.klarairosa.com\/"},{"@type":"ListItem","position":2,"name":"O kulturi kao vezivnom tkivu zajednice"}]},{"@type":"WebSite","@id":"https:\/\/www.klarairosa.com\/en\/#website","url":"https:\/\/www.klarairosa.com\/en\/","name":"Kl\u00e1ra \u00e9s Rosa Egyes\u00fclet","description":"Kl\u00e1ra \u00e9s Rosa Egyes\u00fclet","publisher":{"@id":"https:\/\/www.klarairosa.com\/en\/#organization"},"potentialAction":[{"@type":"SearchAction","target":{"@type":"EntryPoint","urlTemplate":"https:\/\/www.klarairosa.com\/en\/?s={search_term_string}"},"query-input":{"@type":"PropertyValueSpecification","valueRequired":true,"valueName":"search_term_string"}}],"inLanguage":"hu"},{"@type":"Organization","@id":"https:\/\/www.klarairosa.com\/en\/#organization","name":"Kl\u00e1ra \u00e9s Rosa Egyes\u00fclet","url":"https:\/\/www.klarairosa.com\/en\/","logo":{"@type":"ImageObject","inLanguage":"hu","@id":"https:\/\/www.klarairosa.com\/en\/#\/schema\/logo\/image\/","url":"https:\/\/www.klarairosa.com\/wp-content\/uploads\/2022\/01\/logo.svg","contentUrl":"https:\/\/www.klarairosa.com\/wp-content\/uploads\/2022\/01\/logo.svg","width":110,"height":139,"caption":"Klara i Rosa"},"image":{"@id":"https:\/\/www.klarairosa.com\/en\/#\/schema\/logo\/image\/"},"sameAs":["https:\/\/www.facebook.com\/klarairosa\/","https:\/\/www.instagram.com\/ugklarairosa\/"]},{"@type":"Person","@id":"https:\/\/www.klarairosa.com\/en\/#\/schema\/person\/e4e7e9e5c8eeeddccf61e4532ae8e6ed","name":"Kl\u00e1ra \u00e9s Rosa Egyes\u00fclet","image":{"@type":"ImageObject","inLanguage":"hu","@id":"https:\/\/secure.gravatar.com\/avatar\/c83ee539a067b9f57ae5d8999ae286c4f98b5c4bd943b8cbb64f6b0fc1f29e40?s=96&d=mm&r=g","url":"https:\/\/secure.gravatar.com\/avatar\/c83ee539a067b9f57ae5d8999ae286c4f98b5c4bd943b8cbb64f6b0fc1f29e40?s=96&d=mm&r=g","contentUrl":"https:\/\/secure.gravatar.com\/avatar\/c83ee539a067b9f57ae5d8999ae286c4f98b5c4bd943b8cbb64f6b0fc1f29e40?s=96&d=mm&r=g","caption":"Klara i Rosa"},"sameAs":["https:\/\/klarairosa.com"],"url":"https:\/\/www.klarairosa.com\/hu\/author\/rosaiklara\/"}]}},"_links":{"self":[{"href":"https:\/\/www.klarairosa.com\/hu\/wp-json\/wp\/v2\/posts\/24756","targetHints":{"allow":["GET"]}}],"collection":[{"href":"https:\/\/www.klarairosa.com\/hu\/wp-json\/wp\/v2\/posts"}],"about":[{"href":"https:\/\/www.klarairosa.com\/hu\/wp-json\/wp\/v2\/types\/post"}],"author":[{"embeddable":true,"href":"https:\/\/www.klarairosa.com\/hu\/wp-json\/wp\/v2\/users\/1"}],"replies":[{"embeddable":true,"href":"https:\/\/www.klarairosa.com\/hu\/wp-json\/wp\/v2\/comments?post=24756"}],"version-history":[{"count":9,"href":"https:\/\/www.klarairosa.com\/hu\/wp-json\/wp\/v2\/posts\/24756\/revisions"}],"predecessor-version":[{"id":24768,"href":"https:\/\/www.klarairosa.com\/hu\/wp-json\/wp\/v2\/posts\/24756\/revisions\/24768"}],"wp:featuredmedia":[{"embeddable":true,"href":"https:\/\/www.klarairosa.com\/hu\/wp-json\/wp\/v2\/media\/24386"}],"wp:attachment":[{"href":"https:\/\/www.klarairosa.com\/hu\/wp-json\/wp\/v2\/media?parent=24756"}],"wp:term":[{"taxonomy":"category","embeddable":true,"href":"https:\/\/www.klarairosa.com\/hu\/wp-json\/wp\/v2\/categories?post=24756"},{"taxonomy":"post_tag","embeddable":true,"href":"https:\/\/www.klarairosa.com\/hu\/wp-json\/wp\/v2\/tags?post=24756"}],"curies":[{"name":"wp","href":"https:\/\/api.w.org\/{rel}","templated":true}]}}