{"id":24512,"date":"2026-03-07T19:19:17","date_gmt":"2026-03-07T19:19:17","guid":{"rendered":"https:\/\/www.klarairosa.com\/?p=24512"},"modified":"2026-03-15T19:50:41","modified_gmt":"2026-03-15T19:50:41","slug":"istorija-tetovaza-klara-i-rosa","status":"publish","type":"post","link":"https:\/\/www.klarairosa.com\/hu\/istorija-tetovaza-klara-i-rosa\/","title":{"rendered":"El\u0151ad\u00e1s a tetov\u00e1l\u00e1s t\u00f6rt\u00e9net\u00e9r\u0151l \u00e9s kult\u00far\u00e1j\u00e1r\u00f3l"},"content":{"rendered":"<p data-start=\"164\" data-end=\"214\">M\u00e1rcius 13-\u00e1n, p\u00e9nteken, 19 \u00f3rakor a Kl\u00e1ra \u00e9s Rosa h\u00e1zban (Pet\u0151fi S\u00e1ndor u. 15.), Vasilij Maslov el\u0151ad\u00e1st tart, melynek t\u00e9m\u00e1ja a tetov\u00e1l\u00e1s t\u00f6rt\u00e9nete \u00e9s kult\u00far\u00e1ja.<\/p>\n<p data-start=\"164\" data-end=\"214\" class=\" translation-block\">A tetov\u00e1l\u00e1sok nemcsak rajzok a testen \u2013 hanem t\u00f6rt\u00e9netet mes\u00e9lnek, hagyom\u00e1nyt \u0151riznek \u00e9s t\u00fckr\u00f6zik a korok kult\u00far\u00e1j\u00e1t.<br data-start=\"321\" data-end=\"324\">Megh\u00edvunk benneteket egy <strong data-start=\"340\" data-end=\"365\">izgalmas el\u0151ad\u00e1sra<\/strong>, ahol azt kutatjuk:<\/p>\n<p data-start=\"390\" data-end=\"471\" class=\" translation-block\">-hogyan fejl\u0151dtek a tetov\u00e1l\u00e1sok az <strong data-start=\"423\" data-end=\"442\">\u0151si szok\u00e1sokt\u00f3l<\/strong> a <strong data-start=\"446\" data-end=\"469\">kort\u00e1rs m\u0171v\u00e9szetig<\/strong><\/p>\n<p data-start=\"474\" data-end=\"533\" class=\" translation-block\">-a tetov\u00e1l\u00e1s k\u00fcl\u00f6nb\u00f6z\u0151 <strong data-start=\"484\" data-end=\"517\">st\u00edlusait \u00e9s technik\u00e1it<\/strong> a t\u00f6rt\u00e9nelem sor\u00e1n<\/p>\n<p data-start=\"536\" data-end=\"587\">-a tetov\u00e1l\u00e1s kultur\u00e1lis \u00e9s szimbolikus jelent\u0151s\u00e9g\u00e9t az eg\u00e9sz vil\u00e1gon<\/p>\n<p data-start=\"706\" data-end=\"820\" class=\" translation-block\">\ud83c\udff7\ufe0f <strong data-start=\"779\" data-end=\"796\">A bel\u00e9p\u00e9s ingyenes<\/strong> (sz\u00edvesen vesz\u00fcnk adom\u00e1nyokat)<\/p>\n<p data-start=\"822\" data-end=\"912\">Csatlakozzatok hozz\u00e1nk \u00e9s fedezz\u00e9tek fel, hogyan k\u00f6tik \u00f6ssze a tetov\u00e1l\u00e1sok a m\u0171v\u00e9szetet, t\u00f6rt\u00e9nelmet \u00e9s szem\u00e9lyes tapasztalatot.<\/p>\n<div>\n<p>&nbsp;<\/p>\n<\/div>\n<div class=\"yj6qo\">SZERVEZET\u00dcNK T\u00c1MOGAT\u00c1ST KAPOTT SV\u00c1JC KORM\u00c1NY\u00c1T\u00d3L AZ \u201eEGY\u00dcTT AZ AKT\u00cdV V\u00c1ROSI K\u00d6Z\u00d6SS\u00c9G\u00c9RT \u2013 ACT\u201d PROJEKTEN KERESZT\u00dcL, MELYET A HELVETAS SZERBIA \u00c9S V\u00c1ROSI KEZDEM\u00c9NYEZ\u00c9SEK HAJTANAK V\u00c9GRE.<\/div>\n<div><img decoding=\"async\" class=\"alignleft  wp-image-22741\" src=\"https:\/\/www.klarairosa.com\/wp-content\/uploads\/2025\/03\/act-300x150.png\" alt=\"\" width=\"146\" height=\"73\" srcset=\"https:\/\/www.klarairosa.com\/wp-content\/uploads\/2025\/03\/act-300x150.png 300w, https:\/\/www.klarairosa.com\/wp-content\/uploads\/2025\/03\/act-1024x512.png 1024w, https:\/\/www.klarairosa.com\/wp-content\/uploads\/2025\/03\/act-768x384.png 768w, https:\/\/www.klarairosa.com\/wp-content\/uploads\/2025\/03\/act-18x9.png 18w, https:\/\/www.klarairosa.com\/wp-content\/uploads\/2025\/03\/act-1000x500.png 1000w, https:\/\/www.klarairosa.com\/wp-content\/uploads\/2025\/03\/act-700x350.png 700w, https:\/\/www.klarairosa.com\/wp-content\/uploads\/2025\/03\/act.png 1080w\" sizes=\"(max-width: 146px) 100vw, 146px\" \/><\/div>\n<p style=\"text-align: justify;\" data-start=\"118\" data-end=\"360\">","protected":false},"excerpt":{"rendered":"<p>U petak, 13. marta u 19 \u010dasova u prostoru Klare i Rose (\u0160andora Petefija 15),&#8230;<\/p>","protected":false},"author":1,"featured_media":24514,"comment_status":"closed","ping_status":"closed","sticky":false,"template":"","format":"standard","meta":{"content-type":"","inline_featured_image":false,"footnotes":""},"categories":[109],"tags":[866,864,124,191,152,865],"class_list":["post-24512","post","type-post","status-publish","format-standard","has-post-thumbnail","hentry","category-aktuelno","tag-butttercut","tag-istorija-i-kultura-tetovaza","tag-klara-i-rosa","tag-predavanje","tag-subotica","tag-vasilii-maslov"],"yoast_head":"<!-- This site is optimized with the Yoast SEO plugin v27.5 - https:\/\/yoast.com\/product\/yoast-seo-wordpress\/ -->\n<title>Predavanje o istoriji i kulturi tetova\u017ea - Klara i Rosa<\/title>\n<meta name=\"description\" content=\"Predavanje u Klari i Rosi o istoriji, stilovima i kulturnom zna\u010daju tetova\u017ea. Saznajte pri\u010de i simbole iza tetova\u017ea uz Vasilii Maslova.\" \/>\n<meta name=\"robots\" content=\"index, follow, max-snippet:-1, max-image-preview:large, max-video-preview:-1\" \/>\n<link rel=\"canonical\" href=\"https:\/\/www.klarairosa.com\/hu\/istorija-tetovaza-klara-i-rosa\/\" \/>\n<meta property=\"og:locale\" content=\"hu_HU\" \/>\n<meta property=\"og:type\" content=\"article\" \/>\n<meta property=\"og:title\" content=\"Predavanje o istoriji i kulturi tetova\u017ea - Klara i Rosa\" \/>\n<meta property=\"og:description\" content=\"Predavanje u Klari i Rosi o istoriji, stilovima i kulturnom zna\u010daju tetova\u017ea. Saznajte pri\u010de i simbole iza tetova\u017ea uz Vasilii Maslova.\" \/>\n<meta property=\"og:url\" content=\"https:\/\/www.klarairosa.com\/hu\/istorija-tetovaza-klara-i-rosa\/\" \/>\n<meta property=\"og:site_name\" content=\"Klara i Rosa\" \/>\n<meta property=\"article:publisher\" content=\"https:\/\/www.facebook.com\/klarairosa\/\" \/>\n<meta property=\"article:published_time\" content=\"2026-03-07T19:19:17+00:00\" \/>\n<meta property=\"article:modified_time\" content=\"2026-03-15T19:50:41+00:00\" \/>\n<meta property=\"og:image\" content=\"https:\/\/www.klarairosa.com\/wp-content\/uploads\/2026\/03\/Untitled-design.jpg\" \/>\n\t<meta property=\"og:image:width\" content=\"1166\" \/>\n\t<meta property=\"og:image:height\" content=\"874\" \/>\n\t<meta property=\"og:image:type\" content=\"image\/jpeg\" \/>\n<meta name=\"author\" content=\"Klara i Rosa\" \/>\n<meta name=\"twitter:card\" content=\"summary_large_image\" \/>\n<meta name=\"twitter:label1\" content=\"Szerz\u0151:\" \/>\n\t<meta name=\"twitter:data1\" content=\"Klara i Rosa\" \/>\n\t<meta name=\"twitter:label2\" content=\"Becs\u00fclt olvas\u00e1si id\u0151\" \/>\n\t<meta name=\"twitter:data2\" content=\"1 perc\" \/>\n<script type=\"application\/ld+json\" class=\"yoast-schema-graph\">{\"@context\":\"https:\\\/\\\/schema.org\",\"@graph\":[{\"@type\":\"Article\",\"@id\":\"https:\\\/\\\/www.klarairosa.com\\\/istorija-tetovaza-klara-i-rosa\\\/#article\",\"isPartOf\":{\"@id\":\"https:\\\/\\\/www.klarairosa.com\\\/istorija-tetovaza-klara-i-rosa\\\/\"},\"author\":{\"name\":\"Klara i Rosa\",\"@id\":\"https:\\\/\\\/www.klarairosa.com\\\/en\\\/#\\\/schema\\\/person\\\/e4e7e9e5c8eeeddccf61e4532ae8e6ed\"},\"headline\":\"Predavanje o istoriji i kulturi tetova\u017ea\",\"datePublished\":\"2026-03-07T19:19:17+00:00\",\"dateModified\":\"2026-03-15T19:50:41+00:00\",\"mainEntityOfPage\":{\"@id\":\"https:\\\/\\\/www.klarairosa.com\\\/istorija-tetovaza-klara-i-rosa\\\/\"},\"wordCount\":126,\"publisher\":{\"@id\":\"https:\\\/\\\/www.klarairosa.com\\\/en\\\/#organization\"},\"image\":{\"@id\":\"https:\\\/\\\/www.klarairosa.com\\\/istorija-tetovaza-klara-i-rosa\\\/#primaryimage\"},\"thumbnailUrl\":\"https:\\\/\\\/www.klarairosa.com\\\/wp-content\\\/uploads\\\/2026\\\/03\\\/Untitled-design.jpg\",\"keywords\":[\"butttercut\",\"istorija i kultura tetova\u017ea\",\"Klara i Rosa\",\"predavanje\",\"subotica\",\"vasilii maslov\"],\"articleSection\":[\"Aktuelno\"],\"inLanguage\":\"hu\"},{\"@type\":\"WebPage\",\"@id\":\"https:\\\/\\\/www.klarairosa.com\\\/istorija-tetovaza-klara-i-rosa\\\/\",\"url\":\"https:\\\/\\\/www.klarairosa.com\\\/istorija-tetovaza-klara-i-rosa\\\/\",\"name\":\"Predavanje o istoriji i kulturi tetova\u017ea - Klara i Rosa\",\"isPartOf\":{\"@id\":\"https:\\\/\\\/www.klarairosa.com\\\/en\\\/#website\"},\"primaryImageOfPage\":{\"@id\":\"https:\\\/\\\/www.klarairosa.com\\\/istorija-tetovaza-klara-i-rosa\\\/#primaryimage\"},\"image\":{\"@id\":\"https:\\\/\\\/www.klarairosa.com\\\/istorija-tetovaza-klara-i-rosa\\\/#primaryimage\"},\"thumbnailUrl\":\"https:\\\/\\\/www.klarairosa.com\\\/wp-content\\\/uploads\\\/2026\\\/03\\\/Untitled-design.jpg\",\"datePublished\":\"2026-03-07T19:19:17+00:00\",\"dateModified\":\"2026-03-15T19:50:41+00:00\",\"description\":\"Predavanje u Klari i Rosi o istoriji, stilovima i kulturnom zna\u010daju tetova\u017ea. Saznajte pri\u010de i simbole iza tetova\u017ea uz Vasilii Maslova.\",\"breadcrumb\":{\"@id\":\"https:\\\/\\\/www.klarairosa.com\\\/istorija-tetovaza-klara-i-rosa\\\/#breadcrumb\"},\"inLanguage\":\"hu\",\"potentialAction\":[{\"@type\":\"ReadAction\",\"target\":[\"https:\\\/\\\/www.klarairosa.com\\\/istorija-tetovaza-klara-i-rosa\\\/\"]}]},{\"@type\":\"ImageObject\",\"inLanguage\":\"hu\",\"@id\":\"https:\\\/\\\/www.klarairosa.com\\\/istorija-tetovaza-klara-i-rosa\\\/#primaryimage\",\"url\":\"https:\\\/\\\/www.klarairosa.com\\\/wp-content\\\/uploads\\\/2026\\\/03\\\/Untitled-design.jpg\",\"contentUrl\":\"https:\\\/\\\/www.klarairosa.com\\\/wp-content\\\/uploads\\\/2026\\\/03\\\/Untitled-design.jpg\",\"width\":1166,\"height\":874},{\"@type\":\"BreadcrumbList\",\"@id\":\"https:\\\/\\\/www.klarairosa.com\\\/istorija-tetovaza-klara-i-rosa\\\/#breadcrumb\",\"itemListElement\":[{\"@type\":\"ListItem\",\"position\":1,\"name\":\"Home\",\"item\":\"https:\\\/\\\/www.klarairosa.com\\\/\"},{\"@type\":\"ListItem\",\"position\":2,\"name\":\"Predavanje o istoriji i kulturi tetova\u017ea\"}]},{\"@type\":\"WebSite\",\"@id\":\"https:\\\/\\\/www.klarairosa.com\\\/en\\\/#website\",\"url\":\"https:\\\/\\\/www.klarairosa.com\\\/en\\\/\",\"name\":\"Klara i Rosa\",\"description\":\"Klara i Rosa\",\"publisher\":{\"@id\":\"https:\\\/\\\/www.klarairosa.com\\\/en\\\/#organization\"},\"potentialAction\":[{\"@type\":\"SearchAction\",\"target\":{\"@type\":\"EntryPoint\",\"urlTemplate\":\"https:\\\/\\\/www.klarairosa.com\\\/en\\\/?s={search_term_string}\"},\"query-input\":{\"@type\":\"PropertyValueSpecification\",\"valueRequired\":true,\"valueName\":\"search_term_string\"}}],\"inLanguage\":\"hu\"},{\"@type\":\"Organization\",\"@id\":\"https:\\\/\\\/www.klarairosa.com\\\/en\\\/#organization\",\"name\":\"Klara i Rosa\",\"url\":\"https:\\\/\\\/www.klarairosa.com\\\/en\\\/\",\"logo\":{\"@type\":\"ImageObject\",\"inLanguage\":\"hu\",\"@id\":\"https:\\\/\\\/www.klarairosa.com\\\/en\\\/#\\\/schema\\\/logo\\\/image\\\/\",\"url\":\"https:\\\/\\\/www.klarairosa.com\\\/wp-content\\\/uploads\\\/2022\\\/01\\\/logo.svg\",\"contentUrl\":\"https:\\\/\\\/www.klarairosa.com\\\/wp-content\\\/uploads\\\/2022\\\/01\\\/logo.svg\",\"width\":110,\"height\":139,\"caption\":\"Klara i Rosa\"},\"image\":{\"@id\":\"https:\\\/\\\/www.klarairosa.com\\\/en\\\/#\\\/schema\\\/logo\\\/image\\\/\"},\"sameAs\":[\"https:\\\/\\\/www.facebook.com\\\/klarairosa\\\/\",\"https:\\\/\\\/www.instagram.com\\\/ugklarairosa\\\/\"]},{\"@type\":\"Person\",\"@id\":\"https:\\\/\\\/www.klarairosa.com\\\/en\\\/#\\\/schema\\\/person\\\/e4e7e9e5c8eeeddccf61e4532ae8e6ed\",\"name\":\"Klara i Rosa\",\"image\":{\"@type\":\"ImageObject\",\"inLanguage\":\"hu\",\"@id\":\"https:\\\/\\\/secure.gravatar.com\\\/avatar\\\/c83ee539a067b9f57ae5d8999ae286c4f98b5c4bd943b8cbb64f6b0fc1f29e40?s=96&d=mm&r=g\",\"url\":\"https:\\\/\\\/secure.gravatar.com\\\/avatar\\\/c83ee539a067b9f57ae5d8999ae286c4f98b5c4bd943b8cbb64f6b0fc1f29e40?s=96&d=mm&r=g\",\"contentUrl\":\"https:\\\/\\\/secure.gravatar.com\\\/avatar\\\/c83ee539a067b9f57ae5d8999ae286c4f98b5c4bd943b8cbb64f6b0fc1f29e40?s=96&d=mm&r=g\",\"caption\":\"Klara i Rosa\"},\"sameAs\":[\"https:\\\/\\\/klarairosa.com\"],\"url\":\"https:\\\/\\\/www.klarairosa.com\\\/hu\\\/author\\\/rosaiklara\\\/\"}]}<\/script>\n<!-- \/ Yoast SEO plugin. -->","yoast_head_json":{"title":"Predavanje o istoriji i kulturi tetova\u017ea - Klara i Rosa","description":"Predavanje u Klari i Rosi o istoriji, stilovima i kulturnom zna\u010daju tetova\u017ea. Saznajte pri\u010de i simbole iza tetova\u017ea uz Vasilii Maslova.","robots":{"index":"index","follow":"follow","max-snippet":"max-snippet:-1","max-image-preview":"max-image-preview:large","max-video-preview":"max-video-preview:-1"},"canonical":"https:\/\/www.klarairosa.com\/hu\/istorija-tetovaza-klara-i-rosa\/","og_locale":"hu_HU","og_type":"article","og_title":"Predavanje o istoriji i kulturi tetova\u017ea - Klara i Rosa","og_description":"Predavanje u Klari i Rosi o istoriji, stilovima i kulturnom zna\u010daju tetova\u017ea. Saznajte pri\u010de i simbole iza tetova\u017ea uz Vasilii Maslova.","og_url":"https:\/\/www.klarairosa.com\/hu\/istorija-tetovaza-klara-i-rosa\/","og_site_name":"Klara i Rosa","article_publisher":"https:\/\/www.facebook.com\/klarairosa\/","article_published_time":"2026-03-07T19:19:17+00:00","article_modified_time":"2026-03-15T19:50:41+00:00","og_image":[{"width":1166,"height":874,"url":"https:\/\/www.klarairosa.com\/wp-content\/uploads\/2026\/03\/Untitled-design.jpg","type":"image\/jpeg"}],"author":"Klara i Rosa","twitter_card":"summary_large_image","twitter_misc":{"Szerz\u0151:":"Klara i Rosa","Becs\u00fclt olvas\u00e1si id\u0151":"1 perc"},"schema":{"@context":"https:\/\/schema.org","@graph":[{"@type":"Article","@id":"https:\/\/www.klarairosa.com\/istorija-tetovaza-klara-i-rosa\/#article","isPartOf":{"@id":"https:\/\/www.klarairosa.com\/istorija-tetovaza-klara-i-rosa\/"},"author":{"name":"Klara i Rosa","@id":"https:\/\/www.klarairosa.com\/en\/#\/schema\/person\/e4e7e9e5c8eeeddccf61e4532ae8e6ed"},"headline":"Predavanje o istoriji i kulturi tetova\u017ea","datePublished":"2026-03-07T19:19:17+00:00","dateModified":"2026-03-15T19:50:41+00:00","mainEntityOfPage":{"@id":"https:\/\/www.klarairosa.com\/istorija-tetovaza-klara-i-rosa\/"},"wordCount":126,"publisher":{"@id":"https:\/\/www.klarairosa.com\/en\/#organization"},"image":{"@id":"https:\/\/www.klarairosa.com\/istorija-tetovaza-klara-i-rosa\/#primaryimage"},"thumbnailUrl":"https:\/\/www.klarairosa.com\/wp-content\/uploads\/2026\/03\/Untitled-design.jpg","keywords":["butttercut","istorija i kultura tetova\u017ea","Klara i Rosa","predavanje","subotica","vasilii maslov"],"articleSection":["Aktuelno"],"inLanguage":"hu"},{"@type":"WebPage","@id":"https:\/\/www.klarairosa.com\/istorija-tetovaza-klara-i-rosa\/","url":"https:\/\/www.klarairosa.com\/istorija-tetovaza-klara-i-rosa\/","name":"Predavanje o istoriji i kulturi tetova\u017ea - Klara i Rosa","isPartOf":{"@id":"https:\/\/www.klarairosa.com\/en\/#website"},"primaryImageOfPage":{"@id":"https:\/\/www.klarairosa.com\/istorija-tetovaza-klara-i-rosa\/#primaryimage"},"image":{"@id":"https:\/\/www.klarairosa.com\/istorija-tetovaza-klara-i-rosa\/#primaryimage"},"thumbnailUrl":"https:\/\/www.klarairosa.com\/wp-content\/uploads\/2026\/03\/Untitled-design.jpg","datePublished":"2026-03-07T19:19:17+00:00","dateModified":"2026-03-15T19:50:41+00:00","description":"Predavanje u Klari i Rosi o istoriji, stilovima i kulturnom zna\u010daju tetova\u017ea. Saznajte pri\u010de i simbole iza tetova\u017ea uz Vasilii Maslova.","breadcrumb":{"@id":"https:\/\/www.klarairosa.com\/istorija-tetovaza-klara-i-rosa\/#breadcrumb"},"inLanguage":"hu","potentialAction":[{"@type":"ReadAction","target":["https:\/\/www.klarairosa.com\/istorija-tetovaza-klara-i-rosa\/"]}]},{"@type":"ImageObject","inLanguage":"hu","@id":"https:\/\/www.klarairosa.com\/istorija-tetovaza-klara-i-rosa\/#primaryimage","url":"https:\/\/www.klarairosa.com\/wp-content\/uploads\/2026\/03\/Untitled-design.jpg","contentUrl":"https:\/\/www.klarairosa.com\/wp-content\/uploads\/2026\/03\/Untitled-design.jpg","width":1166,"height":874},{"@type":"BreadcrumbList","@id":"https:\/\/www.klarairosa.com\/istorija-tetovaza-klara-i-rosa\/#breadcrumb","itemListElement":[{"@type":"ListItem","position":1,"name":"Home","item":"https:\/\/www.klarairosa.com\/"},{"@type":"ListItem","position":2,"name":"Predavanje o istoriji i kulturi tetova\u017ea"}]},{"@type":"WebSite","@id":"https:\/\/www.klarairosa.com\/en\/#website","url":"https:\/\/www.klarairosa.com\/en\/","name":"Kl\u00e1ra \u00e9s Rosa Egyes\u00fclet","description":"Kl\u00e1ra \u00e9s Rosa Egyes\u00fclet","publisher":{"@id":"https:\/\/www.klarairosa.com\/en\/#organization"},"potentialAction":[{"@type":"SearchAction","target":{"@type":"EntryPoint","urlTemplate":"https:\/\/www.klarairosa.com\/en\/?s={search_term_string}"},"query-input":{"@type":"PropertyValueSpecification","valueRequired":true,"valueName":"search_term_string"}}],"inLanguage":"hu"},{"@type":"Organization","@id":"https:\/\/www.klarairosa.com\/en\/#organization","name":"Kl\u00e1ra \u00e9s Rosa Egyes\u00fclet","url":"https:\/\/www.klarairosa.com\/en\/","logo":{"@type":"ImageObject","inLanguage":"hu","@id":"https:\/\/www.klarairosa.com\/en\/#\/schema\/logo\/image\/","url":"https:\/\/www.klarairosa.com\/wp-content\/uploads\/2022\/01\/logo.svg","contentUrl":"https:\/\/www.klarairosa.com\/wp-content\/uploads\/2022\/01\/logo.svg","width":110,"height":139,"caption":"Klara i Rosa"},"image":{"@id":"https:\/\/www.klarairosa.com\/en\/#\/schema\/logo\/image\/"},"sameAs":["https:\/\/www.facebook.com\/klarairosa\/","https:\/\/www.instagram.com\/ugklarairosa\/"]},{"@type":"Person","@id":"https:\/\/www.klarairosa.com\/en\/#\/schema\/person\/e4e7e9e5c8eeeddccf61e4532ae8e6ed","name":"Kl\u00e1ra \u00e9s Rosa Egyes\u00fclet","image":{"@type":"ImageObject","inLanguage":"hu","@id":"https:\/\/secure.gravatar.com\/avatar\/c83ee539a067b9f57ae5d8999ae286c4f98b5c4bd943b8cbb64f6b0fc1f29e40?s=96&d=mm&r=g","url":"https:\/\/secure.gravatar.com\/avatar\/c83ee539a067b9f57ae5d8999ae286c4f98b5c4bd943b8cbb64f6b0fc1f29e40?s=96&d=mm&r=g","contentUrl":"https:\/\/secure.gravatar.com\/avatar\/c83ee539a067b9f57ae5d8999ae286c4f98b5c4bd943b8cbb64f6b0fc1f29e40?s=96&d=mm&r=g","caption":"Klara i Rosa"},"sameAs":["https:\/\/klarairosa.com"],"url":"https:\/\/www.klarairosa.com\/hu\/author\/rosaiklara\/"}]}},"_links":{"self":[{"href":"https:\/\/www.klarairosa.com\/hu\/wp-json\/wp\/v2\/posts\/24512","targetHints":{"allow":["GET"]}}],"collection":[{"href":"https:\/\/www.klarairosa.com\/hu\/wp-json\/wp\/v2\/posts"}],"about":[{"href":"https:\/\/www.klarairosa.com\/hu\/wp-json\/wp\/v2\/types\/post"}],"author":[{"embeddable":true,"href":"https:\/\/www.klarairosa.com\/hu\/wp-json\/wp\/v2\/users\/1"}],"replies":[{"embeddable":true,"href":"https:\/\/www.klarairosa.com\/hu\/wp-json\/wp\/v2\/comments?post=24512"}],"version-history":[{"count":2,"href":"https:\/\/www.klarairosa.com\/hu\/wp-json\/wp\/v2\/posts\/24512\/revisions"}],"predecessor-version":[{"id":24515,"href":"https:\/\/www.klarairosa.com\/hu\/wp-json\/wp\/v2\/posts\/24512\/revisions\/24515"}],"wp:featuredmedia":[{"embeddable":true,"href":"https:\/\/www.klarairosa.com\/hu\/wp-json\/wp\/v2\/media\/24514"}],"wp:attachment":[{"href":"https:\/\/www.klarairosa.com\/hu\/wp-json\/wp\/v2\/media?parent=24512"}],"wp:term":[{"taxonomy":"category","embeddable":true,"href":"https:\/\/www.klarairosa.com\/hu\/wp-json\/wp\/v2\/categories?post=24512"},{"taxonomy":"post_tag","embeddable":true,"href":"https:\/\/www.klarairosa.com\/hu\/wp-json\/wp\/v2\/tags?post=24512"}],"curies":[{"name":"wp","href":"https:\/\/api.w.org\/{rel}","templated":true}]}}