{"id":24498,"date":"2026-03-05T12:19:04","date_gmt":"2026-03-05T12:19:04","guid":{"rendered":"https:\/\/www.klarairosa.com\/?p=24498"},"modified":"2026-03-05T12:34:51","modified_gmt":"2026-03-05T12:34:51","slug":"dvorisna-galerija-open-call-2026-rezultati","status":"publish","type":"post","link":"https:\/\/www.klarairosa.com\/hu\/dvorisna-galerija-open-call-2026-rezultati\/","title":{"rendered":"udvari gal\u00e9ria \u2013 OPEN CALL 2026 - eredm\u00e9nye"},"content":{"rendered":"<p style=\"text-align: justify;\">2026. m\u00e1rcius 2-\u00e1n a zs\u0171ri, amely a k\u00f6vetkez\u0151 tagokb\u00f3l \u00e1llt: Jelena Gruji\u010di\u0107 k\u00e9pz\u0151m\u0171v\u00e9sz,\nNela Tonkovi\u0107 kur\u00e1tor - m\u0171v\u00e9szett\u00f6rt\u00e9n\u00e9sz \u00e9s Gyurkovics R\u00e9ka, az Udvari Gal\u00e9ria munk\u00e1j\u00e1nak koordin\u00e1tora, d\u00f6nt\u00f6tt az id\u00e9n az Udvari Gal\u00e9ria ter\u00e9ben megval\u00f3sul\u00f3 projektekr\u0151l\/ ki\u00e1ll\u00edt\u00e1sokr\u00f3l. A 2025. december 5-t\u0151l 2026. febru\u00e1r 5-ig tart\u00f3 nyilv\u00e1nos felh\u00edv\u00e1sra (DVORI\u0160NA GALERIJA \/ UDVARI GAL\u00c9RIA \/ COURTYARD GALLERY - Open Call, SUBOTICA, 2026.) huszonn\u00e9gy olyan alkot\u00f3 \u00e9s m\u0171v\u00e9szeti kollekt\u00edva jelentkezett,\nakiknek munk\u00e1ss\u00e1ga a hazai \u00e9s region\u00e1lis m\u0171v\u00e9szeti szc\u00e9n\u00e1hoz kapcsol\u00f3dik.<\/p>\n<p style=\"text-align: justify;\">.<\/p>\n<p style=\"text-align: justify;\">A javaslat aktualit\u00e1sa, a technikai megval\u00f3s\u00edthat\u00f3s\u00e1g \u00e9s a k\u00f6z\u00f6ns\u00e9ggel val\u00f3 kommunik\u00e1ci\u00f3 vez\u00e9relv\u00e9t szem el\u0151tt tartva, valamint azt, hogy az idei p\u00e1ly\u00e1zat tematikusan a t\u00e1rsadalomr\u00f3l val\u00f3 gondoskod\u00e1s fejleszt\u00e9s\u00e9hez, a befogad\u00f3 k\u00f6z\u00f6ss\u00e9gek l\u00e9trehoz\u00e1s\u00e1hoz, a kritikai gondolkod\u00e1s fejleszt\u00e9s\u00e9hez \u00e9s az emberi k\u00f6rnyezetr\u0151l val\u00f3 gondoskod\u00e1shoz val\u00f3 hozz\u00e1j\u00e1rul\u00e1sra \u00f6sszpontos\u00edtott, a zs\u0171ri \u00f6sszesen hat projektet v\u00e1lasztott ki bemutat\u00e1sra:<br \/>\nodabrao ukupno \u0161est projekata:<\/p>\n<p style=\"text-align: justify;\">.<br \/>\n1. Gastarbajter archive presents: D\u00e9s M\u00e1rton, Drukker, Ladik Katalin, Milinszki<br \/>\nBogl\u00e1rka, S\u00e1rk\u00e1ny Tam\u00e1s<br \/>\n2. Lenke Lamm - Budapest<br \/>\n3. Aleksandrija Ajdukovi\u0107 i Ksenija Kova\u010devi\u0107 \u2013 Belgr\u00e1d\/Szabadka<br \/>\n4. Sara Nikoli\u0107 - Belgr\u00e1d<br \/>\n5. Adina Ochea - Cergy, Franciaorsz\u00e1g \u00e9s Nagyv\u00e1rad, Rom\u00e1nia<br \/>\n6. Ivana Popov &#8211; Sanad<\/p>","protected":false},"excerpt":{"rendered":"<p>Dana 2. marta 2026. godine, \u017eiri u sastavu: Jelena Gruji\u010di\u0107, vizuelna umetnica, Nela Tonkovi\u0107, kustoskinja&#8230;<\/p>","protected":false},"author":1,"featured_media":24501,"comment_status":"closed","ping_status":"closed","sticky":false,"template":"","format":"standard","meta":{"content-type":"","inline_featured_image":false,"footnotes":""},"categories":[109],"tags":[811,18,547,122,548,124,551,205,863,152],"class_list":["post-24498","post","type-post","status-publish","format-standard","has-post-thumbnail","hentry","category-aktuelno","tag-811","tag-art","tag-courtyard-gallery","tag-dvorisna-galerija","tag-dvorisna-galerija-subotica","tag-klara-i-rosa","tag-korzo-subotica","tag-open-call","tag-open-call-results","tag-subotica"],"yoast_head":"<!-- This site is optimized with the Yoast SEO plugin v27.5 - https:\/\/yoast.com\/product\/yoast-seo-wordpress\/ -->\n<title>Rezultati Open Call 2026 \u2013 Dvori\u0161na galerija | Klara i Rosa<\/title>\n<meta name=\"description\" content=\"Objavljeni su rezultati Open Call-a za izlaganje u Dvori\u0161noj galeriji u Subotici za 2026. godinu. Pogledajte odabrane umetnike i projekte.\" \/>\n<meta name=\"robots\" content=\"index, follow, max-snippet:-1, max-image-preview:large, max-video-preview:-1\" \/>\n<link rel=\"canonical\" href=\"https:\/\/www.klarairosa.com\/hu\/dvorisna-galerija-open-call-2026-rezultati\/\" \/>\n<meta property=\"og:locale\" content=\"hu_HU\" \/>\n<meta property=\"og:type\" content=\"article\" \/>\n<meta property=\"og:title\" content=\"Rezultati Open Call 2026 \u2013 Dvori\u0161na galerija | Klara i Rosa\" \/>\n<meta property=\"og:description\" content=\"Objavljeni su rezultati Open Call-a za izlaganje u Dvori\u0161noj galeriji u Subotici za 2026. godinu. Pogledajte odabrane umetnike i projekte.\" \/>\n<meta property=\"og:url\" content=\"https:\/\/www.klarairosa.com\/hu\/dvorisna-galerija-open-call-2026-rezultati\/\" \/>\n<meta property=\"og:site_name\" content=\"Klara i Rosa\" \/>\n<meta property=\"article:publisher\" content=\"https:\/\/www.facebook.com\/klarairosa\/\" \/>\n<meta property=\"article:published_time\" content=\"2026-03-05T12:19:04+00:00\" \/>\n<meta property=\"article:modified_time\" content=\"2026-03-05T12:34:51+00:00\" \/>\n<meta property=\"og:image\" content=\"https:\/\/www.klarairosa.com\/wp-content\/uploads\/2026\/03\/Simple-Typography-We-are-Open-Facebook-Post-1352-x-1005-px-1352-x-1005-px-Facebook-Post-1.jpg\" \/>\n\t<meta property=\"og:image:width\" content=\"845\" \/>\n\t<meta property=\"og:image:height\" content=\"628\" \/>\n\t<meta property=\"og:image:type\" content=\"image\/jpeg\" \/>\n<meta name=\"author\" content=\"Klara i Rosa\" \/>\n<meta name=\"twitter:card\" content=\"summary_large_image\" \/>\n<meta name=\"twitter:label1\" content=\"Szerz\u0151:\" \/>\n\t<meta name=\"twitter:data1\" content=\"Klara i Rosa\" \/>\n\t<meta name=\"twitter:label2\" content=\"Becs\u00fclt olvas\u00e1si id\u0151\" \/>\n\t<meta name=\"twitter:data2\" content=\"1 perc\" \/>\n<script type=\"application\/ld+json\" class=\"yoast-schema-graph\">{\"@context\":\"https:\\\/\\\/schema.org\",\"@graph\":[{\"@type\":\"Article\",\"@id\":\"https:\\\/\\\/www.klarairosa.com\\\/dvorisna-galerija-open-call-2026-rezultati\\\/#article\",\"isPartOf\":{\"@id\":\"https:\\\/\\\/www.klarairosa.com\\\/dvorisna-galerija-open-call-2026-rezultati\\\/\"},\"author\":{\"name\":\"Klara i Rosa\",\"@id\":\"https:\\\/\\\/www.klarairosa.com\\\/en\\\/#\\\/schema\\\/person\\\/e4e7e9e5c8eeeddccf61e4532ae8e6ed\"},\"headline\":\"Dvori\u0161na galerija &#8211; OPEN CALL 2026 &#8211; REZULTATI\",\"datePublished\":\"2026-03-05T12:19:04+00:00\",\"dateModified\":\"2026-03-05T12:34:51+00:00\",\"mainEntityOfPage\":{\"@id\":\"https:\\\/\\\/www.klarairosa.com\\\/dvorisna-galerija-open-call-2026-rezultati\\\/\"},\"wordCount\":201,\"publisher\":{\"@id\":\"https:\\\/\\\/www.klarairosa.com\\\/en\\\/#organization\"},\"image\":{\"@id\":\"https:\\\/\\\/www.klarairosa.com\\\/dvorisna-galerija-open-call-2026-rezultati\\\/#primaryimage\"},\"thumbnailUrl\":\"https:\\\/\\\/www.klarairosa.com\\\/wp-content\\\/uploads\\\/2026\\\/03\\\/Simple-Typography-We-are-Open-Facebook-Post-1352-x-1005-px-1352-x-1005-px-Facebook-Post-1.jpg\",\"keywords\":[\"2026\",\"Art\",\"courtyard gallery\",\"dvori\u0161na galerija\",\"dvorisna galerija subotica\",\"Klara i Rosa\",\"korzo subotica\",\"open call\",\"open call results\",\"subotica\"],\"articleSection\":[\"Aktuelno\"],\"inLanguage\":\"hu\"},{\"@type\":\"WebPage\",\"@id\":\"https:\\\/\\\/www.klarairosa.com\\\/dvorisna-galerija-open-call-2026-rezultati\\\/\",\"url\":\"https:\\\/\\\/www.klarairosa.com\\\/dvorisna-galerija-open-call-2026-rezultati\\\/\",\"name\":\"Rezultati Open Call 2026 \u2013 Dvori\u0161na galerija | Klara i Rosa\",\"isPartOf\":{\"@id\":\"https:\\\/\\\/www.klarairosa.com\\\/en\\\/#website\"},\"primaryImageOfPage\":{\"@id\":\"https:\\\/\\\/www.klarairosa.com\\\/dvorisna-galerija-open-call-2026-rezultati\\\/#primaryimage\"},\"image\":{\"@id\":\"https:\\\/\\\/www.klarairosa.com\\\/dvorisna-galerija-open-call-2026-rezultati\\\/#primaryimage\"},\"thumbnailUrl\":\"https:\\\/\\\/www.klarairosa.com\\\/wp-content\\\/uploads\\\/2026\\\/03\\\/Simple-Typography-We-are-Open-Facebook-Post-1352-x-1005-px-1352-x-1005-px-Facebook-Post-1.jpg\",\"datePublished\":\"2026-03-05T12:19:04+00:00\",\"dateModified\":\"2026-03-05T12:34:51+00:00\",\"description\":\"Objavljeni su rezultati Open Call-a za izlaganje u Dvori\u0161noj galeriji u Subotici za 2026. godinu. Pogledajte odabrane umetnike i projekte.\",\"breadcrumb\":{\"@id\":\"https:\\\/\\\/www.klarairosa.com\\\/dvorisna-galerija-open-call-2026-rezultati\\\/#breadcrumb\"},\"inLanguage\":\"hu\",\"potentialAction\":[{\"@type\":\"ReadAction\",\"target\":[\"https:\\\/\\\/www.klarairosa.com\\\/dvorisna-galerija-open-call-2026-rezultati\\\/\"]}]},{\"@type\":\"ImageObject\",\"inLanguage\":\"hu\",\"@id\":\"https:\\\/\\\/www.klarairosa.com\\\/dvorisna-galerija-open-call-2026-rezultati\\\/#primaryimage\",\"url\":\"https:\\\/\\\/www.klarairosa.com\\\/wp-content\\\/uploads\\\/2026\\\/03\\\/Simple-Typography-We-are-Open-Facebook-Post-1352-x-1005-px-1352-x-1005-px-Facebook-Post-1.jpg\",\"contentUrl\":\"https:\\\/\\\/www.klarairosa.com\\\/wp-content\\\/uploads\\\/2026\\\/03\\\/Simple-Typography-We-are-Open-Facebook-Post-1352-x-1005-px-1352-x-1005-px-Facebook-Post-1.jpg\",\"width\":845,\"height\":628},{\"@type\":\"BreadcrumbList\",\"@id\":\"https:\\\/\\\/www.klarairosa.com\\\/dvorisna-galerija-open-call-2026-rezultati\\\/#breadcrumb\",\"itemListElement\":[{\"@type\":\"ListItem\",\"position\":1,\"name\":\"Home\",\"item\":\"https:\\\/\\\/www.klarairosa.com\\\/\"},{\"@type\":\"ListItem\",\"position\":2,\"name\":\"Dvori\u0161na galerija &#8211; OPEN CALL 2026 &#8211; REZULTATI\"}]},{\"@type\":\"WebSite\",\"@id\":\"https:\\\/\\\/www.klarairosa.com\\\/en\\\/#website\",\"url\":\"https:\\\/\\\/www.klarairosa.com\\\/en\\\/\",\"name\":\"Klara i Rosa\",\"description\":\"Klara i Rosa\",\"publisher\":{\"@id\":\"https:\\\/\\\/www.klarairosa.com\\\/en\\\/#organization\"},\"potentialAction\":[{\"@type\":\"SearchAction\",\"target\":{\"@type\":\"EntryPoint\",\"urlTemplate\":\"https:\\\/\\\/www.klarairosa.com\\\/en\\\/?s={search_term_string}\"},\"query-input\":{\"@type\":\"PropertyValueSpecification\",\"valueRequired\":true,\"valueName\":\"search_term_string\"}}],\"inLanguage\":\"hu\"},{\"@type\":\"Organization\",\"@id\":\"https:\\\/\\\/www.klarairosa.com\\\/en\\\/#organization\",\"name\":\"Klara i Rosa\",\"url\":\"https:\\\/\\\/www.klarairosa.com\\\/en\\\/\",\"logo\":{\"@type\":\"ImageObject\",\"inLanguage\":\"hu\",\"@id\":\"https:\\\/\\\/www.klarairosa.com\\\/en\\\/#\\\/schema\\\/logo\\\/image\\\/\",\"url\":\"https:\\\/\\\/www.klarairosa.com\\\/wp-content\\\/uploads\\\/2022\\\/01\\\/logo.svg\",\"contentUrl\":\"https:\\\/\\\/www.klarairosa.com\\\/wp-content\\\/uploads\\\/2022\\\/01\\\/logo.svg\",\"width\":110,\"height\":139,\"caption\":\"Klara i Rosa\"},\"image\":{\"@id\":\"https:\\\/\\\/www.klarairosa.com\\\/en\\\/#\\\/schema\\\/logo\\\/image\\\/\"},\"sameAs\":[\"https:\\\/\\\/www.facebook.com\\\/klarairosa\\\/\",\"https:\\\/\\\/www.instagram.com\\\/ugklarairosa\\\/\"]},{\"@type\":\"Person\",\"@id\":\"https:\\\/\\\/www.klarairosa.com\\\/en\\\/#\\\/schema\\\/person\\\/e4e7e9e5c8eeeddccf61e4532ae8e6ed\",\"name\":\"Klara i Rosa\",\"image\":{\"@type\":\"ImageObject\",\"inLanguage\":\"hu\",\"@id\":\"https:\\\/\\\/secure.gravatar.com\\\/avatar\\\/c83ee539a067b9f57ae5d8999ae286c4f98b5c4bd943b8cbb64f6b0fc1f29e40?s=96&d=mm&r=g\",\"url\":\"https:\\\/\\\/secure.gravatar.com\\\/avatar\\\/c83ee539a067b9f57ae5d8999ae286c4f98b5c4bd943b8cbb64f6b0fc1f29e40?s=96&d=mm&r=g\",\"contentUrl\":\"https:\\\/\\\/secure.gravatar.com\\\/avatar\\\/c83ee539a067b9f57ae5d8999ae286c4f98b5c4bd943b8cbb64f6b0fc1f29e40?s=96&d=mm&r=g\",\"caption\":\"Klara i Rosa\"},\"sameAs\":[\"https:\\\/\\\/klarairosa.com\"],\"url\":\"https:\\\/\\\/www.klarairosa.com\\\/hu\\\/author\\\/rosaiklara\\\/\"}]}<\/script>\n<!-- \/ Yoast SEO plugin. -->","yoast_head_json":{"title":"Rezultati Open Call 2026 \u2013 Dvori\u0161na galerija | Klara i Rosa","description":"Objavljeni su rezultati Open Call-a za izlaganje u Dvori\u0161noj galeriji u Subotici za 2026. godinu. Pogledajte odabrane umetnike i projekte.","robots":{"index":"index","follow":"follow","max-snippet":"max-snippet:-1","max-image-preview":"max-image-preview:large","max-video-preview":"max-video-preview:-1"},"canonical":"https:\/\/www.klarairosa.com\/hu\/dvorisna-galerija-open-call-2026-rezultati\/","og_locale":"hu_HU","og_type":"article","og_title":"Rezultati Open Call 2026 \u2013 Dvori\u0161na galerija | Klara i Rosa","og_description":"Objavljeni su rezultati Open Call-a za izlaganje u Dvori\u0161noj galeriji u Subotici za 2026. godinu. Pogledajte odabrane umetnike i projekte.","og_url":"https:\/\/www.klarairosa.com\/hu\/dvorisna-galerija-open-call-2026-rezultati\/","og_site_name":"Klara i Rosa","article_publisher":"https:\/\/www.facebook.com\/klarairosa\/","article_published_time":"2026-03-05T12:19:04+00:00","article_modified_time":"2026-03-05T12:34:51+00:00","og_image":[{"width":845,"height":628,"url":"https:\/\/www.klarairosa.com\/wp-content\/uploads\/2026\/03\/Simple-Typography-We-are-Open-Facebook-Post-1352-x-1005-px-1352-x-1005-px-Facebook-Post-1.jpg","type":"image\/jpeg"}],"author":"Klara i Rosa","twitter_card":"summary_large_image","twitter_misc":{"Szerz\u0151:":"Klara i Rosa","Becs\u00fclt olvas\u00e1si id\u0151":"1 perc"},"schema":{"@context":"https:\/\/schema.org","@graph":[{"@type":"Article","@id":"https:\/\/www.klarairosa.com\/dvorisna-galerija-open-call-2026-rezultati\/#article","isPartOf":{"@id":"https:\/\/www.klarairosa.com\/dvorisna-galerija-open-call-2026-rezultati\/"},"author":{"name":"Klara i Rosa","@id":"https:\/\/www.klarairosa.com\/en\/#\/schema\/person\/e4e7e9e5c8eeeddccf61e4532ae8e6ed"},"headline":"Dvori\u0161na galerija &#8211; OPEN CALL 2026 &#8211; REZULTATI","datePublished":"2026-03-05T12:19:04+00:00","dateModified":"2026-03-05T12:34:51+00:00","mainEntityOfPage":{"@id":"https:\/\/www.klarairosa.com\/dvorisna-galerija-open-call-2026-rezultati\/"},"wordCount":201,"publisher":{"@id":"https:\/\/www.klarairosa.com\/en\/#organization"},"image":{"@id":"https:\/\/www.klarairosa.com\/dvorisna-galerija-open-call-2026-rezultati\/#primaryimage"},"thumbnailUrl":"https:\/\/www.klarairosa.com\/wp-content\/uploads\/2026\/03\/Simple-Typography-We-are-Open-Facebook-Post-1352-x-1005-px-1352-x-1005-px-Facebook-Post-1.jpg","keywords":["2026","Art","courtyard gallery","dvori\u0161na galerija","dvorisna galerija subotica","Klara i Rosa","korzo subotica","open call","open call results","subotica"],"articleSection":["Aktuelno"],"inLanguage":"hu"},{"@type":"WebPage","@id":"https:\/\/www.klarairosa.com\/dvorisna-galerija-open-call-2026-rezultati\/","url":"https:\/\/www.klarairosa.com\/dvorisna-galerija-open-call-2026-rezultati\/","name":"Rezultati Open Call 2026 \u2013 Dvori\u0161na galerija | Klara i Rosa","isPartOf":{"@id":"https:\/\/www.klarairosa.com\/en\/#website"},"primaryImageOfPage":{"@id":"https:\/\/www.klarairosa.com\/dvorisna-galerija-open-call-2026-rezultati\/#primaryimage"},"image":{"@id":"https:\/\/www.klarairosa.com\/dvorisna-galerija-open-call-2026-rezultati\/#primaryimage"},"thumbnailUrl":"https:\/\/www.klarairosa.com\/wp-content\/uploads\/2026\/03\/Simple-Typography-We-are-Open-Facebook-Post-1352-x-1005-px-1352-x-1005-px-Facebook-Post-1.jpg","datePublished":"2026-03-05T12:19:04+00:00","dateModified":"2026-03-05T12:34:51+00:00","description":"Objavljeni su rezultati Open Call-a za izlaganje u Dvori\u0161noj galeriji u Subotici za 2026. godinu. Pogledajte odabrane umetnike i projekte.","breadcrumb":{"@id":"https:\/\/www.klarairosa.com\/dvorisna-galerija-open-call-2026-rezultati\/#breadcrumb"},"inLanguage":"hu","potentialAction":[{"@type":"ReadAction","target":["https:\/\/www.klarairosa.com\/dvorisna-galerija-open-call-2026-rezultati\/"]}]},{"@type":"ImageObject","inLanguage":"hu","@id":"https:\/\/www.klarairosa.com\/dvorisna-galerija-open-call-2026-rezultati\/#primaryimage","url":"https:\/\/www.klarairosa.com\/wp-content\/uploads\/2026\/03\/Simple-Typography-We-are-Open-Facebook-Post-1352-x-1005-px-1352-x-1005-px-Facebook-Post-1.jpg","contentUrl":"https:\/\/www.klarairosa.com\/wp-content\/uploads\/2026\/03\/Simple-Typography-We-are-Open-Facebook-Post-1352-x-1005-px-1352-x-1005-px-Facebook-Post-1.jpg","width":845,"height":628},{"@type":"BreadcrumbList","@id":"https:\/\/www.klarairosa.com\/dvorisna-galerija-open-call-2026-rezultati\/#breadcrumb","itemListElement":[{"@type":"ListItem","position":1,"name":"Home","item":"https:\/\/www.klarairosa.com\/"},{"@type":"ListItem","position":2,"name":"Dvori\u0161na galerija &#8211; OPEN CALL 2026 &#8211; REZULTATI"}]},{"@type":"WebSite","@id":"https:\/\/www.klarairosa.com\/en\/#website","url":"https:\/\/www.klarairosa.com\/en\/","name":"Kl\u00e1ra \u00e9s Rosa Egyes\u00fclet","description":"Kl\u00e1ra \u00e9s Rosa Egyes\u00fclet","publisher":{"@id":"https:\/\/www.klarairosa.com\/en\/#organization"},"potentialAction":[{"@type":"SearchAction","target":{"@type":"EntryPoint","urlTemplate":"https:\/\/www.klarairosa.com\/en\/?s={search_term_string}"},"query-input":{"@type":"PropertyValueSpecification","valueRequired":true,"valueName":"search_term_string"}}],"inLanguage":"hu"},{"@type":"Organization","@id":"https:\/\/www.klarairosa.com\/en\/#organization","name":"Kl\u00e1ra \u00e9s Rosa Egyes\u00fclet","url":"https:\/\/www.klarairosa.com\/en\/","logo":{"@type":"ImageObject","inLanguage":"hu","@id":"https:\/\/www.klarairosa.com\/en\/#\/schema\/logo\/image\/","url":"https:\/\/www.klarairosa.com\/wp-content\/uploads\/2022\/01\/logo.svg","contentUrl":"https:\/\/www.klarairosa.com\/wp-content\/uploads\/2022\/01\/logo.svg","width":110,"height":139,"caption":"Klara i Rosa"},"image":{"@id":"https:\/\/www.klarairosa.com\/en\/#\/schema\/logo\/image\/"},"sameAs":["https:\/\/www.facebook.com\/klarairosa\/","https:\/\/www.instagram.com\/ugklarairosa\/"]},{"@type":"Person","@id":"https:\/\/www.klarairosa.com\/en\/#\/schema\/person\/e4e7e9e5c8eeeddccf61e4532ae8e6ed","name":"Kl\u00e1ra \u00e9s Rosa Egyes\u00fclet","image":{"@type":"ImageObject","inLanguage":"hu","@id":"https:\/\/secure.gravatar.com\/avatar\/c83ee539a067b9f57ae5d8999ae286c4f98b5c4bd943b8cbb64f6b0fc1f29e40?s=96&d=mm&r=g","url":"https:\/\/secure.gravatar.com\/avatar\/c83ee539a067b9f57ae5d8999ae286c4f98b5c4bd943b8cbb64f6b0fc1f29e40?s=96&d=mm&r=g","contentUrl":"https:\/\/secure.gravatar.com\/avatar\/c83ee539a067b9f57ae5d8999ae286c4f98b5c4bd943b8cbb64f6b0fc1f29e40?s=96&d=mm&r=g","caption":"Klara i Rosa"},"sameAs":["https:\/\/klarairosa.com"],"url":"https:\/\/www.klarairosa.com\/hu\/author\/rosaiklara\/"}]}},"_links":{"self":[{"href":"https:\/\/www.klarairosa.com\/hu\/wp-json\/wp\/v2\/posts\/24498","targetHints":{"allow":["GET"]}}],"collection":[{"href":"https:\/\/www.klarairosa.com\/hu\/wp-json\/wp\/v2\/posts"}],"about":[{"href":"https:\/\/www.klarairosa.com\/hu\/wp-json\/wp\/v2\/types\/post"}],"author":[{"embeddable":true,"href":"https:\/\/www.klarairosa.com\/hu\/wp-json\/wp\/v2\/users\/1"}],"replies":[{"embeddable":true,"href":"https:\/\/www.klarairosa.com\/hu\/wp-json\/wp\/v2\/comments?post=24498"}],"version-history":[{"count":1,"href":"https:\/\/www.klarairosa.com\/hu\/wp-json\/wp\/v2\/posts\/24498\/revisions"}],"predecessor-version":[{"id":24500,"href":"https:\/\/www.klarairosa.com\/hu\/wp-json\/wp\/v2\/posts\/24498\/revisions\/24500"}],"wp:featuredmedia":[{"embeddable":true,"href":"https:\/\/www.klarairosa.com\/hu\/wp-json\/wp\/v2\/media\/24501"}],"wp:attachment":[{"href":"https:\/\/www.klarairosa.com\/hu\/wp-json\/wp\/v2\/media?parent=24498"}],"wp:term":[{"taxonomy":"category","embeddable":true,"href":"https:\/\/www.klarairosa.com\/hu\/wp-json\/wp\/v2\/categories?post=24498"},{"taxonomy":"post_tag","embeddable":true,"href":"https:\/\/www.klarairosa.com\/hu\/wp-json\/wp\/v2\/tags?post=24498"}],"curies":[{"name":"wp","href":"https:\/\/api.w.org\/{rel}","templated":true}]}}