{"id":24329,"date":"2026-02-28T09:21:09","date_gmt":"2026-02-28T09:21:09","guid":{"rendered":"https:\/\/www.klarairosa.com\/?p=24329"},"modified":"2026-03-11T19:47:56","modified_gmt":"2026-03-11T19:47:56","slug":"knjizevnost-se-vraca-u-suboticu-milan-mazinjanin-klara-i-rosa","status":"publish","type":"post","link":"https:\/\/www.klarairosa.com\/hu\/knjizevnost-se-vraca-u-suboticu-milan-mazinjanin-klara-i-rosa\/","title":{"rendered":"Az irodalom visszat\u00e9r Szabadk\u00e1ra: Milan Mazinjanin"},"content":{"rendered":"<p><strong>U subotu, 7. marta od 19. \u010dasova<\/strong>, ima\u0107emo priliku da \u010dujemo novi pesni\u010dki glas na na\u0161oj sceni. Re\u010d je o mladom pesniku<strong> Milanu Mazinjaninu<\/strong>\u00a0koji je pro\u0161le godine izdao svoj pesni\u010dki prvenac<strong> &#8222;Dan kad sam odlu\u010dio da ne budem ti\u0161ina&#8220;<\/strong> u izdava\u010dkoj ku\u0107i <strong>&#8222;Imperativ&#8220;<\/strong>, iz Beograda.<\/p>\n<p>Knjiga <strong>&#8222;Dan kad sam odlu\u010dio da ne budem ti\u0161ina&#8220;<\/strong> Milana Mazinjanina predstavlja sna\u017ean i promi\u0161ljen poetski eksperiment na razme\u0111u knji\u017eevnog i neknji\u017eevnog diskursa. Pi\u0161u\u0107i u formama koje preuzimaju jezik svakodnevice, administracije, zapisa i fragmenta, autor razgra\u0111uje tradicionalne obrasce lirskog govora i otvara prostor za novo promi\u0161ljanje zna\u010denja i forme.<\/p>\n<p>Kroz takvu formalnu i semanti\u010dku eksperimentaciju, knjiga preispituje etos neoliberalnog kapitalizma, dru\u0161tvene pusto\u0161i savremenog sveta i krhkost identiteta subjekta koji odbija da bude pasivna ti\u0161ina. Ova knjiga se uspostavlja kao poeti\u010dki \u010din otpora \u2014 svedo\u010danstvo o jeziku koji ne pristaje na neutralnost, ve\u0107 insistira na odgovornosti, glasu i prisutnosti.<\/p>\n<p>Do\u0111ite da se dru\u017eimo, pitajte pesnika ono \u0161to vas zanima i u\u017eivajte u jednom specifi\u010dnom, autohtonom, glasu na\u0161e novije poezije. Vidimo se!<\/p>\n<p>.<\/p>\n<p><img fetchpriority=\"high\" decoding=\"async\" class=\"alignleft size-medium wp-image-24330\" src=\"https:\/\/www.klarairosa.com\/wp-content\/uploads\/2026\/02\/Milan-Mazinjanin-300x223.jpg\" alt=\"\" width=\"300\" height=\"223\" srcset=\"https:\/\/www.klarairosa.com\/wp-content\/uploads\/2026\/02\/Milan-Mazinjanin-300x223.jpg 300w, https:\/\/www.klarairosa.com\/wp-content\/uploads\/2026\/02\/Milan-Mazinjanin-1024x761.jpg 1024w, https:\/\/www.klarairosa.com\/wp-content\/uploads\/2026\/02\/Milan-Mazinjanin-768x571.jpg 768w, https:\/\/www.klarairosa.com\/wp-content\/uploads\/2026\/02\/Milan-Mazinjanin-16x12.jpg 16w, https:\/\/www.klarairosa.com\/wp-content\/uploads\/2026\/02\/Milan-Mazinjanin-700x520.jpg 700w, https:\/\/www.klarairosa.com\/wp-content\/uploads\/2026\/02\/Milan-Mazinjanin.jpg 1352w\" sizes=\"(max-width: 300px) 100vw, 300px\" \/><\/p>\n<p>&nbsp;<\/p>\n<p>&nbsp;<\/p>\n<p>&nbsp;<\/p>\n<p>&nbsp;<\/p>\n<p>&nbsp;<\/p>\n<p>&nbsp;<\/p>\n<p>-\u0274\u1d00s\u030c\u1d00 \u1d0f\u0280\u0262\u1d00\u0274\u026a\u1d22\u1d00\u1d04\u026a\u1d0a\u1d00 \u1d0a\u1d07 \u1d05\u1d0f\u0299\u026a\u029f\u1d00 \u1d18\u1d0f\u1d05\u0280s\u030c\u1d0b\u1d1c \u1d20\u029f\u1d00\u1d05\u1d07 s\u030c\u1d20\u1d00\u1d0a\u1d04\u1d00\u0280s\u1d0b\u1d07 \u1d0b\u0280\u1d0f\u1d22 \u1d18\u0280\u1d0f\u1d0a\u1d07\u1d0b\u1d00\u1d1b \u201e\u1d22\u1d00\u1d0a\u1d07\u1d05\u0274\u1d0f \u1d22\u1d00 \u1d00\u1d0b\u1d1b\u026a\u1d20\u0274\u1d0f \u0262\u0280\u1d00\u0111\u1d00\u0274s\u1d0b\u1d0f \u1d05\u0280\u1d1cs\u030c\u1d1b\u1d20\u1d0f \u2013 \u1d00\u1d04\u1d1b\u201d, \u1d0b\u1d0f\u1d0a\u026a s\u1d18\u0280\u1d0f\u1d20\u1d0f\u1d05\u1d07 \u029c\u1d07\u029f\u1d20\u1d07\u1d1b\u1d00s s\u0280\u0299\u026a\u1d0a\u1d00 \u026a \u0262\u0280\u1d00\u0111\u1d00\u0274s\u1d0b\u1d07 \u026a\u0274\u026a\u1d04\u026a\u1d0a\u1d00\u1d1b\u026a\u1d20\u1d07. \u201e\u1d22\u1d00\u1d0a\u1d07\u1d05\u0274\u1d0f \u1d22\u1d00 \u1d00\u1d0b\u1d1b\u026a\u1d20\u0274\u1d0f \u0262\u0280\u1d00\u0111\u1d00\u0274s\u1d0b\u1d0f \u1d05\u0280\u1d1cs\u030c\u1d1b\u1d20\u1d0f \u2013 \u1d00\u1d04\u1d1b\u201d \u1d0a\u1d07 \u1d18\u0280\u1d0f\u1d0a\u1d07\u1d0b\u1d00\u1d1b \u1d20\u029f\u1d00\u1d05\u1d07 s\u030c\u1d20\u1d00\u1d0a\u1d04\u1d00\u0280s\u1d0b\u1d07 \u1d04\u030c\u026a\u1d0a\u026a \u1d0a\u1d07 \u1d04\u026a\u029f\u1d0a \u1d00\u1d0b\u1d1b\u026a\u1d20\u0274\u1d0f \u0262\u0280\u1d00\u0111\u1d00\u0274s\u1d0b\u1d0f \u1d05\u0280\u1d1cs\u030c\u1d1b\u1d20\u1d0f \u1d1c \u1d0b\u1d0f\u1d0d\u1d07 \u0262\u0280\u1d00\u0111\u1d00\u0274\u026a \u1d20\u026as\u030c\u1d07 \u1d1c\u1d04\u030c\u1d07s\u1d1b\u1d20\u1d1c\u1d0a\u1d1c \u1d1c \u1d18\u0280\u1d0f\u1d04\u1d07s\u1d1c \u1d05\u1d0f\u0274\u1d0fs\u030c\u1d07\u0274\u1d0a\u1d00 \u1d0f\u1d05\u029f\u1d1c\u1d0b\u1d00, \u0274\u1d00\u0280\u1d0f\u1d04\u030c\u026a\u1d1b\u1d0f \u0274\u1d00 \u029f\u1d0f\u1d0b\u1d00\u029f\u0274\u1d0f\u1d0d \u0274\u026a\u1d20\u1d0f\u1d1c.<\/p>\n<div  id=\"jtg-24551\" class=\"modula modula-gallery modula-columns\" data-config=\"{&quot;tabletHeight&quot;:800,&quot;mobileHeight&quot;:800,&quot;desktopHeight&quot;:800,&quot;enableTwitter&quot;:false,&quot;enableWhatsapp&quot;:false,&quot;enableFacebook&quot;:false,&quot;enablePinterest&quot;:false,&quot;enableLinkedin&quot;:false,&quot;enableEmail&quot;:false,&quot;randomFactor&quot;:0.5,&quot;type&quot;:&quot;grid&quot;,&quot;columns&quot;:12,&quot;gutter&quot;:10,&quot;mobileGutter&quot;:10,&quot;tabletGutter&quot;:10,&quot;desktopGutter&quot;:10,&quot;enableResponsive&quot;:true,&quot;tabletColumns&quot;:2,&quot;mobileColumns&quot;:1,&quot;lazyLoad&quot;:0,&quot;lightboxOpts&quot;:{&quot;animated&quot;:true,&quot;Thumbs&quot;:{&quot;type&quot;:&quot;modern&quot;,&quot;showOnStart&quot;:false},&quot;Toolbar&quot;:{&quot;display&quot;:{&quot;right&quot;:[&quot;close&quot;]},&quot;enabled&quot;:true},&quot;Carousel&quot;:{&quot;Panzoom&quot;:{&quot;touch&quot;:true},&quot;infinite&quot;:false},&quot;keyboard&quot;:{&quot;Escape&quot;:&quot;close&quot;,&quot;Delete&quot;:&quot;close&quot;,&quot;Backspace&quot;:&quot;close&quot;,&quot;PageUp&quot;:false,&quot;PageDown&quot;:false,&quot;ArrowUp&quot;:false,&quot;ArrowDown&quot;:false,&quot;ArrowRight&quot;:false,&quot;ArrowLeft&quot;:false},&quot;touch&quot;:false,&quot;backdropClick&quot;:false,&quot;l10n&quot;:{&quot;CLOSE&quot;:&quot;Close&quot;,&quot;NEXT&quot;:&quot;Next&quot;,&quot;PREV&quot;:&quot;Previous&quot;,&quot;Error&quot;:&quot;The requested content cannot be loaded. Please try again later.&quot;,&quot;PLAY_START&quot;:&quot;Start slideshow&quot;,&quot;PLAY_STOP&quot;:&quot;Pause slideshow&quot;,&quot;FULL_SCREEN&quot;:&quot;Full screen&quot;,&quot;THUMBS&quot;:&quot;Thumbnails&quot;,&quot;DOWNLOAD&quot;:&quot;Download&quot;,&quot;SHARE&quot;:&quot;Share&quot;,&quot;ZOOM&quot;:&quot;Zoom&quot;,&quot;EMAIL&quot;:&quot;Here is the link to the image : %%image_link%% and this is the link to the gallery : %%gallery_link%%&quot;,&quot;MODAL&quot;:&quot;You can close this modal content with the ESC key&quot;,&quot;ERROR&quot;:&quot;Something Went Wrong, Please Try Again Later&quot;,&quot;IMAGE_ERROR&quot;:&quot;Image Not Found&quot;,&quot;ELEMENT_NOT_FOUND&quot;:&quot;HTML Element Not Found&quot;,&quot;AJAX_NOT_FOUND&quot;:&quot;Error Loading AJAX : Not Found&quot;,&quot;AJAX_FORBIDDEN&quot;:&quot;Error Loading AJAX : Forbidden&quot;,&quot;IFRAME_ERROR&quot;:&quot;Error Loading Page&quot;,&quot;TOGGLE_ZOOM&quot;:&quot;Toggle zoom level&quot;,&quot;TOGGLE_THUMBS&quot;:&quot;Toggle thumbnails&quot;,&quot;TOGGLE_SLIDESHOW&quot;:&quot;Toggle slideshow&quot;,&quot;TOGGLE_FULLSCREEN&quot;:&quot;Toggle full-screen mode&quot;},&quot;Images&quot;:{&quot;Panzoom&quot;:{&quot;maxScale&quot;:2}},&quot;mainClass&quot;:&quot;modula-fancybox-container modula-lightbox-jtg-24551&quot;,&quot;Html&quot;:{&quot;videoAutoplay&quot;:0,&quot;videoTpl&quot;:&quot;&lt;video class=\\&quot;fancybox__html5video\\&quot; controls muted playsinline controlsList controlsList=\\&quot;nodownload\\&quot; poster=\\&quot;{{poster}}\\&quot; src=\\&quot;{{src}}\\&quot; type=\\&quot;{{format}}\\&quot; &gt;  Sorry, your browser doesn&#039;t support embedded videos, &lt;a href=\\&quot;{{src}}\\&quot;&gt; download &lt;\\\/a&gt; and watch with your favorite video player! &lt;\\\/video&gt;&quot;}},&quot;inView&quot;:false,&quot;email_subject&quot;:&quot;Check out this awesome image !!&quot;,&quot;email_message&quot;:&quot;Here is the link to the image : %%image_link%% and this is the link to the gallery : %%gallery_link%%&quot;,&quot;grid_type&quot;:&quot;automatic&quot;,&quot;rowHeight&quot;:250,&quot;lastRow&quot;:&quot;justify&quot;,&quot;lightbox&quot;:&quot;fancybox&quot;}\">\n\n\t\n\t<div  class=\"modula-items grid-gallery\">\n\t\t<div class=\"modula-item effect-pufrobo\" >\n\t<div class=\"modula-item-overlay\"><\/div>\n\n\t<div class=\"modula-item-content\">\n\n\t\t<a data-image-id=\"24558\" role=\"button\" data-elementor-open-lightbox=\"no\" tabindex=\"0\" rel=\"jtg-24551\" data-caption=\"\" aria-label=\"Open image in lightbox\" class=\"tile-inner modula-item-link\"><\/a><img decoding=\"async\" class=\"pic wp-image-24558\"  data-valign=\"middle\" data-halign=\"center\" alt=\"\" data-full=\"https:\/\/www.klarairosa.com\/wp-content\/uploads\/2026\/03\/649244594_18109175134817485_5776729951339922654_n_800x600.jpg\" title=\"649244594_18109175134817485_5776729951339922654_n_800x600\" crop=\"\" width=\"300\" height=\"225\" src=\"https:\/\/www.klarairosa.com\/wp-content\/uploads\/2026\/03\/649244594_18109175134817485_5776729951339922654_n_800x600-300x225.jpg\" data-src=\"https:\/\/www.klarairosa.com\/wp-content\/uploads\/2026\/03\/649244594_18109175134817485_5776729951339922654_n_800x600-300x225.jpg\" data-caption=\"\" srcset=\"https:\/\/www.klarairosa.com\/wp-content\/uploads\/2026\/03\/649244594_18109175134817485_5776729951339922654_n_800x600.jpg 800w, https:\/\/www.klarairosa.com\/wp-content\/uploads\/2026\/03\/649244594_18109175134817485_5776729951339922654_n_800x600-300x225.jpg 300w, https:\/\/www.klarairosa.com\/wp-content\/uploads\/2026\/03\/649244594_18109175134817485_5776729951339922654_n_800x600-768x576.jpg 768w, https:\/\/www.klarairosa.com\/wp-content\/uploads\/2026\/03\/649244594_18109175134817485_5776729951339922654_n_800x600-16x12.jpg 16w, https:\/\/www.klarairosa.com\/wp-content\/uploads\/2026\/03\/649244594_18109175134817485_5776729951339922654_n_800x600-700x525.jpg 700w\" sizes=\"(max-width: 300px) 100vw, 300px\" \/>\n\t\t<div class=\"figc no-description\">\n\t\t\t<div class=\"figc-inner\">\n\t\t\t\t\t\t\t\t\t\t\t\t\t\t\t<\/div>\n\t\t<\/div>\n\n\t<\/div>\n\n<\/div><div class=\"modula-item effect-pufrobo\" >\n\t<div class=\"modula-item-overlay\"><\/div>\n\n\t<div class=\"modula-item-content\">\n\n\t\t<a data-image-id=\"24552\" role=\"button\" data-elementor-open-lightbox=\"no\" tabindex=\"0\" rel=\"jtg-24551\" data-caption=\"\" aria-label=\"Open image in lightbox\" class=\"tile-inner modula-item-link\"><\/a><img decoding=\"async\" class=\"pic wp-image-24552\"  data-valign=\"middle\" data-halign=\"center\" alt=\"\" data-full=\"https:\/\/www.klarairosa.com\/wp-content\/uploads\/2026\/03\/649106758_18109175146817485_6882612649767014067_n_800x600.jpg\" title=\"649106758_18109175146817485_6882612649767014067_n_800x600\" crop=\"\" width=\"300\" height=\"225\" src=\"https:\/\/www.klarairosa.com\/wp-content\/uploads\/2026\/03\/649106758_18109175146817485_6882612649767014067_n_800x600-300x225.jpg\" data-src=\"https:\/\/www.klarairosa.com\/wp-content\/uploads\/2026\/03\/649106758_18109175146817485_6882612649767014067_n_800x600-300x225.jpg\" data-caption=\"\" srcset=\"https:\/\/www.klarairosa.com\/wp-content\/uploads\/2026\/03\/649106758_18109175146817485_6882612649767014067_n_800x600.jpg 800w, https:\/\/www.klarairosa.com\/wp-content\/uploads\/2026\/03\/649106758_18109175146817485_6882612649767014067_n_800x600-300x225.jpg 300w, https:\/\/www.klarairosa.com\/wp-content\/uploads\/2026\/03\/649106758_18109175146817485_6882612649767014067_n_800x600-768x576.jpg 768w, https:\/\/www.klarairosa.com\/wp-content\/uploads\/2026\/03\/649106758_18109175146817485_6882612649767014067_n_800x600-16x12.jpg 16w, https:\/\/www.klarairosa.com\/wp-content\/uploads\/2026\/03\/649106758_18109175146817485_6882612649767014067_n_800x600-700x525.jpg 700w\" sizes=\"(max-width: 300px) 100vw, 300px\" \/>\n\t\t<div class=\"figc no-description\">\n\t\t\t<div class=\"figc-inner\">\n\t\t\t\t\t\t\t\t\t\t\t\t\t\t\t<\/div>\n\t\t<\/div>\n\n\t<\/div>\n\n<\/div><div class=\"modula-item effect-pufrobo\" >\n\t<div class=\"modula-item-overlay\"><\/div>\n\n\t<div class=\"modula-item-content\">\n\n\t\t<a data-image-id=\"24553\" role=\"button\" data-elementor-open-lightbox=\"no\" tabindex=\"0\" rel=\"jtg-24551\" data-caption=\"\" aria-label=\"Open image in lightbox\" class=\"tile-inner modula-item-link\"><\/a><img loading=\"lazy\" decoding=\"async\" class=\"pic wp-image-24553\"  data-valign=\"middle\" data-halign=\"center\" alt=\"\" data-full=\"https:\/\/www.klarairosa.com\/wp-content\/uploads\/2026\/03\/649132227_18109175116817485_8751044332260848763_n_800x600.jpg\" title=\"649132227_18109175116817485_8751044332260848763_n_800x600\" crop=\"\" width=\"300\" height=\"225\" src=\"https:\/\/www.klarairosa.com\/wp-content\/uploads\/2026\/03\/649132227_18109175116817485_8751044332260848763_n_800x600-300x225.jpg\" data-src=\"https:\/\/www.klarairosa.com\/wp-content\/uploads\/2026\/03\/649132227_18109175116817485_8751044332260848763_n_800x600-300x225.jpg\" data-caption=\"\" srcset=\"https:\/\/www.klarairosa.com\/wp-content\/uploads\/2026\/03\/649132227_18109175116817485_8751044332260848763_n_800x600.jpg 800w, https:\/\/www.klarairosa.com\/wp-content\/uploads\/2026\/03\/649132227_18109175116817485_8751044332260848763_n_800x600-300x225.jpg 300w, https:\/\/www.klarairosa.com\/wp-content\/uploads\/2026\/03\/649132227_18109175116817485_8751044332260848763_n_800x600-768x576.jpg 768w, https:\/\/www.klarairosa.com\/wp-content\/uploads\/2026\/03\/649132227_18109175116817485_8751044332260848763_n_800x600-16x12.jpg 16w, https:\/\/www.klarairosa.com\/wp-content\/uploads\/2026\/03\/649132227_18109175116817485_8751044332260848763_n_800x600-700x525.jpg 700w\" sizes=\"(max-width: 300px) 100vw, 300px\" \/>\n\t\t<div class=\"figc no-description\">\n\t\t\t<div class=\"figc-inner\">\n\t\t\t\t\t\t\t\t\t\t\t\t\t\t\t<\/div>\n\t\t<\/div>\n\n\t<\/div>\n\n<\/div><div class=\"modula-item effect-pufrobo\" >\n\t<div class=\"modula-item-overlay\"><\/div>\n\n\t<div class=\"modula-item-content\">\n\n\t\t<a data-image-id=\"24554\" role=\"button\" data-elementor-open-lightbox=\"no\" tabindex=\"0\" rel=\"jtg-24551\" data-caption=\"\" aria-label=\"Open image in lightbox\" class=\"tile-inner modula-item-link\"><\/a><img loading=\"lazy\" decoding=\"async\" class=\"pic wp-image-24554\"  data-valign=\"middle\" data-halign=\"center\" alt=\"\" data-full=\"https:\/\/www.klarairosa.com\/wp-content\/uploads\/2026\/03\/649216713_18109175107817485_8578983143656109776_n_800x600.jpg\" title=\"649216713_18109175107817485_8578983143656109776_n_800x600\" crop=\"\" width=\"300\" height=\"225\" src=\"https:\/\/www.klarairosa.com\/wp-content\/uploads\/2026\/03\/649216713_18109175107817485_8578983143656109776_n_800x600-300x225.jpg\" data-src=\"https:\/\/www.klarairosa.com\/wp-content\/uploads\/2026\/03\/649216713_18109175107817485_8578983143656109776_n_800x600-300x225.jpg\" data-caption=\"\" srcset=\"https:\/\/www.klarairosa.com\/wp-content\/uploads\/2026\/03\/649216713_18109175107817485_8578983143656109776_n_800x600.jpg 800w, https:\/\/www.klarairosa.com\/wp-content\/uploads\/2026\/03\/649216713_18109175107817485_8578983143656109776_n_800x600-300x225.jpg 300w, https:\/\/www.klarairosa.com\/wp-content\/uploads\/2026\/03\/649216713_18109175107817485_8578983143656109776_n_800x600-768x576.jpg 768w, https:\/\/www.klarairosa.com\/wp-content\/uploads\/2026\/03\/649216713_18109175107817485_8578983143656109776_n_800x600-16x12.jpg 16w, https:\/\/www.klarairosa.com\/wp-content\/uploads\/2026\/03\/649216713_18109175107817485_8578983143656109776_n_800x600-700x525.jpg 700w\" sizes=\"(max-width: 300px) 100vw, 300px\" \/>\n\t\t<div class=\"figc no-description\">\n\t\t\t<div class=\"figc-inner\">\n\t\t\t\t\t\t\t\t\t\t\t\t\t\t\t<\/div>\n\t\t<\/div>\n\n\t<\/div>\n\n<\/div><div class=\"modula-item effect-pufrobo\" >\n\t<div class=\"modula-item-overlay\"><\/div>\n\n\t<div class=\"modula-item-content\">\n\n\t\t<a data-image-id=\"24555\" role=\"button\" data-elementor-open-lightbox=\"no\" tabindex=\"0\" rel=\"jtg-24551\" data-caption=\"\" aria-label=\"Open image in lightbox\" class=\"tile-inner modula-item-link\"><\/a><img loading=\"lazy\" decoding=\"async\" class=\"pic wp-image-24555\"  data-valign=\"middle\" data-halign=\"center\" alt=\"\" data-full=\"https:\/\/www.klarairosa.com\/wp-content\/uploads\/2026\/03\/649221470_18109175080817485_3028892913337866854_n_800x600.jpg\" title=\"649221470_18109175080817485_3028892913337866854_n_800x600\" crop=\"\" width=\"300\" height=\"225\" src=\"https:\/\/www.klarairosa.com\/wp-content\/uploads\/2026\/03\/649221470_18109175080817485_3028892913337866854_n_800x600-300x225.jpg\" data-src=\"https:\/\/www.klarairosa.com\/wp-content\/uploads\/2026\/03\/649221470_18109175080817485_3028892913337866854_n_800x600-300x225.jpg\" data-caption=\"\" srcset=\"https:\/\/www.klarairosa.com\/wp-content\/uploads\/2026\/03\/649221470_18109175080817485_3028892913337866854_n_800x600.jpg 800w, https:\/\/www.klarairosa.com\/wp-content\/uploads\/2026\/03\/649221470_18109175080817485_3028892913337866854_n_800x600-300x225.jpg 300w, https:\/\/www.klarairosa.com\/wp-content\/uploads\/2026\/03\/649221470_18109175080817485_3028892913337866854_n_800x600-768x576.jpg 768w, https:\/\/www.klarairosa.com\/wp-content\/uploads\/2026\/03\/649221470_18109175080817485_3028892913337866854_n_800x600-16x12.jpg 16w, https:\/\/www.klarairosa.com\/wp-content\/uploads\/2026\/03\/649221470_18109175080817485_3028892913337866854_n_800x600-700x525.jpg 700w\" sizes=\"(max-width: 300px) 100vw, 300px\" \/>\n\t\t<div class=\"figc no-description\">\n\t\t\t<div class=\"figc-inner\">\n\t\t\t\t\t\t\t\t\t\t\t\t\t\t\t<\/div>\n\t\t<\/div>\n\n\t<\/div>\n\n<\/div><div class=\"modula-item effect-pufrobo\" >\n\t<div class=\"modula-item-overlay\"><\/div>\n\n\t<div class=\"modula-item-content\">\n\n\t\t<a data-image-id=\"24556\" role=\"button\" data-elementor-open-lightbox=\"no\" tabindex=\"0\" rel=\"jtg-24551\" data-caption=\"\" aria-label=\"Open image in lightbox\" class=\"tile-inner modula-item-link\"><\/a><img loading=\"lazy\" decoding=\"async\" class=\"pic wp-image-24556\"  data-valign=\"middle\" data-halign=\"center\" alt=\"\" data-full=\"https:\/\/www.klarairosa.com\/wp-content\/uploads\/2026\/03\/649235373_18109175098817485_9037421166312678526_n_800x600.jpg\" title=\"649235373_18109175098817485_9037421166312678526_n_800x600\" crop=\"\" width=\"300\" height=\"225\" src=\"https:\/\/www.klarairosa.com\/wp-content\/uploads\/2026\/03\/649235373_18109175098817485_9037421166312678526_n_800x600-300x225.jpg\" data-src=\"https:\/\/www.klarairosa.com\/wp-content\/uploads\/2026\/03\/649235373_18109175098817485_9037421166312678526_n_800x600-300x225.jpg\" data-caption=\"\" srcset=\"https:\/\/www.klarairosa.com\/wp-content\/uploads\/2026\/03\/649235373_18109175098817485_9037421166312678526_n_800x600.jpg 800w, https:\/\/www.klarairosa.com\/wp-content\/uploads\/2026\/03\/649235373_18109175098817485_9037421166312678526_n_800x600-300x225.jpg 300w, https:\/\/www.klarairosa.com\/wp-content\/uploads\/2026\/03\/649235373_18109175098817485_9037421166312678526_n_800x600-768x576.jpg 768w, https:\/\/www.klarairosa.com\/wp-content\/uploads\/2026\/03\/649235373_18109175098817485_9037421166312678526_n_800x600-16x12.jpg 16w, https:\/\/www.klarairosa.com\/wp-content\/uploads\/2026\/03\/649235373_18109175098817485_9037421166312678526_n_800x600-700x525.jpg 700w\" sizes=\"(max-width: 300px) 100vw, 300px\" \/>\n\t\t<div class=\"figc no-description\">\n\t\t\t<div class=\"figc-inner\">\n\t\t\t\t\t\t\t\t\t\t\t\t\t\t\t<\/div>\n\t\t<\/div>\n\n\t<\/div>\n\n<\/div><div class=\"modula-item effect-pufrobo\" >\n\t<div class=\"modula-item-overlay\"><\/div>\n\n\t<div class=\"modula-item-content\">\n\n\t\t<a data-image-id=\"24557\" role=\"button\" data-elementor-open-lightbox=\"no\" tabindex=\"0\" rel=\"jtg-24551\" data-caption=\"\" aria-label=\"Open image in lightbox\" class=\"tile-inner modula-item-link\"><\/a><img loading=\"lazy\" decoding=\"async\" class=\"pic wp-image-24557\"  data-valign=\"middle\" data-halign=\"center\" alt=\"\" data-full=\"https:\/\/www.klarairosa.com\/wp-content\/uploads\/2026\/03\/649242169_18109175089817485_4163101212520815710_n_800x600.jpg\" title=\"649242169_18109175089817485_4163101212520815710_n_800x600\" crop=\"\" width=\"300\" height=\"225\" src=\"https:\/\/www.klarairosa.com\/wp-content\/uploads\/2026\/03\/649242169_18109175089817485_4163101212520815710_n_800x600-300x225.jpg\" data-src=\"https:\/\/www.klarairosa.com\/wp-content\/uploads\/2026\/03\/649242169_18109175089817485_4163101212520815710_n_800x600-300x225.jpg\" data-caption=\"\" srcset=\"https:\/\/www.klarairosa.com\/wp-content\/uploads\/2026\/03\/649242169_18109175089817485_4163101212520815710_n_800x600.jpg 800w, https:\/\/www.klarairosa.com\/wp-content\/uploads\/2026\/03\/649242169_18109175089817485_4163101212520815710_n_800x600-300x225.jpg 300w, https:\/\/www.klarairosa.com\/wp-content\/uploads\/2026\/03\/649242169_18109175089817485_4163101212520815710_n_800x600-768x576.jpg 768w, https:\/\/www.klarairosa.com\/wp-content\/uploads\/2026\/03\/649242169_18109175089817485_4163101212520815710_n_800x600-16x12.jpg 16w, https:\/\/www.klarairosa.com\/wp-content\/uploads\/2026\/03\/649242169_18109175089817485_4163101212520815710_n_800x600-700x525.jpg 700w\" sizes=\"(max-width: 300px) 100vw, 300px\" \/>\n\t\t<div class=\"figc no-description\">\n\t\t\t<div class=\"figc-inner\">\n\t\t\t\t\t\t\t\t\t\t\t\t\t\t\t<\/div>\n\t\t<\/div>\n\n\t<\/div>\n\n<\/div>\t\t\n\t<\/div>\n\n\t\n\t\n\t<script type=\"application\/ld+json\">\n\t{\n\t\t\"@context\": \"http:\/\/schema.org\",\n\t\t\"@type\"   : \"ImageGallery\",\n\t\t\"id\"      : \"https:\/\/www.klarairosa.com\/hu\/knjizevnost-se-vraca-u-suboticu-milan-mazinjanin-klara-i-rosa\/\",\n\t\t\"url\"     : \"https:\/\/www.klarairosa.com\/hu\/knjizevnost-se-vraca-u-suboticu-milan-mazinjanin-klara-i-rosa\/\"\n\t}\n\n\t<\/script>\n\n\t\n<\/div>\n\n","protected":false},"excerpt":{"rendered":"<p>U subotu, 7. marta od 19. \u010dasova, ima\u0107emo priliku da \u010dujemo novi pesni\u010dki glas na&#8230;<\/p>","protected":false},"author":1,"featured_media":24463,"comment_status":"closed","ping_status":"closed","sticky":false,"template":"","format":"standard","meta":{"content-type":"","inline_featured_image":false,"footnotes":""},"categories":[109],"tags":[124,671,279,842,270,277,152],"class_list":["post-24329","post","type-post","status-publish","format-standard","has-post-thumbnail","hentry","category-aktuelno","tag-klara-i-rosa","tag-knijzevnost","tag-knjizevnost-se-vraca-u-suboticu","tag-milan-mazinjanin","tag-poezija","tag-stefan-basaric","tag-subotica"],"yoast_head":"<!-- This site is optimized with the Yoast SEO plugin v27.5 - https:\/\/yoast.com\/product\/yoast-seo-wordpress\/ -->\n<title>Knji\u017eevnost se vra\u0107a u Suboticu: Milan Mazinjanin<\/title>\n<meta name=\"description\" content=\"Predsavljamo mladog pesnika Milana Mazinjanina\u00a0koji je pro\u0161le godine izdao svoj pesni\u010dki prvenac &quot;Dan kad sam odlu\u010dio da ne budem ti\u0161ina&quot;.\" \/>\n<meta name=\"robots\" content=\"index, follow, max-snippet:-1, max-image-preview:large, max-video-preview:-1\" \/>\n<link rel=\"canonical\" href=\"https:\/\/www.klarairosa.com\/hu\/knjizevnost-se-vraca-u-suboticu-milan-mazinjanin-klara-i-rosa\/\" \/>\n<meta property=\"og:locale\" content=\"hu_HU\" \/>\n<meta property=\"og:type\" content=\"article\" \/>\n<meta property=\"og:title\" content=\"Knji\u017eevnost se vra\u0107a u Suboticu: Milan Mazinjanin\" \/>\n<meta property=\"og:description\" content=\"Predsavljamo mladog pesnika Milana Mazinjanina\u00a0koji je pro\u0161le godine izdao svoj pesni\u010dki prvenac &quot;Dan kad sam odlu\u010dio da ne budem ti\u0161ina&quot;.\" \/>\n<meta property=\"og:url\" content=\"https:\/\/www.klarairosa.com\/hu\/knjizevnost-se-vraca-u-suboticu-milan-mazinjanin-klara-i-rosa\/\" \/>\n<meta property=\"og:site_name\" content=\"Klara i Rosa\" \/>\n<meta property=\"article:publisher\" content=\"https:\/\/www.facebook.com\/klarairosa\/\" \/>\n<meta property=\"article:published_time\" content=\"2026-02-28T09:21:09+00:00\" \/>\n<meta property=\"article:modified_time\" content=\"2026-03-11T19:47:56+00:00\" \/>\n<meta property=\"og:image\" content=\"https:\/\/www.klarairosa.com\/wp-content\/uploads\/2026\/02\/Blue-Bold-Modern-Fashion-Coming-Soon-Poster-1352-x-1005-px-Instagram-Post-45-1352-x-1005-px.jpg\" \/>\n\t<meta property=\"og:image:width\" content=\"845\" \/>\n\t<meta property=\"og:image:height\" content=\"628\" \/>\n\t<meta property=\"og:image:type\" content=\"image\/jpeg\" \/>\n<meta name=\"author\" content=\"Klara i Rosa\" \/>\n<meta name=\"twitter:card\" content=\"summary_large_image\" \/>\n<meta name=\"twitter:label1\" content=\"Szerz\u0151:\" \/>\n\t<meta name=\"twitter:data1\" content=\"Klara i Rosa\" \/>\n\t<meta name=\"twitter:label2\" content=\"Becs\u00fclt olvas\u00e1si id\u0151\" \/>\n\t<meta name=\"twitter:data2\" content=\"2 perc\" \/>\n<script type=\"application\/ld+json\" class=\"yoast-schema-graph\">{\"@context\":\"https:\\\/\\\/schema.org\",\"@graph\":[{\"@type\":\"Article\",\"@id\":\"https:\\\/\\\/www.klarairosa.com\\\/knjizevnost-se-vraca-u-suboticu-milan-mazinjanin-klara-i-rosa\\\/#article\",\"isPartOf\":{\"@id\":\"https:\\\/\\\/www.klarairosa.com\\\/knjizevnost-se-vraca-u-suboticu-milan-mazinjanin-klara-i-rosa\\\/\"},\"author\":{\"name\":\"Klara i Rosa\",\"@id\":\"https:\\\/\\\/www.klarairosa.com\\\/en\\\/#\\\/schema\\\/person\\\/e4e7e9e5c8eeeddccf61e4532ae8e6ed\"},\"headline\":\"Knji\u017eevnost se vra\u0107a u Suboticu: Milan Mazinjanin\",\"datePublished\":\"2026-02-28T09:21:09+00:00\",\"dateModified\":\"2026-03-11T19:47:56+00:00\",\"mainEntityOfPage\":{\"@id\":\"https:\\\/\\\/www.klarairosa.com\\\/knjizevnost-se-vraca-u-suboticu-milan-mazinjanin-klara-i-rosa\\\/\"},\"wordCount\":233,\"publisher\":{\"@id\":\"https:\\\/\\\/www.klarairosa.com\\\/en\\\/#organization\"},\"image\":{\"@id\":\"https:\\\/\\\/www.klarairosa.com\\\/knjizevnost-se-vraca-u-suboticu-milan-mazinjanin-klara-i-rosa\\\/#primaryimage\"},\"thumbnailUrl\":\"https:\\\/\\\/www.klarairosa.com\\\/wp-content\\\/uploads\\\/2026\\\/02\\\/Blue-Bold-Modern-Fashion-Coming-Soon-Poster-1352-x-1005-px-Instagram-Post-45-1352-x-1005-px.jpg\",\"keywords\":[\"Klara i Rosa\",\"knij\u017eevnost\",\"knjizevnost se vraca u suboticu\",\"Milan Mazinjanin\",\"poezija\",\"stefan basaric\",\"subotica\"],\"articleSection\":[\"Aktuelno\"],\"inLanguage\":\"hu\"},{\"@type\":\"WebPage\",\"@id\":\"https:\\\/\\\/www.klarairosa.com\\\/knjizevnost-se-vraca-u-suboticu-milan-mazinjanin-klara-i-rosa\\\/\",\"url\":\"https:\\\/\\\/www.klarairosa.com\\\/knjizevnost-se-vraca-u-suboticu-milan-mazinjanin-klara-i-rosa\\\/\",\"name\":\"Knji\u017eevnost se vra\u0107a u Suboticu: Milan Mazinjanin\",\"isPartOf\":{\"@id\":\"https:\\\/\\\/www.klarairosa.com\\\/en\\\/#website\"},\"primaryImageOfPage\":{\"@id\":\"https:\\\/\\\/www.klarairosa.com\\\/knjizevnost-se-vraca-u-suboticu-milan-mazinjanin-klara-i-rosa\\\/#primaryimage\"},\"image\":{\"@id\":\"https:\\\/\\\/www.klarairosa.com\\\/knjizevnost-se-vraca-u-suboticu-milan-mazinjanin-klara-i-rosa\\\/#primaryimage\"},\"thumbnailUrl\":\"https:\\\/\\\/www.klarairosa.com\\\/wp-content\\\/uploads\\\/2026\\\/02\\\/Blue-Bold-Modern-Fashion-Coming-Soon-Poster-1352-x-1005-px-Instagram-Post-45-1352-x-1005-px.jpg\",\"datePublished\":\"2026-02-28T09:21:09+00:00\",\"dateModified\":\"2026-03-11T19:47:56+00:00\",\"description\":\"Predsavljamo mladog pesnika Milana Mazinjanina\u00a0koji je pro\u0161le godine izdao svoj pesni\u010dki prvenac \\\"Dan kad sam odlu\u010dio da ne budem ti\u0161ina\\\".\",\"breadcrumb\":{\"@id\":\"https:\\\/\\\/www.klarairosa.com\\\/knjizevnost-se-vraca-u-suboticu-milan-mazinjanin-klara-i-rosa\\\/#breadcrumb\"},\"inLanguage\":\"hu\",\"potentialAction\":[{\"@type\":\"ReadAction\",\"target\":[\"https:\\\/\\\/www.klarairosa.com\\\/knjizevnost-se-vraca-u-suboticu-milan-mazinjanin-klara-i-rosa\\\/\"]}]},{\"@type\":\"ImageObject\",\"inLanguage\":\"hu\",\"@id\":\"https:\\\/\\\/www.klarairosa.com\\\/knjizevnost-se-vraca-u-suboticu-milan-mazinjanin-klara-i-rosa\\\/#primaryimage\",\"url\":\"https:\\\/\\\/www.klarairosa.com\\\/wp-content\\\/uploads\\\/2026\\\/02\\\/Blue-Bold-Modern-Fashion-Coming-Soon-Poster-1352-x-1005-px-Instagram-Post-45-1352-x-1005-px.jpg\",\"contentUrl\":\"https:\\\/\\\/www.klarairosa.com\\\/wp-content\\\/uploads\\\/2026\\\/02\\\/Blue-Bold-Modern-Fashion-Coming-Soon-Poster-1352-x-1005-px-Instagram-Post-45-1352-x-1005-px.jpg\",\"width\":845,\"height\":628},{\"@type\":\"BreadcrumbList\",\"@id\":\"https:\\\/\\\/www.klarairosa.com\\\/knjizevnost-se-vraca-u-suboticu-milan-mazinjanin-klara-i-rosa\\\/#breadcrumb\",\"itemListElement\":[{\"@type\":\"ListItem\",\"position\":1,\"name\":\"Home\",\"item\":\"https:\\\/\\\/www.klarairosa.com\\\/\"},{\"@type\":\"ListItem\",\"position\":2,\"name\":\"Knji\u017eevnost se vra\u0107a u Suboticu: Milan Mazinjanin\"}]},{\"@type\":\"WebSite\",\"@id\":\"https:\\\/\\\/www.klarairosa.com\\\/en\\\/#website\",\"url\":\"https:\\\/\\\/www.klarairosa.com\\\/en\\\/\",\"name\":\"Klara i Rosa\",\"description\":\"Klara i Rosa\",\"publisher\":{\"@id\":\"https:\\\/\\\/www.klarairosa.com\\\/en\\\/#organization\"},\"potentialAction\":[{\"@type\":\"SearchAction\",\"target\":{\"@type\":\"EntryPoint\",\"urlTemplate\":\"https:\\\/\\\/www.klarairosa.com\\\/en\\\/?s={search_term_string}\"},\"query-input\":{\"@type\":\"PropertyValueSpecification\",\"valueRequired\":true,\"valueName\":\"search_term_string\"}}],\"inLanguage\":\"hu\"},{\"@type\":\"Organization\",\"@id\":\"https:\\\/\\\/www.klarairosa.com\\\/en\\\/#organization\",\"name\":\"Klara i Rosa\",\"url\":\"https:\\\/\\\/www.klarairosa.com\\\/en\\\/\",\"logo\":{\"@type\":\"ImageObject\",\"inLanguage\":\"hu\",\"@id\":\"https:\\\/\\\/www.klarairosa.com\\\/en\\\/#\\\/schema\\\/logo\\\/image\\\/\",\"url\":\"https:\\\/\\\/www.klarairosa.com\\\/wp-content\\\/uploads\\\/2022\\\/01\\\/logo.svg\",\"contentUrl\":\"https:\\\/\\\/www.klarairosa.com\\\/wp-content\\\/uploads\\\/2022\\\/01\\\/logo.svg\",\"width\":110,\"height\":139,\"caption\":\"Klara i Rosa\"},\"image\":{\"@id\":\"https:\\\/\\\/www.klarairosa.com\\\/en\\\/#\\\/schema\\\/logo\\\/image\\\/\"},\"sameAs\":[\"https:\\\/\\\/www.facebook.com\\\/klarairosa\\\/\",\"https:\\\/\\\/www.instagram.com\\\/ugklarairosa\\\/\"]},{\"@type\":\"Person\",\"@id\":\"https:\\\/\\\/www.klarairosa.com\\\/en\\\/#\\\/schema\\\/person\\\/e4e7e9e5c8eeeddccf61e4532ae8e6ed\",\"name\":\"Klara i Rosa\",\"image\":{\"@type\":\"ImageObject\",\"inLanguage\":\"hu\",\"@id\":\"https:\\\/\\\/secure.gravatar.com\\\/avatar\\\/c83ee539a067b9f57ae5d8999ae286c4f98b5c4bd943b8cbb64f6b0fc1f29e40?s=96&d=mm&r=g\",\"url\":\"https:\\\/\\\/secure.gravatar.com\\\/avatar\\\/c83ee539a067b9f57ae5d8999ae286c4f98b5c4bd943b8cbb64f6b0fc1f29e40?s=96&d=mm&r=g\",\"contentUrl\":\"https:\\\/\\\/secure.gravatar.com\\\/avatar\\\/c83ee539a067b9f57ae5d8999ae286c4f98b5c4bd943b8cbb64f6b0fc1f29e40?s=96&d=mm&r=g\",\"caption\":\"Klara i Rosa\"},\"sameAs\":[\"https:\\\/\\\/klarairosa.com\"],\"url\":\"https:\\\/\\\/www.klarairosa.com\\\/hu\\\/author\\\/rosaiklara\\\/\"}]}<\/script>\n<!-- \/ Yoast SEO plugin. -->","yoast_head_json":{"title":"Az irodalom visszat\u00e9r Szabadk\u00e1ra: Milan Mazinjanin","description":"Predsavljamo mladog pesnika Milana Mazinjanina\u00a0koji je pro\u0161le godine izdao svoj pesni\u010dki prvenac \"Dan kad sam odlu\u010dio da ne budem ti\u0161ina\".","robots":{"index":"index","follow":"follow","max-snippet":"max-snippet:-1","max-image-preview":"max-image-preview:large","max-video-preview":"max-video-preview:-1"},"canonical":"https:\/\/www.klarairosa.com\/hu\/knjizevnost-se-vraca-u-suboticu-milan-mazinjanin-klara-i-rosa\/","og_locale":"hu_HU","og_type":"article","og_title":"Knji\u017eevnost se vra\u0107a u Suboticu: Milan Mazinjanin","og_description":"Predsavljamo mladog pesnika Milana Mazinjanina\u00a0koji je pro\u0161le godine izdao svoj pesni\u010dki prvenac \"Dan kad sam odlu\u010dio da ne budem ti\u0161ina\".","og_url":"https:\/\/www.klarairosa.com\/hu\/knjizevnost-se-vraca-u-suboticu-milan-mazinjanin-klara-i-rosa\/","og_site_name":"Klara i Rosa","article_publisher":"https:\/\/www.facebook.com\/klarairosa\/","article_published_time":"2026-02-28T09:21:09+00:00","article_modified_time":"2026-03-11T19:47:56+00:00","og_image":[{"width":845,"height":628,"url":"https:\/\/www.klarairosa.com\/wp-content\/uploads\/2026\/02\/Blue-Bold-Modern-Fashion-Coming-Soon-Poster-1352-x-1005-px-Instagram-Post-45-1352-x-1005-px.jpg","type":"image\/jpeg"}],"author":"Klara i Rosa","twitter_card":"summary_large_image","twitter_misc":{"Szerz\u0151:":"Klara i Rosa","Becs\u00fclt olvas\u00e1si id\u0151":"2 perc"},"schema":{"@context":"https:\/\/schema.org","@graph":[{"@type":"Article","@id":"https:\/\/www.klarairosa.com\/knjizevnost-se-vraca-u-suboticu-milan-mazinjanin-klara-i-rosa\/#article","isPartOf":{"@id":"https:\/\/www.klarairosa.com\/knjizevnost-se-vraca-u-suboticu-milan-mazinjanin-klara-i-rosa\/"},"author":{"name":"Klara i Rosa","@id":"https:\/\/www.klarairosa.com\/en\/#\/schema\/person\/e4e7e9e5c8eeeddccf61e4532ae8e6ed"},"headline":"Knji\u017eevnost se vra\u0107a u Suboticu: Milan Mazinjanin","datePublished":"2026-02-28T09:21:09+00:00","dateModified":"2026-03-11T19:47:56+00:00","mainEntityOfPage":{"@id":"https:\/\/www.klarairosa.com\/knjizevnost-se-vraca-u-suboticu-milan-mazinjanin-klara-i-rosa\/"},"wordCount":233,"publisher":{"@id":"https:\/\/www.klarairosa.com\/en\/#organization"},"image":{"@id":"https:\/\/www.klarairosa.com\/knjizevnost-se-vraca-u-suboticu-milan-mazinjanin-klara-i-rosa\/#primaryimage"},"thumbnailUrl":"https:\/\/www.klarairosa.com\/wp-content\/uploads\/2026\/02\/Blue-Bold-Modern-Fashion-Coming-Soon-Poster-1352-x-1005-px-Instagram-Post-45-1352-x-1005-px.jpg","keywords":["Klara i Rosa","knij\u017eevnost","knjizevnost se vraca u suboticu","Milan Mazinjanin","poezija","stefan basaric","subotica"],"articleSection":["Aktuelno"],"inLanguage":"hu"},{"@type":"WebPage","@id":"https:\/\/www.klarairosa.com\/knjizevnost-se-vraca-u-suboticu-milan-mazinjanin-klara-i-rosa\/","url":"https:\/\/www.klarairosa.com\/knjizevnost-se-vraca-u-suboticu-milan-mazinjanin-klara-i-rosa\/","name":"Az irodalom visszat\u00e9r Szabadk\u00e1ra: Milan Mazinjanin","isPartOf":{"@id":"https:\/\/www.klarairosa.com\/en\/#website"},"primaryImageOfPage":{"@id":"https:\/\/www.klarairosa.com\/knjizevnost-se-vraca-u-suboticu-milan-mazinjanin-klara-i-rosa\/#primaryimage"},"image":{"@id":"https:\/\/www.klarairosa.com\/knjizevnost-se-vraca-u-suboticu-milan-mazinjanin-klara-i-rosa\/#primaryimage"},"thumbnailUrl":"https:\/\/www.klarairosa.com\/wp-content\/uploads\/2026\/02\/Blue-Bold-Modern-Fashion-Coming-Soon-Poster-1352-x-1005-px-Instagram-Post-45-1352-x-1005-px.jpg","datePublished":"2026-02-28T09:21:09+00:00","dateModified":"2026-03-11T19:47:56+00:00","description":"Predsavljamo mladog pesnika Milana Mazinjanina\u00a0koji je pro\u0161le godine izdao svoj pesni\u010dki prvenac \"Dan kad sam odlu\u010dio da ne budem ti\u0161ina\".","breadcrumb":{"@id":"https:\/\/www.klarairosa.com\/knjizevnost-se-vraca-u-suboticu-milan-mazinjanin-klara-i-rosa\/#breadcrumb"},"inLanguage":"hu","potentialAction":[{"@type":"ReadAction","target":["https:\/\/www.klarairosa.com\/knjizevnost-se-vraca-u-suboticu-milan-mazinjanin-klara-i-rosa\/"]}]},{"@type":"ImageObject","inLanguage":"hu","@id":"https:\/\/www.klarairosa.com\/knjizevnost-se-vraca-u-suboticu-milan-mazinjanin-klara-i-rosa\/#primaryimage","url":"https:\/\/www.klarairosa.com\/wp-content\/uploads\/2026\/02\/Blue-Bold-Modern-Fashion-Coming-Soon-Poster-1352-x-1005-px-Instagram-Post-45-1352-x-1005-px.jpg","contentUrl":"https:\/\/www.klarairosa.com\/wp-content\/uploads\/2026\/02\/Blue-Bold-Modern-Fashion-Coming-Soon-Poster-1352-x-1005-px-Instagram-Post-45-1352-x-1005-px.jpg","width":845,"height":628},{"@type":"BreadcrumbList","@id":"https:\/\/www.klarairosa.com\/knjizevnost-se-vraca-u-suboticu-milan-mazinjanin-klara-i-rosa\/#breadcrumb","itemListElement":[{"@type":"ListItem","position":1,"name":"Home","item":"https:\/\/www.klarairosa.com\/"},{"@type":"ListItem","position":2,"name":"Knji\u017eevnost se vra\u0107a u Suboticu: Milan Mazinjanin"}]},{"@type":"WebSite","@id":"https:\/\/www.klarairosa.com\/en\/#website","url":"https:\/\/www.klarairosa.com\/en\/","name":"Kl\u00e1ra \u00e9s Rosa Egyes\u00fclet","description":"Kl\u00e1ra \u00e9s Rosa Egyes\u00fclet","publisher":{"@id":"https:\/\/www.klarairosa.com\/en\/#organization"},"potentialAction":[{"@type":"SearchAction","target":{"@type":"EntryPoint","urlTemplate":"https:\/\/www.klarairosa.com\/en\/?s={search_term_string}"},"query-input":{"@type":"PropertyValueSpecification","valueRequired":true,"valueName":"search_term_string"}}],"inLanguage":"hu"},{"@type":"Organization","@id":"https:\/\/www.klarairosa.com\/en\/#organization","name":"Kl\u00e1ra \u00e9s Rosa Egyes\u00fclet","url":"https:\/\/www.klarairosa.com\/en\/","logo":{"@type":"ImageObject","inLanguage":"hu","@id":"https:\/\/www.klarairosa.com\/en\/#\/schema\/logo\/image\/","url":"https:\/\/www.klarairosa.com\/wp-content\/uploads\/2022\/01\/logo.svg","contentUrl":"https:\/\/www.klarairosa.com\/wp-content\/uploads\/2022\/01\/logo.svg","width":110,"height":139,"caption":"Klara i Rosa"},"image":{"@id":"https:\/\/www.klarairosa.com\/en\/#\/schema\/logo\/image\/"},"sameAs":["https:\/\/www.facebook.com\/klarairosa\/","https:\/\/www.instagram.com\/ugklarairosa\/"]},{"@type":"Person","@id":"https:\/\/www.klarairosa.com\/en\/#\/schema\/person\/e4e7e9e5c8eeeddccf61e4532ae8e6ed","name":"Kl\u00e1ra \u00e9s Rosa Egyes\u00fclet","image":{"@type":"ImageObject","inLanguage":"hu","@id":"https:\/\/secure.gravatar.com\/avatar\/c83ee539a067b9f57ae5d8999ae286c4f98b5c4bd943b8cbb64f6b0fc1f29e40?s=96&d=mm&r=g","url":"https:\/\/secure.gravatar.com\/avatar\/c83ee539a067b9f57ae5d8999ae286c4f98b5c4bd943b8cbb64f6b0fc1f29e40?s=96&d=mm&r=g","contentUrl":"https:\/\/secure.gravatar.com\/avatar\/c83ee539a067b9f57ae5d8999ae286c4f98b5c4bd943b8cbb64f6b0fc1f29e40?s=96&d=mm&r=g","caption":"Klara i Rosa"},"sameAs":["https:\/\/klarairosa.com"],"url":"https:\/\/www.klarairosa.com\/hu\/author\/rosaiklara\/"}]}},"_links":{"self":[{"href":"https:\/\/www.klarairosa.com\/hu\/wp-json\/wp\/v2\/posts\/24329","targetHints":{"allow":["GET"]}}],"collection":[{"href":"https:\/\/www.klarairosa.com\/hu\/wp-json\/wp\/v2\/posts"}],"about":[{"href":"https:\/\/www.klarairosa.com\/hu\/wp-json\/wp\/v2\/types\/post"}],"author":[{"embeddable":true,"href":"https:\/\/www.klarairosa.com\/hu\/wp-json\/wp\/v2\/users\/1"}],"replies":[{"embeddable":true,"href":"https:\/\/www.klarairosa.com\/hu\/wp-json\/wp\/v2\/comments?post=24329"}],"version-history":[{"count":7,"href":"https:\/\/www.klarairosa.com\/hu\/wp-json\/wp\/v2\/posts\/24329\/revisions"}],"predecessor-version":[{"id":24559,"href":"https:\/\/www.klarairosa.com\/hu\/wp-json\/wp\/v2\/posts\/24329\/revisions\/24559"}],"wp:featuredmedia":[{"embeddable":true,"href":"https:\/\/www.klarairosa.com\/hu\/wp-json\/wp\/v2\/media\/24463"}],"wp:attachment":[{"href":"https:\/\/www.klarairosa.com\/hu\/wp-json\/wp\/v2\/media?parent=24329"}],"wp:term":[{"taxonomy":"category","embeddable":true,"href":"https:\/\/www.klarairosa.com\/hu\/wp-json\/wp\/v2\/categories?post=24329"},{"taxonomy":"post_tag","embeddable":true,"href":"https:\/\/www.klarairosa.com\/hu\/wp-json\/wp\/v2\/tags?post=24329"}],"curies":[{"name":"wp","href":"https:\/\/api.w.org\/{rel}","templated":true}]}}