{"id":24262,"date":"2026-02-07T09:05:58","date_gmt":"2026-02-07T09:05:58","guid":{"rendered":"https:\/\/www.klarairosa.com\/?p=24262"},"modified":"2026-03-03T06:16:06","modified_gmt":"2026-03-03T06:16:06","slug":"kreativna-radionica-razglednica-za-decu","status":"publish","type":"post","link":"https:\/\/www.klarairosa.com\/hu\/kreativna-radionica-razglednica-za-decu\/","title":{"rendered":"Kreat\u00edv k\u00e9peslapk\u00e9sz\u00edt\u0151 m\u0171hely gyerekeknek"},"content":{"rendered":"<p style=\"text-align: justify;\" data-start=\"154\" data-end=\"340\" class=\" translation-block\">K\u00e9peslapk\u00e9sz\u00edt\u0151 m\u0171helymunk\u00e1ra v\u00e1rjuk <strong data-start=\"176\" data-end=\"191\">8 \u00e9s 12 \u00e9v<\/strong> k\u00f6z\u00f6tti koroszt\u00e1lyt, minden olyan gyerek j\u00f6het, aki szereti a <strong data-start=\"176\" data-end=\"191\">m\u0171v\u00e9szetet, vagdos\u00e1st \u00e9s ragaszt\u00e1st<\/strong>, \u00e9s m\u00e1r tudnak \u00f6n\u00e1ll\u00f3an b\u00e1nni az oll\u00f3val. \u2702\ufe0f<\/p>\n<p style=\"text-align: justify;\" data-start=\"154\" data-end=\"340\">.<\/p>\n<p style=\"text-align: justify;\" data-start=\"154\" data-end=\"340\"><strong>A m\u0171helyt febru\u00e1r 21-\u00e9n, szombaton 14 \u00f3r\u00e1t\u00f3l tartjuk a Kl\u00e1ra \u00e9s Rosa h\u00e1zban (Pet\u0151fi S\u00e1ndor u. 15.)<\/strong><\/p>\n<p style=\"text-align: justify;\" data-start=\"154\" data-end=\"340\">.<\/p>\n<p style=\"text-align: justify;\" data-start=\"342\" data-end=\"496\" class=\" translation-block\">A m\u0171hely <strong data-start=\"385\" data-end=\"423\">szerb, orosz \u00e9s angol nyelven<\/strong> zajlik, ez\u00e1ltal nyitott \u00e9s el\u00e9rhet\u0151 k\u00fcl\u00f6nb\u00f6z\u0151 nyelvi h\u00e1tter\u0171 gyerekek sz\u00e1m\u00e1ra.<\/p>\n<p style=\"text-align: justify;\" data-start=\"342\" data-end=\"496\">.<\/p>\n<p style=\"text-align: justify;\" data-start=\"498\" data-end=\"756\" class=\" translation-block\">A m\u0171helyen a gyerekek <strong data-start=\"530\" data-end=\"551\">saj\u00e1t kez\u00fck lenyomat\u00e1t<\/strong> fogj\u00e1k kiindul\u00f3 formak\u00e9nt haszn\u00e1lni, kombin\u00e1lva k\u00fcl\u00f6nb\u00f6z\u0151 sz\u00edn\u0171 pap\u00edrokat \u00e9s felragasztj\u00e1k \u0151ket <strong data-start=\"530\" data-end=\"551\">\u00e1llat, ember, vagy egy\u00e9b kital\u00e1lt alakzatok form\u00e1j\u00e1ban<\/strong>. A f\u00f3kusz a szabad kifejez\u00e9sen van \u2013 nincs m\u00e1sol\u00e1s, verseny, vagy sorrend \u00e1ll\u00edt\u00e1s.<\/p>\n<p style=\"text-align: justify;\" data-start=\"498\" data-end=\"756\">.<\/p>\n<p style=\"text-align: justify;\" data-start=\"758\" data-end=\"999\" class=\" translation-block\">A m\u0171hely vezet\u0151je <strong>Anastasia Erokhina \u2013 pszichol\u00f3gus \u00e9s pszichol\u00f3giatan\u00e1r<\/strong>, tapasztalattal rendelkezik gyerekekkel val\u00f3 munk\u00e1ban \u00e9s \u00f6nk\u00e9ntes munk\u00e1ban k\u00fcl\u00f6nb\u00f6z\u0151 kultur\u00e1lis kontextusokban.<\/p>\n<p style=\"text-align: justify;\" data-start=\"1001\" data-end=\"1083\" class=\" translation-block\">\ud83d\udcccA m\u0171hely <strong>ingyenes<\/strong>, de <strong>a jelentkez\u00e9s k\u00f6telez\u0151<\/strong>, a helyek sz\u00e1ma korl\u00e1tozott. <br data-start=\"1053\" data-end=\"1056\">Minden anyagot biztos\u00edtunk.<\/p>\n<p data-start=\"1001\" data-end=\"1083\">.<\/p>\n<p data-start=\"1001\" data-end=\"1083\"><strong>Jelentkezni az \u0171rlapon kereszt\u00fcl lehet: <a href=\"https:\/\/forms.gle\/sm4YT5nxVDJq9N819\">https:\/\/forms.gle\/sm4YT5nxVDJq9N819<\/a><\/strong><\/p>\n<p data-start=\"1001\" data-end=\"1083\">.<\/p>\n<p data-pm-slice=\"1 1 []\">-\u0274\u1d00s\u030c\u1d00 \u1d0f\u0280\u0262\u1d00\u0274\u026a\u1d22\u1d00\u1d04\u026a\u1d0a\u1d00 \u1d0a\u1d07 \u1d05\u1d0f\u0299\u026a\u029f\u1d00 \u1d18\u1d0f\u1d05\u0280s\u030c\u1d0b\u1d1c \u1d20\u029f\u1d00\u1d05\u1d07 s\u030c\u1d20\u1d00\u1d0a\u1d04\u1d00\u0280s\u1d0b\u1d07 \u1d0b\u0280\u1d0f\u1d22 \u1d18\u0280\u1d0f\u1d0a\u1d07\u1d0b\u1d00\u1d1b \u201e\u1d22\u1d00\u1d0a\u1d07\u1d05\u0274\u1d0f \u1d22\u1d00 \u1d00\u1d0b\u1d1b\u026a\u1d20\u0274\u1d0f \u0262\u0280\u1d00\u0111\u1d00\u0274s\u1d0b\u1d0f \u1d05\u0280\u1d1cs\u030c\u1d1b\u1d20\u1d0f \u2013 \u1d00\u1d04\u1d1b\u201d, \u1d0b\u1d0f\u1d0a\u026a s\u1d18\u0280\u1d0f\u1d20\u1d0f\u1d05\u1d07 \u029c\u1d07\u029f\u1d20\u1d07\u1d1b\u1d00s s\u0280\u0299\u026a\u1d0a\u1d00 \u026a \u0262\u0280\u1d00\u0111\u1d00\u0274s\u1d0b\u1d07 \u026a\u0274\u026a\u1d04\u026a\u1d0a\u1d00\u1d1b\u026a\u1d20\u1d07. \u201e\u1d22\u1d00\u1d0a\u1d07\u1d05\u0274\u1d0f \u1d22\u1d00 \u1d00\u1d0b\u1d1b\u026a\u1d20\u0274\u1d0f \u0262\u0280\u1d00\u0111\u1d00\u0274s\u1d0b\u1d0f \u1d05\u0280\u1d1cs\u030c\u1d1b\u1d20\u1d0f \u2013 \u1d00\u1d04\u1d1b\u201d<\/p>","protected":false},"excerpt":{"rendered":"<p>Pozivamo decu uzrasta 8\u201312 godina na kreativnu radionicu izrade razglednica, namenjenu svima koji vole umetnost,&#8230;<\/p>","protected":false},"author":1,"featured_media":24263,"comment_status":"closed","ping_status":"closed","sticky":false,"template":"","format":"standard","meta":{"content-type":"","inline_featured_image":false,"footnotes":""},"categories":[109],"tags":[509,124,823,836,152,839],"class_list":["post-24262","post","type-post","status-publish","format-standard","has-post-thumbnail","hentry","category-aktuelno","tag-act-projekat","tag-klara-i-rosa","tag-kreativnost","tag-radionica-za-decu","tag-subotica","tag-workshop-for-kids"],"yoast_head":"<!-- This site is optimized with the Yoast SEO plugin v27.5 - https:\/\/yoast.com\/product\/yoast-seo-wordpress\/ -->\n<title>Kreativna radionica razglednica za decu - Klara i Rosa<\/title>\n<meta name=\"robots\" content=\"index, follow, max-snippet:-1, max-image-preview:large, max-video-preview:-1\" \/>\n<link rel=\"canonical\" href=\"https:\/\/www.klarairosa.com\/hu\/kreativna-radionica-razglednica-za-decu\/\" \/>\n<meta property=\"og:locale\" content=\"hu_HU\" \/>\n<meta property=\"og:type\" content=\"article\" \/>\n<meta property=\"og:title\" content=\"Kreativna radionica razglednica za decu - Klara i Rosa\" \/>\n<meta property=\"og:description\" content=\"Pozivamo decu uzrasta 8\u201312 godina na kreativnu radionicu izrade razglednica, namenjenu svima koji vole umetnost,...\" \/>\n<meta property=\"og:url\" content=\"https:\/\/www.klarairosa.com\/hu\/kreativna-radionica-razglednica-za-decu\/\" \/>\n<meta property=\"og:site_name\" content=\"Klara i Rosa\" \/>\n<meta property=\"article:publisher\" content=\"https:\/\/www.facebook.com\/klarairosa\/\" \/>\n<meta property=\"article:published_time\" content=\"2026-02-07T09:05:58+00:00\" \/>\n<meta property=\"article:modified_time\" content=\"2026-03-03T06:16:06+00:00\" \/>\n<meta property=\"og:image\" content=\"https:\/\/www.klarairosa.com\/wp-content\/uploads\/2026\/02\/ANASTASIA.jpg\" \/>\n\t<meta property=\"og:image:width\" content=\"1183\" \/>\n\t<meta property=\"og:image:height\" content=\"879\" \/>\n\t<meta property=\"og:image:type\" content=\"image\/jpeg\" \/>\n<meta name=\"author\" content=\"Klara i Rosa\" \/>\n<meta name=\"twitter:card\" content=\"summary_large_image\" \/>\n<meta name=\"twitter:label1\" content=\"Szerz\u0151:\" \/>\n\t<meta name=\"twitter:data1\" content=\"Klara i Rosa\" \/>\n\t<meta name=\"twitter:label2\" content=\"Becs\u00fclt olvas\u00e1si id\u0151\" \/>\n\t<meta name=\"twitter:data2\" content=\"1 perc\" \/>\n<script type=\"application\/ld+json\" class=\"yoast-schema-graph\">{\"@context\":\"https:\\\/\\\/schema.org\",\"@graph\":[{\"@type\":\"Article\",\"@id\":\"https:\\\/\\\/www.klarairosa.com\\\/kreativna-radionica-razglednica-za-decu\\\/#article\",\"isPartOf\":{\"@id\":\"https:\\\/\\\/www.klarairosa.com\\\/kreativna-radionica-razglednica-za-decu\\\/\"},\"author\":{\"name\":\"Klara i Rosa\",\"@id\":\"https:\\\/\\\/www.klarairosa.com\\\/en\\\/#\\\/schema\\\/person\\\/e4e7e9e5c8eeeddccf61e4532ae8e6ed\"},\"headline\":\"Kreativna radionica razglednica za decu\",\"datePublished\":\"2026-02-07T09:05:58+00:00\",\"dateModified\":\"2026-03-03T06:16:06+00:00\",\"mainEntityOfPage\":{\"@id\":\"https:\\\/\\\/www.klarairosa.com\\\/kreativna-radionica-razglednica-za-decu\\\/\"},\"wordCount\":174,\"publisher\":{\"@id\":\"https:\\\/\\\/www.klarairosa.com\\\/en\\\/#organization\"},\"image\":{\"@id\":\"https:\\\/\\\/www.klarairosa.com\\\/kreativna-radionica-razglednica-za-decu\\\/#primaryimage\"},\"thumbnailUrl\":\"https:\\\/\\\/www.klarairosa.com\\\/wp-content\\\/uploads\\\/2026\\\/02\\\/ANASTASIA.jpg\",\"keywords\":[\"act projekat\",\"Klara i Rosa\",\"kreativnost\",\"radionica za decu\",\"subotica\",\"workshop for kids\"],\"articleSection\":[\"Aktuelno\"],\"inLanguage\":\"hu\"},{\"@type\":\"WebPage\",\"@id\":\"https:\\\/\\\/www.klarairosa.com\\\/kreativna-radionica-razglednica-za-decu\\\/\",\"url\":\"https:\\\/\\\/www.klarairosa.com\\\/kreativna-radionica-razglednica-za-decu\\\/\",\"name\":\"Kreativna radionica razglednica za decu - Klara i Rosa\",\"isPartOf\":{\"@id\":\"https:\\\/\\\/www.klarairosa.com\\\/en\\\/#website\"},\"primaryImageOfPage\":{\"@id\":\"https:\\\/\\\/www.klarairosa.com\\\/kreativna-radionica-razglednica-za-decu\\\/#primaryimage\"},\"image\":{\"@id\":\"https:\\\/\\\/www.klarairosa.com\\\/kreativna-radionica-razglednica-za-decu\\\/#primaryimage\"},\"thumbnailUrl\":\"https:\\\/\\\/www.klarairosa.com\\\/wp-content\\\/uploads\\\/2026\\\/02\\\/ANASTASIA.jpg\",\"datePublished\":\"2026-02-07T09:05:58+00:00\",\"dateModified\":\"2026-03-03T06:16:06+00:00\",\"breadcrumb\":{\"@id\":\"https:\\\/\\\/www.klarairosa.com\\\/kreativna-radionica-razglednica-za-decu\\\/#breadcrumb\"},\"inLanguage\":\"hu\",\"potentialAction\":[{\"@type\":\"ReadAction\",\"target\":[\"https:\\\/\\\/www.klarairosa.com\\\/kreativna-radionica-razglednica-za-decu\\\/\"]}]},{\"@type\":\"ImageObject\",\"inLanguage\":\"hu\",\"@id\":\"https:\\\/\\\/www.klarairosa.com\\\/kreativna-radionica-razglednica-za-decu\\\/#primaryimage\",\"url\":\"https:\\\/\\\/www.klarairosa.com\\\/wp-content\\\/uploads\\\/2026\\\/02\\\/ANASTASIA.jpg\",\"contentUrl\":\"https:\\\/\\\/www.klarairosa.com\\\/wp-content\\\/uploads\\\/2026\\\/02\\\/ANASTASIA.jpg\",\"width\":1183,\"height\":879},{\"@type\":\"BreadcrumbList\",\"@id\":\"https:\\\/\\\/www.klarairosa.com\\\/kreativna-radionica-razglednica-za-decu\\\/#breadcrumb\",\"itemListElement\":[{\"@type\":\"ListItem\",\"position\":1,\"name\":\"Home\",\"item\":\"https:\\\/\\\/www.klarairosa.com\\\/\"},{\"@type\":\"ListItem\",\"position\":2,\"name\":\"Kreativna radionica razglednica za decu\"}]},{\"@type\":\"WebSite\",\"@id\":\"https:\\\/\\\/www.klarairosa.com\\\/en\\\/#website\",\"url\":\"https:\\\/\\\/www.klarairosa.com\\\/en\\\/\",\"name\":\"Klara i Rosa\",\"description\":\"Klara i Rosa\",\"publisher\":{\"@id\":\"https:\\\/\\\/www.klarairosa.com\\\/en\\\/#organization\"},\"potentialAction\":[{\"@type\":\"SearchAction\",\"target\":{\"@type\":\"EntryPoint\",\"urlTemplate\":\"https:\\\/\\\/www.klarairosa.com\\\/en\\\/?s={search_term_string}\"},\"query-input\":{\"@type\":\"PropertyValueSpecification\",\"valueRequired\":true,\"valueName\":\"search_term_string\"}}],\"inLanguage\":\"hu\"},{\"@type\":\"Organization\",\"@id\":\"https:\\\/\\\/www.klarairosa.com\\\/en\\\/#organization\",\"name\":\"Klara i Rosa\",\"url\":\"https:\\\/\\\/www.klarairosa.com\\\/en\\\/\",\"logo\":{\"@type\":\"ImageObject\",\"inLanguage\":\"hu\",\"@id\":\"https:\\\/\\\/www.klarairosa.com\\\/en\\\/#\\\/schema\\\/logo\\\/image\\\/\",\"url\":\"https:\\\/\\\/www.klarairosa.com\\\/wp-content\\\/uploads\\\/2022\\\/01\\\/logo.svg\",\"contentUrl\":\"https:\\\/\\\/www.klarairosa.com\\\/wp-content\\\/uploads\\\/2022\\\/01\\\/logo.svg\",\"width\":110,\"height\":139,\"caption\":\"Klara i Rosa\"},\"image\":{\"@id\":\"https:\\\/\\\/www.klarairosa.com\\\/en\\\/#\\\/schema\\\/logo\\\/image\\\/\"},\"sameAs\":[\"https:\\\/\\\/www.facebook.com\\\/klarairosa\\\/\",\"https:\\\/\\\/www.instagram.com\\\/ugklarairosa\\\/\"]},{\"@type\":\"Person\",\"@id\":\"https:\\\/\\\/www.klarairosa.com\\\/en\\\/#\\\/schema\\\/person\\\/e4e7e9e5c8eeeddccf61e4532ae8e6ed\",\"name\":\"Klara i Rosa\",\"image\":{\"@type\":\"ImageObject\",\"inLanguage\":\"hu\",\"@id\":\"https:\\\/\\\/secure.gravatar.com\\\/avatar\\\/c83ee539a067b9f57ae5d8999ae286c4f98b5c4bd943b8cbb64f6b0fc1f29e40?s=96&d=mm&r=g\",\"url\":\"https:\\\/\\\/secure.gravatar.com\\\/avatar\\\/c83ee539a067b9f57ae5d8999ae286c4f98b5c4bd943b8cbb64f6b0fc1f29e40?s=96&d=mm&r=g\",\"contentUrl\":\"https:\\\/\\\/secure.gravatar.com\\\/avatar\\\/c83ee539a067b9f57ae5d8999ae286c4f98b5c4bd943b8cbb64f6b0fc1f29e40?s=96&d=mm&r=g\",\"caption\":\"Klara i Rosa\"},\"sameAs\":[\"https:\\\/\\\/klarairosa.com\"],\"url\":\"https:\\\/\\\/www.klarairosa.com\\\/hu\\\/author\\\/rosaiklara\\\/\"}]}<\/script>\n<!-- \/ Yoast SEO plugin. -->","yoast_head_json":{"title":"Kreativna radionica razglednica za decu - Klara i Rosa","robots":{"index":"index","follow":"follow","max-snippet":"max-snippet:-1","max-image-preview":"max-image-preview:large","max-video-preview":"max-video-preview:-1"},"canonical":"https:\/\/www.klarairosa.com\/hu\/kreativna-radionica-razglednica-za-decu\/","og_locale":"hu_HU","og_type":"article","og_title":"Kreativna radionica razglednica za decu - Klara i Rosa","og_description":"Pozivamo decu uzrasta 8\u201312 godina na kreativnu radionicu izrade razglednica, namenjenu svima koji vole umetnost,...","og_url":"https:\/\/www.klarairosa.com\/hu\/kreativna-radionica-razglednica-za-decu\/","og_site_name":"Klara i Rosa","article_publisher":"https:\/\/www.facebook.com\/klarairosa\/","article_published_time":"2026-02-07T09:05:58+00:00","article_modified_time":"2026-03-03T06:16:06+00:00","og_image":[{"width":1183,"height":879,"url":"https:\/\/www.klarairosa.com\/wp-content\/uploads\/2026\/02\/ANASTASIA.jpg","type":"image\/jpeg"}],"author":"Klara i Rosa","twitter_card":"summary_large_image","twitter_misc":{"Szerz\u0151:":"Klara i Rosa","Becs\u00fclt olvas\u00e1si id\u0151":"1 perc"},"schema":{"@context":"https:\/\/schema.org","@graph":[{"@type":"Article","@id":"https:\/\/www.klarairosa.com\/kreativna-radionica-razglednica-za-decu\/#article","isPartOf":{"@id":"https:\/\/www.klarairosa.com\/kreativna-radionica-razglednica-za-decu\/"},"author":{"name":"Klara i Rosa","@id":"https:\/\/www.klarairosa.com\/en\/#\/schema\/person\/e4e7e9e5c8eeeddccf61e4532ae8e6ed"},"headline":"Kreativna radionica razglednica za decu","datePublished":"2026-02-07T09:05:58+00:00","dateModified":"2026-03-03T06:16:06+00:00","mainEntityOfPage":{"@id":"https:\/\/www.klarairosa.com\/kreativna-radionica-razglednica-za-decu\/"},"wordCount":174,"publisher":{"@id":"https:\/\/www.klarairosa.com\/en\/#organization"},"image":{"@id":"https:\/\/www.klarairosa.com\/kreativna-radionica-razglednica-za-decu\/#primaryimage"},"thumbnailUrl":"https:\/\/www.klarairosa.com\/wp-content\/uploads\/2026\/02\/ANASTASIA.jpg","keywords":["act projekat","Klara i Rosa","kreativnost","radionica za decu","subotica","workshop for kids"],"articleSection":["Aktuelno"],"inLanguage":"hu"},{"@type":"WebPage","@id":"https:\/\/www.klarairosa.com\/kreativna-radionica-razglednica-za-decu\/","url":"https:\/\/www.klarairosa.com\/kreativna-radionica-razglednica-za-decu\/","name":"Kreativna radionica razglednica za decu - Klara i Rosa","isPartOf":{"@id":"https:\/\/www.klarairosa.com\/en\/#website"},"primaryImageOfPage":{"@id":"https:\/\/www.klarairosa.com\/kreativna-radionica-razglednica-za-decu\/#primaryimage"},"image":{"@id":"https:\/\/www.klarairosa.com\/kreativna-radionica-razglednica-za-decu\/#primaryimage"},"thumbnailUrl":"https:\/\/www.klarairosa.com\/wp-content\/uploads\/2026\/02\/ANASTASIA.jpg","datePublished":"2026-02-07T09:05:58+00:00","dateModified":"2026-03-03T06:16:06+00:00","breadcrumb":{"@id":"https:\/\/www.klarairosa.com\/kreativna-radionica-razglednica-za-decu\/#breadcrumb"},"inLanguage":"hu","potentialAction":[{"@type":"ReadAction","target":["https:\/\/www.klarairosa.com\/kreativna-radionica-razglednica-za-decu\/"]}]},{"@type":"ImageObject","inLanguage":"hu","@id":"https:\/\/www.klarairosa.com\/kreativna-radionica-razglednica-za-decu\/#primaryimage","url":"https:\/\/www.klarairosa.com\/wp-content\/uploads\/2026\/02\/ANASTASIA.jpg","contentUrl":"https:\/\/www.klarairosa.com\/wp-content\/uploads\/2026\/02\/ANASTASIA.jpg","width":1183,"height":879},{"@type":"BreadcrumbList","@id":"https:\/\/www.klarairosa.com\/kreativna-radionica-razglednica-za-decu\/#breadcrumb","itemListElement":[{"@type":"ListItem","position":1,"name":"Home","item":"https:\/\/www.klarairosa.com\/"},{"@type":"ListItem","position":2,"name":"Kreativna radionica razglednica za decu"}]},{"@type":"WebSite","@id":"https:\/\/www.klarairosa.com\/en\/#website","url":"https:\/\/www.klarairosa.com\/en\/","name":"Kl\u00e1ra \u00e9s Rosa Egyes\u00fclet","description":"Kl\u00e1ra \u00e9s Rosa Egyes\u00fclet","publisher":{"@id":"https:\/\/www.klarairosa.com\/en\/#organization"},"potentialAction":[{"@type":"SearchAction","target":{"@type":"EntryPoint","urlTemplate":"https:\/\/www.klarairosa.com\/en\/?s={search_term_string}"},"query-input":{"@type":"PropertyValueSpecification","valueRequired":true,"valueName":"search_term_string"}}],"inLanguage":"hu"},{"@type":"Organization","@id":"https:\/\/www.klarairosa.com\/en\/#organization","name":"Kl\u00e1ra \u00e9s Rosa Egyes\u00fclet","url":"https:\/\/www.klarairosa.com\/en\/","logo":{"@type":"ImageObject","inLanguage":"hu","@id":"https:\/\/www.klarairosa.com\/en\/#\/schema\/logo\/image\/","url":"https:\/\/www.klarairosa.com\/wp-content\/uploads\/2022\/01\/logo.svg","contentUrl":"https:\/\/www.klarairosa.com\/wp-content\/uploads\/2022\/01\/logo.svg","width":110,"height":139,"caption":"Klara i Rosa"},"image":{"@id":"https:\/\/www.klarairosa.com\/en\/#\/schema\/logo\/image\/"},"sameAs":["https:\/\/www.facebook.com\/klarairosa\/","https:\/\/www.instagram.com\/ugklarairosa\/"]},{"@type":"Person","@id":"https:\/\/www.klarairosa.com\/en\/#\/schema\/person\/e4e7e9e5c8eeeddccf61e4532ae8e6ed","name":"Kl\u00e1ra \u00e9s Rosa Egyes\u00fclet","image":{"@type":"ImageObject","inLanguage":"hu","@id":"https:\/\/secure.gravatar.com\/avatar\/c83ee539a067b9f57ae5d8999ae286c4f98b5c4bd943b8cbb64f6b0fc1f29e40?s=96&d=mm&r=g","url":"https:\/\/secure.gravatar.com\/avatar\/c83ee539a067b9f57ae5d8999ae286c4f98b5c4bd943b8cbb64f6b0fc1f29e40?s=96&d=mm&r=g","contentUrl":"https:\/\/secure.gravatar.com\/avatar\/c83ee539a067b9f57ae5d8999ae286c4f98b5c4bd943b8cbb64f6b0fc1f29e40?s=96&d=mm&r=g","caption":"Klara i Rosa"},"sameAs":["https:\/\/klarairosa.com"],"url":"https:\/\/www.klarairosa.com\/hu\/author\/rosaiklara\/"}]}},"_links":{"self":[{"href":"https:\/\/www.klarairosa.com\/hu\/wp-json\/wp\/v2\/posts\/24262","targetHints":{"allow":["GET"]}}],"collection":[{"href":"https:\/\/www.klarairosa.com\/hu\/wp-json\/wp\/v2\/posts"}],"about":[{"href":"https:\/\/www.klarairosa.com\/hu\/wp-json\/wp\/v2\/types\/post"}],"author":[{"embeddable":true,"href":"https:\/\/www.klarairosa.com\/hu\/wp-json\/wp\/v2\/users\/1"}],"replies":[{"embeddable":true,"href":"https:\/\/www.klarairosa.com\/hu\/wp-json\/wp\/v2\/comments?post=24262"}],"version-history":[{"count":2,"href":"https:\/\/www.klarairosa.com\/hu\/wp-json\/wp\/v2\/posts\/24262\/revisions"}],"predecessor-version":[{"id":24487,"href":"https:\/\/www.klarairosa.com\/hu\/wp-json\/wp\/v2\/posts\/24262\/revisions\/24487"}],"wp:featuredmedia":[{"embeddable":true,"href":"https:\/\/www.klarairosa.com\/hu\/wp-json\/wp\/v2\/media\/24263"}],"wp:attachment":[{"href":"https:\/\/www.klarairosa.com\/hu\/wp-json\/wp\/v2\/media?parent=24262"}],"wp:term":[{"taxonomy":"category","embeddable":true,"href":"https:\/\/www.klarairosa.com\/hu\/wp-json\/wp\/v2\/categories?post=24262"},{"taxonomy":"post_tag","embeddable":true,"href":"https:\/\/www.klarairosa.com\/hu\/wp-json\/wp\/v2\/tags?post=24262"}],"curies":[{"name":"wp","href":"https:\/\/api.w.org\/{rel}","templated":true}]}}