{"id":24088,"date":"2026-01-23T08:09:41","date_gmt":"2026-01-23T08:09:41","guid":{"rendered":"https:\/\/www.klarairosa.com\/?p=24088"},"modified":"2026-01-23T08:09:41","modified_gmt":"2026-01-23T08:09:41","slug":"klara-i-rosa-traze-saradnicu-saradnika","status":"publish","type":"post","link":"https:\/\/www.klarairosa.com\/hu\/klara-i-rosa-traze-saradnicu-saradnika\/","title":{"rendered":"Kl\u00e1ra \u00e9s Rosa munkat\u00e1rsat keres!"},"content":{"rendered":"<p class=\" translation-block\">Ha szereted a t\u00e1bl\u00e1zatokat, sz\u00e1mokat \u00e9s rendet,<br>\nha k\u00e9pes vagy kivonatokat, szerz\u0151d\u00e9seket \u00f6ssze\u00e1ll\u00edtani, leellen\u0151rizni, hogy minden a szab\u00e1lyoknak megfelel\u0151en t\u00f6rt\u00e9nik-e,<br>\nha tudod, hogyan kezeld a p\u00e9nz\u00fcgyeket,<br>\n\u00e9s ugyanakkor \u00fagy \u00e9rzed, egy kis strukt\u00far\u00e1t, letisztults\u00e1got \u00e9s \u00fczleti logik\u00e1t tudn\u00e1l vinni a m\u0171v\u00e9szi k\u00e1oszunkba,<br>\nakkor l\u00e9pj kapcsolatba vel\u00fcnk.<\/p>\n<p class=\" translation-block\">.<br>\nMinden projekt \u00faj kaland.<br>\nSemmi sem biztos el\u0151re, viszont \u00e9l\u0151, jelent\u0151s\u00e9gteljes \u00e9s k\u00f6z\u00f6ss\u00e9gi.<\/p>\n<p class=\" translation-block\">.<br>\n<strong>FELEL\u0150SS\u00c9GTELJES, RUGALMAS \u00e9s PROAKT\u00cdV<\/strong> szem\u00e9lyt keres\u00fcnk, aki szeretne r\u00e9sze lenni a csapatnak, aki l\u00e1tja, hogyan tud a nonprofit szektor fennmaradni, \u00e9s egyet\u00e9rt vele,<br>\n\u00e9s aki szeretne vel\u00fcnk egy\u00fctt n\u00f6vekedni.<\/p>\n<p class=\" translation-block\">.<br>\nHa nem tudsz mindent, rendben van.<br> \nHa szeretn\u00e9l beletanulni, nek\u00fcnk az fontosabb.<\/p>\n<p class=\" translation-block\">.<br>\nJelentkezz.<br>\n Szeretn\u00e9nk megismerni.<\/p>\n<p>.<br \/>\n<strong>K\u00fcldd el \u00f6n\u00e9letrajzodat \u00e9s motiv\u00e1ci\u00f3s leveledet a klarairosa@gmail.com c\u00edmre.<\/strong><\/p>","protected":false},"excerpt":{"rendered":"<p>Ako voli\u0161 tabele, brojeve i red, ako ume\u0161 da sastavlja\u0161 izve\u0161taje, ugovore, proverava\u0161 da li&#8230;<\/p>","protected":false},"author":1,"featured_media":24089,"comment_status":"closed","ping_status":"closed","sticky":false,"template":"","format":"standard","meta":{"content-type":"","inline_featured_image":false,"footnotes":""},"categories":[109],"tags":[811,124,152],"class_list":["post-24088","post","type-post","status-publish","format-standard","has-post-thumbnail","hentry","category-aktuelno","tag-811","tag-klara-i-rosa","tag-subotica"],"yoast_head":"<!-- This site is optimized with the Yoast SEO plugin v27.5 - https:\/\/yoast.com\/product\/yoast-seo-wordpress\/ -->\n<title>KLARA I ROSA TRA\u017dE SARADNICU\/SARADNIKA! - Klara i Rosa<\/title>\n<meta name=\"robots\" content=\"index, follow, max-snippet:-1, max-image-preview:large, max-video-preview:-1\" \/>\n<link rel=\"canonical\" href=\"https:\/\/www.klarairosa.com\/hu\/klara-i-rosa-traze-saradnicu-saradnika\/\" \/>\n<meta property=\"og:locale\" content=\"hu_HU\" \/>\n<meta property=\"og:type\" content=\"article\" \/>\n<meta property=\"og:title\" content=\"KLARA I ROSA TRA\u017dE SARADNICU\/SARADNIKA! - Klara i Rosa\" \/>\n<meta property=\"og:description\" content=\"Ako voli\u0161 tabele, brojeve i red, ako ume\u0161 da sastavlja\u0161 izve\u0161taje, ugovore, proverava\u0161 da li...\" \/>\n<meta property=\"og:url\" content=\"https:\/\/www.klarairosa.com\/hu\/klara-i-rosa-traze-saradnicu-saradnika\/\" \/>\n<meta property=\"og:site_name\" content=\"Klara i Rosa\" \/>\n<meta property=\"article:publisher\" content=\"https:\/\/www.facebook.com\/klarairosa\/\" \/>\n<meta property=\"article:published_time\" content=\"2026-01-23T08:09:41+00:00\" \/>\n<meta property=\"og:image\" content=\"https:\/\/www.klarairosa.com\/wp-content\/uploads\/2026\/01\/OGLAS-ZA-SAJT.jpg\" \/>\n\t<meta property=\"og:image:width\" content=\"1352\" \/>\n\t<meta property=\"og:image:height\" content=\"1005\" \/>\n\t<meta property=\"og:image:type\" content=\"image\/jpeg\" \/>\n<meta name=\"author\" content=\"Klara i Rosa\" \/>\n<meta name=\"twitter:card\" content=\"summary_large_image\" \/>\n<meta name=\"twitter:label1\" content=\"Szerz\u0151:\" \/>\n\t<meta name=\"twitter:data1\" content=\"Klara i Rosa\" \/>\n\t<meta name=\"twitter:label2\" content=\"Becs\u00fclt olvas\u00e1si id\u0151\" \/>\n\t<meta name=\"twitter:data2\" content=\"1 perc\" \/>\n<script type=\"application\/ld+json\" class=\"yoast-schema-graph\">{\"@context\":\"https:\\\/\\\/schema.org\",\"@graph\":[{\"@type\":\"Article\",\"@id\":\"https:\\\/\\\/www.klarairosa.com\\\/klara-i-rosa-traze-saradnicu-saradnika\\\/#article\",\"isPartOf\":{\"@id\":\"https:\\\/\\\/www.klarairosa.com\\\/klara-i-rosa-traze-saradnicu-saradnika\\\/\"},\"author\":{\"name\":\"Klara i Rosa\",\"@id\":\"https:\\\/\\\/www.klarairosa.com\\\/en\\\/#\\\/schema\\\/person\\\/e4e7e9e5c8eeeddccf61e4532ae8e6ed\"},\"headline\":\"KLARA I ROSA TRA\u017dE SARADNICU\\\/SARADNIKA!\",\"datePublished\":\"2026-01-23T08:09:41+00:00\",\"mainEntityOfPage\":{\"@id\":\"https:\\\/\\\/www.klarairosa.com\\\/klara-i-rosa-traze-saradnicu-saradnika\\\/\"},\"wordCount\":141,\"publisher\":{\"@id\":\"https:\\\/\\\/www.klarairosa.com\\\/en\\\/#organization\"},\"image\":{\"@id\":\"https:\\\/\\\/www.klarairosa.com\\\/klara-i-rosa-traze-saradnicu-saradnika\\\/#primaryimage\"},\"thumbnailUrl\":\"https:\\\/\\\/www.klarairosa.com\\\/wp-content\\\/uploads\\\/2026\\\/01\\\/OGLAS-ZA-SAJT.jpg\",\"keywords\":[\"2026\",\"Klara i Rosa\",\"subotica\"],\"articleSection\":[\"Aktuelno\"],\"inLanguage\":\"hu\"},{\"@type\":\"WebPage\",\"@id\":\"https:\\\/\\\/www.klarairosa.com\\\/klara-i-rosa-traze-saradnicu-saradnika\\\/\",\"url\":\"https:\\\/\\\/www.klarairosa.com\\\/klara-i-rosa-traze-saradnicu-saradnika\\\/\",\"name\":\"KLARA I ROSA TRA\u017dE SARADNICU\\\/SARADNIKA! - Klara i Rosa\",\"isPartOf\":{\"@id\":\"https:\\\/\\\/www.klarairosa.com\\\/en\\\/#website\"},\"primaryImageOfPage\":{\"@id\":\"https:\\\/\\\/www.klarairosa.com\\\/klara-i-rosa-traze-saradnicu-saradnika\\\/#primaryimage\"},\"image\":{\"@id\":\"https:\\\/\\\/www.klarairosa.com\\\/klara-i-rosa-traze-saradnicu-saradnika\\\/#primaryimage\"},\"thumbnailUrl\":\"https:\\\/\\\/www.klarairosa.com\\\/wp-content\\\/uploads\\\/2026\\\/01\\\/OGLAS-ZA-SAJT.jpg\",\"datePublished\":\"2026-01-23T08:09:41+00:00\",\"breadcrumb\":{\"@id\":\"https:\\\/\\\/www.klarairosa.com\\\/klara-i-rosa-traze-saradnicu-saradnika\\\/#breadcrumb\"},\"inLanguage\":\"hu\",\"potentialAction\":[{\"@type\":\"ReadAction\",\"target\":[\"https:\\\/\\\/www.klarairosa.com\\\/klara-i-rosa-traze-saradnicu-saradnika\\\/\"]}]},{\"@type\":\"ImageObject\",\"inLanguage\":\"hu\",\"@id\":\"https:\\\/\\\/www.klarairosa.com\\\/klara-i-rosa-traze-saradnicu-saradnika\\\/#primaryimage\",\"url\":\"https:\\\/\\\/www.klarairosa.com\\\/wp-content\\\/uploads\\\/2026\\\/01\\\/OGLAS-ZA-SAJT.jpg\",\"contentUrl\":\"https:\\\/\\\/www.klarairosa.com\\\/wp-content\\\/uploads\\\/2026\\\/01\\\/OGLAS-ZA-SAJT.jpg\",\"width\":1352,\"height\":1005},{\"@type\":\"BreadcrumbList\",\"@id\":\"https:\\\/\\\/www.klarairosa.com\\\/klara-i-rosa-traze-saradnicu-saradnika\\\/#breadcrumb\",\"itemListElement\":[{\"@type\":\"ListItem\",\"position\":1,\"name\":\"Home\",\"item\":\"https:\\\/\\\/www.klarairosa.com\\\/\"},{\"@type\":\"ListItem\",\"position\":2,\"name\":\"KLARA I ROSA TRA\u017dE SARADNICU\\\/SARADNIKA!\"}]},{\"@type\":\"WebSite\",\"@id\":\"https:\\\/\\\/www.klarairosa.com\\\/en\\\/#website\",\"url\":\"https:\\\/\\\/www.klarairosa.com\\\/en\\\/\",\"name\":\"Klara i Rosa\",\"description\":\"Klara i Rosa\",\"publisher\":{\"@id\":\"https:\\\/\\\/www.klarairosa.com\\\/en\\\/#organization\"},\"potentialAction\":[{\"@type\":\"SearchAction\",\"target\":{\"@type\":\"EntryPoint\",\"urlTemplate\":\"https:\\\/\\\/www.klarairosa.com\\\/en\\\/?s={search_term_string}\"},\"query-input\":{\"@type\":\"PropertyValueSpecification\",\"valueRequired\":true,\"valueName\":\"search_term_string\"}}],\"inLanguage\":\"hu\"},{\"@type\":\"Organization\",\"@id\":\"https:\\\/\\\/www.klarairosa.com\\\/en\\\/#organization\",\"name\":\"Klara i Rosa\",\"url\":\"https:\\\/\\\/www.klarairosa.com\\\/en\\\/\",\"logo\":{\"@type\":\"ImageObject\",\"inLanguage\":\"hu\",\"@id\":\"https:\\\/\\\/www.klarairosa.com\\\/en\\\/#\\\/schema\\\/logo\\\/image\\\/\",\"url\":\"https:\\\/\\\/www.klarairosa.com\\\/wp-content\\\/uploads\\\/2022\\\/01\\\/logo.svg\",\"contentUrl\":\"https:\\\/\\\/www.klarairosa.com\\\/wp-content\\\/uploads\\\/2022\\\/01\\\/logo.svg\",\"width\":110,\"height\":139,\"caption\":\"Klara i Rosa\"},\"image\":{\"@id\":\"https:\\\/\\\/www.klarairosa.com\\\/en\\\/#\\\/schema\\\/logo\\\/image\\\/\"},\"sameAs\":[\"https:\\\/\\\/www.facebook.com\\\/klarairosa\\\/\",\"https:\\\/\\\/www.instagram.com\\\/ugklarairosa\\\/\"]},{\"@type\":\"Person\",\"@id\":\"https:\\\/\\\/www.klarairosa.com\\\/en\\\/#\\\/schema\\\/person\\\/e4e7e9e5c8eeeddccf61e4532ae8e6ed\",\"name\":\"Klara i Rosa\",\"image\":{\"@type\":\"ImageObject\",\"inLanguage\":\"hu\",\"@id\":\"https:\\\/\\\/secure.gravatar.com\\\/avatar\\\/c83ee539a067b9f57ae5d8999ae286c4f98b5c4bd943b8cbb64f6b0fc1f29e40?s=96&d=mm&r=g\",\"url\":\"https:\\\/\\\/secure.gravatar.com\\\/avatar\\\/c83ee539a067b9f57ae5d8999ae286c4f98b5c4bd943b8cbb64f6b0fc1f29e40?s=96&d=mm&r=g\",\"contentUrl\":\"https:\\\/\\\/secure.gravatar.com\\\/avatar\\\/c83ee539a067b9f57ae5d8999ae286c4f98b5c4bd943b8cbb64f6b0fc1f29e40?s=96&d=mm&r=g\",\"caption\":\"Klara i Rosa\"},\"sameAs\":[\"https:\\\/\\\/klarairosa.com\"],\"url\":\"https:\\\/\\\/www.klarairosa.com\\\/hu\\\/author\\\/rosaiklara\\\/\"}]}<\/script>\n<!-- \/ Yoast SEO plugin. -->","yoast_head_json":{"title":"KLARA I ROSA TRA\u017dE SARADNICU\/SARADNIKA! - Klara i Rosa","robots":{"index":"index","follow":"follow","max-snippet":"max-snippet:-1","max-image-preview":"max-image-preview:large","max-video-preview":"max-video-preview:-1"},"canonical":"https:\/\/www.klarairosa.com\/hu\/klara-i-rosa-traze-saradnicu-saradnika\/","og_locale":"hu_HU","og_type":"article","og_title":"KLARA I ROSA TRA\u017dE SARADNICU\/SARADNIKA! - Klara i Rosa","og_description":"Ako voli\u0161 tabele, brojeve i red, ako ume\u0161 da sastavlja\u0161 izve\u0161taje, ugovore, proverava\u0161 da li...","og_url":"https:\/\/www.klarairosa.com\/hu\/klara-i-rosa-traze-saradnicu-saradnika\/","og_site_name":"Klara i Rosa","article_publisher":"https:\/\/www.facebook.com\/klarairosa\/","article_published_time":"2026-01-23T08:09:41+00:00","og_image":[{"width":1352,"height":1005,"url":"https:\/\/www.klarairosa.com\/wp-content\/uploads\/2026\/01\/OGLAS-ZA-SAJT.jpg","type":"image\/jpeg"}],"author":"Klara i Rosa","twitter_card":"summary_large_image","twitter_misc":{"Szerz\u0151:":"Klara i Rosa","Becs\u00fclt olvas\u00e1si id\u0151":"1 perc"},"schema":{"@context":"https:\/\/schema.org","@graph":[{"@type":"Article","@id":"https:\/\/www.klarairosa.com\/klara-i-rosa-traze-saradnicu-saradnika\/#article","isPartOf":{"@id":"https:\/\/www.klarairosa.com\/klara-i-rosa-traze-saradnicu-saradnika\/"},"author":{"name":"Klara i Rosa","@id":"https:\/\/www.klarairosa.com\/en\/#\/schema\/person\/e4e7e9e5c8eeeddccf61e4532ae8e6ed"},"headline":"KLARA I ROSA TRA\u017dE SARADNICU\/SARADNIKA!","datePublished":"2026-01-23T08:09:41+00:00","mainEntityOfPage":{"@id":"https:\/\/www.klarairosa.com\/klara-i-rosa-traze-saradnicu-saradnika\/"},"wordCount":141,"publisher":{"@id":"https:\/\/www.klarairosa.com\/en\/#organization"},"image":{"@id":"https:\/\/www.klarairosa.com\/klara-i-rosa-traze-saradnicu-saradnika\/#primaryimage"},"thumbnailUrl":"https:\/\/www.klarairosa.com\/wp-content\/uploads\/2026\/01\/OGLAS-ZA-SAJT.jpg","keywords":["2026","Klara i Rosa","subotica"],"articleSection":["Aktuelno"],"inLanguage":"hu"},{"@type":"WebPage","@id":"https:\/\/www.klarairosa.com\/klara-i-rosa-traze-saradnicu-saradnika\/","url":"https:\/\/www.klarairosa.com\/klara-i-rosa-traze-saradnicu-saradnika\/","name":"KLARA I ROSA TRA\u017dE SARADNICU\/SARADNIKA! - Klara i Rosa","isPartOf":{"@id":"https:\/\/www.klarairosa.com\/en\/#website"},"primaryImageOfPage":{"@id":"https:\/\/www.klarairosa.com\/klara-i-rosa-traze-saradnicu-saradnika\/#primaryimage"},"image":{"@id":"https:\/\/www.klarairosa.com\/klara-i-rosa-traze-saradnicu-saradnika\/#primaryimage"},"thumbnailUrl":"https:\/\/www.klarairosa.com\/wp-content\/uploads\/2026\/01\/OGLAS-ZA-SAJT.jpg","datePublished":"2026-01-23T08:09:41+00:00","breadcrumb":{"@id":"https:\/\/www.klarairosa.com\/klara-i-rosa-traze-saradnicu-saradnika\/#breadcrumb"},"inLanguage":"hu","potentialAction":[{"@type":"ReadAction","target":["https:\/\/www.klarairosa.com\/klara-i-rosa-traze-saradnicu-saradnika\/"]}]},{"@type":"ImageObject","inLanguage":"hu","@id":"https:\/\/www.klarairosa.com\/klara-i-rosa-traze-saradnicu-saradnika\/#primaryimage","url":"https:\/\/www.klarairosa.com\/wp-content\/uploads\/2026\/01\/OGLAS-ZA-SAJT.jpg","contentUrl":"https:\/\/www.klarairosa.com\/wp-content\/uploads\/2026\/01\/OGLAS-ZA-SAJT.jpg","width":1352,"height":1005},{"@type":"BreadcrumbList","@id":"https:\/\/www.klarairosa.com\/klara-i-rosa-traze-saradnicu-saradnika\/#breadcrumb","itemListElement":[{"@type":"ListItem","position":1,"name":"Home","item":"https:\/\/www.klarairosa.com\/"},{"@type":"ListItem","position":2,"name":"KLARA I ROSA TRA\u017dE SARADNICU\/SARADNIKA!"}]},{"@type":"WebSite","@id":"https:\/\/www.klarairosa.com\/en\/#website","url":"https:\/\/www.klarairosa.com\/en\/","name":"Kl\u00e1ra \u00e9s Rosa Egyes\u00fclet","description":"Kl\u00e1ra \u00e9s Rosa Egyes\u00fclet","publisher":{"@id":"https:\/\/www.klarairosa.com\/en\/#organization"},"potentialAction":[{"@type":"SearchAction","target":{"@type":"EntryPoint","urlTemplate":"https:\/\/www.klarairosa.com\/en\/?s={search_term_string}"},"query-input":{"@type":"PropertyValueSpecification","valueRequired":true,"valueName":"search_term_string"}}],"inLanguage":"hu"},{"@type":"Organization","@id":"https:\/\/www.klarairosa.com\/en\/#organization","name":"Kl\u00e1ra \u00e9s Rosa Egyes\u00fclet","url":"https:\/\/www.klarairosa.com\/en\/","logo":{"@type":"ImageObject","inLanguage":"hu","@id":"https:\/\/www.klarairosa.com\/en\/#\/schema\/logo\/image\/","url":"https:\/\/www.klarairosa.com\/wp-content\/uploads\/2022\/01\/logo.svg","contentUrl":"https:\/\/www.klarairosa.com\/wp-content\/uploads\/2022\/01\/logo.svg","width":110,"height":139,"caption":"Klara i Rosa"},"image":{"@id":"https:\/\/www.klarairosa.com\/en\/#\/schema\/logo\/image\/"},"sameAs":["https:\/\/www.facebook.com\/klarairosa\/","https:\/\/www.instagram.com\/ugklarairosa\/"]},{"@type":"Person","@id":"https:\/\/www.klarairosa.com\/en\/#\/schema\/person\/e4e7e9e5c8eeeddccf61e4532ae8e6ed","name":"Kl\u00e1ra \u00e9s Rosa Egyes\u00fclet","image":{"@type":"ImageObject","inLanguage":"hu","@id":"https:\/\/secure.gravatar.com\/avatar\/c83ee539a067b9f57ae5d8999ae286c4f98b5c4bd943b8cbb64f6b0fc1f29e40?s=96&d=mm&r=g","url":"https:\/\/secure.gravatar.com\/avatar\/c83ee539a067b9f57ae5d8999ae286c4f98b5c4bd943b8cbb64f6b0fc1f29e40?s=96&d=mm&r=g","contentUrl":"https:\/\/secure.gravatar.com\/avatar\/c83ee539a067b9f57ae5d8999ae286c4f98b5c4bd943b8cbb64f6b0fc1f29e40?s=96&d=mm&r=g","caption":"Klara i Rosa"},"sameAs":["https:\/\/klarairosa.com"],"url":"https:\/\/www.klarairosa.com\/hu\/author\/rosaiklara\/"}]}},"_links":{"self":[{"href":"https:\/\/www.klarairosa.com\/hu\/wp-json\/wp\/v2\/posts\/24088","targetHints":{"allow":["GET"]}}],"collection":[{"href":"https:\/\/www.klarairosa.com\/hu\/wp-json\/wp\/v2\/posts"}],"about":[{"href":"https:\/\/www.klarairosa.com\/hu\/wp-json\/wp\/v2\/types\/post"}],"author":[{"embeddable":true,"href":"https:\/\/www.klarairosa.com\/hu\/wp-json\/wp\/v2\/users\/1"}],"replies":[{"embeddable":true,"href":"https:\/\/www.klarairosa.com\/hu\/wp-json\/wp\/v2\/comments?post=24088"}],"version-history":[{"count":1,"href":"https:\/\/www.klarairosa.com\/hu\/wp-json\/wp\/v2\/posts\/24088\/revisions"}],"predecessor-version":[{"id":24090,"href":"https:\/\/www.klarairosa.com\/hu\/wp-json\/wp\/v2\/posts\/24088\/revisions\/24090"}],"wp:featuredmedia":[{"embeddable":true,"href":"https:\/\/www.klarairosa.com\/hu\/wp-json\/wp\/v2\/media\/24089"}],"wp:attachment":[{"href":"https:\/\/www.klarairosa.com\/hu\/wp-json\/wp\/v2\/media?parent=24088"}],"wp:term":[{"taxonomy":"category","embeddable":true,"href":"https:\/\/www.klarairosa.com\/hu\/wp-json\/wp\/v2\/categories?post=24088"},{"taxonomy":"post_tag","embeddable":true,"href":"https:\/\/www.klarairosa.com\/hu\/wp-json\/wp\/v2\/tags?post=24088"}],"curies":[{"name":"wp","href":"https:\/\/api.w.org\/{rel}","templated":true}]}}