{"id":24085,"date":"2026-01-22T16:20:35","date_gmt":"2026-01-22T16:20:35","guid":{"rendered":"https:\/\/www.klarairosa.com\/?p=24085"},"modified":"2026-01-27T20:28:07","modified_gmt":"2026-01-27T20:28:07","slug":"kroz-lavirint-ucenja","status":"publish","type":"post","link":"https:\/\/www.klarairosa.com\/hu\/kroz-lavirint-ucenja\/","title":{"rendered":"A TANUL\u00c1S LABIRINTUS\u00c1N \u00c1T"},"content":{"rendered":"<p class=\" translation-block\">Olyan 12 \u00e9vn\u00e9l id\u0151sebb tin\u00e9dzserek sz\u00e1m\u00e1ra \u00f6ssze\u00e1ll\u00edtott program, akik \u00fagy \u00e9rzik, hogy a tanul\u00e1s olyan mint egy labirintus, tele \u00f6sszefon\u00f3dott termekkel \u00e9s folyos\u00f3kkal, amikben nehezen tal\u00e1lj\u00e1k fel magukkal \u00e9s tal\u00e1lj\u00e1k meg a kij\u00e1ratot. A r\u00e9sztvev\u0151ket ezen a bonyolult \u00faton vezeti egy pedag\u00f3gus, n\u00e9h\u00e1ny fiatal seg\u00edts\u00e9g\u00e9vel, akik sikeres tanul\u00e1si strat\u00e9gi\u00e1t \u00e9p\u00edtettek fel \u00e9s alkalmaznak. Egy\u00e9ni \u00e9s csoportos tev\u00e9kenys\u00e9gek, m\u00e1sok meghallgat\u00e1sa \u00e9s a szem\u00e9lyes tapasztalatok megoszt\u00e1sa r\u00e9v\u00e9n a r\u00e9sztvev\u0151knek lehet\u0151s\u00e9g\u00fck lesz arra, hogy:<\/p>\n<p>.<br \/>\n\uf0b7 felfedezz\u00e9k saj\u00e1t intelligencia t\u00edpusukat \u00e9s tanul\u00e1si st\u00edlusukat<br \/>\n\uf0b7 megismerjenek \u00e9s kipr\u00f3b\u00e1ljanak tanul\u00e1si strat\u00e9gi\u00e1kat<br \/>\n\uf0b7 kutat\u00e1st v\u00e9gezzenek \u00e9s mini projekteken kereszt\u00fcl tanuljanak<br \/>\n\uf0b7 tanul\u00e1si napl\u00f3t vezessenek<br \/>\n\uf0b7 probl\u00e9mamegold\u00e1si strat\u00e9gi\u00e1kat tanuljanak<br \/>\n\uf0b7 bemutass\u00e1k azt, amit megtanultak<\/p>\n<p>.<br \/>\nA k\u00f6vetkez\u0151ket l\u00e1ttuk el\u0151 a r\u00e9sztvev\u0151k sz\u00e1m\u00e1ra:<br \/>\n\uf0b7 1 online prom\u00f3 \u00f3ra a sz\u00fcl\u0151knek \u00e9s a tin\u00e9dzsereknek janu\u00e1r 28-\u00e1n, 19:00 \u00f3rakor, amikor bemutatjuk a programot<br \/>\n\uf0b7 <strong>3 radionice u\u017eivo: 7 i 14. februara i 7. marta od 14 do 15.30 \u010dasova<\/strong><br \/>\n\uf0b7 1 online tal\u00e1lkoz\u00f3: febru\u00e1r 28-\u00e1n 14:00 \u00e9s 15:00 k\u00f6z\u00f6tt<br \/>\n\uf0b7 online tapasztalatcsere a vezet\u0151vel \u00e9s a t\u00f6bbi r\u00e9sztvev\u0151vel a FB platformon a program teljes id\u0151tartama alatt \u2013 k\u00f6vet\u00e9s \u00e9s t\u00e1mogat\u00e1s a tanul\u00e1si strat\u00e9gia alkalmaz\u00e1s\u00e1ban \u00e9s a mini projekt megval\u00f3s\u00edt\u00e1s\u00e1ban<\/p>\n<p>.<br \/>\nHissz\u00fck, hogy ami tiszt\u00e1zatlan, \u00f6sszetett \u00e9s kibogozhatatlan volt, az vil\u00e1goss\u00e1, egyszer\u0171v\u00e9 \u00e9s megoldhat\u00f3v\u00e1 v\u00e1lik.<\/p>\n<p class=\" translation-block\"><br>\n<strong>Helysz\u00edn<\/strong>: Kl\u00e1ra \u00e9s Rosa Kultur\u00e1lis K\u00f6zpont, Pet\u0151fi S\u00e1ndor u. 15., Szabadka<br>\nA program szerb nyelven zajlik.<br>\nA program az \u201eEduprof\u201c Egyes\u00fclet tagjainak sz\u00f3l.<br>\nA 2.000 din\u00e1r \u00e9rt\u00e9k\u0171 havi tags\u00e1g fedezi a 4 m\u0171helyen val\u00f3 r\u00e9szv\u00e9telt.<br>\nA program vezet\u0151je <strong>Violeta Vrcelj Odri<\/strong>, pedag\u00f3gus<\/p>\n<p class=\" translation-block\">.<br>\nTov\u00e1bbi inform\u00e1ci\u00f3: 065 41 00 294<br>\ne-mail: udruzenjeeduprof@gmail.com<br>\n\uf0b7 A helyek sz\u00e1ma korl\u00e1tozott.<br>\n\uf0b7 Jelentkezzetek \u00e9s foglalj\u00e1tok le gyermeketek hely\u00e9t!<br>\n\uf0b7 <strong>Link a jelentkez\u00e9shez:<\/strong><br>\nhttps:\/\/forms.gle\/XR5V9nX38tFaaKxP8<\/p>","protected":false},"excerpt":{"rendered":"<p>Program za tinejd\u017eere 12+ koji imaju utisak da im je u\u010denje kao lavirint sa mno\u0161tovom&#8230;<\/p>","protected":false},"author":1,"featured_media":24086,"comment_status":"closed","ping_status":"closed","sticky":false,"template":"","format":"standard","meta":{"content-type":"","inline_featured_image":false,"footnotes":""},"categories":[109],"tags":[124,834,221,140,152,832,133],"class_list":["post-24085","post","type-post","status-publish","format-standard","has-post-thumbnail","hentry","category-aktuelno","tag-klara-i-rosa","tag-kroz-lavirint-ucenja","tag-mladi","tag-radionica","tag-subotica","tag-violeta-vrcelj-odri","tag-workshop"],"yoast_head":"<!-- This site is optimized with the Yoast SEO plugin v27.5 - https:\/\/yoast.com\/product\/yoast-seo-wordpress\/ -->\n<title>KROZ LAVIRINT U\u010cENJA - Klara i Rosa<\/title>\n<meta name=\"robots\" content=\"index, follow, max-snippet:-1, max-image-preview:large, max-video-preview:-1\" \/>\n<link rel=\"canonical\" href=\"https:\/\/www.klarairosa.com\/hu\/kroz-lavirint-ucenja\/\" \/>\n<meta property=\"og:locale\" content=\"hu_HU\" \/>\n<meta property=\"og:type\" content=\"article\" \/>\n<meta property=\"og:title\" content=\"KROZ LAVIRINT U\u010cENJA - Klara i Rosa\" \/>\n<meta property=\"og:description\" content=\"Program za tinejd\u017eere 12+ koji imaju utisak da im je u\u010denje kao lavirint sa mno\u0161tovom...\" \/>\n<meta property=\"og:url\" content=\"https:\/\/www.klarairosa.com\/hu\/kroz-lavirint-ucenja\/\" \/>\n<meta property=\"og:site_name\" content=\"Klara i Rosa\" \/>\n<meta property=\"article:publisher\" content=\"https:\/\/www.facebook.com\/klarairosa\/\" \/>\n<meta property=\"article:published_time\" content=\"2026-01-22T16:20:35+00:00\" \/>\n<meta property=\"article:modified_time\" content=\"2026-01-27T20:28:07+00:00\" \/>\n<meta property=\"og:image\" content=\"https:\/\/www.klarairosa.com\/wp-content\/uploads\/2026\/01\/VESNA-PAVLOVIC-1352-x-1005-px-2.jpg\" \/>\n\t<meta property=\"og:image:width\" content=\"1352\" \/>\n\t<meta property=\"og:image:height\" content=\"1005\" \/>\n\t<meta property=\"og:image:type\" content=\"image\/jpeg\" \/>\n<meta name=\"author\" content=\"Klara i Rosa\" \/>\n<meta name=\"twitter:card\" content=\"summary_large_image\" \/>\n<meta name=\"twitter:label1\" content=\"Szerz\u0151:\" \/>\n\t<meta name=\"twitter:data1\" content=\"Klara i Rosa\" \/>\n\t<meta name=\"twitter:label2\" content=\"Becs\u00fclt olvas\u00e1si id\u0151\" \/>\n\t<meta name=\"twitter:data2\" content=\"2 perc\" \/>\n<script type=\"application\/ld+json\" class=\"yoast-schema-graph\">{\"@context\":\"https:\\\/\\\/schema.org\",\"@graph\":[{\"@type\":\"Article\",\"@id\":\"https:\\\/\\\/www.klarairosa.com\\\/kroz-lavirint-ucenja\\\/#article\",\"isPartOf\":{\"@id\":\"https:\\\/\\\/www.klarairosa.com\\\/kroz-lavirint-ucenja\\\/\"},\"author\":{\"name\":\"Klara i Rosa\",\"@id\":\"https:\\\/\\\/www.klarairosa.com\\\/en\\\/#\\\/schema\\\/person\\\/e4e7e9e5c8eeeddccf61e4532ae8e6ed\"},\"headline\":\"KROZ LAVIRINT U\u010cENJA\",\"datePublished\":\"2026-01-22T16:20:35+00:00\",\"dateModified\":\"2026-01-27T20:28:07+00:00\",\"mainEntityOfPage\":{\"@id\":\"https:\\\/\\\/www.klarairosa.com\\\/kroz-lavirint-ucenja\\\/\"},\"wordCount\":276,\"publisher\":{\"@id\":\"https:\\\/\\\/www.klarairosa.com\\\/en\\\/#organization\"},\"image\":{\"@id\":\"https:\\\/\\\/www.klarairosa.com\\\/kroz-lavirint-ucenja\\\/#primaryimage\"},\"thumbnailUrl\":\"https:\\\/\\\/www.klarairosa.com\\\/wp-content\\\/uploads\\\/2026\\\/01\\\/VESNA-PAVLOVIC-1352-x-1005-px-2.jpg\",\"keywords\":[\"Klara i Rosa\",\"kroz lavirint u\u010denja\",\"mladi\",\"radionica\",\"subotica\",\"violeta vrcelj odri\",\"workshop\"],\"articleSection\":[\"Aktuelno\"],\"inLanguage\":\"hu\"},{\"@type\":\"WebPage\",\"@id\":\"https:\\\/\\\/www.klarairosa.com\\\/kroz-lavirint-ucenja\\\/\",\"url\":\"https:\\\/\\\/www.klarairosa.com\\\/kroz-lavirint-ucenja\\\/\",\"name\":\"KROZ LAVIRINT U\u010cENJA - Klara i Rosa\",\"isPartOf\":{\"@id\":\"https:\\\/\\\/www.klarairosa.com\\\/en\\\/#website\"},\"primaryImageOfPage\":{\"@id\":\"https:\\\/\\\/www.klarairosa.com\\\/kroz-lavirint-ucenja\\\/#primaryimage\"},\"image\":{\"@id\":\"https:\\\/\\\/www.klarairosa.com\\\/kroz-lavirint-ucenja\\\/#primaryimage\"},\"thumbnailUrl\":\"https:\\\/\\\/www.klarairosa.com\\\/wp-content\\\/uploads\\\/2026\\\/01\\\/VESNA-PAVLOVIC-1352-x-1005-px-2.jpg\",\"datePublished\":\"2026-01-22T16:20:35+00:00\",\"dateModified\":\"2026-01-27T20:28:07+00:00\",\"breadcrumb\":{\"@id\":\"https:\\\/\\\/www.klarairosa.com\\\/kroz-lavirint-ucenja\\\/#breadcrumb\"},\"inLanguage\":\"hu\",\"potentialAction\":[{\"@type\":\"ReadAction\",\"target\":[\"https:\\\/\\\/www.klarairosa.com\\\/kroz-lavirint-ucenja\\\/\"]}]},{\"@type\":\"ImageObject\",\"inLanguage\":\"hu\",\"@id\":\"https:\\\/\\\/www.klarairosa.com\\\/kroz-lavirint-ucenja\\\/#primaryimage\",\"url\":\"https:\\\/\\\/www.klarairosa.com\\\/wp-content\\\/uploads\\\/2026\\\/01\\\/VESNA-PAVLOVIC-1352-x-1005-px-2.jpg\",\"contentUrl\":\"https:\\\/\\\/www.klarairosa.com\\\/wp-content\\\/uploads\\\/2026\\\/01\\\/VESNA-PAVLOVIC-1352-x-1005-px-2.jpg\",\"width\":1352,\"height\":1005},{\"@type\":\"BreadcrumbList\",\"@id\":\"https:\\\/\\\/www.klarairosa.com\\\/kroz-lavirint-ucenja\\\/#breadcrumb\",\"itemListElement\":[{\"@type\":\"ListItem\",\"position\":1,\"name\":\"Home\",\"item\":\"https:\\\/\\\/www.klarairosa.com\\\/\"},{\"@type\":\"ListItem\",\"position\":2,\"name\":\"KROZ LAVIRINT U\u010cENJA\"}]},{\"@type\":\"WebSite\",\"@id\":\"https:\\\/\\\/www.klarairosa.com\\\/en\\\/#website\",\"url\":\"https:\\\/\\\/www.klarairosa.com\\\/en\\\/\",\"name\":\"Klara i Rosa\",\"description\":\"Klara i Rosa\",\"publisher\":{\"@id\":\"https:\\\/\\\/www.klarairosa.com\\\/en\\\/#organization\"},\"potentialAction\":[{\"@type\":\"SearchAction\",\"target\":{\"@type\":\"EntryPoint\",\"urlTemplate\":\"https:\\\/\\\/www.klarairosa.com\\\/en\\\/?s={search_term_string}\"},\"query-input\":{\"@type\":\"PropertyValueSpecification\",\"valueRequired\":true,\"valueName\":\"search_term_string\"}}],\"inLanguage\":\"hu\"},{\"@type\":\"Organization\",\"@id\":\"https:\\\/\\\/www.klarairosa.com\\\/en\\\/#organization\",\"name\":\"Klara i Rosa\",\"url\":\"https:\\\/\\\/www.klarairosa.com\\\/en\\\/\",\"logo\":{\"@type\":\"ImageObject\",\"inLanguage\":\"hu\",\"@id\":\"https:\\\/\\\/www.klarairosa.com\\\/en\\\/#\\\/schema\\\/logo\\\/image\\\/\",\"url\":\"https:\\\/\\\/www.klarairosa.com\\\/wp-content\\\/uploads\\\/2022\\\/01\\\/logo.svg\",\"contentUrl\":\"https:\\\/\\\/www.klarairosa.com\\\/wp-content\\\/uploads\\\/2022\\\/01\\\/logo.svg\",\"width\":110,\"height\":139,\"caption\":\"Klara i Rosa\"},\"image\":{\"@id\":\"https:\\\/\\\/www.klarairosa.com\\\/en\\\/#\\\/schema\\\/logo\\\/image\\\/\"},\"sameAs\":[\"https:\\\/\\\/www.facebook.com\\\/klarairosa\\\/\",\"https:\\\/\\\/www.instagram.com\\\/ugklarairosa\\\/\"]},{\"@type\":\"Person\",\"@id\":\"https:\\\/\\\/www.klarairosa.com\\\/en\\\/#\\\/schema\\\/person\\\/e4e7e9e5c8eeeddccf61e4532ae8e6ed\",\"name\":\"Klara i Rosa\",\"image\":{\"@type\":\"ImageObject\",\"inLanguage\":\"hu\",\"@id\":\"https:\\\/\\\/secure.gravatar.com\\\/avatar\\\/c83ee539a067b9f57ae5d8999ae286c4f98b5c4bd943b8cbb64f6b0fc1f29e40?s=96&d=mm&r=g\",\"url\":\"https:\\\/\\\/secure.gravatar.com\\\/avatar\\\/c83ee539a067b9f57ae5d8999ae286c4f98b5c4bd943b8cbb64f6b0fc1f29e40?s=96&d=mm&r=g\",\"contentUrl\":\"https:\\\/\\\/secure.gravatar.com\\\/avatar\\\/c83ee539a067b9f57ae5d8999ae286c4f98b5c4bd943b8cbb64f6b0fc1f29e40?s=96&d=mm&r=g\",\"caption\":\"Klara i Rosa\"},\"sameAs\":[\"https:\\\/\\\/klarairosa.com\"],\"url\":\"https:\\\/\\\/www.klarairosa.com\\\/hu\\\/author\\\/rosaiklara\\\/\"}]}<\/script>\n<!-- \/ Yoast SEO plugin. -->","yoast_head_json":{"title":"KROZ LAVIRINT U\u010cENJA - Klara i Rosa","robots":{"index":"index","follow":"follow","max-snippet":"max-snippet:-1","max-image-preview":"max-image-preview:large","max-video-preview":"max-video-preview:-1"},"canonical":"https:\/\/www.klarairosa.com\/hu\/kroz-lavirint-ucenja\/","og_locale":"hu_HU","og_type":"article","og_title":"KROZ LAVIRINT U\u010cENJA - Klara i Rosa","og_description":"Program za tinejd\u017eere 12+ koji imaju utisak da im je u\u010denje kao lavirint sa mno\u0161tovom...","og_url":"https:\/\/www.klarairosa.com\/hu\/kroz-lavirint-ucenja\/","og_site_name":"Klara i Rosa","article_publisher":"https:\/\/www.facebook.com\/klarairosa\/","article_published_time":"2026-01-22T16:20:35+00:00","article_modified_time":"2026-01-27T20:28:07+00:00","og_image":[{"width":1352,"height":1005,"url":"https:\/\/www.klarairosa.com\/wp-content\/uploads\/2026\/01\/VESNA-PAVLOVIC-1352-x-1005-px-2.jpg","type":"image\/jpeg"}],"author":"Klara i Rosa","twitter_card":"summary_large_image","twitter_misc":{"Szerz\u0151:":"Klara i Rosa","Becs\u00fclt olvas\u00e1si id\u0151":"2 perc"},"schema":{"@context":"https:\/\/schema.org","@graph":[{"@type":"Article","@id":"https:\/\/www.klarairosa.com\/kroz-lavirint-ucenja\/#article","isPartOf":{"@id":"https:\/\/www.klarairosa.com\/kroz-lavirint-ucenja\/"},"author":{"name":"Klara i Rosa","@id":"https:\/\/www.klarairosa.com\/en\/#\/schema\/person\/e4e7e9e5c8eeeddccf61e4532ae8e6ed"},"headline":"KROZ LAVIRINT U\u010cENJA","datePublished":"2026-01-22T16:20:35+00:00","dateModified":"2026-01-27T20:28:07+00:00","mainEntityOfPage":{"@id":"https:\/\/www.klarairosa.com\/kroz-lavirint-ucenja\/"},"wordCount":276,"publisher":{"@id":"https:\/\/www.klarairosa.com\/en\/#organization"},"image":{"@id":"https:\/\/www.klarairosa.com\/kroz-lavirint-ucenja\/#primaryimage"},"thumbnailUrl":"https:\/\/www.klarairosa.com\/wp-content\/uploads\/2026\/01\/VESNA-PAVLOVIC-1352-x-1005-px-2.jpg","keywords":["Klara i Rosa","kroz lavirint u\u010denja","mladi","radionica","subotica","violeta vrcelj odri","workshop"],"articleSection":["Aktuelno"],"inLanguage":"hu"},{"@type":"WebPage","@id":"https:\/\/www.klarairosa.com\/kroz-lavirint-ucenja\/","url":"https:\/\/www.klarairosa.com\/kroz-lavirint-ucenja\/","name":"KROZ LAVIRINT U\u010cENJA - Klara i Rosa","isPartOf":{"@id":"https:\/\/www.klarairosa.com\/en\/#website"},"primaryImageOfPage":{"@id":"https:\/\/www.klarairosa.com\/kroz-lavirint-ucenja\/#primaryimage"},"image":{"@id":"https:\/\/www.klarairosa.com\/kroz-lavirint-ucenja\/#primaryimage"},"thumbnailUrl":"https:\/\/www.klarairosa.com\/wp-content\/uploads\/2026\/01\/VESNA-PAVLOVIC-1352-x-1005-px-2.jpg","datePublished":"2026-01-22T16:20:35+00:00","dateModified":"2026-01-27T20:28:07+00:00","breadcrumb":{"@id":"https:\/\/www.klarairosa.com\/kroz-lavirint-ucenja\/#breadcrumb"},"inLanguage":"hu","potentialAction":[{"@type":"ReadAction","target":["https:\/\/www.klarairosa.com\/kroz-lavirint-ucenja\/"]}]},{"@type":"ImageObject","inLanguage":"hu","@id":"https:\/\/www.klarairosa.com\/kroz-lavirint-ucenja\/#primaryimage","url":"https:\/\/www.klarairosa.com\/wp-content\/uploads\/2026\/01\/VESNA-PAVLOVIC-1352-x-1005-px-2.jpg","contentUrl":"https:\/\/www.klarairosa.com\/wp-content\/uploads\/2026\/01\/VESNA-PAVLOVIC-1352-x-1005-px-2.jpg","width":1352,"height":1005},{"@type":"BreadcrumbList","@id":"https:\/\/www.klarairosa.com\/kroz-lavirint-ucenja\/#breadcrumb","itemListElement":[{"@type":"ListItem","position":1,"name":"Home","item":"https:\/\/www.klarairosa.com\/"},{"@type":"ListItem","position":2,"name":"KROZ LAVIRINT U\u010cENJA"}]},{"@type":"WebSite","@id":"https:\/\/www.klarairosa.com\/en\/#website","url":"https:\/\/www.klarairosa.com\/en\/","name":"Kl\u00e1ra \u00e9s Rosa Egyes\u00fclet","description":"Kl\u00e1ra \u00e9s Rosa Egyes\u00fclet","publisher":{"@id":"https:\/\/www.klarairosa.com\/en\/#organization"},"potentialAction":[{"@type":"SearchAction","target":{"@type":"EntryPoint","urlTemplate":"https:\/\/www.klarairosa.com\/en\/?s={search_term_string}"},"query-input":{"@type":"PropertyValueSpecification","valueRequired":true,"valueName":"search_term_string"}}],"inLanguage":"hu"},{"@type":"Organization","@id":"https:\/\/www.klarairosa.com\/en\/#organization","name":"Kl\u00e1ra \u00e9s Rosa Egyes\u00fclet","url":"https:\/\/www.klarairosa.com\/en\/","logo":{"@type":"ImageObject","inLanguage":"hu","@id":"https:\/\/www.klarairosa.com\/en\/#\/schema\/logo\/image\/","url":"https:\/\/www.klarairosa.com\/wp-content\/uploads\/2022\/01\/logo.svg","contentUrl":"https:\/\/www.klarairosa.com\/wp-content\/uploads\/2022\/01\/logo.svg","width":110,"height":139,"caption":"Klara i Rosa"},"image":{"@id":"https:\/\/www.klarairosa.com\/en\/#\/schema\/logo\/image\/"},"sameAs":["https:\/\/www.facebook.com\/klarairosa\/","https:\/\/www.instagram.com\/ugklarairosa\/"]},{"@type":"Person","@id":"https:\/\/www.klarairosa.com\/en\/#\/schema\/person\/e4e7e9e5c8eeeddccf61e4532ae8e6ed","name":"Kl\u00e1ra \u00e9s Rosa Egyes\u00fclet","image":{"@type":"ImageObject","inLanguage":"hu","@id":"https:\/\/secure.gravatar.com\/avatar\/c83ee539a067b9f57ae5d8999ae286c4f98b5c4bd943b8cbb64f6b0fc1f29e40?s=96&d=mm&r=g","url":"https:\/\/secure.gravatar.com\/avatar\/c83ee539a067b9f57ae5d8999ae286c4f98b5c4bd943b8cbb64f6b0fc1f29e40?s=96&d=mm&r=g","contentUrl":"https:\/\/secure.gravatar.com\/avatar\/c83ee539a067b9f57ae5d8999ae286c4f98b5c4bd943b8cbb64f6b0fc1f29e40?s=96&d=mm&r=g","caption":"Klara i Rosa"},"sameAs":["https:\/\/klarairosa.com"],"url":"https:\/\/www.klarairosa.com\/hu\/author\/rosaiklara\/"}]}},"_links":{"self":[{"href":"https:\/\/www.klarairosa.com\/hu\/wp-json\/wp\/v2\/posts\/24085","targetHints":{"allow":["GET"]}}],"collection":[{"href":"https:\/\/www.klarairosa.com\/hu\/wp-json\/wp\/v2\/posts"}],"about":[{"href":"https:\/\/www.klarairosa.com\/hu\/wp-json\/wp\/v2\/types\/post"}],"author":[{"embeddable":true,"href":"https:\/\/www.klarairosa.com\/hu\/wp-json\/wp\/v2\/users\/1"}],"replies":[{"embeddable":true,"href":"https:\/\/www.klarairosa.com\/hu\/wp-json\/wp\/v2\/comments?post=24085"}],"version-history":[{"count":2,"href":"https:\/\/www.klarairosa.com\/hu\/wp-json\/wp\/v2\/posts\/24085\/revisions"}],"predecessor-version":[{"id":24259,"href":"https:\/\/www.klarairosa.com\/hu\/wp-json\/wp\/v2\/posts\/24085\/revisions\/24259"}],"wp:featuredmedia":[{"embeddable":true,"href":"https:\/\/www.klarairosa.com\/hu\/wp-json\/wp\/v2\/media\/24086"}],"wp:attachment":[{"href":"https:\/\/www.klarairosa.com\/hu\/wp-json\/wp\/v2\/media?parent=24085"}],"wp:term":[{"taxonomy":"category","embeddable":true,"href":"https:\/\/www.klarairosa.com\/hu\/wp-json\/wp\/v2\/categories?post=24085"},{"taxonomy":"post_tag","embeddable":true,"href":"https:\/\/www.klarairosa.com\/hu\/wp-json\/wp\/v2\/tags?post=24085"}],"curies":[{"name":"wp","href":"https:\/\/api.w.org\/{rel}","templated":true}]}}