{"id":24072,"date":"2026-01-20T06:46:48","date_gmt":"2026-01-20T06:46:48","guid":{"rendered":"https:\/\/www.klarairosa.com\/?p=24072"},"modified":"2026-02-04T08:23:52","modified_gmt":"2026-02-04T08:23:52","slug":"agora-metafizika-i-politika","status":"publish","type":"post","link":"https:\/\/www.klarairosa.com\/hu\/agora-metafizika-i-politika\/","title":{"rendered":"Agora \u2013 Metafizika \u00e9s politika"},"content":{"rendered":"<div class=\"flex-1 overflow-hidden\">\n<div class=\"react-scroll-to-bottom--css-egkjs-79elbk h-full\">\n<div class=\"react-scroll-to-bottom--css-egkjs-1n7m0yu\">\n<div class=\"flex flex-col text-sm pb-9\">\n<div class=\"w-full text-token-text-primary\" dir=\"auto\" data-testid=\"conversation-turn-3\" data-scroll-anchor=\"true\">\n<div class=\"py-2 juice:py-[18px] px-3 text-base md:px-4 m-auto md:px-5 lg:px-1 xl:px-5\">\n<div class=\"mx-auto flex flex-1 gap-3 text-base juice:gap-4 juice:md:gap-6 md:max-w-3xl lg:max-w-[40rem] xl:max-w-[48rem]\">\n<div class=\"group\/conversation-turn relative flex w-full min-w-0 flex-col agent-turn\">\n<div class=\"flex-col gap-1 md:gap-3\">\n<div class=\"flex flex-grow flex-col max-w-full\">\n<div class=\"min-h-[20px] text-message flex flex-col items-start whitespace-pre-wrap break-words [.text-message+&amp;]:mt-5 juice:w-full juice:items-end overflow-x-auto gap-2\" dir=\"auto\" data-message-author-role=\"assistant\" data-message-id=\"5d34cc30-ebec-4d3c-8652-bccf6013715f\">\n<div class=\"flex w-full flex-col gap-1 juice:empty:hidden juice:first:pt-[3px]\">\n<div class=\"xdj266r x11i5rnm xat24cr x1mh8g0r x1vvkbs x126k92a\">\n<div dir=\"auto\" style=\"text-align: justify;\">\n<div class=\"x11i5rnm xat24cr x1mh8g0r x1vvkbs xtlvy1s x126k92a\">\n<div dir=\"auto\">\n<div dir=\"auto\">\n<div class=\"x11i5rnm xat24cr x1mh8g0r x1vvkbs xtlvy1s x126k92a\">\n<div dir=\"auto\">\n<div dir=\"auto\">Slede\u0107a AGORA \u0107e se odr\u017eati<strong> u prostoru Klare i Rose (Petefi \u0160andora 15) u sredu, 21. januara, od 19 \u010dasova<\/strong>!<\/div>\n<div dir=\"auto\">.<\/div>\n<div dir=\"auto\">\n<p><span style=\"font-family: Times New Roman, serif;\"><span style=\"font-size: medium;\"><span lang=\"sr-Latn-RS\">Da li politika samo upravlja dru\u0161tvom \u2014 ili odre\u0111uje granice onoga \u0161to uop\u0161te mo\u017eemo da mislimo kao istinito, stvarno i mogu\u0107e? Kada govorimo o metafizici, \u010desto je zami\u0161ljamo kao oblast iznad dnevne politike: carstvo \u010distih pojmova, ve\u010dnih pitanja o bi\u0107u, istini i uzro\u010dnosti. Ali istorija filozofije i nauke sugeri\u0161e suprotno \u2014 da se i najapstraktnije ideje ra\u0111aju u veoma konkretnim dru\u0161tvenim i politi\u010dkim odnosima mo\u0107i.<\/span><\/span><\/span><\/p>\n<p>.<\/p>\n<p><span style=\"font-family: Times New Roman, serif;\"><span style=\"font-size: medium;\"><span lang=\"sr-Latn-RS\">Od Platonove ontologije oblikovane krizom atinske demokratije, preko srednjovekovne metafizike pod okriljem teolo\u0161ko-politi\u010dkog poretka, do mehanicisti\u010dke slike sveta koja prati uspon moderne dr\u017eave i kapitalizma \u2014 svaka epoha proizvodi metafiziku koja je politi\u010dki uslovljena. Nije li ideja \u201eprirodnog zakona\u201c, kao i pojam objektivne, neutralne nauke, nastala paralelno sa potrebom da se legitimi\u0161e odre\u0111eni dru\u0161tveni poredak? I ako jeste \u2014 \u0161ta to govori o istinama koje danas smatramo neupitnim?<\/span><\/span><\/span><\/p>\n<p>.<\/p>\n<p><span style=\"font-family: Times New Roman, serif;\"><span style=\"font-size: medium;\"><span lang=\"sr-Latn-RS\">U savremenom dobu, u kome politika prodire u algoritme, biotehnologije i kosmologiju, pitanje vi\u0161e nije da li politika uti\u010de na metafiziku, ve\u0107 koliko duboko. Da li dana\u0161nje teorije o svesti, identitetu, slobodnoj volji ili \u010dak multiverzumu reflektuju realnost \u2014 ili pre metafizi\u010dke potrebe globalnog politi\u010dko-ekonomskog sistema? Mo\u017ee li postojati filozofija i nauka koje su zaista izvan politi\u010dke paradigme svog vremena?<\/span><\/span><\/span><\/p>\n<p>.<\/p>\n<p><span style=\"font-family: Times New Roman, serif;\"><span style=\"font-size: medium;\"><span lang=\"sr-Latn-RS\">Ako temeljni dru\u0161tveni odnosi jedne epohe stvaraju tlo na kome ni\u010du njene filozofske i nau\u010dne strukture, onda rasprava o metafizici nije akademska luksuzna tema \u2014 ve\u0107 politi\u010dki \u010din. U tom smislu, ova agora nije razgovor o apstraktnim pojmovima, ve\u0107 o nevidljivim pretpostavkama koje oblikuju na\u0161u stvarnost.<\/span><\/span><\/span><\/p>\n<\/div>\n<div dir=\"auto\">.<\/div>\n<div class=\"x11i5rnm xat24cr x1mh8g0r x1vvkbs xtlvy1s x126k92a\">\n<p dir=\"auto\" style=\"text-align: justify;\">Razgovor vodi <strong>Boris \u010cegar<\/strong>, profesor filozofije.<\/p>\n<div dir=\"auto\">.<\/div>\n<div dir=\"auto\">Ovaj program je podr\u017ean od strane \u0160vajcarske vlade, u okviru projekta \u201cKultura za demokratiju\u201d, koji sporovodi Hartefakt fond.<\/div>\n<\/div>\n<\/div>\n<\/div>\n<\/div>\n<\/div>\n<\/div>\n<\/div>\n<\/div>\n<\/div>\n<\/div>\n<\/div>\n<div class=\"mt-1 flex gap-3 empty:hidden juice:-ml-3\">\n<div class=\"items-center justify-start rounded-xl p-1 flex\">\n<div class=\"flex items-center\" style=\"text-align: justify;\">\n<p><img decoding=\"async\" class=\"alignleft wp-image-23350\" src=\"https:\/\/www.klarairosa.com\/wp-content\/uploads\/2025\/08\/HC-300x99.png\" alt=\"\" width=\"134\" height=\"44\" srcset=\"https:\/\/www.klarairosa.com\/wp-content\/uploads\/2025\/08\/HC-300x99.png 300w, https:\/\/www.klarairosa.com\/wp-content\/uploads\/2025\/08\/HC-18x6.png 18w, https:\/\/www.klarairosa.com\/wp-content\/uploads\/2025\/08\/HC.png 389w\" sizes=\"(max-width: 134px) 100vw, 134px\" \/><img decoding=\"async\" class=\"alignleft wp-image-23349\" src=\"https:\/\/www.klarairosa.com\/wp-content\/uploads\/2025\/08\/CfD-vertical-RGB-color-negative-300x213.jpg\" alt=\"\" width=\"70\" height=\"50\" srcset=\"https:\/\/www.klarairosa.com\/wp-content\/uploads\/2025\/08\/CfD-vertical-RGB-color-negative-300x213.jpg 300w, https:\/\/www.klarairosa.com\/wp-content\/uploads\/2025\/08\/CfD-vertical-RGB-color-negative-1024x728.jpg 1024w, https:\/\/www.klarairosa.com\/wp-content\/uploads\/2025\/08\/CfD-vertical-RGB-color-negative-768x546.jpg 768w, https:\/\/www.klarairosa.com\/wp-content\/uploads\/2025\/08\/CfD-vertical-RGB-color-negative-18x12.jpg 18w, https:\/\/www.klarairosa.com\/wp-content\/uploads\/2025\/08\/CfD-vertical-RGB-color-negative-700x498.jpg 700w, https:\/\/www.klarairosa.com\/wp-content\/uploads\/2025\/08\/CfD-vertical-RGB-color-negative.jpg 1500w\" sizes=\"(max-width: 70px) 100vw, 70px\" \/><img decoding=\"async\" class=\"alignleft wp-image-23347\" src=\"https:\/\/www.klarairosa.com\/wp-content\/uploads\/2025\/08\/SDC_RGB_vert-300x136.jpg\" alt=\"\" width=\"117\" height=\"53\" srcset=\"https:\/\/www.klarairosa.com\/wp-content\/uploads\/2025\/08\/SDC_RGB_vert-300x136.jpg 300w, https:\/\/www.klarairosa.com\/wp-content\/uploads\/2025\/08\/SDC_RGB_vert-18x8.jpg 18w, https:\/\/www.klarairosa.com\/wp-content\/uploads\/2025\/08\/SDC_RGB_vert-650x295.jpg 650w, https:\/\/www.klarairosa.com\/wp-content\/uploads\/2025\/08\/SDC_RGB_vert.jpg 653w\" sizes=\"(max-width: 117px) 100vw, 117px\" \/><\/p>\n<\/div>\n<\/div>\n<\/div>\n<\/div>\n<\/div>\n<\/div>\n<\/div>\n<\/div>\n<\/div>\n<\/div>\n<\/div>\n<\/div>\n<div class=\"w-full md:pt-0 dark:border-white\/20 md:border-transparent md:dark:border-transparent md:w-[calc(100%-.5rem)] juice:w-full\">\n<div class=\"px-3 text-base md:px-4 m-auto md:px-5 lg:px-1 xl:px-5\">\n<div class=\"mx-auto flex flex-1 gap-3 text-base juice:gap-4 juice:md:gap-6 md:max-w-3xl lg:max-w-[40rem] xl:max-w-[48rem]\">\n<form class=\"w-full\">\n<div class=\"relative flex h-full max-w-full flex-1 flex-col\"><\/div>\n<div><\/div>\n<div><\/div>\n<div>.<\/div>\n<div><div  id=\"jtg-24283\" class=\"modula modula-gallery modula-columns\" data-config=\"{&quot;tabletHeight&quot;:800,&quot;mobileHeight&quot;:800,&quot;desktopHeight&quot;:800,&quot;enableTwitter&quot;:false,&quot;enableWhatsapp&quot;:false,&quot;enableFacebook&quot;:false,&quot;enablePinterest&quot;:false,&quot;enableLinkedin&quot;:false,&quot;enableEmail&quot;:false,&quot;randomFactor&quot;:0.5,&quot;type&quot;:&quot;grid&quot;,&quot;columns&quot;:12,&quot;gutter&quot;:10,&quot;mobileGutter&quot;:10,&quot;tabletGutter&quot;:10,&quot;desktopGutter&quot;:10,&quot;enableResponsive&quot;:true,&quot;tabletColumns&quot;:2,&quot;mobileColumns&quot;:1,&quot;lazyLoad&quot;:0,&quot;lightboxOpts&quot;:{&quot;animated&quot;:true,&quot;Thumbs&quot;:{&quot;type&quot;:&quot;modern&quot;,&quot;showOnStart&quot;:false},&quot;Toolbar&quot;:{&quot;display&quot;:{&quot;right&quot;:[&quot;close&quot;]},&quot;enabled&quot;:true},&quot;Carousel&quot;:{&quot;Panzoom&quot;:{&quot;touch&quot;:true},&quot;infinite&quot;:false},&quot;keyboard&quot;:{&quot;Escape&quot;:&quot;close&quot;,&quot;Delete&quot;:&quot;close&quot;,&quot;Backspace&quot;:&quot;close&quot;,&quot;PageUp&quot;:false,&quot;PageDown&quot;:false,&quot;ArrowUp&quot;:false,&quot;ArrowDown&quot;:false,&quot;ArrowRight&quot;:false,&quot;ArrowLeft&quot;:false},&quot;touch&quot;:false,&quot;backdropClick&quot;:false,&quot;l10n&quot;:{&quot;CLOSE&quot;:&quot;Close&quot;,&quot;NEXT&quot;:&quot;Next&quot;,&quot;PREV&quot;:&quot;Previous&quot;,&quot;Error&quot;:&quot;The requested content cannot be loaded. Please try again later.&quot;,&quot;PLAY_START&quot;:&quot;Start slideshow&quot;,&quot;PLAY_STOP&quot;:&quot;Pause slideshow&quot;,&quot;FULL_SCREEN&quot;:&quot;Full screen&quot;,&quot;THUMBS&quot;:&quot;Thumbnails&quot;,&quot;DOWNLOAD&quot;:&quot;Download&quot;,&quot;SHARE&quot;:&quot;Share&quot;,&quot;ZOOM&quot;:&quot;Zoom&quot;,&quot;EMAIL&quot;:&quot;Here is the link to the image : %%image_link%% and this is the link to the gallery : %%gallery_link%%&quot;,&quot;MODAL&quot;:&quot;You can close this modal content with the ESC key&quot;,&quot;ERROR&quot;:&quot;Something Went Wrong, Please Try Again Later&quot;,&quot;IMAGE_ERROR&quot;:&quot;Image Not Found&quot;,&quot;ELEMENT_NOT_FOUND&quot;:&quot;HTML Element Not Found&quot;,&quot;AJAX_NOT_FOUND&quot;:&quot;Error Loading AJAX : Not Found&quot;,&quot;AJAX_FORBIDDEN&quot;:&quot;Error Loading AJAX : Forbidden&quot;,&quot;IFRAME_ERROR&quot;:&quot;Error Loading Page&quot;,&quot;TOGGLE_ZOOM&quot;:&quot;Toggle zoom level&quot;,&quot;TOGGLE_THUMBS&quot;:&quot;Toggle thumbnails&quot;,&quot;TOGGLE_SLIDESHOW&quot;:&quot;Toggle slideshow&quot;,&quot;TOGGLE_FULLSCREEN&quot;:&quot;Toggle full-screen mode&quot;},&quot;Images&quot;:{&quot;Panzoom&quot;:{&quot;maxScale&quot;:2}},&quot;mainClass&quot;:&quot;modula-fancybox-container modula-lightbox-jtg-24283&quot;,&quot;Html&quot;:{&quot;videoAutoplay&quot;:0,&quot;videoTpl&quot;:&quot;&lt;video class=\\&quot;fancybox__html5video\\&quot; controls muted playsinline controlsList controlsList=\\&quot;nodownload\\&quot; poster=\\&quot;{{poster}}\\&quot; src=\\&quot;{{src}}\\&quot; type=\\&quot;{{format}}\\&quot; &gt;  Sorry, your browser doesn&#039;t support embedded videos, &lt;a href=\\&quot;{{src}}\\&quot;&gt; download &lt;\\\/a&gt; and watch with your favorite video player! &lt;\\\/video&gt;&quot;}},&quot;inView&quot;:false,&quot;email_subject&quot;:&quot;Check out this awesome image !!&quot;,&quot;email_message&quot;:&quot;Here is the link to the image : %%image_link%% and this is the link to the gallery : %%gallery_link%%&quot;,&quot;grid_type&quot;:&quot;automatic&quot;,&quot;rowHeight&quot;:250,&quot;lastRow&quot;:&quot;justify&quot;,&quot;lightbox&quot;:&quot;fancybox&quot;}\">\n\n\t\n\t<div  class=\"modula-items grid-gallery\">\n\t\t<div class=\"modula-item effect-pufrobo\" >\n\t<div class=\"modula-item-overlay\"><\/div>\n\n\t<div class=\"modula-item-content\">\n\n\t\t<a data-image-id=\"24284\" role=\"button\" data-elementor-open-lightbox=\"no\" tabindex=\"0\" rel=\"jtg-24283\" data-caption=\"\" aria-label=\"Open image in lightbox\" class=\"tile-inner modula-item-link\"><\/a><img loading=\"lazy\" decoding=\"async\" class=\"pic wp-image-24284\"  data-valign=\"middle\" data-halign=\"center\" alt=\"\" data-full=\"https:\/\/www.klarairosa.com\/wp-content\/uploads\/2026\/02\/619896611_18104806993817485_2435808069008793967_n_800x600.jpg\" title=\"619896611_18104806993817485_2435808069008793967_n_800x600\" crop=\"\" width=\"300\" height=\"225\" src=\"https:\/\/www.klarairosa.com\/wp-content\/uploads\/2026\/02\/619896611_18104806993817485_2435808069008793967_n_800x600-300x225.jpg\" data-src=\"https:\/\/www.klarairosa.com\/wp-content\/uploads\/2026\/02\/619896611_18104806993817485_2435808069008793967_n_800x600-300x225.jpg\" data-caption=\"\" srcset=\"https:\/\/www.klarairosa.com\/wp-content\/uploads\/2026\/02\/619896611_18104806993817485_2435808069008793967_n_800x600.jpg 800w, https:\/\/www.klarairosa.com\/wp-content\/uploads\/2026\/02\/619896611_18104806993817485_2435808069008793967_n_800x600-300x225.jpg 300w, https:\/\/www.klarairosa.com\/wp-content\/uploads\/2026\/02\/619896611_18104806993817485_2435808069008793967_n_800x600-768x576.jpg 768w, https:\/\/www.klarairosa.com\/wp-content\/uploads\/2026\/02\/619896611_18104806993817485_2435808069008793967_n_800x600-16x12.jpg 16w, https:\/\/www.klarairosa.com\/wp-content\/uploads\/2026\/02\/619896611_18104806993817485_2435808069008793967_n_800x600-700x525.jpg 700w\" sizes=\"(max-width: 300px) 100vw, 300px\" \/>\n\t\t<div class=\"figc no-description\">\n\t\t\t<div class=\"figc-inner\">\n\t\t\t\t\t\t\t\t\t\t\t\t\t\t\t<\/div>\n\t\t<\/div>\n\n\t<\/div>\n\n<\/div><div class=\"modula-item effect-pufrobo\" >\n\t<div class=\"modula-item-overlay\"><\/div>\n\n\t<div class=\"modula-item-content\">\n\n\t\t<a data-image-id=\"24285\" role=\"button\" data-elementor-open-lightbox=\"no\" tabindex=\"0\" rel=\"jtg-24283\" data-caption=\"\" aria-label=\"Open image in lightbox\" class=\"tile-inner modula-item-link\"><\/a><img loading=\"lazy\" decoding=\"async\" class=\"pic wp-image-24285\"  data-valign=\"middle\" data-halign=\"center\" alt=\"\" data-full=\"https:\/\/www.klarairosa.com\/wp-content\/uploads\/2026\/02\/619909406_18104806975817485_4875154977778522384_n_800x600.jpg\" title=\"619909406_18104806975817485_4875154977778522384_n_800x600\" crop=\"\" width=\"300\" height=\"225\" src=\"https:\/\/www.klarairosa.com\/wp-content\/uploads\/2026\/02\/619909406_18104806975817485_4875154977778522384_n_800x600-300x225.jpg\" data-src=\"https:\/\/www.klarairosa.com\/wp-content\/uploads\/2026\/02\/619909406_18104806975817485_4875154977778522384_n_800x600-300x225.jpg\" data-caption=\"\" srcset=\"https:\/\/www.klarairosa.com\/wp-content\/uploads\/2026\/02\/619909406_18104806975817485_4875154977778522384_n_800x600.jpg 800w, https:\/\/www.klarairosa.com\/wp-content\/uploads\/2026\/02\/619909406_18104806975817485_4875154977778522384_n_800x600-300x225.jpg 300w, https:\/\/www.klarairosa.com\/wp-content\/uploads\/2026\/02\/619909406_18104806975817485_4875154977778522384_n_800x600-768x576.jpg 768w, https:\/\/www.klarairosa.com\/wp-content\/uploads\/2026\/02\/619909406_18104806975817485_4875154977778522384_n_800x600-16x12.jpg 16w, https:\/\/www.klarairosa.com\/wp-content\/uploads\/2026\/02\/619909406_18104806975817485_4875154977778522384_n_800x600-700x525.jpg 700w\" sizes=\"(max-width: 300px) 100vw, 300px\" \/>\n\t\t<div class=\"figc no-description\">\n\t\t\t<div class=\"figc-inner\">\n\t\t\t\t\t\t\t\t\t\t\t\t\t\t\t<\/div>\n\t\t<\/div>\n\n\t<\/div>\n\n<\/div><div class=\"modula-item effect-pufrobo\" >\n\t<div class=\"modula-item-overlay\"><\/div>\n\n\t<div class=\"modula-item-content\">\n\n\t\t<a data-image-id=\"24286\" role=\"button\" data-elementor-open-lightbox=\"no\" tabindex=\"0\" rel=\"jtg-24283\" data-caption=\"\" aria-label=\"Open image in lightbox\" class=\"tile-inner modula-item-link\"><\/a><img loading=\"lazy\" decoding=\"async\" class=\"pic wp-image-24286\"  data-valign=\"middle\" data-halign=\"center\" alt=\"\" data-full=\"https:\/\/www.klarairosa.com\/wp-content\/uploads\/2026\/02\/619909718_18104806942817485_7144770571641255724_n_800x600.jpg\" title=\"619909718_18104806942817485_7144770571641255724_n_800x600\" crop=\"\" width=\"300\" height=\"225\" src=\"https:\/\/www.klarairosa.com\/wp-content\/uploads\/2026\/02\/619909718_18104806942817485_7144770571641255724_n_800x600-300x225.jpg\" data-src=\"https:\/\/www.klarairosa.com\/wp-content\/uploads\/2026\/02\/619909718_18104806942817485_7144770571641255724_n_800x600-300x225.jpg\" data-caption=\"\" srcset=\"https:\/\/www.klarairosa.com\/wp-content\/uploads\/2026\/02\/619909718_18104806942817485_7144770571641255724_n_800x600.jpg 800w, https:\/\/www.klarairosa.com\/wp-content\/uploads\/2026\/02\/619909718_18104806942817485_7144770571641255724_n_800x600-300x225.jpg 300w, https:\/\/www.klarairosa.com\/wp-content\/uploads\/2026\/02\/619909718_18104806942817485_7144770571641255724_n_800x600-768x576.jpg 768w, https:\/\/www.klarairosa.com\/wp-content\/uploads\/2026\/02\/619909718_18104806942817485_7144770571641255724_n_800x600-16x12.jpg 16w, https:\/\/www.klarairosa.com\/wp-content\/uploads\/2026\/02\/619909718_18104806942817485_7144770571641255724_n_800x600-700x525.jpg 700w\" sizes=\"(max-width: 300px) 100vw, 300px\" \/>\n\t\t<div class=\"figc no-description\">\n\t\t\t<div class=\"figc-inner\">\n\t\t\t\t\t\t\t\t\t\t\t\t\t\t\t<\/div>\n\t\t<\/div>\n\n\t<\/div>\n\n<\/div><div class=\"modula-item effect-pufrobo\" >\n\t<div class=\"modula-item-overlay\"><\/div>\n\n\t<div class=\"modula-item-content\">\n\n\t\t<a data-image-id=\"24287\" role=\"button\" data-elementor-open-lightbox=\"no\" tabindex=\"0\" rel=\"jtg-24283\" data-caption=\"\" aria-label=\"Open image in lightbox\" class=\"tile-inner modula-item-link\"><\/a><img loading=\"lazy\" decoding=\"async\" class=\"pic wp-image-24287\"  data-valign=\"middle\" data-halign=\"center\" alt=\"\" data-full=\"https:\/\/www.klarairosa.com\/wp-content\/uploads\/2026\/02\/620326311_18104806984817485_8134113759167984759_n_800x600.jpg\" title=\"620326311_18104806984817485_8134113759167984759_n_800x600\" crop=\"\" width=\"300\" height=\"225\" src=\"https:\/\/www.klarairosa.com\/wp-content\/uploads\/2026\/02\/620326311_18104806984817485_8134113759167984759_n_800x600-300x225.jpg\" data-src=\"https:\/\/www.klarairosa.com\/wp-content\/uploads\/2026\/02\/620326311_18104806984817485_8134113759167984759_n_800x600-300x225.jpg\" data-caption=\"\" srcset=\"https:\/\/www.klarairosa.com\/wp-content\/uploads\/2026\/02\/620326311_18104806984817485_8134113759167984759_n_800x600.jpg 800w, https:\/\/www.klarairosa.com\/wp-content\/uploads\/2026\/02\/620326311_18104806984817485_8134113759167984759_n_800x600-300x225.jpg 300w, https:\/\/www.klarairosa.com\/wp-content\/uploads\/2026\/02\/620326311_18104806984817485_8134113759167984759_n_800x600-768x576.jpg 768w, https:\/\/www.klarairosa.com\/wp-content\/uploads\/2026\/02\/620326311_18104806984817485_8134113759167984759_n_800x600-16x12.jpg 16w, https:\/\/www.klarairosa.com\/wp-content\/uploads\/2026\/02\/620326311_18104806984817485_8134113759167984759_n_800x600-700x525.jpg 700w\" sizes=\"(max-width: 300px) 100vw, 300px\" \/>\n\t\t<div class=\"figc no-description\">\n\t\t\t<div class=\"figc-inner\">\n\t\t\t\t\t\t\t\t\t\t\t\t\t\t\t<\/div>\n\t\t<\/div>\n\n\t<\/div>\n\n<\/div><div class=\"modula-item effect-pufrobo\" >\n\t<div class=\"modula-item-overlay\"><\/div>\n\n\t<div class=\"modula-item-content\">\n\n\t\t<a data-image-id=\"24288\" role=\"button\" data-elementor-open-lightbox=\"no\" tabindex=\"0\" rel=\"jtg-24283\" data-caption=\"\" aria-label=\"Open image in lightbox\" class=\"tile-inner modula-item-link\"><\/a><img loading=\"lazy\" decoding=\"async\" class=\"pic wp-image-24288\"  data-valign=\"middle\" data-halign=\"center\" alt=\"\" data-full=\"https:\/\/www.klarairosa.com\/wp-content\/uploads\/2026\/02\/621105382_18104806945817485_3104821831677527366_n_800x600.jpg\" title=\"621105382_18104806945817485_3104821831677527366_n_800x600\" crop=\"\" width=\"300\" height=\"225\" src=\"https:\/\/www.klarairosa.com\/wp-content\/uploads\/2026\/02\/621105382_18104806945817485_3104821831677527366_n_800x600-300x225.jpg\" data-src=\"https:\/\/www.klarairosa.com\/wp-content\/uploads\/2026\/02\/621105382_18104806945817485_3104821831677527366_n_800x600-300x225.jpg\" data-caption=\"\" srcset=\"https:\/\/www.klarairosa.com\/wp-content\/uploads\/2026\/02\/621105382_18104806945817485_3104821831677527366_n_800x600.jpg 800w, https:\/\/www.klarairosa.com\/wp-content\/uploads\/2026\/02\/621105382_18104806945817485_3104821831677527366_n_800x600-300x225.jpg 300w, https:\/\/www.klarairosa.com\/wp-content\/uploads\/2026\/02\/621105382_18104806945817485_3104821831677527366_n_800x600-768x576.jpg 768w, https:\/\/www.klarairosa.com\/wp-content\/uploads\/2026\/02\/621105382_18104806945817485_3104821831677527366_n_800x600-16x12.jpg 16w, https:\/\/www.klarairosa.com\/wp-content\/uploads\/2026\/02\/621105382_18104806945817485_3104821831677527366_n_800x600-700x525.jpg 700w\" sizes=\"(max-width: 300px) 100vw, 300px\" \/>\n\t\t<div class=\"figc no-description\">\n\t\t\t<div class=\"figc-inner\">\n\t\t\t\t\t\t\t\t\t\t\t\t\t\t\t<\/div>\n\t\t<\/div>\n\n\t<\/div>\n\n<\/div>\t\t\n\t<\/div>\n\n\t\n\t\n\t<script type=\"application\/ld+json\">\n\t{\n\t\t\"@context\": \"http:\/\/schema.org\",\n\t\t\"@type\"   : \"ImageGallery\",\n\t\t\"id\"      : \"https:\/\/www.klarairosa.com\/hu\/agora-metafizika-i-politika\/\",\n\t\t\"url\"     : \"https:\/\/www.klarairosa.com\/hu\/agora-metafizika-i-politika\/\"\n\t}\n\n\t<\/script>\n\n\t\n<\/div>\n<\/div>\n<\/form>\n<\/div>\n<\/div>\n<\/div>\n","protected":false},"excerpt":{"rendered":"<p>Slede\u0107a AGORA \u0107e se odr\u017eati u prostoru Klare i Rose (Petefi \u0160andora 15) u sredu,&#8230;<\/p>","protected":false},"author":1,"featured_media":21729,"comment_status":"closed","ping_status":"closed","sticky":false,"template":"","format":"standard","meta":{"content-type":"","inline_featured_image":false,"footnotes":""},"categories":[109],"tags":[396,351,282,469,307,124,152],"class_list":["post-24072","post","type-post","status-publish","format-standard","has-post-thumbnail","hentry","category-aktuelno","tag-agora","tag-boris-cegar","tag-community","tag-diskusija","tag-filozofija","tag-klara-i-rosa","tag-subotica"],"yoast_head":"<!-- This site is optimized with the Yoast SEO plugin v27.5 - https:\/\/yoast.com\/product\/yoast-seo-wordpress\/ -->\n<title>Agora - Metafizika i politika - Klara i Rosa<\/title>\n<meta name=\"robots\" content=\"index, follow, max-snippet:-1, max-image-preview:large, max-video-preview:-1\" \/>\n<link rel=\"canonical\" href=\"https:\/\/www.klarairosa.com\/hu\/agora-metafizika-i-politika\/\" \/>\n<meta property=\"og:locale\" content=\"hu_HU\" \/>\n<meta property=\"og:type\" content=\"article\" \/>\n<meta property=\"og:title\" content=\"Agora - Metafizika i politika - Klara i Rosa\" \/>\n<meta property=\"og:description\" content=\"Slede\u0107a AGORA \u0107e se odr\u017eati u prostoru Klare i Rose (Petefi \u0160andora 15) u sredu,...\" \/>\n<meta property=\"og:url\" content=\"https:\/\/www.klarairosa.com\/hu\/agora-metafizika-i-politika\/\" \/>\n<meta property=\"og:site_name\" content=\"Klara i Rosa\" \/>\n<meta property=\"article:publisher\" content=\"https:\/\/www.facebook.com\/klarairosa\/\" \/>\n<meta property=\"article:published_time\" content=\"2026-01-20T06:46:48+00:00\" \/>\n<meta property=\"article:modified_time\" content=\"2026-02-04T08:23:52+00:00\" \/>\n<meta property=\"og:image\" content=\"https:\/\/www.klarairosa.com\/wp-content\/uploads\/2024\/07\/20240717_193210.jpg\" \/>\n\t<meta property=\"og:image:width\" content=\"520\" \/>\n\t<meta property=\"og:image:height\" content=\"390\" \/>\n\t<meta property=\"og:image:type\" content=\"image\/jpeg\" \/>\n<meta name=\"author\" content=\"Klara i Rosa\" \/>\n<meta name=\"twitter:card\" content=\"summary_large_image\" \/>\n<meta name=\"twitter:label1\" content=\"Szerz\u0151:\" \/>\n\t<meta name=\"twitter:data1\" content=\"Klara i Rosa\" \/>\n\t<meta name=\"twitter:label2\" content=\"Becs\u00fclt olvas\u00e1si id\u0151\" \/>\n\t<meta name=\"twitter:data2\" content=\"3 perc\" \/>\n<script type=\"application\/ld+json\" class=\"yoast-schema-graph\">{\"@context\":\"https:\\\/\\\/schema.org\",\"@graph\":[{\"@type\":\"Article\",\"@id\":\"https:\\\/\\\/www.klarairosa.com\\\/agora-metafizika-i-politika\\\/#article\",\"isPartOf\":{\"@id\":\"https:\\\/\\\/www.klarairosa.com\\\/agora-metafizika-i-politika\\\/\"},\"author\":{\"name\":\"Klara i Rosa\",\"@id\":\"https:\\\/\\\/www.klarairosa.com\\\/en\\\/#\\\/schema\\\/person\\\/e4e7e9e5c8eeeddccf61e4532ae8e6ed\"},\"headline\":\"Agora &#8211; Metafizika i politika\",\"datePublished\":\"2026-01-20T06:46:48+00:00\",\"dateModified\":\"2026-02-04T08:23:52+00:00\",\"mainEntityOfPage\":{\"@id\":\"https:\\\/\\\/www.klarairosa.com\\\/agora-metafizika-i-politika\\\/\"},\"wordCount\":318,\"publisher\":{\"@id\":\"https:\\\/\\\/www.klarairosa.com\\\/en\\\/#organization\"},\"image\":{\"@id\":\"https:\\\/\\\/www.klarairosa.com\\\/agora-metafizika-i-politika\\\/#primaryimage\"},\"thumbnailUrl\":\"https:\\\/\\\/www.klarairosa.com\\\/wp-content\\\/uploads\\\/2024\\\/07\\\/20240717_193210.jpg\",\"keywords\":[\"agora\",\"boris cegar\",\"community\",\"diskusija\",\"filozofija\",\"Klara i Rosa\",\"subotica\"],\"articleSection\":[\"Aktuelno\"],\"inLanguage\":\"hu\"},{\"@type\":\"WebPage\",\"@id\":\"https:\\\/\\\/www.klarairosa.com\\\/agora-metafizika-i-politika\\\/\",\"url\":\"https:\\\/\\\/www.klarairosa.com\\\/agora-metafizika-i-politika\\\/\",\"name\":\"Agora - Metafizika i politika - Klara i Rosa\",\"isPartOf\":{\"@id\":\"https:\\\/\\\/www.klarairosa.com\\\/en\\\/#website\"},\"primaryImageOfPage\":{\"@id\":\"https:\\\/\\\/www.klarairosa.com\\\/agora-metafizika-i-politika\\\/#primaryimage\"},\"image\":{\"@id\":\"https:\\\/\\\/www.klarairosa.com\\\/agora-metafizika-i-politika\\\/#primaryimage\"},\"thumbnailUrl\":\"https:\\\/\\\/www.klarairosa.com\\\/wp-content\\\/uploads\\\/2024\\\/07\\\/20240717_193210.jpg\",\"datePublished\":\"2026-01-20T06:46:48+00:00\",\"dateModified\":\"2026-02-04T08:23:52+00:00\",\"breadcrumb\":{\"@id\":\"https:\\\/\\\/www.klarairosa.com\\\/agora-metafizika-i-politika\\\/#breadcrumb\"},\"inLanguage\":\"hu\",\"potentialAction\":[{\"@type\":\"ReadAction\",\"target\":[\"https:\\\/\\\/www.klarairosa.com\\\/agora-metafizika-i-politika\\\/\"]}]},{\"@type\":\"ImageObject\",\"inLanguage\":\"hu\",\"@id\":\"https:\\\/\\\/www.klarairosa.com\\\/agora-metafizika-i-politika\\\/#primaryimage\",\"url\":\"https:\\\/\\\/www.klarairosa.com\\\/wp-content\\\/uploads\\\/2024\\\/07\\\/20240717_193210.jpg\",\"contentUrl\":\"https:\\\/\\\/www.klarairosa.com\\\/wp-content\\\/uploads\\\/2024\\\/07\\\/20240717_193210.jpg\",\"width\":520,\"height\":390},{\"@type\":\"BreadcrumbList\",\"@id\":\"https:\\\/\\\/www.klarairosa.com\\\/agora-metafizika-i-politika\\\/#breadcrumb\",\"itemListElement\":[{\"@type\":\"ListItem\",\"position\":1,\"name\":\"Home\",\"item\":\"https:\\\/\\\/www.klarairosa.com\\\/\"},{\"@type\":\"ListItem\",\"position\":2,\"name\":\"Agora &#8211; Metafizika i politika\"}]},{\"@type\":\"WebSite\",\"@id\":\"https:\\\/\\\/www.klarairosa.com\\\/en\\\/#website\",\"url\":\"https:\\\/\\\/www.klarairosa.com\\\/en\\\/\",\"name\":\"Klara i Rosa\",\"description\":\"Klara i Rosa\",\"publisher\":{\"@id\":\"https:\\\/\\\/www.klarairosa.com\\\/en\\\/#organization\"},\"potentialAction\":[{\"@type\":\"SearchAction\",\"target\":{\"@type\":\"EntryPoint\",\"urlTemplate\":\"https:\\\/\\\/www.klarairosa.com\\\/en\\\/?s={search_term_string}\"},\"query-input\":{\"@type\":\"PropertyValueSpecification\",\"valueRequired\":true,\"valueName\":\"search_term_string\"}}],\"inLanguage\":\"hu\"},{\"@type\":\"Organization\",\"@id\":\"https:\\\/\\\/www.klarairosa.com\\\/en\\\/#organization\",\"name\":\"Klara i Rosa\",\"url\":\"https:\\\/\\\/www.klarairosa.com\\\/en\\\/\",\"logo\":{\"@type\":\"ImageObject\",\"inLanguage\":\"hu\",\"@id\":\"https:\\\/\\\/www.klarairosa.com\\\/en\\\/#\\\/schema\\\/logo\\\/image\\\/\",\"url\":\"https:\\\/\\\/www.klarairosa.com\\\/wp-content\\\/uploads\\\/2022\\\/01\\\/logo.svg\",\"contentUrl\":\"https:\\\/\\\/www.klarairosa.com\\\/wp-content\\\/uploads\\\/2022\\\/01\\\/logo.svg\",\"width\":110,\"height\":139,\"caption\":\"Klara i Rosa\"},\"image\":{\"@id\":\"https:\\\/\\\/www.klarairosa.com\\\/en\\\/#\\\/schema\\\/logo\\\/image\\\/\"},\"sameAs\":[\"https:\\\/\\\/www.facebook.com\\\/klarairosa\\\/\",\"https:\\\/\\\/www.instagram.com\\\/ugklarairosa\\\/\"]},{\"@type\":\"Person\",\"@id\":\"https:\\\/\\\/www.klarairosa.com\\\/en\\\/#\\\/schema\\\/person\\\/e4e7e9e5c8eeeddccf61e4532ae8e6ed\",\"name\":\"Klara i Rosa\",\"image\":{\"@type\":\"ImageObject\",\"inLanguage\":\"hu\",\"@id\":\"https:\\\/\\\/secure.gravatar.com\\\/avatar\\\/c83ee539a067b9f57ae5d8999ae286c4f98b5c4bd943b8cbb64f6b0fc1f29e40?s=96&d=mm&r=g\",\"url\":\"https:\\\/\\\/secure.gravatar.com\\\/avatar\\\/c83ee539a067b9f57ae5d8999ae286c4f98b5c4bd943b8cbb64f6b0fc1f29e40?s=96&d=mm&r=g\",\"contentUrl\":\"https:\\\/\\\/secure.gravatar.com\\\/avatar\\\/c83ee539a067b9f57ae5d8999ae286c4f98b5c4bd943b8cbb64f6b0fc1f29e40?s=96&d=mm&r=g\",\"caption\":\"Klara i Rosa\"},\"sameAs\":[\"https:\\\/\\\/klarairosa.com\"],\"url\":\"https:\\\/\\\/www.klarairosa.com\\\/hu\\\/author\\\/rosaiklara\\\/\"}]}<\/script>\n<!-- \/ Yoast SEO plugin. -->","yoast_head_json":{"title":"Agora - Metafizika i politika - Klara i Rosa","robots":{"index":"index","follow":"follow","max-snippet":"max-snippet:-1","max-image-preview":"max-image-preview:large","max-video-preview":"max-video-preview:-1"},"canonical":"https:\/\/www.klarairosa.com\/hu\/agora-metafizika-i-politika\/","og_locale":"hu_HU","og_type":"article","og_title":"Agora - Metafizika i politika - Klara i Rosa","og_description":"Slede\u0107a AGORA \u0107e se odr\u017eati u prostoru Klare i Rose (Petefi \u0160andora 15) u sredu,...","og_url":"https:\/\/www.klarairosa.com\/hu\/agora-metafizika-i-politika\/","og_site_name":"Klara i Rosa","article_publisher":"https:\/\/www.facebook.com\/klarairosa\/","article_published_time":"2026-01-20T06:46:48+00:00","article_modified_time":"2026-02-04T08:23:52+00:00","og_image":[{"width":520,"height":390,"url":"https:\/\/www.klarairosa.com\/wp-content\/uploads\/2024\/07\/20240717_193210.jpg","type":"image\/jpeg"}],"author":"Klara i Rosa","twitter_card":"summary_large_image","twitter_misc":{"Szerz\u0151:":"Klara i Rosa","Becs\u00fclt olvas\u00e1si id\u0151":"3 perc"},"schema":{"@context":"https:\/\/schema.org","@graph":[{"@type":"Article","@id":"https:\/\/www.klarairosa.com\/agora-metafizika-i-politika\/#article","isPartOf":{"@id":"https:\/\/www.klarairosa.com\/agora-metafizika-i-politika\/"},"author":{"name":"Klara i Rosa","@id":"https:\/\/www.klarairosa.com\/en\/#\/schema\/person\/e4e7e9e5c8eeeddccf61e4532ae8e6ed"},"headline":"Agora &#8211; Metafizika i politika","datePublished":"2026-01-20T06:46:48+00:00","dateModified":"2026-02-04T08:23:52+00:00","mainEntityOfPage":{"@id":"https:\/\/www.klarairosa.com\/agora-metafizika-i-politika\/"},"wordCount":318,"publisher":{"@id":"https:\/\/www.klarairosa.com\/en\/#organization"},"image":{"@id":"https:\/\/www.klarairosa.com\/agora-metafizika-i-politika\/#primaryimage"},"thumbnailUrl":"https:\/\/www.klarairosa.com\/wp-content\/uploads\/2024\/07\/20240717_193210.jpg","keywords":["agora","boris cegar","community","diskusija","filozofija","Klara i Rosa","subotica"],"articleSection":["Aktuelno"],"inLanguage":"hu"},{"@type":"WebPage","@id":"https:\/\/www.klarairosa.com\/agora-metafizika-i-politika\/","url":"https:\/\/www.klarairosa.com\/agora-metafizika-i-politika\/","name":"Agora - Metafizika i politika - Klara i Rosa","isPartOf":{"@id":"https:\/\/www.klarairosa.com\/en\/#website"},"primaryImageOfPage":{"@id":"https:\/\/www.klarairosa.com\/agora-metafizika-i-politika\/#primaryimage"},"image":{"@id":"https:\/\/www.klarairosa.com\/agora-metafizika-i-politika\/#primaryimage"},"thumbnailUrl":"https:\/\/www.klarairosa.com\/wp-content\/uploads\/2024\/07\/20240717_193210.jpg","datePublished":"2026-01-20T06:46:48+00:00","dateModified":"2026-02-04T08:23:52+00:00","breadcrumb":{"@id":"https:\/\/www.klarairosa.com\/agora-metafizika-i-politika\/#breadcrumb"},"inLanguage":"hu","potentialAction":[{"@type":"ReadAction","target":["https:\/\/www.klarairosa.com\/agora-metafizika-i-politika\/"]}]},{"@type":"ImageObject","inLanguage":"hu","@id":"https:\/\/www.klarairosa.com\/agora-metafizika-i-politika\/#primaryimage","url":"https:\/\/www.klarairosa.com\/wp-content\/uploads\/2024\/07\/20240717_193210.jpg","contentUrl":"https:\/\/www.klarairosa.com\/wp-content\/uploads\/2024\/07\/20240717_193210.jpg","width":520,"height":390},{"@type":"BreadcrumbList","@id":"https:\/\/www.klarairosa.com\/agora-metafizika-i-politika\/#breadcrumb","itemListElement":[{"@type":"ListItem","position":1,"name":"Home","item":"https:\/\/www.klarairosa.com\/"},{"@type":"ListItem","position":2,"name":"Agora &#8211; Metafizika i politika"}]},{"@type":"WebSite","@id":"https:\/\/www.klarairosa.com\/en\/#website","url":"https:\/\/www.klarairosa.com\/en\/","name":"Kl\u00e1ra \u00e9s Rosa Egyes\u00fclet","description":"Kl\u00e1ra \u00e9s Rosa Egyes\u00fclet","publisher":{"@id":"https:\/\/www.klarairosa.com\/en\/#organization"},"potentialAction":[{"@type":"SearchAction","target":{"@type":"EntryPoint","urlTemplate":"https:\/\/www.klarairosa.com\/en\/?s={search_term_string}"},"query-input":{"@type":"PropertyValueSpecification","valueRequired":true,"valueName":"search_term_string"}}],"inLanguage":"hu"},{"@type":"Organization","@id":"https:\/\/www.klarairosa.com\/en\/#organization","name":"Kl\u00e1ra \u00e9s Rosa Egyes\u00fclet","url":"https:\/\/www.klarairosa.com\/en\/","logo":{"@type":"ImageObject","inLanguage":"hu","@id":"https:\/\/www.klarairosa.com\/en\/#\/schema\/logo\/image\/","url":"https:\/\/www.klarairosa.com\/wp-content\/uploads\/2022\/01\/logo.svg","contentUrl":"https:\/\/www.klarairosa.com\/wp-content\/uploads\/2022\/01\/logo.svg","width":110,"height":139,"caption":"Klara i Rosa"},"image":{"@id":"https:\/\/www.klarairosa.com\/en\/#\/schema\/logo\/image\/"},"sameAs":["https:\/\/www.facebook.com\/klarairosa\/","https:\/\/www.instagram.com\/ugklarairosa\/"]},{"@type":"Person","@id":"https:\/\/www.klarairosa.com\/en\/#\/schema\/person\/e4e7e9e5c8eeeddccf61e4532ae8e6ed","name":"Kl\u00e1ra \u00e9s Rosa Egyes\u00fclet","image":{"@type":"ImageObject","inLanguage":"hu","@id":"https:\/\/secure.gravatar.com\/avatar\/c83ee539a067b9f57ae5d8999ae286c4f98b5c4bd943b8cbb64f6b0fc1f29e40?s=96&d=mm&r=g","url":"https:\/\/secure.gravatar.com\/avatar\/c83ee539a067b9f57ae5d8999ae286c4f98b5c4bd943b8cbb64f6b0fc1f29e40?s=96&d=mm&r=g","contentUrl":"https:\/\/secure.gravatar.com\/avatar\/c83ee539a067b9f57ae5d8999ae286c4f98b5c4bd943b8cbb64f6b0fc1f29e40?s=96&d=mm&r=g","caption":"Klara i Rosa"},"sameAs":["https:\/\/klarairosa.com"],"url":"https:\/\/www.klarairosa.com\/hu\/author\/rosaiklara\/"}]}},"_links":{"self":[{"href":"https:\/\/www.klarairosa.com\/hu\/wp-json\/wp\/v2\/posts\/24072","targetHints":{"allow":["GET"]}}],"collection":[{"href":"https:\/\/www.klarairosa.com\/hu\/wp-json\/wp\/v2\/posts"}],"about":[{"href":"https:\/\/www.klarairosa.com\/hu\/wp-json\/wp\/v2\/types\/post"}],"author":[{"embeddable":true,"href":"https:\/\/www.klarairosa.com\/hu\/wp-json\/wp\/v2\/users\/1"}],"replies":[{"embeddable":true,"href":"https:\/\/www.klarairosa.com\/hu\/wp-json\/wp\/v2\/comments?post=24072"}],"version-history":[{"count":2,"href":"https:\/\/www.klarairosa.com\/hu\/wp-json\/wp\/v2\/posts\/24072\/revisions"}],"predecessor-version":[{"id":24289,"href":"https:\/\/www.klarairosa.com\/hu\/wp-json\/wp\/v2\/posts\/24072\/revisions\/24289"}],"wp:featuredmedia":[{"embeddable":true,"href":"https:\/\/www.klarairosa.com\/hu\/wp-json\/wp\/v2\/media\/21729"}],"wp:attachment":[{"href":"https:\/\/www.klarairosa.com\/hu\/wp-json\/wp\/v2\/media?parent=24072"}],"wp:term":[{"taxonomy":"category","embeddable":true,"href":"https:\/\/www.klarairosa.com\/hu\/wp-json\/wp\/v2\/categories?post=24072"},{"taxonomy":"post_tag","embeddable":true,"href":"https:\/\/www.klarairosa.com\/hu\/wp-json\/wp\/v2\/tags?post=24072"}],"curies":[{"name":"wp","href":"https:\/\/api.w.org\/{rel}","templated":true}]}}