{"id":23729,"date":"2025-11-04T08:13:39","date_gmt":"2025-11-04T08:13:39","guid":{"rendered":"https:\/\/www.klarairosa.com\/?p=23729"},"modified":"2025-11-20T10:53:09","modified_gmt":"2025-11-20T10:53:09","slug":"o-zajednickom-dijalog-u-podeljenom-drustvu","status":"publish","type":"post","link":"https:\/\/www.klarairosa.com\/hu\/o-zajednickom-dijalog-u-podeljenom-drustvu\/","title":{"rendered":"A k\u00f6z\u00f6sr\u0151l: P\u00e1rbesz\u00e9d a megosztott k\u00f6z\u00f6ss\u00e9gben"},"content":{"rendered":"<p style=\"text-align: justify;\"><strong>U ponedeljak, 10. novembra od 18 \u010dasova, u prostoru Klare i Rose <\/strong>(Petefi \u0160andora 15), kroz novu tribinu iz ciklusa<strong> \u201cO zajedni\u010dkom\u201d <\/strong>bavi\u0107emo se temom<strong> dijaloga.<\/strong><\/p>\n<p style=\"text-align: justify;\">.<\/p>\n<p style=\"text-align: justify;\"><span style=\"font-weight: 400;\">\u0160ta dijalog uop\u0161te zna\u010di danas? U vremenu sve dubljih podela, umemo li zaista da razgovaramo ili samo poku\u0161avamo da sagovornika uvu\u010demo u prizmu svoje istine? Kako pristrasnost uti\u010de na na\u010din na koji na\u0161 mozak funkcioni\u0161e i oblikuje na\u0161e reakcije?<\/span><\/p>\n<p style=\"text-align: justify;\"><span style=\"font-weight: 400;\">.<br \/>\n<\/span><span style=\"font-weight: 400;\">Mo\u017eemo li svakodnevno ve\u017ebati da usporimo um, prepoznamo sopstvene obrasce i promislimo svoje akcije pre nego \u0161to reagujemo? Koliko na na\u0161u sposobnost da \u010dujemo, razumemo i vidimo onoga ko je druga\u010diji od nas uti\u010du na\u0161a li\u010dna iskustva, uverenja, naklonosti i predrasude?<\/span><\/p>\n<p style=\"text-align: justify;\">.<\/p>\n<p style=\"text-align: justify;\"><span style=\"font-weight: 400;\"><strong>Gosti tribine<\/strong> su <strong>Lidija Andonov<\/strong>, glumica, dramaterapeutkinja i peva\u010dica, sa bogatim iskustvom rada sa zajednicama i pojedincima u Srbiji i Zapadnoj Evropi i <strong>Mirana Dmitrovi\u0107<\/strong>, sociolo\u0161kinja i novinarka lokalnog portala Maglo\u010dista\u010d. Razgovor moderira <strong>Olga \u010cegar<\/strong>, studentkinja master studija filozofije i kulturne politike.<\/span><\/p>\n<p style=\"text-align: justify;\">.<\/p>\n<p style=\"text-align: justify;\"><span style=\"font-weight: 400;\">Serija javnih razgovora pod nazivom \u201cO zajedni\u010dkom\u201d\u00a0 ima za cilj edukaciju, pokretanje dijaloga, razmenu mi\u0161ljenja, slu\u0161anje i zajedni\u010dko promi\u0161ljanje. Kroz ovaj program \u017eelimo da ja\u010damo ose\u0107aj zajedni\u0161tva, kriti\u010dki promi\u0161ljamo i delimo iskustva, ideje i prakse, iniciraju\u0107i razgovore na razli\u010dite teme i probleme koji su prisutni u na\u0161em dru\u0161tvu i gradu.<\/span><\/p>\n<p style=\"text-align: justify;\">.<\/p>\n<p style=\"text-align: justify;\"><span style=\"font-weight: 400;\">Program podr\u017eava Fondacija \u201eHajnrih Bel\u201c iz Beograda.<\/span><\/p>\n<p><img decoding=\"async\" class=\"alignleft wp-image-21118\" src=\"https:\/\/www.klarairosa.com\/wp-content\/uploads\/2024\/05\/download.png\" alt=\"\" width=\"124\" height=\"124\" \/><\/p>\n<p>.<\/p>\n<p>&nbsp;<\/p>\n<p>&nbsp;<\/p>\n<p>&nbsp;<\/p>\n<p>.<\/p>\n<div  id=\"jtg-23850\" class=\"modula modula-gallery modula-columns\" data-config=\"{&quot;tabletHeight&quot;:800,&quot;mobileHeight&quot;:800,&quot;desktopHeight&quot;:800,&quot;enableTwitter&quot;:false,&quot;enableWhatsapp&quot;:false,&quot;enableFacebook&quot;:false,&quot;enablePinterest&quot;:false,&quot;enableLinkedin&quot;:false,&quot;enableEmail&quot;:false,&quot;randomFactor&quot;:0.5,&quot;type&quot;:&quot;grid&quot;,&quot;columns&quot;:12,&quot;gutter&quot;:10,&quot;mobileGutter&quot;:10,&quot;tabletGutter&quot;:10,&quot;desktopGutter&quot;:10,&quot;enableResponsive&quot;:true,&quot;tabletColumns&quot;:2,&quot;mobileColumns&quot;:1,&quot;lazyLoad&quot;:0,&quot;lightboxOpts&quot;:{&quot;animated&quot;:true,&quot;Thumbs&quot;:{&quot;type&quot;:&quot;modern&quot;,&quot;showOnStart&quot;:false},&quot;Toolbar&quot;:{&quot;display&quot;:{&quot;right&quot;:[&quot;close&quot;]},&quot;enabled&quot;:true},&quot;Carousel&quot;:{&quot;Panzoom&quot;:{&quot;touch&quot;:true},&quot;infinite&quot;:false},&quot;keyboard&quot;:{&quot;Escape&quot;:&quot;close&quot;,&quot;Delete&quot;:&quot;close&quot;,&quot;Backspace&quot;:&quot;close&quot;,&quot;PageUp&quot;:false,&quot;PageDown&quot;:false,&quot;ArrowUp&quot;:false,&quot;ArrowDown&quot;:false,&quot;ArrowRight&quot;:false,&quot;ArrowLeft&quot;:false},&quot;touch&quot;:false,&quot;backdropClick&quot;:false,&quot;l10n&quot;:{&quot;CLOSE&quot;:&quot;Close&quot;,&quot;NEXT&quot;:&quot;Next&quot;,&quot;PREV&quot;:&quot;Previous&quot;,&quot;Error&quot;:&quot;The requested content cannot be loaded. Please try again later.&quot;,&quot;PLAY_START&quot;:&quot;Start slideshow&quot;,&quot;PLAY_STOP&quot;:&quot;Pause slideshow&quot;,&quot;FULL_SCREEN&quot;:&quot;Full screen&quot;,&quot;THUMBS&quot;:&quot;Thumbnails&quot;,&quot;DOWNLOAD&quot;:&quot;Download&quot;,&quot;SHARE&quot;:&quot;Share&quot;,&quot;ZOOM&quot;:&quot;Zoom&quot;,&quot;EMAIL&quot;:&quot;Here is the link to the image : %%image_link%% and this is the link to the gallery : %%gallery_link%%&quot;,&quot;MODAL&quot;:&quot;You can close this modal content with the ESC key&quot;,&quot;ERROR&quot;:&quot;Something Went Wrong, Please Try Again Later&quot;,&quot;IMAGE_ERROR&quot;:&quot;Image Not Found&quot;,&quot;ELEMENT_NOT_FOUND&quot;:&quot;HTML Element Not Found&quot;,&quot;AJAX_NOT_FOUND&quot;:&quot;Error Loading AJAX : Not Found&quot;,&quot;AJAX_FORBIDDEN&quot;:&quot;Error Loading AJAX : Forbidden&quot;,&quot;IFRAME_ERROR&quot;:&quot;Error Loading Page&quot;,&quot;TOGGLE_ZOOM&quot;:&quot;Toggle zoom level&quot;,&quot;TOGGLE_THUMBS&quot;:&quot;Toggle thumbnails&quot;,&quot;TOGGLE_SLIDESHOW&quot;:&quot;Toggle slideshow&quot;,&quot;TOGGLE_FULLSCREEN&quot;:&quot;Toggle full-screen mode&quot;},&quot;Images&quot;:{&quot;Panzoom&quot;:{&quot;maxScale&quot;:2}},&quot;mainClass&quot;:&quot;modula-fancybox-container modula-lightbox-jtg-23850&quot;,&quot;Html&quot;:{&quot;videoAutoplay&quot;:0,&quot;videoTpl&quot;:&quot;&lt;video class=\\&quot;fancybox__html5video\\&quot; controls muted playsinline controlsList controlsList=\\&quot;nodownload\\&quot; poster=\\&quot;{{poster}}\\&quot; src=\\&quot;{{src}}\\&quot; type=\\&quot;{{format}}\\&quot; &gt;  Sorry, your browser doesn&#039;t support embedded videos, &lt;a href=\\&quot;{{src}}\\&quot;&gt; download &lt;\\\/a&gt; and watch with your favorite video player! &lt;\\\/video&gt;&quot;}},&quot;inView&quot;:false,&quot;email_subject&quot;:&quot;Check out this awesome image !!&quot;,&quot;email_message&quot;:&quot;Here is the link to the image : %%image_link%% and this is the link to the gallery : %%gallery_link%%&quot;,&quot;grid_type&quot;:&quot;automatic&quot;,&quot;rowHeight&quot;:250,&quot;lastRow&quot;:&quot;justify&quot;,&quot;lightbox&quot;:&quot;fancybox&quot;}\">\n\n\t\n\t<div  class=\"modula-items grid-gallery\">\n\t\t<div class=\"modula-item effect-pufrobo\" >\n\t<div class=\"modula-item-overlay\"><\/div>\n\n\t<div class=\"modula-item-content\">\n\n\t\t<a data-image-id=\"23851\" role=\"button\" data-elementor-open-lightbox=\"no\" tabindex=\"0\" rel=\"jtg-23850\" data-caption=\"\" aria-label=\"Open image in lightbox\" class=\"tile-inner modula-item-link\"><\/a><img fetchpriority=\"high\" decoding=\"async\" class=\"pic wp-image-23851\"  data-valign=\"middle\" data-halign=\"center\" alt=\"\" data-full=\"https:\/\/www.klarairosa.com\/wp-content\/uploads\/2025\/11\/smanjeno_27.jpg\" title=\"smanjeno_27\" crop=\"\" width=\"300\" height=\"225\" src=\"https:\/\/www.klarairosa.com\/wp-content\/uploads\/2025\/11\/smanjeno_27-300x225.jpg\" data-src=\"https:\/\/www.klarairosa.com\/wp-content\/uploads\/2025\/11\/smanjeno_27-300x225.jpg\" data-caption=\"\" srcset=\"https:\/\/www.klarairosa.com\/wp-content\/uploads\/2025\/11\/smanjeno_27.jpg 1024w, https:\/\/www.klarairosa.com\/wp-content\/uploads\/2025\/11\/smanjeno_27-300x225.jpg 300w, https:\/\/www.klarairosa.com\/wp-content\/uploads\/2025\/11\/smanjeno_27-768x576.jpg 768w, https:\/\/www.klarairosa.com\/wp-content\/uploads\/2025\/11\/smanjeno_27-16x12.jpg 16w, https:\/\/www.klarairosa.com\/wp-content\/uploads\/2025\/11\/smanjeno_27-800x600.jpg 800w, https:\/\/www.klarairosa.com\/wp-content\/uploads\/2025\/11\/smanjeno_27-700x525.jpg 700w\" sizes=\"(max-width: 300px) 100vw, 300px\" \/>\n\t\t<div class=\"figc no-description\">\n\t\t\t<div class=\"figc-inner\">\n\t\t\t\t\t\t\t\t\t\t\t\t\t\t\t<\/div>\n\t\t<\/div>\n\n\t<\/div>\n\n<\/div><div class=\"modula-item effect-pufrobo\" >\n\t<div class=\"modula-item-overlay\"><\/div>\n\n\t<div class=\"modula-item-content\">\n\n\t\t<a data-image-id=\"23852\" role=\"button\" data-elementor-open-lightbox=\"no\" tabindex=\"0\" rel=\"jtg-23850\" data-caption=\"\" aria-label=\"Open image in lightbox\" class=\"tile-inner modula-item-link\"><\/a><img decoding=\"async\" class=\"pic wp-image-23852\"  data-valign=\"middle\" data-halign=\"center\" alt=\"\" data-full=\"https:\/\/www.klarairosa.com\/wp-content\/uploads\/2025\/11\/smanjeno_16.jpg\" title=\"smanjeno_16\" crop=\"\" width=\"300\" height=\"225\" src=\"https:\/\/www.klarairosa.com\/wp-content\/uploads\/2025\/11\/smanjeno_16-300x225.jpg\" data-src=\"https:\/\/www.klarairosa.com\/wp-content\/uploads\/2025\/11\/smanjeno_16-300x225.jpg\" data-caption=\"\" srcset=\"https:\/\/www.klarairosa.com\/wp-content\/uploads\/2025\/11\/smanjeno_16.jpg 1024w, https:\/\/www.klarairosa.com\/wp-content\/uploads\/2025\/11\/smanjeno_16-300x225.jpg 300w, https:\/\/www.klarairosa.com\/wp-content\/uploads\/2025\/11\/smanjeno_16-768x576.jpg 768w, https:\/\/www.klarairosa.com\/wp-content\/uploads\/2025\/11\/smanjeno_16-16x12.jpg 16w, https:\/\/www.klarairosa.com\/wp-content\/uploads\/2025\/11\/smanjeno_16-800x600.jpg 800w, https:\/\/www.klarairosa.com\/wp-content\/uploads\/2025\/11\/smanjeno_16-700x525.jpg 700w\" sizes=\"(max-width: 300px) 100vw, 300px\" \/>\n\t\t<div class=\"figc no-description\">\n\t\t\t<div class=\"figc-inner\">\n\t\t\t\t\t\t\t\t\t\t\t\t\t\t\t<\/div>\n\t\t<\/div>\n\n\t<\/div>\n\n<\/div><div class=\"modula-item effect-pufrobo\" >\n\t<div class=\"modula-item-overlay\"><\/div>\n\n\t<div class=\"modula-item-content\">\n\n\t\t<a data-image-id=\"23853\" role=\"button\" data-elementor-open-lightbox=\"no\" tabindex=\"0\" rel=\"jtg-23850\" data-caption=\"\" aria-label=\"Open image in lightbox\" class=\"tile-inner modula-item-link\"><\/a><img loading=\"lazy\" decoding=\"async\" class=\"pic wp-image-23853\"  data-valign=\"middle\" data-halign=\"center\" alt=\"\" data-full=\"https:\/\/www.klarairosa.com\/wp-content\/uploads\/2025\/11\/smanjeno_17.jpg\" title=\"smanjeno_17\" crop=\"\" width=\"300\" height=\"225\" src=\"https:\/\/www.klarairosa.com\/wp-content\/uploads\/2025\/11\/smanjeno_17-300x225.jpg\" data-src=\"https:\/\/www.klarairosa.com\/wp-content\/uploads\/2025\/11\/smanjeno_17-300x225.jpg\" data-caption=\"\" srcset=\"https:\/\/www.klarairosa.com\/wp-content\/uploads\/2025\/11\/smanjeno_17.jpg 1024w, https:\/\/www.klarairosa.com\/wp-content\/uploads\/2025\/11\/smanjeno_17-300x225.jpg 300w, https:\/\/www.klarairosa.com\/wp-content\/uploads\/2025\/11\/smanjeno_17-768x576.jpg 768w, https:\/\/www.klarairosa.com\/wp-content\/uploads\/2025\/11\/smanjeno_17-16x12.jpg 16w, https:\/\/www.klarairosa.com\/wp-content\/uploads\/2025\/11\/smanjeno_17-800x600.jpg 800w, https:\/\/www.klarairosa.com\/wp-content\/uploads\/2025\/11\/smanjeno_17-700x525.jpg 700w\" sizes=\"(max-width: 300px) 100vw, 300px\" \/>\n\t\t<div class=\"figc no-description\">\n\t\t\t<div class=\"figc-inner\">\n\t\t\t\t\t\t\t\t\t\t\t\t\t\t\t<\/div>\n\t\t<\/div>\n\n\t<\/div>\n\n<\/div><div class=\"modula-item effect-pufrobo\" >\n\t<div class=\"modula-item-overlay\"><\/div>\n\n\t<div class=\"modula-item-content\">\n\n\t\t<a data-image-id=\"23854\" role=\"button\" data-elementor-open-lightbox=\"no\" tabindex=\"0\" rel=\"jtg-23850\" data-caption=\"\" aria-label=\"Open image in lightbox\" class=\"tile-inner modula-item-link\"><\/a><img loading=\"lazy\" decoding=\"async\" class=\"pic wp-image-23854\"  data-valign=\"middle\" data-halign=\"center\" alt=\"\" data-full=\"https:\/\/www.klarairosa.com\/wp-content\/uploads\/2025\/11\/smanjeno_18.jpg\" title=\"smanjeno_18\" crop=\"\" width=\"300\" height=\"225\" src=\"https:\/\/www.klarairosa.com\/wp-content\/uploads\/2025\/11\/smanjeno_18-300x225.jpg\" data-src=\"https:\/\/www.klarairosa.com\/wp-content\/uploads\/2025\/11\/smanjeno_18-300x225.jpg\" data-caption=\"\" srcset=\"https:\/\/www.klarairosa.com\/wp-content\/uploads\/2025\/11\/smanjeno_18.jpg 1024w, https:\/\/www.klarairosa.com\/wp-content\/uploads\/2025\/11\/smanjeno_18-300x225.jpg 300w, https:\/\/www.klarairosa.com\/wp-content\/uploads\/2025\/11\/smanjeno_18-768x576.jpg 768w, https:\/\/www.klarairosa.com\/wp-content\/uploads\/2025\/11\/smanjeno_18-16x12.jpg 16w, https:\/\/www.klarairosa.com\/wp-content\/uploads\/2025\/11\/smanjeno_18-800x600.jpg 800w, https:\/\/www.klarairosa.com\/wp-content\/uploads\/2025\/11\/smanjeno_18-700x525.jpg 700w\" sizes=\"(max-width: 300px) 100vw, 300px\" \/>\n\t\t<div class=\"figc no-description\">\n\t\t\t<div class=\"figc-inner\">\n\t\t\t\t\t\t\t\t\t\t\t\t\t\t\t<\/div>\n\t\t<\/div>\n\n\t<\/div>\n\n<\/div><div class=\"modula-item effect-pufrobo\" >\n\t<div class=\"modula-item-overlay\"><\/div>\n\n\t<div class=\"modula-item-content\">\n\n\t\t<a data-image-id=\"23855\" role=\"button\" data-elementor-open-lightbox=\"no\" tabindex=\"0\" rel=\"jtg-23850\" data-caption=\"\" aria-label=\"Open image in lightbox\" class=\"tile-inner modula-item-link\"><\/a><img loading=\"lazy\" decoding=\"async\" class=\"pic wp-image-23855\"  data-valign=\"middle\" data-halign=\"center\" alt=\"\" data-full=\"https:\/\/www.klarairosa.com\/wp-content\/uploads\/2025\/11\/smanjeno_19.jpg\" title=\"smanjeno_19\" crop=\"\" width=\"300\" height=\"225\" src=\"https:\/\/www.klarairosa.com\/wp-content\/uploads\/2025\/11\/smanjeno_19-300x225.jpg\" data-src=\"https:\/\/www.klarairosa.com\/wp-content\/uploads\/2025\/11\/smanjeno_19-300x225.jpg\" data-caption=\"\" srcset=\"https:\/\/www.klarairosa.com\/wp-content\/uploads\/2025\/11\/smanjeno_19.jpg 1024w, https:\/\/www.klarairosa.com\/wp-content\/uploads\/2025\/11\/smanjeno_19-300x225.jpg 300w, https:\/\/www.klarairosa.com\/wp-content\/uploads\/2025\/11\/smanjeno_19-768x576.jpg 768w, https:\/\/www.klarairosa.com\/wp-content\/uploads\/2025\/11\/smanjeno_19-16x12.jpg 16w, https:\/\/www.klarairosa.com\/wp-content\/uploads\/2025\/11\/smanjeno_19-800x600.jpg 800w, https:\/\/www.klarairosa.com\/wp-content\/uploads\/2025\/11\/smanjeno_19-700x525.jpg 700w\" sizes=\"(max-width: 300px) 100vw, 300px\" \/>\n\t\t<div class=\"figc no-description\">\n\t\t\t<div class=\"figc-inner\">\n\t\t\t\t\t\t\t\t\t\t\t\t\t\t\t<\/div>\n\t\t<\/div>\n\n\t<\/div>\n\n<\/div><div class=\"modula-item effect-pufrobo\" >\n\t<div class=\"modula-item-overlay\"><\/div>\n\n\t<div class=\"modula-item-content\">\n\n\t\t<a data-image-id=\"23856\" role=\"button\" data-elementor-open-lightbox=\"no\" tabindex=\"0\" rel=\"jtg-23850\" data-caption=\"\" aria-label=\"Open image in lightbox\" class=\"tile-inner modula-item-link\"><\/a><img loading=\"lazy\" decoding=\"async\" class=\"pic wp-image-23856\"  data-valign=\"middle\" data-halign=\"center\" alt=\"\" data-full=\"https:\/\/www.klarairosa.com\/wp-content\/uploads\/2025\/11\/smanjeno_20.jpg\" title=\"smanjeno_20\" crop=\"\" width=\"300\" height=\"225\" src=\"https:\/\/www.klarairosa.com\/wp-content\/uploads\/2025\/11\/smanjeno_20-300x225.jpg\" data-src=\"https:\/\/www.klarairosa.com\/wp-content\/uploads\/2025\/11\/smanjeno_20-300x225.jpg\" data-caption=\"\" srcset=\"https:\/\/www.klarairosa.com\/wp-content\/uploads\/2025\/11\/smanjeno_20.jpg 1024w, https:\/\/www.klarairosa.com\/wp-content\/uploads\/2025\/11\/smanjeno_20-300x225.jpg 300w, https:\/\/www.klarairosa.com\/wp-content\/uploads\/2025\/11\/smanjeno_20-768x576.jpg 768w, https:\/\/www.klarairosa.com\/wp-content\/uploads\/2025\/11\/smanjeno_20-16x12.jpg 16w, https:\/\/www.klarairosa.com\/wp-content\/uploads\/2025\/11\/smanjeno_20-800x600.jpg 800w, https:\/\/www.klarairosa.com\/wp-content\/uploads\/2025\/11\/smanjeno_20-700x525.jpg 700w\" sizes=\"(max-width: 300px) 100vw, 300px\" \/>\n\t\t<div class=\"figc no-description\">\n\t\t\t<div class=\"figc-inner\">\n\t\t\t\t\t\t\t\t\t\t\t\t\t\t\t<\/div>\n\t\t<\/div>\n\n\t<\/div>\n\n<\/div><div class=\"modula-item effect-pufrobo\" >\n\t<div class=\"modula-item-overlay\"><\/div>\n\n\t<div class=\"modula-item-content\">\n\n\t\t<a data-image-id=\"23857\" role=\"button\" data-elementor-open-lightbox=\"no\" tabindex=\"0\" rel=\"jtg-23850\" data-caption=\"\" aria-label=\"Open image in lightbox\" class=\"tile-inner modula-item-link\"><\/a><img loading=\"lazy\" decoding=\"async\" class=\"pic wp-image-23857\"  data-valign=\"middle\" data-halign=\"center\" alt=\"\" data-full=\"https:\/\/www.klarairosa.com\/wp-content\/uploads\/2025\/11\/smanjeno_21.jpg\" title=\"smanjeno_21\" crop=\"\" width=\"300\" height=\"225\" src=\"https:\/\/www.klarairosa.com\/wp-content\/uploads\/2025\/11\/smanjeno_21-300x225.jpg\" data-src=\"https:\/\/www.klarairosa.com\/wp-content\/uploads\/2025\/11\/smanjeno_21-300x225.jpg\" data-caption=\"\" srcset=\"https:\/\/www.klarairosa.com\/wp-content\/uploads\/2025\/11\/smanjeno_21.jpg 1024w, https:\/\/www.klarairosa.com\/wp-content\/uploads\/2025\/11\/smanjeno_21-300x225.jpg 300w, https:\/\/www.klarairosa.com\/wp-content\/uploads\/2025\/11\/smanjeno_21-768x576.jpg 768w, https:\/\/www.klarairosa.com\/wp-content\/uploads\/2025\/11\/smanjeno_21-16x12.jpg 16w, https:\/\/www.klarairosa.com\/wp-content\/uploads\/2025\/11\/smanjeno_21-800x600.jpg 800w, https:\/\/www.klarairosa.com\/wp-content\/uploads\/2025\/11\/smanjeno_21-700x525.jpg 700w\" sizes=\"(max-width: 300px) 100vw, 300px\" \/>\n\t\t<div class=\"figc no-description\">\n\t\t\t<div class=\"figc-inner\">\n\t\t\t\t\t\t\t\t\t\t\t\t\t\t\t<\/div>\n\t\t<\/div>\n\n\t<\/div>\n\n<\/div><div class=\"modula-item effect-pufrobo\" >\n\t<div class=\"modula-item-overlay\"><\/div>\n\n\t<div class=\"modula-item-content\">\n\n\t\t<a data-image-id=\"23858\" role=\"button\" data-elementor-open-lightbox=\"no\" tabindex=\"0\" rel=\"jtg-23850\" data-caption=\"\" aria-label=\"Open image in lightbox\" class=\"tile-inner modula-item-link\"><\/a><img loading=\"lazy\" decoding=\"async\" class=\"pic wp-image-23858\"  data-valign=\"middle\" data-halign=\"center\" alt=\"\" data-full=\"https:\/\/www.klarairosa.com\/wp-content\/uploads\/2025\/11\/smanjeno_22.jpg\" title=\"smanjeno_22\" crop=\"\" width=\"300\" height=\"225\" src=\"https:\/\/www.klarairosa.com\/wp-content\/uploads\/2025\/11\/smanjeno_22-300x225.jpg\" data-src=\"https:\/\/www.klarairosa.com\/wp-content\/uploads\/2025\/11\/smanjeno_22-300x225.jpg\" data-caption=\"\" srcset=\"https:\/\/www.klarairosa.com\/wp-content\/uploads\/2025\/11\/smanjeno_22.jpg 1024w, https:\/\/www.klarairosa.com\/wp-content\/uploads\/2025\/11\/smanjeno_22-300x225.jpg 300w, https:\/\/www.klarairosa.com\/wp-content\/uploads\/2025\/11\/smanjeno_22-768x576.jpg 768w, https:\/\/www.klarairosa.com\/wp-content\/uploads\/2025\/11\/smanjeno_22-16x12.jpg 16w, https:\/\/www.klarairosa.com\/wp-content\/uploads\/2025\/11\/smanjeno_22-800x600.jpg 800w, https:\/\/www.klarairosa.com\/wp-content\/uploads\/2025\/11\/smanjeno_22-700x525.jpg 700w\" sizes=\"(max-width: 300px) 100vw, 300px\" \/>\n\t\t<div class=\"figc no-description\">\n\t\t\t<div class=\"figc-inner\">\n\t\t\t\t\t\t\t\t\t\t\t\t\t\t\t<\/div>\n\t\t<\/div>\n\n\t<\/div>\n\n<\/div><div class=\"modula-item effect-pufrobo\" >\n\t<div class=\"modula-item-overlay\"><\/div>\n\n\t<div class=\"modula-item-content\">\n\n\t\t<a data-image-id=\"23859\" role=\"button\" data-elementor-open-lightbox=\"no\" tabindex=\"0\" rel=\"jtg-23850\" data-caption=\"\" aria-label=\"Open image in lightbox\" class=\"tile-inner modula-item-link\"><\/a><img loading=\"lazy\" decoding=\"async\" class=\"pic wp-image-23859\"  data-valign=\"middle\" data-halign=\"center\" alt=\"\" data-full=\"https:\/\/www.klarairosa.com\/wp-content\/uploads\/2025\/11\/smanjeno_23.jpg\" title=\"smanjeno_23\" crop=\"\" width=\"300\" height=\"225\" src=\"https:\/\/www.klarairosa.com\/wp-content\/uploads\/2025\/11\/smanjeno_23-300x225.jpg\" data-src=\"https:\/\/www.klarairosa.com\/wp-content\/uploads\/2025\/11\/smanjeno_23-300x225.jpg\" data-caption=\"\" srcset=\"https:\/\/www.klarairosa.com\/wp-content\/uploads\/2025\/11\/smanjeno_23.jpg 1024w, https:\/\/www.klarairosa.com\/wp-content\/uploads\/2025\/11\/smanjeno_23-300x225.jpg 300w, https:\/\/www.klarairosa.com\/wp-content\/uploads\/2025\/11\/smanjeno_23-768x576.jpg 768w, https:\/\/www.klarairosa.com\/wp-content\/uploads\/2025\/11\/smanjeno_23-16x12.jpg 16w, https:\/\/www.klarairosa.com\/wp-content\/uploads\/2025\/11\/smanjeno_23-800x600.jpg 800w, https:\/\/www.klarairosa.com\/wp-content\/uploads\/2025\/11\/smanjeno_23-700x525.jpg 700w\" sizes=\"(max-width: 300px) 100vw, 300px\" \/>\n\t\t<div class=\"figc no-description\">\n\t\t\t<div class=\"figc-inner\">\n\t\t\t\t\t\t\t\t\t\t\t\t\t\t\t<\/div>\n\t\t<\/div>\n\n\t<\/div>\n\n<\/div><div class=\"modula-item effect-pufrobo\" >\n\t<div class=\"modula-item-overlay\"><\/div>\n\n\t<div class=\"modula-item-content\">\n\n\t\t<a data-image-id=\"23860\" role=\"button\" data-elementor-open-lightbox=\"no\" tabindex=\"0\" rel=\"jtg-23850\" data-caption=\"\" aria-label=\"Open image in lightbox\" class=\"tile-inner modula-item-link\"><\/a><img loading=\"lazy\" decoding=\"async\" class=\"pic wp-image-23860\"  data-valign=\"middle\" data-halign=\"center\" alt=\"\" data-full=\"https:\/\/www.klarairosa.com\/wp-content\/uploads\/2025\/11\/smanjeno_24.jpg\" title=\"smanjeno_24\" crop=\"\" width=\"300\" height=\"225\" src=\"https:\/\/www.klarairosa.com\/wp-content\/uploads\/2025\/11\/smanjeno_24-300x225.jpg\" data-src=\"https:\/\/www.klarairosa.com\/wp-content\/uploads\/2025\/11\/smanjeno_24-300x225.jpg\" data-caption=\"\" srcset=\"https:\/\/www.klarairosa.com\/wp-content\/uploads\/2025\/11\/smanjeno_24.jpg 1024w, https:\/\/www.klarairosa.com\/wp-content\/uploads\/2025\/11\/smanjeno_24-300x225.jpg 300w, https:\/\/www.klarairosa.com\/wp-content\/uploads\/2025\/11\/smanjeno_24-768x576.jpg 768w, https:\/\/www.klarairosa.com\/wp-content\/uploads\/2025\/11\/smanjeno_24-16x12.jpg 16w, https:\/\/www.klarairosa.com\/wp-content\/uploads\/2025\/11\/smanjeno_24-800x600.jpg 800w, https:\/\/www.klarairosa.com\/wp-content\/uploads\/2025\/11\/smanjeno_24-700x525.jpg 700w\" sizes=\"(max-width: 300px) 100vw, 300px\" \/>\n\t\t<div class=\"figc no-description\">\n\t\t\t<div class=\"figc-inner\">\n\t\t\t\t\t\t\t\t\t\t\t\t\t\t\t<\/div>\n\t\t<\/div>\n\n\t<\/div>\n\n<\/div><div class=\"modula-item effect-pufrobo\" >\n\t<div class=\"modula-item-overlay\"><\/div>\n\n\t<div class=\"modula-item-content\">\n\n\t\t<a data-image-id=\"23861\" role=\"button\" data-elementor-open-lightbox=\"no\" tabindex=\"0\" rel=\"jtg-23850\" data-caption=\"\" aria-label=\"Open image in lightbox\" class=\"tile-inner modula-item-link\"><\/a><img loading=\"lazy\" decoding=\"async\" class=\"pic wp-image-23861\"  data-valign=\"middle\" data-halign=\"center\" alt=\"\" data-full=\"https:\/\/www.klarairosa.com\/wp-content\/uploads\/2025\/11\/smanjeno_25.jpg\" title=\"smanjeno_25\" crop=\"\" width=\"300\" height=\"225\" src=\"https:\/\/www.klarairosa.com\/wp-content\/uploads\/2025\/11\/smanjeno_25-300x225.jpg\" data-src=\"https:\/\/www.klarairosa.com\/wp-content\/uploads\/2025\/11\/smanjeno_25-300x225.jpg\" data-caption=\"\" srcset=\"https:\/\/www.klarairosa.com\/wp-content\/uploads\/2025\/11\/smanjeno_25.jpg 1024w, https:\/\/www.klarairosa.com\/wp-content\/uploads\/2025\/11\/smanjeno_25-300x225.jpg 300w, https:\/\/www.klarairosa.com\/wp-content\/uploads\/2025\/11\/smanjeno_25-768x576.jpg 768w, https:\/\/www.klarairosa.com\/wp-content\/uploads\/2025\/11\/smanjeno_25-16x12.jpg 16w, https:\/\/www.klarairosa.com\/wp-content\/uploads\/2025\/11\/smanjeno_25-800x600.jpg 800w, https:\/\/www.klarairosa.com\/wp-content\/uploads\/2025\/11\/smanjeno_25-700x525.jpg 700w\" sizes=\"(max-width: 300px) 100vw, 300px\" \/>\n\t\t<div class=\"figc no-description\">\n\t\t\t<div class=\"figc-inner\">\n\t\t\t\t\t\t\t\t\t\t\t\t\t\t\t<\/div>\n\t\t<\/div>\n\n\t<\/div>\n\n<\/div><div class=\"modula-item effect-pufrobo\" >\n\t<div class=\"modula-item-overlay\"><\/div>\n\n\t<div class=\"modula-item-content\">\n\n\t\t<a data-image-id=\"23862\" role=\"button\" data-elementor-open-lightbox=\"no\" tabindex=\"0\" rel=\"jtg-23850\" data-caption=\"\" aria-label=\"Open image in lightbox\" class=\"tile-inner modula-item-link\"><\/a><img loading=\"lazy\" decoding=\"async\" class=\"pic wp-image-23862\"  data-valign=\"middle\" data-halign=\"center\" alt=\"\" data-full=\"https:\/\/www.klarairosa.com\/wp-content\/uploads\/2025\/11\/smanjeno_26.jpg\" title=\"smanjeno_26\" crop=\"\" width=\"300\" height=\"225\" src=\"https:\/\/www.klarairosa.com\/wp-content\/uploads\/2025\/11\/smanjeno_26-300x225.jpg\" data-src=\"https:\/\/www.klarairosa.com\/wp-content\/uploads\/2025\/11\/smanjeno_26-300x225.jpg\" data-caption=\"\" srcset=\"https:\/\/www.klarairosa.com\/wp-content\/uploads\/2025\/11\/smanjeno_26.jpg 1024w, https:\/\/www.klarairosa.com\/wp-content\/uploads\/2025\/11\/smanjeno_26-300x225.jpg 300w, https:\/\/www.klarairosa.com\/wp-content\/uploads\/2025\/11\/smanjeno_26-768x576.jpg 768w, https:\/\/www.klarairosa.com\/wp-content\/uploads\/2025\/11\/smanjeno_26-16x12.jpg 16w, https:\/\/www.klarairosa.com\/wp-content\/uploads\/2025\/11\/smanjeno_26-800x600.jpg 800w, https:\/\/www.klarairosa.com\/wp-content\/uploads\/2025\/11\/smanjeno_26-700x525.jpg 700w\" sizes=\"(max-width: 300px) 100vw, 300px\" \/>\n\t\t<div class=\"figc no-description\">\n\t\t\t<div class=\"figc-inner\">\n\t\t\t\t\t\t\t\t\t\t\t\t\t\t\t<\/div>\n\t\t<\/div>\n\n\t<\/div>\n\n<\/div>\t\t\n\t<\/div>\n\n\t\n\t\n\t<script type=\"application\/ld+json\">\n\t{\n\t\t\"@context\": \"http:\/\/schema.org\",\n\t\t\"@type\"   : \"ImageGallery\",\n\t\t\"id\"      : \"https:\/\/www.klarairosa.com\/hu\/o-zajednickom-dijalog-u-podeljenom-drustvu\/\",\n\t\t\"url\"     : \"https:\/\/www.klarairosa.com\/hu\/o-zajednickom-dijalog-u-podeljenom-drustvu\/\"\n\t}\n\n\t<\/script>\n\n\t\n<\/div>\n\n","protected":false},"excerpt":{"rendered":"<p>U ponedeljak, 10. novembra od 18 \u010dasova, u prostoru Klare i Rose (Petefi \u0160andora 15),&#8230;<\/p>","protected":false},"author":1,"featured_media":23730,"comment_status":"closed","ping_status":"closed","sticky":false,"template":"","format":"standard","meta":{"content-type":"","inline_featured_image":false,"footnotes":""},"categories":[109],"tags":[792,791,124,793,545,352,794,152,165],"class_list":["post-23729","post","type-post","status-publish","format-standard","has-post-thumbnail","hentry","category-aktuelno","tag-dijalog","tag-dijalog-u-podeljenom-drustvu","tag-klara-i-rosa","tag-lidija-andonov","tag-mirana-dmitrovic","tag-o-zajednickom","tag-olga-cegar","tag-subotica","tag-tribina"],"yoast_head":"<!-- This site is optimized with the Yoast SEO plugin v27.5 - https:\/\/yoast.com\/product\/yoast-seo-wordpress\/ -->\n<title>O zajedni\u010dkom: Dijalog u podeljenom dru\u0161tvu - Klara i Rosa<\/title>\n<meta name=\"robots\" content=\"index, follow, max-snippet:-1, max-image-preview:large, max-video-preview:-1\" \/>\n<link rel=\"canonical\" href=\"https:\/\/www.klarairosa.com\/hu\/o-zajednickom-dijalog-u-podeljenom-drustvu\/\" \/>\n<meta property=\"og:locale\" content=\"hu_HU\" \/>\n<meta property=\"og:type\" content=\"article\" \/>\n<meta property=\"og:title\" content=\"O zajedni\u010dkom: Dijalog u podeljenom dru\u0161tvu - Klara i Rosa\" \/>\n<meta property=\"og:description\" content=\"U ponedeljak, 10. novembra od 18 \u010dasova, u prostoru Klare i Rose (Petefi \u0160andora 15),...\" \/>\n<meta property=\"og:url\" content=\"https:\/\/www.klarairosa.com\/hu\/o-zajednickom-dijalog-u-podeljenom-drustvu\/\" \/>\n<meta property=\"og:site_name\" content=\"Klara i Rosa\" \/>\n<meta property=\"article:publisher\" content=\"https:\/\/www.facebook.com\/klarairosa\/\" \/>\n<meta property=\"article:published_time\" content=\"2025-11-04T08:13:39+00:00\" \/>\n<meta property=\"article:modified_time\" content=\"2025-11-20T10:53:09+00:00\" \/>\n<meta property=\"og:image\" content=\"https:\/\/www.klarairosa.com\/wp-content\/uploads\/2025\/11\/GOAT-GRAB-1352-x-1005-px.jpg\" \/>\n\t<meta property=\"og:image:width\" content=\"1352\" \/>\n\t<meta property=\"og:image:height\" content=\"1005\" \/>\n\t<meta property=\"og:image:type\" content=\"image\/jpeg\" \/>\n<meta name=\"author\" content=\"Klara i Rosa\" \/>\n<meta name=\"twitter:card\" content=\"summary_large_image\" \/>\n<meta name=\"twitter:label1\" content=\"Szerz\u0151:\" \/>\n\t<meta name=\"twitter:data1\" content=\"Klara i Rosa\" \/>\n\t<meta name=\"twitter:label2\" content=\"Becs\u00fclt olvas\u00e1si id\u0151\" \/>\n\t<meta name=\"twitter:data2\" content=\"1 perc\" \/>\n<script type=\"application\/ld+json\" class=\"yoast-schema-graph\">{\"@context\":\"https:\\\/\\\/schema.org\",\"@graph\":[{\"@type\":\"Article\",\"@id\":\"https:\\\/\\\/www.klarairosa.com\\\/o-zajednickom-dijalog-u-podeljenom-drustvu\\\/#article\",\"isPartOf\":{\"@id\":\"https:\\\/\\\/www.klarairosa.com\\\/o-zajednickom-dijalog-u-podeljenom-drustvu\\\/\"},\"author\":{\"name\":\"Klara i Rosa\",\"@id\":\"https:\\\/\\\/www.klarairosa.com\\\/en\\\/#\\\/schema\\\/person\\\/e4e7e9e5c8eeeddccf61e4532ae8e6ed\"},\"headline\":\"O zajedni\u010dkom: Dijalog u podeljenom dru\u0161tvu\",\"datePublished\":\"2025-11-04T08:13:39+00:00\",\"dateModified\":\"2025-11-20T10:53:09+00:00\",\"mainEntityOfPage\":{\"@id\":\"https:\\\/\\\/www.klarairosa.com\\\/o-zajednickom-dijalog-u-podeljenom-drustvu\\\/\"},\"wordCount\":250,\"publisher\":{\"@id\":\"https:\\\/\\\/www.klarairosa.com\\\/en\\\/#organization\"},\"image\":{\"@id\":\"https:\\\/\\\/www.klarairosa.com\\\/o-zajednickom-dijalog-u-podeljenom-drustvu\\\/#primaryimage\"},\"thumbnailUrl\":\"https:\\\/\\\/www.klarairosa.com\\\/wp-content\\\/uploads\\\/2025\\\/11\\\/GOAT-GRAB-1352-x-1005-px.jpg\",\"keywords\":[\"dijalog\",\"dijalog u podeljenom drustvu\",\"Klara i Rosa\",\"lidija andonov\",\"mirana dmitrovic\",\"o zajednickom\",\"olga cegar\",\"subotica\",\"tribina\"],\"articleSection\":[\"Aktuelno\"],\"inLanguage\":\"hu\"},{\"@type\":\"WebPage\",\"@id\":\"https:\\\/\\\/www.klarairosa.com\\\/o-zajednickom-dijalog-u-podeljenom-drustvu\\\/\",\"url\":\"https:\\\/\\\/www.klarairosa.com\\\/o-zajednickom-dijalog-u-podeljenom-drustvu\\\/\",\"name\":\"O zajedni\u010dkom: Dijalog u podeljenom dru\u0161tvu - Klara i Rosa\",\"isPartOf\":{\"@id\":\"https:\\\/\\\/www.klarairosa.com\\\/en\\\/#website\"},\"primaryImageOfPage\":{\"@id\":\"https:\\\/\\\/www.klarairosa.com\\\/o-zajednickom-dijalog-u-podeljenom-drustvu\\\/#primaryimage\"},\"image\":{\"@id\":\"https:\\\/\\\/www.klarairosa.com\\\/o-zajednickom-dijalog-u-podeljenom-drustvu\\\/#primaryimage\"},\"thumbnailUrl\":\"https:\\\/\\\/www.klarairosa.com\\\/wp-content\\\/uploads\\\/2025\\\/11\\\/GOAT-GRAB-1352-x-1005-px.jpg\",\"datePublished\":\"2025-11-04T08:13:39+00:00\",\"dateModified\":\"2025-11-20T10:53:09+00:00\",\"breadcrumb\":{\"@id\":\"https:\\\/\\\/www.klarairosa.com\\\/o-zajednickom-dijalog-u-podeljenom-drustvu\\\/#breadcrumb\"},\"inLanguage\":\"hu\",\"potentialAction\":[{\"@type\":\"ReadAction\",\"target\":[\"https:\\\/\\\/www.klarairosa.com\\\/o-zajednickom-dijalog-u-podeljenom-drustvu\\\/\"]}]},{\"@type\":\"ImageObject\",\"inLanguage\":\"hu\",\"@id\":\"https:\\\/\\\/www.klarairosa.com\\\/o-zajednickom-dijalog-u-podeljenom-drustvu\\\/#primaryimage\",\"url\":\"https:\\\/\\\/www.klarairosa.com\\\/wp-content\\\/uploads\\\/2025\\\/11\\\/GOAT-GRAB-1352-x-1005-px.jpg\",\"contentUrl\":\"https:\\\/\\\/www.klarairosa.com\\\/wp-content\\\/uploads\\\/2025\\\/11\\\/GOAT-GRAB-1352-x-1005-px.jpg\",\"width\":1352,\"height\":1005},{\"@type\":\"BreadcrumbList\",\"@id\":\"https:\\\/\\\/www.klarairosa.com\\\/o-zajednickom-dijalog-u-podeljenom-drustvu\\\/#breadcrumb\",\"itemListElement\":[{\"@type\":\"ListItem\",\"position\":1,\"name\":\"Home\",\"item\":\"https:\\\/\\\/www.klarairosa.com\\\/\"},{\"@type\":\"ListItem\",\"position\":2,\"name\":\"O zajedni\u010dkom: Dijalog u podeljenom dru\u0161tvu\"}]},{\"@type\":\"WebSite\",\"@id\":\"https:\\\/\\\/www.klarairosa.com\\\/en\\\/#website\",\"url\":\"https:\\\/\\\/www.klarairosa.com\\\/en\\\/\",\"name\":\"Klara i Rosa\",\"description\":\"Klara i Rosa\",\"publisher\":{\"@id\":\"https:\\\/\\\/www.klarairosa.com\\\/en\\\/#organization\"},\"potentialAction\":[{\"@type\":\"SearchAction\",\"target\":{\"@type\":\"EntryPoint\",\"urlTemplate\":\"https:\\\/\\\/www.klarairosa.com\\\/en\\\/?s={search_term_string}\"},\"query-input\":{\"@type\":\"PropertyValueSpecification\",\"valueRequired\":true,\"valueName\":\"search_term_string\"}}],\"inLanguage\":\"hu\"},{\"@type\":\"Organization\",\"@id\":\"https:\\\/\\\/www.klarairosa.com\\\/en\\\/#organization\",\"name\":\"Klara i Rosa\",\"url\":\"https:\\\/\\\/www.klarairosa.com\\\/en\\\/\",\"logo\":{\"@type\":\"ImageObject\",\"inLanguage\":\"hu\",\"@id\":\"https:\\\/\\\/www.klarairosa.com\\\/en\\\/#\\\/schema\\\/logo\\\/image\\\/\",\"url\":\"https:\\\/\\\/www.klarairosa.com\\\/wp-content\\\/uploads\\\/2022\\\/01\\\/logo.svg\",\"contentUrl\":\"https:\\\/\\\/www.klarairosa.com\\\/wp-content\\\/uploads\\\/2022\\\/01\\\/logo.svg\",\"width\":110,\"height\":139,\"caption\":\"Klara i Rosa\"},\"image\":{\"@id\":\"https:\\\/\\\/www.klarairosa.com\\\/en\\\/#\\\/schema\\\/logo\\\/image\\\/\"},\"sameAs\":[\"https:\\\/\\\/www.facebook.com\\\/klarairosa\\\/\",\"https:\\\/\\\/www.instagram.com\\\/ugklarairosa\\\/\"]},{\"@type\":\"Person\",\"@id\":\"https:\\\/\\\/www.klarairosa.com\\\/en\\\/#\\\/schema\\\/person\\\/e4e7e9e5c8eeeddccf61e4532ae8e6ed\",\"name\":\"Klara i Rosa\",\"image\":{\"@type\":\"ImageObject\",\"inLanguage\":\"hu\",\"@id\":\"https:\\\/\\\/secure.gravatar.com\\\/avatar\\\/c83ee539a067b9f57ae5d8999ae286c4f98b5c4bd943b8cbb64f6b0fc1f29e40?s=96&d=mm&r=g\",\"url\":\"https:\\\/\\\/secure.gravatar.com\\\/avatar\\\/c83ee539a067b9f57ae5d8999ae286c4f98b5c4bd943b8cbb64f6b0fc1f29e40?s=96&d=mm&r=g\",\"contentUrl\":\"https:\\\/\\\/secure.gravatar.com\\\/avatar\\\/c83ee539a067b9f57ae5d8999ae286c4f98b5c4bd943b8cbb64f6b0fc1f29e40?s=96&d=mm&r=g\",\"caption\":\"Klara i Rosa\"},\"sameAs\":[\"https:\\\/\\\/klarairosa.com\"],\"url\":\"https:\\\/\\\/www.klarairosa.com\\\/hu\\\/author\\\/rosaiklara\\\/\"}]}<\/script>\n<!-- \/ Yoast SEO plugin. -->","yoast_head_json":{"title":"O zajedni\u010dkom: Dijalog u podeljenom dru\u0161tvu - Klara i Rosa","robots":{"index":"index","follow":"follow","max-snippet":"max-snippet:-1","max-image-preview":"max-image-preview:large","max-video-preview":"max-video-preview:-1"},"canonical":"https:\/\/www.klarairosa.com\/hu\/o-zajednickom-dijalog-u-podeljenom-drustvu\/","og_locale":"hu_HU","og_type":"article","og_title":"O zajedni\u010dkom: Dijalog u podeljenom dru\u0161tvu - Klara i Rosa","og_description":"U ponedeljak, 10. novembra od 18 \u010dasova, u prostoru Klare i Rose (Petefi \u0160andora 15),...","og_url":"https:\/\/www.klarairosa.com\/hu\/o-zajednickom-dijalog-u-podeljenom-drustvu\/","og_site_name":"Klara i Rosa","article_publisher":"https:\/\/www.facebook.com\/klarairosa\/","article_published_time":"2025-11-04T08:13:39+00:00","article_modified_time":"2025-11-20T10:53:09+00:00","og_image":[{"width":1352,"height":1005,"url":"https:\/\/www.klarairosa.com\/wp-content\/uploads\/2025\/11\/GOAT-GRAB-1352-x-1005-px.jpg","type":"image\/jpeg"}],"author":"Klara i Rosa","twitter_card":"summary_large_image","twitter_misc":{"Szerz\u0151:":"Klara i Rosa","Becs\u00fclt olvas\u00e1si id\u0151":"1 perc"},"schema":{"@context":"https:\/\/schema.org","@graph":[{"@type":"Article","@id":"https:\/\/www.klarairosa.com\/o-zajednickom-dijalog-u-podeljenom-drustvu\/#article","isPartOf":{"@id":"https:\/\/www.klarairosa.com\/o-zajednickom-dijalog-u-podeljenom-drustvu\/"},"author":{"name":"Klara i Rosa","@id":"https:\/\/www.klarairosa.com\/en\/#\/schema\/person\/e4e7e9e5c8eeeddccf61e4532ae8e6ed"},"headline":"O zajedni\u010dkom: Dijalog u podeljenom dru\u0161tvu","datePublished":"2025-11-04T08:13:39+00:00","dateModified":"2025-11-20T10:53:09+00:00","mainEntityOfPage":{"@id":"https:\/\/www.klarairosa.com\/o-zajednickom-dijalog-u-podeljenom-drustvu\/"},"wordCount":250,"publisher":{"@id":"https:\/\/www.klarairosa.com\/en\/#organization"},"image":{"@id":"https:\/\/www.klarairosa.com\/o-zajednickom-dijalog-u-podeljenom-drustvu\/#primaryimage"},"thumbnailUrl":"https:\/\/www.klarairosa.com\/wp-content\/uploads\/2025\/11\/GOAT-GRAB-1352-x-1005-px.jpg","keywords":["dijalog","dijalog u podeljenom drustvu","Klara i Rosa","lidija andonov","mirana dmitrovic","o zajednickom","olga cegar","subotica","tribina"],"articleSection":["Aktuelno"],"inLanguage":"hu"},{"@type":"WebPage","@id":"https:\/\/www.klarairosa.com\/o-zajednickom-dijalog-u-podeljenom-drustvu\/","url":"https:\/\/www.klarairosa.com\/o-zajednickom-dijalog-u-podeljenom-drustvu\/","name":"O zajedni\u010dkom: Dijalog u podeljenom dru\u0161tvu - Klara i Rosa","isPartOf":{"@id":"https:\/\/www.klarairosa.com\/en\/#website"},"primaryImageOfPage":{"@id":"https:\/\/www.klarairosa.com\/o-zajednickom-dijalog-u-podeljenom-drustvu\/#primaryimage"},"image":{"@id":"https:\/\/www.klarairosa.com\/o-zajednickom-dijalog-u-podeljenom-drustvu\/#primaryimage"},"thumbnailUrl":"https:\/\/www.klarairosa.com\/wp-content\/uploads\/2025\/11\/GOAT-GRAB-1352-x-1005-px.jpg","datePublished":"2025-11-04T08:13:39+00:00","dateModified":"2025-11-20T10:53:09+00:00","breadcrumb":{"@id":"https:\/\/www.klarairosa.com\/o-zajednickom-dijalog-u-podeljenom-drustvu\/#breadcrumb"},"inLanguage":"hu","potentialAction":[{"@type":"ReadAction","target":["https:\/\/www.klarairosa.com\/o-zajednickom-dijalog-u-podeljenom-drustvu\/"]}]},{"@type":"ImageObject","inLanguage":"hu","@id":"https:\/\/www.klarairosa.com\/o-zajednickom-dijalog-u-podeljenom-drustvu\/#primaryimage","url":"https:\/\/www.klarairosa.com\/wp-content\/uploads\/2025\/11\/GOAT-GRAB-1352-x-1005-px.jpg","contentUrl":"https:\/\/www.klarairosa.com\/wp-content\/uploads\/2025\/11\/GOAT-GRAB-1352-x-1005-px.jpg","width":1352,"height":1005},{"@type":"BreadcrumbList","@id":"https:\/\/www.klarairosa.com\/o-zajednickom-dijalog-u-podeljenom-drustvu\/#breadcrumb","itemListElement":[{"@type":"ListItem","position":1,"name":"Home","item":"https:\/\/www.klarairosa.com\/"},{"@type":"ListItem","position":2,"name":"O zajedni\u010dkom: Dijalog u podeljenom dru\u0161tvu"}]},{"@type":"WebSite","@id":"https:\/\/www.klarairosa.com\/en\/#website","url":"https:\/\/www.klarairosa.com\/en\/","name":"Kl\u00e1ra \u00e9s Rosa Egyes\u00fclet","description":"Kl\u00e1ra \u00e9s Rosa Egyes\u00fclet","publisher":{"@id":"https:\/\/www.klarairosa.com\/en\/#organization"},"potentialAction":[{"@type":"SearchAction","target":{"@type":"EntryPoint","urlTemplate":"https:\/\/www.klarairosa.com\/en\/?s={search_term_string}"},"query-input":{"@type":"PropertyValueSpecification","valueRequired":true,"valueName":"search_term_string"}}],"inLanguage":"hu"},{"@type":"Organization","@id":"https:\/\/www.klarairosa.com\/en\/#organization","name":"Kl\u00e1ra \u00e9s Rosa Egyes\u00fclet","url":"https:\/\/www.klarairosa.com\/en\/","logo":{"@type":"ImageObject","inLanguage":"hu","@id":"https:\/\/www.klarairosa.com\/en\/#\/schema\/logo\/image\/","url":"https:\/\/www.klarairosa.com\/wp-content\/uploads\/2022\/01\/logo.svg","contentUrl":"https:\/\/www.klarairosa.com\/wp-content\/uploads\/2022\/01\/logo.svg","width":110,"height":139,"caption":"Klara i Rosa"},"image":{"@id":"https:\/\/www.klarairosa.com\/en\/#\/schema\/logo\/image\/"},"sameAs":["https:\/\/www.facebook.com\/klarairosa\/","https:\/\/www.instagram.com\/ugklarairosa\/"]},{"@type":"Person","@id":"https:\/\/www.klarairosa.com\/en\/#\/schema\/person\/e4e7e9e5c8eeeddccf61e4532ae8e6ed","name":"Kl\u00e1ra \u00e9s Rosa Egyes\u00fclet","image":{"@type":"ImageObject","inLanguage":"hu","@id":"https:\/\/secure.gravatar.com\/avatar\/c83ee539a067b9f57ae5d8999ae286c4f98b5c4bd943b8cbb64f6b0fc1f29e40?s=96&d=mm&r=g","url":"https:\/\/secure.gravatar.com\/avatar\/c83ee539a067b9f57ae5d8999ae286c4f98b5c4bd943b8cbb64f6b0fc1f29e40?s=96&d=mm&r=g","contentUrl":"https:\/\/secure.gravatar.com\/avatar\/c83ee539a067b9f57ae5d8999ae286c4f98b5c4bd943b8cbb64f6b0fc1f29e40?s=96&d=mm&r=g","caption":"Klara i Rosa"},"sameAs":["https:\/\/klarairosa.com"],"url":"https:\/\/www.klarairosa.com\/hu\/author\/rosaiklara\/"}]}},"_links":{"self":[{"href":"https:\/\/www.klarairosa.com\/hu\/wp-json\/wp\/v2\/posts\/23729","targetHints":{"allow":["GET"]}}],"collection":[{"href":"https:\/\/www.klarairosa.com\/hu\/wp-json\/wp\/v2\/posts"}],"about":[{"href":"https:\/\/www.klarairosa.com\/hu\/wp-json\/wp\/v2\/types\/post"}],"author":[{"embeddable":true,"href":"https:\/\/www.klarairosa.com\/hu\/wp-json\/wp\/v2\/users\/1"}],"replies":[{"embeddable":true,"href":"https:\/\/www.klarairosa.com\/hu\/wp-json\/wp\/v2\/comments?post=23729"}],"version-history":[{"count":2,"href":"https:\/\/www.klarairosa.com\/hu\/wp-json\/wp\/v2\/posts\/23729\/revisions"}],"predecessor-version":[{"id":23863,"href":"https:\/\/www.klarairosa.com\/hu\/wp-json\/wp\/v2\/posts\/23729\/revisions\/23863"}],"wp:featuredmedia":[{"embeddable":true,"href":"https:\/\/www.klarairosa.com\/hu\/wp-json\/wp\/v2\/media\/23730"}],"wp:attachment":[{"href":"https:\/\/www.klarairosa.com\/hu\/wp-json\/wp\/v2\/media?parent=23729"}],"wp:term":[{"taxonomy":"category","embeddable":true,"href":"https:\/\/www.klarairosa.com\/hu\/wp-json\/wp\/v2\/categories?post=23729"},{"taxonomy":"post_tag","embeddable":true,"href":"https:\/\/www.klarairosa.com\/hu\/wp-json\/wp\/v2\/tags?post=23729"}],"curies":[{"name":"wp","href":"https:\/\/api.w.org\/{rel}","templated":true}]}}