{"id":23683,"date":"2025-11-06T09:55:07","date_gmt":"2025-11-06T09:55:07","guid":{"rendered":"https:\/\/www.klarairosa.com\/?p=23683"},"modified":"2025-11-07T10:23:40","modified_gmt":"2025-11-07T10:23:40","slug":"filmska-psiholoska-radionica","status":"publish","type":"post","link":"https:\/\/www.klarairosa.com\/hu\/filmska-psiholoska-radionica\/","title":{"rendered":"Filmes pszichol\u00f3giai m\u0171hely"},"content":{"rendered":"<p>\ud83d\uddd3\ufe0f <strong>Kedd \/ November 11. \/ 18:00<\/strong><br \/>\n\ud83d\udccd <strong>Kl\u00e1ra \u00e9s Rosa | Pet\u0151fi S\u00e1ndor u. 15.<\/strong><br \/>\n\ud83d\udc49 <strong>Inform\u00e1ci\u00f3k\u00e9r\u00e9s \u00e9s jelentkez\u00e9s: 064 302 8968, email: eratosten@gmail.com<\/strong><\/p>\n<p>.<\/p>\n<p>Gondolkodsz-e n\u00e9ha azon, hogy val\u00f3ban ismered-e magadat vagy m\u00e1sokat? Mit tudsz a saj\u00e1t szem\u00e9lyis\u00e9ged s\u00f6t\u00e9t oldal\u00e1r\u00f3l? Meg\u00e9rted-e az emberek motiv\u00e1ci\u00f3j\u00e1t, amikor eg\u00e9szen m\u00e1sk\u00e9nt viselkednek, mint te, vagy olyan m\u00f3don, ami mor\u00e1lisan probl\u00e9m\u00e1s?<\/p>\n<p>.<\/p>\n<p>Erre \u00e9s m\u00e1s fontos k\u00e9rd\u00e9sekre keress\u00fck a v\u00e1laszt film narrat\u00edv\u00e1k elemz\u00e9s\u00e9vel, csoportban, egy pszichol\u00f3gus seg\u00edts\u00e9g\u00e9vel. Tanulm\u00e1nyozzuk a filmh\u0151s\u00f6k karaktereit, kapcsolatba hozzuk \u0151ket a viselked\u00e9s\u00fckkel, v\u00e1laszt\u00e1saikkal, k\u00f6vetkezm\u00e9nyeikkel\u2026 Ezzel n\u00f6velj\u00fck \u00e9rzelmi \u00e9s szoci\u00e1lis intelligenci\u00e1nkat, k\u00e9szs\u00e9geket tanulunk, amiket provok\u00e1l\u00f3 szitu\u00e1ci\u00f3kban val\u00f3 viselked\u00e9skor alkalmazhatunk. Ilyen m\u00f3don dolgozunk a benn\u00fcnk lev\u0151 pszichol\u00f3giai akad\u00e1lyok elt\u00e1vol\u00edt\u00e1s\u00e1n, \u00e9s \u00faj, eg\u00e9szs\u00e9gesebb pszichol\u00f3giai v\u00e9delmi mechanizmusokat tanulunk.<\/p>\n<p>.<\/p>\n<p>A filmes m\u0171hely sz\u00f3l azoknak, akik pubert\u00e1s kor\u00faak, kiv\u00e1ltk\u00e9ppen 20-35 \u00e9let\u00e9v k\u00f6z\u00f6tt, amikor a pszichol\u00f3giai identit\u00e1s form\u00e1l\u00f3dik. De akkor is, ha az \u00fagynevezett k\u00f6z\u00e9pkorba ker\u00fcl az ember, 40 \u00e9s 65 \u00e9v k\u00f6z\u00f6tt, amikor m\u00e1sodszor kezdj\u00fck el \u00fajragondolni a pszichol\u00f3giai identit\u00e1sunkat.<\/p>\n<p>.<\/p>\n<p><strong>A m\u0171hely id\u0151tartama 90 perc.<\/strong>.<\/p>\n<p>.<\/p>\n<p class=\" translation-block\"><strong>A filmes pszichol\u00f3giai m\u0171hely kital\u00e1l\u00f3ja \u00e9s vezet\u0151je Gordana Beli\u0107<\/strong>, klinikai pszichol\u00f3gus \u00e9s szobr\u00e1szm\u0171v\u00e9sz.<\/p>","protected":false},"excerpt":{"rendered":"<p>\ud83d\uddd3\ufe0f Utorak | 11. novembar | 18h \ud83d\udccd Klara i Rosa | \u0160andora Petefija 15&#8230;<\/p>","protected":false},"author":1,"featured_media":23684,"comment_status":"closed","ping_status":"closed","sticky":false,"template":"","format":"standard","meta":{"content-type":"","inline_featured_image":false,"footnotes":""},"categories":[109],"tags":[777,776,124,152],"class_list":["post-23683","post","type-post","status-publish","format-standard","has-post-thumbnail","hentry","category-aktuelno","tag-filmska-psiholoska-radionica","tag-gordana-belic","tag-klara-i-rosa","tag-subotica"],"yoast_head":"<!-- This site is optimized with the Yoast SEO plugin v27.5 - https:\/\/yoast.com\/product\/yoast-seo-wordpress\/ -->\n<title>Filmska psiholo\u0161ka radionica - Klara i Rosa<\/title>\n<meta name=\"robots\" content=\"index, follow, max-snippet:-1, max-image-preview:large, max-video-preview:-1\" \/>\n<link rel=\"canonical\" href=\"https:\/\/www.klarairosa.com\/hu\/filmska-psiholoska-radionica\/\" \/>\n<meta property=\"og:locale\" content=\"hu_HU\" \/>\n<meta property=\"og:type\" content=\"article\" \/>\n<meta property=\"og:title\" content=\"Filmska psiholo\u0161ka radionica - Klara i Rosa\" \/>\n<meta property=\"og:description\" content=\"\ud83d\uddd3\ufe0f Utorak | 11. novembar | 18h \ud83d\udccd Klara i Rosa | \u0160andora Petefija 15...\" \/>\n<meta property=\"og:url\" content=\"https:\/\/www.klarairosa.com\/hu\/filmska-psiholoska-radionica\/\" \/>\n<meta property=\"og:site_name\" content=\"Klara i Rosa\" \/>\n<meta property=\"article:publisher\" content=\"https:\/\/www.facebook.com\/klarairosa\/\" \/>\n<meta property=\"article:published_time\" content=\"2025-11-06T09:55:07+00:00\" \/>\n<meta property=\"article:modified_time\" content=\"2025-11-07T10:23:40+00:00\" \/>\n<meta property=\"og:image\" content=\"https:\/\/www.klarairosa.com\/wp-content\/uploads\/2025\/10\/filmska.jpg\" \/>\n\t<meta property=\"og:image:width\" content=\"1352\" \/>\n\t<meta property=\"og:image:height\" content=\"1005\" \/>\n\t<meta property=\"og:image:type\" content=\"image\/jpeg\" \/>\n<meta name=\"author\" content=\"Klara i Rosa\" \/>\n<meta name=\"twitter:card\" content=\"summary_large_image\" \/>\n<meta name=\"twitter:label1\" content=\"Szerz\u0151:\" \/>\n\t<meta name=\"twitter:data1\" content=\"Klara i Rosa\" \/>\n\t<meta name=\"twitter:label2\" content=\"Becs\u00fclt olvas\u00e1si id\u0151\" \/>\n\t<meta name=\"twitter:data2\" content=\"1 perc\" \/>\n<script type=\"application\/ld+json\" class=\"yoast-schema-graph\">{\"@context\":\"https:\\\/\\\/schema.org\",\"@graph\":[{\"@type\":\"Article\",\"@id\":\"https:\\\/\\\/www.klarairosa.com\\\/filmska-psiholoska-radionica\\\/#article\",\"isPartOf\":{\"@id\":\"https:\\\/\\\/www.klarairosa.com\\\/filmska-psiholoska-radionica\\\/\"},\"author\":{\"name\":\"Klara i Rosa\",\"@id\":\"https:\\\/\\\/www.klarairosa.com\\\/en\\\/#\\\/schema\\\/person\\\/e4e7e9e5c8eeeddccf61e4532ae8e6ed\"},\"headline\":\"Filmska psiholo\u0161ka radionica\",\"datePublished\":\"2025-11-06T09:55:07+00:00\",\"dateModified\":\"2025-11-07T10:23:40+00:00\",\"mainEntityOfPage\":{\"@id\":\"https:\\\/\\\/www.klarairosa.com\\\/filmska-psiholoska-radionica\\\/\"},\"wordCount\":213,\"publisher\":{\"@id\":\"https:\\\/\\\/www.klarairosa.com\\\/en\\\/#organization\"},\"image\":{\"@id\":\"https:\\\/\\\/www.klarairosa.com\\\/filmska-psiholoska-radionica\\\/#primaryimage\"},\"thumbnailUrl\":\"https:\\\/\\\/www.klarairosa.com\\\/wp-content\\\/uploads\\\/2025\\\/10\\\/filmska.jpg\",\"keywords\":[\"filmska psiholoska radionica\",\"gordana belic\",\"Klara i Rosa\",\"subotica\"],\"articleSection\":[\"Aktuelno\"],\"inLanguage\":\"hu\"},{\"@type\":\"WebPage\",\"@id\":\"https:\\\/\\\/www.klarairosa.com\\\/filmska-psiholoska-radionica\\\/\",\"url\":\"https:\\\/\\\/www.klarairosa.com\\\/filmska-psiholoska-radionica\\\/\",\"name\":\"Filmska psiholo\u0161ka radionica - Klara i Rosa\",\"isPartOf\":{\"@id\":\"https:\\\/\\\/www.klarairosa.com\\\/en\\\/#website\"},\"primaryImageOfPage\":{\"@id\":\"https:\\\/\\\/www.klarairosa.com\\\/filmska-psiholoska-radionica\\\/#primaryimage\"},\"image\":{\"@id\":\"https:\\\/\\\/www.klarairosa.com\\\/filmska-psiholoska-radionica\\\/#primaryimage\"},\"thumbnailUrl\":\"https:\\\/\\\/www.klarairosa.com\\\/wp-content\\\/uploads\\\/2025\\\/10\\\/filmska.jpg\",\"datePublished\":\"2025-11-06T09:55:07+00:00\",\"dateModified\":\"2025-11-07T10:23:40+00:00\",\"breadcrumb\":{\"@id\":\"https:\\\/\\\/www.klarairosa.com\\\/filmska-psiholoska-radionica\\\/#breadcrumb\"},\"inLanguage\":\"hu\",\"potentialAction\":[{\"@type\":\"ReadAction\",\"target\":[\"https:\\\/\\\/www.klarairosa.com\\\/filmska-psiholoska-radionica\\\/\"]}]},{\"@type\":\"ImageObject\",\"inLanguage\":\"hu\",\"@id\":\"https:\\\/\\\/www.klarairosa.com\\\/filmska-psiholoska-radionica\\\/#primaryimage\",\"url\":\"https:\\\/\\\/www.klarairosa.com\\\/wp-content\\\/uploads\\\/2025\\\/10\\\/filmska.jpg\",\"contentUrl\":\"https:\\\/\\\/www.klarairosa.com\\\/wp-content\\\/uploads\\\/2025\\\/10\\\/filmska.jpg\",\"width\":1352,\"height\":1005},{\"@type\":\"BreadcrumbList\",\"@id\":\"https:\\\/\\\/www.klarairosa.com\\\/filmska-psiholoska-radionica\\\/#breadcrumb\",\"itemListElement\":[{\"@type\":\"ListItem\",\"position\":1,\"name\":\"Home\",\"item\":\"https:\\\/\\\/www.klarairosa.com\\\/\"},{\"@type\":\"ListItem\",\"position\":2,\"name\":\"Filmska psiholo\u0161ka radionica\"}]},{\"@type\":\"WebSite\",\"@id\":\"https:\\\/\\\/www.klarairosa.com\\\/en\\\/#website\",\"url\":\"https:\\\/\\\/www.klarairosa.com\\\/en\\\/\",\"name\":\"Klara i Rosa\",\"description\":\"Klara i Rosa\",\"publisher\":{\"@id\":\"https:\\\/\\\/www.klarairosa.com\\\/en\\\/#organization\"},\"potentialAction\":[{\"@type\":\"SearchAction\",\"target\":{\"@type\":\"EntryPoint\",\"urlTemplate\":\"https:\\\/\\\/www.klarairosa.com\\\/en\\\/?s={search_term_string}\"},\"query-input\":{\"@type\":\"PropertyValueSpecification\",\"valueRequired\":true,\"valueName\":\"search_term_string\"}}],\"inLanguage\":\"hu\"},{\"@type\":\"Organization\",\"@id\":\"https:\\\/\\\/www.klarairosa.com\\\/en\\\/#organization\",\"name\":\"Klara i Rosa\",\"url\":\"https:\\\/\\\/www.klarairosa.com\\\/en\\\/\",\"logo\":{\"@type\":\"ImageObject\",\"inLanguage\":\"hu\",\"@id\":\"https:\\\/\\\/www.klarairosa.com\\\/en\\\/#\\\/schema\\\/logo\\\/image\\\/\",\"url\":\"https:\\\/\\\/www.klarairosa.com\\\/wp-content\\\/uploads\\\/2022\\\/01\\\/logo.svg\",\"contentUrl\":\"https:\\\/\\\/www.klarairosa.com\\\/wp-content\\\/uploads\\\/2022\\\/01\\\/logo.svg\",\"width\":110,\"height\":139,\"caption\":\"Klara i Rosa\"},\"image\":{\"@id\":\"https:\\\/\\\/www.klarairosa.com\\\/en\\\/#\\\/schema\\\/logo\\\/image\\\/\"},\"sameAs\":[\"https:\\\/\\\/www.facebook.com\\\/klarairosa\\\/\",\"https:\\\/\\\/www.instagram.com\\\/ugklarairosa\\\/\"]},{\"@type\":\"Person\",\"@id\":\"https:\\\/\\\/www.klarairosa.com\\\/en\\\/#\\\/schema\\\/person\\\/e4e7e9e5c8eeeddccf61e4532ae8e6ed\",\"name\":\"Klara i Rosa\",\"image\":{\"@type\":\"ImageObject\",\"inLanguage\":\"hu\",\"@id\":\"https:\\\/\\\/secure.gravatar.com\\\/avatar\\\/c83ee539a067b9f57ae5d8999ae286c4f98b5c4bd943b8cbb64f6b0fc1f29e40?s=96&d=mm&r=g\",\"url\":\"https:\\\/\\\/secure.gravatar.com\\\/avatar\\\/c83ee539a067b9f57ae5d8999ae286c4f98b5c4bd943b8cbb64f6b0fc1f29e40?s=96&d=mm&r=g\",\"contentUrl\":\"https:\\\/\\\/secure.gravatar.com\\\/avatar\\\/c83ee539a067b9f57ae5d8999ae286c4f98b5c4bd943b8cbb64f6b0fc1f29e40?s=96&d=mm&r=g\",\"caption\":\"Klara i Rosa\"},\"sameAs\":[\"https:\\\/\\\/klarairosa.com\"],\"url\":\"https:\\\/\\\/www.klarairosa.com\\\/hu\\\/author\\\/rosaiklara\\\/\"}]}<\/script>\n<!-- \/ Yoast SEO plugin. -->","yoast_head_json":{"title":"Filmska psiholo\u0161ka radionica - Klara i Rosa","robots":{"index":"index","follow":"follow","max-snippet":"max-snippet:-1","max-image-preview":"max-image-preview:large","max-video-preview":"max-video-preview:-1"},"canonical":"https:\/\/www.klarairosa.com\/hu\/filmska-psiholoska-radionica\/","og_locale":"hu_HU","og_type":"article","og_title":"Filmska psiholo\u0161ka radionica - Klara i Rosa","og_description":"\ud83d\uddd3\ufe0f Utorak | 11. novembar | 18h \ud83d\udccd Klara i Rosa | \u0160andora Petefija 15...","og_url":"https:\/\/www.klarairosa.com\/hu\/filmska-psiholoska-radionica\/","og_site_name":"Klara i Rosa","article_publisher":"https:\/\/www.facebook.com\/klarairosa\/","article_published_time":"2025-11-06T09:55:07+00:00","article_modified_time":"2025-11-07T10:23:40+00:00","og_image":[{"width":1352,"height":1005,"url":"https:\/\/www.klarairosa.com\/wp-content\/uploads\/2025\/10\/filmska.jpg","type":"image\/jpeg"}],"author":"Klara i Rosa","twitter_card":"summary_large_image","twitter_misc":{"Szerz\u0151:":"Klara i Rosa","Becs\u00fclt olvas\u00e1si id\u0151":"1 perc"},"schema":{"@context":"https:\/\/schema.org","@graph":[{"@type":"Article","@id":"https:\/\/www.klarairosa.com\/filmska-psiholoska-radionica\/#article","isPartOf":{"@id":"https:\/\/www.klarairosa.com\/filmska-psiholoska-radionica\/"},"author":{"name":"Klara i Rosa","@id":"https:\/\/www.klarairosa.com\/en\/#\/schema\/person\/e4e7e9e5c8eeeddccf61e4532ae8e6ed"},"headline":"Filmska psiholo\u0161ka radionica","datePublished":"2025-11-06T09:55:07+00:00","dateModified":"2025-11-07T10:23:40+00:00","mainEntityOfPage":{"@id":"https:\/\/www.klarairosa.com\/filmska-psiholoska-radionica\/"},"wordCount":213,"publisher":{"@id":"https:\/\/www.klarairosa.com\/en\/#organization"},"image":{"@id":"https:\/\/www.klarairosa.com\/filmska-psiholoska-radionica\/#primaryimage"},"thumbnailUrl":"https:\/\/www.klarairosa.com\/wp-content\/uploads\/2025\/10\/filmska.jpg","keywords":["filmska psiholoska radionica","gordana belic","Klara i Rosa","subotica"],"articleSection":["Aktuelno"],"inLanguage":"hu"},{"@type":"WebPage","@id":"https:\/\/www.klarairosa.com\/filmska-psiholoska-radionica\/","url":"https:\/\/www.klarairosa.com\/filmska-psiholoska-radionica\/","name":"Filmska psiholo\u0161ka radionica - Klara i Rosa","isPartOf":{"@id":"https:\/\/www.klarairosa.com\/en\/#website"},"primaryImageOfPage":{"@id":"https:\/\/www.klarairosa.com\/filmska-psiholoska-radionica\/#primaryimage"},"image":{"@id":"https:\/\/www.klarairosa.com\/filmska-psiholoska-radionica\/#primaryimage"},"thumbnailUrl":"https:\/\/www.klarairosa.com\/wp-content\/uploads\/2025\/10\/filmska.jpg","datePublished":"2025-11-06T09:55:07+00:00","dateModified":"2025-11-07T10:23:40+00:00","breadcrumb":{"@id":"https:\/\/www.klarairosa.com\/filmska-psiholoska-radionica\/#breadcrumb"},"inLanguage":"hu","potentialAction":[{"@type":"ReadAction","target":["https:\/\/www.klarairosa.com\/filmska-psiholoska-radionica\/"]}]},{"@type":"ImageObject","inLanguage":"hu","@id":"https:\/\/www.klarairosa.com\/filmska-psiholoska-radionica\/#primaryimage","url":"https:\/\/www.klarairosa.com\/wp-content\/uploads\/2025\/10\/filmska.jpg","contentUrl":"https:\/\/www.klarairosa.com\/wp-content\/uploads\/2025\/10\/filmska.jpg","width":1352,"height":1005},{"@type":"BreadcrumbList","@id":"https:\/\/www.klarairosa.com\/filmska-psiholoska-radionica\/#breadcrumb","itemListElement":[{"@type":"ListItem","position":1,"name":"Home","item":"https:\/\/www.klarairosa.com\/"},{"@type":"ListItem","position":2,"name":"Filmska psiholo\u0161ka radionica"}]},{"@type":"WebSite","@id":"https:\/\/www.klarairosa.com\/en\/#website","url":"https:\/\/www.klarairosa.com\/en\/","name":"Kl\u00e1ra \u00e9s Rosa Egyes\u00fclet","description":"Kl\u00e1ra \u00e9s Rosa Egyes\u00fclet","publisher":{"@id":"https:\/\/www.klarairosa.com\/en\/#organization"},"potentialAction":[{"@type":"SearchAction","target":{"@type":"EntryPoint","urlTemplate":"https:\/\/www.klarairosa.com\/en\/?s={search_term_string}"},"query-input":{"@type":"PropertyValueSpecification","valueRequired":true,"valueName":"search_term_string"}}],"inLanguage":"hu"},{"@type":"Organization","@id":"https:\/\/www.klarairosa.com\/en\/#organization","name":"Kl\u00e1ra \u00e9s Rosa Egyes\u00fclet","url":"https:\/\/www.klarairosa.com\/en\/","logo":{"@type":"ImageObject","inLanguage":"hu","@id":"https:\/\/www.klarairosa.com\/en\/#\/schema\/logo\/image\/","url":"https:\/\/www.klarairosa.com\/wp-content\/uploads\/2022\/01\/logo.svg","contentUrl":"https:\/\/www.klarairosa.com\/wp-content\/uploads\/2022\/01\/logo.svg","width":110,"height":139,"caption":"Klara i Rosa"},"image":{"@id":"https:\/\/www.klarairosa.com\/en\/#\/schema\/logo\/image\/"},"sameAs":["https:\/\/www.facebook.com\/klarairosa\/","https:\/\/www.instagram.com\/ugklarairosa\/"]},{"@type":"Person","@id":"https:\/\/www.klarairosa.com\/en\/#\/schema\/person\/e4e7e9e5c8eeeddccf61e4532ae8e6ed","name":"Kl\u00e1ra \u00e9s Rosa Egyes\u00fclet","image":{"@type":"ImageObject","inLanguage":"hu","@id":"https:\/\/secure.gravatar.com\/avatar\/c83ee539a067b9f57ae5d8999ae286c4f98b5c4bd943b8cbb64f6b0fc1f29e40?s=96&d=mm&r=g","url":"https:\/\/secure.gravatar.com\/avatar\/c83ee539a067b9f57ae5d8999ae286c4f98b5c4bd943b8cbb64f6b0fc1f29e40?s=96&d=mm&r=g","contentUrl":"https:\/\/secure.gravatar.com\/avatar\/c83ee539a067b9f57ae5d8999ae286c4f98b5c4bd943b8cbb64f6b0fc1f29e40?s=96&d=mm&r=g","caption":"Klara i Rosa"},"sameAs":["https:\/\/klarairosa.com"],"url":"https:\/\/www.klarairosa.com\/hu\/author\/rosaiklara\/"}]}},"_links":{"self":[{"href":"https:\/\/www.klarairosa.com\/hu\/wp-json\/wp\/v2\/posts\/23683","targetHints":{"allow":["GET"]}}],"collection":[{"href":"https:\/\/www.klarairosa.com\/hu\/wp-json\/wp\/v2\/posts"}],"about":[{"href":"https:\/\/www.klarairosa.com\/hu\/wp-json\/wp\/v2\/types\/post"}],"author":[{"embeddable":true,"href":"https:\/\/www.klarairosa.com\/hu\/wp-json\/wp\/v2\/users\/1"}],"replies":[{"embeddable":true,"href":"https:\/\/www.klarairosa.com\/hu\/wp-json\/wp\/v2\/comments?post=23683"}],"version-history":[{"count":2,"href":"https:\/\/www.klarairosa.com\/hu\/wp-json\/wp\/v2\/posts\/23683\/revisions"}],"predecessor-version":[{"id":23780,"href":"https:\/\/www.klarairosa.com\/hu\/wp-json\/wp\/v2\/posts\/23683\/revisions\/23780"}],"wp:featuredmedia":[{"embeddable":true,"href":"https:\/\/www.klarairosa.com\/hu\/wp-json\/wp\/v2\/media\/23684"}],"wp:attachment":[{"href":"https:\/\/www.klarairosa.com\/hu\/wp-json\/wp\/v2\/media?parent=23683"}],"wp:term":[{"taxonomy":"category","embeddable":true,"href":"https:\/\/www.klarairosa.com\/hu\/wp-json\/wp\/v2\/categories?post=23683"},{"taxonomy":"post_tag","embeddable":true,"href":"https:\/\/www.klarairosa.com\/hu\/wp-json\/wp\/v2\/tags?post=23683"}],"curies":[{"name":"wp","href":"https:\/\/api.w.org\/{rel}","templated":true}]}}