{"id":23408,"date":"2025-09-21T13:06:28","date_gmt":"2025-09-21T13:06:28","guid":{"rendered":"https:\/\/www.klarairosa.com\/?p=23408"},"modified":"2025-09-21T13:06:28","modified_gmt":"2025-09-21T13:06:28","slug":"dramske-i-likovne-radionice-za-mlade","status":"publish","type":"post","link":"https:\/\/www.klarairosa.com\/hu\/dramske-i-likovne-radionice-za-mlade\/","title":{"rendered":"Dr\u00e1ma \u00e9s k\u00e9pz\u0151m\u0171v\u00e9szeti m\u0171helyek fiataloknak"},"content":{"rendered":"<p data-start=\"149\" data-end=\"307\" class=\" translation-block\"><strong>Szeptember 27-\u00e9n, szombaton<\/strong> a <strong>Kl\u00e1ra \u00e9s Rosa<\/strong> Civil kultur\u00e1lis k\u00f6zpont h\u00e1z\u00e1ban (Pet\u0151fi S\u00e1ndor u. 15.) ny\u00edlt napot tartunk midazoknak, akiket \u00e9rdekel a csatlakoz\u00e1s a k\u00f6vetkez\u0151 kreat\u00edv m\u0171helyekhez:<\/p>\n<p data-start=\"149\" data-end=\"307\">.<\/p>\n<ul data-start=\"309\" data-end=\"573\">\n<li data-start=\"309\" data-end=\"394\">\n<p data-start=\"311\" data-end=\"394\"><strong data-start=\"311\" data-end=\"328\">Harmadik hely<\/strong> \u2013 dr\u00e1ma m\u0171hely k\u00f6z\u00e9piskol\u00e1soknak (15+)<br data-start=\"371\" data-end=\"374\" \/>\ud83d\udccd Tal\u00e1lkoz\u00e1s <strong>10:00<\/strong><\/p>\n<\/li>\n<\/ul>\n<p>.<\/p>\n<ul data-start=\"309\" data-end=\"573\">\n<li data-start=\"396\" data-end=\"487\">\n<p data-start=\"398\" data-end=\"487\"><strong data-start=\"398\" data-end=\"412\">Gradionica<\/strong> \u2013 kreat\u00edv fejl\u0151d\u00e9s iskol\u00e1ja \u00e1ltal\u00e1nos iskol\u00e1soknak (10-14 \u00e9vesek)<br data-start=\"465\" data-end=\"468\" \/>\ud83d\udccd Tal\u00e1lkoz\u00e1s <strong>13:30<\/strong><\/p>\n<\/li>\n<\/ul>\n<p>.<\/p>\n<ul data-start=\"309\" data-end=\"573\">\n<li data-start=\"489\" data-end=\"573\">\n<p data-start=\"491\" data-end=\"573\"><strong data-start=\"491\" data-end=\"512\">K\u00e9pz\u0151m\u0171v\u00e9szeti m\u0171hely<\/strong> \u2013 10 \u00e9vn\u00e9l id\u0151sebb gyerekek sz\u00e1m\u00e1ra<br data-start=\"550\" data-end=\"553\" \/>\ud83d\udccd Tal\u00e1lkoz\u00e1s <strong>18:00<\/strong><\/p>\n<\/li>\n<\/ul>\n<p>.<\/p>\n<p data-start=\"575\" data-end=\"707\">A m\u0171helyek minden \u00e9rdekl\u0151d\u0151 sz\u00e1m\u00e1ra nyitottak, meghallgat\u00e1s n\u00e9lk\u00fcl, teret ad a kreativit\u00e1snak, a j\u00e1t\u00e9knak, a tapasztalatcser\u00e9nek \u00e9s a k\u00f6z\u00f6s munk\u00e1nak.<\/p>","protected":false},"excerpt":{"rendered":"<p>U subotu, 27. septembra, u prostorijama Gra\u0111anskog kulturnog centra \u201eKlara i Rosa\u201c (\u0160andora Petefija 15)&#8230;<\/p>","protected":false},"author":1,"featured_media":23409,"comment_status":"closed","ping_status":"closed","sticky":false,"template":"","format":"standard","meta":{"content-type":"","inline_featured_image":false,"footnotes":""},"categories":[109],"tags":[733,88,311,124,748,740,152,653],"class_list":["post-23408","post","type-post","status-publish","format-standard","has-post-thumbnail","hentry","category-aktuelno","tag-dramska-sekcija","tag-gordana-vukov-ciganjik","tag-gradionica","tag-klara-i-rosa","tag-likovne-radionice","tag-skola-kreativnog-razvoja","tag-subotica","tag-vanja-subotic"],"yoast_head":"<!-- This site is optimized with the Yoast SEO plugin v27.5 - https:\/\/yoast.com\/product\/yoast-seo-wordpress\/ -->\n<title>Dramske i likovne radionice za mlade - Klara i Rosa<\/title>\n<meta name=\"robots\" content=\"index, follow, max-snippet:-1, max-image-preview:large, max-video-preview:-1\" \/>\n<link rel=\"canonical\" href=\"https:\/\/www.klarairosa.com\/hu\/dramske-i-likovne-radionice-za-mlade\/\" \/>\n<meta property=\"og:locale\" content=\"hu_HU\" \/>\n<meta property=\"og:type\" content=\"article\" \/>\n<meta property=\"og:title\" content=\"Dramske i likovne radionice za mlade - Klara i Rosa\" \/>\n<meta property=\"og:description\" content=\"U subotu, 27. septembra, u prostorijama Gra\u0111anskog kulturnog centra \u201eKlara i Rosa\u201c (\u0160andora Petefija 15)...\" \/>\n<meta property=\"og:url\" content=\"https:\/\/www.klarairosa.com\/hu\/dramske-i-likovne-radionice-za-mlade\/\" \/>\n<meta property=\"og:site_name\" content=\"Klara i Rosa\" \/>\n<meta property=\"article:publisher\" content=\"https:\/\/www.facebook.com\/klarairosa\/\" \/>\n<meta property=\"article:published_time\" content=\"2025-09-21T13:06:28+00:00\" \/>\n<meta property=\"og:image\" content=\"https:\/\/www.klarairosa.com\/wp-content\/uploads\/2025\/09\/Blue-Bold-Modern-Fashion-Coming-Soon-Poster-1352-x-1005-px.jpg\" \/>\n\t<meta property=\"og:image:width\" content=\"1352\" \/>\n\t<meta property=\"og:image:height\" content=\"1005\" \/>\n\t<meta property=\"og:image:type\" content=\"image\/jpeg\" \/>\n<meta name=\"author\" content=\"Klara i Rosa\" \/>\n<meta name=\"twitter:card\" content=\"summary_large_image\" \/>\n<meta name=\"twitter:label1\" content=\"Szerz\u0151:\" \/>\n\t<meta name=\"twitter:data1\" content=\"Klara i Rosa\" \/>\n<script type=\"application\/ld+json\" class=\"yoast-schema-graph\">{\"@context\":\"https:\\\/\\\/schema.org\",\"@graph\":[{\"@type\":\"Article\",\"@id\":\"https:\\\/\\\/www.klarairosa.com\\\/dramske-i-likovne-radionice-za-mlade\\\/#article\",\"isPartOf\":{\"@id\":\"https:\\\/\\\/www.klarairosa.com\\\/dramske-i-likovne-radionice-za-mlade\\\/\"},\"author\":{\"name\":\"Klara i Rosa\",\"@id\":\"https:\\\/\\\/www.klarairosa.com\\\/en\\\/#\\\/schema\\\/person\\\/e4e7e9e5c8eeeddccf61e4532ae8e6ed\"},\"headline\":\"Dramske i likovne radionice za mlade\",\"datePublished\":\"2025-09-21T13:06:28+00:00\",\"mainEntityOfPage\":{\"@id\":\"https:\\\/\\\/www.klarairosa.com\\\/dramske-i-likovne-radionice-za-mlade\\\/\"},\"wordCount\":87,\"publisher\":{\"@id\":\"https:\\\/\\\/www.klarairosa.com\\\/en\\\/#organization\"},\"image\":{\"@id\":\"https:\\\/\\\/www.klarairosa.com\\\/dramske-i-likovne-radionice-za-mlade\\\/#primaryimage\"},\"thumbnailUrl\":\"https:\\\/\\\/www.klarairosa.com\\\/wp-content\\\/uploads\\\/2025\\\/09\\\/Blue-Bold-Modern-Fashion-Coming-Soon-Poster-1352-x-1005-px.jpg\",\"keywords\":[\"dramska sekcija\",\"Gordana Vukov Ciganjik\",\"gradionica\",\"Klara i Rosa\",\"likovne radionice\",\"\u0161kola kreativnog razvoja\",\"subotica\",\"vanja subotic\"],\"articleSection\":[\"Aktuelno\"],\"inLanguage\":\"hu\"},{\"@type\":\"WebPage\",\"@id\":\"https:\\\/\\\/www.klarairosa.com\\\/dramske-i-likovne-radionice-za-mlade\\\/\",\"url\":\"https:\\\/\\\/www.klarairosa.com\\\/dramske-i-likovne-radionice-za-mlade\\\/\",\"name\":\"Dramske i likovne radionice za mlade - Klara i Rosa\",\"isPartOf\":{\"@id\":\"https:\\\/\\\/www.klarairosa.com\\\/en\\\/#website\"},\"primaryImageOfPage\":{\"@id\":\"https:\\\/\\\/www.klarairosa.com\\\/dramske-i-likovne-radionice-za-mlade\\\/#primaryimage\"},\"image\":{\"@id\":\"https:\\\/\\\/www.klarairosa.com\\\/dramske-i-likovne-radionice-za-mlade\\\/#primaryimage\"},\"thumbnailUrl\":\"https:\\\/\\\/www.klarairosa.com\\\/wp-content\\\/uploads\\\/2025\\\/09\\\/Blue-Bold-Modern-Fashion-Coming-Soon-Poster-1352-x-1005-px.jpg\",\"datePublished\":\"2025-09-21T13:06:28+00:00\",\"breadcrumb\":{\"@id\":\"https:\\\/\\\/www.klarairosa.com\\\/dramske-i-likovne-radionice-za-mlade\\\/#breadcrumb\"},\"inLanguage\":\"hu\",\"potentialAction\":[{\"@type\":\"ReadAction\",\"target\":[\"https:\\\/\\\/www.klarairosa.com\\\/dramske-i-likovne-radionice-za-mlade\\\/\"]}]},{\"@type\":\"ImageObject\",\"inLanguage\":\"hu\",\"@id\":\"https:\\\/\\\/www.klarairosa.com\\\/dramske-i-likovne-radionice-za-mlade\\\/#primaryimage\",\"url\":\"https:\\\/\\\/www.klarairosa.com\\\/wp-content\\\/uploads\\\/2025\\\/09\\\/Blue-Bold-Modern-Fashion-Coming-Soon-Poster-1352-x-1005-px.jpg\",\"contentUrl\":\"https:\\\/\\\/www.klarairosa.com\\\/wp-content\\\/uploads\\\/2025\\\/09\\\/Blue-Bold-Modern-Fashion-Coming-Soon-Poster-1352-x-1005-px.jpg\",\"width\":1352,\"height\":1005},{\"@type\":\"BreadcrumbList\",\"@id\":\"https:\\\/\\\/www.klarairosa.com\\\/dramske-i-likovne-radionice-za-mlade\\\/#breadcrumb\",\"itemListElement\":[{\"@type\":\"ListItem\",\"position\":1,\"name\":\"Home\",\"item\":\"https:\\\/\\\/www.klarairosa.com\\\/\"},{\"@type\":\"ListItem\",\"position\":2,\"name\":\"Dramske i likovne radionice za mlade\"}]},{\"@type\":\"WebSite\",\"@id\":\"https:\\\/\\\/www.klarairosa.com\\\/en\\\/#website\",\"url\":\"https:\\\/\\\/www.klarairosa.com\\\/en\\\/\",\"name\":\"Klara i Rosa\",\"description\":\"Klara i Rosa\",\"publisher\":{\"@id\":\"https:\\\/\\\/www.klarairosa.com\\\/en\\\/#organization\"},\"potentialAction\":[{\"@type\":\"SearchAction\",\"target\":{\"@type\":\"EntryPoint\",\"urlTemplate\":\"https:\\\/\\\/www.klarairosa.com\\\/en\\\/?s={search_term_string}\"},\"query-input\":{\"@type\":\"PropertyValueSpecification\",\"valueRequired\":true,\"valueName\":\"search_term_string\"}}],\"inLanguage\":\"hu\"},{\"@type\":\"Organization\",\"@id\":\"https:\\\/\\\/www.klarairosa.com\\\/en\\\/#organization\",\"name\":\"Klara i Rosa\",\"url\":\"https:\\\/\\\/www.klarairosa.com\\\/en\\\/\",\"logo\":{\"@type\":\"ImageObject\",\"inLanguage\":\"hu\",\"@id\":\"https:\\\/\\\/www.klarairosa.com\\\/en\\\/#\\\/schema\\\/logo\\\/image\\\/\",\"url\":\"https:\\\/\\\/www.klarairosa.com\\\/wp-content\\\/uploads\\\/2022\\\/01\\\/logo.svg\",\"contentUrl\":\"https:\\\/\\\/www.klarairosa.com\\\/wp-content\\\/uploads\\\/2022\\\/01\\\/logo.svg\",\"width\":110,\"height\":139,\"caption\":\"Klara i Rosa\"},\"image\":{\"@id\":\"https:\\\/\\\/www.klarairosa.com\\\/en\\\/#\\\/schema\\\/logo\\\/image\\\/\"},\"sameAs\":[\"https:\\\/\\\/www.facebook.com\\\/klarairosa\\\/\",\"https:\\\/\\\/www.instagram.com\\\/ugklarairosa\\\/\"]},{\"@type\":\"Person\",\"@id\":\"https:\\\/\\\/www.klarairosa.com\\\/en\\\/#\\\/schema\\\/person\\\/e4e7e9e5c8eeeddccf61e4532ae8e6ed\",\"name\":\"Klara i Rosa\",\"image\":{\"@type\":\"ImageObject\",\"inLanguage\":\"hu\",\"@id\":\"https:\\\/\\\/secure.gravatar.com\\\/avatar\\\/c83ee539a067b9f57ae5d8999ae286c4f98b5c4bd943b8cbb64f6b0fc1f29e40?s=96&d=mm&r=g\",\"url\":\"https:\\\/\\\/secure.gravatar.com\\\/avatar\\\/c83ee539a067b9f57ae5d8999ae286c4f98b5c4bd943b8cbb64f6b0fc1f29e40?s=96&d=mm&r=g\",\"contentUrl\":\"https:\\\/\\\/secure.gravatar.com\\\/avatar\\\/c83ee539a067b9f57ae5d8999ae286c4f98b5c4bd943b8cbb64f6b0fc1f29e40?s=96&d=mm&r=g\",\"caption\":\"Klara i Rosa\"},\"sameAs\":[\"https:\\\/\\\/klarairosa.com\"],\"url\":\"https:\\\/\\\/www.klarairosa.com\\\/hu\\\/author\\\/rosaiklara\\\/\"}]}<\/script>\n<!-- \/ Yoast SEO plugin. -->","yoast_head_json":{"title":"Dramske i likovne radionice za mlade - Klara i Rosa","robots":{"index":"index","follow":"follow","max-snippet":"max-snippet:-1","max-image-preview":"max-image-preview:large","max-video-preview":"max-video-preview:-1"},"canonical":"https:\/\/www.klarairosa.com\/hu\/dramske-i-likovne-radionice-za-mlade\/","og_locale":"hu_HU","og_type":"article","og_title":"Dramske i likovne radionice za mlade - Klara i Rosa","og_description":"U subotu, 27. septembra, u prostorijama Gra\u0111anskog kulturnog centra \u201eKlara i Rosa\u201c (\u0160andora Petefija 15)...","og_url":"https:\/\/www.klarairosa.com\/hu\/dramske-i-likovne-radionice-za-mlade\/","og_site_name":"Klara i Rosa","article_publisher":"https:\/\/www.facebook.com\/klarairosa\/","article_published_time":"2025-09-21T13:06:28+00:00","og_image":[{"width":1352,"height":1005,"url":"https:\/\/www.klarairosa.com\/wp-content\/uploads\/2025\/09\/Blue-Bold-Modern-Fashion-Coming-Soon-Poster-1352-x-1005-px.jpg","type":"image\/jpeg"}],"author":"Klara i Rosa","twitter_card":"summary_large_image","twitter_misc":{"Szerz\u0151:":"Klara i Rosa"},"schema":{"@context":"https:\/\/schema.org","@graph":[{"@type":"Article","@id":"https:\/\/www.klarairosa.com\/dramske-i-likovne-radionice-za-mlade\/#article","isPartOf":{"@id":"https:\/\/www.klarairosa.com\/dramske-i-likovne-radionice-za-mlade\/"},"author":{"name":"Klara i Rosa","@id":"https:\/\/www.klarairosa.com\/en\/#\/schema\/person\/e4e7e9e5c8eeeddccf61e4532ae8e6ed"},"headline":"Dramske i likovne radionice za mlade","datePublished":"2025-09-21T13:06:28+00:00","mainEntityOfPage":{"@id":"https:\/\/www.klarairosa.com\/dramske-i-likovne-radionice-za-mlade\/"},"wordCount":87,"publisher":{"@id":"https:\/\/www.klarairosa.com\/en\/#organization"},"image":{"@id":"https:\/\/www.klarairosa.com\/dramske-i-likovne-radionice-za-mlade\/#primaryimage"},"thumbnailUrl":"https:\/\/www.klarairosa.com\/wp-content\/uploads\/2025\/09\/Blue-Bold-Modern-Fashion-Coming-Soon-Poster-1352-x-1005-px.jpg","keywords":["dramska sekcija","Gordana Vukov Ciganjik","gradionica","Klara i Rosa","likovne radionice","\u0161kola kreativnog razvoja","subotica","vanja subotic"],"articleSection":["Aktuelno"],"inLanguage":"hu"},{"@type":"WebPage","@id":"https:\/\/www.klarairosa.com\/dramske-i-likovne-radionice-za-mlade\/","url":"https:\/\/www.klarairosa.com\/dramske-i-likovne-radionice-za-mlade\/","name":"Dramske i likovne radionice za mlade - Klara i Rosa","isPartOf":{"@id":"https:\/\/www.klarairosa.com\/en\/#website"},"primaryImageOfPage":{"@id":"https:\/\/www.klarairosa.com\/dramske-i-likovne-radionice-za-mlade\/#primaryimage"},"image":{"@id":"https:\/\/www.klarairosa.com\/dramske-i-likovne-radionice-za-mlade\/#primaryimage"},"thumbnailUrl":"https:\/\/www.klarairosa.com\/wp-content\/uploads\/2025\/09\/Blue-Bold-Modern-Fashion-Coming-Soon-Poster-1352-x-1005-px.jpg","datePublished":"2025-09-21T13:06:28+00:00","breadcrumb":{"@id":"https:\/\/www.klarairosa.com\/dramske-i-likovne-radionice-za-mlade\/#breadcrumb"},"inLanguage":"hu","potentialAction":[{"@type":"ReadAction","target":["https:\/\/www.klarairosa.com\/dramske-i-likovne-radionice-za-mlade\/"]}]},{"@type":"ImageObject","inLanguage":"hu","@id":"https:\/\/www.klarairosa.com\/dramske-i-likovne-radionice-za-mlade\/#primaryimage","url":"https:\/\/www.klarairosa.com\/wp-content\/uploads\/2025\/09\/Blue-Bold-Modern-Fashion-Coming-Soon-Poster-1352-x-1005-px.jpg","contentUrl":"https:\/\/www.klarairosa.com\/wp-content\/uploads\/2025\/09\/Blue-Bold-Modern-Fashion-Coming-Soon-Poster-1352-x-1005-px.jpg","width":1352,"height":1005},{"@type":"BreadcrumbList","@id":"https:\/\/www.klarairosa.com\/dramske-i-likovne-radionice-za-mlade\/#breadcrumb","itemListElement":[{"@type":"ListItem","position":1,"name":"Home","item":"https:\/\/www.klarairosa.com\/"},{"@type":"ListItem","position":2,"name":"Dramske i likovne radionice za mlade"}]},{"@type":"WebSite","@id":"https:\/\/www.klarairosa.com\/en\/#website","url":"https:\/\/www.klarairosa.com\/en\/","name":"Kl\u00e1ra \u00e9s Rosa Egyes\u00fclet","description":"Kl\u00e1ra \u00e9s Rosa Egyes\u00fclet","publisher":{"@id":"https:\/\/www.klarairosa.com\/en\/#organization"},"potentialAction":[{"@type":"SearchAction","target":{"@type":"EntryPoint","urlTemplate":"https:\/\/www.klarairosa.com\/en\/?s={search_term_string}"},"query-input":{"@type":"PropertyValueSpecification","valueRequired":true,"valueName":"search_term_string"}}],"inLanguage":"hu"},{"@type":"Organization","@id":"https:\/\/www.klarairosa.com\/en\/#organization","name":"Kl\u00e1ra \u00e9s Rosa Egyes\u00fclet","url":"https:\/\/www.klarairosa.com\/en\/","logo":{"@type":"ImageObject","inLanguage":"hu","@id":"https:\/\/www.klarairosa.com\/en\/#\/schema\/logo\/image\/","url":"https:\/\/www.klarairosa.com\/wp-content\/uploads\/2022\/01\/logo.svg","contentUrl":"https:\/\/www.klarairosa.com\/wp-content\/uploads\/2022\/01\/logo.svg","width":110,"height":139,"caption":"Klara i Rosa"},"image":{"@id":"https:\/\/www.klarairosa.com\/en\/#\/schema\/logo\/image\/"},"sameAs":["https:\/\/www.facebook.com\/klarairosa\/","https:\/\/www.instagram.com\/ugklarairosa\/"]},{"@type":"Person","@id":"https:\/\/www.klarairosa.com\/en\/#\/schema\/person\/e4e7e9e5c8eeeddccf61e4532ae8e6ed","name":"Kl\u00e1ra \u00e9s Rosa Egyes\u00fclet","image":{"@type":"ImageObject","inLanguage":"hu","@id":"https:\/\/secure.gravatar.com\/avatar\/c83ee539a067b9f57ae5d8999ae286c4f98b5c4bd943b8cbb64f6b0fc1f29e40?s=96&d=mm&r=g","url":"https:\/\/secure.gravatar.com\/avatar\/c83ee539a067b9f57ae5d8999ae286c4f98b5c4bd943b8cbb64f6b0fc1f29e40?s=96&d=mm&r=g","contentUrl":"https:\/\/secure.gravatar.com\/avatar\/c83ee539a067b9f57ae5d8999ae286c4f98b5c4bd943b8cbb64f6b0fc1f29e40?s=96&d=mm&r=g","caption":"Klara i Rosa"},"sameAs":["https:\/\/klarairosa.com"],"url":"https:\/\/www.klarairosa.com\/hu\/author\/rosaiklara\/"}]}},"_links":{"self":[{"href":"https:\/\/www.klarairosa.com\/hu\/wp-json\/wp\/v2\/posts\/23408","targetHints":{"allow":["GET"]}}],"collection":[{"href":"https:\/\/www.klarairosa.com\/hu\/wp-json\/wp\/v2\/posts"}],"about":[{"href":"https:\/\/www.klarairosa.com\/hu\/wp-json\/wp\/v2\/types\/post"}],"author":[{"embeddable":true,"href":"https:\/\/www.klarairosa.com\/hu\/wp-json\/wp\/v2\/users\/1"}],"replies":[{"embeddable":true,"href":"https:\/\/www.klarairosa.com\/hu\/wp-json\/wp\/v2\/comments?post=23408"}],"version-history":[{"count":1,"href":"https:\/\/www.klarairosa.com\/hu\/wp-json\/wp\/v2\/posts\/23408\/revisions"}],"predecessor-version":[{"id":23410,"href":"https:\/\/www.klarairosa.com\/hu\/wp-json\/wp\/v2\/posts\/23408\/revisions\/23410"}],"wp:featuredmedia":[{"embeddable":true,"href":"https:\/\/www.klarairosa.com\/hu\/wp-json\/wp\/v2\/media\/23409"}],"wp:attachment":[{"href":"https:\/\/www.klarairosa.com\/hu\/wp-json\/wp\/v2\/media?parent=23408"}],"wp:term":[{"taxonomy":"category","embeddable":true,"href":"https:\/\/www.klarairosa.com\/hu\/wp-json\/wp\/v2\/categories?post=23408"},{"taxonomy":"post_tag","embeddable":true,"href":"https:\/\/www.klarairosa.com\/hu\/wp-json\/wp\/v2\/tags?post=23408"}],"curies":[{"name":"wp","href":"https:\/\/api.w.org\/{rel}","templated":true}]}}