{"id":23403,"date":"2025-09-21T10:37:40","date_gmt":"2025-09-21T10:37:40","guid":{"rendered":"https:\/\/www.klarairosa.com\/?p=23403"},"modified":"2025-09-21T10:37:40","modified_gmt":"2025-09-21T10:37:40","slug":"glas-ovi-zajednice-aleksandra-grubor","status":"publish","type":"post","link":"https:\/\/www.klarairosa.com\/hu\/glas-ovi-zajednice-aleksandra-grubor\/","title":{"rendered":"A K\u00d6Z\u00d6SS\u00c9G HANGJA\/I: ALEKSANDRA GRUBOR"},"content":{"rendered":"<p style=\"text-align: justify;\" data-pm-slice=\"1 1 []\"><strong>Szeptember 24-\u00e9n, szerd\u00e1n 18 \u00f3r\u00e1t\u00f3l<\/strong> a Kl\u00e1ra \u00e9s Rosa h\u00e1zban  (Pet\u0151fi S\u00e1ndor u. 15.) folytatjuk programsorozatunkat - <strong>A K\u00f6z\u00f6ss\u00e9g Hangja\/i<\/strong>! Ezalklaommal vend\u00e9g\u00fcnk <b>Aleksandra Grubor.<\/b><\/p>\n<p style=\"text-align: justify;\" data-pm-slice=\"1 1 []\">.<\/p>\n<p data-start=\"48\" data-end=\"361\">Aleksandra \u00e9lete m\u00e1r \u00f6t \u00e9ve folyamatos kaland. Utazik, \u00f6nk\u00e9nteskedik \u00e9s figyelmesen megtervezi kiad\u00e1sait, felfedezve a vil\u00e1got \u00e9s \u00f6nmag\u00e1t minden egyes \u00faj l\u00e9p\u00e9ssel. Ezen az \u00faton volt \u00f6r\u00f6mteli pillanat, v\u00e1ratlan kih\u00edv\u00e1s \u00e9s lemond\u00e1s, de minden tal\u00e1lkoz\u00e1s, hely \u00e9s tapasztalat alak\u00edtotta \u00fatj\u00e1t \u00e9s megtan\u00edtotta \u0151t arra, hogy szabadon \u00e9ljen. Megosztja vel\u00fcnk tapasztalatait \u00e9s inspir\u00e1lja azokat, akik szeretn\u00e9k felfedezni egy m\u00e1sf\u00e9le \u00e9let \u00e9s utaz\u00e1s var\u00e1zs\u00e1t.<\/p>\n<p data-pm-slice=\"1 1 []\">.<\/p>\n<p style=\"text-align: justify;\" class=\" translation-block\">A K\u00f6z\u00f6ss\u00e9g Hangja\/i program r\u00e1vil\u00e1g\u00edt v\u00e1rosunk egy\u00e9neire, \u00e9s p\u00e1rbesz\u00e9dre, \u00e9rdekl\u0151d\u00e9si k\u00f6r\u00f6k cser\u00e9j\u00e9re \u00e9s k\u00f6z\u00f6s tev\u00e9kenys\u00e9gekre h\u00edv minden polg\u00e1rt\u00e1rsat. Ezzel a programmal hidakat \u00e9p\u00edt\u00fcnk az emberek k\u00f6z\u00f6tt, er\u0151s\u00edtj\u00fck a k\u00f6z\u00f6ss\u00e9get, \u00e9s n\u00e9pszer\u0171s\u00edtj\u00fck az \u00e9letet Szabadk\u00e1n, mint a kapcsolat, a meg\u00e9rt\u00e9s \u00e9s a k\u00f6lcs\u00f6n\u00f6s t\u00e1mogat\u00e1s tere.<\/p>\n<p style=\"text-align: justify;\">.<\/p>\n<p style=\"text-align: justify;\"><strong>Ismerj\u00fck meg Szabadk\u00e1t az itt lak\u00f3 embereken kereszt\u00fcl!<\/strong><\/p>\n<p style=\"text-align: justify;\">.<\/p>\n<p style=\"text-align: justify;\">Fedezz\u00fck fel, ki mindenki \u00e9l v\u00e1rosunkban, hogy megismerkedj\u00fcnk, bar\u00e1tkozzunk \u00e9s t\u00e1mogassuk egym\u00e1st. Mindannyian r\u00e9szei vagyunk a k\u00f6z\u00f6ss\u00e9gnek.<\/p>\n<p style=\"text-align: justify;\">.<\/p>\n<p style=\"text-align: justify;\">A program a k\u00f6z\u00f6ss\u00e9g nyelvein:  szerb-horv\u00e1t, magyar \u00e9s angol nyelven val\u00f3sul meg, \u00edgy minden lakos a hozz\u00e1 legk\u00f6zelebb \u00e1ll\u00f3 nyelven vehet r\u00e9szt.<\/p>\n<p>.<\/p>\n<p>SZERVEZET\u00dcNK T\u00c1MOGAT\u00c1ST KAPOTT SV\u00c1JC KORM\u00c1NY\u00c1T\u00d3L AZ \u201eEGY\u00dcTT AZ AKT\u00cdV V\u00c1ROSI K\u00d6Z\u00d6SS\u00c9G\u00c9RT \u2013 ACT\u201d PROJEKTEN KERESZT\u00dcL, MELYET A HELVETAS SZERBIA \u00c9S V\u00c1ROSI KEZDEM\u00c9NYEZ\u00c9SEK HAJTANAK V\u00c9GRE. AZ \u201eEGY\u00dcTT AZ AKT\u00cdV V\u00c1ROSI K\u00d6Z\u00d6SS\u00c9G\u00c9RT \u2013 ACT\u201d SV\u00c1JC KORM\u00c1NY\u00c1NAK PROJEKTJE, MELYNEK C\u00c9LJA AZ AKT\u00cdV V\u00c1ROSI K\u00d6Z\u00d6SS\u00c9G, \u00c9S AMELYBEN A HELYIEK JOBBAN R\u00c9SZT VESZNEK A D\u00d6NT\u00c9SHOZ\u00c1SBAN, K\u00dcL\u00d6N\u00d6SEN HELYI SZINTEN.<\/p>\n<p>&nbsp;<\/p>","protected":false},"excerpt":{"rendered":"<p>U sredu, 24. septembra u 18 \u010dasova u prostoru Klare i Rose (Petefi \u0160andora 15)&#8230;<\/p>","protected":false},"author":1,"featured_media":23404,"comment_status":"closed","ping_status":"closed","sticky":false,"template":"","format":"standard","meta":{"content-type":"","inline_featured_image":false,"footnotes":""},"categories":[109],"tags":[550,509,747,554,124,152],"class_list":["post-23403","post","type-post","status-publish","format-standard","has-post-thumbnail","hentry","category-aktuelno","tag-550","tag-act-projekat","tag-aleksandra-grubor","tag-glasovi-zajednice","tag-klara-i-rosa","tag-subotica"],"yoast_head":"<!-- This site is optimized with the Yoast SEO plugin v27.5 - https:\/\/yoast.com\/product\/yoast-seo-wordpress\/ -->\n<title>GLAS\/OVI ZAJEDNICE: ALEKSANDRA GRUBOR - Klara i Rosa<\/title>\n<meta name=\"robots\" content=\"index, follow, max-snippet:-1, max-image-preview:large, max-video-preview:-1\" \/>\n<link rel=\"canonical\" href=\"https:\/\/www.klarairosa.com\/hu\/glas-ovi-zajednice-aleksandra-grubor\/\" \/>\n<meta property=\"og:locale\" content=\"hu_HU\" \/>\n<meta property=\"og:type\" content=\"article\" \/>\n<meta property=\"og:title\" content=\"GLAS\/OVI ZAJEDNICE: ALEKSANDRA GRUBOR - Klara i Rosa\" \/>\n<meta property=\"og:description\" content=\"U sredu, 24. septembra u 18 \u010dasova u prostoru Klare i Rose (Petefi \u0160andora 15)...\" \/>\n<meta property=\"og:url\" content=\"https:\/\/www.klarairosa.com\/hu\/glas-ovi-zajednice-aleksandra-grubor\/\" \/>\n<meta property=\"og:site_name\" content=\"Klara i Rosa\" \/>\n<meta property=\"article:publisher\" content=\"https:\/\/www.facebook.com\/klarairosa\/\" \/>\n<meta property=\"article:published_time\" content=\"2025-09-21T10:37:40+00:00\" \/>\n<meta property=\"og:image\" content=\"https:\/\/www.klarairosa.com\/wp-content\/uploads\/2025\/09\/Green-Black-Paper-Bold-Open-Donation-Event-Poster-1352-x-1005-px.jpg\" \/>\n\t<meta property=\"og:image:width\" content=\"1352\" \/>\n\t<meta property=\"og:image:height\" content=\"1005\" \/>\n\t<meta property=\"og:image:type\" content=\"image\/jpeg\" \/>\n<meta name=\"author\" content=\"Klara i Rosa\" \/>\n<meta name=\"twitter:card\" content=\"summary_large_image\" \/>\n<meta name=\"twitter:label1\" content=\"Szerz\u0151:\" \/>\n\t<meta name=\"twitter:data1\" content=\"Klara i Rosa\" \/>\n\t<meta name=\"twitter:label2\" content=\"Becs\u00fclt olvas\u00e1si id\u0151\" \/>\n\t<meta name=\"twitter:data2\" content=\"1 perc\" \/>\n<script type=\"application\/ld+json\" class=\"yoast-schema-graph\">{\"@context\":\"https:\\\/\\\/schema.org\",\"@graph\":[{\"@type\":\"Article\",\"@id\":\"https:\\\/\\\/www.klarairosa.com\\\/glas-ovi-zajednice-aleksandra-grubor\\\/#article\",\"isPartOf\":{\"@id\":\"https:\\\/\\\/www.klarairosa.com\\\/glas-ovi-zajednice-aleksandra-grubor\\\/\"},\"author\":{\"name\":\"Klara i Rosa\",\"@id\":\"https:\\\/\\\/www.klarairosa.com\\\/en\\\/#\\\/schema\\\/person\\\/e4e7e9e5c8eeeddccf61e4532ae8e6ed\"},\"headline\":\"GLAS\\\/OVI ZAJEDNICE: ALEKSANDRA GRUBOR\",\"datePublished\":\"2025-09-21T10:37:40+00:00\",\"mainEntityOfPage\":{\"@id\":\"https:\\\/\\\/www.klarairosa.com\\\/glas-ovi-zajednice-aleksandra-grubor\\\/\"},\"wordCount\":241,\"publisher\":{\"@id\":\"https:\\\/\\\/www.klarairosa.com\\\/en\\\/#organization\"},\"image\":{\"@id\":\"https:\\\/\\\/www.klarairosa.com\\\/glas-ovi-zajednice-aleksandra-grubor\\\/#primaryimage\"},\"thumbnailUrl\":\"https:\\\/\\\/www.klarairosa.com\\\/wp-content\\\/uploads\\\/2025\\\/09\\\/Green-Black-Paper-Bold-Open-Donation-Event-Poster-1352-x-1005-px.jpg\",\"keywords\":[\"2025\",\"act projekat\",\"aleksandra grubor\",\"glasovi zajednice\",\"Klara i Rosa\",\"subotica\"],\"articleSection\":[\"Aktuelno\"],\"inLanguage\":\"hu\"},{\"@type\":\"WebPage\",\"@id\":\"https:\\\/\\\/www.klarairosa.com\\\/glas-ovi-zajednice-aleksandra-grubor\\\/\",\"url\":\"https:\\\/\\\/www.klarairosa.com\\\/glas-ovi-zajednice-aleksandra-grubor\\\/\",\"name\":\"GLAS\\\/OVI ZAJEDNICE: ALEKSANDRA GRUBOR - Klara i Rosa\",\"isPartOf\":{\"@id\":\"https:\\\/\\\/www.klarairosa.com\\\/en\\\/#website\"},\"primaryImageOfPage\":{\"@id\":\"https:\\\/\\\/www.klarairosa.com\\\/glas-ovi-zajednice-aleksandra-grubor\\\/#primaryimage\"},\"image\":{\"@id\":\"https:\\\/\\\/www.klarairosa.com\\\/glas-ovi-zajednice-aleksandra-grubor\\\/#primaryimage\"},\"thumbnailUrl\":\"https:\\\/\\\/www.klarairosa.com\\\/wp-content\\\/uploads\\\/2025\\\/09\\\/Green-Black-Paper-Bold-Open-Donation-Event-Poster-1352-x-1005-px.jpg\",\"datePublished\":\"2025-09-21T10:37:40+00:00\",\"breadcrumb\":{\"@id\":\"https:\\\/\\\/www.klarairosa.com\\\/glas-ovi-zajednice-aleksandra-grubor\\\/#breadcrumb\"},\"inLanguage\":\"hu\",\"potentialAction\":[{\"@type\":\"ReadAction\",\"target\":[\"https:\\\/\\\/www.klarairosa.com\\\/glas-ovi-zajednice-aleksandra-grubor\\\/\"]}]},{\"@type\":\"ImageObject\",\"inLanguage\":\"hu\",\"@id\":\"https:\\\/\\\/www.klarairosa.com\\\/glas-ovi-zajednice-aleksandra-grubor\\\/#primaryimage\",\"url\":\"https:\\\/\\\/www.klarairosa.com\\\/wp-content\\\/uploads\\\/2025\\\/09\\\/Green-Black-Paper-Bold-Open-Donation-Event-Poster-1352-x-1005-px.jpg\",\"contentUrl\":\"https:\\\/\\\/www.klarairosa.com\\\/wp-content\\\/uploads\\\/2025\\\/09\\\/Green-Black-Paper-Bold-Open-Donation-Event-Poster-1352-x-1005-px.jpg\",\"width\":1352,\"height\":1005},{\"@type\":\"BreadcrumbList\",\"@id\":\"https:\\\/\\\/www.klarairosa.com\\\/glas-ovi-zajednice-aleksandra-grubor\\\/#breadcrumb\",\"itemListElement\":[{\"@type\":\"ListItem\",\"position\":1,\"name\":\"Home\",\"item\":\"https:\\\/\\\/www.klarairosa.com\\\/\"},{\"@type\":\"ListItem\",\"position\":2,\"name\":\"GLAS\\\/OVI ZAJEDNICE: ALEKSANDRA GRUBOR\"}]},{\"@type\":\"WebSite\",\"@id\":\"https:\\\/\\\/www.klarairosa.com\\\/en\\\/#website\",\"url\":\"https:\\\/\\\/www.klarairosa.com\\\/en\\\/\",\"name\":\"Klara i Rosa\",\"description\":\"Klara i Rosa\",\"publisher\":{\"@id\":\"https:\\\/\\\/www.klarairosa.com\\\/en\\\/#organization\"},\"potentialAction\":[{\"@type\":\"SearchAction\",\"target\":{\"@type\":\"EntryPoint\",\"urlTemplate\":\"https:\\\/\\\/www.klarairosa.com\\\/en\\\/?s={search_term_string}\"},\"query-input\":{\"@type\":\"PropertyValueSpecification\",\"valueRequired\":true,\"valueName\":\"search_term_string\"}}],\"inLanguage\":\"hu\"},{\"@type\":\"Organization\",\"@id\":\"https:\\\/\\\/www.klarairosa.com\\\/en\\\/#organization\",\"name\":\"Klara i Rosa\",\"url\":\"https:\\\/\\\/www.klarairosa.com\\\/en\\\/\",\"logo\":{\"@type\":\"ImageObject\",\"inLanguage\":\"hu\",\"@id\":\"https:\\\/\\\/www.klarairosa.com\\\/en\\\/#\\\/schema\\\/logo\\\/image\\\/\",\"url\":\"https:\\\/\\\/www.klarairosa.com\\\/wp-content\\\/uploads\\\/2022\\\/01\\\/logo.svg\",\"contentUrl\":\"https:\\\/\\\/www.klarairosa.com\\\/wp-content\\\/uploads\\\/2022\\\/01\\\/logo.svg\",\"width\":110,\"height\":139,\"caption\":\"Klara i Rosa\"},\"image\":{\"@id\":\"https:\\\/\\\/www.klarairosa.com\\\/en\\\/#\\\/schema\\\/logo\\\/image\\\/\"},\"sameAs\":[\"https:\\\/\\\/www.facebook.com\\\/klarairosa\\\/\",\"https:\\\/\\\/www.instagram.com\\\/ugklarairosa\\\/\"]},{\"@type\":\"Person\",\"@id\":\"https:\\\/\\\/www.klarairosa.com\\\/en\\\/#\\\/schema\\\/person\\\/e4e7e9e5c8eeeddccf61e4532ae8e6ed\",\"name\":\"Klara i Rosa\",\"image\":{\"@type\":\"ImageObject\",\"inLanguage\":\"hu\",\"@id\":\"https:\\\/\\\/secure.gravatar.com\\\/avatar\\\/c83ee539a067b9f57ae5d8999ae286c4f98b5c4bd943b8cbb64f6b0fc1f29e40?s=96&d=mm&r=g\",\"url\":\"https:\\\/\\\/secure.gravatar.com\\\/avatar\\\/c83ee539a067b9f57ae5d8999ae286c4f98b5c4bd943b8cbb64f6b0fc1f29e40?s=96&d=mm&r=g\",\"contentUrl\":\"https:\\\/\\\/secure.gravatar.com\\\/avatar\\\/c83ee539a067b9f57ae5d8999ae286c4f98b5c4bd943b8cbb64f6b0fc1f29e40?s=96&d=mm&r=g\",\"caption\":\"Klara i Rosa\"},\"sameAs\":[\"https:\\\/\\\/klarairosa.com\"],\"url\":\"https:\\\/\\\/www.klarairosa.com\\\/hu\\\/author\\\/rosaiklara\\\/\"}]}<\/script>\n<!-- \/ Yoast SEO plugin. -->","yoast_head_json":{"title":"GLAS\/OVI ZAJEDNICE: ALEKSANDRA GRUBOR - Klara i Rosa","robots":{"index":"index","follow":"follow","max-snippet":"max-snippet:-1","max-image-preview":"max-image-preview:large","max-video-preview":"max-video-preview:-1"},"canonical":"https:\/\/www.klarairosa.com\/hu\/glas-ovi-zajednice-aleksandra-grubor\/","og_locale":"hu_HU","og_type":"article","og_title":"GLAS\/OVI ZAJEDNICE: ALEKSANDRA GRUBOR - Klara i Rosa","og_description":"U sredu, 24. septembra u 18 \u010dasova u prostoru Klare i Rose (Petefi \u0160andora 15)...","og_url":"https:\/\/www.klarairosa.com\/hu\/glas-ovi-zajednice-aleksandra-grubor\/","og_site_name":"Klara i Rosa","article_publisher":"https:\/\/www.facebook.com\/klarairosa\/","article_published_time":"2025-09-21T10:37:40+00:00","og_image":[{"width":1352,"height":1005,"url":"https:\/\/www.klarairosa.com\/wp-content\/uploads\/2025\/09\/Green-Black-Paper-Bold-Open-Donation-Event-Poster-1352-x-1005-px.jpg","type":"image\/jpeg"}],"author":"Klara i Rosa","twitter_card":"summary_large_image","twitter_misc":{"Szerz\u0151:":"Klara i Rosa","Becs\u00fclt olvas\u00e1si id\u0151":"1 perc"},"schema":{"@context":"https:\/\/schema.org","@graph":[{"@type":"Article","@id":"https:\/\/www.klarairosa.com\/glas-ovi-zajednice-aleksandra-grubor\/#article","isPartOf":{"@id":"https:\/\/www.klarairosa.com\/glas-ovi-zajednice-aleksandra-grubor\/"},"author":{"name":"Klara i Rosa","@id":"https:\/\/www.klarairosa.com\/en\/#\/schema\/person\/e4e7e9e5c8eeeddccf61e4532ae8e6ed"},"headline":"GLAS\/OVI ZAJEDNICE: ALEKSANDRA GRUBOR","datePublished":"2025-09-21T10:37:40+00:00","mainEntityOfPage":{"@id":"https:\/\/www.klarairosa.com\/glas-ovi-zajednice-aleksandra-grubor\/"},"wordCount":241,"publisher":{"@id":"https:\/\/www.klarairosa.com\/en\/#organization"},"image":{"@id":"https:\/\/www.klarairosa.com\/glas-ovi-zajednice-aleksandra-grubor\/#primaryimage"},"thumbnailUrl":"https:\/\/www.klarairosa.com\/wp-content\/uploads\/2025\/09\/Green-Black-Paper-Bold-Open-Donation-Event-Poster-1352-x-1005-px.jpg","keywords":["2025","act projekat","aleksandra grubor","glasovi zajednice","Klara i Rosa","subotica"],"articleSection":["Aktuelno"],"inLanguage":"hu"},{"@type":"WebPage","@id":"https:\/\/www.klarairosa.com\/glas-ovi-zajednice-aleksandra-grubor\/","url":"https:\/\/www.klarairosa.com\/glas-ovi-zajednice-aleksandra-grubor\/","name":"GLAS\/OVI ZAJEDNICE: ALEKSANDRA GRUBOR - Klara i Rosa","isPartOf":{"@id":"https:\/\/www.klarairosa.com\/en\/#website"},"primaryImageOfPage":{"@id":"https:\/\/www.klarairosa.com\/glas-ovi-zajednice-aleksandra-grubor\/#primaryimage"},"image":{"@id":"https:\/\/www.klarairosa.com\/glas-ovi-zajednice-aleksandra-grubor\/#primaryimage"},"thumbnailUrl":"https:\/\/www.klarairosa.com\/wp-content\/uploads\/2025\/09\/Green-Black-Paper-Bold-Open-Donation-Event-Poster-1352-x-1005-px.jpg","datePublished":"2025-09-21T10:37:40+00:00","breadcrumb":{"@id":"https:\/\/www.klarairosa.com\/glas-ovi-zajednice-aleksandra-grubor\/#breadcrumb"},"inLanguage":"hu","potentialAction":[{"@type":"ReadAction","target":["https:\/\/www.klarairosa.com\/glas-ovi-zajednice-aleksandra-grubor\/"]}]},{"@type":"ImageObject","inLanguage":"hu","@id":"https:\/\/www.klarairosa.com\/glas-ovi-zajednice-aleksandra-grubor\/#primaryimage","url":"https:\/\/www.klarairosa.com\/wp-content\/uploads\/2025\/09\/Green-Black-Paper-Bold-Open-Donation-Event-Poster-1352-x-1005-px.jpg","contentUrl":"https:\/\/www.klarairosa.com\/wp-content\/uploads\/2025\/09\/Green-Black-Paper-Bold-Open-Donation-Event-Poster-1352-x-1005-px.jpg","width":1352,"height":1005},{"@type":"BreadcrumbList","@id":"https:\/\/www.klarairosa.com\/glas-ovi-zajednice-aleksandra-grubor\/#breadcrumb","itemListElement":[{"@type":"ListItem","position":1,"name":"Home","item":"https:\/\/www.klarairosa.com\/"},{"@type":"ListItem","position":2,"name":"GLAS\/OVI ZAJEDNICE: ALEKSANDRA GRUBOR"}]},{"@type":"WebSite","@id":"https:\/\/www.klarairosa.com\/en\/#website","url":"https:\/\/www.klarairosa.com\/en\/","name":"Kl\u00e1ra \u00e9s Rosa Egyes\u00fclet","description":"Kl\u00e1ra \u00e9s Rosa Egyes\u00fclet","publisher":{"@id":"https:\/\/www.klarairosa.com\/en\/#organization"},"potentialAction":[{"@type":"SearchAction","target":{"@type":"EntryPoint","urlTemplate":"https:\/\/www.klarairosa.com\/en\/?s={search_term_string}"},"query-input":{"@type":"PropertyValueSpecification","valueRequired":true,"valueName":"search_term_string"}}],"inLanguage":"hu"},{"@type":"Organization","@id":"https:\/\/www.klarairosa.com\/en\/#organization","name":"Kl\u00e1ra \u00e9s Rosa Egyes\u00fclet","url":"https:\/\/www.klarairosa.com\/en\/","logo":{"@type":"ImageObject","inLanguage":"hu","@id":"https:\/\/www.klarairosa.com\/en\/#\/schema\/logo\/image\/","url":"https:\/\/www.klarairosa.com\/wp-content\/uploads\/2022\/01\/logo.svg","contentUrl":"https:\/\/www.klarairosa.com\/wp-content\/uploads\/2022\/01\/logo.svg","width":110,"height":139,"caption":"Klara i Rosa"},"image":{"@id":"https:\/\/www.klarairosa.com\/en\/#\/schema\/logo\/image\/"},"sameAs":["https:\/\/www.facebook.com\/klarairosa\/","https:\/\/www.instagram.com\/ugklarairosa\/"]},{"@type":"Person","@id":"https:\/\/www.klarairosa.com\/en\/#\/schema\/person\/e4e7e9e5c8eeeddccf61e4532ae8e6ed","name":"Kl\u00e1ra \u00e9s Rosa Egyes\u00fclet","image":{"@type":"ImageObject","inLanguage":"hu","@id":"https:\/\/secure.gravatar.com\/avatar\/c83ee539a067b9f57ae5d8999ae286c4f98b5c4bd943b8cbb64f6b0fc1f29e40?s=96&d=mm&r=g","url":"https:\/\/secure.gravatar.com\/avatar\/c83ee539a067b9f57ae5d8999ae286c4f98b5c4bd943b8cbb64f6b0fc1f29e40?s=96&d=mm&r=g","contentUrl":"https:\/\/secure.gravatar.com\/avatar\/c83ee539a067b9f57ae5d8999ae286c4f98b5c4bd943b8cbb64f6b0fc1f29e40?s=96&d=mm&r=g","caption":"Klara i Rosa"},"sameAs":["https:\/\/klarairosa.com"],"url":"https:\/\/www.klarairosa.com\/hu\/author\/rosaiklara\/"}]}},"_links":{"self":[{"href":"https:\/\/www.klarairosa.com\/hu\/wp-json\/wp\/v2\/posts\/23403","targetHints":{"allow":["GET"]}}],"collection":[{"href":"https:\/\/www.klarairosa.com\/hu\/wp-json\/wp\/v2\/posts"}],"about":[{"href":"https:\/\/www.klarairosa.com\/hu\/wp-json\/wp\/v2\/types\/post"}],"author":[{"embeddable":true,"href":"https:\/\/www.klarairosa.com\/hu\/wp-json\/wp\/v2\/users\/1"}],"replies":[{"embeddable":true,"href":"https:\/\/www.klarairosa.com\/hu\/wp-json\/wp\/v2\/comments?post=23403"}],"version-history":[{"count":1,"href":"https:\/\/www.klarairosa.com\/hu\/wp-json\/wp\/v2\/posts\/23403\/revisions"}],"predecessor-version":[{"id":23405,"href":"https:\/\/www.klarairosa.com\/hu\/wp-json\/wp\/v2\/posts\/23403\/revisions\/23405"}],"wp:featuredmedia":[{"embeddable":true,"href":"https:\/\/www.klarairosa.com\/hu\/wp-json\/wp\/v2\/media\/23404"}],"wp:attachment":[{"href":"https:\/\/www.klarairosa.com\/hu\/wp-json\/wp\/v2\/media?parent=23403"}],"wp:term":[{"taxonomy":"category","embeddable":true,"href":"https:\/\/www.klarairosa.com\/hu\/wp-json\/wp\/v2\/categories?post=23403"},{"taxonomy":"post_tag","embeddable":true,"href":"https:\/\/www.klarairosa.com\/hu\/wp-json\/wp\/v2\/tags?post=23403"}],"curies":[{"name":"wp","href":"https:\/\/api.w.org\/{rel}","templated":true}]}}