{"id":23360,"date":"2025-10-03T17:01:20","date_gmt":"2025-10-03T17:01:20","guid":{"rendered":"https:\/\/www.klarairosa.com\/?p=23360"},"modified":"2025-10-05T17:13:25","modified_gmt":"2025-10-05T17:13:25","slug":"treci-prostor-dramski-prostor-za-mlade","status":"publish","type":"post","link":"https:\/\/www.klarairosa.com\/hu\/treci-prostor-dramski-prostor-za-mlade\/","title":{"rendered":"Harmadik hely \u2044 Dr\u00e1mai t\u00e9r fiataloknak"},"content":{"rendered":"<p>Ha \u00e9rdekel a sz\u00ednh\u00e1z, alkot\u00e1s, kreat\u00edv kifejez\u00e9s, vagy szeretn\u00e9l sz\u00ednpadra \u00e1llni, sz\u00f6veget \u00edrni, jelmezt kital\u00e1lni, vagy rendezni, csatlakozz hozz\u00e1nk.<\/p>\n<p class=\" translation-block\">.<br>\nA <strong>Harmadik hely<\/strong> egy csoport, t\u00e1rsulat, hely, tal\u00e1lkoz\u00e1si pont, ahol sz\u00ednh\u00e1zi gyakorlatokb\u00f3l indulunk egy el\u0151ad\u00e1s megalkot\u00e1s\u00e1nak a folyamata fel\u00e9, \u00e9s k\u00f6zben mindenki lassan felfedezi, mi az, ami legink\u00e1bb \u00e9rdekli: rendez\u00e9s, dramaturgia, d\u00edszlettervez\u00e9s, zene, koszt\u00fcm, technika\u2026 Nincsenek f\u0151- \u00e9s mell\u00e9kszerepek, ehelyett k\u00f6z\u00f6s felfedez\u00e9s van.<\/p>\n<p>.<br \/>\n<strong>A tal\u00e1lkoz\u00e1sok szombatonk\u00e9nt 10 \u00f3r\u00e1t\u00f3l vannak a Kl\u00e1ra \u00e9s Rosa h\u00e1zban, Pet\u0151fi S\u00e1ndor u. 15.<\/strong><\/p>\n<p>.<br \/>\nHa elm\u00falt\u00e1l 15 \u00e9ves \u00e9s szeretn\u00e9l kipr\u00f3b\u00e1lni valami \u00fajat, megismerni egy csapatot, \u00e9s m\u0171v\u00e9szeten kereszt\u00fcl felfedezni magadat \u00e9s m\u00e1sokat, gyere.<\/p>\n<p class=\" translation-block\">.<br>\nA <strong>\u201eHarmadik hely\u201c<\/strong> elnevez\u00e9s az amerikai szociol\u00f3gus, Ray Oldenburg \u00f6tlete \u00e1ltal inspir\u00e1l\u00f3dott \u2013 ez egy iskol\u00e1n \u00e9s az otthonon k\u00edv\u00fcli hely, ahol szabadok vagyunk, hogy azok lehess\u00fcnk, akik vagyunk \u00e9s k\u00f6z\u00f6sen alkossunk. \n.<br>\nA m\u0171helyeket Gordana Vukov Ciganjik sz\u00edn\u00e9szn\u0151 vezeti. Ha \u00e9rdekel t\u00e9ged, ki is \u0151, keress r\u00e1 a neten.<\/p>\n<p style=\"text-align: justify;\" data-start=\"897\" data-end=\"964\">","protected":false},"excerpt":{"rendered":"<p>Ako te zanima pozori\u0161te, stvaranje, kreativni izraz ili \u017eeli\u0161 da stane\u0161 na scenu, napi\u0161e\u0161 tekst,&#8230;<\/p>","protected":false},"author":1,"featured_media":23588,"comment_status":"closed","ping_status":"closed","sticky":false,"template":"","format":"standard","meta":{"content-type":"","inline_featured_image":false,"footnotes":""},"categories":[109],"tags":[733,124,152,734],"class_list":["post-23360","post","type-post","status-publish","format-standard","has-post-thumbnail","hentry","category-aktuelno","tag-dramska-sekcija","tag-klara-i-rosa","tag-subotica","tag-treci-prostor"],"yoast_head":"<!-- This site is optimized with the Yoast SEO plugin v27.5 - https:\/\/yoast.com\/product\/yoast-seo-wordpress\/ -->\n<title>Tre\u0107i prostor \/ Dramski prostor za mlade - Klara i Rosa<\/title>\n<meta name=\"robots\" content=\"index, follow, max-snippet:-1, max-image-preview:large, max-video-preview:-1\" \/>\n<link rel=\"canonical\" href=\"https:\/\/www.klarairosa.com\/hu\/treci-prostor-dramski-prostor-za-mlade\/\" \/>\n<meta property=\"og:locale\" content=\"hu_HU\" \/>\n<meta property=\"og:type\" content=\"article\" \/>\n<meta property=\"og:title\" content=\"Tre\u0107i prostor \/ Dramski prostor za mlade - Klara i Rosa\" \/>\n<meta property=\"og:description\" content=\"Ako te zanima pozori\u0161te, stvaranje, kreativni izraz ili \u017eeli\u0161 da stane\u0161 na scenu, napi\u0161e\u0161 tekst,...\" \/>\n<meta property=\"og:url\" content=\"https:\/\/www.klarairosa.com\/hu\/treci-prostor-dramski-prostor-za-mlade\/\" \/>\n<meta property=\"og:site_name\" content=\"Klara i Rosa\" \/>\n<meta property=\"article:publisher\" content=\"https:\/\/www.facebook.com\/klarairosa\/\" \/>\n<meta property=\"article:published_time\" content=\"2025-10-03T17:01:20+00:00\" \/>\n<meta property=\"article:modified_time\" content=\"2025-10-05T17:13:25+00:00\" \/>\n<meta property=\"og:image\" content=\"https:\/\/www.klarairosa.com\/wp-content\/uploads\/2025\/09\/Blue-Bold-Modern-Fashion-Coming-Soon-Poster-1352-x-1005-px-2.jpg\" \/>\n\t<meta property=\"og:image:width\" content=\"940\" \/>\n\t<meta property=\"og:image:height\" content=\"788\" \/>\n\t<meta property=\"og:image:type\" content=\"image\/jpeg\" \/>\n<meta name=\"author\" content=\"Klara i Rosa\" \/>\n<meta name=\"twitter:card\" content=\"summary_large_image\" \/>\n<meta name=\"twitter:label1\" content=\"Szerz\u0151:\" \/>\n\t<meta name=\"twitter:data1\" content=\"Klara i Rosa\" \/>\n\t<meta name=\"twitter:label2\" content=\"Becs\u00fclt olvas\u00e1si id\u0151\" \/>\n\t<meta name=\"twitter:data2\" content=\"1 perc\" \/>\n<script type=\"application\/ld+json\" class=\"yoast-schema-graph\">{\"@context\":\"https:\\\/\\\/schema.org\",\"@graph\":[{\"@type\":\"Article\",\"@id\":\"https:\\\/\\\/www.klarairosa.com\\\/treci-prostor-dramski-prostor-za-mlade\\\/#article\",\"isPartOf\":{\"@id\":\"https:\\\/\\\/www.klarairosa.com\\\/treci-prostor-dramski-prostor-za-mlade\\\/\"},\"author\":{\"name\":\"Klara i Rosa\",\"@id\":\"https:\\\/\\\/www.klarairosa.com\\\/en\\\/#\\\/schema\\\/person\\\/e4e7e9e5c8eeeddccf61e4532ae8e6ed\"},\"headline\":\"Tre\u0107i prostor \\\/ Dramski prostor za mlade\",\"datePublished\":\"2025-10-03T17:01:20+00:00\",\"dateModified\":\"2025-10-05T17:13:25+00:00\",\"mainEntityOfPage\":{\"@id\":\"https:\\\/\\\/www.klarairosa.com\\\/treci-prostor-dramski-prostor-za-mlade\\\/\"},\"wordCount\":165,\"publisher\":{\"@id\":\"https:\\\/\\\/www.klarairosa.com\\\/en\\\/#organization\"},\"image\":{\"@id\":\"https:\\\/\\\/www.klarairosa.com\\\/treci-prostor-dramski-prostor-za-mlade\\\/#primaryimage\"},\"thumbnailUrl\":\"https:\\\/\\\/www.klarairosa.com\\\/wp-content\\\/uploads\\\/2025\\\/09\\\/Blue-Bold-Modern-Fashion-Coming-Soon-Poster-1352-x-1005-px-2.jpg\",\"keywords\":[\"dramska sekcija\",\"Klara i Rosa\",\"subotica\",\"tre\u0107i prostor\"],\"articleSection\":[\"Aktuelno\"],\"inLanguage\":\"hu\"},{\"@type\":\"WebPage\",\"@id\":\"https:\\\/\\\/www.klarairosa.com\\\/treci-prostor-dramski-prostor-za-mlade\\\/\",\"url\":\"https:\\\/\\\/www.klarairosa.com\\\/treci-prostor-dramski-prostor-za-mlade\\\/\",\"name\":\"Tre\u0107i prostor \\\/ Dramski prostor za mlade - Klara i Rosa\",\"isPartOf\":{\"@id\":\"https:\\\/\\\/www.klarairosa.com\\\/en\\\/#website\"},\"primaryImageOfPage\":{\"@id\":\"https:\\\/\\\/www.klarairosa.com\\\/treci-prostor-dramski-prostor-za-mlade\\\/#primaryimage\"},\"image\":{\"@id\":\"https:\\\/\\\/www.klarairosa.com\\\/treci-prostor-dramski-prostor-za-mlade\\\/#primaryimage\"},\"thumbnailUrl\":\"https:\\\/\\\/www.klarairosa.com\\\/wp-content\\\/uploads\\\/2025\\\/09\\\/Blue-Bold-Modern-Fashion-Coming-Soon-Poster-1352-x-1005-px-2.jpg\",\"datePublished\":\"2025-10-03T17:01:20+00:00\",\"dateModified\":\"2025-10-05T17:13:25+00:00\",\"breadcrumb\":{\"@id\":\"https:\\\/\\\/www.klarairosa.com\\\/treci-prostor-dramski-prostor-za-mlade\\\/#breadcrumb\"},\"inLanguage\":\"hu\",\"potentialAction\":[{\"@type\":\"ReadAction\",\"target\":[\"https:\\\/\\\/www.klarairosa.com\\\/treci-prostor-dramski-prostor-za-mlade\\\/\"]}]},{\"@type\":\"ImageObject\",\"inLanguage\":\"hu\",\"@id\":\"https:\\\/\\\/www.klarairosa.com\\\/treci-prostor-dramski-prostor-za-mlade\\\/#primaryimage\",\"url\":\"https:\\\/\\\/www.klarairosa.com\\\/wp-content\\\/uploads\\\/2025\\\/09\\\/Blue-Bold-Modern-Fashion-Coming-Soon-Poster-1352-x-1005-px-2.jpg\",\"contentUrl\":\"https:\\\/\\\/www.klarairosa.com\\\/wp-content\\\/uploads\\\/2025\\\/09\\\/Blue-Bold-Modern-Fashion-Coming-Soon-Poster-1352-x-1005-px-2.jpg\",\"width\":940,\"height\":788},{\"@type\":\"BreadcrumbList\",\"@id\":\"https:\\\/\\\/www.klarairosa.com\\\/treci-prostor-dramski-prostor-za-mlade\\\/#breadcrumb\",\"itemListElement\":[{\"@type\":\"ListItem\",\"position\":1,\"name\":\"Home\",\"item\":\"https:\\\/\\\/www.klarairosa.com\\\/\"},{\"@type\":\"ListItem\",\"position\":2,\"name\":\"Tre\u0107i prostor \\\/ Dramski prostor za mlade\"}]},{\"@type\":\"WebSite\",\"@id\":\"https:\\\/\\\/www.klarairosa.com\\\/en\\\/#website\",\"url\":\"https:\\\/\\\/www.klarairosa.com\\\/en\\\/\",\"name\":\"Klara i Rosa\",\"description\":\"Klara i Rosa\",\"publisher\":{\"@id\":\"https:\\\/\\\/www.klarairosa.com\\\/en\\\/#organization\"},\"potentialAction\":[{\"@type\":\"SearchAction\",\"target\":{\"@type\":\"EntryPoint\",\"urlTemplate\":\"https:\\\/\\\/www.klarairosa.com\\\/en\\\/?s={search_term_string}\"},\"query-input\":{\"@type\":\"PropertyValueSpecification\",\"valueRequired\":true,\"valueName\":\"search_term_string\"}}],\"inLanguage\":\"hu\"},{\"@type\":\"Organization\",\"@id\":\"https:\\\/\\\/www.klarairosa.com\\\/en\\\/#organization\",\"name\":\"Klara i Rosa\",\"url\":\"https:\\\/\\\/www.klarairosa.com\\\/en\\\/\",\"logo\":{\"@type\":\"ImageObject\",\"inLanguage\":\"hu\",\"@id\":\"https:\\\/\\\/www.klarairosa.com\\\/en\\\/#\\\/schema\\\/logo\\\/image\\\/\",\"url\":\"https:\\\/\\\/www.klarairosa.com\\\/wp-content\\\/uploads\\\/2022\\\/01\\\/logo.svg\",\"contentUrl\":\"https:\\\/\\\/www.klarairosa.com\\\/wp-content\\\/uploads\\\/2022\\\/01\\\/logo.svg\",\"width\":110,\"height\":139,\"caption\":\"Klara i Rosa\"},\"image\":{\"@id\":\"https:\\\/\\\/www.klarairosa.com\\\/en\\\/#\\\/schema\\\/logo\\\/image\\\/\"},\"sameAs\":[\"https:\\\/\\\/www.facebook.com\\\/klarairosa\\\/\",\"https:\\\/\\\/www.instagram.com\\\/ugklarairosa\\\/\"]},{\"@type\":\"Person\",\"@id\":\"https:\\\/\\\/www.klarairosa.com\\\/en\\\/#\\\/schema\\\/person\\\/e4e7e9e5c8eeeddccf61e4532ae8e6ed\",\"name\":\"Klara i Rosa\",\"image\":{\"@type\":\"ImageObject\",\"inLanguage\":\"hu\",\"@id\":\"https:\\\/\\\/secure.gravatar.com\\\/avatar\\\/c83ee539a067b9f57ae5d8999ae286c4f98b5c4bd943b8cbb64f6b0fc1f29e40?s=96&d=mm&r=g\",\"url\":\"https:\\\/\\\/secure.gravatar.com\\\/avatar\\\/c83ee539a067b9f57ae5d8999ae286c4f98b5c4bd943b8cbb64f6b0fc1f29e40?s=96&d=mm&r=g\",\"contentUrl\":\"https:\\\/\\\/secure.gravatar.com\\\/avatar\\\/c83ee539a067b9f57ae5d8999ae286c4f98b5c4bd943b8cbb64f6b0fc1f29e40?s=96&d=mm&r=g\",\"caption\":\"Klara i Rosa\"},\"sameAs\":[\"https:\\\/\\\/klarairosa.com\"],\"url\":\"https:\\\/\\\/www.klarairosa.com\\\/hu\\\/author\\\/rosaiklara\\\/\"}]}<\/script>\n<!-- \/ Yoast SEO plugin. -->","yoast_head_json":{"title":"Tre\u0107i prostor \/ Dramski prostor za mlade - Klara i Rosa","robots":{"index":"index","follow":"follow","max-snippet":"max-snippet:-1","max-image-preview":"max-image-preview:large","max-video-preview":"max-video-preview:-1"},"canonical":"https:\/\/www.klarairosa.com\/hu\/treci-prostor-dramski-prostor-za-mlade\/","og_locale":"hu_HU","og_type":"article","og_title":"Tre\u0107i prostor \/ Dramski prostor za mlade - Klara i Rosa","og_description":"Ako te zanima pozori\u0161te, stvaranje, kreativni izraz ili \u017eeli\u0161 da stane\u0161 na scenu, napi\u0161e\u0161 tekst,...","og_url":"https:\/\/www.klarairosa.com\/hu\/treci-prostor-dramski-prostor-za-mlade\/","og_site_name":"Klara i Rosa","article_publisher":"https:\/\/www.facebook.com\/klarairosa\/","article_published_time":"2025-10-03T17:01:20+00:00","article_modified_time":"2025-10-05T17:13:25+00:00","og_image":[{"width":940,"height":788,"url":"https:\/\/www.klarairosa.com\/wp-content\/uploads\/2025\/09\/Blue-Bold-Modern-Fashion-Coming-Soon-Poster-1352-x-1005-px-2.jpg","type":"image\/jpeg"}],"author":"Klara i Rosa","twitter_card":"summary_large_image","twitter_misc":{"Szerz\u0151:":"Klara i Rosa","Becs\u00fclt olvas\u00e1si id\u0151":"1 perc"},"schema":{"@context":"https:\/\/schema.org","@graph":[{"@type":"Article","@id":"https:\/\/www.klarairosa.com\/treci-prostor-dramski-prostor-za-mlade\/#article","isPartOf":{"@id":"https:\/\/www.klarairosa.com\/treci-prostor-dramski-prostor-za-mlade\/"},"author":{"name":"Klara i Rosa","@id":"https:\/\/www.klarairosa.com\/en\/#\/schema\/person\/e4e7e9e5c8eeeddccf61e4532ae8e6ed"},"headline":"Tre\u0107i prostor \/ Dramski prostor za mlade","datePublished":"2025-10-03T17:01:20+00:00","dateModified":"2025-10-05T17:13:25+00:00","mainEntityOfPage":{"@id":"https:\/\/www.klarairosa.com\/treci-prostor-dramski-prostor-za-mlade\/"},"wordCount":165,"publisher":{"@id":"https:\/\/www.klarairosa.com\/en\/#organization"},"image":{"@id":"https:\/\/www.klarairosa.com\/treci-prostor-dramski-prostor-za-mlade\/#primaryimage"},"thumbnailUrl":"https:\/\/www.klarairosa.com\/wp-content\/uploads\/2025\/09\/Blue-Bold-Modern-Fashion-Coming-Soon-Poster-1352-x-1005-px-2.jpg","keywords":["dramska sekcija","Klara i Rosa","subotica","tre\u0107i prostor"],"articleSection":["Aktuelno"],"inLanguage":"hu"},{"@type":"WebPage","@id":"https:\/\/www.klarairosa.com\/treci-prostor-dramski-prostor-za-mlade\/","url":"https:\/\/www.klarairosa.com\/treci-prostor-dramski-prostor-za-mlade\/","name":"Tre\u0107i prostor \/ Dramski prostor za mlade - Klara i Rosa","isPartOf":{"@id":"https:\/\/www.klarairosa.com\/en\/#website"},"primaryImageOfPage":{"@id":"https:\/\/www.klarairosa.com\/treci-prostor-dramski-prostor-za-mlade\/#primaryimage"},"image":{"@id":"https:\/\/www.klarairosa.com\/treci-prostor-dramski-prostor-za-mlade\/#primaryimage"},"thumbnailUrl":"https:\/\/www.klarairosa.com\/wp-content\/uploads\/2025\/09\/Blue-Bold-Modern-Fashion-Coming-Soon-Poster-1352-x-1005-px-2.jpg","datePublished":"2025-10-03T17:01:20+00:00","dateModified":"2025-10-05T17:13:25+00:00","breadcrumb":{"@id":"https:\/\/www.klarairosa.com\/treci-prostor-dramski-prostor-za-mlade\/#breadcrumb"},"inLanguage":"hu","potentialAction":[{"@type":"ReadAction","target":["https:\/\/www.klarairosa.com\/treci-prostor-dramski-prostor-za-mlade\/"]}]},{"@type":"ImageObject","inLanguage":"hu","@id":"https:\/\/www.klarairosa.com\/treci-prostor-dramski-prostor-za-mlade\/#primaryimage","url":"https:\/\/www.klarairosa.com\/wp-content\/uploads\/2025\/09\/Blue-Bold-Modern-Fashion-Coming-Soon-Poster-1352-x-1005-px-2.jpg","contentUrl":"https:\/\/www.klarairosa.com\/wp-content\/uploads\/2025\/09\/Blue-Bold-Modern-Fashion-Coming-Soon-Poster-1352-x-1005-px-2.jpg","width":940,"height":788},{"@type":"BreadcrumbList","@id":"https:\/\/www.klarairosa.com\/treci-prostor-dramski-prostor-za-mlade\/#breadcrumb","itemListElement":[{"@type":"ListItem","position":1,"name":"Home","item":"https:\/\/www.klarairosa.com\/"},{"@type":"ListItem","position":2,"name":"Tre\u0107i prostor \/ Dramski prostor za mlade"}]},{"@type":"WebSite","@id":"https:\/\/www.klarairosa.com\/en\/#website","url":"https:\/\/www.klarairosa.com\/en\/","name":"Kl\u00e1ra \u00e9s Rosa Egyes\u00fclet","description":"Kl\u00e1ra \u00e9s Rosa Egyes\u00fclet","publisher":{"@id":"https:\/\/www.klarairosa.com\/en\/#organization"},"potentialAction":[{"@type":"SearchAction","target":{"@type":"EntryPoint","urlTemplate":"https:\/\/www.klarairosa.com\/en\/?s={search_term_string}"},"query-input":{"@type":"PropertyValueSpecification","valueRequired":true,"valueName":"search_term_string"}}],"inLanguage":"hu"},{"@type":"Organization","@id":"https:\/\/www.klarairosa.com\/en\/#organization","name":"Kl\u00e1ra \u00e9s Rosa Egyes\u00fclet","url":"https:\/\/www.klarairosa.com\/en\/","logo":{"@type":"ImageObject","inLanguage":"hu","@id":"https:\/\/www.klarairosa.com\/en\/#\/schema\/logo\/image\/","url":"https:\/\/www.klarairosa.com\/wp-content\/uploads\/2022\/01\/logo.svg","contentUrl":"https:\/\/www.klarairosa.com\/wp-content\/uploads\/2022\/01\/logo.svg","width":110,"height":139,"caption":"Klara i Rosa"},"image":{"@id":"https:\/\/www.klarairosa.com\/en\/#\/schema\/logo\/image\/"},"sameAs":["https:\/\/www.facebook.com\/klarairosa\/","https:\/\/www.instagram.com\/ugklarairosa\/"]},{"@type":"Person","@id":"https:\/\/www.klarairosa.com\/en\/#\/schema\/person\/e4e7e9e5c8eeeddccf61e4532ae8e6ed","name":"Kl\u00e1ra \u00e9s Rosa Egyes\u00fclet","image":{"@type":"ImageObject","inLanguage":"hu","@id":"https:\/\/secure.gravatar.com\/avatar\/c83ee539a067b9f57ae5d8999ae286c4f98b5c4bd943b8cbb64f6b0fc1f29e40?s=96&d=mm&r=g","url":"https:\/\/secure.gravatar.com\/avatar\/c83ee539a067b9f57ae5d8999ae286c4f98b5c4bd943b8cbb64f6b0fc1f29e40?s=96&d=mm&r=g","contentUrl":"https:\/\/secure.gravatar.com\/avatar\/c83ee539a067b9f57ae5d8999ae286c4f98b5c4bd943b8cbb64f6b0fc1f29e40?s=96&d=mm&r=g","caption":"Klara i Rosa"},"sameAs":["https:\/\/klarairosa.com"],"url":"https:\/\/www.klarairosa.com\/hu\/author\/rosaiklara\/"}]}},"_links":{"self":[{"href":"https:\/\/www.klarairosa.com\/hu\/wp-json\/wp\/v2\/posts\/23360","targetHints":{"allow":["GET"]}}],"collection":[{"href":"https:\/\/www.klarairosa.com\/hu\/wp-json\/wp\/v2\/posts"}],"about":[{"href":"https:\/\/www.klarairosa.com\/hu\/wp-json\/wp\/v2\/types\/post"}],"author":[{"embeddable":true,"href":"https:\/\/www.klarairosa.com\/hu\/wp-json\/wp\/v2\/users\/1"}],"replies":[{"embeddable":true,"href":"https:\/\/www.klarairosa.com\/hu\/wp-json\/wp\/v2\/comments?post=23360"}],"version-history":[{"count":3,"href":"https:\/\/www.klarairosa.com\/hu\/wp-json\/wp\/v2\/posts\/23360\/revisions"}],"predecessor-version":[{"id":23589,"href":"https:\/\/www.klarairosa.com\/hu\/wp-json\/wp\/v2\/posts\/23360\/revisions\/23589"}],"wp:featuredmedia":[{"embeddable":true,"href":"https:\/\/www.klarairosa.com\/hu\/wp-json\/wp\/v2\/media\/23588"}],"wp:attachment":[{"href":"https:\/\/www.klarairosa.com\/hu\/wp-json\/wp\/v2\/media?parent=23360"}],"wp:term":[{"taxonomy":"category","embeddable":true,"href":"https:\/\/www.klarairosa.com\/hu\/wp-json\/wp\/v2\/categories?post=23360"},{"taxonomy":"post_tag","embeddable":true,"href":"https:\/\/www.klarairosa.com\/hu\/wp-json\/wp\/v2\/tags?post=23360"}],"curies":[{"name":"wp","href":"https:\/\/api.w.org\/{rel}","templated":true}]}}