{"id":23161,"date":"2025-06-23T12:25:45","date_gmt":"2025-06-23T12:25:45","guid":{"rendered":"https:\/\/www.klarairosa.com\/?p=23161"},"modified":"2025-06-30T18:56:44","modified_gmt":"2025-06-30T18:56:44","slug":"aktivni-raspust-radionica-fotografije-sa-nemanjom","status":"publish","type":"post","link":"https:\/\/www.klarairosa.com\/hu\/aktivni-raspust-radionica-fotografije-sa-nemanjom\/","title":{"rendered":"AKT\u00cdV SZ\u00dcNID\u0150 \u2013 F\u00c9NYK\u00c9P\u00c9SZ M\u0170HELY NEMANJ\u00c1VAL"},"content":{"rendered":"<div style=\"text-align: justify;\"><b>VI\u0160E INFORMACIJA O RADIONICAMA USKORO, ZAPRATI NAS NA INSTA <a href=\"https:\/\/www.instagram.com\/ugklarairosa\/?hl=en\">@ugklarairosa<\/a> \ud83d\ude42<\/b><\/div>\n<div>.<\/div>\n<p style=\"text-align: justify;\" data-start=\"802\" data-end=\"1142\" data-is-last-node=\"\" data-is-only-node=\"\"><strong>O voditelju radionice<\/strong>:<\/p>\n<p style=\"text-align: justify;\" data-start=\"802\" data-end=\"1142\" data-is-last-node=\"\" data-is-only-node=\"\">.<\/p>\n<p data-start=\"44\" data-end=\"378\"><strong data-start=\"44\" data-end=\"64\">Nemanja Ledenski<\/strong> ro\u0111en je 3. februara 1990. godine u Subotici, gde i danas \u017eivi i radi. Iako je po struci diplomirani profesor fizi\u010dkog vaspitanja i sporta, Nemanja ve\u0107 godinama sa stra\u0161\u0107u razvija uli\u010dnu fotografiju \u2013 hvata spontanost i emotivne trenutke svakodnevnog \u017eivota suboti\u010dkih ulica. <span class=\"relative -mx-px my-[-0.2rem] rounded px-px py-[0.2rem] transition-colors duration-100 ease-in-out\">Njegove sna\u017ene, \u201esirove i atipi\u010dne\u201c fotografije prvi put su predstavljene \u0161iroj publici 2019. na samostalnoj izlo\u017ebi u galeriji Bartcelona u Beogradu, organizovanoj od strane GRAIN magazina.<\/span>\u00a0<span class=\"relative -mx-px my-[-0.2rem] rounded px-px py-[0.2rem] transition-colors duration-100 ease-in-out\">Nakon toga, objavljeno mu je i fotomonografijsko izdanje \u201cSirovi rezovi\u201d. <\/span><span class=\"relative -mx-px my-[-0.2rem] rounded px-px py-[0.2rem] transition-colors duration-100 ease-in-out\">Nemanja je redovni u\u010desnik fotografskih festivala i objavljivanja, uklju\u010duju\u0107i zastupljenost u malte\u0161kom \u010dasopisu Fotobookmonthly, a njegovi upe\u010datljivi kadrovi suboti\u010dkih pri\u010da redovno ni\u010du na ulicama i kulturnim doga\u0111ajima grada.<\/span><\/p>\n<p data-start=\"44\" data-end=\"378\">.<\/p>\n<div dir=\"auto\"><\/div>\n<div dir=\"auto\">-\u0274\u1d00s\u030c\u1d00 \u1d0f\u0280\u0262\u1d00\u0274\u026a\u1d22\u1d00\u1d04\u026a\u1d0a\u1d00 \u1d0a\u1d07 \u1d05\u1d0f\u0299\u026a\u029f\u1d00 \u1d18\u1d0f\u1d05\u0280s\u030c\u1d0b\u1d1c \u1d20\u029f\u1d00\u1d05\u1d07 s\u030c\u1d20\u1d00\u1d0a\u1d04\u1d00\u0280s\u1d0b\u1d07 \u1d0b\u0280\u1d0f\u1d22 \u1d18\u0280\u1d0f\u1d0a\u1d07\u1d0b\u1d00\u1d1b \u201e\u1d22\u1d00\u1d0a\u1d07\u1d05\u0274\u1d0f \u1d22\u1d00 \u1d00\u1d0b\u1d1b\u026a\u1d20\u0274\u1d0f \u0262\u0280\u1d00\u0111\u1d00\u0274s\u1d0b\u1d0f \u1d05\u0280\u1d1cs\u030c\u1d1b\u1d20\u1d0f \u2013 \u1d00\u1d04\u1d1b\u201d, \u1d0b\u1d0f\u1d0a\u026a s\u1d18\u0280\u1d0f\u1d20\u1d0f\u1d05\u1d07 \u029c\u1d07\u029f\u1d20\u1d07\u1d1b\u1d00s s\u0280\u0299\u026a\u1d0a\u1d00 \u026a \u0262\u0280\u1d00\u0111\u1d00\u0274s\u1d0b\u1d07 \u026a\u0274\u026a\u1d04\u026a\u1d0a\u1d00\u1d1b\u026a\u1d20\u1d07. \u201e\u1d22\u1d00\u1d0a\u1d07\u1d05\u0274\u1d0f \u1d22\u1d00 \u1d00\u1d0b\u1d1b\u026a\u1d20\u0274\u1d0f \u0262\u0280\u1d00\u0111\u1d00\u0274s\u1d0b\u1d0f \u1d05\u0280\u1d1cs\u030c\u1d1b\u1d20\u1d0f \u2013 \u1d00\u1d04\u1d1b\u201d \u1d0a\u1d07 \u1d18\u0280\u1d0f\u1d0a\u1d07\u1d0b\u1d00\u1d1b \u1d20\u029f\u1d00\u1d05\u1d07 s\u030c\u1d20\u1d00\u1d0a\u1d04\u1d00\u0280s\u1d0b\u1d07 \u1d04\u030c\u026a\u1d0a\u026a \u1d0a\u1d07 \u1d04\u026a\u029f\u1d0a \u1d00\u1d0b\u1d1b\u026a\u1d20\u0274\u1d0f \u0262\u0280\u1d00\u0111\u1d00\u0274s\u1d0b\u1d0f \u1d05\u0280\u1d1cs\u030c\u1d1b\u1d20\u1d0f \u1d1c \u1d0b\u1d0f\u1d0d\u1d07 \u0262\u0280\u1d00\u0111\u1d00\u0274\u026a \u1d20\u026as\u030c\u1d07 \u1d1c\u1d04\u030c\u1d07s\u1d1b\u1d20\u1d1c\u1d0a\u1d1c \u1d1c \u1d18\u0280\u1d0f\u1d04\u1d07s\u1d1c \u1d05\u1d0f\u0274\u1d0fs\u030c\u1d07\u0274\u1d0a\u1d00 \u1d0f\u1d05\u029f\u1d1c\u1d0b\u1d00, \u0274\u1d00\u0280\u1d0f\u1d04\u030c\u026a\u1d1b\u1d0f \u0274\u1d00 \u029f\u1d0f\u1d0b\u1d00\u029f\u0274\u1d0f\u1d0d \u0274\u026a\u1d20\u1d0f\u1d1c.- Zajedno za aktivno gra\u0111ansko dru\u0161tvo &#8211;<\/div>\n<div dir=\"auto\"><img decoding=\"async\" class=\"alignnone wp-image-22741\" src=\"https:\/\/www.klarairosa.com\/wp-content\/uploads\/2025\/03\/act-300x150.png\" alt=\"\" width=\"110\" height=\"55\" srcset=\"https:\/\/www.klarairosa.com\/wp-content\/uploads\/2025\/03\/act-300x150.png 300w, https:\/\/www.klarairosa.com\/wp-content\/uploads\/2025\/03\/act-1024x512.png 1024w, https:\/\/www.klarairosa.com\/wp-content\/uploads\/2025\/03\/act-768x384.png 768w, https:\/\/www.klarairosa.com\/wp-content\/uploads\/2025\/03\/act-18x9.png 18w, https:\/\/www.klarairosa.com\/wp-content\/uploads\/2025\/03\/act-1000x500.png 1000w, https:\/\/www.klarairosa.com\/wp-content\/uploads\/2025\/03\/act-700x350.png 700w, https:\/\/www.klarairosa.com\/wp-content\/uploads\/2025\/03\/act.png 1080w\" sizes=\"(max-width: 110px) 100vw, 110px\" \/><\/div>\n","protected":false},"excerpt":{"rendered":"<p>VI\u0160E INFORMACIJA O RADIONICAMA USKORO, ZAPRATI NAS NA INSTA @ugklarairosa \ud83d\ude42 . O voditelju radionice:&#8230;<\/p>","protected":false},"author":1,"featured_media":23162,"comment_status":"closed","ping_status":"closed","sticky":false,"template":"","format":"standard","meta":{"content-type":"","inline_featured_image":false,"footnotes":""},"categories":[1],"tags":[690,703,124,226,499,691,152],"class_list":["post-23161","post","type-post","status-publish","format-standard","has-post-thumbnail","hentry","category-uncategorized","tag-aktivni-raspust","tag-fotografija","tag-klara-i-rosa","tag-nemanja-ledenski","tag-radionice","tag-srednjoskolci","tag-subotica"],"yoast_head":"<!-- This site is optimized with the Yoast SEO plugin v27.5 - https:\/\/yoast.com\/product\/yoast-seo-wordpress\/ -->\n<title>AKTIVNI RASPUST \u2013 RADIONICA FOTOGRAFIJE SA NEMANJOM - Klara i Rosa<\/title>\n<meta name=\"robots\" content=\"index, follow, max-snippet:-1, max-image-preview:large, max-video-preview:-1\" \/>\n<link rel=\"canonical\" href=\"https:\/\/www.klarairosa.com\/hu\/aktivni-raspust-radionica-fotografije-sa-nemanjom\/\" \/>\n<meta property=\"og:locale\" content=\"hu_HU\" \/>\n<meta property=\"og:type\" content=\"article\" \/>\n<meta property=\"og:title\" content=\"AKTIVNI RASPUST \u2013 RADIONICA FOTOGRAFIJE SA NEMANJOM - Klara i Rosa\" \/>\n<meta property=\"og:description\" content=\"VI\u0160E INFORMACIJA O RADIONICAMA USKORO, ZAPRATI NAS NA INSTA @ugklarairosa \ud83d\ude42 . O voditelju radionice:...\" \/>\n<meta property=\"og:url\" content=\"https:\/\/www.klarairosa.com\/hu\/aktivni-raspust-radionica-fotografije-sa-nemanjom\/\" \/>\n<meta property=\"og:site_name\" content=\"Klara i Rosa\" \/>\n<meta property=\"article:publisher\" content=\"https:\/\/www.facebook.com\/klarairosa\/\" \/>\n<meta property=\"article:published_time\" content=\"2025-06-23T12:25:45+00:00\" \/>\n<meta property=\"article:modified_time\" content=\"2025-06-30T18:56:44+00:00\" \/>\n<meta property=\"og:image\" content=\"https:\/\/www.klarairosa.com\/wp-content\/uploads\/2025\/06\/4.jpg\" \/>\n\t<meta property=\"og:image:width\" content=\"1352\" \/>\n\t<meta property=\"og:image:height\" content=\"1005\" \/>\n\t<meta property=\"og:image:type\" content=\"image\/jpeg\" \/>\n<meta name=\"author\" content=\"Klara i Rosa\" \/>\n<meta name=\"twitter:card\" content=\"summary_large_image\" \/>\n<meta name=\"twitter:label1\" content=\"Szerz\u0151:\" \/>\n\t<meta name=\"twitter:data1\" content=\"Klara i Rosa\" \/>\n\t<meta name=\"twitter:label2\" content=\"Becs\u00fclt olvas\u00e1si id\u0151\" \/>\n\t<meta name=\"twitter:data2\" content=\"1 perc\" \/>\n<script type=\"application\/ld+json\" class=\"yoast-schema-graph\">{\"@context\":\"https:\\\/\\\/schema.org\",\"@graph\":[{\"@type\":\"Article\",\"@id\":\"https:\\\/\\\/www.klarairosa.com\\\/aktivni-raspust-radionica-fotografije-sa-nemanjom\\\/#article\",\"isPartOf\":{\"@id\":\"https:\\\/\\\/www.klarairosa.com\\\/aktivni-raspust-radionica-fotografije-sa-nemanjom\\\/\"},\"author\":{\"name\":\"Klara i Rosa\",\"@id\":\"https:\\\/\\\/www.klarairosa.com\\\/en\\\/#\\\/schema\\\/person\\\/e4e7e9e5c8eeeddccf61e4532ae8e6ed\"},\"headline\":\"AKTIVNI RASPUST \u2013 RADIONICA FOTOGRAFIJE SA NEMANJOM\",\"datePublished\":\"2025-06-23T12:25:45+00:00\",\"dateModified\":\"2025-06-30T18:56:44+00:00\",\"mainEntityOfPage\":{\"@id\":\"https:\\\/\\\/www.klarairosa.com\\\/aktivni-raspust-radionica-fotografije-sa-nemanjom\\\/\"},\"wordCount\":170,\"publisher\":{\"@id\":\"https:\\\/\\\/www.klarairosa.com\\\/en\\\/#organization\"},\"image\":{\"@id\":\"https:\\\/\\\/www.klarairosa.com\\\/aktivni-raspust-radionica-fotografije-sa-nemanjom\\\/#primaryimage\"},\"thumbnailUrl\":\"https:\\\/\\\/www.klarairosa.com\\\/wp-content\\\/uploads\\\/2025\\\/06\\\/4.jpg\",\"keywords\":[\"aktivni raspust\",\"fotografija\",\"Klara i Rosa\",\"Nemanja Ledenski\",\"radionice\",\"srednjoskolci\",\"subotica\"],\"articleSection\":[\"Nekategorizovano\"],\"inLanguage\":\"hu\"},{\"@type\":\"WebPage\",\"@id\":\"https:\\\/\\\/www.klarairosa.com\\\/aktivni-raspust-radionica-fotografije-sa-nemanjom\\\/\",\"url\":\"https:\\\/\\\/www.klarairosa.com\\\/aktivni-raspust-radionica-fotografije-sa-nemanjom\\\/\",\"name\":\"AKTIVNI RASPUST \u2013 RADIONICA FOTOGRAFIJE SA NEMANJOM - Klara i Rosa\",\"isPartOf\":{\"@id\":\"https:\\\/\\\/www.klarairosa.com\\\/en\\\/#website\"},\"primaryImageOfPage\":{\"@id\":\"https:\\\/\\\/www.klarairosa.com\\\/aktivni-raspust-radionica-fotografije-sa-nemanjom\\\/#primaryimage\"},\"image\":{\"@id\":\"https:\\\/\\\/www.klarairosa.com\\\/aktivni-raspust-radionica-fotografije-sa-nemanjom\\\/#primaryimage\"},\"thumbnailUrl\":\"https:\\\/\\\/www.klarairosa.com\\\/wp-content\\\/uploads\\\/2025\\\/06\\\/4.jpg\",\"datePublished\":\"2025-06-23T12:25:45+00:00\",\"dateModified\":\"2025-06-30T18:56:44+00:00\",\"breadcrumb\":{\"@id\":\"https:\\\/\\\/www.klarairosa.com\\\/aktivni-raspust-radionica-fotografije-sa-nemanjom\\\/#breadcrumb\"},\"inLanguage\":\"hu\",\"potentialAction\":[{\"@type\":\"ReadAction\",\"target\":[\"https:\\\/\\\/www.klarairosa.com\\\/aktivni-raspust-radionica-fotografije-sa-nemanjom\\\/\"]}]},{\"@type\":\"ImageObject\",\"inLanguage\":\"hu\",\"@id\":\"https:\\\/\\\/www.klarairosa.com\\\/aktivni-raspust-radionica-fotografije-sa-nemanjom\\\/#primaryimage\",\"url\":\"https:\\\/\\\/www.klarairosa.com\\\/wp-content\\\/uploads\\\/2025\\\/06\\\/4.jpg\",\"contentUrl\":\"https:\\\/\\\/www.klarairosa.com\\\/wp-content\\\/uploads\\\/2025\\\/06\\\/4.jpg\",\"width\":1352,\"height\":1005},{\"@type\":\"BreadcrumbList\",\"@id\":\"https:\\\/\\\/www.klarairosa.com\\\/aktivni-raspust-radionica-fotografije-sa-nemanjom\\\/#breadcrumb\",\"itemListElement\":[{\"@type\":\"ListItem\",\"position\":1,\"name\":\"Home\",\"item\":\"https:\\\/\\\/www.klarairosa.com\\\/\"},{\"@type\":\"ListItem\",\"position\":2,\"name\":\"AKTIVNI RASPUST \u2013 RADIONICA FOTOGRAFIJE SA NEMANJOM\"}]},{\"@type\":\"WebSite\",\"@id\":\"https:\\\/\\\/www.klarairosa.com\\\/en\\\/#website\",\"url\":\"https:\\\/\\\/www.klarairosa.com\\\/en\\\/\",\"name\":\"Klara i Rosa\",\"description\":\"Klara i Rosa\",\"publisher\":{\"@id\":\"https:\\\/\\\/www.klarairosa.com\\\/en\\\/#organization\"},\"potentialAction\":[{\"@type\":\"SearchAction\",\"target\":{\"@type\":\"EntryPoint\",\"urlTemplate\":\"https:\\\/\\\/www.klarairosa.com\\\/en\\\/?s={search_term_string}\"},\"query-input\":{\"@type\":\"PropertyValueSpecification\",\"valueRequired\":true,\"valueName\":\"search_term_string\"}}],\"inLanguage\":\"hu\"},{\"@type\":\"Organization\",\"@id\":\"https:\\\/\\\/www.klarairosa.com\\\/en\\\/#organization\",\"name\":\"Klara i Rosa\",\"url\":\"https:\\\/\\\/www.klarairosa.com\\\/en\\\/\",\"logo\":{\"@type\":\"ImageObject\",\"inLanguage\":\"hu\",\"@id\":\"https:\\\/\\\/www.klarairosa.com\\\/en\\\/#\\\/schema\\\/logo\\\/image\\\/\",\"url\":\"https:\\\/\\\/www.klarairosa.com\\\/wp-content\\\/uploads\\\/2022\\\/01\\\/logo.svg\",\"contentUrl\":\"https:\\\/\\\/www.klarairosa.com\\\/wp-content\\\/uploads\\\/2022\\\/01\\\/logo.svg\",\"width\":110,\"height\":139,\"caption\":\"Klara i Rosa\"},\"image\":{\"@id\":\"https:\\\/\\\/www.klarairosa.com\\\/en\\\/#\\\/schema\\\/logo\\\/image\\\/\"},\"sameAs\":[\"https:\\\/\\\/www.facebook.com\\\/klarairosa\\\/\",\"https:\\\/\\\/www.instagram.com\\\/ugklarairosa\\\/\"]},{\"@type\":\"Person\",\"@id\":\"https:\\\/\\\/www.klarairosa.com\\\/en\\\/#\\\/schema\\\/person\\\/e4e7e9e5c8eeeddccf61e4532ae8e6ed\",\"name\":\"Klara i Rosa\",\"image\":{\"@type\":\"ImageObject\",\"inLanguage\":\"hu\",\"@id\":\"https:\\\/\\\/secure.gravatar.com\\\/avatar\\\/c83ee539a067b9f57ae5d8999ae286c4f98b5c4bd943b8cbb64f6b0fc1f29e40?s=96&d=mm&r=g\",\"url\":\"https:\\\/\\\/secure.gravatar.com\\\/avatar\\\/c83ee539a067b9f57ae5d8999ae286c4f98b5c4bd943b8cbb64f6b0fc1f29e40?s=96&d=mm&r=g\",\"contentUrl\":\"https:\\\/\\\/secure.gravatar.com\\\/avatar\\\/c83ee539a067b9f57ae5d8999ae286c4f98b5c4bd943b8cbb64f6b0fc1f29e40?s=96&d=mm&r=g\",\"caption\":\"Klara i Rosa\"},\"sameAs\":[\"https:\\\/\\\/klarairosa.com\"],\"url\":\"https:\\\/\\\/www.klarairosa.com\\\/hu\\\/author\\\/rosaiklara\\\/\"}]}<\/script>\n<!-- \/ Yoast SEO plugin. -->","yoast_head_json":{"title":"AKTIVNI RASPUST \u2013 RADIONICA FOTOGRAFIJE SA NEMANJOM - Klara i Rosa","robots":{"index":"index","follow":"follow","max-snippet":"max-snippet:-1","max-image-preview":"max-image-preview:large","max-video-preview":"max-video-preview:-1"},"canonical":"https:\/\/www.klarairosa.com\/hu\/aktivni-raspust-radionica-fotografije-sa-nemanjom\/","og_locale":"hu_HU","og_type":"article","og_title":"AKTIVNI RASPUST \u2013 RADIONICA FOTOGRAFIJE SA NEMANJOM - Klara i Rosa","og_description":"VI\u0160E INFORMACIJA O RADIONICAMA USKORO, ZAPRATI NAS NA INSTA @ugklarairosa \ud83d\ude42 . O voditelju radionice:...","og_url":"https:\/\/www.klarairosa.com\/hu\/aktivni-raspust-radionica-fotografije-sa-nemanjom\/","og_site_name":"Klara i Rosa","article_publisher":"https:\/\/www.facebook.com\/klarairosa\/","article_published_time":"2025-06-23T12:25:45+00:00","article_modified_time":"2025-06-30T18:56:44+00:00","og_image":[{"width":1352,"height":1005,"url":"https:\/\/www.klarairosa.com\/wp-content\/uploads\/2025\/06\/4.jpg","type":"image\/jpeg"}],"author":"Klara i Rosa","twitter_card":"summary_large_image","twitter_misc":{"Szerz\u0151:":"Klara i Rosa","Becs\u00fclt olvas\u00e1si id\u0151":"1 perc"},"schema":{"@context":"https:\/\/schema.org","@graph":[{"@type":"Article","@id":"https:\/\/www.klarairosa.com\/aktivni-raspust-radionica-fotografije-sa-nemanjom\/#article","isPartOf":{"@id":"https:\/\/www.klarairosa.com\/aktivni-raspust-radionica-fotografije-sa-nemanjom\/"},"author":{"name":"Klara i Rosa","@id":"https:\/\/www.klarairosa.com\/en\/#\/schema\/person\/e4e7e9e5c8eeeddccf61e4532ae8e6ed"},"headline":"AKTIVNI RASPUST \u2013 RADIONICA FOTOGRAFIJE SA NEMANJOM","datePublished":"2025-06-23T12:25:45+00:00","dateModified":"2025-06-30T18:56:44+00:00","mainEntityOfPage":{"@id":"https:\/\/www.klarairosa.com\/aktivni-raspust-radionica-fotografije-sa-nemanjom\/"},"wordCount":170,"publisher":{"@id":"https:\/\/www.klarairosa.com\/en\/#organization"},"image":{"@id":"https:\/\/www.klarairosa.com\/aktivni-raspust-radionica-fotografije-sa-nemanjom\/#primaryimage"},"thumbnailUrl":"https:\/\/www.klarairosa.com\/wp-content\/uploads\/2025\/06\/4.jpg","keywords":["aktivni raspust","fotografija","Klara i Rosa","Nemanja Ledenski","radionice","srednjoskolci","subotica"],"articleSection":["Nekategorizovano"],"inLanguage":"hu"},{"@type":"WebPage","@id":"https:\/\/www.klarairosa.com\/aktivni-raspust-radionica-fotografije-sa-nemanjom\/","url":"https:\/\/www.klarairosa.com\/aktivni-raspust-radionica-fotografije-sa-nemanjom\/","name":"AKTIVNI RASPUST \u2013 RADIONICA FOTOGRAFIJE SA NEMANJOM - Klara i Rosa","isPartOf":{"@id":"https:\/\/www.klarairosa.com\/en\/#website"},"primaryImageOfPage":{"@id":"https:\/\/www.klarairosa.com\/aktivni-raspust-radionica-fotografije-sa-nemanjom\/#primaryimage"},"image":{"@id":"https:\/\/www.klarairosa.com\/aktivni-raspust-radionica-fotografije-sa-nemanjom\/#primaryimage"},"thumbnailUrl":"https:\/\/www.klarairosa.com\/wp-content\/uploads\/2025\/06\/4.jpg","datePublished":"2025-06-23T12:25:45+00:00","dateModified":"2025-06-30T18:56:44+00:00","breadcrumb":{"@id":"https:\/\/www.klarairosa.com\/aktivni-raspust-radionica-fotografije-sa-nemanjom\/#breadcrumb"},"inLanguage":"hu","potentialAction":[{"@type":"ReadAction","target":["https:\/\/www.klarairosa.com\/aktivni-raspust-radionica-fotografije-sa-nemanjom\/"]}]},{"@type":"ImageObject","inLanguage":"hu","@id":"https:\/\/www.klarairosa.com\/aktivni-raspust-radionica-fotografije-sa-nemanjom\/#primaryimage","url":"https:\/\/www.klarairosa.com\/wp-content\/uploads\/2025\/06\/4.jpg","contentUrl":"https:\/\/www.klarairosa.com\/wp-content\/uploads\/2025\/06\/4.jpg","width":1352,"height":1005},{"@type":"BreadcrumbList","@id":"https:\/\/www.klarairosa.com\/aktivni-raspust-radionica-fotografije-sa-nemanjom\/#breadcrumb","itemListElement":[{"@type":"ListItem","position":1,"name":"Home","item":"https:\/\/www.klarairosa.com\/"},{"@type":"ListItem","position":2,"name":"AKTIVNI RASPUST \u2013 RADIONICA FOTOGRAFIJE SA NEMANJOM"}]},{"@type":"WebSite","@id":"https:\/\/www.klarairosa.com\/en\/#website","url":"https:\/\/www.klarairosa.com\/en\/","name":"Kl\u00e1ra \u00e9s Rosa Egyes\u00fclet","description":"Kl\u00e1ra \u00e9s Rosa Egyes\u00fclet","publisher":{"@id":"https:\/\/www.klarairosa.com\/en\/#organization"},"potentialAction":[{"@type":"SearchAction","target":{"@type":"EntryPoint","urlTemplate":"https:\/\/www.klarairosa.com\/en\/?s={search_term_string}"},"query-input":{"@type":"PropertyValueSpecification","valueRequired":true,"valueName":"search_term_string"}}],"inLanguage":"hu"},{"@type":"Organization","@id":"https:\/\/www.klarairosa.com\/en\/#organization","name":"Kl\u00e1ra \u00e9s Rosa Egyes\u00fclet","url":"https:\/\/www.klarairosa.com\/en\/","logo":{"@type":"ImageObject","inLanguage":"hu","@id":"https:\/\/www.klarairosa.com\/en\/#\/schema\/logo\/image\/","url":"https:\/\/www.klarairosa.com\/wp-content\/uploads\/2022\/01\/logo.svg","contentUrl":"https:\/\/www.klarairosa.com\/wp-content\/uploads\/2022\/01\/logo.svg","width":110,"height":139,"caption":"Klara i Rosa"},"image":{"@id":"https:\/\/www.klarairosa.com\/en\/#\/schema\/logo\/image\/"},"sameAs":["https:\/\/www.facebook.com\/klarairosa\/","https:\/\/www.instagram.com\/ugklarairosa\/"]},{"@type":"Person","@id":"https:\/\/www.klarairosa.com\/en\/#\/schema\/person\/e4e7e9e5c8eeeddccf61e4532ae8e6ed","name":"Kl\u00e1ra \u00e9s Rosa Egyes\u00fclet","image":{"@type":"ImageObject","inLanguage":"hu","@id":"https:\/\/secure.gravatar.com\/avatar\/c83ee539a067b9f57ae5d8999ae286c4f98b5c4bd943b8cbb64f6b0fc1f29e40?s=96&d=mm&r=g","url":"https:\/\/secure.gravatar.com\/avatar\/c83ee539a067b9f57ae5d8999ae286c4f98b5c4bd943b8cbb64f6b0fc1f29e40?s=96&d=mm&r=g","contentUrl":"https:\/\/secure.gravatar.com\/avatar\/c83ee539a067b9f57ae5d8999ae286c4f98b5c4bd943b8cbb64f6b0fc1f29e40?s=96&d=mm&r=g","caption":"Klara i Rosa"},"sameAs":["https:\/\/klarairosa.com"],"url":"https:\/\/www.klarairosa.com\/hu\/author\/rosaiklara\/"}]}},"_links":{"self":[{"href":"https:\/\/www.klarairosa.com\/hu\/wp-json\/wp\/v2\/posts\/23161","targetHints":{"allow":["GET"]}}],"collection":[{"href":"https:\/\/www.klarairosa.com\/hu\/wp-json\/wp\/v2\/posts"}],"about":[{"href":"https:\/\/www.klarairosa.com\/hu\/wp-json\/wp\/v2\/types\/post"}],"author":[{"embeddable":true,"href":"https:\/\/www.klarairosa.com\/hu\/wp-json\/wp\/v2\/users\/1"}],"replies":[{"embeddable":true,"href":"https:\/\/www.klarairosa.com\/hu\/wp-json\/wp\/v2\/comments?post=23161"}],"version-history":[{"count":2,"href":"https:\/\/www.klarairosa.com\/hu\/wp-json\/wp\/v2\/posts\/23161\/revisions"}],"predecessor-version":[{"id":23189,"href":"https:\/\/www.klarairosa.com\/hu\/wp-json\/wp\/v2\/posts\/23161\/revisions\/23189"}],"wp:featuredmedia":[{"embeddable":true,"href":"https:\/\/www.klarairosa.com\/hu\/wp-json\/wp\/v2\/media\/23162"}],"wp:attachment":[{"href":"https:\/\/www.klarairosa.com\/hu\/wp-json\/wp\/v2\/media?parent=23161"}],"wp:term":[{"taxonomy":"category","embeddable":true,"href":"https:\/\/www.klarairosa.com\/hu\/wp-json\/wp\/v2\/categories?post=23161"},{"taxonomy":"post_tag","embeddable":true,"href":"https:\/\/www.klarairosa.com\/hu\/wp-json\/wp\/v2\/tags?post=23161"}],"curies":[{"name":"wp","href":"https:\/\/api.w.org\/{rel}","templated":true}]}}