{"id":23130,"date":"2025-06-30T16:13:41","date_gmt":"2025-06-30T16:13:41","guid":{"rendered":"https:\/\/www.klarairosa.com\/?p=23130"},"modified":"2025-07-03T11:23:59","modified_gmt":"2025-07-03T11:23:59","slug":"unfold-fellowship-program-for-artistic-interventions-in-public-space-community-contexts","status":"publish","type":"post","link":"https:\/\/www.klarairosa.com\/hu\/unfold-fellowship-program-for-artistic-interventions-in-public-space-community-contexts\/","title":{"rendered":"UNFOLD: \u00d6szt\u00f6nd\u00edjprogram m\u0171v\u00e9szeti beavatkoz\u00e1sokra nyilv\u00e1nos t\u00e9rben \u00e9s k\u00f6z\u00f6ss\u00e9gi kontextusokban"},"content":{"rendered":"<p dir=\"ltr\">Egy olyan vil\u00e1gban, amelyet az elidegened\u00e9s, a m\u00e9ly\u00fcl\u0151 oszt\u00e1lyszakad\u00e9kok, valamint a kult\u00fara centraliz\u00e1ci\u00f3ja \u00e9s \u00e1rucikk\u00e9 v\u00e1l\u00e1sa jellemez, az UNFOLD egy ellennarrat\u00edv\u00e1t k\u00edn\u00e1l \u2013 amely a radik\u00e1lis pedag\u00f3gi\u00e1ban, a nyilv\u00e1nos t\u00e9r kritikai visszaszerz\u00e9s\u00e9ben \u00e9s az igazs\u00e1goss\u00e1g k\u00e9pess\u00e9galap\u00fa megk\u00f6zel\u00edt\u00e9s\u00e9ben gy\u00f6kerezik.<\/p>\n<p dir=\"ltr\">.<\/p>\n<p dir=\"ltr\">Foucault nyom\u00e1n a nyilv\u00e1nos teret nem semleges talajnak, hanem a hatalom \u00e1raml\u00e1s\u00e1nak mez\u0151j\u00e9nek tekintj\u00fck \u2013 ahol a l\u00e1that\u00f3s\u00e1g, a hozz\u00e1f\u00e9r\u00e9s \u00e9s a jelenl\u00e9t egyenl\u0151tlen\u00fcl oszlik el. A m\u0171v\u00e9szi beavatkoz\u00e1sok teh\u00e1t nem puszt\u00e1n dekor\u00e1ci\u00f3k, hanem szakad\u00e1sok: olyan pillanatok, amelyek \u00fajra\u00e9rtelmezik a teret \u00e9s a jelent\u00e9st.<\/p>\n<p dir=\"ltr\">.<\/p>\n<p dir=\"ltr\">Freire oktat\u00e1sr\u00f3l mint a szabads\u00e1g gyakorlat\u00e1r\u00f3l alkotott elk\u00e9pzel\u00e9s\u00e9t visszhangozva, az<strong> UNFOLD<\/strong> arra h\u00edvja a m\u0171v\u00e9szeket, hogy ne szak\u00e9rt\u0151k\u00e9nt, hanem t\u00e1rs-tanul\u00f3k\u00e9nt \u2013 a p\u00e1rbesz\u00e9d el\u0151seg\u00edt\u0151ik\u00e9nt, figyelmes hallgat\u00f3kk\u00e9nt \u00e9s a k\u00f6z\u00f6ss\u00e9gek t\u00e1rs-alkot\u00f3ik\u00e9nt \u2013 m\u0171k\u00f6djenek egy\u00fctt. A folyamat a priorit\u00e1s; minden tal\u00e1lkoz\u00e1s egy es\u00e9ly arra, hogy egy\u00fctt \u00fajragondoljuk a vil\u00e1got.<\/p>\n<p dir=\"ltr\">.<\/p>\n<p dir=\"ltr\">Nussbaum k\u00e9pess\u00e9galap\u00fa megk\u00f6zel\u00edt\u00e9se \u00e1ltal inspir\u00e1lva kijelentj\u00fck, hogy a k\u00e9pzelet, az alkot\u00e1s \u00e9s a nyilv\u00e1nos kifejez\u00e9s nem luxuscikkek, hanem az emberi m\u00e9lt\u00f3s\u00e1g alapvet\u0151 felt\u00e9telei. Az UNFOLD c\u00e9lja ezen k\u00e9pess\u00e9gek \u00e1pol\u00e1sa, k\u00fcl\u00f6n\u00f6sen ott, ahol a legink\u00e1bb ki vannak t\u00e9ve a megtagad\u00e1snak.<\/p>\n<p dir=\"ltr\">.<\/p>\n<p dir=\"ltr\">Az UNFOLD t\u00f6bb mint egy program. Ez a t\u00e9r, a m\u00e9lt\u00f3s\u00e1g \u00e9s az alkot\u00e1s politikai erej\u00e9nek a visszaszerz\u00e9s\u00e9nek gyakorlata.<\/p>\n<p>&nbsp;<\/p>\n<p dir=\"ltr\">AZ \u00d6SZT\u00d6ND\u00cdJR\u00d3L<\/p>\n<p dir=\"ltr\"><strong>Az UNFOLD egy kilenc h\u00f3napos nemzetk\u00f6zi \u00f6szt\u00f6nd\u00edjprogram<\/strong> olyan m\u0171v\u00e9szek sz\u00e1m\u00e1ra, akik elk\u00f6telezettek a k\u00f6zt\u00e9r \u00e9s a k\u00f6z\u00f6ss\u00e9gi alap\u00fa m\u0171v\u00e9szeti gyakorlatok felfedez\u00e9se ir\u00e1nt. A perif\u00e9ri\u00e1ra helyezi a hangs\u00falyt, feler\u0151s\u00edti a gyakran kiz\u00e1rt hangokat \u00e9s perspekt\u00edv\u00e1kat, mik\u00f6zben t\u00e1mogatja a k\u00eds\u00e9rleti, autentikus \u00e9s v\u00e1ratlan m\u0171v\u00e9szeti form\u00e1tumokat.<\/p>\n<p dir=\"ltr\">Minden olyan m\u0171v\u00e9szeti form\u00e1t sz\u00edvesen l\u00e1tunk, amely vitatja a m\u0171v\u00e9szet megtapasztal\u00e1s\u00e1nak hely\u00e9t \u00e9s m\u00f3dj\u00e1t \u2013 legyen sz\u00f3 vizu\u00e1lis m\u0171v\u00e9szetekr\u0151l, zen\u00e9r\u0151l, performanszr\u00f3l, sz\u00ednh\u00e1zr\u00f3l, \u00e9p\u00edt\u00e9szetr\u0151l, designr\u00f3l, m\u0171v\u00e9szbesz\u00e9lget\u00e9sekr\u0151l, f\u0151z\u00e9sr\u0151l, k\u00f6nyvklubokr\u00f3l, graffitir\u0151l, falfestm\u00e9nyekr\u0151l, t\u00e1ncr\u00f3l, cirkuszm\u0171v\u00e9szetr\u0151l vagy m\u00e1s k\u00eds\u00e9rleti gyakorlatokr\u00f3l.<\/p>\n<p dir=\"ltr\">Legyen sz\u00f3 ak\u00e1r egy buszr\u00f3l, egy erd\u0151r\u0151l, egy b\u00f6rt\u00f6nudvarr\u00f3l, egy temet\u0151r\u0151l vagy egy elhagyatott gy\u00e1rr\u00f3l \u2013 nem kidolgozott \u00f6tleteket keres\u00fcnk, hanem embereket: olyan m\u0171v\u00e9szeket, akik mernek \u00e1lmodni, akik el\u00e9g mer\u00e9szek cselekedni, akik k\u00e9szek m\u00e9lyen meghallgatni a k\u00f6z\u00f6ss\u00e9geket, \u00e9s mindenekel\u0151tt olyanokat, akik nem \u00f6nmagukat k\u00edv\u00e1nj\u00e1k k\u00e9pviselni, hanem e k\u00f6z\u00f6ss\u00e9gek hangj\u00e1t, ut\u00f3pi\u00e1it \u00e9s t\u00f6rekv\u00e9seit \u2013 az elfeledett tereket a tal\u00e1lkoz\u00e1sok, a k\u00e9pzelet \u00e9s a v\u00e1ltoz\u00e1s helysz\u00edneiv\u00e9 alak\u00edtva.<\/p>\n<p>.<\/p>\n<p dir=\"ltr\"><strong>KIKET KERES\u00dcNK?<\/strong><\/p>\n<p dir=\"ltr\">V\u00e1rjuk <strong>12<\/strong> <strong>Szerbi\u00e1b\u00f3l, Portug\u00e1li\u00e1b\u00f3l \u00e9s G\u00f6r\u00f6gorsz\u00e1gb\u00f3l sz\u00e1rmaz\u00f3 m\u0171v\u00e9sz jelentkez\u00e9s\u00e9t.<\/strong><\/p>\n<p dir=\"ltr\">.<\/p>\n<p dir=\"ltr\">A r\u00e9sztvev\u0151k:<\/p>\n<p dir=\"ltr\">B\u0151v\u00edtik a k\u00f6z\u00f6ss\u00e9gekkel \u00e9s a k\u00f6zterekkel val\u00f3 egy\u00fcttm\u0171k\u00f6d\u00e9s k\u00e9pess\u00e9g\u00e9t<\/p>\n<p dir=\"ltr\">\u00daj kultur\u00e1lis \u00e9s politikai kontextusokat tapasztalnak meg<\/p>\n<p dir=\"ltr\">Csatlakoznak egy ideiglenes, nemzetk\u00f6zi m\u0171v\u00e9szeti k\u00f6z\u00f6ss\u00e9ghez<\/p>\n<p dir=\"ltr\">.<\/p>\n<p dir=\"ltr\"><strong>Kiv\u00e1laszt\u00e1s:<\/strong>:<\/p>\n<p dir=\"ltr\">.<\/p>\n<p dir=\"ltr\">A partnerszervezetekb\u0151l \u00e1ll\u00f3 zs\u0171ri a k\u00f6vetkez\u0151ket v\u00e1lasztja ki:<\/p>\n<p dir=\"ltr\">4 m\u0171v\u00e9sz Szerbi\u00e1b\u00f3l: 2 Lisszabonban \u00e9s 2 Ath\u00e9nban fog dolgozni<\/p>\n<p dir=\"ltr\">4 m\u0171v\u00e9sz Portug\u00e1li\u00e1b\u00f3l: 2 Szabadk\u00e1n \u00e9s 2 Ath\u00e9nban fog dolgozni<\/p>\n<p dir=\"ltr\">4 m\u0171v\u00e9sz G\u00f6r\u00f6gorsz\u00e1gb\u00f3l: 2 Lisszabonban \u00e9s 2 Szabadk\u00e1n fog dolgozni<\/p>\n<p>&nbsp;<\/p>\n<p dir=\"ltr\"><strong>AZ \u00d6SZT\u00d6ND\u00cdJ TARTALMAZZA<\/strong><\/p>\n<p dir=\"ltr\">.<\/p>\n<p>2025. december \u2013 2026. szeptember (online program \u00e9s 5 napos m\u0171v\u00e9szl\u00e1togat\u00e1s)<\/p>\n<p>Mesterkurzusok<\/p>\n<p>Egy\u00e9ni mentor\u00e1l\u00e1si \u00fcl\u00e9sek<\/p>\n<p>Online egy\u00fcttm\u0171k\u00f6d\u00e9sek helyi k\u00f6z\u00f6ss\u00e9gi csoportokkal<\/p>\n<p>2026. j\u00fanius \u2013 szeptember (5 napos l\u00e1togat\u00e1s \u00e9s m\u0171v\u00e9szeti beavatkoz\u00e1s)<\/p>\n<p>Egy 5 napos m\u0171v\u00e9szl\u00e1togat\u00e1s a h\u00e1rom partnerv\u00e1ros egyik\u00e9ben (Szabadka, Ath\u00e9n, Lisszabon)<\/p>\n<p>A javasolt beavatkoz\u00e1s megval\u00f3s\u00edt\u00e1sa a fogad\u00f3 kontextussal p\u00e1rbesz\u00e9dben<\/p>\n<p>Minden utaz\u00e1si, sz\u00e1ll\u00e1s-, \u00e9tkez\u00e9si \u00e9s produkci\u00f3s k\u00f6lts\u00e9get teljes m\u00e9rt\u00e9kben fedez\u00fcnk, valamint a m\u0171v\u00e9szi d\u00edjat is figyelembe vessz\u00fck.<\/p>\n<p>.<\/p>\n<p dir=\"ltr\"><strong>KINEK AJ\u00c1NLJUK A P\u00c1LY\u00c1Z\u00c1ST?<\/strong><\/p>\n<p dir=\"ltr\">Olyan m\u0171v\u00e9szeknek, akik:<\/p>\n<p dir=\"ltr\">Otthon \u00e9rzik magukat az ismeretlenben \u00e9s nyitottak a meglepet\u00e9sekre<\/p>\n<p dir=\"ltr\">Ugyan\u00fagy rangsorolj\u00e1k a folyamatot, mint amennyire jellemz\u0151 ez az eredm\u00e9nyre.<\/p>\n<p dir=\"ltr\">K\u00edv\u00e1ncsiak, k\u00f6z\u00f6ss\u00e9gtudatosak \u00e9s k\u00e9szen \u00e1llnak a fejl\u0151d\u00e9sre<\/p>\n<p dir=\"ltr\">K\u00eds\u00e9rleteznek \u00e9s kollekt\u00edv munk\u00e1t v\u00e9geznek<\/p>\n<p dir=\"ltr\">Egy nemzetk\u00f6zi, tanul\u00e1sk\u00f6zpont\u00fa h\u00e1l\u00f3zat r\u00e9szesei szeretn\u00e9nek lenni<\/p>\n<p>.<\/p>\n<p dir=\"ltr\"><strong>V\u00c1LASSZD KI A KONTEXTUSODAT<\/strong><\/p>\n<p dir=\"ltr\">Azzal, hogy a m\u0171v\u00e9szeket kimozd\u00edtjuk megszokott kontextusukb\u00f3l \u00e9s ismert t\u00e1rsadalmi-politikai k\u00f6rnyezet\u00fckb\u0151l, friss perspekt\u00edv\u00e1kat k\u00edv\u00e1nunk \u00e9breszteni \u00e9s \u00faj, sz\u0171r\u00e9s n\u00e9lk\u00fcli v\u00e1laszokat inspir\u00e1lni, teret nyitva a v\u00e1ratlan kapcsolatoknak \u00e9s transzformat\u00edv megold\u00e1soknak.<\/p>\n<p>.<\/p>\n<p dir=\"ltr\"><strong>Szabadka, Szerbia<\/strong><br \/>\nMultikultur\u00e1lis v\u00e1ros a magyar hat\u00e1ron, gazdag szecesszi\u00f3s \u00f6r\u00f6ks\u00e9gben \u00e9s \u00f6sszetett helyi dinamik\u00e1ban. A rendezv\u00e9ny h\u00e1zigazd\u00e1ja a Kl\u00e1ra \u00e9s Rosa egyes\u00fclet, egy feminista kultur\u00e1lis szervezet, amely Szabadka els\u0151 f\u00fcggetlen civil kultur\u00e1lis k\u00f6zpontj\u00e1t m\u0171k\u00f6dteti. Programjaik az emberi jogokat, a ment\u00e1lis eg\u00e9szs\u00e9get, a gener\u00e1ci\u00f3k k\u00f6z\u00f6tti cser\u00e9t, az oktat\u00e1st, az \u00f6kol\u00f3gi\u00e1t \u00e9s sok m\u00e1st \u00f6lelnek fel, szerb-horv\u00e1t, magyar \u00e9s angol nyelven. A csapat rendezv\u00e9nyeket, n\u0151i m\u0171v\u00e9sz\/aktivista elvonul\u00f3t, udvari gal\u00e9ri\u00e1t (a v\u00e1ros els\u0151 k\u00f6zt\u00e9ri gal\u00e9ri\u00e1ja) \u00e9s egy k\u00f6z\u00f6ss\u00e9gi r\u00e1di\u00f3t, a Radio Plac-ot szervez, folyamatosan \u00fajragondolva a k\u00f6zteret a tal\u00e1lkoz\u00e1sok helysz\u00ednek\u00e9nt.<\/p>\n<p dir=\"ltr\">.<\/p>\n<p dir=\"ltr\">Tov\u00e1bbi inform\u00e1ci\u00f3 a szervezetr\u0151l itt tal\u00e1lhat\u00f3:\u00a0<a href=\"https:\/\/www.klarairosa.com\/en\/\">https:\/\/www.klarairosa.com\/en\/<\/a><\/p>\n<p dir=\"ltr\"><strong>.<\/strong><\/p>\n<p dir=\"ltr\"><strong> Lisszabon, Portug\u00e1lia\u00a0<\/strong><\/p>\n<p dir=\"ltr\">Lisszabon, a migr\u00e1ci\u00f3, az ellen\u00e1ll\u00e1s \u00e9s a v\u00e1rosi \u00e1talakul\u00e1s t\u00f6rt\u00e9nelme \u00e1ltal form\u00e1lt v\u00e1ros, egy r\u00e9tegzett kultur\u00e1lis t\u00e1j, ahol a hagyom\u00e1nyos \u00e9s a kort\u00e1rs egy\u00fctt l\u00e9tezik. A lisszaboni 5 napos m\u0171v\u00e9szeti l\u00e1togat\u00e1st az Iminente, egy \u00fatt\u00f6r\u0151 platform \u00e9s fesztiv\u00e1l szervezi, amely a v\u00e1rosi kultur\u00e1lis mozgalmakb\u00f3l sz\u00fcletett. Az Iminente v\u00e1ratlan k\u00f6ztereket aktiv\u00e1l, a v\u00e1rosr\u00e9szeken \u00e1t\u00edvel\u0151en egy\u00fcttm\u0171k\u00f6dve olyan k\u00f6z\u00f6ss\u00e9gekkel, akik gyakran hi\u00e1nyoznak a hivatalos kultur\u00e1lis k\u00f6rforg\u00e1sb\u00f3l. Programjuk a vizu\u00e1lis m\u0171v\u00e9szeteket, a zen\u00e9t, a designt, az \u00e9p\u00edt\u00e9szetet, a performanszokat \u00e9s a kritikai t\u00e1rsadalmi gyakorlatot \u00f6tv\u00f6zi, hogy \u00fajragondolja a m\u0171v\u00e9szet \u00e9s a mindennapi \u00e9let kapcsolat\u00e1t. Az egy\u00fcttm\u0171k\u00f6d\u00e9sre \u00e9s a k\u00f6z\u00f6ss\u00e9gi szerepv\u00e1llal\u00e1sra \u00e9p\u00edtve az Iminente a k\u00f6ztereket a p\u00e1rbesz\u00e9d, a r\u00e9szv\u00e9tel \u00e9s a kollekt\u00edv alkot\u00e1s terepek\u00e9nt k\u00edv\u00e1nja felt\u00e1rni.<\/p>\n<p dir=\"ltr\">.<\/p>\n<p dir=\"ltr\">Tov\u00e1bbi inform\u00e1ci\u00f3 a szervezetr\u0151l itt tal\u00e1lhat\u00f3: <a href=\"http:\/\/www.iminente.org\/\" target=\"_blank\" rel=\"noopener\">www.iminente.org<\/a><\/p>\n<p>.<\/p>\n<p dir=\"ltr\"><strong>Ath\u00e9n, G\u00f6r\u00f6gorsz\u00e1g<\/strong><br \/>\nA Balkans Beyond Borders \u00e1ltal szervezett 5 napos m\u0171v\u00e9szl\u00e1togat\u00e1s Ath\u00e9nban \u00e9s a peremvid\u00e9k m\u00e1s g\u00f6r\u00f6g v\u00e1rosaiban lehet\u0151s\u00e9get ad a m\u0171v\u00e9szeknek, hogy kreat\u00edvan m\u0171k\u00f6djenek egy\u00fctt a helyi k\u00f6z\u00f6ss\u00e9gekkel, reflekt\u00e1ljanak a v\u00e1rosi v\u00e1ltoz\u00e1sokra, \u00e9s hozz\u00e1j\u00e1ruljanak a befogad\u00f3bb \u00e9s r\u00e9szv\u00e9telen alapul\u00f3 narrat\u00edv\u00e1khoz. A Balkans Beyond Borders t\u00f6bb \u00e9ves tapasztalattal rendelkezik az alkot\u00f3k inspir\u00e1l\u00e1s\u00e1ban \u00e9s felk\u00e9r\u00e9s\u00e9ben a helyi k\u00f6z\u00f6ss\u00e9ggel \u00e9s a k\u00f6zterekkel val\u00f3 kreat\u00edv egy\u00fcttm\u0171k\u00f6d\u00e9sre, valamint a helyi k\u00f6z\u00f6ss\u00e9g bevon\u00e1s\u00e1ban szabadt\u00e9ri vet\u00edt\u00e9sek r\u00e9v\u00e9n, k\u00f6ztereken.<\/p>\n<p dir=\"ltr\">Ath\u00e9n \u00f6sszetett v\u00e1rosi t\u00e1jk\u00e9pet mutat, amely \u00f6tv\u00f6zi a t\u00f6rt\u00e9nelmi folytonoss\u00e1got \u00e9s a kort\u00e1rs v\u00e1rosfejl\u0151d\u00e9st. L\u00e9nyeges elt\u00e9r\u00e9sek vannak a dzsentrifik\u00e1ci\u00f3, a bev\u00e1ndorl\u00e1s, a t\u00e1rsadalmi-politikai \u00e1tmenet \u00e9s a kreat\u00edv ipar\u00e1gak be\u00e1raml\u00e1sa miatt jelent\u0151s \u00e1talakul\u00e1son \u00e1tesett v\u00e1rosr\u00e9szek \u00e9s ker\u00fcletek k\u00f6z\u00f6tt. Ugyanakkor Ath\u00e9n term\u00e9keny talajt k\u00edn\u00e1l a m\u0171v\u00e9szeti beavatkoz\u00e1soknak a k\u00f6ztereken, k\u00fcl\u00f6n\u00f6sen azokon a ter\u00fcleteken, ahol l\u00e1that\u00f3ak az \u00e1tmenet vagy a t\u00e1rsadalmi-politikai fesz\u00fclts\u00e9g jelei.<\/p>\n<p dir=\"ltr\"><b>Kozani<\/b>, egy k\u00f6zepes m\u00e9ret\u0171 v\u00e1ros \u00c9szak-G\u00f6r\u00f6gorsz\u00e1gban, jelent\u0151s \u00e1talakul\u00e1son megy kereszt\u00fcl: a lignitb\u00e1ny\u00e1szatra \u00e9s a sz\u00e9nt\u00fczel\u00e9s\u0171 energiatermel\u00e9sre val\u00f3 t\u00f6rt\u00e9nelmi t\u00e1maszkod\u00e1st\u00f3l egy diverzifik\u00e1ltabb \u00e9s fenntarthat\u00f3bb energiagazdas\u00e1g fel\u00e9 halad.<\/p>\n<p dir=\"ltr\"><strong>Larisa<\/strong>, ami K\u00f6z\u00e9p-G\u00f6r\u00f6gorsz\u00e1gban tal\u00e1lhat\u00f3, az orsz\u00e1g egyik legnagyobb region\u00e1lis v\u00e1rosa, amely kereskedelmi \u00e9s mez\u0151gazdas\u00e1gi k\u00f6zpontk\u00e9nt szolg\u00e1l.<\/p>\n<p dir=\"ltr\"><strong>Kalamata<\/strong>\u00a0, egy tengerparti v\u00e1ros a Peloponn\u00e9szosz d\u00e9li r\u00e9sz\u00e9n, az 1986-os f\u00f6ldreng\u00e9s ut\u00e1ni gyors \u00fajj\u00e1\u00e9p\u00edt\u00e9s\u00e9r\u0151l nevezetes, amely modern v\u00e1rosi identit\u00e1s\u00e1nak nagy r\u00e9sz\u00e9t form\u00e1lta. A v\u00e1ros jelleg\u00e9t \u00e1rnyalja a hagyom\u00e1nyos v\u00e1rosi morfol\u00f3gia \u00e9s az \u00fajabb tengerparti negyedek, amelyek a kort\u00e1rsabb tervez\u00e9si megk\u00f6zel\u00edt\u00e9seket t\u00fckr\u00f6zik.<\/p>\n<p dir=\"ltr\">.<\/p>\n<p>Tov\u00e1bbi inform\u00e1ci\u00f3 a szervezetr\u0151l itt tal\u00e1lhat\u00f3: https:\/\/www.balkansbeyondborders.eu\/<\/p>\n<p dir=\"ltr\">.<\/p>\n<p dir=\"ltr\">P\u00c1LY\u00c1ZATI NAPT\u00c1R<\/p>\n<p dir=\"ltr\">P\u00e1ly\u00e1zat meghirdet\u00e9se \u2192 2025. j\u00fanius<\/p>\n<p dir=\"ltr\">P\u00e1ly\u00e1zat nyitva \u2192 2025. j\u00fanius \u2013 augusztus 31.<\/p>\n<p dir=\"ltr\">\u00c9rt\u00e9kel\u00e9s \u2013 1. f\u00e1zis \u2192 2025. szeptember<\/p>\n<p dir=\"ltr\">\u00c9rt\u00e9kel\u00e9s \u2013 2. f\u00e1zis (online interj\u00fak a kiv\u00e1lasztott m\u0171v\u00e9szekkel) \u2192 2025. okt\u00f3ber<\/p>\n<p dir=\"ltr\">A 12 kiv\u00e1lasztott \u00f6szt\u00f6nd\u00edjas bejelent\u00e9se \u2192 2025. november eleje<\/p>\n<p dir=\"ltr\">1. online tal\u00e1lkoz\u00f3 (programind\u00edt\u00e1s) \u2192 2025. december<\/p>\n<p>.<\/p>\n<p dir=\"ltr\">PROGRAM ID\u0150VONALA<\/p>\n<p dir=\"ltr\">2025. december \u2013 2026. augusztus \u2192 Online \u00f6szt\u00f6nd\u00edjprogram<\/p>\n<p dir=\"ltr\">2026. j\u00fanius \u2013 szeptember \u2192 5 napos m\u0171v\u00e9szl\u00e1togat\u00e1sok:<\/p>\n<p dir=\"ltr\"><strong>\u00a0 \u00a0 \u00a0 \u00a0 \u00a0 \u00a0 \u00a0 \u00a0 \u00a02 m\u0171v\u00e9sz G\u00f6r\u00f6gorsz\u00e1gb\u00f3l + 2 Portug\u00e1li\u00e1b\u00f3l \u2192 Szabadka<\/strong><\/p>\n<p dir=\"ltr\"><strong>\u00a0 \u00a0 \u00a0 \u00a0 \u00a0 \u00a0 \u00a0 \u00a0 \u00a02 m\u0171v\u00e9sz Szerbi\u00e1b\u00f3l + 2 Portug\u00e1li\u00e1b\u00f3l \u2192 Ath\u00e9n<\/strong><\/p>\n<p dir=\"ltr\"><strong>\u00a0 \u00a0 \u00a0 \u00a0 \u00a0 \u00a0 \u00a0 \u00a0 2 m\u0171v\u00e9sz Szerbi\u00e1b\u00f3l + 2 G\u00f6r\u00f6gorsz\u00e1gb\u00f3l \u2192 Lisszabon<\/strong><\/p>\n<p dir=\"ltr\">.<\/p>\n<p><strong>Jelentkez\u00e9s<a href=\"https:\/\/docs.google.com\/forms\/d\/e\/1FAIpQLSfOzXx6bCbY3BbJNQ9Dbw-3aFmqZ-_biyfL50U0rsTJOaPI4A\/viewform\"> itt<\/a><\/strong><\/p>\n<p>.<\/p>\n<p dir=\"ltr\"><strong><i>A projektet az Eur\u00f3pai Uni\u00f3 t\u00e1rsfinansz\u00edrozza, \u00e9s a \u201eKl\u00e1ra \u00e9s Rosa\u201d szervezet hajtja v\u00e9gre az \u201eIminente\u201d (Portug\u00e1lia) \u00e9s a \u201eBalkan Beyond Borders\u201d (G\u00f6r\u00f6gorsz\u00e1g) partnerekkel egy\u00fcttm\u0171k\u00f6dve. A kifejtett n\u00e9zetek \u00e9s v\u00e9lem\u00e9nyek a szerz\u0151 saj\u00e1tjai, \u00e9s nem felt\u00e9tlen\u00fcl t\u00fckr\u00f6zik az Eur\u00f3pai Uni\u00f3 vagy az Eur\u00f3pai Oktat\u00e1si \u00e9s Kultur\u00e1lis V\u00e9grehajt\u00f3 \u00dcgyn\u00f6ks\u00e9g (EACEA) n\u00e9zeteit \u00e9s v\u00e9lem\u00e9ny\u00e9t. Sem az Eur\u00f3pai Uni\u00f3, sem az EACEA nem tehet\u0151 felel\u0151ss\u00e9 \u00e9rt\u00fck.<\/i><\/strong><\/p>\n<p dir=\"ltr\">.<\/p>\n<p dir=\"ltr\"><img decoding=\"async\" class=\"alignnone wp-image-23194\" src=\"https:\/\/www.klarairosa.com\/wp-content\/uploads\/2025\/04\/EN-Co-funded-by-the-EU_PANTONE-300x63.jpg\" alt=\"\" width=\"167\" height=\"35\" srcset=\"https:\/\/www.klarairosa.com\/wp-content\/uploads\/2025\/04\/EN-Co-funded-by-the-EU_PANTONE-300x63.jpg 300w, https:\/\/www.klarairosa.com\/wp-content\/uploads\/2025\/04\/EN-Co-funded-by-the-EU_PANTONE-1024x215.jpg 1024w, https:\/\/www.klarairosa.com\/wp-content\/uploads\/2025\/04\/EN-Co-funded-by-the-EU_PANTONE-768x161.jpg 768w, https:\/\/www.klarairosa.com\/wp-content\/uploads\/2025\/04\/EN-Co-funded-by-the-EU_PANTONE-1536x322.jpg 1536w, https:\/\/www.klarairosa.com\/wp-content\/uploads\/2025\/04\/EN-Co-funded-by-the-EU_PANTONE-2048x430.jpg 2048w, https:\/\/www.klarairosa.com\/wp-content\/uploads\/2025\/04\/EN-Co-funded-by-the-EU_PANTONE-18x4.jpg 18w, https:\/\/www.klarairosa.com\/wp-content\/uploads\/2025\/04\/EN-Co-funded-by-the-EU_PANTONE-700x147.jpg 700w\" sizes=\"(max-width: 167px) 100vw, 167px\" \/>\u00a0 \u00a0 \u00a0 \u00a0\u00a0<img decoding=\"async\" class=\"alignnone wp-image-22628\" src=\"https:\/\/www.klarairosa.com\/wp-content\/uploads\/2025\/02\/LOGO-KLARA-I-ROSA--230x300.png\" sizes=\"(max-width: 32px) 100vw, 32px\" srcset=\"https:\/\/www.klarairosa.com\/wp-content\/uploads\/2025\/02\/LOGO-KLARA-I-ROSA--230x300.png 230w, https:\/\/www.klarairosa.com\/wp-content\/uploads\/2025\/02\/LOGO-KLARA-I-ROSA--786x1024.png 786w, https:\/\/www.klarairosa.com\/wp-content\/uploads\/2025\/02\/LOGO-KLARA-I-ROSA--768x1001.png 768w, https:\/\/www.klarairosa.com\/wp-content\/uploads\/2025\/02\/LOGO-KLARA-I-ROSA--1179x1536.png 1179w, https:\/\/www.klarairosa.com\/wp-content\/uploads\/2025\/02\/LOGO-KLARA-I-ROSA--1571x2048.png 1571w, https:\/\/www.klarairosa.com\/wp-content\/uploads\/2025\/02\/LOGO-KLARA-I-ROSA--9x12.png 9w, https:\/\/www.klarairosa.com\/wp-content\/uploads\/2025\/02\/LOGO-KLARA-I-ROSA--600x800.png 600w, https:\/\/www.klarairosa.com\/wp-content\/uploads\/2025\/02\/LOGO-KLARA-I-ROSA--700x912.png 700w, https:\/\/www.klarairosa.com\/wp-content\/uploads\/2025\/02\/LOGO-KLARA-I-ROSA-.png 1939w\" alt=\"\" width=\"32\" height=\"42\" \/>\u00a0 \u00a0 \u00a0 \u00a0 \u00a0 \u00a0<img decoding=\"async\" class=\"alignnone wp-image-22400\" src=\"https:\/\/www.klarairosa.com\/wp-content\/uploads\/2024\/11\/326713506_551912926974294_2153827850134287430_n-300x117.png\" sizes=\"(max-width: 85px) 100vw, 85px\" srcset=\"https:\/\/www.klarairosa.com\/wp-content\/uploads\/2024\/11\/326713506_551912926974294_2153827850134287430_n-300x117.png 300w, https:\/\/www.klarairosa.com\/wp-content\/uploads\/2024\/11\/326713506_551912926974294_2153827850134287430_n-1024x399.png 1024w, https:\/\/www.klarairosa.com\/wp-content\/uploads\/2024\/11\/326713506_551912926974294_2153827850134287430_n-768x299.png 768w, https:\/\/www.klarairosa.com\/wp-content\/uploads\/2024\/11\/326713506_551912926974294_2153827850134287430_n-1536x598.png 1536w, https:\/\/www.klarairosa.com\/wp-content\/uploads\/2024\/11\/326713506_551912926974294_2153827850134287430_n-2048x798.png 2048w, https:\/\/www.klarairosa.com\/wp-content\/uploads\/2024\/11\/326713506_551912926974294_2153827850134287430_n-18x7.png 18w, https:\/\/www.klarairosa.com\/wp-content\/uploads\/2024\/11\/326713506_551912926974294_2153827850134287430_n-700x273.png 700w\" alt=\"\" width=\"85\" height=\"33\" \/>\u00a0 \u00a0 \u00a0 \u00a0 \u00a0 <img loading=\"lazy\" decoding=\"async\" class=\"alignnone wp-image-22399\" src=\"https:\/\/www.klarairosa.com\/wp-content\/uploads\/2024\/11\/logo.png\" sizes=\"(max-width: 36px) 100vw, 36px\" srcset=\"https:\/\/www.klarairosa.com\/wp-content\/uploads\/2024\/11\/logo.png 128w, https:\/\/www.klarairosa.com\/wp-content\/uploads\/2024\/11\/logo-10x12.png 10w\" alt=\"\" width=\"36\" height=\"44\" \/>\u00a0 \u00a0 \u00a0 \u00a0 \u00a0 <img loading=\"lazy\" decoding=\"async\" class=\"alignnone wp-image-22630\" src=\"https:\/\/www.klarairosa.com\/wp-content\/uploads\/2025\/02\/unfold-logo-zeleni-300x136.png\" sizes=\"(max-width: 84px) 100vw, 84px\" srcset=\"https:\/\/www.klarairosa.com\/wp-content\/uploads\/2025\/02\/unfold-logo-zeleni-300x136.png 300w, https:\/\/www.klarairosa.com\/wp-content\/uploads\/2025\/02\/unfold-logo-zeleni-1024x466.png 1024w, https:\/\/www.klarairosa.com\/wp-content\/uploads\/2025\/02\/unfold-logo-zeleni-768x349.png 768w, https:\/\/www.klarairosa.com\/wp-content\/uploads\/2025\/02\/unfold-logo-zeleni-18x8.png 18w, https:\/\/www.klarairosa.com\/wp-content\/uploads\/2025\/02\/unfold-logo-zeleni-700x318.png 700w, https:\/\/www.klarairosa.com\/wp-content\/uploads\/2025\/02\/unfold-logo-zeleni.png 1491w\" alt=\"\" width=\"84\" height=\"38\" \/><\/p>","protected":false},"excerpt":{"rendered":"<p>In a world marked by alienation, deepening class divides, and the centralization and commodification of&#8230;<\/p>","protected":false},"author":1,"featured_media":23191,"comment_status":"closed","ping_status":"closed","sticky":false,"template":"","format":"standard","meta":{"content-type":"","inline_featured_image":false,"footnotes":""},"categories":[109,687],"tags":[522,426,124,689,688],"class_list":["post-23130","post","type-post","status-publish","format-standard","has-post-thumbnail","hentry","category-aktuelno","category-kreativna-evropa","tag-creative-europe","tag-javni-prostor","tag-klara-i-rosa","tag-medjunarodna-saradnja","tag-public-space-art"],"yoast_head":"<!-- This site is optimized with the Yoast SEO plugin v27.5 - https:\/\/yoast.com\/product\/yoast-seo-wordpress\/ -->\n<title>UNFOLD: Fellowship Program for Artistic Interventions in Public Space &amp; Community Contexts - Klara i Rosa<\/title>\n<meta name=\"robots\" content=\"index, follow, max-snippet:-1, max-image-preview:large, max-video-preview:-1\" \/>\n<link rel=\"canonical\" href=\"https:\/\/www.klarairosa.com\/hu\/unfold-fellowship-program-for-artistic-interventions-in-public-space-community-contexts\/\" \/>\n<meta property=\"og:locale\" content=\"hu_HU\" \/>\n<meta property=\"og:type\" content=\"article\" \/>\n<meta property=\"og:title\" content=\"UNFOLD: Fellowship Program for Artistic Interventions in Public Space &amp; Community Contexts - Klara i Rosa\" \/>\n<meta property=\"og:description\" content=\"In a world marked by alienation, deepening class divides, and the centralization and commodification of...\" \/>\n<meta property=\"og:url\" content=\"https:\/\/www.klarairosa.com\/hu\/unfold-fellowship-program-for-artistic-interventions-in-public-space-community-contexts\/\" \/>\n<meta property=\"og:site_name\" content=\"Klara i Rosa\" \/>\n<meta property=\"article:publisher\" content=\"https:\/\/www.facebook.com\/klarairosa\/\" \/>\n<meta property=\"article:published_time\" content=\"2025-06-30T16:13:41+00:00\" \/>\n<meta property=\"article:modified_time\" content=\"2025-07-03T11:23:59+00:00\" \/>\n<meta property=\"og:image\" content=\"https:\/\/www.klarairosa.com\/wp-content\/uploads\/2025\/06\/open-call-1352-x-1005-px.jpg\" \/>\n\t<meta property=\"og:image:width\" content=\"1352\" \/>\n\t<meta property=\"og:image:height\" content=\"1005\" \/>\n\t<meta property=\"og:image:type\" content=\"image\/jpeg\" \/>\n<meta name=\"author\" content=\"Klara i Rosa\" \/>\n<meta name=\"twitter:card\" content=\"summary_large_image\" \/>\n<meta name=\"twitter:label1\" content=\"Szerz\u0151:\" \/>\n\t<meta name=\"twitter:data1\" content=\"Klara i Rosa\" \/>\n\t<meta name=\"twitter:label2\" content=\"Becs\u00fclt olvas\u00e1si id\u0151\" \/>\n\t<meta name=\"twitter:data2\" content=\"6 perc\" \/>\n<script type=\"application\/ld+json\" class=\"yoast-schema-graph\">{\"@context\":\"https:\\\/\\\/schema.org\",\"@graph\":[{\"@type\":\"Article\",\"@id\":\"https:\\\/\\\/www.klarairosa.com\\\/unfold-fellowship-program-for-artistic-interventions-in-public-space-community-contexts\\\/#article\",\"isPartOf\":{\"@id\":\"https:\\\/\\\/www.klarairosa.com\\\/unfold-fellowship-program-for-artistic-interventions-in-public-space-community-contexts\\\/\"},\"author\":{\"name\":\"Klara i Rosa\",\"@id\":\"https:\\\/\\\/www.klarairosa.com\\\/en\\\/#\\\/schema\\\/person\\\/e4e7e9e5c8eeeddccf61e4532ae8e6ed\"},\"headline\":\"UNFOLD: Fellowship Program for Artistic Interventions in Public Space &#038; Community Contexts\",\"datePublished\":\"2025-06-30T16:13:41+00:00\",\"dateModified\":\"2025-07-03T11:23:59+00:00\",\"mainEntityOfPage\":{\"@id\":\"https:\\\/\\\/www.klarairosa.com\\\/unfold-fellowship-program-for-artistic-interventions-in-public-space-community-contexts\\\/\"},\"wordCount\":1177,\"publisher\":{\"@id\":\"https:\\\/\\\/www.klarairosa.com\\\/en\\\/#organization\"},\"image\":{\"@id\":\"https:\\\/\\\/www.klarairosa.com\\\/unfold-fellowship-program-for-artistic-interventions-in-public-space-community-contexts\\\/#primaryimage\"},\"thumbnailUrl\":\"https:\\\/\\\/www.klarairosa.com\\\/wp-content\\\/uploads\\\/2025\\\/06\\\/open-call-1352-x-1005-px.jpg\",\"keywords\":[\"creative europe\",\"javni prostor\",\"Klara i Rosa\",\"me\u0111unarodna saradnja\",\"public space art\"],\"articleSection\":[\"Aktuelno\",\"Kreativna Evropa\"],\"inLanguage\":\"hu\"},{\"@type\":\"WebPage\",\"@id\":\"https:\\\/\\\/www.klarairosa.com\\\/unfold-fellowship-program-for-artistic-interventions-in-public-space-community-contexts\\\/\",\"url\":\"https:\\\/\\\/www.klarairosa.com\\\/unfold-fellowship-program-for-artistic-interventions-in-public-space-community-contexts\\\/\",\"name\":\"UNFOLD: Fellowship Program for Artistic Interventions in Public Space & Community Contexts - Klara i Rosa\",\"isPartOf\":{\"@id\":\"https:\\\/\\\/www.klarairosa.com\\\/en\\\/#website\"},\"primaryImageOfPage\":{\"@id\":\"https:\\\/\\\/www.klarairosa.com\\\/unfold-fellowship-program-for-artistic-interventions-in-public-space-community-contexts\\\/#primaryimage\"},\"image\":{\"@id\":\"https:\\\/\\\/www.klarairosa.com\\\/unfold-fellowship-program-for-artistic-interventions-in-public-space-community-contexts\\\/#primaryimage\"},\"thumbnailUrl\":\"https:\\\/\\\/www.klarairosa.com\\\/wp-content\\\/uploads\\\/2025\\\/06\\\/open-call-1352-x-1005-px.jpg\",\"datePublished\":\"2025-06-30T16:13:41+00:00\",\"dateModified\":\"2025-07-03T11:23:59+00:00\",\"breadcrumb\":{\"@id\":\"https:\\\/\\\/www.klarairosa.com\\\/unfold-fellowship-program-for-artistic-interventions-in-public-space-community-contexts\\\/#breadcrumb\"},\"inLanguage\":\"hu\",\"potentialAction\":[{\"@type\":\"ReadAction\",\"target\":[\"https:\\\/\\\/www.klarairosa.com\\\/unfold-fellowship-program-for-artistic-interventions-in-public-space-community-contexts\\\/\"]}]},{\"@type\":\"ImageObject\",\"inLanguage\":\"hu\",\"@id\":\"https:\\\/\\\/www.klarairosa.com\\\/unfold-fellowship-program-for-artistic-interventions-in-public-space-community-contexts\\\/#primaryimage\",\"url\":\"https:\\\/\\\/www.klarairosa.com\\\/wp-content\\\/uploads\\\/2025\\\/06\\\/open-call-1352-x-1005-px.jpg\",\"contentUrl\":\"https:\\\/\\\/www.klarairosa.com\\\/wp-content\\\/uploads\\\/2025\\\/06\\\/open-call-1352-x-1005-px.jpg\",\"width\":1352,\"height\":1005},{\"@type\":\"BreadcrumbList\",\"@id\":\"https:\\\/\\\/www.klarairosa.com\\\/unfold-fellowship-program-for-artistic-interventions-in-public-space-community-contexts\\\/#breadcrumb\",\"itemListElement\":[{\"@type\":\"ListItem\",\"position\":1,\"name\":\"Home\",\"item\":\"https:\\\/\\\/www.klarairosa.com\\\/\"},{\"@type\":\"ListItem\",\"position\":2,\"name\":\"UNFOLD: Fellowship Program for Artistic Interventions in Public Space &#038; Community Contexts\"}]},{\"@type\":\"WebSite\",\"@id\":\"https:\\\/\\\/www.klarairosa.com\\\/en\\\/#website\",\"url\":\"https:\\\/\\\/www.klarairosa.com\\\/en\\\/\",\"name\":\"Klara i Rosa\",\"description\":\"Klara i Rosa\",\"publisher\":{\"@id\":\"https:\\\/\\\/www.klarairosa.com\\\/en\\\/#organization\"},\"potentialAction\":[{\"@type\":\"SearchAction\",\"target\":{\"@type\":\"EntryPoint\",\"urlTemplate\":\"https:\\\/\\\/www.klarairosa.com\\\/en\\\/?s={search_term_string}\"},\"query-input\":{\"@type\":\"PropertyValueSpecification\",\"valueRequired\":true,\"valueName\":\"search_term_string\"}}],\"inLanguage\":\"hu\"},{\"@type\":\"Organization\",\"@id\":\"https:\\\/\\\/www.klarairosa.com\\\/en\\\/#organization\",\"name\":\"Klara i Rosa\",\"url\":\"https:\\\/\\\/www.klarairosa.com\\\/en\\\/\",\"logo\":{\"@type\":\"ImageObject\",\"inLanguage\":\"hu\",\"@id\":\"https:\\\/\\\/www.klarairosa.com\\\/en\\\/#\\\/schema\\\/logo\\\/image\\\/\",\"url\":\"https:\\\/\\\/www.klarairosa.com\\\/wp-content\\\/uploads\\\/2022\\\/01\\\/logo.svg\",\"contentUrl\":\"https:\\\/\\\/www.klarairosa.com\\\/wp-content\\\/uploads\\\/2022\\\/01\\\/logo.svg\",\"width\":110,\"height\":139,\"caption\":\"Klara i Rosa\"},\"image\":{\"@id\":\"https:\\\/\\\/www.klarairosa.com\\\/en\\\/#\\\/schema\\\/logo\\\/image\\\/\"},\"sameAs\":[\"https:\\\/\\\/www.facebook.com\\\/klarairosa\\\/\",\"https:\\\/\\\/www.instagram.com\\\/ugklarairosa\\\/\"]},{\"@type\":\"Person\",\"@id\":\"https:\\\/\\\/www.klarairosa.com\\\/en\\\/#\\\/schema\\\/person\\\/e4e7e9e5c8eeeddccf61e4532ae8e6ed\",\"name\":\"Klara i Rosa\",\"image\":{\"@type\":\"ImageObject\",\"inLanguage\":\"hu\",\"@id\":\"https:\\\/\\\/secure.gravatar.com\\\/avatar\\\/c83ee539a067b9f57ae5d8999ae286c4f98b5c4bd943b8cbb64f6b0fc1f29e40?s=96&d=mm&r=g\",\"url\":\"https:\\\/\\\/secure.gravatar.com\\\/avatar\\\/c83ee539a067b9f57ae5d8999ae286c4f98b5c4bd943b8cbb64f6b0fc1f29e40?s=96&d=mm&r=g\",\"contentUrl\":\"https:\\\/\\\/secure.gravatar.com\\\/avatar\\\/c83ee539a067b9f57ae5d8999ae286c4f98b5c4bd943b8cbb64f6b0fc1f29e40?s=96&d=mm&r=g\",\"caption\":\"Klara i Rosa\"},\"sameAs\":[\"https:\\\/\\\/klarairosa.com\"],\"url\":\"https:\\\/\\\/www.klarairosa.com\\\/hu\\\/author\\\/rosaiklara\\\/\"}]}<\/script>\n<!-- \/ Yoast SEO plugin. -->","yoast_head_json":{"title":"UNFOLD: Fellowship Program for Artistic Interventions in Public Space & Community Contexts - Klara i Rosa","robots":{"index":"index","follow":"follow","max-snippet":"max-snippet:-1","max-image-preview":"max-image-preview:large","max-video-preview":"max-video-preview:-1"},"canonical":"https:\/\/www.klarairosa.com\/hu\/unfold-fellowship-program-for-artistic-interventions-in-public-space-community-contexts\/","og_locale":"hu_HU","og_type":"article","og_title":"UNFOLD: Fellowship Program for Artistic Interventions in Public Space & Community Contexts - Klara i Rosa","og_description":"In a world marked by alienation, deepening class divides, and the centralization and commodification of...","og_url":"https:\/\/www.klarairosa.com\/hu\/unfold-fellowship-program-for-artistic-interventions-in-public-space-community-contexts\/","og_site_name":"Klara i Rosa","article_publisher":"https:\/\/www.facebook.com\/klarairosa\/","article_published_time":"2025-06-30T16:13:41+00:00","article_modified_time":"2025-07-03T11:23:59+00:00","og_image":[{"width":1352,"height":1005,"url":"https:\/\/www.klarairosa.com\/wp-content\/uploads\/2025\/06\/open-call-1352-x-1005-px.jpg","type":"image\/jpeg"}],"author":"Klara i Rosa","twitter_card":"summary_large_image","twitter_misc":{"Szerz\u0151:":"Klara i Rosa","Becs\u00fclt olvas\u00e1si id\u0151":"6 perc"},"schema":{"@context":"https:\/\/schema.org","@graph":[{"@type":"Article","@id":"https:\/\/www.klarairosa.com\/unfold-fellowship-program-for-artistic-interventions-in-public-space-community-contexts\/#article","isPartOf":{"@id":"https:\/\/www.klarairosa.com\/unfold-fellowship-program-for-artistic-interventions-in-public-space-community-contexts\/"},"author":{"name":"Klara i Rosa","@id":"https:\/\/www.klarairosa.com\/en\/#\/schema\/person\/e4e7e9e5c8eeeddccf61e4532ae8e6ed"},"headline":"UNFOLD: Fellowship Program for Artistic Interventions in Public Space &#038; Community Contexts","datePublished":"2025-06-30T16:13:41+00:00","dateModified":"2025-07-03T11:23:59+00:00","mainEntityOfPage":{"@id":"https:\/\/www.klarairosa.com\/unfold-fellowship-program-for-artistic-interventions-in-public-space-community-contexts\/"},"wordCount":1177,"publisher":{"@id":"https:\/\/www.klarairosa.com\/en\/#organization"},"image":{"@id":"https:\/\/www.klarairosa.com\/unfold-fellowship-program-for-artistic-interventions-in-public-space-community-contexts\/#primaryimage"},"thumbnailUrl":"https:\/\/www.klarairosa.com\/wp-content\/uploads\/2025\/06\/open-call-1352-x-1005-px.jpg","keywords":["creative europe","javni prostor","Klara i Rosa","me\u0111unarodna saradnja","public space art"],"articleSection":["Aktuelno","Kreativna Evropa"],"inLanguage":"hu"},{"@type":"WebPage","@id":"https:\/\/www.klarairosa.com\/unfold-fellowship-program-for-artistic-interventions-in-public-space-community-contexts\/","url":"https:\/\/www.klarairosa.com\/unfold-fellowship-program-for-artistic-interventions-in-public-space-community-contexts\/","name":"UNFOLD: Fellowship Program for Artistic Interventions in Public Space & Community Contexts - Klara i Rosa","isPartOf":{"@id":"https:\/\/www.klarairosa.com\/en\/#website"},"primaryImageOfPage":{"@id":"https:\/\/www.klarairosa.com\/unfold-fellowship-program-for-artistic-interventions-in-public-space-community-contexts\/#primaryimage"},"image":{"@id":"https:\/\/www.klarairosa.com\/unfold-fellowship-program-for-artistic-interventions-in-public-space-community-contexts\/#primaryimage"},"thumbnailUrl":"https:\/\/www.klarairosa.com\/wp-content\/uploads\/2025\/06\/open-call-1352-x-1005-px.jpg","datePublished":"2025-06-30T16:13:41+00:00","dateModified":"2025-07-03T11:23:59+00:00","breadcrumb":{"@id":"https:\/\/www.klarairosa.com\/unfold-fellowship-program-for-artistic-interventions-in-public-space-community-contexts\/#breadcrumb"},"inLanguage":"hu","potentialAction":[{"@type":"ReadAction","target":["https:\/\/www.klarairosa.com\/unfold-fellowship-program-for-artistic-interventions-in-public-space-community-contexts\/"]}]},{"@type":"ImageObject","inLanguage":"hu","@id":"https:\/\/www.klarairosa.com\/unfold-fellowship-program-for-artistic-interventions-in-public-space-community-contexts\/#primaryimage","url":"https:\/\/www.klarairosa.com\/wp-content\/uploads\/2025\/06\/open-call-1352-x-1005-px.jpg","contentUrl":"https:\/\/www.klarairosa.com\/wp-content\/uploads\/2025\/06\/open-call-1352-x-1005-px.jpg","width":1352,"height":1005},{"@type":"BreadcrumbList","@id":"https:\/\/www.klarairosa.com\/unfold-fellowship-program-for-artistic-interventions-in-public-space-community-contexts\/#breadcrumb","itemListElement":[{"@type":"ListItem","position":1,"name":"Home","item":"https:\/\/www.klarairosa.com\/"},{"@type":"ListItem","position":2,"name":"UNFOLD: Fellowship Program for Artistic Interventions in Public Space &#038; Community Contexts"}]},{"@type":"WebSite","@id":"https:\/\/www.klarairosa.com\/en\/#website","url":"https:\/\/www.klarairosa.com\/en\/","name":"Kl\u00e1ra \u00e9s Rosa Egyes\u00fclet","description":"Kl\u00e1ra \u00e9s Rosa Egyes\u00fclet","publisher":{"@id":"https:\/\/www.klarairosa.com\/en\/#organization"},"potentialAction":[{"@type":"SearchAction","target":{"@type":"EntryPoint","urlTemplate":"https:\/\/www.klarairosa.com\/en\/?s={search_term_string}"},"query-input":{"@type":"PropertyValueSpecification","valueRequired":true,"valueName":"search_term_string"}}],"inLanguage":"hu"},{"@type":"Organization","@id":"https:\/\/www.klarairosa.com\/en\/#organization","name":"Kl\u00e1ra \u00e9s Rosa Egyes\u00fclet","url":"https:\/\/www.klarairosa.com\/en\/","logo":{"@type":"ImageObject","inLanguage":"hu","@id":"https:\/\/www.klarairosa.com\/en\/#\/schema\/logo\/image\/","url":"https:\/\/www.klarairosa.com\/wp-content\/uploads\/2022\/01\/logo.svg","contentUrl":"https:\/\/www.klarairosa.com\/wp-content\/uploads\/2022\/01\/logo.svg","width":110,"height":139,"caption":"Klara i Rosa"},"image":{"@id":"https:\/\/www.klarairosa.com\/en\/#\/schema\/logo\/image\/"},"sameAs":["https:\/\/www.facebook.com\/klarairosa\/","https:\/\/www.instagram.com\/ugklarairosa\/"]},{"@type":"Person","@id":"https:\/\/www.klarairosa.com\/en\/#\/schema\/person\/e4e7e9e5c8eeeddccf61e4532ae8e6ed","name":"Kl\u00e1ra \u00e9s Rosa Egyes\u00fclet","image":{"@type":"ImageObject","inLanguage":"hu","@id":"https:\/\/secure.gravatar.com\/avatar\/c83ee539a067b9f57ae5d8999ae286c4f98b5c4bd943b8cbb64f6b0fc1f29e40?s=96&d=mm&r=g","url":"https:\/\/secure.gravatar.com\/avatar\/c83ee539a067b9f57ae5d8999ae286c4f98b5c4bd943b8cbb64f6b0fc1f29e40?s=96&d=mm&r=g","contentUrl":"https:\/\/secure.gravatar.com\/avatar\/c83ee539a067b9f57ae5d8999ae286c4f98b5c4bd943b8cbb64f6b0fc1f29e40?s=96&d=mm&r=g","caption":"Klara i Rosa"},"sameAs":["https:\/\/klarairosa.com"],"url":"https:\/\/www.klarairosa.com\/hu\/author\/rosaiklara\/"}]}},"_links":{"self":[{"href":"https:\/\/www.klarairosa.com\/hu\/wp-json\/wp\/v2\/posts\/23130","targetHints":{"allow":["GET"]}}],"collection":[{"href":"https:\/\/www.klarairosa.com\/hu\/wp-json\/wp\/v2\/posts"}],"about":[{"href":"https:\/\/www.klarairosa.com\/hu\/wp-json\/wp\/v2\/types\/post"}],"author":[{"embeddable":true,"href":"https:\/\/www.klarairosa.com\/hu\/wp-json\/wp\/v2\/users\/1"}],"replies":[{"embeddable":true,"href":"https:\/\/www.klarairosa.com\/hu\/wp-json\/wp\/v2\/comments?post=23130"}],"version-history":[{"count":11,"href":"https:\/\/www.klarairosa.com\/hu\/wp-json\/wp\/v2\/posts\/23130\/revisions"}],"predecessor-version":[{"id":23198,"href":"https:\/\/www.klarairosa.com\/hu\/wp-json\/wp\/v2\/posts\/23130\/revisions\/23198"}],"wp:featuredmedia":[{"embeddable":true,"href":"https:\/\/www.klarairosa.com\/hu\/wp-json\/wp\/v2\/media\/23191"}],"wp:attachment":[{"href":"https:\/\/www.klarairosa.com\/hu\/wp-json\/wp\/v2\/media?parent=23130"}],"wp:term":[{"taxonomy":"category","embeddable":true,"href":"https:\/\/www.klarairosa.com\/hu\/wp-json\/wp\/v2\/categories?post=23130"},{"taxonomy":"post_tag","embeddable":true,"href":"https:\/\/www.klarairosa.com\/hu\/wp-json\/wp\/v2\/tags?post=23130"}],"curies":[{"name":"wp","href":"https:\/\/api.w.org\/{rel}","templated":true}]}}