{"id":22987,"date":"2025-06-05T10:46:53","date_gmt":"2025-06-05T10:46:53","guid":{"rendered":"https:\/\/www.klarairosa.com\/?p=22987"},"modified":"2025-06-05T10:46:53","modified_gmt":"2025-06-05T10:46:53","slug":"tribina-osnazivanje-lbti-zena-u-borbi-protiv-rodno-zasnovanog-nasilja","status":"publish","type":"post","link":"https:\/\/www.klarairosa.com\/hu\/tribina-osnazivanje-lbti-zena-u-borbi-protiv-rodno-zasnovanog-nasilja\/","title":{"rendered":"Trib\u00fcn: Az LBTI-n\u0151k meger\u0151s\u00edt\u00e9se a nemi alap\u00fa er\u0151szak elleni k\u00fczdelemben"},"content":{"rendered":"<div class=\"xdj266r x11i5rnm xat24cr x1mh8g0r x1vvkbs x126k92a\">\n<div dir=\"auto\" style=\"text-align: justify;\">\n<div class=\"x11i5rnm xat24cr x1mh8g0r x1vvkbs xtlvy1s x126k92a\">\n<div dir=\"auto\">\n<div class=\"xdj266r x11i5rnm xat24cr x1mh8g0r x1vvkbs x126k92a\">\n<div dir=\"auto\">\n<p data-start=\"258\" data-end=\"582\">Megh\u00edvunk benneteket a <strong data-start=\"282\" data-end=\"349\">\"LBTI n\u0151k meger\u0151s\u00edt\u00e9se a nemi alap\u00fa er\u0151szak elleni k\u00fczdelemben\"<\/strong>c\u00edm\u0171 trib\u00fcnbesz\u00e9lget\u00e9sre, amely <strong>j\u00fanius 9-\u00e9n, h\u00e9tf\u0151n 18 \u00f3rakor ker\u00fcl megrendez\u00e9sre a Kl\u00e1ra \u00e9s Rosa h\u00e1zban (Pet\u0151fi S\u00e1ndor u. 15.)<\/strong>. Ez az esem\u00e9ny egy olyan projekt r\u00e9sze, amelynek c\u00e9lja, hogy a vajdas\u00e1gi LBTI-n\u0151k szerep\u00e9t feler\u0151s\u00edtse, \u00e9s t\u00e1j\u00e9koztat\u00e1st, t\u00e1mogat\u00e1st \u00e9s konkr\u00e9t eszk\u00f6z\u00f6ket biztos\u00edtson sz\u00e1mukra az er\u0151szak lek\u00fczd\u00e9s\u00e9hez.<\/p>\n<p data-start=\"258\" data-end=\"582\">.<\/p>\n<p data-start=\"584\" data-end=\"821\">A trib\u00fcn megvitatja a nemi alap\u00fa er\u0151szakkal szembes\u00fcl\u0151 LBTI-n\u0151k t\u00e1mogat\u00e1si mechanizmusait, valamint a t\u00e1j\u00e9koztat\u00e1s, az er\u0151szak bejelent\u00e9s\u00e9nek \u00e9s az ingyenes pszichol\u00f3giai, jogi \u00e9s sz\u00fcks\u00e9g eset\u00e9n fizikai v\u00e9delemhez val\u00f3 hozz\u00e1f\u00e9r\u00e9s fontoss\u00e1g\u00e1t.<\/p>\n<p data-start=\"584\" data-end=\"821\">.<\/p>\n<h4 data-start=\"823\" data-end=\"841\">Besz\u00e9lnek:<\/h4>\n<p>.<\/p>\n<ul data-start=\"842\" data-end=\"1057\">\n<li data-start=\"842\" data-end=\"926\">\n<p data-start=\"844\" data-end=\"926\"><strong data-start=\"844\" data-end=\"858\">An\u0111ela \u010ceh<\/strong> \u2013 aktivista, pszichodr\u00e1ma pszichoterapeuta szuperv\u00edzi\u00f3 alatt<\/p>\n<\/li>\n<li data-start=\"927\" data-end=\"996\">\n<p data-start=\"929\" data-end=\"996\"><strong data-start=\"929\" data-end=\"947\">Helena Vukovi\u0107<\/strong> \u2013 aktivista, az L*Communio \u00fcgyvezet\u0151 igazgat\u00f3ja<\/p>\n<\/li>\n<li data-start=\"997\" data-end=\"1057\">\n<p data-start=\"999\" data-end=\"1057\"><strong data-start=\"999\" data-end=\"1019\">Mina Velimirovi\u0107<\/strong> \u2013 a pszichol\u00f3gia mestere, Alma centar<\/p>\n<\/li>\n<\/ul>\n<p data-start=\"1059\" data-end=\"1096\"><strong data-start=\"1065\" data-end=\"1096\">Moder\u00e1lja: Dejana Pakledinac<\/strong><\/p>\n<p data-start=\"1059\" data-end=\"1096\">.<\/p>\n<p data-start=\"1098\" data-end=\"1407\">Az \u00fajvid\u00e9ki <strong data-start=\"1136\" data-end=\"1150\">L*Communio<\/strong> szervezet a leszbikus, biszexu\u00e1lis, transz, nem bin\u00e1ris \u00e9s interszexu\u00e1lis n\u0151k jogainak el\u0151mozd\u00edt\u00e1s\u00e1t \u00e9s v\u00e9delm\u00e9t t\u00e1mogatja. Az L*Communio akt\u00edvan dolgozik a k\u00f6z\u00f6ss\u00e9g meger\u0151s\u00edt\u00e9s\u00e9n oktat\u00e1si, kultur\u00e1lis \u00e9s m\u0171v\u00e9szeti programokon, valamint az er\u0151szak \u00e1ldozatainak val\u00f3 k\u00f6zvetlen t\u00e1mogat\u00e1son kereszt\u00fcl.<\/p>\n<p data-start=\"1098\" data-end=\"1407\">.<\/p>\n<h4 data-start=\"1409\" data-end=\"1442\">Mi\u00e9rt fontos, hogy elj\u00f6jj?<\/h4>\n<p>.<\/p>\n<ul data-start=\"1443\" data-end=\"1705\">\n<li data-start=\"1443\" data-end=\"1497\">\n<p data-start=\"1445\" data-end=\"1497\">Hogy megtudd, milyen jogaid vannak, \u00e9s hogyan gyakorolhatod azokat<\/p>\n<\/li>\n<li data-start=\"1498\" data-end=\"1578\">\n<p data-start=\"1500\" data-end=\"1578\">Hogy megtudd, hogyan jelentheted be az er\u0151szakot, f\u00fcggetlen\u00fcl att\u00f3l, hogy milyen k\u00f6zegb\u0151l j\u00f6ssz<\/p>\n<\/li>\n<li data-start=\"1579\" data-end=\"1646\">\n<p data-start=\"1581\" data-end=\"1646\">Hogy megismerd a vajdas\u00e1gi LBTI n\u0151k t\u00e1mogat\u00f3 h\u00e1l\u00f3zat\u00e1t<\/p>\n<\/li>\n<li data-start=\"1647\" data-end=\"1705\">\n<p data-start=\"1649\" data-end=\"1705\">Hogy r\u00e9szt vehess egy ny\u00edlt besz\u00e9lget\u00e9sben \u00e9s k\u00e9rd\u00e9seket tehess fel<\/p>\n<\/li>\n<\/ul>\n<p>.<\/p>\n<p data-start=\"1707\" data-end=\"1788\"><strong data-start=\"1710\" data-end=\"1788\">Ez egy biztons\u00e1gos tere a besz\u00e9lget\u00e9snek, a cser\u00e9nek \u00e9s a meger\u0151s\u00edt\u00e9snek. Szeretettel v\u00e1runk!<\/strong><\/p>\n<\/div>\n<\/div>\n<\/div>\n<\/div>\n<div class=\"x11i5rnm xat24cr x1mh8g0r x1vvkbs xtlvy1s x126k92a\">\n<div dir=\"auto\"><\/div>\n<div dir=\"auto\"><\/div>\n<div dir=\"auto\"><\/div>\n<\/div>\n<\/div>\n<\/div>","protected":false},"excerpt":{"rendered":"<p>Pozivamo vas na tribinu \u201eOsna\u017eivanje LBTI \u017eena u borbi protiv rodno zasnovanog nasilja\u201c, koja \u0107e&#8230;<\/p>","protected":false},"author":1,"featured_media":22988,"comment_status":"closed","ping_status":"closed","sticky":false,"template":"","format":"standard","meta":{"content-type":"","inline_featured_image":false,"footnotes":""},"categories":[109],"tags":[282,124,678,679,177,152,165],"class_list":["post-22987","post","type-post","status-publish","format-standard","has-post-thumbnail","hentry","category-aktuelno","tag-community","tag-klara-i-rosa","tag-lcommunio","tag-lbti","tag-novi-sad","tag-subotica","tag-tribina"],"yoast_head":"<!-- This site is optimized with the Yoast SEO plugin v27.5 - https:\/\/yoast.com\/product\/yoast-seo-wordpress\/ -->\n<title>Tribina: Osna\u017eivanje LBTI \u017eena u borbi protiv rodno zasnovanog nasilja - Klara i Rosa<\/title>\n<meta name=\"robots\" content=\"index, follow, max-snippet:-1, max-image-preview:large, max-video-preview:-1\" \/>\n<link rel=\"canonical\" href=\"https:\/\/www.klarairosa.com\/hu\/tribina-osnazivanje-lbti-zena-u-borbi-protiv-rodno-zasnovanog-nasilja\/\" \/>\n<meta property=\"og:locale\" content=\"hu_HU\" \/>\n<meta property=\"og:type\" content=\"article\" \/>\n<meta property=\"og:title\" content=\"Tribina: Osna\u017eivanje LBTI \u017eena u borbi protiv rodno zasnovanog nasilja - Klara i Rosa\" \/>\n<meta property=\"og:description\" content=\"Pozivamo vas na tribinu \u201eOsna\u017eivanje LBTI \u017eena u borbi protiv rodno zasnovanog nasilja\u201c, koja \u0107e...\" \/>\n<meta property=\"og:url\" content=\"https:\/\/www.klarairosa.com\/hu\/tribina-osnazivanje-lbti-zena-u-borbi-protiv-rodno-zasnovanog-nasilja\/\" \/>\n<meta property=\"og:site_name\" content=\"Klara i Rosa\" \/>\n<meta property=\"article:publisher\" content=\"https:\/\/www.facebook.com\/klarairosa\/\" \/>\n<meta property=\"article:published_time\" content=\"2025-06-05T10:46:53+00:00\" \/>\n<meta property=\"og:image\" content=\"https:\/\/www.klarairosa.com\/wp-content\/uploads\/2025\/06\/Beige-Red-Refined-Scrapbook-Daily-Vlog-YouTube-Thumbnail.jpg\" \/>\n\t<meta property=\"og:image:width\" content=\"1352\" \/>\n\t<meta property=\"og:image:height\" content=\"1005\" \/>\n\t<meta property=\"og:image:type\" content=\"image\/jpeg\" \/>\n<meta name=\"author\" content=\"Klara i Rosa\" \/>\n<meta name=\"twitter:card\" content=\"summary_large_image\" \/>\n<meta name=\"twitter:label1\" content=\"Szerz\u0151:\" \/>\n\t<meta name=\"twitter:data1\" content=\"Klara i Rosa\" \/>\n\t<meta name=\"twitter:label2\" content=\"Becs\u00fclt olvas\u00e1si id\u0151\" \/>\n\t<meta name=\"twitter:data2\" content=\"1 perc\" \/>\n<script type=\"application\/ld+json\" class=\"yoast-schema-graph\">{\"@context\":\"https:\\\/\\\/schema.org\",\"@graph\":[{\"@type\":\"Article\",\"@id\":\"https:\\\/\\\/www.klarairosa.com\\\/tribina-osnazivanje-lbti-zena-u-borbi-protiv-rodno-zasnovanog-nasilja\\\/#article\",\"isPartOf\":{\"@id\":\"https:\\\/\\\/www.klarairosa.com\\\/tribina-osnazivanje-lbti-zena-u-borbi-protiv-rodno-zasnovanog-nasilja\\\/\"},\"author\":{\"name\":\"Klara i Rosa\",\"@id\":\"https:\\\/\\\/www.klarairosa.com\\\/en\\\/#\\\/schema\\\/person\\\/e4e7e9e5c8eeeddccf61e4532ae8e6ed\"},\"headline\":\"Tribina: Osna\u017eivanje LBTI \u017eena u borbi protiv rodno zasnovanog nasilja\",\"datePublished\":\"2025-06-05T10:46:53+00:00\",\"mainEntityOfPage\":{\"@id\":\"https:\\\/\\\/www.klarairosa.com\\\/tribina-osnazivanje-lbti-zena-u-borbi-protiv-rodno-zasnovanog-nasilja\\\/\"},\"wordCount\":250,\"publisher\":{\"@id\":\"https:\\\/\\\/www.klarairosa.com\\\/en\\\/#organization\"},\"image\":{\"@id\":\"https:\\\/\\\/www.klarairosa.com\\\/tribina-osnazivanje-lbti-zena-u-borbi-protiv-rodno-zasnovanog-nasilja\\\/#primaryimage\"},\"thumbnailUrl\":\"https:\\\/\\\/www.klarairosa.com\\\/wp-content\\\/uploads\\\/2025\\\/06\\\/Beige-Red-Refined-Scrapbook-Daily-Vlog-YouTube-Thumbnail.jpg\",\"keywords\":[\"community\",\"Klara i Rosa\",\"l'communio\",\"lbti\",\"novi sad\",\"subotica\",\"tribina\"],\"articleSection\":[\"Aktuelno\"],\"inLanguage\":\"hu\"},{\"@type\":\"WebPage\",\"@id\":\"https:\\\/\\\/www.klarairosa.com\\\/tribina-osnazivanje-lbti-zena-u-borbi-protiv-rodno-zasnovanog-nasilja\\\/\",\"url\":\"https:\\\/\\\/www.klarairosa.com\\\/tribina-osnazivanje-lbti-zena-u-borbi-protiv-rodno-zasnovanog-nasilja\\\/\",\"name\":\"Tribina: Osna\u017eivanje LBTI \u017eena u borbi protiv rodno zasnovanog nasilja - Klara i Rosa\",\"isPartOf\":{\"@id\":\"https:\\\/\\\/www.klarairosa.com\\\/en\\\/#website\"},\"primaryImageOfPage\":{\"@id\":\"https:\\\/\\\/www.klarairosa.com\\\/tribina-osnazivanje-lbti-zena-u-borbi-protiv-rodno-zasnovanog-nasilja\\\/#primaryimage\"},\"image\":{\"@id\":\"https:\\\/\\\/www.klarairosa.com\\\/tribina-osnazivanje-lbti-zena-u-borbi-protiv-rodno-zasnovanog-nasilja\\\/#primaryimage\"},\"thumbnailUrl\":\"https:\\\/\\\/www.klarairosa.com\\\/wp-content\\\/uploads\\\/2025\\\/06\\\/Beige-Red-Refined-Scrapbook-Daily-Vlog-YouTube-Thumbnail.jpg\",\"datePublished\":\"2025-06-05T10:46:53+00:00\",\"breadcrumb\":{\"@id\":\"https:\\\/\\\/www.klarairosa.com\\\/tribina-osnazivanje-lbti-zena-u-borbi-protiv-rodno-zasnovanog-nasilja\\\/#breadcrumb\"},\"inLanguage\":\"hu\",\"potentialAction\":[{\"@type\":\"ReadAction\",\"target\":[\"https:\\\/\\\/www.klarairosa.com\\\/tribina-osnazivanje-lbti-zena-u-borbi-protiv-rodno-zasnovanog-nasilja\\\/\"]}]},{\"@type\":\"ImageObject\",\"inLanguage\":\"hu\",\"@id\":\"https:\\\/\\\/www.klarairosa.com\\\/tribina-osnazivanje-lbti-zena-u-borbi-protiv-rodno-zasnovanog-nasilja\\\/#primaryimage\",\"url\":\"https:\\\/\\\/www.klarairosa.com\\\/wp-content\\\/uploads\\\/2025\\\/06\\\/Beige-Red-Refined-Scrapbook-Daily-Vlog-YouTube-Thumbnail.jpg\",\"contentUrl\":\"https:\\\/\\\/www.klarairosa.com\\\/wp-content\\\/uploads\\\/2025\\\/06\\\/Beige-Red-Refined-Scrapbook-Daily-Vlog-YouTube-Thumbnail.jpg\",\"width\":1352,\"height\":1005},{\"@type\":\"BreadcrumbList\",\"@id\":\"https:\\\/\\\/www.klarairosa.com\\\/tribina-osnazivanje-lbti-zena-u-borbi-protiv-rodno-zasnovanog-nasilja\\\/#breadcrumb\",\"itemListElement\":[{\"@type\":\"ListItem\",\"position\":1,\"name\":\"Home\",\"item\":\"https:\\\/\\\/www.klarairosa.com\\\/\"},{\"@type\":\"ListItem\",\"position\":2,\"name\":\"Tribina: Osna\u017eivanje LBTI \u017eena u borbi protiv rodno zasnovanog nasilja\"}]},{\"@type\":\"WebSite\",\"@id\":\"https:\\\/\\\/www.klarairosa.com\\\/en\\\/#website\",\"url\":\"https:\\\/\\\/www.klarairosa.com\\\/en\\\/\",\"name\":\"Klara i Rosa\",\"description\":\"Klara i Rosa\",\"publisher\":{\"@id\":\"https:\\\/\\\/www.klarairosa.com\\\/en\\\/#organization\"},\"potentialAction\":[{\"@type\":\"SearchAction\",\"target\":{\"@type\":\"EntryPoint\",\"urlTemplate\":\"https:\\\/\\\/www.klarairosa.com\\\/en\\\/?s={search_term_string}\"},\"query-input\":{\"@type\":\"PropertyValueSpecification\",\"valueRequired\":true,\"valueName\":\"search_term_string\"}}],\"inLanguage\":\"hu\"},{\"@type\":\"Organization\",\"@id\":\"https:\\\/\\\/www.klarairosa.com\\\/en\\\/#organization\",\"name\":\"Klara i Rosa\",\"url\":\"https:\\\/\\\/www.klarairosa.com\\\/en\\\/\",\"logo\":{\"@type\":\"ImageObject\",\"inLanguage\":\"hu\",\"@id\":\"https:\\\/\\\/www.klarairosa.com\\\/en\\\/#\\\/schema\\\/logo\\\/image\\\/\",\"url\":\"https:\\\/\\\/www.klarairosa.com\\\/wp-content\\\/uploads\\\/2022\\\/01\\\/logo.svg\",\"contentUrl\":\"https:\\\/\\\/www.klarairosa.com\\\/wp-content\\\/uploads\\\/2022\\\/01\\\/logo.svg\",\"width\":110,\"height\":139,\"caption\":\"Klara i Rosa\"},\"image\":{\"@id\":\"https:\\\/\\\/www.klarairosa.com\\\/en\\\/#\\\/schema\\\/logo\\\/image\\\/\"},\"sameAs\":[\"https:\\\/\\\/www.facebook.com\\\/klarairosa\\\/\",\"https:\\\/\\\/www.instagram.com\\\/ugklarairosa\\\/\"]},{\"@type\":\"Person\",\"@id\":\"https:\\\/\\\/www.klarairosa.com\\\/en\\\/#\\\/schema\\\/person\\\/e4e7e9e5c8eeeddccf61e4532ae8e6ed\",\"name\":\"Klara i Rosa\",\"image\":{\"@type\":\"ImageObject\",\"inLanguage\":\"hu\",\"@id\":\"https:\\\/\\\/secure.gravatar.com\\\/avatar\\\/c83ee539a067b9f57ae5d8999ae286c4f98b5c4bd943b8cbb64f6b0fc1f29e40?s=96&d=mm&r=g\",\"url\":\"https:\\\/\\\/secure.gravatar.com\\\/avatar\\\/c83ee539a067b9f57ae5d8999ae286c4f98b5c4bd943b8cbb64f6b0fc1f29e40?s=96&d=mm&r=g\",\"contentUrl\":\"https:\\\/\\\/secure.gravatar.com\\\/avatar\\\/c83ee539a067b9f57ae5d8999ae286c4f98b5c4bd943b8cbb64f6b0fc1f29e40?s=96&d=mm&r=g\",\"caption\":\"Klara i Rosa\"},\"sameAs\":[\"https:\\\/\\\/klarairosa.com\"],\"url\":\"https:\\\/\\\/www.klarairosa.com\\\/hu\\\/author\\\/rosaiklara\\\/\"}]}<\/script>\n<!-- \/ Yoast SEO plugin. -->","yoast_head_json":{"title":"Tribina: Osna\u017eivanje LBTI \u017eena u borbi protiv rodno zasnovanog nasilja - Klara i Rosa","robots":{"index":"index","follow":"follow","max-snippet":"max-snippet:-1","max-image-preview":"max-image-preview:large","max-video-preview":"max-video-preview:-1"},"canonical":"https:\/\/www.klarairosa.com\/hu\/tribina-osnazivanje-lbti-zena-u-borbi-protiv-rodno-zasnovanog-nasilja\/","og_locale":"hu_HU","og_type":"article","og_title":"Tribina: Osna\u017eivanje LBTI \u017eena u borbi protiv rodno zasnovanog nasilja - Klara i Rosa","og_description":"Pozivamo vas na tribinu \u201eOsna\u017eivanje LBTI \u017eena u borbi protiv rodno zasnovanog nasilja\u201c, koja \u0107e...","og_url":"https:\/\/www.klarairosa.com\/hu\/tribina-osnazivanje-lbti-zena-u-borbi-protiv-rodno-zasnovanog-nasilja\/","og_site_name":"Klara i Rosa","article_publisher":"https:\/\/www.facebook.com\/klarairosa\/","article_published_time":"2025-06-05T10:46:53+00:00","og_image":[{"width":1352,"height":1005,"url":"https:\/\/www.klarairosa.com\/wp-content\/uploads\/2025\/06\/Beige-Red-Refined-Scrapbook-Daily-Vlog-YouTube-Thumbnail.jpg","type":"image\/jpeg"}],"author":"Klara i Rosa","twitter_card":"summary_large_image","twitter_misc":{"Szerz\u0151:":"Klara i Rosa","Becs\u00fclt olvas\u00e1si id\u0151":"1 perc"},"schema":{"@context":"https:\/\/schema.org","@graph":[{"@type":"Article","@id":"https:\/\/www.klarairosa.com\/tribina-osnazivanje-lbti-zena-u-borbi-protiv-rodno-zasnovanog-nasilja\/#article","isPartOf":{"@id":"https:\/\/www.klarairosa.com\/tribina-osnazivanje-lbti-zena-u-borbi-protiv-rodno-zasnovanog-nasilja\/"},"author":{"name":"Klara i Rosa","@id":"https:\/\/www.klarairosa.com\/en\/#\/schema\/person\/e4e7e9e5c8eeeddccf61e4532ae8e6ed"},"headline":"Tribina: Osna\u017eivanje LBTI \u017eena u borbi protiv rodno zasnovanog nasilja","datePublished":"2025-06-05T10:46:53+00:00","mainEntityOfPage":{"@id":"https:\/\/www.klarairosa.com\/tribina-osnazivanje-lbti-zena-u-borbi-protiv-rodno-zasnovanog-nasilja\/"},"wordCount":250,"publisher":{"@id":"https:\/\/www.klarairosa.com\/en\/#organization"},"image":{"@id":"https:\/\/www.klarairosa.com\/tribina-osnazivanje-lbti-zena-u-borbi-protiv-rodno-zasnovanog-nasilja\/#primaryimage"},"thumbnailUrl":"https:\/\/www.klarairosa.com\/wp-content\/uploads\/2025\/06\/Beige-Red-Refined-Scrapbook-Daily-Vlog-YouTube-Thumbnail.jpg","keywords":["community","Klara i Rosa","l'communio","lbti","novi sad","subotica","tribina"],"articleSection":["Aktuelno"],"inLanguage":"hu"},{"@type":"WebPage","@id":"https:\/\/www.klarairosa.com\/tribina-osnazivanje-lbti-zena-u-borbi-protiv-rodno-zasnovanog-nasilja\/","url":"https:\/\/www.klarairosa.com\/tribina-osnazivanje-lbti-zena-u-borbi-protiv-rodno-zasnovanog-nasilja\/","name":"Tribina: Osna\u017eivanje LBTI \u017eena u borbi protiv rodno zasnovanog nasilja - Klara i Rosa","isPartOf":{"@id":"https:\/\/www.klarairosa.com\/en\/#website"},"primaryImageOfPage":{"@id":"https:\/\/www.klarairosa.com\/tribina-osnazivanje-lbti-zena-u-borbi-protiv-rodno-zasnovanog-nasilja\/#primaryimage"},"image":{"@id":"https:\/\/www.klarairosa.com\/tribina-osnazivanje-lbti-zena-u-borbi-protiv-rodno-zasnovanog-nasilja\/#primaryimage"},"thumbnailUrl":"https:\/\/www.klarairosa.com\/wp-content\/uploads\/2025\/06\/Beige-Red-Refined-Scrapbook-Daily-Vlog-YouTube-Thumbnail.jpg","datePublished":"2025-06-05T10:46:53+00:00","breadcrumb":{"@id":"https:\/\/www.klarairosa.com\/tribina-osnazivanje-lbti-zena-u-borbi-protiv-rodno-zasnovanog-nasilja\/#breadcrumb"},"inLanguage":"hu","potentialAction":[{"@type":"ReadAction","target":["https:\/\/www.klarairosa.com\/tribina-osnazivanje-lbti-zena-u-borbi-protiv-rodno-zasnovanog-nasilja\/"]}]},{"@type":"ImageObject","inLanguage":"hu","@id":"https:\/\/www.klarairosa.com\/tribina-osnazivanje-lbti-zena-u-borbi-protiv-rodno-zasnovanog-nasilja\/#primaryimage","url":"https:\/\/www.klarairosa.com\/wp-content\/uploads\/2025\/06\/Beige-Red-Refined-Scrapbook-Daily-Vlog-YouTube-Thumbnail.jpg","contentUrl":"https:\/\/www.klarairosa.com\/wp-content\/uploads\/2025\/06\/Beige-Red-Refined-Scrapbook-Daily-Vlog-YouTube-Thumbnail.jpg","width":1352,"height":1005},{"@type":"BreadcrumbList","@id":"https:\/\/www.klarairosa.com\/tribina-osnazivanje-lbti-zena-u-borbi-protiv-rodno-zasnovanog-nasilja\/#breadcrumb","itemListElement":[{"@type":"ListItem","position":1,"name":"Home","item":"https:\/\/www.klarairosa.com\/"},{"@type":"ListItem","position":2,"name":"Tribina: Osna\u017eivanje LBTI \u017eena u borbi protiv rodno zasnovanog nasilja"}]},{"@type":"WebSite","@id":"https:\/\/www.klarairosa.com\/en\/#website","url":"https:\/\/www.klarairosa.com\/en\/","name":"Kl\u00e1ra \u00e9s Rosa Egyes\u00fclet","description":"Kl\u00e1ra \u00e9s Rosa Egyes\u00fclet","publisher":{"@id":"https:\/\/www.klarairosa.com\/en\/#organization"},"potentialAction":[{"@type":"SearchAction","target":{"@type":"EntryPoint","urlTemplate":"https:\/\/www.klarairosa.com\/en\/?s={search_term_string}"},"query-input":{"@type":"PropertyValueSpecification","valueRequired":true,"valueName":"search_term_string"}}],"inLanguage":"hu"},{"@type":"Organization","@id":"https:\/\/www.klarairosa.com\/en\/#organization","name":"Kl\u00e1ra \u00e9s Rosa Egyes\u00fclet","url":"https:\/\/www.klarairosa.com\/en\/","logo":{"@type":"ImageObject","inLanguage":"hu","@id":"https:\/\/www.klarairosa.com\/en\/#\/schema\/logo\/image\/","url":"https:\/\/www.klarairosa.com\/wp-content\/uploads\/2022\/01\/logo.svg","contentUrl":"https:\/\/www.klarairosa.com\/wp-content\/uploads\/2022\/01\/logo.svg","width":110,"height":139,"caption":"Klara i Rosa"},"image":{"@id":"https:\/\/www.klarairosa.com\/en\/#\/schema\/logo\/image\/"},"sameAs":["https:\/\/www.facebook.com\/klarairosa\/","https:\/\/www.instagram.com\/ugklarairosa\/"]},{"@type":"Person","@id":"https:\/\/www.klarairosa.com\/en\/#\/schema\/person\/e4e7e9e5c8eeeddccf61e4532ae8e6ed","name":"Kl\u00e1ra \u00e9s Rosa Egyes\u00fclet","image":{"@type":"ImageObject","inLanguage":"hu","@id":"https:\/\/secure.gravatar.com\/avatar\/c83ee539a067b9f57ae5d8999ae286c4f98b5c4bd943b8cbb64f6b0fc1f29e40?s=96&d=mm&r=g","url":"https:\/\/secure.gravatar.com\/avatar\/c83ee539a067b9f57ae5d8999ae286c4f98b5c4bd943b8cbb64f6b0fc1f29e40?s=96&d=mm&r=g","contentUrl":"https:\/\/secure.gravatar.com\/avatar\/c83ee539a067b9f57ae5d8999ae286c4f98b5c4bd943b8cbb64f6b0fc1f29e40?s=96&d=mm&r=g","caption":"Klara i Rosa"},"sameAs":["https:\/\/klarairosa.com"],"url":"https:\/\/www.klarairosa.com\/hu\/author\/rosaiklara\/"}]}},"_links":{"self":[{"href":"https:\/\/www.klarairosa.com\/hu\/wp-json\/wp\/v2\/posts\/22987","targetHints":{"allow":["GET"]}}],"collection":[{"href":"https:\/\/www.klarairosa.com\/hu\/wp-json\/wp\/v2\/posts"}],"about":[{"href":"https:\/\/www.klarairosa.com\/hu\/wp-json\/wp\/v2\/types\/post"}],"author":[{"embeddable":true,"href":"https:\/\/www.klarairosa.com\/hu\/wp-json\/wp\/v2\/users\/1"}],"replies":[{"embeddable":true,"href":"https:\/\/www.klarairosa.com\/hu\/wp-json\/wp\/v2\/comments?post=22987"}],"version-history":[{"count":1,"href":"https:\/\/www.klarairosa.com\/hu\/wp-json\/wp\/v2\/posts\/22987\/revisions"}],"predecessor-version":[{"id":22989,"href":"https:\/\/www.klarairosa.com\/hu\/wp-json\/wp\/v2\/posts\/22987\/revisions\/22989"}],"wp:featuredmedia":[{"embeddable":true,"href":"https:\/\/www.klarairosa.com\/hu\/wp-json\/wp\/v2\/media\/22988"}],"wp:attachment":[{"href":"https:\/\/www.klarairosa.com\/hu\/wp-json\/wp\/v2\/media?parent=22987"}],"wp:term":[{"taxonomy":"category","embeddable":true,"href":"https:\/\/www.klarairosa.com\/hu\/wp-json\/wp\/v2\/categories?post=22987"},{"taxonomy":"post_tag","embeddable":true,"href":"https:\/\/www.klarairosa.com\/hu\/wp-json\/wp\/v2\/tags?post=22987"}],"curies":[{"name":"wp","href":"https:\/\/api.w.org\/{rel}","templated":true}]}}