{"id":22954,"date":"2025-05-16T10:55:13","date_gmt":"2025-05-16T10:55:13","guid":{"rendered":"https:\/\/www.klarairosa.com\/?p=22954"},"modified":"2025-06-03T11:19:33","modified_gmt":"2025-06-03T11:19:33","slug":"postani-volonter-ka-za-solidarnost-i-inkluziju","status":"publish","type":"post","link":"https:\/\/www.klarairosa.com\/hu\/postani-volonter-ka-za-solidarnost-i-inkluziju\/","title":{"rendered":"LEGY\u00c9L \u00d6NK\u00c9NTES A SZOLIDARIT\u00c1S\u00c9RT \u00c9S AZ INKLUZIVIT\u00c1S\u00c9RT"},"content":{"rendered":"<div class=\"xdj266r x11i5rnm xat24cr x1mh8g0r x1vvkbs x126k92a\">\n<div dir=\"auto\" style=\"text-align: justify;\">\n<div class=\"x11i5rnm xat24cr x1mh8g0r x1vvkbs xtlvy1s x126k92a\">\n<div dir=\"auto\">\n<div class=\"xdj266r x11i5rnm xat24cr x1mh8g0r x1vvkbs x126k92a\">\n<div dir=\"auto\">\n<p>Azt k\u00e9rded, hogyan kapcsol\u00f3dhatsz be az \u00f6nk\u00e9ntesked\u00e9sbe Szabadk\u00e1n? Itt az alkalom!<\/p>\n<p>.<\/p>\n<p><strong>A Kl\u00e1ra \u00e9s Rosa Egyes\u00fclet megh\u00edv t\u00e9ged egy eg\u00e9sz napos k\u00e9pz\u00e9sre \u00f6nk\u00e9ntesek sz\u00e1m\u00e1ra, amelyet m\u00e1jus 22-\u00e9n 10-t\u0151l 16h-ig tartunk az egyes\u00fclet \u00e9p\u00fclet\u00e9ben (Pet\u0151fi S\u00e1ndor u. 15.).<\/strong><\/p>\n<p>.<br \/>\nA k\u00e9pz\u00e9st mindazoknak tal\u00e1ltuk ki, akik szeretn\u00e9nek emberekkel dolgozni, k\u00fcl\u00f6n\u00f6sk\u00e9ppen a vesz\u00e9lyeztetett csoportokkal, \u00e9s akik hisznek abban, hogy a meg tudjuk v\u00e1ltoztatni a t\u00e1rsadalmat szolidarit\u00e1ssal, emp\u00e1ti\u00e1val \u00e9s k\u00f6z\u00f6ss\u00e9gi tev\u00e9kenys\u00e9ggel.<\/p>\n<p>.<br \/>\n<strong>A k\u00e9pz\u00e9s sor\u00e1n a k\u00f6vetkez\u0151 t\u00e9m\u00e1kat dolgozzuk fel:<\/strong><br \/>\n- Mi az \u00f6nk\u00e9ntesked\u00e9s, \u00e9s mi\u00e9rt fontos?<br \/>\n- Hogyan fejlessz\u00fck az emp\u00e1ti\u00e1t \u00e9s haszn\u00e1ljuk a k\u00f6z\u00f6ss\u00e9gi munk\u00e1ban?<br \/>\n- Interkultur\u00e1lis kommunk\u00e1ci\u00f3 \u00e9s az inkl\u00fazi\u00f3 alapjai<br \/>\n- Hogyan ismerj\u00fck fel \u00e9s kezelj\u00fck a ki\u00e9g\u00e9st?<br \/>\n- Alapfogalmak a migr\u00e1ci\u00f3val \u00e9s annak kih\u00edv\u00e1saival kacsolatban<\/p>\n<p>.<\/p>\n<p><strong>A k\u00e9pz\u00e9s abban seg\u00edt neked, hogy:<\/strong><br \/>\n- jobban meg\u00e9rtsd a migr\u00e1ci\u00f3t \u00e9s a t\u00e1rsadalmi v\u00e1ltoz\u00e1sokat<br \/>\n- kibontakoztasd k\u00e9pess\u00e9geidet, amivel kommunik\u00e1lsz \u00e9s m\u00e1sokat t\u00e1mogatsz<br \/>\n- r\u00e9szt vegy\u00e9l olyan tev\u00e9kenys\u00e9gek szervez\u00e9s\u00e9ben, amik k\u00f6zelebb hozz\u00e1k az embereket a saj\u00e1t\nk\u00f6z\u00f6ss\u00e9gedben.<\/p>\n<p>.<br \/>\nJelentkezz egy r\u00f6vid k\u00e9rd\u0151\u00edv megv\u00e1laszol\u00e1s\u00e1val: <a href=\"https:\/\/docs.google.com\/forms\/d\/e\/1FAIpQLSfu-QU4dYzN9wxfXOLBq3764LqbGuEouOgFoMS02yLrqTSjSg\/viewform\">https:\/\/forms.gle\/7cZTwXE6TcuAHS4G6<\/a><\/p>\n<p>.<br \/>\nEz a m\u0171helymunka\/ tev\u00e9kenys\u00e9g az \u201eA szerb migr\u00e1ci\u00f3s v\u00e1laszad\u00e1s \u00e9s a befogad\u00f3 t\u00e1rsadalom meger\u0151s\u00edt\u00e9se\u02ee projekt keret\u00e9ben val\u00f3sul meg az Eur\u00f3pai Uni\u00f3 t\u00e1mogat\u00e1s\u00e1val, amit a Menek\u00fclt\u00fcgyi K\u00f6zpont, a Kl\u00e1ra \u00e9s Rosa, a Vajdas\u00e1gi \u00d6nk\u00e9ntes K\u00f6zpont \u00e9s a Dituria k\u00f6z\u00f6sen val\u00f3s\u00edt meg. A felh\u00edv\u00e1s tartalma a projekt partnerek kiz\u00e1r\u00f3lagos felel\u0151ss\u00e9ge, \u00e9s nem felt\u00e9tlen\u00fcl t\u00fckr\u00f6zi az Eur\u00f3pai Uni\u00f3 n\u00e9zeteit.<\/p>\n<p>.<br \/>\n<strong>Csatlakozz \u2013 egy\u00fctt t\u00f6bbet tehet\u00fcnk! \u00c9p\u00edts\u00fcnk egy\u00fctt egy igazs\u00e1gosabb, szolid\u00e1risabb \u00e9s empatikusabb \u00e1rsadalmat!<\/strong><\/p>\n<p>.<\/p>\n<p data-start=\"307\" data-end=\"473\" data-is-last-node=\"\" data-is-only-node=\"\"><img fetchpriority=\"high\" decoding=\"async\" class=\"alignnone size-medium wp-image-22982\" src=\"https:\/\/www.klarairosa.com\/wp-content\/uploads\/2025\/05\/viber_image_2025-05-22_12-27-34-676-300x225.jpg\" alt=\"\" width=\"300\" height=\"225\" srcset=\"https:\/\/www.klarairosa.com\/wp-content\/uploads\/2025\/05\/viber_image_2025-05-22_12-27-34-676-300x225.jpg 300w, https:\/\/www.klarairosa.com\/wp-content\/uploads\/2025\/05\/viber_image_2025-05-22_12-27-34-676-16x12.jpg 16w, https:\/\/www.klarairosa.com\/wp-content\/uploads\/2025\/05\/viber_image_2025-05-22_12-27-34-676-700x525.jpg 700w, https:\/\/www.klarairosa.com\/wp-content\/uploads\/2025\/05\/viber_image_2025-05-22_12-27-34-676.jpg 702w\" sizes=\"(max-width: 300px) 100vw, 300px\" \/><img decoding=\"async\" class=\"alignnone size-medium wp-image-22983\" src=\"https:\/\/www.klarairosa.com\/wp-content\/uploads\/2025\/05\/viber_image_2025-05-22_12-27-34-717-300x225.jpg\" alt=\"\" width=\"300\" height=\"225\" srcset=\"https:\/\/www.klarairosa.com\/wp-content\/uploads\/2025\/05\/viber_image_2025-05-22_12-27-34-717-300x225.jpg 300w, https:\/\/www.klarairosa.com\/wp-content\/uploads\/2025\/05\/viber_image_2025-05-22_12-27-34-717-16x12.jpg 16w, https:\/\/www.klarairosa.com\/wp-content\/uploads\/2025\/05\/viber_image_2025-05-22_12-27-34-717-700x525.jpg 700w, https:\/\/www.klarairosa.com\/wp-content\/uploads\/2025\/05\/viber_image_2025-05-22_12-27-34-717.jpg 702w\" sizes=\"(max-width: 300px) 100vw, 300px\" \/><img decoding=\"async\" class=\"alignnone size-medium wp-image-22984\" src=\"https:\/\/www.klarairosa.com\/wp-content\/uploads\/2025\/05\/volonteri-300x225.jpg\" alt=\"\" width=\"300\" height=\"225\" srcset=\"https:\/\/www.klarairosa.com\/wp-content\/uploads\/2025\/05\/volonteri-300x225.jpg 300w, https:\/\/www.klarairosa.com\/wp-content\/uploads\/2025\/05\/volonteri-16x12.jpg 16w, https:\/\/www.klarairosa.com\/wp-content\/uploads\/2025\/05\/volonteri-700x525.jpg 700w, https:\/\/www.klarairosa.com\/wp-content\/uploads\/2025\/05\/volonteri.jpg 702w\" sizes=\"(max-width: 300px) 100vw, 300px\" \/><img loading=\"lazy\" decoding=\"async\" class=\"alignnone size-medium wp-image-22981\" src=\"https:\/\/www.klarairosa.com\/wp-content\/uploads\/2025\/05\/viber_image_2025-05-22_12-27-34-615-300x225.jpg\" alt=\"\" width=\"300\" height=\"225\" srcset=\"https:\/\/www.klarairosa.com\/wp-content\/uploads\/2025\/05\/viber_image_2025-05-22_12-27-34-615-300x225.jpg 300w, https:\/\/www.klarairosa.com\/wp-content\/uploads\/2025\/05\/viber_image_2025-05-22_12-27-34-615-16x12.jpg 16w, https:\/\/www.klarairosa.com\/wp-content\/uploads\/2025\/05\/viber_image_2025-05-22_12-27-34-615-700x525.jpg 700w, https:\/\/www.klarairosa.com\/wp-content\/uploads\/2025\/05\/viber_image_2025-05-22_12-27-34-615.jpg 702w\" sizes=\"(max-width: 300px) 100vw, 300px\" \/>.<\/p>\n<\/div>\n<\/div>\n<div dir=\"auto\"><img loading=\"lazy\" decoding=\"async\" class=\"alignnone wp-image-22652\" src=\"https:\/\/www.klarairosa.com\/wp-content\/uploads\/2025\/02\/logo-kir.png\" alt=\"\" width=\"48\" height=\"56\" srcset=\"https:\/\/www.klarairosa.com\/wp-content\/uploads\/2025\/02\/logo-kir.png 250w, https:\/\/www.klarairosa.com\/wp-content\/uploads\/2025\/02\/logo-kir-10x12.png 10w\" sizes=\"(max-width: 48px) 100vw, 48px\" \/><img loading=\"lazy\" decoding=\"async\" class=\"alignnone wp-image-22653\" src=\"https:\/\/www.klarairosa.com\/wp-content\/uploads\/2025\/02\/LOGO-DITURIA-300x194.png\" alt=\"\" width=\"90\" height=\"58\" srcset=\"https:\/\/www.klarairosa.com\/wp-content\/uploads\/2025\/02\/LOGO-DITURIA-300x194.png 300w, https:\/\/www.klarairosa.com\/wp-content\/uploads\/2025\/02\/LOGO-DITURIA-1024x663.png 1024w, https:\/\/www.klarairosa.com\/wp-content\/uploads\/2025\/02\/LOGO-DITURIA-768x497.png 768w, https:\/\/www.klarairosa.com\/wp-content\/uploads\/2025\/02\/LOGO-DITURIA-1536x994.png 1536w, https:\/\/www.klarairosa.com\/wp-content\/uploads\/2025\/02\/LOGO-DITURIA-18x12.png 18w, https:\/\/www.klarairosa.com\/wp-content\/uploads\/2025\/02\/LOGO-DITURIA-400x260.png 400w, https:\/\/www.klarairosa.com\/wp-content\/uploads\/2025\/02\/LOGO-DITURIA-700x453.png 700w, https:\/\/www.klarairosa.com\/wp-content\/uploads\/2025\/02\/LOGO-DITURIA.png 2048w\" sizes=\"(max-width: 90px) 100vw, 90px\" \/><img loading=\"lazy\" decoding=\"async\" class=\"alignnone wp-image-22654\" src=\"https:\/\/www.klarairosa.com\/wp-content\/uploads\/2025\/02\/EUzaTebe_logo-300x81.png\" alt=\"\" width=\"167\" height=\"45\" srcset=\"https:\/\/www.klarairosa.com\/wp-content\/uploads\/2025\/02\/EUzaTebe_logo-300x81.png 300w, https:\/\/www.klarairosa.com\/wp-content\/uploads\/2025\/02\/EUzaTebe_logo-768x208.png 768w, https:\/\/www.klarairosa.com\/wp-content\/uploads\/2025\/02\/EUzaTebe_logo-18x5.png 18w, https:\/\/www.klarairosa.com\/wp-content\/uploads\/2025\/02\/EUzaTebe_logo-700x190.png 700w, https:\/\/www.klarairosa.com\/wp-content\/uploads\/2025\/02\/EUzaTebe_logo.png 959w\" sizes=\"(max-width: 167px) 100vw, 167px\" \/> \u00a0<img loading=\"lazy\" decoding=\"async\" class=\"alignnone wp-image-22655\" src=\"https:\/\/www.klarairosa.com\/wp-content\/uploads\/2025\/02\/cropped-cropped-cropped-VCV_logo_positive-300x300.png\" alt=\"\" width=\"63\" height=\"63\" srcset=\"https:\/\/www.klarairosa.com\/wp-content\/uploads\/2025\/02\/cropped-cropped-cropped-VCV_logo_positive-300x300.png 300w, https:\/\/www.klarairosa.com\/wp-content\/uploads\/2025\/02\/cropped-cropped-cropped-VCV_logo_positive-150x150.png 150w, https:\/\/www.klarairosa.com\/wp-content\/uploads\/2025\/02\/cropped-cropped-cropped-VCV_logo_positive-12x12.png 12w, https:\/\/www.klarairosa.com\/wp-content\/uploads\/2025\/02\/cropped-cropped-cropped-VCV_logo_positive-500x500.png 500w, https:\/\/www.klarairosa.com\/wp-content\/uploads\/2025\/02\/cropped-cropped-cropped-VCV_logo_positive.png 512w\" sizes=\"(max-width: 63px) 100vw, 63px\" \/>\u00a0 \u00a0<img loading=\"lazy\" decoding=\"async\" class=\"alignnone wp-image-22656\" src=\"https:\/\/www.klarairosa.com\/wp-content\/uploads\/2025\/02\/apc-logo-300x100.png\" alt=\"\" width=\"183\" height=\"61\" srcset=\"https:\/\/www.klarairosa.com\/wp-content\/uploads\/2025\/02\/apc-logo-300x100.png 300w, https:\/\/www.klarairosa.com\/wp-content\/uploads\/2025\/02\/apc-logo-18x6.png 18w, https:\/\/www.klarairosa.com\/wp-content\/uploads\/2025\/02\/apc-logo.png 419w\" sizes=\"(max-width: 183px) 100vw, 183px\" \/><\/div>\n<\/div>\n<\/div>\n<div class=\"x11i5rnm xat24cr x1mh8g0r x1vvkbs xtlvy1s x126k92a\">\n<div dir=\"auto\"><\/div>\n<div dir=\"auto\"><\/div>\n<div dir=\"auto\"><\/div>\n<\/div>\n<\/div>\n<\/div>","protected":false},"excerpt":{"rendered":"<p>Pita\u0161 se kako da se uklju\u010di\u0161 i volontira\u0161 u Subotici? Evo prilike! . Udru\u017eenje Klara&#8230;<\/p>","protected":false},"author":1,"featured_media":22956,"comment_status":"closed","ping_status":"closed","sticky":false,"template":"","format":"standard","meta":{"content-type":"","inline_featured_image":false,"footnotes":""},"categories":[109],"tags":[312,604,282,602,589,124,152,575,601,600],"class_list":["post-22954","post","type-post","status-publish","format-standard","has-post-thumbnail","hentry","category-aktuelno","tag-312","tag-apc","tag-community","tag-dituria","tag-euzatebe","tag-klara-i-rosa","tag-subotica","tag-szabadka","tag-volonteri","tag-volontiranje"],"yoast_head":"<!-- This site is optimized with the Yoast SEO plugin v27.5 - https:\/\/yoast.com\/product\/yoast-seo-wordpress\/ -->\n<title>POSTANI VOLONTER\/KA ZA SOLIDARNOST I INKLUZIJU - Klara i Rosa<\/title>\n<meta name=\"robots\" content=\"index, follow, max-snippet:-1, max-image-preview:large, max-video-preview:-1\" \/>\n<link rel=\"canonical\" href=\"https:\/\/www.klarairosa.com\/hu\/postani-volonter-ka-za-solidarnost-i-inkluziju\/\" \/>\n<meta property=\"og:locale\" content=\"hu_HU\" \/>\n<meta property=\"og:type\" content=\"article\" \/>\n<meta property=\"og:title\" content=\"POSTANI VOLONTER\/KA ZA SOLIDARNOST I INKLUZIJU - Klara i Rosa\" \/>\n<meta property=\"og:description\" content=\"Pita\u0161 se kako da se uklju\u010di\u0161 i volontira\u0161 u Subotici? Evo prilike! . Udru\u017eenje Klara...\" \/>\n<meta property=\"og:url\" content=\"https:\/\/www.klarairosa.com\/hu\/postani-volonter-ka-za-solidarnost-i-inkluziju\/\" \/>\n<meta property=\"og:site_name\" content=\"Klara i Rosa\" \/>\n<meta property=\"article:publisher\" content=\"https:\/\/www.facebook.com\/klarairosa\/\" \/>\n<meta property=\"article:published_time\" content=\"2025-05-16T10:55:13+00:00\" \/>\n<meta property=\"article:modified_time\" content=\"2025-06-03T11:19:33+00:00\" \/>\n<meta property=\"og:image\" content=\"https:\/\/www.klarairosa.com\/wp-content\/uploads\/2025\/05\/Simple-Typography-We-are-Open-Facebook-Post-1352-x-1005-px-1352-x-1005-px-1-e1757497475531.jpg\" \/>\n\t<meta property=\"og:image:width\" content=\"1080\" \/>\n\t<meta property=\"og:image:height\" content=\"238\" \/>\n\t<meta property=\"og:image:type\" content=\"image\/jpeg\" \/>\n<meta name=\"author\" content=\"Klara i Rosa\" \/>\n<meta name=\"twitter:card\" content=\"summary_large_image\" \/>\n<meta name=\"twitter:label1\" content=\"Szerz\u0151:\" \/>\n\t<meta name=\"twitter:data1\" content=\"Klara i Rosa\" \/>\n\t<meta name=\"twitter:label2\" content=\"Becs\u00fclt olvas\u00e1si id\u0151\" \/>\n\t<meta name=\"twitter:data2\" content=\"1 perc\" \/>\n<script type=\"application\/ld+json\" class=\"yoast-schema-graph\">{\"@context\":\"https:\\\/\\\/schema.org\",\"@graph\":[{\"@type\":\"Article\",\"@id\":\"https:\\\/\\\/www.klarairosa.com\\\/postani-volonter-ka-za-solidarnost-i-inkluziju\\\/#article\",\"isPartOf\":{\"@id\":\"https:\\\/\\\/www.klarairosa.com\\\/postani-volonter-ka-za-solidarnost-i-inkluziju\\\/\"},\"author\":{\"name\":\"Klara i Rosa\",\"@id\":\"https:\\\/\\\/www.klarairosa.com\\\/en\\\/#\\\/schema\\\/person\\\/e4e7e9e5c8eeeddccf61e4532ae8e6ed\"},\"headline\":\"POSTANI VOLONTER\\\/KA ZA SOLIDARNOST I INKLUZIJU\",\"datePublished\":\"2025-05-16T10:55:13+00:00\",\"dateModified\":\"2025-06-03T11:19:33+00:00\",\"mainEntityOfPage\":{\"@id\":\"https:\\\/\\\/www.klarairosa.com\\\/postani-volonter-ka-za-solidarnost-i-inkluziju\\\/\"},\"wordCount\":260,\"publisher\":{\"@id\":\"https:\\\/\\\/www.klarairosa.com\\\/en\\\/#organization\"},\"image\":{\"@id\":\"https:\\\/\\\/www.klarairosa.com\\\/postani-volonter-ka-za-solidarnost-i-inkluziju\\\/#primaryimage\"},\"thumbnailUrl\":\"https:\\\/\\\/www.klarairosa.com\\\/wp-content\\\/uploads\\\/2025\\\/05\\\/Simple-Typography-We-are-Open-Facebook-Post-1352-x-1005-px-1352-x-1005-px-1-e1757497475531.jpg\",\"keywords\":[\"2024\",\"apc\",\"community\",\"dituria\",\"euzatebe\",\"Klara i Rosa\",\"subotica\",\"szabadka\",\"volonteri\",\"volontiranje\"],\"articleSection\":[\"Aktuelno\"],\"inLanguage\":\"hu\"},{\"@type\":\"WebPage\",\"@id\":\"https:\\\/\\\/www.klarairosa.com\\\/postani-volonter-ka-za-solidarnost-i-inkluziju\\\/\",\"url\":\"https:\\\/\\\/www.klarairosa.com\\\/postani-volonter-ka-za-solidarnost-i-inkluziju\\\/\",\"name\":\"POSTANI VOLONTER\\\/KA ZA SOLIDARNOST I INKLUZIJU - Klara i Rosa\",\"isPartOf\":{\"@id\":\"https:\\\/\\\/www.klarairosa.com\\\/en\\\/#website\"},\"primaryImageOfPage\":{\"@id\":\"https:\\\/\\\/www.klarairosa.com\\\/postani-volonter-ka-za-solidarnost-i-inkluziju\\\/#primaryimage\"},\"image\":{\"@id\":\"https:\\\/\\\/www.klarairosa.com\\\/postani-volonter-ka-za-solidarnost-i-inkluziju\\\/#primaryimage\"},\"thumbnailUrl\":\"https:\\\/\\\/www.klarairosa.com\\\/wp-content\\\/uploads\\\/2025\\\/05\\\/Simple-Typography-We-are-Open-Facebook-Post-1352-x-1005-px-1352-x-1005-px-1-e1757497475531.jpg\",\"datePublished\":\"2025-05-16T10:55:13+00:00\",\"dateModified\":\"2025-06-03T11:19:33+00:00\",\"breadcrumb\":{\"@id\":\"https:\\\/\\\/www.klarairosa.com\\\/postani-volonter-ka-za-solidarnost-i-inkluziju\\\/#breadcrumb\"},\"inLanguage\":\"hu\",\"potentialAction\":[{\"@type\":\"ReadAction\",\"target\":[\"https:\\\/\\\/www.klarairosa.com\\\/postani-volonter-ka-za-solidarnost-i-inkluziju\\\/\"]}]},{\"@type\":\"ImageObject\",\"inLanguage\":\"hu\",\"@id\":\"https:\\\/\\\/www.klarairosa.com\\\/postani-volonter-ka-za-solidarnost-i-inkluziju\\\/#primaryimage\",\"url\":\"https:\\\/\\\/www.klarairosa.com\\\/wp-content\\\/uploads\\\/2025\\\/05\\\/Simple-Typography-We-are-Open-Facebook-Post-1352-x-1005-px-1352-x-1005-px-1-e1757497475531.jpg\",\"contentUrl\":\"https:\\\/\\\/www.klarairosa.com\\\/wp-content\\\/uploads\\\/2025\\\/05\\\/Simple-Typography-We-are-Open-Facebook-Post-1352-x-1005-px-1352-x-1005-px-1-e1757497475531.jpg\",\"width\":1080,\"height\":238},{\"@type\":\"BreadcrumbList\",\"@id\":\"https:\\\/\\\/www.klarairosa.com\\\/postani-volonter-ka-za-solidarnost-i-inkluziju\\\/#breadcrumb\",\"itemListElement\":[{\"@type\":\"ListItem\",\"position\":1,\"name\":\"Home\",\"item\":\"https:\\\/\\\/www.klarairosa.com\\\/\"},{\"@type\":\"ListItem\",\"position\":2,\"name\":\"POSTANI VOLONTER\\\/KA ZA SOLIDARNOST I INKLUZIJU\"}]},{\"@type\":\"WebSite\",\"@id\":\"https:\\\/\\\/www.klarairosa.com\\\/en\\\/#website\",\"url\":\"https:\\\/\\\/www.klarairosa.com\\\/en\\\/\",\"name\":\"Klara i Rosa\",\"description\":\"Klara i Rosa\",\"publisher\":{\"@id\":\"https:\\\/\\\/www.klarairosa.com\\\/en\\\/#organization\"},\"potentialAction\":[{\"@type\":\"SearchAction\",\"target\":{\"@type\":\"EntryPoint\",\"urlTemplate\":\"https:\\\/\\\/www.klarairosa.com\\\/en\\\/?s={search_term_string}\"},\"query-input\":{\"@type\":\"PropertyValueSpecification\",\"valueRequired\":true,\"valueName\":\"search_term_string\"}}],\"inLanguage\":\"hu\"},{\"@type\":\"Organization\",\"@id\":\"https:\\\/\\\/www.klarairosa.com\\\/en\\\/#organization\",\"name\":\"Klara i Rosa\",\"url\":\"https:\\\/\\\/www.klarairosa.com\\\/en\\\/\",\"logo\":{\"@type\":\"ImageObject\",\"inLanguage\":\"hu\",\"@id\":\"https:\\\/\\\/www.klarairosa.com\\\/en\\\/#\\\/schema\\\/logo\\\/image\\\/\",\"url\":\"https:\\\/\\\/www.klarairosa.com\\\/wp-content\\\/uploads\\\/2022\\\/01\\\/logo.svg\",\"contentUrl\":\"https:\\\/\\\/www.klarairosa.com\\\/wp-content\\\/uploads\\\/2022\\\/01\\\/logo.svg\",\"width\":110,\"height\":139,\"caption\":\"Klara i Rosa\"},\"image\":{\"@id\":\"https:\\\/\\\/www.klarairosa.com\\\/en\\\/#\\\/schema\\\/logo\\\/image\\\/\"},\"sameAs\":[\"https:\\\/\\\/www.facebook.com\\\/klarairosa\\\/\",\"https:\\\/\\\/www.instagram.com\\\/ugklarairosa\\\/\"]},{\"@type\":\"Person\",\"@id\":\"https:\\\/\\\/www.klarairosa.com\\\/en\\\/#\\\/schema\\\/person\\\/e4e7e9e5c8eeeddccf61e4532ae8e6ed\",\"name\":\"Klara i Rosa\",\"image\":{\"@type\":\"ImageObject\",\"inLanguage\":\"hu\",\"@id\":\"https:\\\/\\\/secure.gravatar.com\\\/avatar\\\/c83ee539a067b9f57ae5d8999ae286c4f98b5c4bd943b8cbb64f6b0fc1f29e40?s=96&d=mm&r=g\",\"url\":\"https:\\\/\\\/secure.gravatar.com\\\/avatar\\\/c83ee539a067b9f57ae5d8999ae286c4f98b5c4bd943b8cbb64f6b0fc1f29e40?s=96&d=mm&r=g\",\"contentUrl\":\"https:\\\/\\\/secure.gravatar.com\\\/avatar\\\/c83ee539a067b9f57ae5d8999ae286c4f98b5c4bd943b8cbb64f6b0fc1f29e40?s=96&d=mm&r=g\",\"caption\":\"Klara i Rosa\"},\"sameAs\":[\"https:\\\/\\\/klarairosa.com\"],\"url\":\"https:\\\/\\\/www.klarairosa.com\\\/hu\\\/author\\\/rosaiklara\\\/\"}]}<\/script>\n<!-- \/ Yoast SEO plugin. -->","yoast_head_json":{"title":"POSTANI VOLONTER\/KA ZA SOLIDARNOST I INKLUZIJU - Klara i Rosa","robots":{"index":"index","follow":"follow","max-snippet":"max-snippet:-1","max-image-preview":"max-image-preview:large","max-video-preview":"max-video-preview:-1"},"canonical":"https:\/\/www.klarairosa.com\/hu\/postani-volonter-ka-za-solidarnost-i-inkluziju\/","og_locale":"hu_HU","og_type":"article","og_title":"POSTANI VOLONTER\/KA ZA SOLIDARNOST I INKLUZIJU - Klara i Rosa","og_description":"Pita\u0161 se kako da se uklju\u010di\u0161 i volontira\u0161 u Subotici? Evo prilike! . Udru\u017eenje Klara...","og_url":"https:\/\/www.klarairosa.com\/hu\/postani-volonter-ka-za-solidarnost-i-inkluziju\/","og_site_name":"Klara i Rosa","article_publisher":"https:\/\/www.facebook.com\/klarairosa\/","article_published_time":"2025-05-16T10:55:13+00:00","article_modified_time":"2025-06-03T11:19:33+00:00","og_image":[{"width":1080,"height":238,"url":"https:\/\/www.klarairosa.com\/wp-content\/uploads\/2025\/05\/Simple-Typography-We-are-Open-Facebook-Post-1352-x-1005-px-1352-x-1005-px-1-e1757497475531.jpg","type":"image\/jpeg"}],"author":"Klara i Rosa","twitter_card":"summary_large_image","twitter_misc":{"Szerz\u0151:":"Klara i Rosa","Becs\u00fclt olvas\u00e1si id\u0151":"1 perc"},"schema":{"@context":"https:\/\/schema.org","@graph":[{"@type":"Article","@id":"https:\/\/www.klarairosa.com\/postani-volonter-ka-za-solidarnost-i-inkluziju\/#article","isPartOf":{"@id":"https:\/\/www.klarairosa.com\/postani-volonter-ka-za-solidarnost-i-inkluziju\/"},"author":{"name":"Klara i Rosa","@id":"https:\/\/www.klarairosa.com\/en\/#\/schema\/person\/e4e7e9e5c8eeeddccf61e4532ae8e6ed"},"headline":"POSTANI VOLONTER\/KA ZA SOLIDARNOST I INKLUZIJU","datePublished":"2025-05-16T10:55:13+00:00","dateModified":"2025-06-03T11:19:33+00:00","mainEntityOfPage":{"@id":"https:\/\/www.klarairosa.com\/postani-volonter-ka-za-solidarnost-i-inkluziju\/"},"wordCount":260,"publisher":{"@id":"https:\/\/www.klarairosa.com\/en\/#organization"},"image":{"@id":"https:\/\/www.klarairosa.com\/postani-volonter-ka-za-solidarnost-i-inkluziju\/#primaryimage"},"thumbnailUrl":"https:\/\/www.klarairosa.com\/wp-content\/uploads\/2025\/05\/Simple-Typography-We-are-Open-Facebook-Post-1352-x-1005-px-1352-x-1005-px-1-e1757497475531.jpg","keywords":["2024","apc","community","dituria","euzatebe","Klara i Rosa","subotica","szabadka","volonteri","volontiranje"],"articleSection":["Aktuelno"],"inLanguage":"hu"},{"@type":"WebPage","@id":"https:\/\/www.klarairosa.com\/postani-volonter-ka-za-solidarnost-i-inkluziju\/","url":"https:\/\/www.klarairosa.com\/postani-volonter-ka-za-solidarnost-i-inkluziju\/","name":"POSTANI VOLONTER\/KA ZA SOLIDARNOST I INKLUZIJU - Klara i Rosa","isPartOf":{"@id":"https:\/\/www.klarairosa.com\/en\/#website"},"primaryImageOfPage":{"@id":"https:\/\/www.klarairosa.com\/postani-volonter-ka-za-solidarnost-i-inkluziju\/#primaryimage"},"image":{"@id":"https:\/\/www.klarairosa.com\/postani-volonter-ka-za-solidarnost-i-inkluziju\/#primaryimage"},"thumbnailUrl":"https:\/\/www.klarairosa.com\/wp-content\/uploads\/2025\/05\/Simple-Typography-We-are-Open-Facebook-Post-1352-x-1005-px-1352-x-1005-px-1-e1757497475531.jpg","datePublished":"2025-05-16T10:55:13+00:00","dateModified":"2025-06-03T11:19:33+00:00","breadcrumb":{"@id":"https:\/\/www.klarairosa.com\/postani-volonter-ka-za-solidarnost-i-inkluziju\/#breadcrumb"},"inLanguage":"hu","potentialAction":[{"@type":"ReadAction","target":["https:\/\/www.klarairosa.com\/postani-volonter-ka-za-solidarnost-i-inkluziju\/"]}]},{"@type":"ImageObject","inLanguage":"hu","@id":"https:\/\/www.klarairosa.com\/postani-volonter-ka-za-solidarnost-i-inkluziju\/#primaryimage","url":"https:\/\/www.klarairosa.com\/wp-content\/uploads\/2025\/05\/Simple-Typography-We-are-Open-Facebook-Post-1352-x-1005-px-1352-x-1005-px-1-e1757497475531.jpg","contentUrl":"https:\/\/www.klarairosa.com\/wp-content\/uploads\/2025\/05\/Simple-Typography-We-are-Open-Facebook-Post-1352-x-1005-px-1352-x-1005-px-1-e1757497475531.jpg","width":1080,"height":238},{"@type":"BreadcrumbList","@id":"https:\/\/www.klarairosa.com\/postani-volonter-ka-za-solidarnost-i-inkluziju\/#breadcrumb","itemListElement":[{"@type":"ListItem","position":1,"name":"Home","item":"https:\/\/www.klarairosa.com\/"},{"@type":"ListItem","position":2,"name":"POSTANI VOLONTER\/KA ZA SOLIDARNOST I INKLUZIJU"}]},{"@type":"WebSite","@id":"https:\/\/www.klarairosa.com\/en\/#website","url":"https:\/\/www.klarairosa.com\/en\/","name":"Kl\u00e1ra \u00e9s Rosa Egyes\u00fclet","description":"Kl\u00e1ra \u00e9s Rosa Egyes\u00fclet","publisher":{"@id":"https:\/\/www.klarairosa.com\/en\/#organization"},"potentialAction":[{"@type":"SearchAction","target":{"@type":"EntryPoint","urlTemplate":"https:\/\/www.klarairosa.com\/en\/?s={search_term_string}"},"query-input":{"@type":"PropertyValueSpecification","valueRequired":true,"valueName":"search_term_string"}}],"inLanguage":"hu"},{"@type":"Organization","@id":"https:\/\/www.klarairosa.com\/en\/#organization","name":"Kl\u00e1ra \u00e9s Rosa Egyes\u00fclet","url":"https:\/\/www.klarairosa.com\/en\/","logo":{"@type":"ImageObject","inLanguage":"hu","@id":"https:\/\/www.klarairosa.com\/en\/#\/schema\/logo\/image\/","url":"https:\/\/www.klarairosa.com\/wp-content\/uploads\/2022\/01\/logo.svg","contentUrl":"https:\/\/www.klarairosa.com\/wp-content\/uploads\/2022\/01\/logo.svg","width":110,"height":139,"caption":"Klara i Rosa"},"image":{"@id":"https:\/\/www.klarairosa.com\/en\/#\/schema\/logo\/image\/"},"sameAs":["https:\/\/www.facebook.com\/klarairosa\/","https:\/\/www.instagram.com\/ugklarairosa\/"]},{"@type":"Person","@id":"https:\/\/www.klarairosa.com\/en\/#\/schema\/person\/e4e7e9e5c8eeeddccf61e4532ae8e6ed","name":"Kl\u00e1ra \u00e9s Rosa Egyes\u00fclet","image":{"@type":"ImageObject","inLanguage":"hu","@id":"https:\/\/secure.gravatar.com\/avatar\/c83ee539a067b9f57ae5d8999ae286c4f98b5c4bd943b8cbb64f6b0fc1f29e40?s=96&d=mm&r=g","url":"https:\/\/secure.gravatar.com\/avatar\/c83ee539a067b9f57ae5d8999ae286c4f98b5c4bd943b8cbb64f6b0fc1f29e40?s=96&d=mm&r=g","contentUrl":"https:\/\/secure.gravatar.com\/avatar\/c83ee539a067b9f57ae5d8999ae286c4f98b5c4bd943b8cbb64f6b0fc1f29e40?s=96&d=mm&r=g","caption":"Klara i Rosa"},"sameAs":["https:\/\/klarairosa.com"],"url":"https:\/\/www.klarairosa.com\/hu\/author\/rosaiklara\/"}]}},"_links":{"self":[{"href":"https:\/\/www.klarairosa.com\/hu\/wp-json\/wp\/v2\/posts\/22954","targetHints":{"allow":["GET"]}}],"collection":[{"href":"https:\/\/www.klarairosa.com\/hu\/wp-json\/wp\/v2\/posts"}],"about":[{"href":"https:\/\/www.klarairosa.com\/hu\/wp-json\/wp\/v2\/types\/post"}],"author":[{"embeddable":true,"href":"https:\/\/www.klarairosa.com\/hu\/wp-json\/wp\/v2\/users\/1"}],"replies":[{"embeddable":true,"href":"https:\/\/www.klarairosa.com\/hu\/wp-json\/wp\/v2\/comments?post=22954"}],"version-history":[{"count":4,"href":"https:\/\/www.klarairosa.com\/hu\/wp-json\/wp\/v2\/posts\/22954\/revisions"}],"predecessor-version":[{"id":22986,"href":"https:\/\/www.klarairosa.com\/hu\/wp-json\/wp\/v2\/posts\/22954\/revisions\/22986"}],"wp:featuredmedia":[{"embeddable":true,"href":"https:\/\/www.klarairosa.com\/hu\/wp-json\/wp\/v2\/media\/22956"}],"wp:attachment":[{"href":"https:\/\/www.klarairosa.com\/hu\/wp-json\/wp\/v2\/media?parent=22954"}],"wp:term":[{"taxonomy":"category","embeddable":true,"href":"https:\/\/www.klarairosa.com\/hu\/wp-json\/wp\/v2\/categories?post=22954"},{"taxonomy":"post_tag","embeddable":true,"href":"https:\/\/www.klarairosa.com\/hu\/wp-json\/wp\/v2\/tags?post=22954"}],"curies":[{"name":"wp","href":"https:\/\/api.w.org\/{rel}","templated":true}]}}