{"id":22941,"date":"2025-05-05T10:55:21","date_gmt":"2025-05-05T10:55:21","guid":{"rendered":"https:\/\/www.klarairosa.com\/?p=22941"},"modified":"2025-05-09T10:56:41","modified_gmt":"2025-05-09T10:56:41","slug":"klub-roditelja-koncentracija-kod-ucenja","status":"publish","type":"post","link":"https:\/\/www.klarairosa.com\/hu\/klub-roditelja-koncentracija-kod-ucenja\/","title":{"rendered":"SZ\u00dcL\u0150K KLUBJA \u2013 KONCENTR\u00c1CI\u00d3 A TANUL\u00c1SN\u00c1L"},"content":{"rendered":"<div class=\"xdj266r x11i5rnm xat24cr x1mh8g0r x1vvkbs x126k92a\">\n<div dir=\"auto\" style=\"text-align: justify;\">\n<div class=\"x11i5rnm xat24cr x1mh8g0r x1vvkbs xtlvy1s x126k92a\">\n<div dir=\"auto\">\n<div class=\"xdj266r x11i5rnm xat24cr x1mh8g0r x1vvkbs x126k92a\">\n<div class=\"xdj266r x11i5rnm xat24cr x1mh8g0r x1vvkbs x126k92a\">\n<div dir=\"auto\">Egy olyan id\u0151szakban, amikor a k\u00e9perny\u0151, az \u00e9rtes\u00edt\u00e9sek \u00e9s a gyors \u00e9lettemp\u00f3 elvonj\u00e1k a figyelmet, a koncentr\u00e1ci\u00f3 fejlesztend\u0151 k\u00e9pess\u00e9gg\u00e9 v\u00e1lik \u2013 mind a gyerekekben, mind magunkban.<\/div>\n<div dir=\"auto\">.<\/div>\n<\/div>\n<div class=\"x11i5rnm xat24cr x1mh8g0r x1vvkbs xtlvy1s x126k92a\">\n<div dir=\"auto\">Err\u0151l besz\u00e9lget\u00fcnk <strong>p\u00e9nteken 19 \u00f3rakor a Kl\u00e1ra \u00e9s Rosa \u00e9p\u00fclet\u00e9ben (Pet\u0151fi S\u00e1ndor u. 15.)<\/strong> k\u00f6vetkez\u0151 tal\u00e1lkoz\u00f3nkon a <strong>SZ\u00dcL\u0150K KLUBJ\u00c1BAN<\/strong>.<\/div>\n<div dir=\"auto\">.<\/div>\n<\/div>\n<div class=\"x11i5rnm xat24cr x1mh8g0r x1vvkbs xtlvy1s x126k92a\">\n<div dir=\"auto\">Hogy m\u0171k\u00f6dik a figyelem a gyerekekn\u00e9l? Hogy ismerhetj\u00fck fel a a tanul\u00e1s val\u00f3di akad\u00e1lyait? Milyen szok\u00e1sok \u00e9s k\u00f6rnyezet tud seg\u00edteni abban, hogy a gyerekek koncentr\u00e1ltak \u00e9s f\u00f3kusz\u00e1ltak maradhassanak? Csatlakozzatok, hogy k\u00f6z\u00f6sen jussunk el a k\u00f6vetkeztet\u00e9sekhez.<\/div>\n<\/div>\n<\/div>\n<div dir=\"auto\">\n<p>.<\/p>\n<p><strong>A tin\u00e9dzser sz\u00fcl\u0151k klubj\u00e1t<\/strong> az\u00e9rt ind\u00edtottuk, hogy legyen egy hely tal\u00e1lkozni, t\u00e1mogat\u00e1st adni, \u00e9s tapasztalatcser\u00e9re. A klub alap\u00f6tlete, hogy egym\u00e1st t\u00e1mogatjuk form\u00e1lis vezet\u0151k n\u00e9lk\u00fcl, ahol k\u00f6z\u00f6sen megalkotjuk azt a t\u00e1mogat\u00e1si modellt, amelyre val\u00f3ban sz\u00fcks\u00e9g\u00fcnk van, valamint tev\u00e9kenys\u00e9gi ir\u00e1nyokat \u00e9s tartalmat. A csoport ig\u00e9nyeit\u0151l f\u00fcgg\u0151en alkalmank\u00e9nt szak\u00e9rt\u0151k vend\u00e9gszerepl\u00e9s\u00e9t is megszervezz\u00fck.<\/p>\n<\/div>\n<\/div>\n<\/div>\n<div class=\"x11i5rnm xat24cr x1mh8g0r x1vvkbs xtlvy1s x126k92a\">\n<div dir=\"auto\">.<\/div>\n<div dir=\"auto\">SZERVEZET\u00dcNK T\u00c1MOGAT\u00c1ST KAPOTT SV\u00c1JC KORM\u00c1NY\u00c1T\u00d3L AZ \u201eEGY\u00dcTT AZ AKT\u00cdV V\u00c1ROSI K\u00d6Z\u00d6SS\u00c9G\u00c9RT \u2013 ACT\u201d PROJEKTEN KERESZT\u00dcL, MELYET A HELVETAS SZERBIA \u00c9S V\u00c1ROSI KEZDEM\u00c9NYEZ\u00c9SEK HAJTANAK V\u00c9GRE. AZ \u201eEGY\u00dcTT AZ AKT\u00cdV V\u00c1ROSI K\u00d6Z\u00d6SS\u00c9G\u00c9RT \u2013 ACT\u201d SV\u00c1JC KORM\u00c1NY\u00c1NAK PROJEKTJE, MELYNEK C\u00c9LJA AZ AKT\u00cdV V\u00c1ROSI K\u00d6Z\u00d6SS\u00c9G, \u00c9S AMELYBEN A HELYIEK JOBBAN R\u00c9SZT VESZNEK A D\u00d6NT\u00c9SHOZ\u00c1SBAN, K\u00dcL\u00d6N\u00d6SEN HELYI SZINTEN. \u2013K\u00f6z\u00f6sen az akt\u00edv civil t\u00e1rsadalom\u00e9rt \u2013<\/div>\n<div dir=\"auto\"><\/div>\n<div dir=\"auto\"><\/div>\n<\/div>\n<\/div>\n<\/div>","protected":false},"excerpt":{"rendered":"<p>U vremenu kada pa\u017enju odvla\u010de ekrani, notifikacije i brzi ritam \u017eivota, koncentracija postaje ve\u0161tina koju&#8230;<\/p>","protected":false},"author":1,"featured_media":22718,"comment_status":"closed","ping_status":"closed","sticky":false,"template":"","format":"standard","meta":{"content-type":"","inline_featured_image":false,"footnotes":""},"categories":[109],"tags":[282,621,124,652,617,618,152,619],"class_list":["post-22941","post","type-post","status-publish","format-standard","has-post-thumbnail","hentry","category-aktuelno","tag-community","tag-grupa-podrske","tag-klara-i-rosa","tag-klub-roditelja","tag-klub-roditelja-tinejdzera","tag-parenting","tag-subotica","tag-support-group"],"yoast_head":"<!-- This site is optimized with the Yoast SEO plugin v27.5 - https:\/\/yoast.com\/product\/yoast-seo-wordpress\/ -->\n<title>KLUB RODITELJA - KONCENTRACIJA KOD U\u010cENJA - Klara i Rosa<\/title>\n<meta name=\"robots\" content=\"index, follow, max-snippet:-1, max-image-preview:large, max-video-preview:-1\" \/>\n<link rel=\"canonical\" href=\"https:\/\/www.klarairosa.com\/hu\/klub-roditelja-koncentracija-kod-ucenja\/\" \/>\n<meta property=\"og:locale\" content=\"hu_HU\" \/>\n<meta property=\"og:type\" content=\"article\" \/>\n<meta property=\"og:title\" content=\"KLUB RODITELJA - KONCENTRACIJA KOD U\u010cENJA - Klara i Rosa\" \/>\n<meta property=\"og:description\" content=\"U vremenu kada pa\u017enju odvla\u010de ekrani, notifikacije i brzi ritam \u017eivota, koncentracija postaje ve\u0161tina koju...\" \/>\n<meta property=\"og:url\" content=\"https:\/\/www.klarairosa.com\/hu\/klub-roditelja-koncentracija-kod-ucenja\/\" \/>\n<meta property=\"og:site_name\" content=\"Klara i Rosa\" \/>\n<meta property=\"article:publisher\" content=\"https:\/\/www.facebook.com\/klarairosa\/\" \/>\n<meta property=\"article:published_time\" content=\"2025-05-05T10:55:21+00:00\" \/>\n<meta property=\"article:modified_time\" content=\"2025-05-09T10:56:41+00:00\" \/>\n<meta property=\"og:image\" content=\"https:\/\/www.klarairosa.com\/wp-content\/uploads\/2025\/03\/Dark-Black-Beige-Grunge-Motivational-Quote-Instagram-Post-4.jpg\" \/>\n\t<meta property=\"og:image:width\" content=\"1352\" \/>\n\t<meta property=\"og:image:height\" content=\"1005\" \/>\n\t<meta property=\"og:image:type\" content=\"image\/jpeg\" \/>\n<meta name=\"author\" content=\"Klara i Rosa\" \/>\n<meta name=\"twitter:card\" content=\"summary_large_image\" \/>\n<meta name=\"twitter:label1\" content=\"Szerz\u0151:\" \/>\n\t<meta name=\"twitter:data1\" content=\"Klara i Rosa\" \/>\n\t<meta name=\"twitter:label2\" content=\"Becs\u00fclt olvas\u00e1si id\u0151\" \/>\n\t<meta name=\"twitter:data2\" content=\"1 perc\" \/>\n<script type=\"application\/ld+json\" class=\"yoast-schema-graph\">{\"@context\":\"https:\\\/\\\/schema.org\",\"@graph\":[{\"@type\":\"Article\",\"@id\":\"https:\\\/\\\/www.klarairosa.com\\\/klub-roditelja-koncentracija-kod-ucenja\\\/#article\",\"isPartOf\":{\"@id\":\"https:\\\/\\\/www.klarairosa.com\\\/klub-roditelja-koncentracija-kod-ucenja\\\/\"},\"author\":{\"name\":\"Klara i Rosa\",\"@id\":\"https:\\\/\\\/www.klarairosa.com\\\/en\\\/#\\\/schema\\\/person\\\/e4e7e9e5c8eeeddccf61e4532ae8e6ed\"},\"headline\":\"KLUB RODITELJA &#8211; KONCENTRACIJA KOD U\u010cENJA\",\"datePublished\":\"2025-05-05T10:55:21+00:00\",\"dateModified\":\"2025-05-09T10:56:41+00:00\",\"mainEntityOfPage\":{\"@id\":\"https:\\\/\\\/www.klarairosa.com\\\/klub-roditelja-koncentracija-kod-ucenja\\\/\"},\"wordCount\":181,\"publisher\":{\"@id\":\"https:\\\/\\\/www.klarairosa.com\\\/en\\\/#organization\"},\"image\":{\"@id\":\"https:\\\/\\\/www.klarairosa.com\\\/klub-roditelja-koncentracija-kod-ucenja\\\/#primaryimage\"},\"thumbnailUrl\":\"https:\\\/\\\/www.klarairosa.com\\\/wp-content\\\/uploads\\\/2025\\\/03\\\/Dark-Black-Beige-Grunge-Motivational-Quote-Instagram-Post-4.jpg\",\"keywords\":[\"community\",\"grupa podrske\",\"Klara i Rosa\",\"klub roditelja\",\"klub roditelja tinejdzera\",\"parenting\",\"subotica\",\"support group\"],\"articleSection\":[\"Aktuelno\"],\"inLanguage\":\"hu\"},{\"@type\":\"WebPage\",\"@id\":\"https:\\\/\\\/www.klarairosa.com\\\/klub-roditelja-koncentracija-kod-ucenja\\\/\",\"url\":\"https:\\\/\\\/www.klarairosa.com\\\/klub-roditelja-koncentracija-kod-ucenja\\\/\",\"name\":\"KLUB RODITELJA - KONCENTRACIJA KOD U\u010cENJA - Klara i Rosa\",\"isPartOf\":{\"@id\":\"https:\\\/\\\/www.klarairosa.com\\\/en\\\/#website\"},\"primaryImageOfPage\":{\"@id\":\"https:\\\/\\\/www.klarairosa.com\\\/klub-roditelja-koncentracija-kod-ucenja\\\/#primaryimage\"},\"image\":{\"@id\":\"https:\\\/\\\/www.klarairosa.com\\\/klub-roditelja-koncentracija-kod-ucenja\\\/#primaryimage\"},\"thumbnailUrl\":\"https:\\\/\\\/www.klarairosa.com\\\/wp-content\\\/uploads\\\/2025\\\/03\\\/Dark-Black-Beige-Grunge-Motivational-Quote-Instagram-Post-4.jpg\",\"datePublished\":\"2025-05-05T10:55:21+00:00\",\"dateModified\":\"2025-05-09T10:56:41+00:00\",\"breadcrumb\":{\"@id\":\"https:\\\/\\\/www.klarairosa.com\\\/klub-roditelja-koncentracija-kod-ucenja\\\/#breadcrumb\"},\"inLanguage\":\"hu\",\"potentialAction\":[{\"@type\":\"ReadAction\",\"target\":[\"https:\\\/\\\/www.klarairosa.com\\\/klub-roditelja-koncentracija-kod-ucenja\\\/\"]}]},{\"@type\":\"ImageObject\",\"inLanguage\":\"hu\",\"@id\":\"https:\\\/\\\/www.klarairosa.com\\\/klub-roditelja-koncentracija-kod-ucenja\\\/#primaryimage\",\"url\":\"https:\\\/\\\/www.klarairosa.com\\\/wp-content\\\/uploads\\\/2025\\\/03\\\/Dark-Black-Beige-Grunge-Motivational-Quote-Instagram-Post-4.jpg\",\"contentUrl\":\"https:\\\/\\\/www.klarairosa.com\\\/wp-content\\\/uploads\\\/2025\\\/03\\\/Dark-Black-Beige-Grunge-Motivational-Quote-Instagram-Post-4.jpg\",\"width\":1352,\"height\":1005},{\"@type\":\"BreadcrumbList\",\"@id\":\"https:\\\/\\\/www.klarairosa.com\\\/klub-roditelja-koncentracija-kod-ucenja\\\/#breadcrumb\",\"itemListElement\":[{\"@type\":\"ListItem\",\"position\":1,\"name\":\"Home\",\"item\":\"https:\\\/\\\/www.klarairosa.com\\\/\"},{\"@type\":\"ListItem\",\"position\":2,\"name\":\"KLUB RODITELJA &#8211; KONCENTRACIJA KOD U\u010cENJA\"}]},{\"@type\":\"WebSite\",\"@id\":\"https:\\\/\\\/www.klarairosa.com\\\/en\\\/#website\",\"url\":\"https:\\\/\\\/www.klarairosa.com\\\/en\\\/\",\"name\":\"Klara i Rosa\",\"description\":\"Klara i Rosa\",\"publisher\":{\"@id\":\"https:\\\/\\\/www.klarairosa.com\\\/en\\\/#organization\"},\"potentialAction\":[{\"@type\":\"SearchAction\",\"target\":{\"@type\":\"EntryPoint\",\"urlTemplate\":\"https:\\\/\\\/www.klarairosa.com\\\/en\\\/?s={search_term_string}\"},\"query-input\":{\"@type\":\"PropertyValueSpecification\",\"valueRequired\":true,\"valueName\":\"search_term_string\"}}],\"inLanguage\":\"hu\"},{\"@type\":\"Organization\",\"@id\":\"https:\\\/\\\/www.klarairosa.com\\\/en\\\/#organization\",\"name\":\"Klara i Rosa\",\"url\":\"https:\\\/\\\/www.klarairosa.com\\\/en\\\/\",\"logo\":{\"@type\":\"ImageObject\",\"inLanguage\":\"hu\",\"@id\":\"https:\\\/\\\/www.klarairosa.com\\\/en\\\/#\\\/schema\\\/logo\\\/image\\\/\",\"url\":\"https:\\\/\\\/www.klarairosa.com\\\/wp-content\\\/uploads\\\/2022\\\/01\\\/logo.svg\",\"contentUrl\":\"https:\\\/\\\/www.klarairosa.com\\\/wp-content\\\/uploads\\\/2022\\\/01\\\/logo.svg\",\"width\":110,\"height\":139,\"caption\":\"Klara i Rosa\"},\"image\":{\"@id\":\"https:\\\/\\\/www.klarairosa.com\\\/en\\\/#\\\/schema\\\/logo\\\/image\\\/\"},\"sameAs\":[\"https:\\\/\\\/www.facebook.com\\\/klarairosa\\\/\",\"https:\\\/\\\/www.instagram.com\\\/ugklarairosa\\\/\"]},{\"@type\":\"Person\",\"@id\":\"https:\\\/\\\/www.klarairosa.com\\\/en\\\/#\\\/schema\\\/person\\\/e4e7e9e5c8eeeddccf61e4532ae8e6ed\",\"name\":\"Klara i Rosa\",\"image\":{\"@type\":\"ImageObject\",\"inLanguage\":\"hu\",\"@id\":\"https:\\\/\\\/secure.gravatar.com\\\/avatar\\\/c83ee539a067b9f57ae5d8999ae286c4f98b5c4bd943b8cbb64f6b0fc1f29e40?s=96&d=mm&r=g\",\"url\":\"https:\\\/\\\/secure.gravatar.com\\\/avatar\\\/c83ee539a067b9f57ae5d8999ae286c4f98b5c4bd943b8cbb64f6b0fc1f29e40?s=96&d=mm&r=g\",\"contentUrl\":\"https:\\\/\\\/secure.gravatar.com\\\/avatar\\\/c83ee539a067b9f57ae5d8999ae286c4f98b5c4bd943b8cbb64f6b0fc1f29e40?s=96&d=mm&r=g\",\"caption\":\"Klara i Rosa\"},\"sameAs\":[\"https:\\\/\\\/klarairosa.com\"],\"url\":\"https:\\\/\\\/www.klarairosa.com\\\/hu\\\/author\\\/rosaiklara\\\/\"}]}<\/script>\n<!-- \/ Yoast SEO plugin. -->","yoast_head_json":{"title":"KLUB RODITELJA - KONCENTRACIJA KOD U\u010cENJA - Klara i Rosa","robots":{"index":"index","follow":"follow","max-snippet":"max-snippet:-1","max-image-preview":"max-image-preview:large","max-video-preview":"max-video-preview:-1"},"canonical":"https:\/\/www.klarairosa.com\/hu\/klub-roditelja-koncentracija-kod-ucenja\/","og_locale":"hu_HU","og_type":"article","og_title":"KLUB RODITELJA - KONCENTRACIJA KOD U\u010cENJA - Klara i Rosa","og_description":"U vremenu kada pa\u017enju odvla\u010de ekrani, notifikacije i brzi ritam \u017eivota, koncentracija postaje ve\u0161tina koju...","og_url":"https:\/\/www.klarairosa.com\/hu\/klub-roditelja-koncentracija-kod-ucenja\/","og_site_name":"Klara i Rosa","article_publisher":"https:\/\/www.facebook.com\/klarairosa\/","article_published_time":"2025-05-05T10:55:21+00:00","article_modified_time":"2025-05-09T10:56:41+00:00","og_image":[{"width":1352,"height":1005,"url":"https:\/\/www.klarairosa.com\/wp-content\/uploads\/2025\/03\/Dark-Black-Beige-Grunge-Motivational-Quote-Instagram-Post-4.jpg","type":"image\/jpeg"}],"author":"Klara i Rosa","twitter_card":"summary_large_image","twitter_misc":{"Szerz\u0151:":"Klara i Rosa","Becs\u00fclt olvas\u00e1si id\u0151":"1 perc"},"schema":{"@context":"https:\/\/schema.org","@graph":[{"@type":"Article","@id":"https:\/\/www.klarairosa.com\/klub-roditelja-koncentracija-kod-ucenja\/#article","isPartOf":{"@id":"https:\/\/www.klarairosa.com\/klub-roditelja-koncentracija-kod-ucenja\/"},"author":{"name":"Klara i Rosa","@id":"https:\/\/www.klarairosa.com\/en\/#\/schema\/person\/e4e7e9e5c8eeeddccf61e4532ae8e6ed"},"headline":"KLUB RODITELJA &#8211; KONCENTRACIJA KOD U\u010cENJA","datePublished":"2025-05-05T10:55:21+00:00","dateModified":"2025-05-09T10:56:41+00:00","mainEntityOfPage":{"@id":"https:\/\/www.klarairosa.com\/klub-roditelja-koncentracija-kod-ucenja\/"},"wordCount":181,"publisher":{"@id":"https:\/\/www.klarairosa.com\/en\/#organization"},"image":{"@id":"https:\/\/www.klarairosa.com\/klub-roditelja-koncentracija-kod-ucenja\/#primaryimage"},"thumbnailUrl":"https:\/\/www.klarairosa.com\/wp-content\/uploads\/2025\/03\/Dark-Black-Beige-Grunge-Motivational-Quote-Instagram-Post-4.jpg","keywords":["community","grupa podrske","Klara i Rosa","klub roditelja","klub roditelja tinejdzera","parenting","subotica","support group"],"articleSection":["Aktuelno"],"inLanguage":"hu"},{"@type":"WebPage","@id":"https:\/\/www.klarairosa.com\/klub-roditelja-koncentracija-kod-ucenja\/","url":"https:\/\/www.klarairosa.com\/klub-roditelja-koncentracija-kod-ucenja\/","name":"KLUB RODITELJA - KONCENTRACIJA KOD U\u010cENJA - Klara i Rosa","isPartOf":{"@id":"https:\/\/www.klarairosa.com\/en\/#website"},"primaryImageOfPage":{"@id":"https:\/\/www.klarairosa.com\/klub-roditelja-koncentracija-kod-ucenja\/#primaryimage"},"image":{"@id":"https:\/\/www.klarairosa.com\/klub-roditelja-koncentracija-kod-ucenja\/#primaryimage"},"thumbnailUrl":"https:\/\/www.klarairosa.com\/wp-content\/uploads\/2025\/03\/Dark-Black-Beige-Grunge-Motivational-Quote-Instagram-Post-4.jpg","datePublished":"2025-05-05T10:55:21+00:00","dateModified":"2025-05-09T10:56:41+00:00","breadcrumb":{"@id":"https:\/\/www.klarairosa.com\/klub-roditelja-koncentracija-kod-ucenja\/#breadcrumb"},"inLanguage":"hu","potentialAction":[{"@type":"ReadAction","target":["https:\/\/www.klarairosa.com\/klub-roditelja-koncentracija-kod-ucenja\/"]}]},{"@type":"ImageObject","inLanguage":"hu","@id":"https:\/\/www.klarairosa.com\/klub-roditelja-koncentracija-kod-ucenja\/#primaryimage","url":"https:\/\/www.klarairosa.com\/wp-content\/uploads\/2025\/03\/Dark-Black-Beige-Grunge-Motivational-Quote-Instagram-Post-4.jpg","contentUrl":"https:\/\/www.klarairosa.com\/wp-content\/uploads\/2025\/03\/Dark-Black-Beige-Grunge-Motivational-Quote-Instagram-Post-4.jpg","width":1352,"height":1005},{"@type":"BreadcrumbList","@id":"https:\/\/www.klarairosa.com\/klub-roditelja-koncentracija-kod-ucenja\/#breadcrumb","itemListElement":[{"@type":"ListItem","position":1,"name":"Home","item":"https:\/\/www.klarairosa.com\/"},{"@type":"ListItem","position":2,"name":"KLUB RODITELJA &#8211; KONCENTRACIJA KOD U\u010cENJA"}]},{"@type":"WebSite","@id":"https:\/\/www.klarairosa.com\/en\/#website","url":"https:\/\/www.klarairosa.com\/en\/","name":"Kl\u00e1ra \u00e9s Rosa Egyes\u00fclet","description":"Kl\u00e1ra \u00e9s Rosa Egyes\u00fclet","publisher":{"@id":"https:\/\/www.klarairosa.com\/en\/#organization"},"potentialAction":[{"@type":"SearchAction","target":{"@type":"EntryPoint","urlTemplate":"https:\/\/www.klarairosa.com\/en\/?s={search_term_string}"},"query-input":{"@type":"PropertyValueSpecification","valueRequired":true,"valueName":"search_term_string"}}],"inLanguage":"hu"},{"@type":"Organization","@id":"https:\/\/www.klarairosa.com\/en\/#organization","name":"Kl\u00e1ra \u00e9s Rosa Egyes\u00fclet","url":"https:\/\/www.klarairosa.com\/en\/","logo":{"@type":"ImageObject","inLanguage":"hu","@id":"https:\/\/www.klarairosa.com\/en\/#\/schema\/logo\/image\/","url":"https:\/\/www.klarairosa.com\/wp-content\/uploads\/2022\/01\/logo.svg","contentUrl":"https:\/\/www.klarairosa.com\/wp-content\/uploads\/2022\/01\/logo.svg","width":110,"height":139,"caption":"Klara i Rosa"},"image":{"@id":"https:\/\/www.klarairosa.com\/en\/#\/schema\/logo\/image\/"},"sameAs":["https:\/\/www.facebook.com\/klarairosa\/","https:\/\/www.instagram.com\/ugklarairosa\/"]},{"@type":"Person","@id":"https:\/\/www.klarairosa.com\/en\/#\/schema\/person\/e4e7e9e5c8eeeddccf61e4532ae8e6ed","name":"Kl\u00e1ra \u00e9s Rosa Egyes\u00fclet","image":{"@type":"ImageObject","inLanguage":"hu","@id":"https:\/\/secure.gravatar.com\/avatar\/c83ee539a067b9f57ae5d8999ae286c4f98b5c4bd943b8cbb64f6b0fc1f29e40?s=96&d=mm&r=g","url":"https:\/\/secure.gravatar.com\/avatar\/c83ee539a067b9f57ae5d8999ae286c4f98b5c4bd943b8cbb64f6b0fc1f29e40?s=96&d=mm&r=g","contentUrl":"https:\/\/secure.gravatar.com\/avatar\/c83ee539a067b9f57ae5d8999ae286c4f98b5c4bd943b8cbb64f6b0fc1f29e40?s=96&d=mm&r=g","caption":"Klara i Rosa"},"sameAs":["https:\/\/klarairosa.com"],"url":"https:\/\/www.klarairosa.com\/hu\/author\/rosaiklara\/"}]}},"_links":{"self":[{"href":"https:\/\/www.klarairosa.com\/hu\/wp-json\/wp\/v2\/posts\/22941","targetHints":{"allow":["GET"]}}],"collection":[{"href":"https:\/\/www.klarairosa.com\/hu\/wp-json\/wp\/v2\/posts"}],"about":[{"href":"https:\/\/www.klarairosa.com\/hu\/wp-json\/wp\/v2\/types\/post"}],"author":[{"embeddable":true,"href":"https:\/\/www.klarairosa.com\/hu\/wp-json\/wp\/v2\/users\/1"}],"replies":[{"embeddable":true,"href":"https:\/\/www.klarairosa.com\/hu\/wp-json\/wp\/v2\/comments?post=22941"}],"version-history":[{"count":1,"href":"https:\/\/www.klarairosa.com\/hu\/wp-json\/wp\/v2\/posts\/22941\/revisions"}],"predecessor-version":[{"id":22942,"href":"https:\/\/www.klarairosa.com\/hu\/wp-json\/wp\/v2\/posts\/22941\/revisions\/22942"}],"wp:featuredmedia":[{"embeddable":true,"href":"https:\/\/www.klarairosa.com\/hu\/wp-json\/wp\/v2\/media\/22718"}],"wp:attachment":[{"href":"https:\/\/www.klarairosa.com\/hu\/wp-json\/wp\/v2\/media?parent=22941"}],"wp:term":[{"taxonomy":"category","embeddable":true,"href":"https:\/\/www.klarairosa.com\/hu\/wp-json\/wp\/v2\/categories?post=22941"},{"taxonomy":"post_tag","embeddable":true,"href":"https:\/\/www.klarairosa.com\/hu\/wp-json\/wp\/v2\/tags?post=22941"}],"curies":[{"name":"wp","href":"https:\/\/api.w.org\/{rel}","templated":true}]}}