{"id":22938,"date":"2025-05-04T10:31:55","date_gmt":"2025-05-04T10:31:55","guid":{"rendered":"https:\/\/www.klarairosa.com\/?p=22938"},"modified":"2025-05-09T10:33:46","modified_gmt":"2025-05-09T10:33:46","slug":"omladinski-citalacki-klub","status":"publish","type":"post","link":"https:\/\/www.klarairosa.com\/hu\/omladinski-citalacki-klub\/","title":{"rendered":"FIATALOK OLVAS\u00d3KLUBJA"},"content":{"rendered":"<div class=\"xdj266r x11i5rnm xat24cr x1mh8g0r x1vvkbs x126k92a\">\n<div dir=\"auto\" style=\"text-align: justify;\">\n<div class=\"x11i5rnm xat24cr x1mh8g0r x1vvkbs xtlvy1s x126k92a\">\n<div dir=\"auto\">\n<div dir=\"auto\">\n<p>K\u00f6nyvek szerelmesei, ez a ti helyetek!<\/p>\n<p>.<\/p>\n<p>Minden h\u00f3napban kiv\u00e1lasztunk egy k\u00f6nyvet \u00e9s k\u00f6z\u00f6sen besz\u00e9lget\u00fcnk r\u00f3la, elmondjuk benyom\u00e1sainkat, \u00e9s kapcsol\u00f3dunk olyan t\u00e9m\u00e1kkal, amik fontosak sz\u00e1munkra. Legyen sz\u00f3 krimir\u0151l, sci-fir\u0151l, klasszikusokr\u00f3l, sz\u00e9pirodalomr\u00f3l, kor\u00e1rs darabokr\u00f3l vagy ak\u00e1r k\u00e9preg\u00e9nyekr\u0151l, a l\u00e9nyeg, hogy besz\u00e9lget\u00e9st kezdem\u00e9nyezz\u00fcnk. A klub nem csak k\u00f6nyvmoloyknak sz\u00f3l, mert akkor is j\u00f6hetsz, ha m\u00e9g nem olvastad v\u00e9gig a k\u00f6nyvet, de szeretn\u00e9l hallani m\u00e1sokat. Ez az a hely, ahol a k\u00f6nyvek nem csak t\u00f6rt\u00e9netek, hanem a vil\u00e1g meg\u00e9rt\u00e9s\u00e9nek eszk\u00f6z\u00e9v\u00e9 v\u00e1lnak.<\/p>\n<p>.<\/p>\n<p>A k\u00f6nyvek, tematikus sorozatok \u00e9s filmek vil\u00e1g\u00e1ban Stefan Kova\u010d Vujanovi\u0107 fog vezetni benneteket, aki v\u00e9gz\u0151s a gimn\u00e1ziumban \u00e9s a B\u00f6lcs\u00e9szettudom\u00e1nyi karra k\u00e9sz\u00fcl kommunik\u00e1ci\u00f3t tanulni.<\/p>\n<p>.<\/p>\n<p>Ezzel tartjuk magunkat ahhoz az \u00edg\u00e9ret\u00fcnkh\u00f6z, hogy a fiataloknak sz\u00f3l\u00f3 tartalmak kital\u00e1l\u00e1s\u00e1ban \u00e9s a vel\u00fck val\u00f3 munk\u00e1ban szint\u00e9n fiatalok vesznek r\u00e9szt. Egy tea vagy k\u00e1v\u00e9 mellett besz\u00e9lget\u00fcnk arr\u00f3l, ami benn\u00fcnket mozgat. A fiatalok olvas\u00f3 klubj\u00e1nak els\u0151 szab\u00e1lya az, hogy ti, a fiatalok hat\u00e1rozz\u00e1tok meg a szab\u00e1lyokat. Csak l\u00e9gy itt, \u00e9s \u00e9lvezd.<\/p>\n<\/div>\n<\/div>\n<\/div>\n<div class=\"x11i5rnm xat24cr x1mh8g0r x1vvkbs xtlvy1s x126k92a\">\n<div dir=\"auto\">.<\/div>\n<div dir=\"auto\">SZERVEZET\u00dcNK T\u00c1MOGAT\u00c1ST KAPOTT SV\u00c1JC KORM\u00c1NY\u00c1T\u00d3L AZ \u201eEGY\u00dcTT AZ AKT\u00cdV V\u00c1ROSI K\u00d6Z\u00d6SS\u00c9G\u00c9RT \u2013 ACT\u201d PROJEKTEN KERESZT\u00dcL, MELYET A HELVETAS SZERBIA \u00c9S V\u00c1ROSI KEZDEM\u00c9NYEZ\u00c9SEK HAJTANAK V\u00c9GRE. AZ \u201eEGY\u00dcTT AZ AKT\u00cdV V\u00c1ROSI K\u00d6Z\u00d6SS\u00c9G\u00c9RT \u2013 ACT\u201d SV\u00c1JC KORM\u00c1NY\u00c1NAK PROJEKTJE, MELYNEK C\u00c9LJA AZ AKT\u00cdV V\u00c1ROSI K\u00d6Z\u00d6SS\u00c9G, \u00c9S AMELYBEN A HELYIEK JOBBAN R\u00c9SZT VESZNEK A D\u00d6NT\u00c9SHOZ\u00c1SBAN, K\u00dcL\u00d6N\u00d6SEN HELYI SZINTEN. \u2013K\u00f6z\u00f6sen az akt\u00edv civil t\u00e1rsadalom\u00e9rt \u2013<\/div>\n<div dir=\"auto\"><img decoding=\"async\" class=\"alignnone wp-image-22741\" src=\"https:\/\/www.klarairosa.com\/wp-content\/uploads\/2025\/03\/act-300x150.png\" alt=\"\" width=\"110\" height=\"55\" srcset=\"https:\/\/www.klarairosa.com\/wp-content\/uploads\/2025\/03\/act-300x150.png 300w, https:\/\/www.klarairosa.com\/wp-content\/uploads\/2025\/03\/act-1024x512.png 1024w, https:\/\/www.klarairosa.com\/wp-content\/uploads\/2025\/03\/act-768x384.png 768w, https:\/\/www.klarairosa.com\/wp-content\/uploads\/2025\/03\/act-18x9.png 18w, https:\/\/www.klarairosa.com\/wp-content\/uploads\/2025\/03\/act-1000x500.png 1000w, https:\/\/www.klarairosa.com\/wp-content\/uploads\/2025\/03\/act-700x350.png 700w, https:\/\/www.klarairosa.com\/wp-content\/uploads\/2025\/03\/act.png 1080w\" sizes=\"(max-width: 110px) 100vw, 110px\" \/><\/div>\n<\/div>\n<\/div>\n<\/div>","protected":false},"excerpt":{"rendered":"<p>Ljubitelji knjiga, ovo je va\u0161e mesto! . Svakog meseca biramo jednu knjigu i zajedno je&#8230;<\/p>","protected":false},"author":1,"featured_media":22939,"comment_status":"closed","ping_status":"closed","sticky":false,"template":"","format":"standard","meta":{"content-type":"","inline_featured_image":false,"footnotes":""},"categories":[109],"tags":[572,666,124,221,628,627,152,601],"class_list":["post-22938","post","type-post","status-publish","format-standard","has-post-thumbnail","hentry","category-aktuelno","tag-aktivne-zajednice","tag-citalacki-klub","tag-klara-i-rosa","tag-mladi","tag-omladina","tag-omladinsko-volonterski-klub","tag-subotica","tag-volonteri"],"yoast_head":"<!-- This site is optimized with the Yoast SEO plugin v27.5 - https:\/\/yoast.com\/product\/yoast-seo-wordpress\/ -->\n<title>OMLADINSKI \u010cITALA\u010cKI KLUB - Klara i Rosa<\/title>\n<meta name=\"robots\" content=\"index, follow, max-snippet:-1, max-image-preview:large, max-video-preview:-1\" \/>\n<link rel=\"canonical\" href=\"https:\/\/www.klarairosa.com\/hu\/omladinski-citalacki-klub\/\" \/>\n<meta property=\"og:locale\" content=\"hu_HU\" \/>\n<meta property=\"og:type\" content=\"article\" \/>\n<meta property=\"og:title\" content=\"OMLADINSKI \u010cITALA\u010cKI KLUB - Klara i Rosa\" \/>\n<meta property=\"og:description\" content=\"Ljubitelji knjiga, ovo je va\u0161e mesto! . Svakog meseca biramo jednu knjigu i zajedno je...\" \/>\n<meta property=\"og:url\" content=\"https:\/\/www.klarairosa.com\/hu\/omladinski-citalacki-klub\/\" \/>\n<meta property=\"og:site_name\" content=\"Klara i Rosa\" \/>\n<meta property=\"article:publisher\" content=\"https:\/\/www.facebook.com\/klarairosa\/\" \/>\n<meta property=\"article:published_time\" content=\"2025-05-04T10:31:55+00:00\" \/>\n<meta property=\"article:modified_time\" content=\"2025-05-09T10:33:46+00:00\" \/>\n<meta property=\"og:image\" content=\"https:\/\/www.klarairosa.com\/wp-content\/uploads\/2025\/05\/Blue-Bold-Minimalist-Book-Club-Logo-Facebook-Post-1.jpg\" \/>\n\t<meta property=\"og:image:width\" content=\"1352\" \/>\n\t<meta property=\"og:image:height\" content=\"1005\" \/>\n\t<meta property=\"og:image:type\" content=\"image\/jpeg\" \/>\n<meta name=\"author\" content=\"Klara i Rosa\" \/>\n<meta name=\"twitter:card\" content=\"summary_large_image\" \/>\n<meta name=\"twitter:label1\" content=\"Szerz\u0151:\" \/>\n\t<meta name=\"twitter:data1\" content=\"Klara i Rosa\" \/>\n\t<meta name=\"twitter:label2\" content=\"Becs\u00fclt olvas\u00e1si id\u0151\" \/>\n\t<meta name=\"twitter:data2\" content=\"1 perc\" \/>\n<script type=\"application\/ld+json\" class=\"yoast-schema-graph\">{\"@context\":\"https:\\\/\\\/schema.org\",\"@graph\":[{\"@type\":\"Article\",\"@id\":\"https:\\\/\\\/www.klarairosa.com\\\/omladinski-citalacki-klub\\\/#article\",\"isPartOf\":{\"@id\":\"https:\\\/\\\/www.klarairosa.com\\\/omladinski-citalacki-klub\\\/\"},\"author\":{\"name\":\"Klara i Rosa\",\"@id\":\"https:\\\/\\\/www.klarairosa.com\\\/en\\\/#\\\/schema\\\/person\\\/e4e7e9e5c8eeeddccf61e4532ae8e6ed\"},\"headline\":\"OMLADINSKI \u010cITALA\u010cKI KLUB\",\"datePublished\":\"2025-05-04T10:31:55+00:00\",\"dateModified\":\"2025-05-09T10:33:46+00:00\",\"mainEntityOfPage\":{\"@id\":\"https:\\\/\\\/www.klarairosa.com\\\/omladinski-citalacki-klub\\\/\"},\"wordCount\":200,\"publisher\":{\"@id\":\"https:\\\/\\\/www.klarairosa.com\\\/en\\\/#organization\"},\"image\":{\"@id\":\"https:\\\/\\\/www.klarairosa.com\\\/omladinski-citalacki-klub\\\/#primaryimage\"},\"thumbnailUrl\":\"https:\\\/\\\/www.klarairosa.com\\\/wp-content\\\/uploads\\\/2025\\\/05\\\/Blue-Bold-Minimalist-Book-Club-Logo-Facebook-Post-1.jpg\",\"keywords\":[\"aktivne zajednice\",\"\u010ditala\u010dki klub\",\"Klara i Rosa\",\"mladi\",\"omladina\",\"omladinsko-volonterski klub\",\"subotica\",\"volonteri\"],\"articleSection\":[\"Aktuelno\"],\"inLanguage\":\"hu\"},{\"@type\":\"WebPage\",\"@id\":\"https:\\\/\\\/www.klarairosa.com\\\/omladinski-citalacki-klub\\\/\",\"url\":\"https:\\\/\\\/www.klarairosa.com\\\/omladinski-citalacki-klub\\\/\",\"name\":\"OMLADINSKI \u010cITALA\u010cKI KLUB - Klara i Rosa\",\"isPartOf\":{\"@id\":\"https:\\\/\\\/www.klarairosa.com\\\/en\\\/#website\"},\"primaryImageOfPage\":{\"@id\":\"https:\\\/\\\/www.klarairosa.com\\\/omladinski-citalacki-klub\\\/#primaryimage\"},\"image\":{\"@id\":\"https:\\\/\\\/www.klarairosa.com\\\/omladinski-citalacki-klub\\\/#primaryimage\"},\"thumbnailUrl\":\"https:\\\/\\\/www.klarairosa.com\\\/wp-content\\\/uploads\\\/2025\\\/05\\\/Blue-Bold-Minimalist-Book-Club-Logo-Facebook-Post-1.jpg\",\"datePublished\":\"2025-05-04T10:31:55+00:00\",\"dateModified\":\"2025-05-09T10:33:46+00:00\",\"breadcrumb\":{\"@id\":\"https:\\\/\\\/www.klarairosa.com\\\/omladinski-citalacki-klub\\\/#breadcrumb\"},\"inLanguage\":\"hu\",\"potentialAction\":[{\"@type\":\"ReadAction\",\"target\":[\"https:\\\/\\\/www.klarairosa.com\\\/omladinski-citalacki-klub\\\/\"]}]},{\"@type\":\"ImageObject\",\"inLanguage\":\"hu\",\"@id\":\"https:\\\/\\\/www.klarairosa.com\\\/omladinski-citalacki-klub\\\/#primaryimage\",\"url\":\"https:\\\/\\\/www.klarairosa.com\\\/wp-content\\\/uploads\\\/2025\\\/05\\\/Blue-Bold-Minimalist-Book-Club-Logo-Facebook-Post-1.jpg\",\"contentUrl\":\"https:\\\/\\\/www.klarairosa.com\\\/wp-content\\\/uploads\\\/2025\\\/05\\\/Blue-Bold-Minimalist-Book-Club-Logo-Facebook-Post-1.jpg\",\"width\":1352,\"height\":1005},{\"@type\":\"BreadcrumbList\",\"@id\":\"https:\\\/\\\/www.klarairosa.com\\\/omladinski-citalacki-klub\\\/#breadcrumb\",\"itemListElement\":[{\"@type\":\"ListItem\",\"position\":1,\"name\":\"Home\",\"item\":\"https:\\\/\\\/www.klarairosa.com\\\/\"},{\"@type\":\"ListItem\",\"position\":2,\"name\":\"OMLADINSKI \u010cITALA\u010cKI KLUB\"}]},{\"@type\":\"WebSite\",\"@id\":\"https:\\\/\\\/www.klarairosa.com\\\/en\\\/#website\",\"url\":\"https:\\\/\\\/www.klarairosa.com\\\/en\\\/\",\"name\":\"Klara i Rosa\",\"description\":\"Klara i Rosa\",\"publisher\":{\"@id\":\"https:\\\/\\\/www.klarairosa.com\\\/en\\\/#organization\"},\"potentialAction\":[{\"@type\":\"SearchAction\",\"target\":{\"@type\":\"EntryPoint\",\"urlTemplate\":\"https:\\\/\\\/www.klarairosa.com\\\/en\\\/?s={search_term_string}\"},\"query-input\":{\"@type\":\"PropertyValueSpecification\",\"valueRequired\":true,\"valueName\":\"search_term_string\"}}],\"inLanguage\":\"hu\"},{\"@type\":\"Organization\",\"@id\":\"https:\\\/\\\/www.klarairosa.com\\\/en\\\/#organization\",\"name\":\"Klara i Rosa\",\"url\":\"https:\\\/\\\/www.klarairosa.com\\\/en\\\/\",\"logo\":{\"@type\":\"ImageObject\",\"inLanguage\":\"hu\",\"@id\":\"https:\\\/\\\/www.klarairosa.com\\\/en\\\/#\\\/schema\\\/logo\\\/image\\\/\",\"url\":\"https:\\\/\\\/www.klarairosa.com\\\/wp-content\\\/uploads\\\/2022\\\/01\\\/logo.svg\",\"contentUrl\":\"https:\\\/\\\/www.klarairosa.com\\\/wp-content\\\/uploads\\\/2022\\\/01\\\/logo.svg\",\"width\":110,\"height\":139,\"caption\":\"Klara i Rosa\"},\"image\":{\"@id\":\"https:\\\/\\\/www.klarairosa.com\\\/en\\\/#\\\/schema\\\/logo\\\/image\\\/\"},\"sameAs\":[\"https:\\\/\\\/www.facebook.com\\\/klarairosa\\\/\",\"https:\\\/\\\/www.instagram.com\\\/ugklarairosa\\\/\"]},{\"@type\":\"Person\",\"@id\":\"https:\\\/\\\/www.klarairosa.com\\\/en\\\/#\\\/schema\\\/person\\\/e4e7e9e5c8eeeddccf61e4532ae8e6ed\",\"name\":\"Klara i Rosa\",\"image\":{\"@type\":\"ImageObject\",\"inLanguage\":\"hu\",\"@id\":\"https:\\\/\\\/secure.gravatar.com\\\/avatar\\\/c83ee539a067b9f57ae5d8999ae286c4f98b5c4bd943b8cbb64f6b0fc1f29e40?s=96&d=mm&r=g\",\"url\":\"https:\\\/\\\/secure.gravatar.com\\\/avatar\\\/c83ee539a067b9f57ae5d8999ae286c4f98b5c4bd943b8cbb64f6b0fc1f29e40?s=96&d=mm&r=g\",\"contentUrl\":\"https:\\\/\\\/secure.gravatar.com\\\/avatar\\\/c83ee539a067b9f57ae5d8999ae286c4f98b5c4bd943b8cbb64f6b0fc1f29e40?s=96&d=mm&r=g\",\"caption\":\"Klara i Rosa\"},\"sameAs\":[\"https:\\\/\\\/klarairosa.com\"],\"url\":\"https:\\\/\\\/www.klarairosa.com\\\/hu\\\/author\\\/rosaiklara\\\/\"}]}<\/script>\n<!-- \/ Yoast SEO plugin. -->","yoast_head_json":{"title":"OMLADINSKI \u010cITALA\u010cKI KLUB - Klara i Rosa","robots":{"index":"index","follow":"follow","max-snippet":"max-snippet:-1","max-image-preview":"max-image-preview:large","max-video-preview":"max-video-preview:-1"},"canonical":"https:\/\/www.klarairosa.com\/hu\/omladinski-citalacki-klub\/","og_locale":"hu_HU","og_type":"article","og_title":"OMLADINSKI \u010cITALA\u010cKI KLUB - Klara i Rosa","og_description":"Ljubitelji knjiga, ovo je va\u0161e mesto! . Svakog meseca biramo jednu knjigu i zajedno je...","og_url":"https:\/\/www.klarairosa.com\/hu\/omladinski-citalacki-klub\/","og_site_name":"Klara i Rosa","article_publisher":"https:\/\/www.facebook.com\/klarairosa\/","article_published_time":"2025-05-04T10:31:55+00:00","article_modified_time":"2025-05-09T10:33:46+00:00","og_image":[{"width":1352,"height":1005,"url":"https:\/\/www.klarairosa.com\/wp-content\/uploads\/2025\/05\/Blue-Bold-Minimalist-Book-Club-Logo-Facebook-Post-1.jpg","type":"image\/jpeg"}],"author":"Klara i Rosa","twitter_card":"summary_large_image","twitter_misc":{"Szerz\u0151:":"Klara i Rosa","Becs\u00fclt olvas\u00e1si id\u0151":"1 perc"},"schema":{"@context":"https:\/\/schema.org","@graph":[{"@type":"Article","@id":"https:\/\/www.klarairosa.com\/omladinski-citalacki-klub\/#article","isPartOf":{"@id":"https:\/\/www.klarairosa.com\/omladinski-citalacki-klub\/"},"author":{"name":"Klara i Rosa","@id":"https:\/\/www.klarairosa.com\/en\/#\/schema\/person\/e4e7e9e5c8eeeddccf61e4532ae8e6ed"},"headline":"OMLADINSKI \u010cITALA\u010cKI KLUB","datePublished":"2025-05-04T10:31:55+00:00","dateModified":"2025-05-09T10:33:46+00:00","mainEntityOfPage":{"@id":"https:\/\/www.klarairosa.com\/omladinski-citalacki-klub\/"},"wordCount":200,"publisher":{"@id":"https:\/\/www.klarairosa.com\/en\/#organization"},"image":{"@id":"https:\/\/www.klarairosa.com\/omladinski-citalacki-klub\/#primaryimage"},"thumbnailUrl":"https:\/\/www.klarairosa.com\/wp-content\/uploads\/2025\/05\/Blue-Bold-Minimalist-Book-Club-Logo-Facebook-Post-1.jpg","keywords":["aktivne zajednice","\u010ditala\u010dki klub","Klara i Rosa","mladi","omladina","omladinsko-volonterski klub","subotica","volonteri"],"articleSection":["Aktuelno"],"inLanguage":"hu"},{"@type":"WebPage","@id":"https:\/\/www.klarairosa.com\/omladinski-citalacki-klub\/","url":"https:\/\/www.klarairosa.com\/omladinski-citalacki-klub\/","name":"OMLADINSKI \u010cITALA\u010cKI KLUB - Klara i Rosa","isPartOf":{"@id":"https:\/\/www.klarairosa.com\/en\/#website"},"primaryImageOfPage":{"@id":"https:\/\/www.klarairosa.com\/omladinski-citalacki-klub\/#primaryimage"},"image":{"@id":"https:\/\/www.klarairosa.com\/omladinski-citalacki-klub\/#primaryimage"},"thumbnailUrl":"https:\/\/www.klarairosa.com\/wp-content\/uploads\/2025\/05\/Blue-Bold-Minimalist-Book-Club-Logo-Facebook-Post-1.jpg","datePublished":"2025-05-04T10:31:55+00:00","dateModified":"2025-05-09T10:33:46+00:00","breadcrumb":{"@id":"https:\/\/www.klarairosa.com\/omladinski-citalacki-klub\/#breadcrumb"},"inLanguage":"hu","potentialAction":[{"@type":"ReadAction","target":["https:\/\/www.klarairosa.com\/omladinski-citalacki-klub\/"]}]},{"@type":"ImageObject","inLanguage":"hu","@id":"https:\/\/www.klarairosa.com\/omladinski-citalacki-klub\/#primaryimage","url":"https:\/\/www.klarairosa.com\/wp-content\/uploads\/2025\/05\/Blue-Bold-Minimalist-Book-Club-Logo-Facebook-Post-1.jpg","contentUrl":"https:\/\/www.klarairosa.com\/wp-content\/uploads\/2025\/05\/Blue-Bold-Minimalist-Book-Club-Logo-Facebook-Post-1.jpg","width":1352,"height":1005},{"@type":"BreadcrumbList","@id":"https:\/\/www.klarairosa.com\/omladinski-citalacki-klub\/#breadcrumb","itemListElement":[{"@type":"ListItem","position":1,"name":"Home","item":"https:\/\/www.klarairosa.com\/"},{"@type":"ListItem","position":2,"name":"OMLADINSKI \u010cITALA\u010cKI KLUB"}]},{"@type":"WebSite","@id":"https:\/\/www.klarairosa.com\/en\/#website","url":"https:\/\/www.klarairosa.com\/en\/","name":"Kl\u00e1ra \u00e9s Rosa Egyes\u00fclet","description":"Kl\u00e1ra \u00e9s Rosa Egyes\u00fclet","publisher":{"@id":"https:\/\/www.klarairosa.com\/en\/#organization"},"potentialAction":[{"@type":"SearchAction","target":{"@type":"EntryPoint","urlTemplate":"https:\/\/www.klarairosa.com\/en\/?s={search_term_string}"},"query-input":{"@type":"PropertyValueSpecification","valueRequired":true,"valueName":"search_term_string"}}],"inLanguage":"hu"},{"@type":"Organization","@id":"https:\/\/www.klarairosa.com\/en\/#organization","name":"Kl\u00e1ra \u00e9s Rosa Egyes\u00fclet","url":"https:\/\/www.klarairosa.com\/en\/","logo":{"@type":"ImageObject","inLanguage":"hu","@id":"https:\/\/www.klarairosa.com\/en\/#\/schema\/logo\/image\/","url":"https:\/\/www.klarairosa.com\/wp-content\/uploads\/2022\/01\/logo.svg","contentUrl":"https:\/\/www.klarairosa.com\/wp-content\/uploads\/2022\/01\/logo.svg","width":110,"height":139,"caption":"Klara i Rosa"},"image":{"@id":"https:\/\/www.klarairosa.com\/en\/#\/schema\/logo\/image\/"},"sameAs":["https:\/\/www.facebook.com\/klarairosa\/","https:\/\/www.instagram.com\/ugklarairosa\/"]},{"@type":"Person","@id":"https:\/\/www.klarairosa.com\/en\/#\/schema\/person\/e4e7e9e5c8eeeddccf61e4532ae8e6ed","name":"Kl\u00e1ra \u00e9s Rosa Egyes\u00fclet","image":{"@type":"ImageObject","inLanguage":"hu","@id":"https:\/\/secure.gravatar.com\/avatar\/c83ee539a067b9f57ae5d8999ae286c4f98b5c4bd943b8cbb64f6b0fc1f29e40?s=96&d=mm&r=g","url":"https:\/\/secure.gravatar.com\/avatar\/c83ee539a067b9f57ae5d8999ae286c4f98b5c4bd943b8cbb64f6b0fc1f29e40?s=96&d=mm&r=g","contentUrl":"https:\/\/secure.gravatar.com\/avatar\/c83ee539a067b9f57ae5d8999ae286c4f98b5c4bd943b8cbb64f6b0fc1f29e40?s=96&d=mm&r=g","caption":"Klara i Rosa"},"sameAs":["https:\/\/klarairosa.com"],"url":"https:\/\/www.klarairosa.com\/hu\/author\/rosaiklara\/"}]}},"_links":{"self":[{"href":"https:\/\/www.klarairosa.com\/hu\/wp-json\/wp\/v2\/posts\/22938","targetHints":{"allow":["GET"]}}],"collection":[{"href":"https:\/\/www.klarairosa.com\/hu\/wp-json\/wp\/v2\/posts"}],"about":[{"href":"https:\/\/www.klarairosa.com\/hu\/wp-json\/wp\/v2\/types\/post"}],"author":[{"embeddable":true,"href":"https:\/\/www.klarairosa.com\/hu\/wp-json\/wp\/v2\/users\/1"}],"replies":[{"embeddable":true,"href":"https:\/\/www.klarairosa.com\/hu\/wp-json\/wp\/v2\/comments?post=22938"}],"version-history":[{"count":1,"href":"https:\/\/www.klarairosa.com\/hu\/wp-json\/wp\/v2\/posts\/22938\/revisions"}],"predecessor-version":[{"id":22940,"href":"https:\/\/www.klarairosa.com\/hu\/wp-json\/wp\/v2\/posts\/22938\/revisions\/22940"}],"wp:featuredmedia":[{"embeddable":true,"href":"https:\/\/www.klarairosa.com\/hu\/wp-json\/wp\/v2\/media\/22939"}],"wp:attachment":[{"href":"https:\/\/www.klarairosa.com\/hu\/wp-json\/wp\/v2\/media?parent=22938"}],"wp:term":[{"taxonomy":"category","embeddable":true,"href":"https:\/\/www.klarairosa.com\/hu\/wp-json\/wp\/v2\/categories?post=22938"},{"taxonomy":"post_tag","embeddable":true,"href":"https:\/\/www.klarairosa.com\/hu\/wp-json\/wp\/v2\/tags?post=22938"}],"curies":[{"name":"wp","href":"https:\/\/api.w.org\/{rel}","templated":true}]}}