{"id":22934,"date":"2025-04-29T07:25:55","date_gmt":"2025-04-29T07:25:55","guid":{"rendered":"https:\/\/www.klarairosa.com\/?p=22934"},"modified":"2025-04-29T07:26:26","modified_gmt":"2025-04-29T07:26:26","slug":"agora-palanacka-filozofija-malogradjanstina-u-svojoj-najvisoj-potenciji","status":"publish","type":"post","link":"https:\/\/www.klarairosa.com\/hu\/agora-palanacka-filozofija-malogradjanstina-u-svojoj-najvisoj-potenciji\/","title":{"rendered":"AGORA: Kisv\u00e1rosi filoz\u00f3fia \u2013 kispolg\u00e1ris\u00e1g a maga legmagasabb fok\u00e1n"},"content":{"rendered":"<div class=\"xdj266r x11i5rnm xat24cr x1mh8g0r x1vvkbs x126k92a\">\n<div dir=\"auto\">A k\u00f6vetkez\u0151 <strong>AGORA<\/strong> ekkor lesz: <strong>\u00e1prilis 30-\u00e1n szerd\u00e1n, 18 \u00f3r\u00e1t\u00f3l <\/strong><b>a Kl\u00e1ra \u00e9s Rosa udvar\u00e1ban\u00a0<\/b>(Pet\u0151fi S\u00e1ndor u. 15).<\/div>\n<div dir=\"auto\" style=\"text-align: justify;\">.<\/div>\n<\/div>\n<div class=\"x11i5rnm xat24cr x1mh8g0r x1vvkbs xtlvy1s x126k92a\">\n<div dir=\"auto\" style=\"text-align: justify;\">\n<p>\u201eA falu \u00e9s a v\u00e1ros k\u00f6z\u00f6tt, \u00edgy elfeledve a kisv\u00e1ros vil\u00e1ga se nem falu, se nem v\u00e1ros. Szelleme azonban a t\u00f6rzsi szellem, mint ide\u00e1lisan egyedi \u00e9s a vil\u00e1gszellem, mint ide\u00e1lisan nyitott szellem k\u00f6z\u00f6tt van. Amikor ez a szellem \u00edgy besz\u00e9l rossz sors\u00e1r\u00f3l, akkor arr\u00f3l besz\u00e9l, hogy \u0151 kiv\u00e9tel a t\u00f6rt\u00e9nelemben. De m\u00e9g akkor is, ha \u00e1toknak mondja, akarja ezt a kiv\u00e9teless\u00e9get. A kisv\u00e1ros szellem\u00e9nek felt\u00e9telez\u00e9se valahol ebben rejlik: hogy ez egy olyan szellem, amely a t\u00f6rt\u00e9nelem \u00e1ltal elfeledett, most arra t\u00f6rekszik, hogy ezt a sorsot kiv\u00e1lts\u00e1g\u00e1v\u00e1 v\u00e1ltoztassa, azzal, hogy maga is elfelejti a t\u00f6rt\u00e9nelmet (ahogy az \u00e9ket elt\u00e1vol\u00edtja az \u00e9k), \u00e9s ezzel a feled\u00e9ssel \u00e1lland\u00f3s\u00edtja \u00f6nmag\u00e1t...\u02ee - R. Konstantinovi\u0107 \u2013 A vid\u00e9k filoz\u00f3fi\u00e1ja<\/p>\n<p>.<\/p>\n<p>Szolg\u00e1ljon ez az id\u00e9zet a szellemi t\u00e1j lefest\u00e9s\u00e9nek k\u00eds\u00e9rlet\u00e9\u00fcl, amelyb\u0151l kin\u0151tt moderns\u00e9g\u00fcnk. Az ut\u00f3bbi t\u00f6rt\u00e9n\u00e9sek az ebb\u0151l a vil\u00e1gk\u00e9pb\u0151l val\u00f3 kil\u00e9p\u00e9si k\u00eds\u00e9rletnek t\u0171nnek. De lehets\u00e9ges e ez? Nem zs\u00e1kutca e a kisv\u00e1ros, amelyben megreked\u00fcnk, mert nem vagyunk tudat\u00e1ban? Nem lehets\u00e9ges e, hogy ebben az esetben a kisv\u00e1rosi filozof\u00e1lgat\u00e1s az a legt\u00e1volabbi pont, ameddig egy kispolg\u00e1r el\u00e9rhet?<\/p>\n<\/div>\n<div dir=\"auto\">.<\/div>\n<\/div>\n<div class=\"x11i5rnm xat24cr x1mh8g0r x1vvkbs xtlvy1s x126k92a\">\n<div dir=\"auto\" class=\" translation-block\">A besz\u00e9lget\u00e9st <strong>Boris \u010cegar<\/strong> filoz\u00f3fiaprofesszor vezeti.<\/div>\n<div dir=\"auto\">.<\/div>\n<div dir=\"auto\">A programot a Guerilla Alap\u00edtv\u00e1ny t\u00e1mogatja.<\/div>\n<div dir=\"auto\"><\/div>\n<\/div>","protected":false},"excerpt":{"rendered":"<p>Slede\u0107a AGORA \u0107e se odr\u017eati u sredu, 30. aprila od 18 \u010dasova u dvori\u0161tu Klare&#8230;<\/p>","protected":false},"author":1,"featured_media":22532,"comment_status":"closed","ping_status":"closed","sticky":false,"template":"","format":"standard","meta":{"content-type":"","inline_featured_image":false,"footnotes":""},"categories":[109],"tags":[396,351,282,307,395,124,152],"class_list":["post-22934","post","type-post","status-publish","format-standard","has-post-thumbnail","hentry","category-aktuelno","tag-agora","tag-boris-cegar","tag-community","tag-filozofija","tag-guerrilla","tag-klara-i-rosa","tag-subotica"],"yoast_head":"<!-- This site is optimized with the Yoast SEO plugin v27.5 - https:\/\/yoast.com\/product\/yoast-seo-wordpress\/ -->\n<title>AGORA: Palana\u010dka filozofija - malogra\u0111an\u0161tina u svojoj najvi\u0161oj potenciji - Klara i Rosa<\/title>\n<meta name=\"robots\" content=\"index, follow, max-snippet:-1, max-image-preview:large, max-video-preview:-1\" \/>\n<link rel=\"canonical\" href=\"https:\/\/www.klarairosa.com\/hu\/agora-palanacka-filozofija-malogradjanstina-u-svojoj-najvisoj-potenciji\/\" \/>\n<meta property=\"og:locale\" content=\"hu_HU\" \/>\n<meta property=\"og:type\" content=\"article\" \/>\n<meta property=\"og:title\" content=\"AGORA: Palana\u010dka filozofija - malogra\u0111an\u0161tina u svojoj najvi\u0161oj potenciji - Klara i Rosa\" \/>\n<meta property=\"og:description\" content=\"Slede\u0107a AGORA \u0107e se odr\u017eati u sredu, 30. aprila od 18 \u010dasova u dvori\u0161tu Klare...\" \/>\n<meta property=\"og:url\" content=\"https:\/\/www.klarairosa.com\/hu\/agora-palanacka-filozofija-malogradjanstina-u-svojoj-najvisoj-potenciji\/\" \/>\n<meta property=\"og:site_name\" content=\"Klara i Rosa\" \/>\n<meta property=\"article:publisher\" content=\"https:\/\/www.facebook.com\/klarairosa\/\" \/>\n<meta property=\"article:published_time\" content=\"2025-04-29T07:25:55+00:00\" \/>\n<meta property=\"article:modified_time\" content=\"2025-04-29T07:26:26+00:00\" \/>\n<meta property=\"og:image\" content=\"https:\/\/www.klarairosa.com\/wp-content\/uploads\/2024\/12\/Agora-sajt-jesen.jpg\" \/>\n\t<meta property=\"og:image:width\" content=\"1352\" \/>\n\t<meta property=\"og:image:height\" content=\"1005\" \/>\n\t<meta property=\"og:image:type\" content=\"image\/jpeg\" \/>\n<meta name=\"author\" content=\"Klara i Rosa\" \/>\n<meta name=\"twitter:card\" content=\"summary_large_image\" \/>\n<meta name=\"twitter:label1\" content=\"Szerz\u0151:\" \/>\n\t<meta name=\"twitter:data1\" content=\"Klara i Rosa\" \/>\n\t<meta name=\"twitter:label2\" content=\"Becs\u00fclt olvas\u00e1si id\u0151\" \/>\n\t<meta name=\"twitter:data2\" content=\"1 perc\" \/>\n<script type=\"application\/ld+json\" class=\"yoast-schema-graph\">{\"@context\":\"https:\\\/\\\/schema.org\",\"@graph\":[{\"@type\":\"Article\",\"@id\":\"https:\\\/\\\/www.klarairosa.com\\\/agora-palanacka-filozofija-malogradjanstina-u-svojoj-najvisoj-potenciji\\\/#article\",\"isPartOf\":{\"@id\":\"https:\\\/\\\/www.klarairosa.com\\\/agora-palanacka-filozofija-malogradjanstina-u-svojoj-najvisoj-potenciji\\\/\"},\"author\":{\"name\":\"Klara i Rosa\",\"@id\":\"https:\\\/\\\/www.klarairosa.com\\\/en\\\/#\\\/schema\\\/person\\\/e4e7e9e5c8eeeddccf61e4532ae8e6ed\"},\"headline\":\"AGORA: Palana\u010dka filozofija &#8211; malogra\u0111an\u0161tina u svojoj najvi\u0161oj potenciji\",\"datePublished\":\"2025-04-29T07:25:55+00:00\",\"dateModified\":\"2025-04-29T07:26:26+00:00\",\"mainEntityOfPage\":{\"@id\":\"https:\\\/\\\/www.klarairosa.com\\\/agora-palanacka-filozofija-malogradjanstina-u-svojoj-najvisoj-potenciji\\\/\"},\"wordCount\":233,\"publisher\":{\"@id\":\"https:\\\/\\\/www.klarairosa.com\\\/en\\\/#organization\"},\"image\":{\"@id\":\"https:\\\/\\\/www.klarairosa.com\\\/agora-palanacka-filozofija-malogradjanstina-u-svojoj-najvisoj-potenciji\\\/#primaryimage\"},\"thumbnailUrl\":\"https:\\\/\\\/www.klarairosa.com\\\/wp-content\\\/uploads\\\/2024\\\/12\\\/Agora-sajt-jesen.jpg\",\"keywords\":[\"agora\",\"boris cegar\",\"community\",\"filozofija\",\"guerrilla\",\"Klara i Rosa\",\"subotica\"],\"articleSection\":[\"Aktuelno\"],\"inLanguage\":\"hu\"},{\"@type\":\"WebPage\",\"@id\":\"https:\\\/\\\/www.klarairosa.com\\\/agora-palanacka-filozofija-malogradjanstina-u-svojoj-najvisoj-potenciji\\\/\",\"url\":\"https:\\\/\\\/www.klarairosa.com\\\/agora-palanacka-filozofija-malogradjanstina-u-svojoj-najvisoj-potenciji\\\/\",\"name\":\"AGORA: Palana\u010dka filozofija - malogra\u0111an\u0161tina u svojoj najvi\u0161oj potenciji - Klara i Rosa\",\"isPartOf\":{\"@id\":\"https:\\\/\\\/www.klarairosa.com\\\/en\\\/#website\"},\"primaryImageOfPage\":{\"@id\":\"https:\\\/\\\/www.klarairosa.com\\\/agora-palanacka-filozofija-malogradjanstina-u-svojoj-najvisoj-potenciji\\\/#primaryimage\"},\"image\":{\"@id\":\"https:\\\/\\\/www.klarairosa.com\\\/agora-palanacka-filozofija-malogradjanstina-u-svojoj-najvisoj-potenciji\\\/#primaryimage\"},\"thumbnailUrl\":\"https:\\\/\\\/www.klarairosa.com\\\/wp-content\\\/uploads\\\/2024\\\/12\\\/Agora-sajt-jesen.jpg\",\"datePublished\":\"2025-04-29T07:25:55+00:00\",\"dateModified\":\"2025-04-29T07:26:26+00:00\",\"breadcrumb\":{\"@id\":\"https:\\\/\\\/www.klarairosa.com\\\/agora-palanacka-filozofija-malogradjanstina-u-svojoj-najvisoj-potenciji\\\/#breadcrumb\"},\"inLanguage\":\"hu\",\"potentialAction\":[{\"@type\":\"ReadAction\",\"target\":[\"https:\\\/\\\/www.klarairosa.com\\\/agora-palanacka-filozofija-malogradjanstina-u-svojoj-najvisoj-potenciji\\\/\"]}]},{\"@type\":\"ImageObject\",\"inLanguage\":\"hu\",\"@id\":\"https:\\\/\\\/www.klarairosa.com\\\/agora-palanacka-filozofija-malogradjanstina-u-svojoj-najvisoj-potenciji\\\/#primaryimage\",\"url\":\"https:\\\/\\\/www.klarairosa.com\\\/wp-content\\\/uploads\\\/2024\\\/12\\\/Agora-sajt-jesen.jpg\",\"contentUrl\":\"https:\\\/\\\/www.klarairosa.com\\\/wp-content\\\/uploads\\\/2024\\\/12\\\/Agora-sajt-jesen.jpg\",\"width\":1352,\"height\":1005},{\"@type\":\"BreadcrumbList\",\"@id\":\"https:\\\/\\\/www.klarairosa.com\\\/agora-palanacka-filozofija-malogradjanstina-u-svojoj-najvisoj-potenciji\\\/#breadcrumb\",\"itemListElement\":[{\"@type\":\"ListItem\",\"position\":1,\"name\":\"Home\",\"item\":\"https:\\\/\\\/www.klarairosa.com\\\/\"},{\"@type\":\"ListItem\",\"position\":2,\"name\":\"AGORA: Palana\u010dka filozofija &#8211; malogra\u0111an\u0161tina u svojoj najvi\u0161oj potenciji\"}]},{\"@type\":\"WebSite\",\"@id\":\"https:\\\/\\\/www.klarairosa.com\\\/en\\\/#website\",\"url\":\"https:\\\/\\\/www.klarairosa.com\\\/en\\\/\",\"name\":\"Klara i Rosa\",\"description\":\"Klara i Rosa\",\"publisher\":{\"@id\":\"https:\\\/\\\/www.klarairosa.com\\\/en\\\/#organization\"},\"potentialAction\":[{\"@type\":\"SearchAction\",\"target\":{\"@type\":\"EntryPoint\",\"urlTemplate\":\"https:\\\/\\\/www.klarairosa.com\\\/en\\\/?s={search_term_string}\"},\"query-input\":{\"@type\":\"PropertyValueSpecification\",\"valueRequired\":true,\"valueName\":\"search_term_string\"}}],\"inLanguage\":\"hu\"},{\"@type\":\"Organization\",\"@id\":\"https:\\\/\\\/www.klarairosa.com\\\/en\\\/#organization\",\"name\":\"Klara i Rosa\",\"url\":\"https:\\\/\\\/www.klarairosa.com\\\/en\\\/\",\"logo\":{\"@type\":\"ImageObject\",\"inLanguage\":\"hu\",\"@id\":\"https:\\\/\\\/www.klarairosa.com\\\/en\\\/#\\\/schema\\\/logo\\\/image\\\/\",\"url\":\"https:\\\/\\\/www.klarairosa.com\\\/wp-content\\\/uploads\\\/2022\\\/01\\\/logo.svg\",\"contentUrl\":\"https:\\\/\\\/www.klarairosa.com\\\/wp-content\\\/uploads\\\/2022\\\/01\\\/logo.svg\",\"width\":110,\"height\":139,\"caption\":\"Klara i Rosa\"},\"image\":{\"@id\":\"https:\\\/\\\/www.klarairosa.com\\\/en\\\/#\\\/schema\\\/logo\\\/image\\\/\"},\"sameAs\":[\"https:\\\/\\\/www.facebook.com\\\/klarairosa\\\/\",\"https:\\\/\\\/www.instagram.com\\\/ugklarairosa\\\/\"]},{\"@type\":\"Person\",\"@id\":\"https:\\\/\\\/www.klarairosa.com\\\/en\\\/#\\\/schema\\\/person\\\/e4e7e9e5c8eeeddccf61e4532ae8e6ed\",\"name\":\"Klara i Rosa\",\"image\":{\"@type\":\"ImageObject\",\"inLanguage\":\"hu\",\"@id\":\"https:\\\/\\\/secure.gravatar.com\\\/avatar\\\/c83ee539a067b9f57ae5d8999ae286c4f98b5c4bd943b8cbb64f6b0fc1f29e40?s=96&d=mm&r=g\",\"url\":\"https:\\\/\\\/secure.gravatar.com\\\/avatar\\\/c83ee539a067b9f57ae5d8999ae286c4f98b5c4bd943b8cbb64f6b0fc1f29e40?s=96&d=mm&r=g\",\"contentUrl\":\"https:\\\/\\\/secure.gravatar.com\\\/avatar\\\/c83ee539a067b9f57ae5d8999ae286c4f98b5c4bd943b8cbb64f6b0fc1f29e40?s=96&d=mm&r=g\",\"caption\":\"Klara i Rosa\"},\"sameAs\":[\"https:\\\/\\\/klarairosa.com\"],\"url\":\"https:\\\/\\\/www.klarairosa.com\\\/hu\\\/author\\\/rosaiklara\\\/\"}]}<\/script>\n<!-- \/ Yoast SEO plugin. -->","yoast_head_json":{"title":"AGORA: Palana\u010dka filozofija - malogra\u0111an\u0161tina u svojoj najvi\u0161oj potenciji - Klara i Rosa","robots":{"index":"index","follow":"follow","max-snippet":"max-snippet:-1","max-image-preview":"max-image-preview:large","max-video-preview":"max-video-preview:-1"},"canonical":"https:\/\/www.klarairosa.com\/hu\/agora-palanacka-filozofija-malogradjanstina-u-svojoj-najvisoj-potenciji\/","og_locale":"hu_HU","og_type":"article","og_title":"AGORA: Palana\u010dka filozofija - malogra\u0111an\u0161tina u svojoj najvi\u0161oj potenciji - Klara i Rosa","og_description":"Slede\u0107a AGORA \u0107e se odr\u017eati u sredu, 30. aprila od 18 \u010dasova u dvori\u0161tu Klare...","og_url":"https:\/\/www.klarairosa.com\/hu\/agora-palanacka-filozofija-malogradjanstina-u-svojoj-najvisoj-potenciji\/","og_site_name":"Klara i Rosa","article_publisher":"https:\/\/www.facebook.com\/klarairosa\/","article_published_time":"2025-04-29T07:25:55+00:00","article_modified_time":"2025-04-29T07:26:26+00:00","og_image":[{"width":1352,"height":1005,"url":"https:\/\/www.klarairosa.com\/wp-content\/uploads\/2024\/12\/Agora-sajt-jesen.jpg","type":"image\/jpeg"}],"author":"Klara i Rosa","twitter_card":"summary_large_image","twitter_misc":{"Szerz\u0151:":"Klara i Rosa","Becs\u00fclt olvas\u00e1si id\u0151":"1 perc"},"schema":{"@context":"https:\/\/schema.org","@graph":[{"@type":"Article","@id":"https:\/\/www.klarairosa.com\/agora-palanacka-filozofija-malogradjanstina-u-svojoj-najvisoj-potenciji\/#article","isPartOf":{"@id":"https:\/\/www.klarairosa.com\/agora-palanacka-filozofija-malogradjanstina-u-svojoj-najvisoj-potenciji\/"},"author":{"name":"Klara i Rosa","@id":"https:\/\/www.klarairosa.com\/en\/#\/schema\/person\/e4e7e9e5c8eeeddccf61e4532ae8e6ed"},"headline":"AGORA: Palana\u010dka filozofija &#8211; malogra\u0111an\u0161tina u svojoj najvi\u0161oj potenciji","datePublished":"2025-04-29T07:25:55+00:00","dateModified":"2025-04-29T07:26:26+00:00","mainEntityOfPage":{"@id":"https:\/\/www.klarairosa.com\/agora-palanacka-filozofija-malogradjanstina-u-svojoj-najvisoj-potenciji\/"},"wordCount":233,"publisher":{"@id":"https:\/\/www.klarairosa.com\/en\/#organization"},"image":{"@id":"https:\/\/www.klarairosa.com\/agora-palanacka-filozofija-malogradjanstina-u-svojoj-najvisoj-potenciji\/#primaryimage"},"thumbnailUrl":"https:\/\/www.klarairosa.com\/wp-content\/uploads\/2024\/12\/Agora-sajt-jesen.jpg","keywords":["agora","boris cegar","community","filozofija","guerrilla","Klara i Rosa","subotica"],"articleSection":["Aktuelno"],"inLanguage":"hu"},{"@type":"WebPage","@id":"https:\/\/www.klarairosa.com\/agora-palanacka-filozofija-malogradjanstina-u-svojoj-najvisoj-potenciji\/","url":"https:\/\/www.klarairosa.com\/agora-palanacka-filozofija-malogradjanstina-u-svojoj-najvisoj-potenciji\/","name":"AGORA: Palana\u010dka filozofija - malogra\u0111an\u0161tina u svojoj najvi\u0161oj potenciji - Klara i Rosa","isPartOf":{"@id":"https:\/\/www.klarairosa.com\/en\/#website"},"primaryImageOfPage":{"@id":"https:\/\/www.klarairosa.com\/agora-palanacka-filozofija-malogradjanstina-u-svojoj-najvisoj-potenciji\/#primaryimage"},"image":{"@id":"https:\/\/www.klarairosa.com\/agora-palanacka-filozofija-malogradjanstina-u-svojoj-najvisoj-potenciji\/#primaryimage"},"thumbnailUrl":"https:\/\/www.klarairosa.com\/wp-content\/uploads\/2024\/12\/Agora-sajt-jesen.jpg","datePublished":"2025-04-29T07:25:55+00:00","dateModified":"2025-04-29T07:26:26+00:00","breadcrumb":{"@id":"https:\/\/www.klarairosa.com\/agora-palanacka-filozofija-malogradjanstina-u-svojoj-najvisoj-potenciji\/#breadcrumb"},"inLanguage":"hu","potentialAction":[{"@type":"ReadAction","target":["https:\/\/www.klarairosa.com\/agora-palanacka-filozofija-malogradjanstina-u-svojoj-najvisoj-potenciji\/"]}]},{"@type":"ImageObject","inLanguage":"hu","@id":"https:\/\/www.klarairosa.com\/agora-palanacka-filozofija-malogradjanstina-u-svojoj-najvisoj-potenciji\/#primaryimage","url":"https:\/\/www.klarairosa.com\/wp-content\/uploads\/2024\/12\/Agora-sajt-jesen.jpg","contentUrl":"https:\/\/www.klarairosa.com\/wp-content\/uploads\/2024\/12\/Agora-sajt-jesen.jpg","width":1352,"height":1005},{"@type":"BreadcrumbList","@id":"https:\/\/www.klarairosa.com\/agora-palanacka-filozofija-malogradjanstina-u-svojoj-najvisoj-potenciji\/#breadcrumb","itemListElement":[{"@type":"ListItem","position":1,"name":"Home","item":"https:\/\/www.klarairosa.com\/"},{"@type":"ListItem","position":2,"name":"AGORA: Palana\u010dka filozofija &#8211; malogra\u0111an\u0161tina u svojoj najvi\u0161oj potenciji"}]},{"@type":"WebSite","@id":"https:\/\/www.klarairosa.com\/en\/#website","url":"https:\/\/www.klarairosa.com\/en\/","name":"Kl\u00e1ra \u00e9s Rosa Egyes\u00fclet","description":"Kl\u00e1ra \u00e9s Rosa Egyes\u00fclet","publisher":{"@id":"https:\/\/www.klarairosa.com\/en\/#organization"},"potentialAction":[{"@type":"SearchAction","target":{"@type":"EntryPoint","urlTemplate":"https:\/\/www.klarairosa.com\/en\/?s={search_term_string}"},"query-input":{"@type":"PropertyValueSpecification","valueRequired":true,"valueName":"search_term_string"}}],"inLanguage":"hu"},{"@type":"Organization","@id":"https:\/\/www.klarairosa.com\/en\/#organization","name":"Kl\u00e1ra \u00e9s Rosa Egyes\u00fclet","url":"https:\/\/www.klarairosa.com\/en\/","logo":{"@type":"ImageObject","inLanguage":"hu","@id":"https:\/\/www.klarairosa.com\/en\/#\/schema\/logo\/image\/","url":"https:\/\/www.klarairosa.com\/wp-content\/uploads\/2022\/01\/logo.svg","contentUrl":"https:\/\/www.klarairosa.com\/wp-content\/uploads\/2022\/01\/logo.svg","width":110,"height":139,"caption":"Klara i Rosa"},"image":{"@id":"https:\/\/www.klarairosa.com\/en\/#\/schema\/logo\/image\/"},"sameAs":["https:\/\/www.facebook.com\/klarairosa\/","https:\/\/www.instagram.com\/ugklarairosa\/"]},{"@type":"Person","@id":"https:\/\/www.klarairosa.com\/en\/#\/schema\/person\/e4e7e9e5c8eeeddccf61e4532ae8e6ed","name":"Kl\u00e1ra \u00e9s Rosa Egyes\u00fclet","image":{"@type":"ImageObject","inLanguage":"hu","@id":"https:\/\/secure.gravatar.com\/avatar\/c83ee539a067b9f57ae5d8999ae286c4f98b5c4bd943b8cbb64f6b0fc1f29e40?s=96&d=mm&r=g","url":"https:\/\/secure.gravatar.com\/avatar\/c83ee539a067b9f57ae5d8999ae286c4f98b5c4bd943b8cbb64f6b0fc1f29e40?s=96&d=mm&r=g","contentUrl":"https:\/\/secure.gravatar.com\/avatar\/c83ee539a067b9f57ae5d8999ae286c4f98b5c4bd943b8cbb64f6b0fc1f29e40?s=96&d=mm&r=g","caption":"Klara i Rosa"},"sameAs":["https:\/\/klarairosa.com"],"url":"https:\/\/www.klarairosa.com\/hu\/author\/rosaiklara\/"}]}},"_links":{"self":[{"href":"https:\/\/www.klarairosa.com\/hu\/wp-json\/wp\/v2\/posts\/22934","targetHints":{"allow":["GET"]}}],"collection":[{"href":"https:\/\/www.klarairosa.com\/hu\/wp-json\/wp\/v2\/posts"}],"about":[{"href":"https:\/\/www.klarairosa.com\/hu\/wp-json\/wp\/v2\/types\/post"}],"author":[{"embeddable":true,"href":"https:\/\/www.klarairosa.com\/hu\/wp-json\/wp\/v2\/users\/1"}],"replies":[{"embeddable":true,"href":"https:\/\/www.klarairosa.com\/hu\/wp-json\/wp\/v2\/comments?post=22934"}],"version-history":[{"count":2,"href":"https:\/\/www.klarairosa.com\/hu\/wp-json\/wp\/v2\/posts\/22934\/revisions"}],"predecessor-version":[{"id":22936,"href":"https:\/\/www.klarairosa.com\/hu\/wp-json\/wp\/v2\/posts\/22934\/revisions\/22936"}],"wp:featuredmedia":[{"embeddable":true,"href":"https:\/\/www.klarairosa.com\/hu\/wp-json\/wp\/v2\/media\/22532"}],"wp:attachment":[{"href":"https:\/\/www.klarairosa.com\/hu\/wp-json\/wp\/v2\/media?parent=22934"}],"wp:term":[{"taxonomy":"category","embeddable":true,"href":"https:\/\/www.klarairosa.com\/hu\/wp-json\/wp\/v2\/categories?post=22934"},{"taxonomy":"post_tag","embeddable":true,"href":"https:\/\/www.klarairosa.com\/hu\/wp-json\/wp\/v2\/tags?post=22934"}],"curies":[{"name":"wp","href":"https:\/\/api.w.org\/{rel}","templated":true}]}}