{"id":22874,"date":"2025-04-24T07:17:12","date_gmt":"2025-04-24T07:17:12","guid":{"rendered":"https:\/\/www.klarairosa.com\/?p=22874"},"modified":"2025-04-24T07:20:14","modified_gmt":"2025-04-24T07:20:14","slug":"kulturna-razmena-klare-i-rose-i-akc-gnezdo-u-krusevcu","status":"publish","type":"post","link":"https:\/\/www.klarairosa.com\/hu\/kulturna-razmena-klare-i-rose-i-akc-gnezdo-u-krusevcu\/","title":{"rendered":"Kultur\u00e1lis csere a Kl\u00e1ra \u00e9s Rosa \u00e9s a Gnezdo Alternat\u00edv Kultur\u00e1lis K\u00f6zpont k\u00f6z\u00f6tt Krusev\u00e1con"},"content":{"rendered":"<div class=\"xdj266r x11i5rnm xat24cr x1mh8g0r x1vvkbs x126k92a\">\n<div dir=\"auto\" style=\"text-align: justify;\">\n<div class=\"x11i5rnm xat24cr x1mh8g0r x1vvkbs xtlvy1s x126k92a\">\n<div dir=\"auto\">\n<div class=\"xdj266r x11i5rnm xat24cr x1mh8g0r x1vvkbs x126k92a\">\n<div dir=\"auto\"><\/div>\n<\/div>\n<\/div>\n<\/div>\n<div class=\"x11i5rnm xat24cr x1mh8g0r x1vvkbs xtlvy1s x126k92a\">\n<div dir=\"auto\">\u00c1prilis 19-\u00e9n, szombaton bemutattuk a Kl\u00e1ra \u00e9s Rosa Egyes\u00fclet programjait a Gnezdo Alternat\u00edv Kultur\u00e1lis K\u00f6zpontban Krusev\u00e1con.<\/div>\n<div dir=\"auto\">.<\/div>\n<div dir=\"auto\">Az interakt\u00edv f\u0151z\u0151 m\u0171hely mellett, amit az orosz sz\u00e1rmaz\u00e1s\u00fa szabadkai Anton Lap\u0161in vezetett \u2013 ahol a r\u00e9sztvev\u0151k k\u00f6z\u00f6sen k\u00e9sz\u00edtettek \u00e9telt \u00e9s osztottak meg kulin\u00e1ris tan\u00e1csokat \u00e9s t\u00f6rt\u00e9neteket, \u2013 a k\u00f6z\u00f6ss\u00e9gnek bemutatkozott a szabadkai \u00e9nekes-dalszerz\u0151, Stroberiz is, helyi zen\u00e9szek t\u00e1mogat\u00e1s\u00e1val a sz\u00ednpadon.<\/div>\n<div dir=\"auto\">.<\/div>\n<div dir=\"auto\">Ezek a programok megmutatt\u00e1k, hogy az \u00e9tel \u00e9s a zene mennyire hat\u00e1sos eszk\u00f6zei tudnak lenni a tapasztalatcser\u00e9nek, a bizalom meger\u0151s\u00edt\u00e9s\u00e9nek \u00e9s \u00faj kapcsolatok \u00e9p\u00edt\u00e9s\u00e9nek.<\/div>\n<div dir=\"auto\">.<\/div>\n<div dir=\"auto\">M\u00e1jusban alkalmunk lesz vend\u00e9g\u00fcl l\u00e1tni a Gnezdo AKC csapat\u00e1t a mi hely\u00fcnk\u00f6n.<\/div>\n<div dir=\"auto\">.<\/div>\n<div dir=\"auto\">\n<p>A kultur\u00e1lis csere programj\u00e1t civil kezdem\u00e9nyez\u00e9sek t\u00e1mogatt\u00e1k.<\/p>\n<\/div>\n<div dir=\"auto\">.<\/div>\n<div dir=\"auto\">Fot\u00f3k: Nemanja Ledenski<\/div>\n<div dir=\"auto\">.<\/div>\n<div dir=\"auto\"><img fetchpriority=\"high\" decoding=\"async\" class=\"alignnone size-medium wp-image-22887\" src=\"https:\/\/www.klarairosa.com\/wp-content\/uploads\/2025\/04\/Krusevac-178-300x200.jpg\" alt=\"\" width=\"300\" height=\"200\" srcset=\"https:\/\/www.klarairosa.com\/wp-content\/uploads\/2025\/04\/Krusevac-178-300x200.jpg 300w, https:\/\/www.klarairosa.com\/wp-content\/uploads\/2025\/04\/Krusevac-178-18x12.jpg 18w, https:\/\/www.klarairosa.com\/wp-content\/uploads\/2025\/04\/Krusevac-178.jpg 686w\" sizes=\"(max-width: 300px) 100vw, 300px\" \/><img decoding=\"async\" class=\"alignnone size-medium wp-image-22886\" src=\"https:\/\/www.klarairosa.com\/wp-content\/uploads\/2025\/04\/Krusevac-166-300x200.jpg\" alt=\"\" width=\"300\" height=\"200\" srcset=\"https:\/\/www.klarairosa.com\/wp-content\/uploads\/2025\/04\/Krusevac-166-300x200.jpg 300w, https:\/\/www.klarairosa.com\/wp-content\/uploads\/2025\/04\/Krusevac-166-18x12.jpg 18w, https:\/\/www.klarairosa.com\/wp-content\/uploads\/2025\/04\/Krusevac-166.jpg 686w\" sizes=\"(max-width: 300px) 100vw, 300px\" \/><img decoding=\"async\" class=\"alignnone size-medium wp-image-22885\" src=\"https:\/\/www.klarairosa.com\/wp-content\/uploads\/2025\/04\/Krusevac-112-300x200.jpg\" alt=\"\" width=\"300\" height=\"200\" srcset=\"https:\/\/www.klarairosa.com\/wp-content\/uploads\/2025\/04\/Krusevac-112-300x200.jpg 300w, https:\/\/www.klarairosa.com\/wp-content\/uploads\/2025\/04\/Krusevac-112-18x12.jpg 18w, https:\/\/www.klarairosa.com\/wp-content\/uploads\/2025\/04\/Krusevac-112.jpg 686w\" sizes=\"(max-width: 300px) 100vw, 300px\" \/><img loading=\"lazy\" decoding=\"async\" class=\"alignnone size-medium wp-image-22884\" src=\"https:\/\/www.klarairosa.com\/wp-content\/uploads\/2025\/04\/Krusevac-110-300x200.jpg\" alt=\"\" width=\"300\" height=\"200\" srcset=\"https:\/\/www.klarairosa.com\/wp-content\/uploads\/2025\/04\/Krusevac-110-300x200.jpg 300w, https:\/\/www.klarairosa.com\/wp-content\/uploads\/2025\/04\/Krusevac-110-18x12.jpg 18w, https:\/\/www.klarairosa.com\/wp-content\/uploads\/2025\/04\/Krusevac-110.jpg 686w\" sizes=\"(max-width: 300px) 100vw, 300px\" \/><img loading=\"lazy\" decoding=\"async\" class=\"alignnone size-medium wp-image-22883\" src=\"https:\/\/www.klarairosa.com\/wp-content\/uploads\/2025\/04\/Krusevac-95-300x200.jpg\" alt=\"\" width=\"300\" height=\"200\" srcset=\"https:\/\/www.klarairosa.com\/wp-content\/uploads\/2025\/04\/Krusevac-95-300x200.jpg 300w, https:\/\/www.klarairosa.com\/wp-content\/uploads\/2025\/04\/Krusevac-95-18x12.jpg 18w, https:\/\/www.klarairosa.com\/wp-content\/uploads\/2025\/04\/Krusevac-95.jpg 686w\" sizes=\"(max-width: 300px) 100vw, 300px\" \/><img loading=\"lazy\" decoding=\"async\" class=\"alignnone size-medium wp-image-22882\" src=\"https:\/\/www.klarairosa.com\/wp-content\/uploads\/2025\/04\/Krusevac-74-300x200.jpg\" alt=\"\" width=\"300\" height=\"200\" srcset=\"https:\/\/www.klarairosa.com\/wp-content\/uploads\/2025\/04\/Krusevac-74-300x200.jpg 300w, https:\/\/www.klarairosa.com\/wp-content\/uploads\/2025\/04\/Krusevac-74-18x12.jpg 18w, https:\/\/www.klarairosa.com\/wp-content\/uploads\/2025\/04\/Krusevac-74.jpg 686w\" sizes=\"(max-width: 300px) 100vw, 300px\" \/><img loading=\"lazy\" decoding=\"async\" class=\"alignnone size-medium wp-image-22881\" src=\"https:\/\/www.klarairosa.com\/wp-content\/uploads\/2025\/04\/Krusevac-68-200x300.jpg\" alt=\"\" width=\"200\" height=\"300\" srcset=\"https:\/\/www.klarairosa.com\/wp-content\/uploads\/2025\/04\/Krusevac-68-200x300.jpg 200w, https:\/\/www.klarairosa.com\/wp-content\/uploads\/2025\/04\/Krusevac-68-8x12.jpg 8w, https:\/\/www.klarairosa.com\/wp-content\/uploads\/2025\/04\/Krusevac-68.jpg 458w\" sizes=\"(max-width: 200px) 100vw, 200px\" \/><img loading=\"lazy\" decoding=\"async\" class=\"alignnone size-medium wp-image-22880\" src=\"https:\/\/www.klarairosa.com\/wp-content\/uploads\/2025\/04\/Krusevac-55-300x200.jpg\" alt=\"\" width=\"300\" height=\"200\" srcset=\"https:\/\/www.klarairosa.com\/wp-content\/uploads\/2025\/04\/Krusevac-55-300x200.jpg 300w, https:\/\/www.klarairosa.com\/wp-content\/uploads\/2025\/04\/Krusevac-55-18x12.jpg 18w, https:\/\/www.klarairosa.com\/wp-content\/uploads\/2025\/04\/Krusevac-55.jpg 686w\" sizes=\"(max-width: 300px) 100vw, 300px\" \/><img loading=\"lazy\" decoding=\"async\" class=\"alignnone size-medium wp-image-22879\" src=\"https:\/\/www.klarairosa.com\/wp-content\/uploads\/2025\/04\/Krusevac-53-300x200.jpg\" alt=\"\" width=\"300\" height=\"200\" srcset=\"https:\/\/www.klarairosa.com\/wp-content\/uploads\/2025\/04\/Krusevac-53-300x200.jpg 300w, https:\/\/www.klarairosa.com\/wp-content\/uploads\/2025\/04\/Krusevac-53-18x12.jpg 18w, https:\/\/www.klarairosa.com\/wp-content\/uploads\/2025\/04\/Krusevac-53.jpg 686w\" sizes=\"(max-width: 300px) 100vw, 300px\" \/><img loading=\"lazy\" decoding=\"async\" class=\"alignnone size-medium wp-image-22878\" src=\"https:\/\/www.klarairosa.com\/wp-content\/uploads\/2025\/04\/Krusevac-44-200x300.jpg\" alt=\"\" width=\"200\" height=\"300\" srcset=\"https:\/\/www.klarairosa.com\/wp-content\/uploads\/2025\/04\/Krusevac-44-200x300.jpg 200w, https:\/\/www.klarairosa.com\/wp-content\/uploads\/2025\/04\/Krusevac-44-8x12.jpg 8w, https:\/\/www.klarairosa.com\/wp-content\/uploads\/2025\/04\/Krusevac-44.jpg 458w\" sizes=\"(max-width: 200px) 100vw, 200px\" \/><img loading=\"lazy\" decoding=\"async\" class=\"alignnone size-medium wp-image-22877\" src=\"https:\/\/www.klarairosa.com\/wp-content\/uploads\/2025\/04\/Krusevac-30-200x300.jpg\" alt=\"\" width=\"200\" height=\"300\" srcset=\"https:\/\/www.klarairosa.com\/wp-content\/uploads\/2025\/04\/Krusevac-30-200x300.jpg 200w, https:\/\/www.klarairosa.com\/wp-content\/uploads\/2025\/04\/Krusevac-30-8x12.jpg 8w, https:\/\/www.klarairosa.com\/wp-content\/uploads\/2025\/04\/Krusevac-30.jpg 458w\" sizes=\"(max-width: 200px) 100vw, 200px\" \/><img loading=\"lazy\" decoding=\"async\" class=\"alignnone size-medium wp-image-22876\" src=\"https:\/\/www.klarairosa.com\/wp-content\/uploads\/2025\/04\/Krusevac-16-200x300.jpg\" alt=\"\" width=\"200\" height=\"300\" srcset=\"https:\/\/www.klarairosa.com\/wp-content\/uploads\/2025\/04\/Krusevac-16-200x300.jpg 200w, https:\/\/www.klarairosa.com\/wp-content\/uploads\/2025\/04\/Krusevac-16-8x12.jpg 8w, https:\/\/www.klarairosa.com\/wp-content\/uploads\/2025\/04\/Krusevac-16.jpg 458w\" sizes=\"(max-width: 200px) 100vw, 200px\" \/><img loading=\"lazy\" decoding=\"async\" class=\"alignnone size-medium wp-image-22875\" src=\"https:\/\/www.klarairosa.com\/wp-content\/uploads\/2025\/04\/Krusevac-1-300x200.jpg\" alt=\"\" width=\"300\" height=\"200\" srcset=\"https:\/\/www.klarairosa.com\/wp-content\/uploads\/2025\/04\/Krusevac-1-300x200.jpg 300w, https:\/\/www.klarairosa.com\/wp-content\/uploads\/2025\/04\/Krusevac-1-18x12.jpg 18w, https:\/\/www.klarairosa.com\/wp-content\/uploads\/2025\/04\/Krusevac-1.jpg 686w\" sizes=\"(max-width: 300px) 100vw, 300px\" \/><img loading=\"lazy\" decoding=\"async\" class=\"alignnone size-medium wp-image-22888\" src=\"https:\/\/www.klarairosa.com\/wp-content\/uploads\/2025\/04\/Krusevac-183-300x200.jpg\" alt=\"\" width=\"300\" height=\"200\" srcset=\"https:\/\/www.klarairosa.com\/wp-content\/uploads\/2025\/04\/Krusevac-183-300x200.jpg 300w, https:\/\/www.klarairosa.com\/wp-content\/uploads\/2025\/04\/Krusevac-183-18x12.jpg 18w, https:\/\/www.klarairosa.com\/wp-content\/uploads\/2025\/04\/Krusevac-183.jpg 686w\" sizes=\"(max-width: 300px) 100vw, 300px\" \/><\/div>\n<div dir=\"auto\"><\/div>\n<div dir=\"auto\"><\/div>\n<\/div>\n<\/div>\n<\/div>","protected":false},"excerpt":{"rendered":"<p>U subotu, 19. aprila, u prostorijama AKC Gnezdo u Kru\u0161evcu predstavili smo programe Klare i&#8230;<\/p>","protected":false},"author":1,"featured_media":22891,"comment_status":"closed","ping_status":"closed","sticky":false,"template":"","format":"standard","meta":{"content-type":"","inline_featured_image":false,"footnotes":""},"categories":[109],"tags":[504,656,282,495,124,108,657,368,226,268,655],"class_list":["post-22874","post","type-post","status-publish","format-standard","has-post-thumbnail","hentry","category-aktuelno","tag-akc-gnezdo","tag-anton-lapsin","tag-community","tag-gradjanske-inicijative","tag-klara-i-rosa","tag-koncert","tag-kulturna-razmena","tag-muzika","tag-nemanja-ledenski","tag-stroberiz","tag-zajednicko-kuvanje"],"yoast_head":"<!-- This site is optimized with the Yoast SEO plugin v27.5 - https:\/\/yoast.com\/product\/yoast-seo-wordpress\/ -->\n<title>KULTURNA RAZMENA KLARE I ROSE I AKC GNEZDO U KRU\u0160EVCU - Klara i Rosa<\/title>\n<meta name=\"robots\" content=\"index, follow, max-snippet:-1, max-image-preview:large, max-video-preview:-1\" \/>\n<link rel=\"canonical\" href=\"https:\/\/www.klarairosa.com\/hu\/kulturna-razmena-klare-i-rose-i-akc-gnezdo-u-krusevcu\/\" \/>\n<meta property=\"og:locale\" content=\"hu_HU\" \/>\n<meta property=\"og:type\" content=\"article\" \/>\n<meta property=\"og:title\" content=\"KULTURNA RAZMENA KLARE I ROSE I AKC GNEZDO U KRU\u0160EVCU - Klara i Rosa\" \/>\n<meta property=\"og:description\" content=\"U subotu, 19. aprila, u prostorijama AKC Gnezdo u Kru\u0161evcu predstavili smo programe Klare i...\" \/>\n<meta property=\"og:url\" content=\"https:\/\/www.klarairosa.com\/hu\/kulturna-razmena-klare-i-rose-i-akc-gnezdo-u-krusevcu\/\" \/>\n<meta property=\"og:site_name\" content=\"Klara i Rosa\" \/>\n<meta property=\"article:publisher\" content=\"https:\/\/www.facebook.com\/klarairosa\/\" \/>\n<meta property=\"article:published_time\" content=\"2025-04-24T07:17:12+00:00\" \/>\n<meta property=\"article:modified_time\" content=\"2025-04-24T07:20:14+00:00\" \/>\n<meta property=\"og:image\" content=\"https:\/\/www.klarairosa.com\/wp-content\/uploads\/2025\/04\/Krusevac-165-scaled.jpg\" \/>\n\t<meta property=\"og:image:width\" content=\"2560\" \/>\n\t<meta property=\"og:image:height\" content=\"1707\" \/>\n\t<meta property=\"og:image:type\" content=\"image\/jpeg\" \/>\n<meta name=\"author\" content=\"Klara i Rosa\" \/>\n<meta name=\"twitter:card\" content=\"summary_large_image\" \/>\n<meta name=\"twitter:label1\" content=\"Szerz\u0151:\" \/>\n\t<meta name=\"twitter:data1\" content=\"Klara i Rosa\" \/>\n\t<meta name=\"twitter:label2\" content=\"Becs\u00fclt olvas\u00e1si id\u0151\" \/>\n\t<meta name=\"twitter:data2\" content=\"1 perc\" \/>\n<script type=\"application\/ld+json\" class=\"yoast-schema-graph\">{\"@context\":\"https:\\\/\\\/schema.org\",\"@graph\":[{\"@type\":\"Article\",\"@id\":\"https:\\\/\\\/www.klarairosa.com\\\/kulturna-razmena-klare-i-rose-i-akc-gnezdo-u-krusevcu\\\/#article\",\"isPartOf\":{\"@id\":\"https:\\\/\\\/www.klarairosa.com\\\/kulturna-razmena-klare-i-rose-i-akc-gnezdo-u-krusevcu\\\/\"},\"author\":{\"name\":\"Klara i Rosa\",\"@id\":\"https:\\\/\\\/www.klarairosa.com\\\/en\\\/#\\\/schema\\\/person\\\/e4e7e9e5c8eeeddccf61e4532ae8e6ed\"},\"headline\":\"KULTURNA RAZMENA KLARE I ROSE I AKC GNEZDO U KRU\u0160EVCU\",\"datePublished\":\"2025-04-24T07:17:12+00:00\",\"dateModified\":\"2025-04-24T07:20:14+00:00\",\"mainEntityOfPage\":{\"@id\":\"https:\\\/\\\/www.klarairosa.com\\\/kulturna-razmena-klare-i-rose-i-akc-gnezdo-u-krusevcu\\\/\"},\"wordCount\":119,\"publisher\":{\"@id\":\"https:\\\/\\\/www.klarairosa.com\\\/en\\\/#organization\"},\"image\":{\"@id\":\"https:\\\/\\\/www.klarairosa.com\\\/kulturna-razmena-klare-i-rose-i-akc-gnezdo-u-krusevcu\\\/#primaryimage\"},\"thumbnailUrl\":\"https:\\\/\\\/www.klarairosa.com\\\/wp-content\\\/uploads\\\/2025\\\/04\\\/Krusevac-165-scaled.jpg\",\"keywords\":[\"akc gnezdo\",\"anton lapsin\",\"community\",\"gra\u0111anske inicijative\",\"Klara i Rosa\",\"Koncert\",\"kulturna razmena\",\"muzika\",\"Nemanja Ledenski\",\"stroberiz\",\"zajednicko kuvanje\"],\"articleSection\":[\"Aktuelno\"],\"inLanguage\":\"hu\"},{\"@type\":\"WebPage\",\"@id\":\"https:\\\/\\\/www.klarairosa.com\\\/kulturna-razmena-klare-i-rose-i-akc-gnezdo-u-krusevcu\\\/\",\"url\":\"https:\\\/\\\/www.klarairosa.com\\\/kulturna-razmena-klare-i-rose-i-akc-gnezdo-u-krusevcu\\\/\",\"name\":\"KULTURNA RAZMENA KLARE I ROSE I AKC GNEZDO U KRU\u0160EVCU - Klara i Rosa\",\"isPartOf\":{\"@id\":\"https:\\\/\\\/www.klarairosa.com\\\/en\\\/#website\"},\"primaryImageOfPage\":{\"@id\":\"https:\\\/\\\/www.klarairosa.com\\\/kulturna-razmena-klare-i-rose-i-akc-gnezdo-u-krusevcu\\\/#primaryimage\"},\"image\":{\"@id\":\"https:\\\/\\\/www.klarairosa.com\\\/kulturna-razmena-klare-i-rose-i-akc-gnezdo-u-krusevcu\\\/#primaryimage\"},\"thumbnailUrl\":\"https:\\\/\\\/www.klarairosa.com\\\/wp-content\\\/uploads\\\/2025\\\/04\\\/Krusevac-165-scaled.jpg\",\"datePublished\":\"2025-04-24T07:17:12+00:00\",\"dateModified\":\"2025-04-24T07:20:14+00:00\",\"breadcrumb\":{\"@id\":\"https:\\\/\\\/www.klarairosa.com\\\/kulturna-razmena-klare-i-rose-i-akc-gnezdo-u-krusevcu\\\/#breadcrumb\"},\"inLanguage\":\"hu\",\"potentialAction\":[{\"@type\":\"ReadAction\",\"target\":[\"https:\\\/\\\/www.klarairosa.com\\\/kulturna-razmena-klare-i-rose-i-akc-gnezdo-u-krusevcu\\\/\"]}]},{\"@type\":\"ImageObject\",\"inLanguage\":\"hu\",\"@id\":\"https:\\\/\\\/www.klarairosa.com\\\/kulturna-razmena-klare-i-rose-i-akc-gnezdo-u-krusevcu\\\/#primaryimage\",\"url\":\"https:\\\/\\\/www.klarairosa.com\\\/wp-content\\\/uploads\\\/2025\\\/04\\\/Krusevac-165-scaled.jpg\",\"contentUrl\":\"https:\\\/\\\/www.klarairosa.com\\\/wp-content\\\/uploads\\\/2025\\\/04\\\/Krusevac-165-scaled.jpg\",\"width\":2560,\"height\":1707},{\"@type\":\"BreadcrumbList\",\"@id\":\"https:\\\/\\\/www.klarairosa.com\\\/kulturna-razmena-klare-i-rose-i-akc-gnezdo-u-krusevcu\\\/#breadcrumb\",\"itemListElement\":[{\"@type\":\"ListItem\",\"position\":1,\"name\":\"Home\",\"item\":\"https:\\\/\\\/www.klarairosa.com\\\/\"},{\"@type\":\"ListItem\",\"position\":2,\"name\":\"KULTURNA RAZMENA KLARE I ROSE I AKC GNEZDO U KRU\u0160EVCU\"}]},{\"@type\":\"WebSite\",\"@id\":\"https:\\\/\\\/www.klarairosa.com\\\/en\\\/#website\",\"url\":\"https:\\\/\\\/www.klarairosa.com\\\/en\\\/\",\"name\":\"Klara i Rosa\",\"description\":\"Klara i Rosa\",\"publisher\":{\"@id\":\"https:\\\/\\\/www.klarairosa.com\\\/en\\\/#organization\"},\"potentialAction\":[{\"@type\":\"SearchAction\",\"target\":{\"@type\":\"EntryPoint\",\"urlTemplate\":\"https:\\\/\\\/www.klarairosa.com\\\/en\\\/?s={search_term_string}\"},\"query-input\":{\"@type\":\"PropertyValueSpecification\",\"valueRequired\":true,\"valueName\":\"search_term_string\"}}],\"inLanguage\":\"hu\"},{\"@type\":\"Organization\",\"@id\":\"https:\\\/\\\/www.klarairosa.com\\\/en\\\/#organization\",\"name\":\"Klara i Rosa\",\"url\":\"https:\\\/\\\/www.klarairosa.com\\\/en\\\/\",\"logo\":{\"@type\":\"ImageObject\",\"inLanguage\":\"hu\",\"@id\":\"https:\\\/\\\/www.klarairosa.com\\\/en\\\/#\\\/schema\\\/logo\\\/image\\\/\",\"url\":\"https:\\\/\\\/www.klarairosa.com\\\/wp-content\\\/uploads\\\/2022\\\/01\\\/logo.svg\",\"contentUrl\":\"https:\\\/\\\/www.klarairosa.com\\\/wp-content\\\/uploads\\\/2022\\\/01\\\/logo.svg\",\"width\":110,\"height\":139,\"caption\":\"Klara i Rosa\"},\"image\":{\"@id\":\"https:\\\/\\\/www.klarairosa.com\\\/en\\\/#\\\/schema\\\/logo\\\/image\\\/\"},\"sameAs\":[\"https:\\\/\\\/www.facebook.com\\\/klarairosa\\\/\",\"https:\\\/\\\/www.instagram.com\\\/ugklarairosa\\\/\"]},{\"@type\":\"Person\",\"@id\":\"https:\\\/\\\/www.klarairosa.com\\\/en\\\/#\\\/schema\\\/person\\\/e4e7e9e5c8eeeddccf61e4532ae8e6ed\",\"name\":\"Klara i Rosa\",\"image\":{\"@type\":\"ImageObject\",\"inLanguage\":\"hu\",\"@id\":\"https:\\\/\\\/secure.gravatar.com\\\/avatar\\\/c83ee539a067b9f57ae5d8999ae286c4f98b5c4bd943b8cbb64f6b0fc1f29e40?s=96&d=mm&r=g\",\"url\":\"https:\\\/\\\/secure.gravatar.com\\\/avatar\\\/c83ee539a067b9f57ae5d8999ae286c4f98b5c4bd943b8cbb64f6b0fc1f29e40?s=96&d=mm&r=g\",\"contentUrl\":\"https:\\\/\\\/secure.gravatar.com\\\/avatar\\\/c83ee539a067b9f57ae5d8999ae286c4f98b5c4bd943b8cbb64f6b0fc1f29e40?s=96&d=mm&r=g\",\"caption\":\"Klara i Rosa\"},\"sameAs\":[\"https:\\\/\\\/klarairosa.com\"],\"url\":\"https:\\\/\\\/www.klarairosa.com\\\/hu\\\/author\\\/rosaiklara\\\/\"}]}<\/script>\n<!-- \/ Yoast SEO plugin. -->","yoast_head_json":{"title":"KULTURNA RAZMENA KLARE I ROSE I AKC GNEZDO U KRU\u0160EVCU - Klara i Rosa","robots":{"index":"index","follow":"follow","max-snippet":"max-snippet:-1","max-image-preview":"max-image-preview:large","max-video-preview":"max-video-preview:-1"},"canonical":"https:\/\/www.klarairosa.com\/hu\/kulturna-razmena-klare-i-rose-i-akc-gnezdo-u-krusevcu\/","og_locale":"hu_HU","og_type":"article","og_title":"KULTURNA RAZMENA KLARE I ROSE I AKC GNEZDO U KRU\u0160EVCU - Klara i Rosa","og_description":"U subotu, 19. aprila, u prostorijama AKC Gnezdo u Kru\u0161evcu predstavili smo programe Klare i...","og_url":"https:\/\/www.klarairosa.com\/hu\/kulturna-razmena-klare-i-rose-i-akc-gnezdo-u-krusevcu\/","og_site_name":"Klara i Rosa","article_publisher":"https:\/\/www.facebook.com\/klarairosa\/","article_published_time":"2025-04-24T07:17:12+00:00","article_modified_time":"2025-04-24T07:20:14+00:00","og_image":[{"width":2560,"height":1707,"url":"https:\/\/www.klarairosa.com\/wp-content\/uploads\/2025\/04\/Krusevac-165-scaled.jpg","type":"image\/jpeg"}],"author":"Klara i Rosa","twitter_card":"summary_large_image","twitter_misc":{"Szerz\u0151:":"Klara i Rosa","Becs\u00fclt olvas\u00e1si id\u0151":"1 perc"},"schema":{"@context":"https:\/\/schema.org","@graph":[{"@type":"Article","@id":"https:\/\/www.klarairosa.com\/kulturna-razmena-klare-i-rose-i-akc-gnezdo-u-krusevcu\/#article","isPartOf":{"@id":"https:\/\/www.klarairosa.com\/kulturna-razmena-klare-i-rose-i-akc-gnezdo-u-krusevcu\/"},"author":{"name":"Klara i Rosa","@id":"https:\/\/www.klarairosa.com\/en\/#\/schema\/person\/e4e7e9e5c8eeeddccf61e4532ae8e6ed"},"headline":"KULTURNA RAZMENA KLARE I ROSE I AKC GNEZDO U KRU\u0160EVCU","datePublished":"2025-04-24T07:17:12+00:00","dateModified":"2025-04-24T07:20:14+00:00","mainEntityOfPage":{"@id":"https:\/\/www.klarairosa.com\/kulturna-razmena-klare-i-rose-i-akc-gnezdo-u-krusevcu\/"},"wordCount":119,"publisher":{"@id":"https:\/\/www.klarairosa.com\/en\/#organization"},"image":{"@id":"https:\/\/www.klarairosa.com\/kulturna-razmena-klare-i-rose-i-akc-gnezdo-u-krusevcu\/#primaryimage"},"thumbnailUrl":"https:\/\/www.klarairosa.com\/wp-content\/uploads\/2025\/04\/Krusevac-165-scaled.jpg","keywords":["akc gnezdo","anton lapsin","community","gra\u0111anske inicijative","Klara i Rosa","Koncert","kulturna razmena","muzika","Nemanja Ledenski","stroberiz","zajednicko kuvanje"],"articleSection":["Aktuelno"],"inLanguage":"hu"},{"@type":"WebPage","@id":"https:\/\/www.klarairosa.com\/kulturna-razmena-klare-i-rose-i-akc-gnezdo-u-krusevcu\/","url":"https:\/\/www.klarairosa.com\/kulturna-razmena-klare-i-rose-i-akc-gnezdo-u-krusevcu\/","name":"KULTURNA RAZMENA KLARE I ROSE I AKC GNEZDO U KRU\u0160EVCU - Klara i Rosa","isPartOf":{"@id":"https:\/\/www.klarairosa.com\/en\/#website"},"primaryImageOfPage":{"@id":"https:\/\/www.klarairosa.com\/kulturna-razmena-klare-i-rose-i-akc-gnezdo-u-krusevcu\/#primaryimage"},"image":{"@id":"https:\/\/www.klarairosa.com\/kulturna-razmena-klare-i-rose-i-akc-gnezdo-u-krusevcu\/#primaryimage"},"thumbnailUrl":"https:\/\/www.klarairosa.com\/wp-content\/uploads\/2025\/04\/Krusevac-165-scaled.jpg","datePublished":"2025-04-24T07:17:12+00:00","dateModified":"2025-04-24T07:20:14+00:00","breadcrumb":{"@id":"https:\/\/www.klarairosa.com\/kulturna-razmena-klare-i-rose-i-akc-gnezdo-u-krusevcu\/#breadcrumb"},"inLanguage":"hu","potentialAction":[{"@type":"ReadAction","target":["https:\/\/www.klarairosa.com\/kulturna-razmena-klare-i-rose-i-akc-gnezdo-u-krusevcu\/"]}]},{"@type":"ImageObject","inLanguage":"hu","@id":"https:\/\/www.klarairosa.com\/kulturna-razmena-klare-i-rose-i-akc-gnezdo-u-krusevcu\/#primaryimage","url":"https:\/\/www.klarairosa.com\/wp-content\/uploads\/2025\/04\/Krusevac-165-scaled.jpg","contentUrl":"https:\/\/www.klarairosa.com\/wp-content\/uploads\/2025\/04\/Krusevac-165-scaled.jpg","width":2560,"height":1707},{"@type":"BreadcrumbList","@id":"https:\/\/www.klarairosa.com\/kulturna-razmena-klare-i-rose-i-akc-gnezdo-u-krusevcu\/#breadcrumb","itemListElement":[{"@type":"ListItem","position":1,"name":"Home","item":"https:\/\/www.klarairosa.com\/"},{"@type":"ListItem","position":2,"name":"KULTURNA RAZMENA KLARE I ROSE I AKC GNEZDO U KRU\u0160EVCU"}]},{"@type":"WebSite","@id":"https:\/\/www.klarairosa.com\/en\/#website","url":"https:\/\/www.klarairosa.com\/en\/","name":"Kl\u00e1ra \u00e9s Rosa Egyes\u00fclet","description":"Kl\u00e1ra \u00e9s Rosa Egyes\u00fclet","publisher":{"@id":"https:\/\/www.klarairosa.com\/en\/#organization"},"potentialAction":[{"@type":"SearchAction","target":{"@type":"EntryPoint","urlTemplate":"https:\/\/www.klarairosa.com\/en\/?s={search_term_string}"},"query-input":{"@type":"PropertyValueSpecification","valueRequired":true,"valueName":"search_term_string"}}],"inLanguage":"hu"},{"@type":"Organization","@id":"https:\/\/www.klarairosa.com\/en\/#organization","name":"Kl\u00e1ra \u00e9s Rosa Egyes\u00fclet","url":"https:\/\/www.klarairosa.com\/en\/","logo":{"@type":"ImageObject","inLanguage":"hu","@id":"https:\/\/www.klarairosa.com\/en\/#\/schema\/logo\/image\/","url":"https:\/\/www.klarairosa.com\/wp-content\/uploads\/2022\/01\/logo.svg","contentUrl":"https:\/\/www.klarairosa.com\/wp-content\/uploads\/2022\/01\/logo.svg","width":110,"height":139,"caption":"Klara i Rosa"},"image":{"@id":"https:\/\/www.klarairosa.com\/en\/#\/schema\/logo\/image\/"},"sameAs":["https:\/\/www.facebook.com\/klarairosa\/","https:\/\/www.instagram.com\/ugklarairosa\/"]},{"@type":"Person","@id":"https:\/\/www.klarairosa.com\/en\/#\/schema\/person\/e4e7e9e5c8eeeddccf61e4532ae8e6ed","name":"Kl\u00e1ra \u00e9s Rosa Egyes\u00fclet","image":{"@type":"ImageObject","inLanguage":"hu","@id":"https:\/\/secure.gravatar.com\/avatar\/c83ee539a067b9f57ae5d8999ae286c4f98b5c4bd943b8cbb64f6b0fc1f29e40?s=96&d=mm&r=g","url":"https:\/\/secure.gravatar.com\/avatar\/c83ee539a067b9f57ae5d8999ae286c4f98b5c4bd943b8cbb64f6b0fc1f29e40?s=96&d=mm&r=g","contentUrl":"https:\/\/secure.gravatar.com\/avatar\/c83ee539a067b9f57ae5d8999ae286c4f98b5c4bd943b8cbb64f6b0fc1f29e40?s=96&d=mm&r=g","caption":"Klara i Rosa"},"sameAs":["https:\/\/klarairosa.com"],"url":"https:\/\/www.klarairosa.com\/hu\/author\/rosaiklara\/"}]}},"_links":{"self":[{"href":"https:\/\/www.klarairosa.com\/hu\/wp-json\/wp\/v2\/posts\/22874","targetHints":{"allow":["GET"]}}],"collection":[{"href":"https:\/\/www.klarairosa.com\/hu\/wp-json\/wp\/v2\/posts"}],"about":[{"href":"https:\/\/www.klarairosa.com\/hu\/wp-json\/wp\/v2\/types\/post"}],"author":[{"embeddable":true,"href":"https:\/\/www.klarairosa.com\/hu\/wp-json\/wp\/v2\/users\/1"}],"replies":[{"embeddable":true,"href":"https:\/\/www.klarairosa.com\/hu\/wp-json\/wp\/v2\/comments?post=22874"}],"version-history":[{"count":3,"href":"https:\/\/www.klarairosa.com\/hu\/wp-json\/wp\/v2\/posts\/22874\/revisions"}],"predecessor-version":[{"id":22892,"href":"https:\/\/www.klarairosa.com\/hu\/wp-json\/wp\/v2\/posts\/22874\/revisions\/22892"}],"wp:featuredmedia":[{"embeddable":true,"href":"https:\/\/www.klarairosa.com\/hu\/wp-json\/wp\/v2\/media\/22891"}],"wp:attachment":[{"href":"https:\/\/www.klarairosa.com\/hu\/wp-json\/wp\/v2\/media?parent=22874"}],"wp:term":[{"taxonomy":"category","embeddable":true,"href":"https:\/\/www.klarairosa.com\/hu\/wp-json\/wp\/v2\/categories?post=22874"},{"taxonomy":"post_tag","embeddable":true,"href":"https:\/\/www.klarairosa.com\/hu\/wp-json\/wp\/v2\/tags?post=22874"}],"curies":[{"name":"wp","href":"https:\/\/api.w.org\/{rel}","templated":true}]}}