{"id":22829,"date":"2025-04-16T16:44:25","date_gmt":"2025-04-16T16:44:25","guid":{"rendered":"https:\/\/www.klarairosa.com\/?p=22829"},"modified":"2025-04-20T14:43:33","modified_gmt":"2025-04-20T14:43:33","slug":"u-gostima-yanina-rapatskaya","status":"publish","type":"post","link":"https:\/\/www.klarairosa.com\/hu\/u-gostima-yanina-rapatskaya\/","title":{"rendered":"Vend\u00e9gs\u00e9gben: Yanina Rapatskaya"},"content":{"rendered":"<p style=\"text-align: justify;\" class=\" translation-block\">Hallgass\u00e1tok meg interj\u00fankat a Plac R\u00e1di\u00f3 Vend\u00e9gs\u00e9gben c\u00edm\u0171 m\u0171sor\u00e1ban \u00e1prilis 18-\u00e1n, p\u00e9nteken 19 \u00f3r\u00e1t\u00f3l Yanina Rapatskay\u00e1val, aki a legut\u00f3bbi ki\u00e1ll\u00edt\u00f3nk volt az Udvari gal\u00e9ri\u00e1ban.<\/p>\n<p style=\"text-align: justify;\">.<\/p>\n<p style=\"text-align: justify;\" class=\" translation-block\">Yanina Rapatskaya 1990-ben sz\u00fcletett Irkutsk-ban, Oroszorsz\u00e1gban. Szabadk\u00e1n, Szerbi\u00e1ban \u00e9l \u00e9s dolgozik. Yanina Rapatskaya transzdiszciplin\u00e1ris m\u0171v\u00e9sz \u00e9s pedag\u00f3gus, aki a grafikai m\u0171v\u00e9szet, a zenei k\u00e9pess\u00e9gek, a felhaszn\u00e1l\u00f3i \u00e9lm\u00e9nytervez\u00e9s \u00e9s a kutat\u00e1si k\u00e9szs\u00e9gek \u00f6tv\u00f6z\u00e9s\u00e9vel olyan m\u0171veket hoz l\u00e9tre, amelyek t\u00fall\u00e9pik a hagyom\u00e1nyos m\u00e9dia hat\u00e1rait, \u00e9s a vil\u00e1g \u00e9s az emberi \u00f6nvizsg\u00e1lat k\u00f6z\u00f6tti bonyolult kapcsolatot vizsg\u00e1lj\u00e1k. Legut\u00f3bbi sorozata a f\u00e9lelem, az id\u0151, valamint a f\u00e9ny \u00e9s a s\u00f6t\u00e9ts\u00e9g \u00f6sszetett k\u00f6lcs\u00f6nhat\u00e1s\u00e1nak t\u00e9m\u00e1it j\u00e1rja k\u00f6r\u00fcl.<\/p>\n<p>.<\/p>\n<p style=\"text-align: justify;\" class=\" translation-block\">A m\u0171sor angol nyelv\u0171.<\/p>\n<p style=\"text-align: justify;\">.<\/p>\n<p style=\"text-align: justify;\" class=\" translation-block\">A Plac R\u00e1di\u00f3t meghallgathatj\u00e1tok a weboldalunkon (\u201eAktu\u00e1lis\u201d men\u00fcpont alatt), vagy a https:\/\/www.ckplac.org\/ oldalon.<\/p>\n<p>.<\/p>\n<p><iframe title=\"U Gostima - Yanina Rapatskaya\" width=\"100%\" height=\"120\" src=\"https:\/\/www.mixcloud.com\/widget\/iframe\/?feed=https%3A%2F%2Fwww.mixcloud.com%2Fradioplac%2Fu-gostima-yanina-rapatskaya%2F&amp;hide_cover=1\" frameborder=\"0\"><\/iframe><\/p>","protected":false},"excerpt":{"rendered":"<p>U petak, 18. aprila od 19 \u010dasova, mo\u017eete \u010duti intervju na Radio Plac, u emisiji&#8230;<\/p>","protected":false},"author":1,"featured_media":22834,"comment_status":"closed","ping_status":"closed","sticky":false,"template":"","format":"standard","meta":{"content-type":"","inline_featured_image":false,"footnotes":""},"categories":[109],"tags":[18,548,647,124,116,152,649,648],"class_list":["post-22829","post","type-post","status-publish","format-standard","has-post-thumbnail","hentry","category-aktuelno","tag-art","tag-dvorisna-galerija-subotica","tag-dvorisna-galerjia","tag-klara-i-rosa","tag-radio-plac","tag-subotica","tag-u-gostima","tag-yanina-rapatskaya"],"yoast_head":"<!-- This site is optimized with the Yoast SEO plugin v27.5 - https:\/\/yoast.com\/product\/yoast-seo-wordpress\/ -->\n<title>U gostima: Yanina Rapatskaya - Klara i Rosa<\/title>\n<meta name=\"robots\" content=\"index, follow, max-snippet:-1, max-image-preview:large, max-video-preview:-1\" \/>\n<link rel=\"canonical\" href=\"https:\/\/www.klarairosa.com\/hu\/u-gostima-yanina-rapatskaya\/\" \/>\n<meta property=\"og:locale\" content=\"hu_HU\" \/>\n<meta property=\"og:type\" content=\"article\" \/>\n<meta property=\"og:title\" content=\"U gostima: Yanina Rapatskaya - Klara i Rosa\" \/>\n<meta property=\"og:description\" content=\"U petak, 18. aprila od 19 \u010dasova, mo\u017eete \u010duti intervju na Radio Plac, u emisiji...\" \/>\n<meta property=\"og:url\" content=\"https:\/\/www.klarairosa.com\/hu\/u-gostima-yanina-rapatskaya\/\" \/>\n<meta property=\"og:site_name\" content=\"Klara i Rosa\" \/>\n<meta property=\"article:publisher\" content=\"https:\/\/www.facebook.com\/klarairosa\/\" \/>\n<meta property=\"article:published_time\" content=\"2025-04-16T16:44:25+00:00\" \/>\n<meta property=\"article:modified_time\" content=\"2025-04-20T14:43:33+00:00\" \/>\n<meta property=\"og:image\" content=\"https:\/\/www.klarairosa.com\/wp-content\/uploads\/2025\/04\/POSLEDNJI-CIN-SRB-Plakat.pdf-1920-x-1080-px-2.jpg\" \/>\n\t<meta property=\"og:image:width\" content=\"1183\" \/>\n\t<meta property=\"og:image:height\" content=\"879\" \/>\n\t<meta property=\"og:image:type\" content=\"image\/jpeg\" \/>\n<meta name=\"author\" content=\"Klara i Rosa\" \/>\n<meta name=\"twitter:card\" content=\"summary_large_image\" \/>\n<meta name=\"twitter:label1\" content=\"Szerz\u0151:\" \/>\n\t<meta name=\"twitter:data1\" content=\"Klara i Rosa\" \/>\n\t<meta name=\"twitter:label2\" content=\"Becs\u00fclt olvas\u00e1si id\u0151\" \/>\n\t<meta name=\"twitter:data2\" content=\"1 perc\" \/>\n<script type=\"application\/ld+json\" class=\"yoast-schema-graph\">{\"@context\":\"https:\\\/\\\/schema.org\",\"@graph\":[{\"@type\":\"Article\",\"@id\":\"https:\\\/\\\/www.klarairosa.com\\\/u-gostima-yanina-rapatskaya\\\/#article\",\"isPartOf\":{\"@id\":\"https:\\\/\\\/www.klarairosa.com\\\/u-gostima-yanina-rapatskaya\\\/\"},\"author\":{\"name\":\"Klara i Rosa\",\"@id\":\"https:\\\/\\\/www.klarairosa.com\\\/en\\\/#\\\/schema\\\/person\\\/e4e7e9e5c8eeeddccf61e4532ae8e6ed\"},\"headline\":\"U gostima: Yanina Rapatskaya\",\"datePublished\":\"2025-04-16T16:44:25+00:00\",\"dateModified\":\"2025-04-20T14:43:33+00:00\",\"mainEntityOfPage\":{\"@id\":\"https:\\\/\\\/www.klarairosa.com\\\/u-gostima-yanina-rapatskaya\\\/\"},\"wordCount\":131,\"publisher\":{\"@id\":\"https:\\\/\\\/www.klarairosa.com\\\/en\\\/#organization\"},\"image\":{\"@id\":\"https:\\\/\\\/www.klarairosa.com\\\/u-gostima-yanina-rapatskaya\\\/#primaryimage\"},\"thumbnailUrl\":\"https:\\\/\\\/www.klarairosa.com\\\/wp-content\\\/uploads\\\/2025\\\/04\\\/POSLEDNJI-CIN-SRB-Plakat.pdf-1920-x-1080-px-2.jpg\",\"keywords\":[\"Art\",\"dvorisna galerija subotica\",\"dvorisna galerjia\",\"Klara i Rosa\",\"Radio Plac\",\"subotica\",\"u gostima\",\"Yanina Rapatskaya\"],\"articleSection\":[\"Aktuelno\"],\"inLanguage\":\"hu\"},{\"@type\":\"WebPage\",\"@id\":\"https:\\\/\\\/www.klarairosa.com\\\/u-gostima-yanina-rapatskaya\\\/\",\"url\":\"https:\\\/\\\/www.klarairosa.com\\\/u-gostima-yanina-rapatskaya\\\/\",\"name\":\"U gostima: Yanina Rapatskaya - Klara i Rosa\",\"isPartOf\":{\"@id\":\"https:\\\/\\\/www.klarairosa.com\\\/en\\\/#website\"},\"primaryImageOfPage\":{\"@id\":\"https:\\\/\\\/www.klarairosa.com\\\/u-gostima-yanina-rapatskaya\\\/#primaryimage\"},\"image\":{\"@id\":\"https:\\\/\\\/www.klarairosa.com\\\/u-gostima-yanina-rapatskaya\\\/#primaryimage\"},\"thumbnailUrl\":\"https:\\\/\\\/www.klarairosa.com\\\/wp-content\\\/uploads\\\/2025\\\/04\\\/POSLEDNJI-CIN-SRB-Plakat.pdf-1920-x-1080-px-2.jpg\",\"datePublished\":\"2025-04-16T16:44:25+00:00\",\"dateModified\":\"2025-04-20T14:43:33+00:00\",\"breadcrumb\":{\"@id\":\"https:\\\/\\\/www.klarairosa.com\\\/u-gostima-yanina-rapatskaya\\\/#breadcrumb\"},\"inLanguage\":\"hu\",\"potentialAction\":[{\"@type\":\"ReadAction\",\"target\":[\"https:\\\/\\\/www.klarairosa.com\\\/u-gostima-yanina-rapatskaya\\\/\"]}]},{\"@type\":\"ImageObject\",\"inLanguage\":\"hu\",\"@id\":\"https:\\\/\\\/www.klarairosa.com\\\/u-gostima-yanina-rapatskaya\\\/#primaryimage\",\"url\":\"https:\\\/\\\/www.klarairosa.com\\\/wp-content\\\/uploads\\\/2025\\\/04\\\/POSLEDNJI-CIN-SRB-Plakat.pdf-1920-x-1080-px-2.jpg\",\"contentUrl\":\"https:\\\/\\\/www.klarairosa.com\\\/wp-content\\\/uploads\\\/2025\\\/04\\\/POSLEDNJI-CIN-SRB-Plakat.pdf-1920-x-1080-px-2.jpg\",\"width\":1183,\"height\":879},{\"@type\":\"BreadcrumbList\",\"@id\":\"https:\\\/\\\/www.klarairosa.com\\\/u-gostima-yanina-rapatskaya\\\/#breadcrumb\",\"itemListElement\":[{\"@type\":\"ListItem\",\"position\":1,\"name\":\"Home\",\"item\":\"https:\\\/\\\/www.klarairosa.com\\\/\"},{\"@type\":\"ListItem\",\"position\":2,\"name\":\"U gostima: Yanina Rapatskaya\"}]},{\"@type\":\"WebSite\",\"@id\":\"https:\\\/\\\/www.klarairosa.com\\\/en\\\/#website\",\"url\":\"https:\\\/\\\/www.klarairosa.com\\\/en\\\/\",\"name\":\"Klara i Rosa\",\"description\":\"Klara i Rosa\",\"publisher\":{\"@id\":\"https:\\\/\\\/www.klarairosa.com\\\/en\\\/#organization\"},\"potentialAction\":[{\"@type\":\"SearchAction\",\"target\":{\"@type\":\"EntryPoint\",\"urlTemplate\":\"https:\\\/\\\/www.klarairosa.com\\\/en\\\/?s={search_term_string}\"},\"query-input\":{\"@type\":\"PropertyValueSpecification\",\"valueRequired\":true,\"valueName\":\"search_term_string\"}}],\"inLanguage\":\"hu\"},{\"@type\":\"Organization\",\"@id\":\"https:\\\/\\\/www.klarairosa.com\\\/en\\\/#organization\",\"name\":\"Klara i Rosa\",\"url\":\"https:\\\/\\\/www.klarairosa.com\\\/en\\\/\",\"logo\":{\"@type\":\"ImageObject\",\"inLanguage\":\"hu\",\"@id\":\"https:\\\/\\\/www.klarairosa.com\\\/en\\\/#\\\/schema\\\/logo\\\/image\\\/\",\"url\":\"https:\\\/\\\/www.klarairosa.com\\\/wp-content\\\/uploads\\\/2022\\\/01\\\/logo.svg\",\"contentUrl\":\"https:\\\/\\\/www.klarairosa.com\\\/wp-content\\\/uploads\\\/2022\\\/01\\\/logo.svg\",\"width\":110,\"height\":139,\"caption\":\"Klara i Rosa\"},\"image\":{\"@id\":\"https:\\\/\\\/www.klarairosa.com\\\/en\\\/#\\\/schema\\\/logo\\\/image\\\/\"},\"sameAs\":[\"https:\\\/\\\/www.facebook.com\\\/klarairosa\\\/\",\"https:\\\/\\\/www.instagram.com\\\/ugklarairosa\\\/\"]},{\"@type\":\"Person\",\"@id\":\"https:\\\/\\\/www.klarairosa.com\\\/en\\\/#\\\/schema\\\/person\\\/e4e7e9e5c8eeeddccf61e4532ae8e6ed\",\"name\":\"Klara i Rosa\",\"image\":{\"@type\":\"ImageObject\",\"inLanguage\":\"hu\",\"@id\":\"https:\\\/\\\/secure.gravatar.com\\\/avatar\\\/c83ee539a067b9f57ae5d8999ae286c4f98b5c4bd943b8cbb64f6b0fc1f29e40?s=96&d=mm&r=g\",\"url\":\"https:\\\/\\\/secure.gravatar.com\\\/avatar\\\/c83ee539a067b9f57ae5d8999ae286c4f98b5c4bd943b8cbb64f6b0fc1f29e40?s=96&d=mm&r=g\",\"contentUrl\":\"https:\\\/\\\/secure.gravatar.com\\\/avatar\\\/c83ee539a067b9f57ae5d8999ae286c4f98b5c4bd943b8cbb64f6b0fc1f29e40?s=96&d=mm&r=g\",\"caption\":\"Klara i Rosa\"},\"sameAs\":[\"https:\\\/\\\/klarairosa.com\"],\"url\":\"https:\\\/\\\/www.klarairosa.com\\\/hu\\\/author\\\/rosaiklara\\\/\"}]}<\/script>\n<!-- \/ Yoast SEO plugin. -->","yoast_head_json":{"title":"U gostima: Yanina Rapatskaya - Klara i Rosa","robots":{"index":"index","follow":"follow","max-snippet":"max-snippet:-1","max-image-preview":"max-image-preview:large","max-video-preview":"max-video-preview:-1"},"canonical":"https:\/\/www.klarairosa.com\/hu\/u-gostima-yanina-rapatskaya\/","og_locale":"hu_HU","og_type":"article","og_title":"U gostima: Yanina Rapatskaya - Klara i Rosa","og_description":"U petak, 18. aprila od 19 \u010dasova, mo\u017eete \u010duti intervju na Radio Plac, u emisiji...","og_url":"https:\/\/www.klarairosa.com\/hu\/u-gostima-yanina-rapatskaya\/","og_site_name":"Klara i Rosa","article_publisher":"https:\/\/www.facebook.com\/klarairosa\/","article_published_time":"2025-04-16T16:44:25+00:00","article_modified_time":"2025-04-20T14:43:33+00:00","og_image":[{"width":1183,"height":879,"url":"https:\/\/www.klarairosa.com\/wp-content\/uploads\/2025\/04\/POSLEDNJI-CIN-SRB-Plakat.pdf-1920-x-1080-px-2.jpg","type":"image\/jpeg"}],"author":"Klara i Rosa","twitter_card":"summary_large_image","twitter_misc":{"Szerz\u0151:":"Klara i Rosa","Becs\u00fclt olvas\u00e1si id\u0151":"1 perc"},"schema":{"@context":"https:\/\/schema.org","@graph":[{"@type":"Article","@id":"https:\/\/www.klarairosa.com\/u-gostima-yanina-rapatskaya\/#article","isPartOf":{"@id":"https:\/\/www.klarairosa.com\/u-gostima-yanina-rapatskaya\/"},"author":{"name":"Klara i Rosa","@id":"https:\/\/www.klarairosa.com\/en\/#\/schema\/person\/e4e7e9e5c8eeeddccf61e4532ae8e6ed"},"headline":"U gostima: Yanina Rapatskaya","datePublished":"2025-04-16T16:44:25+00:00","dateModified":"2025-04-20T14:43:33+00:00","mainEntityOfPage":{"@id":"https:\/\/www.klarairosa.com\/u-gostima-yanina-rapatskaya\/"},"wordCount":131,"publisher":{"@id":"https:\/\/www.klarairosa.com\/en\/#organization"},"image":{"@id":"https:\/\/www.klarairosa.com\/u-gostima-yanina-rapatskaya\/#primaryimage"},"thumbnailUrl":"https:\/\/www.klarairosa.com\/wp-content\/uploads\/2025\/04\/POSLEDNJI-CIN-SRB-Plakat.pdf-1920-x-1080-px-2.jpg","keywords":["Art","dvorisna galerija subotica","dvorisna galerjia","Klara i Rosa","Radio Plac","subotica","u gostima","Yanina Rapatskaya"],"articleSection":["Aktuelno"],"inLanguage":"hu"},{"@type":"WebPage","@id":"https:\/\/www.klarairosa.com\/u-gostima-yanina-rapatskaya\/","url":"https:\/\/www.klarairosa.com\/u-gostima-yanina-rapatskaya\/","name":"U gostima: Yanina Rapatskaya - Klara i Rosa","isPartOf":{"@id":"https:\/\/www.klarairosa.com\/en\/#website"},"primaryImageOfPage":{"@id":"https:\/\/www.klarairosa.com\/u-gostima-yanina-rapatskaya\/#primaryimage"},"image":{"@id":"https:\/\/www.klarairosa.com\/u-gostima-yanina-rapatskaya\/#primaryimage"},"thumbnailUrl":"https:\/\/www.klarairosa.com\/wp-content\/uploads\/2025\/04\/POSLEDNJI-CIN-SRB-Plakat.pdf-1920-x-1080-px-2.jpg","datePublished":"2025-04-16T16:44:25+00:00","dateModified":"2025-04-20T14:43:33+00:00","breadcrumb":{"@id":"https:\/\/www.klarairosa.com\/u-gostima-yanina-rapatskaya\/#breadcrumb"},"inLanguage":"hu","potentialAction":[{"@type":"ReadAction","target":["https:\/\/www.klarairosa.com\/u-gostima-yanina-rapatskaya\/"]}]},{"@type":"ImageObject","inLanguage":"hu","@id":"https:\/\/www.klarairosa.com\/u-gostima-yanina-rapatskaya\/#primaryimage","url":"https:\/\/www.klarairosa.com\/wp-content\/uploads\/2025\/04\/POSLEDNJI-CIN-SRB-Plakat.pdf-1920-x-1080-px-2.jpg","contentUrl":"https:\/\/www.klarairosa.com\/wp-content\/uploads\/2025\/04\/POSLEDNJI-CIN-SRB-Plakat.pdf-1920-x-1080-px-2.jpg","width":1183,"height":879},{"@type":"BreadcrumbList","@id":"https:\/\/www.klarairosa.com\/u-gostima-yanina-rapatskaya\/#breadcrumb","itemListElement":[{"@type":"ListItem","position":1,"name":"Home","item":"https:\/\/www.klarairosa.com\/"},{"@type":"ListItem","position":2,"name":"U gostima: Yanina Rapatskaya"}]},{"@type":"WebSite","@id":"https:\/\/www.klarairosa.com\/en\/#website","url":"https:\/\/www.klarairosa.com\/en\/","name":"Kl\u00e1ra \u00e9s Rosa Egyes\u00fclet","description":"Kl\u00e1ra \u00e9s Rosa Egyes\u00fclet","publisher":{"@id":"https:\/\/www.klarairosa.com\/en\/#organization"},"potentialAction":[{"@type":"SearchAction","target":{"@type":"EntryPoint","urlTemplate":"https:\/\/www.klarairosa.com\/en\/?s={search_term_string}"},"query-input":{"@type":"PropertyValueSpecification","valueRequired":true,"valueName":"search_term_string"}}],"inLanguage":"hu"},{"@type":"Organization","@id":"https:\/\/www.klarairosa.com\/en\/#organization","name":"Kl\u00e1ra \u00e9s Rosa Egyes\u00fclet","url":"https:\/\/www.klarairosa.com\/en\/","logo":{"@type":"ImageObject","inLanguage":"hu","@id":"https:\/\/www.klarairosa.com\/en\/#\/schema\/logo\/image\/","url":"https:\/\/www.klarairosa.com\/wp-content\/uploads\/2022\/01\/logo.svg","contentUrl":"https:\/\/www.klarairosa.com\/wp-content\/uploads\/2022\/01\/logo.svg","width":110,"height":139,"caption":"Klara i Rosa"},"image":{"@id":"https:\/\/www.klarairosa.com\/en\/#\/schema\/logo\/image\/"},"sameAs":["https:\/\/www.facebook.com\/klarairosa\/","https:\/\/www.instagram.com\/ugklarairosa\/"]},{"@type":"Person","@id":"https:\/\/www.klarairosa.com\/en\/#\/schema\/person\/e4e7e9e5c8eeeddccf61e4532ae8e6ed","name":"Kl\u00e1ra \u00e9s Rosa Egyes\u00fclet","image":{"@type":"ImageObject","inLanguage":"hu","@id":"https:\/\/secure.gravatar.com\/avatar\/c83ee539a067b9f57ae5d8999ae286c4f98b5c4bd943b8cbb64f6b0fc1f29e40?s=96&d=mm&r=g","url":"https:\/\/secure.gravatar.com\/avatar\/c83ee539a067b9f57ae5d8999ae286c4f98b5c4bd943b8cbb64f6b0fc1f29e40?s=96&d=mm&r=g","contentUrl":"https:\/\/secure.gravatar.com\/avatar\/c83ee539a067b9f57ae5d8999ae286c4f98b5c4bd943b8cbb64f6b0fc1f29e40?s=96&d=mm&r=g","caption":"Klara i Rosa"},"sameAs":["https:\/\/klarairosa.com"],"url":"https:\/\/www.klarairosa.com\/hu\/author\/rosaiklara\/"}]}},"_links":{"self":[{"href":"https:\/\/www.klarairosa.com\/hu\/wp-json\/wp\/v2\/posts\/22829","targetHints":{"allow":["GET"]}}],"collection":[{"href":"https:\/\/www.klarairosa.com\/hu\/wp-json\/wp\/v2\/posts"}],"about":[{"href":"https:\/\/www.klarairosa.com\/hu\/wp-json\/wp\/v2\/types\/post"}],"author":[{"embeddable":true,"href":"https:\/\/www.klarairosa.com\/hu\/wp-json\/wp\/v2\/users\/1"}],"replies":[{"embeddable":true,"href":"https:\/\/www.klarairosa.com\/hu\/wp-json\/wp\/v2\/comments?post=22829"}],"version-history":[{"count":4,"href":"https:\/\/www.klarairosa.com\/hu\/wp-json\/wp\/v2\/posts\/22829\/revisions"}],"predecessor-version":[{"id":22837,"href":"https:\/\/www.klarairosa.com\/hu\/wp-json\/wp\/v2\/posts\/22829\/revisions\/22837"}],"wp:featuredmedia":[{"embeddable":true,"href":"https:\/\/www.klarairosa.com\/hu\/wp-json\/wp\/v2\/media\/22834"}],"wp:attachment":[{"href":"https:\/\/www.klarairosa.com\/hu\/wp-json\/wp\/v2\/media?parent=22829"}],"wp:term":[{"taxonomy":"category","embeddable":true,"href":"https:\/\/www.klarairosa.com\/hu\/wp-json\/wp\/v2\/categories?post=22829"},{"taxonomy":"post_tag","embeddable":true,"href":"https:\/\/www.klarairosa.com\/hu\/wp-json\/wp\/v2\/tags?post=22829"}],"curies":[{"name":"wp","href":"https:\/\/api.w.org\/{rel}","templated":true}]}}