{"id":22784,"date":"2025-04-01T19:05:16","date_gmt":"2025-04-01T19:05:16","guid":{"rendered":"https:\/\/www.klarairosa.com\/?p=22784"},"modified":"2025-04-01T19:08:26","modified_gmt":"2025-04-01T19:08:26","slug":"postani-deo-omladinsko-volonterskog-kluba","status":"publish","type":"post","link":"https:\/\/www.klarairosa.com\/hu\/postani-deo-omladinsko-volonterskog-kluba\/","title":{"rendered":"L\u00e9gy tagja a fiatal \u00f6nk\u00e9ntesek klubj\u00e1nak!"},"content":{"rendered":"<div class=\"xdj266r x11i5rnm xat24cr x1mh8g0r x1vvkbs x126k92a\">\n<div dir=\"auto\" style=\"text-align: justify;\">\n<div class=\"x11i5rnm xat24cr x1mh8g0r x1vvkbs xtlvy1s x126k92a\">\n<div dir=\"auto\">\n<div class=\"xdj266r x11i5rnm xat24cr x1mh8g0r x1vvkbs x126k92a\"><\/div>\n<div dir=\"auto\">\n<p>Olyan helyet keresel, ahol valami \u00e9rdekeset csin\u00e1lhatsz, megismerhetsz hasonl\u00f3 \u00e9rdekl\u0151d\u00e9s\u0171 embereket, \u00e9s hasznos dolgokat tanulhatsz gyakorlaton kereszt\u00fcl? A fiatal \u00f6nk\u00e9ntesek klubja neked val\u00f3 hely!<\/p>\n<p>.<br \/>\nEz nem egy \u00fajabb k\u00f6telezetts\u00e9g, hanem lehet\u0151s\u00e9g bar\u00e1tkoz\u00e1sra, \u00faj k\u00e9szs\u00e9gek kifejleszt\u00e9s\u00e9re, \u00e9s hogy r\u00e9sze legy\u00e9l a pozit\u00edv v\u00e1ltoz\u00e1soknak a k\u00f6z\u00f6ss\u00e9gben.<\/p>\n<p>.<br \/>\n\u00dagy hoztuk l\u00e9tre ezt a klubot, hogy meghallgattuk, mit szeretn\u00e9nek a fiatalok - megk\u00e9rdezt\u00fcnk benneteket, hogy n\u00e9zzen ki az els\u0151 tal\u00e1lkoz\u00e1s, \u00e9s a j\u00f6v\u0151ben is \u00edgy tesz\u00fcnk. Nincsenek unalmas el\u0151ad\u00e1sok, csak interakt\u00edv \u00e9s hasznos m\u0171helymunk\u00e1k, \u00e9rdekes vend\u00e9gek \u00e9s kreat\u00edv lehet\u0151s\u00e9gek, amik teret adnak sz\u00e1modra, hogy kifejezhesd magad. A klub olyan hely lesz, aminek a tagjai \u00e9s r\u00e9sztvev\u0151i <strong>CSUPA fiatalok<\/strong> (15 \u00e9s 30 \u00e9v k\u00f6z\u00f6ttiek).<\/p>\n<p>.<br \/>\nAz els\u0151 tal\u00e1lkoz\u00f3n felfedj\u00fck neked, mi minden v\u00e1r r\u00e1d - k\u00f6nyvklub, t\u00e1rsasj\u00e1t\u00e9k est, ment\u00e1lis eg\u00e9szs\u00e9g, egy kis sz\u00edn- egy kis dr\u00e1ma, m\u0171helyek szakk\u00e9pzett mentorokkal olyan ter\u00fcletr\u0151l, amik \u00e9rdekelnek.<\/p>\n<p>.<br \/>\nEz lehet\u0151s\u00e9g arra, hogy r\u00e9sze legy\u00e9l valaminek, ami veled egy\u00fctt n\u00f6vekszik \u00e9s fejl\u0151dik! Gyere \u00e9s n\u00e9zd meg, mi mindent tudunk egy\u00fctt csin\u00e1lni. Ez egy olyan klub, ahol meghallj\u00e1k a fiatalok hangj\u00e1t \u00e9s sz\u00fcks\u00e9gleteit - egy klub, amit fiatalok hoznak l\u00e9tre fiataloknak!<\/p>\n<p>.<br \/>\n<strong>V\u00e1runk a Kl\u00e1ra \u00e9s Rosa egyes\u00fclet h\u00e1z\u00e1ban (Pet\u0151fi S\u00e1ndor u. 15.), \u00e1prilis 10-\u00e9n, cs\u00fct\u00f6rt\u00f6k\u00f6n 17 \u00f3r\u00e1t\u00f3l.<\/strong>.<br \/>\nHozd el a t\u00e1rsas\u00e1god, add tov\u00e1bb az inf\u00f3t azoknak, akik szerinted szeretn\u00e9nek csatlakozni, \u00e9s tal\u00e1lkozunk!<\/p>\n<\/div>\n<\/div>\n<\/div>\n<div class=\"x11i5rnm xat24cr x1mh8g0r x1vvkbs xtlvy1s x126k92a\">\n<div dir=\"auto\">.<\/div>\n<div dir=\"auto\">SZERVEZET\u00dcNK T\u00c1MOGAT\u00c1ST KAPOTT SV\u00c1JC KORM\u00c1NY\u00c1T\u00d3L AZ \u201eEGY\u00dcTT AZ AKT\u00cdV V\u00c1ROSI K\u00d6Z\u00d6SS\u00c9G\u00c9RT \u2013 ACT\u201d PROJEKTEN KERESZT\u00dcL, MELYET A HELVETAS SZERBIA \u00c9S V\u00c1ROSI KEZDEM\u00c9NYEZ\u00c9SEK HAJTANAK V\u00c9GRE. AZ \u201eEGY\u00dcTT AZ AKT\u00cdV V\u00c1ROSI K\u00d6Z\u00d6SS\u00c9G\u00c9RT \u2013 ACT\u201d SV\u00c1JC KORM\u00c1NY\u00c1NAK PROJEKTJE, MELYNEK C\u00c9LJA AZ AKT\u00cdV V\u00c1ROSI K\u00d6Z\u00d6SS\u00c9G, \u00c9S AMELYBEN A HELYIEK JOBBAN R\u00c9SZT VESZNEK A D\u00d6NT\u00c9SHOZ\u00c1SBAN, K\u00dcL\u00d6N\u00d6SEN HELYI SZINTEN. \u2013K\u00f6z\u00f6sen az akt\u00edv civil t\u00e1rsadalom\u00e9rt \u2013<\/div>\n<div dir=\"auto\"><img decoding=\"async\" class=\"alignnone wp-image-22741\" src=\"https:\/\/www.klarairosa.com\/wp-content\/uploads\/2025\/03\/act-300x150.png\" alt=\"\" width=\"110\" height=\"55\" srcset=\"https:\/\/www.klarairosa.com\/wp-content\/uploads\/2025\/03\/act-300x150.png 300w, https:\/\/www.klarairosa.com\/wp-content\/uploads\/2025\/03\/act-1024x512.png 1024w, https:\/\/www.klarairosa.com\/wp-content\/uploads\/2025\/03\/act-768x384.png 768w, https:\/\/www.klarairosa.com\/wp-content\/uploads\/2025\/03\/act-18x9.png 18w, https:\/\/www.klarairosa.com\/wp-content\/uploads\/2025\/03\/act-1000x500.png 1000w, https:\/\/www.klarairosa.com\/wp-content\/uploads\/2025\/03\/act-700x350.png 700w, https:\/\/www.klarairosa.com\/wp-content\/uploads\/2025\/03\/act.png 1080w\" sizes=\"(max-width: 110px) 100vw, 110px\" \/><\/div>\n<\/div>\n<\/div>\n<\/div>","protected":false},"excerpt":{"rendered":"<p>Tra\u017ei\u0161 mesto gde mo\u017ee\u0161 da radi\u0161 ne\u0161to zanimljivo, upozna\u0161 ekipu sli\u010dnih interesovanja i nau\u010di\u0161 korisne&#8230;<\/p>","protected":false},"author":1,"featured_media":22785,"comment_status":"closed","ping_status":"closed","sticky":false,"template":"","format":"standard","meta":{"content-type":"","inline_featured_image":false,"footnotes":""},"categories":[109],"tags":[572,124,221,628,627,152,601],"class_list":["post-22784","post","type-post","status-publish","format-standard","has-post-thumbnail","hentry","category-aktuelno","tag-aktivne-zajednice","tag-klara-i-rosa","tag-mladi","tag-omladina","tag-omladinsko-volonterski-klub","tag-subotica","tag-volonteri"],"yoast_head":"<!-- This site is optimized with the Yoast SEO plugin v27.5 - https:\/\/yoast.com\/product\/yoast-seo-wordpress\/ -->\n<title>Postani deo Omladinsko-volonterskog kluba! - Klara i Rosa<\/title>\n<meta name=\"robots\" content=\"index, follow, max-snippet:-1, max-image-preview:large, max-video-preview:-1\" \/>\n<link rel=\"canonical\" href=\"https:\/\/www.klarairosa.com\/hu\/postani-deo-omladinsko-volonterskog-kluba\/\" \/>\n<meta property=\"og:locale\" content=\"hu_HU\" \/>\n<meta property=\"og:type\" content=\"article\" \/>\n<meta property=\"og:title\" content=\"Postani deo Omladinsko-volonterskog kluba! - Klara i Rosa\" \/>\n<meta property=\"og:description\" content=\"Tra\u017ei\u0161 mesto gde mo\u017ee\u0161 da radi\u0161 ne\u0161to zanimljivo, upozna\u0161 ekipu sli\u010dnih interesovanja i nau\u010di\u0161 korisne...\" \/>\n<meta property=\"og:url\" content=\"https:\/\/www.klarairosa.com\/hu\/postani-deo-omladinsko-volonterskog-kluba\/\" \/>\n<meta property=\"og:site_name\" content=\"Klara i Rosa\" \/>\n<meta property=\"article:publisher\" content=\"https:\/\/www.facebook.com\/klarairosa\/\" \/>\n<meta property=\"article:published_time\" content=\"2025-04-01T19:05:16+00:00\" \/>\n<meta property=\"article:modified_time\" content=\"2025-04-01T19:08:26+00:00\" \/>\n<meta property=\"og:image\" content=\"https:\/\/www.klarairosa.com\/wp-content\/uploads\/2025\/04\/Untitled-1352-x-1005-px-2.jpg\" \/>\n\t<meta property=\"og:image:width\" content=\"1352\" \/>\n\t<meta property=\"og:image:height\" content=\"1005\" \/>\n\t<meta property=\"og:image:type\" content=\"image\/jpeg\" \/>\n<meta name=\"author\" content=\"Klara i Rosa\" \/>\n<meta name=\"twitter:card\" content=\"summary_large_image\" \/>\n<meta name=\"twitter:label1\" content=\"Szerz\u0151:\" \/>\n\t<meta name=\"twitter:data1\" content=\"Klara i Rosa\" \/>\n\t<meta name=\"twitter:label2\" content=\"Becs\u00fclt olvas\u00e1si id\u0151\" \/>\n\t<meta name=\"twitter:data2\" content=\"1 perc\" \/>\n<script type=\"application\/ld+json\" class=\"yoast-schema-graph\">{\"@context\":\"https:\\\/\\\/schema.org\",\"@graph\":[{\"@type\":\"Article\",\"@id\":\"https:\\\/\\\/www.klarairosa.com\\\/postani-deo-omladinsko-volonterskog-kluba\\\/#article\",\"isPartOf\":{\"@id\":\"https:\\\/\\\/www.klarairosa.com\\\/postani-deo-omladinsko-volonterskog-kluba\\\/\"},\"author\":{\"name\":\"Klara i Rosa\",\"@id\":\"https:\\\/\\\/www.klarairosa.com\\\/en\\\/#\\\/schema\\\/person\\\/e4e7e9e5c8eeeddccf61e4532ae8e6ed\"},\"headline\":\"Postani deo Omladinsko-volonterskog kluba!\",\"datePublished\":\"2025-04-01T19:05:16+00:00\",\"dateModified\":\"2025-04-01T19:08:26+00:00\",\"mainEntityOfPage\":{\"@id\":\"https:\\\/\\\/www.klarairosa.com\\\/postani-deo-omladinsko-volonterskog-kluba\\\/\"},\"wordCount\":263,\"publisher\":{\"@id\":\"https:\\\/\\\/www.klarairosa.com\\\/en\\\/#organization\"},\"image\":{\"@id\":\"https:\\\/\\\/www.klarairosa.com\\\/postani-deo-omladinsko-volonterskog-kluba\\\/#primaryimage\"},\"thumbnailUrl\":\"https:\\\/\\\/www.klarairosa.com\\\/wp-content\\\/uploads\\\/2025\\\/04\\\/Untitled-1352-x-1005-px-2.jpg\",\"keywords\":[\"aktivne zajednice\",\"Klara i Rosa\",\"mladi\",\"omladina\",\"omladinsko-volonterski klub\",\"subotica\",\"volonteri\"],\"articleSection\":[\"Aktuelno\"],\"inLanguage\":\"hu\"},{\"@type\":\"WebPage\",\"@id\":\"https:\\\/\\\/www.klarairosa.com\\\/postani-deo-omladinsko-volonterskog-kluba\\\/\",\"url\":\"https:\\\/\\\/www.klarairosa.com\\\/postani-deo-omladinsko-volonterskog-kluba\\\/\",\"name\":\"Postani deo Omladinsko-volonterskog kluba! - Klara i Rosa\",\"isPartOf\":{\"@id\":\"https:\\\/\\\/www.klarairosa.com\\\/en\\\/#website\"},\"primaryImageOfPage\":{\"@id\":\"https:\\\/\\\/www.klarairosa.com\\\/postani-deo-omladinsko-volonterskog-kluba\\\/#primaryimage\"},\"image\":{\"@id\":\"https:\\\/\\\/www.klarairosa.com\\\/postani-deo-omladinsko-volonterskog-kluba\\\/#primaryimage\"},\"thumbnailUrl\":\"https:\\\/\\\/www.klarairosa.com\\\/wp-content\\\/uploads\\\/2025\\\/04\\\/Untitled-1352-x-1005-px-2.jpg\",\"datePublished\":\"2025-04-01T19:05:16+00:00\",\"dateModified\":\"2025-04-01T19:08:26+00:00\",\"breadcrumb\":{\"@id\":\"https:\\\/\\\/www.klarairosa.com\\\/postani-deo-omladinsko-volonterskog-kluba\\\/#breadcrumb\"},\"inLanguage\":\"hu\",\"potentialAction\":[{\"@type\":\"ReadAction\",\"target\":[\"https:\\\/\\\/www.klarairosa.com\\\/postani-deo-omladinsko-volonterskog-kluba\\\/\"]}]},{\"@type\":\"ImageObject\",\"inLanguage\":\"hu\",\"@id\":\"https:\\\/\\\/www.klarairosa.com\\\/postani-deo-omladinsko-volonterskog-kluba\\\/#primaryimage\",\"url\":\"https:\\\/\\\/www.klarairosa.com\\\/wp-content\\\/uploads\\\/2025\\\/04\\\/Untitled-1352-x-1005-px-2.jpg\",\"contentUrl\":\"https:\\\/\\\/www.klarairosa.com\\\/wp-content\\\/uploads\\\/2025\\\/04\\\/Untitled-1352-x-1005-px-2.jpg\",\"width\":1352,\"height\":1005},{\"@type\":\"BreadcrumbList\",\"@id\":\"https:\\\/\\\/www.klarairosa.com\\\/postani-deo-omladinsko-volonterskog-kluba\\\/#breadcrumb\",\"itemListElement\":[{\"@type\":\"ListItem\",\"position\":1,\"name\":\"Home\",\"item\":\"https:\\\/\\\/www.klarairosa.com\\\/\"},{\"@type\":\"ListItem\",\"position\":2,\"name\":\"Postani deo Omladinsko-volonterskog kluba!\"}]},{\"@type\":\"WebSite\",\"@id\":\"https:\\\/\\\/www.klarairosa.com\\\/en\\\/#website\",\"url\":\"https:\\\/\\\/www.klarairosa.com\\\/en\\\/\",\"name\":\"Klara i Rosa\",\"description\":\"Klara i Rosa\",\"publisher\":{\"@id\":\"https:\\\/\\\/www.klarairosa.com\\\/en\\\/#organization\"},\"potentialAction\":[{\"@type\":\"SearchAction\",\"target\":{\"@type\":\"EntryPoint\",\"urlTemplate\":\"https:\\\/\\\/www.klarairosa.com\\\/en\\\/?s={search_term_string}\"},\"query-input\":{\"@type\":\"PropertyValueSpecification\",\"valueRequired\":true,\"valueName\":\"search_term_string\"}}],\"inLanguage\":\"hu\"},{\"@type\":\"Organization\",\"@id\":\"https:\\\/\\\/www.klarairosa.com\\\/en\\\/#organization\",\"name\":\"Klara i Rosa\",\"url\":\"https:\\\/\\\/www.klarairosa.com\\\/en\\\/\",\"logo\":{\"@type\":\"ImageObject\",\"inLanguage\":\"hu\",\"@id\":\"https:\\\/\\\/www.klarairosa.com\\\/en\\\/#\\\/schema\\\/logo\\\/image\\\/\",\"url\":\"https:\\\/\\\/www.klarairosa.com\\\/wp-content\\\/uploads\\\/2022\\\/01\\\/logo.svg\",\"contentUrl\":\"https:\\\/\\\/www.klarairosa.com\\\/wp-content\\\/uploads\\\/2022\\\/01\\\/logo.svg\",\"width\":110,\"height\":139,\"caption\":\"Klara i Rosa\"},\"image\":{\"@id\":\"https:\\\/\\\/www.klarairosa.com\\\/en\\\/#\\\/schema\\\/logo\\\/image\\\/\"},\"sameAs\":[\"https:\\\/\\\/www.facebook.com\\\/klarairosa\\\/\",\"https:\\\/\\\/www.instagram.com\\\/ugklarairosa\\\/\"]},{\"@type\":\"Person\",\"@id\":\"https:\\\/\\\/www.klarairosa.com\\\/en\\\/#\\\/schema\\\/person\\\/e4e7e9e5c8eeeddccf61e4532ae8e6ed\",\"name\":\"Klara i Rosa\",\"image\":{\"@type\":\"ImageObject\",\"inLanguage\":\"hu\",\"@id\":\"https:\\\/\\\/secure.gravatar.com\\\/avatar\\\/c83ee539a067b9f57ae5d8999ae286c4f98b5c4bd943b8cbb64f6b0fc1f29e40?s=96&d=mm&r=g\",\"url\":\"https:\\\/\\\/secure.gravatar.com\\\/avatar\\\/c83ee539a067b9f57ae5d8999ae286c4f98b5c4bd943b8cbb64f6b0fc1f29e40?s=96&d=mm&r=g\",\"contentUrl\":\"https:\\\/\\\/secure.gravatar.com\\\/avatar\\\/c83ee539a067b9f57ae5d8999ae286c4f98b5c4bd943b8cbb64f6b0fc1f29e40?s=96&d=mm&r=g\",\"caption\":\"Klara i Rosa\"},\"sameAs\":[\"https:\\\/\\\/klarairosa.com\"],\"url\":\"https:\\\/\\\/www.klarairosa.com\\\/hu\\\/author\\\/rosaiklara\\\/\"}]}<\/script>\n<!-- \/ Yoast SEO plugin. -->","yoast_head_json":{"title":"Postani deo Omladinsko-volonterskog kluba! - Klara i Rosa","robots":{"index":"index","follow":"follow","max-snippet":"max-snippet:-1","max-image-preview":"max-image-preview:large","max-video-preview":"max-video-preview:-1"},"canonical":"https:\/\/www.klarairosa.com\/hu\/postani-deo-omladinsko-volonterskog-kluba\/","og_locale":"hu_HU","og_type":"article","og_title":"Postani deo Omladinsko-volonterskog kluba! - Klara i Rosa","og_description":"Tra\u017ei\u0161 mesto gde mo\u017ee\u0161 da radi\u0161 ne\u0161to zanimljivo, upozna\u0161 ekipu sli\u010dnih interesovanja i nau\u010di\u0161 korisne...","og_url":"https:\/\/www.klarairosa.com\/hu\/postani-deo-omladinsko-volonterskog-kluba\/","og_site_name":"Klara i Rosa","article_publisher":"https:\/\/www.facebook.com\/klarairosa\/","article_published_time":"2025-04-01T19:05:16+00:00","article_modified_time":"2025-04-01T19:08:26+00:00","og_image":[{"width":1352,"height":1005,"url":"https:\/\/www.klarairosa.com\/wp-content\/uploads\/2025\/04\/Untitled-1352-x-1005-px-2.jpg","type":"image\/jpeg"}],"author":"Klara i Rosa","twitter_card":"summary_large_image","twitter_misc":{"Szerz\u0151:":"Klara i Rosa","Becs\u00fclt olvas\u00e1si id\u0151":"1 perc"},"schema":{"@context":"https:\/\/schema.org","@graph":[{"@type":"Article","@id":"https:\/\/www.klarairosa.com\/postani-deo-omladinsko-volonterskog-kluba\/#article","isPartOf":{"@id":"https:\/\/www.klarairosa.com\/postani-deo-omladinsko-volonterskog-kluba\/"},"author":{"name":"Klara i Rosa","@id":"https:\/\/www.klarairosa.com\/en\/#\/schema\/person\/e4e7e9e5c8eeeddccf61e4532ae8e6ed"},"headline":"Postani deo Omladinsko-volonterskog kluba!","datePublished":"2025-04-01T19:05:16+00:00","dateModified":"2025-04-01T19:08:26+00:00","mainEntityOfPage":{"@id":"https:\/\/www.klarairosa.com\/postani-deo-omladinsko-volonterskog-kluba\/"},"wordCount":263,"publisher":{"@id":"https:\/\/www.klarairosa.com\/en\/#organization"},"image":{"@id":"https:\/\/www.klarairosa.com\/postani-deo-omladinsko-volonterskog-kluba\/#primaryimage"},"thumbnailUrl":"https:\/\/www.klarairosa.com\/wp-content\/uploads\/2025\/04\/Untitled-1352-x-1005-px-2.jpg","keywords":["aktivne zajednice","Klara i Rosa","mladi","omladina","omladinsko-volonterski klub","subotica","volonteri"],"articleSection":["Aktuelno"],"inLanguage":"hu"},{"@type":"WebPage","@id":"https:\/\/www.klarairosa.com\/postani-deo-omladinsko-volonterskog-kluba\/","url":"https:\/\/www.klarairosa.com\/postani-deo-omladinsko-volonterskog-kluba\/","name":"Postani deo Omladinsko-volonterskog kluba! - Klara i Rosa","isPartOf":{"@id":"https:\/\/www.klarairosa.com\/en\/#website"},"primaryImageOfPage":{"@id":"https:\/\/www.klarairosa.com\/postani-deo-omladinsko-volonterskog-kluba\/#primaryimage"},"image":{"@id":"https:\/\/www.klarairosa.com\/postani-deo-omladinsko-volonterskog-kluba\/#primaryimage"},"thumbnailUrl":"https:\/\/www.klarairosa.com\/wp-content\/uploads\/2025\/04\/Untitled-1352-x-1005-px-2.jpg","datePublished":"2025-04-01T19:05:16+00:00","dateModified":"2025-04-01T19:08:26+00:00","breadcrumb":{"@id":"https:\/\/www.klarairosa.com\/postani-deo-omladinsko-volonterskog-kluba\/#breadcrumb"},"inLanguage":"hu","potentialAction":[{"@type":"ReadAction","target":["https:\/\/www.klarairosa.com\/postani-deo-omladinsko-volonterskog-kluba\/"]}]},{"@type":"ImageObject","inLanguage":"hu","@id":"https:\/\/www.klarairosa.com\/postani-deo-omladinsko-volonterskog-kluba\/#primaryimage","url":"https:\/\/www.klarairosa.com\/wp-content\/uploads\/2025\/04\/Untitled-1352-x-1005-px-2.jpg","contentUrl":"https:\/\/www.klarairosa.com\/wp-content\/uploads\/2025\/04\/Untitled-1352-x-1005-px-2.jpg","width":1352,"height":1005},{"@type":"BreadcrumbList","@id":"https:\/\/www.klarairosa.com\/postani-deo-omladinsko-volonterskog-kluba\/#breadcrumb","itemListElement":[{"@type":"ListItem","position":1,"name":"Home","item":"https:\/\/www.klarairosa.com\/"},{"@type":"ListItem","position":2,"name":"Postani deo Omladinsko-volonterskog kluba!"}]},{"@type":"WebSite","@id":"https:\/\/www.klarairosa.com\/en\/#website","url":"https:\/\/www.klarairosa.com\/en\/","name":"Kl\u00e1ra \u00e9s Rosa Egyes\u00fclet","description":"Kl\u00e1ra \u00e9s Rosa Egyes\u00fclet","publisher":{"@id":"https:\/\/www.klarairosa.com\/en\/#organization"},"potentialAction":[{"@type":"SearchAction","target":{"@type":"EntryPoint","urlTemplate":"https:\/\/www.klarairosa.com\/en\/?s={search_term_string}"},"query-input":{"@type":"PropertyValueSpecification","valueRequired":true,"valueName":"search_term_string"}}],"inLanguage":"hu"},{"@type":"Organization","@id":"https:\/\/www.klarairosa.com\/en\/#organization","name":"Kl\u00e1ra \u00e9s Rosa Egyes\u00fclet","url":"https:\/\/www.klarairosa.com\/en\/","logo":{"@type":"ImageObject","inLanguage":"hu","@id":"https:\/\/www.klarairosa.com\/en\/#\/schema\/logo\/image\/","url":"https:\/\/www.klarairosa.com\/wp-content\/uploads\/2022\/01\/logo.svg","contentUrl":"https:\/\/www.klarairosa.com\/wp-content\/uploads\/2022\/01\/logo.svg","width":110,"height":139,"caption":"Klara i Rosa"},"image":{"@id":"https:\/\/www.klarairosa.com\/en\/#\/schema\/logo\/image\/"},"sameAs":["https:\/\/www.facebook.com\/klarairosa\/","https:\/\/www.instagram.com\/ugklarairosa\/"]},{"@type":"Person","@id":"https:\/\/www.klarairosa.com\/en\/#\/schema\/person\/e4e7e9e5c8eeeddccf61e4532ae8e6ed","name":"Kl\u00e1ra \u00e9s Rosa Egyes\u00fclet","image":{"@type":"ImageObject","inLanguage":"hu","@id":"https:\/\/secure.gravatar.com\/avatar\/c83ee539a067b9f57ae5d8999ae286c4f98b5c4bd943b8cbb64f6b0fc1f29e40?s=96&d=mm&r=g","url":"https:\/\/secure.gravatar.com\/avatar\/c83ee539a067b9f57ae5d8999ae286c4f98b5c4bd943b8cbb64f6b0fc1f29e40?s=96&d=mm&r=g","contentUrl":"https:\/\/secure.gravatar.com\/avatar\/c83ee539a067b9f57ae5d8999ae286c4f98b5c4bd943b8cbb64f6b0fc1f29e40?s=96&d=mm&r=g","caption":"Klara i Rosa"},"sameAs":["https:\/\/klarairosa.com"],"url":"https:\/\/www.klarairosa.com\/hu\/author\/rosaiklara\/"}]}},"_links":{"self":[{"href":"https:\/\/www.klarairosa.com\/hu\/wp-json\/wp\/v2\/posts\/22784","targetHints":{"allow":["GET"]}}],"collection":[{"href":"https:\/\/www.klarairosa.com\/hu\/wp-json\/wp\/v2\/posts"}],"about":[{"href":"https:\/\/www.klarairosa.com\/hu\/wp-json\/wp\/v2\/types\/post"}],"author":[{"embeddable":true,"href":"https:\/\/www.klarairosa.com\/hu\/wp-json\/wp\/v2\/users\/1"}],"replies":[{"embeddable":true,"href":"https:\/\/www.klarairosa.com\/hu\/wp-json\/wp\/v2\/comments?post=22784"}],"version-history":[{"count":2,"href":"https:\/\/www.klarairosa.com\/hu\/wp-json\/wp\/v2\/posts\/22784\/revisions"}],"predecessor-version":[{"id":22787,"href":"https:\/\/www.klarairosa.com\/hu\/wp-json\/wp\/v2\/posts\/22784\/revisions\/22787"}],"wp:featuredmedia":[{"embeddable":true,"href":"https:\/\/www.klarairosa.com\/hu\/wp-json\/wp\/v2\/media\/22785"}],"wp:attachment":[{"href":"https:\/\/www.klarairosa.com\/hu\/wp-json\/wp\/v2\/media?parent=22784"}],"wp:term":[{"taxonomy":"category","embeddable":true,"href":"https:\/\/www.klarairosa.com\/hu\/wp-json\/wp\/v2\/categories?post=22784"},{"taxonomy":"post_tag","embeddable":true,"href":"https:\/\/www.klarairosa.com\/hu\/wp-json\/wp\/v2\/tags?post=22784"}],"curies":[{"name":"wp","href":"https:\/\/api.w.org\/{rel}","templated":true}]}}