{"id":22722,"date":"2025-03-29T17:07:56","date_gmt":"2025-03-29T17:07:56","guid":{"rendered":"https:\/\/www.klarairosa.com\/?p=22722"},"modified":"2025-04-22T09:02:42","modified_gmt":"2025-04-22T09:02:42","slug":"agora-kada-telo-pobedjuje-bolest-kriza-kao-uslov-i-pocetak-drustvenog-oporavka","status":"publish","type":"post","link":"https:\/\/www.klarairosa.com\/hu\/agora-kada-telo-pobedjuje-bolest-kriza-kao-uslov-i-pocetak-drustvenog-oporavka\/","title":{"rendered":"AMIKOR A TEST LEGY\u0150ZI A BETEGS\u00c9GET: A v\u00e1ls\u00e1g mint a t\u00e1rsadalmi fel\u00e9p\u00fcl\u00e9s felt\u00e9tele \u00e9s kezdete"},"content":{"rendered":"<div class=\"xdj266r x11i5rnm xat24cr x1mh8g0r x1vvkbs x126k92a\">\n<div dir=\"auto\" class=\" translation-block\">A k\u00f6vetkez\u0151 <strong>AGOR\u00c1T \u00e1prilis 2-\u00e1n, szerd\u00e1n18 \u00f3rai kezdettel tartjuk a Szabads\u00e1g parkban<\/strong> (a V\u00e1rosi k\u00f6nyvt\u00e1rn\u00e1l).<\/div>\n<div dir=\"auto\" style=\"text-align: justify;\">.<\/div>\n<\/div>\n<div class=\"x11i5rnm xat24cr x1mh8g0r x1vvkbs xtlvy1s x126k92a\">\n<div dir=\"auto\" style=\"text-align: justify;\">\n<p><img fetchpriority=\"high\" decoding=\"async\" class=\"alignnone size-medium wp-image-22723\" src=\"https:\/\/www.klarairosa.com\/wp-content\/uploads\/2025\/03\/park-300x196.jpg\" alt=\"\" width=\"300\" height=\"196\" srcset=\"https:\/\/www.klarairosa.com\/wp-content\/uploads\/2025\/03\/park-300x196.jpg 300w, https:\/\/www.klarairosa.com\/wp-content\/uploads\/2025\/03\/park-18x12.jpg 18w, https:\/\/www.klarairosa.com\/wp-content\/uploads\/2025\/03\/park-400x260.jpg 400w, https:\/\/www.klarairosa.com\/wp-content\/uploads\/2025\/03\/park.jpg 679w\" sizes=\"(max-width: 300px) 100vw, 300px\" \/><\/p>\n<p>A Societas meghat\u00e1rozza a bioszt \u2013 az, hogy az ember hogyan l\u00e1tja mag\u00e1t \u00e9s a t\u00e1rsadalmat olyan keretk\u00e9nt, amelyben \u00e9lete vil\u00e1ga n\u00f6vekszik, att\u00f3l f\u00fcgg, hogyan viszonyul majd a biosz eg\u00e9sz\u00e9hez, mint egyedi kozmikus jelens\u00e9ghez.<\/p>\n<p>.<\/p>\n<p>Az \u00e9let ir\u00e1nti felel\u0151ss\u00e9g dilemm\u00e1ja: a jelen fogyaszt\u00f3j\u00e1nak lenni, vagy gondoskodni a j\u00f6v\u0151 gener\u00e1ci\u00f3ir\u00f3l?<\/p>\n<p>.<\/p>\n<p>A v\u00e1ls\u00e1g l\u00e9trehoz\u00e1s\u00e1nak akkor van \u00e9rtelme, ha a modern l\u00e9tez\u00e9s legjav\u00e1t mer\u00edtj\u00fck bel\u0151le.<br \/>\nA t\u00e1rsadalmi \u00e9letet a biosz hat\u00e1rozza meg \u2013 mert az \u00f6ntudat hordoz\u00f3ja az, amely a j\u00f6v\u0151 nemzed\u00e9keir\u0151l val\u00f3 gondoskod\u00e1st erk\u00f6lcsi k\u00f6teless\u00e9gg\u00e9 teszi. A v\u00e1ls\u00e1g egy erk\u00f6lcsi k\u00e9nyszer megsz\u00fclet\u00e9se \u2013 a tudatoss\u00e1g n\u00f6vel\u00e9s\u00e9nek m\u00f3dja. De konfliktus keletkezik a fogyaszt\u00e1sra \u00e9s biztons\u00e1gra v\u00e1gy\u00f3k \u00e9s a jogokat akar\u00f3k k\u00f6z\u00f6tt is, amelyek az akarat auton\u00f3mia lehet\u0151s\u00e9g\u00e9nek felt\u00e9telei...<\/p>\n<p>.<\/p>\n<p>Az \u00f6sszeomlott int\u00e9zm\u00e9nyek \u00e9s a rendszerszint\u0171 korrupci\u00f3 \u00f6sszef\u00fcgg\u00e9s\u00e9ben Szerbi\u00e1ban a di\u00e1kt\u00fcntet\u00e9sek a t\u00e1rsadalmi patol\u00f3gi\u00e1val szembeni ellen\u00e1ll\u00e1s radik\u00e1lis form\u00e1j\u00e1t jelentik. A t\u00e1rsadalmi \u00e9let elv\u00e1laszthatatlanul kapcsol\u00f3dik a bioszf\u00e9r\u00e1hoz - nemcsak \u00f6kol\u00f3giai, hanem ontol\u00f3giai \u00e9rtelemben is -, \u00e9s a t\u00e1rsadalom \u00f6nmag\u00e1hoz val\u00f3 viszonyul\u00e1sa hat\u00e1rozza meg a bioszhoz, mint egyedi kozmikus jelens\u00e9ghez val\u00f3 viszonyul\u00e1s jelleg\u00e9t. A di\u00e1kmozgalmak nem csup\u00e1n reakci\u00f3k az int\u00e9zm\u00e9nyi elnyom\u00e1sra, hanem v\u00e1ls\u00e1got teremtenek az erk\u00f6lcsi k\u00e9nyszer lehet\u0151s\u00e9g\u00e9nek felt\u00e9tel\u00e9\u00fcl \u2013 teret adnak a t\u00e1rsadalmi betegs\u00e9gek diagnosztiz\u00e1l\u00e1s\u00e1nak \u00e9s lek\u00fczd\u00e9s\u00e9nek.<\/p>\n<\/div>\n<div dir=\"auto\">.<\/div>\n<\/div>\n<div class=\"x11i5rnm xat24cr x1mh8g0r x1vvkbs xtlvy1s x126k92a\">\n<div dir=\"auto\" class=\" translation-block\">A besz\u00e9lget\u00e9st <strong>Boris \u010cegar<\/strong> filoz\u00f3fiaprofesszor vezeti.<\/div>\n<div dir=\"auto\">.<\/div>\n<div dir=\"auto\">A programot a Guerilla Alap\u00edtv\u00e1ny t\u00e1mogatja.<\/div>\n<div dir=\"auto\">.<\/div>\n<div dir=\"auto\"><img decoding=\"async\" class=\"alignnone size-medium wp-image-22791\" src=\"https:\/\/www.klarairosa.com\/wp-content\/uploads\/2025\/04\/488572081_1483770696003946_2039361661292758346_n-300x225.jpg\" alt=\"\" width=\"300\" height=\"225\" srcset=\"https:\/\/www.klarairosa.com\/wp-content\/uploads\/2025\/04\/488572081_1483770696003946_2039361661292758346_n-300x225.jpg 300w, https:\/\/www.klarairosa.com\/wp-content\/uploads\/2025\/04\/488572081_1483770696003946_2039361661292758346_n-16x12.jpg 16w, https:\/\/www.klarairosa.com\/wp-content\/uploads\/2025\/04\/488572081_1483770696003946_2039361661292758346_n.jpg 490w\" sizes=\"(max-width: 300px) 100vw, 300px\" \/><img decoding=\"async\" class=\"alignnone size-medium wp-image-22792\" src=\"https:\/\/www.klarairosa.com\/wp-content\/uploads\/2025\/04\/488647198_1483770699337279_6463354597325463002_n-300x225.jpg\" alt=\"\" width=\"300\" height=\"225\" srcset=\"https:\/\/www.klarairosa.com\/wp-content\/uploads\/2025\/04\/488647198_1483770699337279_6463354597325463002_n-300x225.jpg 300w, https:\/\/www.klarairosa.com\/wp-content\/uploads\/2025\/04\/488647198_1483770699337279_6463354597325463002_n-16x12.jpg 16w, https:\/\/www.klarairosa.com\/wp-content\/uploads\/2025\/04\/488647198_1483770699337279_6463354597325463002_n.jpg 490w\" sizes=\"(max-width: 300px) 100vw, 300px\" \/><img loading=\"lazy\" decoding=\"async\" class=\"alignnone size-medium wp-image-22793\" src=\"https:\/\/www.klarairosa.com\/wp-content\/uploads\/2025\/04\/488655517_1483770689337280_7549138056262210390_n-300x225.jpg\" alt=\"\" width=\"300\" height=\"225\" srcset=\"https:\/\/www.klarairosa.com\/wp-content\/uploads\/2025\/04\/488655517_1483770689337280_7549138056262210390_n-300x225.jpg 300w, https:\/\/www.klarairosa.com\/wp-content\/uploads\/2025\/04\/488655517_1483770689337280_7549138056262210390_n-16x12.jpg 16w, https:\/\/www.klarairosa.com\/wp-content\/uploads\/2025\/04\/488655517_1483770689337280_7549138056262210390_n.jpg 490w\" sizes=\"(max-width: 300px) 100vw, 300px\" \/><img loading=\"lazy\" decoding=\"async\" class=\"alignnone size-medium wp-image-22794\" src=\"https:\/\/www.klarairosa.com\/wp-content\/uploads\/2025\/04\/488657805_1483770686003947_8167785027917587483_n-300x225.jpg\" alt=\"\" width=\"300\" height=\"225\" srcset=\"https:\/\/www.klarairosa.com\/wp-content\/uploads\/2025\/04\/488657805_1483770686003947_8167785027917587483_n-300x225.jpg 300w, https:\/\/www.klarairosa.com\/wp-content\/uploads\/2025\/04\/488657805_1483770686003947_8167785027917587483_n-16x12.jpg 16w, https:\/\/www.klarairosa.com\/wp-content\/uploads\/2025\/04\/488657805_1483770686003947_8167785027917587483_n.jpg 490w\" sizes=\"(max-width: 300px) 100vw, 300px\" \/><img loading=\"lazy\" decoding=\"async\" class=\"alignnone size-medium wp-image-22795\" src=\"https:\/\/www.klarairosa.com\/wp-content\/uploads\/2025\/04\/488965690_1483770692670613_2372589323105415921_n-300x225.jpg\" alt=\"\" width=\"300\" height=\"225\" srcset=\"https:\/\/www.klarairosa.com\/wp-content\/uploads\/2025\/04\/488965690_1483770692670613_2372589323105415921_n-300x225.jpg 300w, https:\/\/www.klarairosa.com\/wp-content\/uploads\/2025\/04\/488965690_1483770692670613_2372589323105415921_n-16x12.jpg 16w, https:\/\/www.klarairosa.com\/wp-content\/uploads\/2025\/04\/488965690_1483770692670613_2372589323105415921_n.jpg 490w\" sizes=\"(max-width: 300px) 100vw, 300px\" \/><\/div>\n<\/div>","protected":false},"excerpt":{"rendered":"<p>Slede\u0107a AGORA \u0107e se odr\u017eati u sredu, 2. aprila od 18 \u010dasova u Parku slobode&#8230;<\/p>","protected":false},"author":1,"featured_media":22532,"comment_status":"closed","ping_status":"closed","sticky":false,"template":"","format":"standard","meta":{"content-type":"","inline_featured_image":false,"footnotes":""},"categories":[109],"tags":[312,494,396,573,351,282,469,307,124,577,452,152],"class_list":["post-22722","post","type-post","status-publish","format-standard","has-post-thumbnail","hentry","category-aktuelno","tag-312","tag-act","tag-agora","tag-akt-projekat","tag-boris-cegar","tag-community","tag-diskusija","tag-filozofija","tag-klara-i-rosa","tag-kriza-coveka","tag-razgovor","tag-subotica"],"yoast_head":"<!-- This site is optimized with the Yoast SEO plugin v27.5 - https:\/\/yoast.com\/product\/yoast-seo-wordpress\/ -->\n<title>AGORA - KADA TELO POBE\u0110UJE BOLEST: Kriza kao uslov i po\u010detak dru\u0161tvenog oporavka - Klara i Rosa<\/title>\n<meta name=\"robots\" content=\"index, follow, max-snippet:-1, max-image-preview:large, max-video-preview:-1\" \/>\n<link rel=\"canonical\" href=\"https:\/\/www.klarairosa.com\/hu\/agora-kada-telo-pobedjuje-bolest-kriza-kao-uslov-i-pocetak-drustvenog-oporavka\/\" \/>\n<meta property=\"og:locale\" content=\"hu_HU\" \/>\n<meta property=\"og:type\" content=\"article\" \/>\n<meta property=\"og:title\" content=\"AGORA - KADA TELO POBE\u0110UJE BOLEST: Kriza kao uslov i po\u010detak dru\u0161tvenog oporavka - Klara i Rosa\" \/>\n<meta property=\"og:description\" content=\"Slede\u0107a AGORA \u0107e se odr\u017eati u sredu, 2. aprila od 18 \u010dasova u Parku slobode...\" \/>\n<meta property=\"og:url\" content=\"https:\/\/www.klarairosa.com\/hu\/agora-kada-telo-pobedjuje-bolest-kriza-kao-uslov-i-pocetak-drustvenog-oporavka\/\" \/>\n<meta property=\"og:site_name\" content=\"Klara i Rosa\" \/>\n<meta property=\"article:publisher\" content=\"https:\/\/www.facebook.com\/klarairosa\/\" \/>\n<meta property=\"article:published_time\" content=\"2025-03-29T17:07:56+00:00\" \/>\n<meta property=\"article:modified_time\" content=\"2025-04-22T09:02:42+00:00\" \/>\n<meta property=\"og:image\" content=\"https:\/\/www.klarairosa.com\/wp-content\/uploads\/2024\/12\/Agora-sajt-jesen.jpg\" \/>\n\t<meta property=\"og:image:width\" content=\"1352\" \/>\n\t<meta property=\"og:image:height\" content=\"1005\" \/>\n\t<meta property=\"og:image:type\" content=\"image\/jpeg\" \/>\n<meta name=\"author\" content=\"Klara i Rosa\" \/>\n<meta name=\"twitter:card\" content=\"summary_large_image\" \/>\n<meta name=\"twitter:label1\" content=\"Szerz\u0151:\" \/>\n\t<meta name=\"twitter:data1\" content=\"Klara i Rosa\" \/>\n\t<meta name=\"twitter:label2\" content=\"Becs\u00fclt olvas\u00e1si id\u0151\" \/>\n\t<meta name=\"twitter:data2\" content=\"1 perc\" \/>\n<script type=\"application\/ld+json\" class=\"yoast-schema-graph\">{\"@context\":\"https:\\\/\\\/schema.org\",\"@graph\":[{\"@type\":\"Article\",\"@id\":\"https:\\\/\\\/www.klarairosa.com\\\/agora-kada-telo-pobedjuje-bolest-kriza-kao-uslov-i-pocetak-drustvenog-oporavka\\\/#article\",\"isPartOf\":{\"@id\":\"https:\\\/\\\/www.klarairosa.com\\\/agora-kada-telo-pobedjuje-bolest-kriza-kao-uslov-i-pocetak-drustvenog-oporavka\\\/\"},\"author\":{\"name\":\"Klara i Rosa\",\"@id\":\"https:\\\/\\\/www.klarairosa.com\\\/en\\\/#\\\/schema\\\/person\\\/e4e7e9e5c8eeeddccf61e4532ae8e6ed\"},\"headline\":\"AGORA &#8211; KADA TELO POBE\u0110UJE BOLEST: Kriza kao uslov i po\u010detak dru\u0161tvenog oporavka\",\"datePublished\":\"2025-03-29T17:07:56+00:00\",\"dateModified\":\"2025-04-22T09:02:42+00:00\",\"mainEntityOfPage\":{\"@id\":\"https:\\\/\\\/www.klarairosa.com\\\/agora-kada-telo-pobedjuje-bolest-kriza-kao-uslov-i-pocetak-drustvenog-oporavka\\\/\"},\"wordCount\":256,\"publisher\":{\"@id\":\"https:\\\/\\\/www.klarairosa.com\\\/en\\\/#organization\"},\"image\":{\"@id\":\"https:\\\/\\\/www.klarairosa.com\\\/agora-kada-telo-pobedjuje-bolest-kriza-kao-uslov-i-pocetak-drustvenog-oporavka\\\/#primaryimage\"},\"thumbnailUrl\":\"https:\\\/\\\/www.klarairosa.com\\\/wp-content\\\/uploads\\\/2024\\\/12\\\/Agora-sajt-jesen.jpg\",\"keywords\":[\"2024\",\"act\",\"agora\",\"akt projekat\",\"boris cegar\",\"community\",\"diskusija\",\"filozofija\",\"Klara i Rosa\",\"kriza coveka\",\"razgovor\",\"subotica\"],\"articleSection\":[\"Aktuelno\"],\"inLanguage\":\"hu\"},{\"@type\":\"WebPage\",\"@id\":\"https:\\\/\\\/www.klarairosa.com\\\/agora-kada-telo-pobedjuje-bolest-kriza-kao-uslov-i-pocetak-drustvenog-oporavka\\\/\",\"url\":\"https:\\\/\\\/www.klarairosa.com\\\/agora-kada-telo-pobedjuje-bolest-kriza-kao-uslov-i-pocetak-drustvenog-oporavka\\\/\",\"name\":\"AGORA - KADA TELO POBE\u0110UJE BOLEST: Kriza kao uslov i po\u010detak dru\u0161tvenog oporavka - Klara i Rosa\",\"isPartOf\":{\"@id\":\"https:\\\/\\\/www.klarairosa.com\\\/en\\\/#website\"},\"primaryImageOfPage\":{\"@id\":\"https:\\\/\\\/www.klarairosa.com\\\/agora-kada-telo-pobedjuje-bolest-kriza-kao-uslov-i-pocetak-drustvenog-oporavka\\\/#primaryimage\"},\"image\":{\"@id\":\"https:\\\/\\\/www.klarairosa.com\\\/agora-kada-telo-pobedjuje-bolest-kriza-kao-uslov-i-pocetak-drustvenog-oporavka\\\/#primaryimage\"},\"thumbnailUrl\":\"https:\\\/\\\/www.klarairosa.com\\\/wp-content\\\/uploads\\\/2024\\\/12\\\/Agora-sajt-jesen.jpg\",\"datePublished\":\"2025-03-29T17:07:56+00:00\",\"dateModified\":\"2025-04-22T09:02:42+00:00\",\"breadcrumb\":{\"@id\":\"https:\\\/\\\/www.klarairosa.com\\\/agora-kada-telo-pobedjuje-bolest-kriza-kao-uslov-i-pocetak-drustvenog-oporavka\\\/#breadcrumb\"},\"inLanguage\":\"hu\",\"potentialAction\":[{\"@type\":\"ReadAction\",\"target\":[\"https:\\\/\\\/www.klarairosa.com\\\/agora-kada-telo-pobedjuje-bolest-kriza-kao-uslov-i-pocetak-drustvenog-oporavka\\\/\"]}]},{\"@type\":\"ImageObject\",\"inLanguage\":\"hu\",\"@id\":\"https:\\\/\\\/www.klarairosa.com\\\/agora-kada-telo-pobedjuje-bolest-kriza-kao-uslov-i-pocetak-drustvenog-oporavka\\\/#primaryimage\",\"url\":\"https:\\\/\\\/www.klarairosa.com\\\/wp-content\\\/uploads\\\/2024\\\/12\\\/Agora-sajt-jesen.jpg\",\"contentUrl\":\"https:\\\/\\\/www.klarairosa.com\\\/wp-content\\\/uploads\\\/2024\\\/12\\\/Agora-sajt-jesen.jpg\",\"width\":1352,\"height\":1005},{\"@type\":\"BreadcrumbList\",\"@id\":\"https:\\\/\\\/www.klarairosa.com\\\/agora-kada-telo-pobedjuje-bolest-kriza-kao-uslov-i-pocetak-drustvenog-oporavka\\\/#breadcrumb\",\"itemListElement\":[{\"@type\":\"ListItem\",\"position\":1,\"name\":\"Home\",\"item\":\"https:\\\/\\\/www.klarairosa.com\\\/\"},{\"@type\":\"ListItem\",\"position\":2,\"name\":\"AGORA &#8211; KADA TELO POBE\u0110UJE BOLEST: Kriza kao uslov i po\u010detak dru\u0161tvenog oporavka\"}]},{\"@type\":\"WebSite\",\"@id\":\"https:\\\/\\\/www.klarairosa.com\\\/en\\\/#website\",\"url\":\"https:\\\/\\\/www.klarairosa.com\\\/en\\\/\",\"name\":\"Klara i Rosa\",\"description\":\"Klara i Rosa\",\"publisher\":{\"@id\":\"https:\\\/\\\/www.klarairosa.com\\\/en\\\/#organization\"},\"potentialAction\":[{\"@type\":\"SearchAction\",\"target\":{\"@type\":\"EntryPoint\",\"urlTemplate\":\"https:\\\/\\\/www.klarairosa.com\\\/en\\\/?s={search_term_string}\"},\"query-input\":{\"@type\":\"PropertyValueSpecification\",\"valueRequired\":true,\"valueName\":\"search_term_string\"}}],\"inLanguage\":\"hu\"},{\"@type\":\"Organization\",\"@id\":\"https:\\\/\\\/www.klarairosa.com\\\/en\\\/#organization\",\"name\":\"Klara i Rosa\",\"url\":\"https:\\\/\\\/www.klarairosa.com\\\/en\\\/\",\"logo\":{\"@type\":\"ImageObject\",\"inLanguage\":\"hu\",\"@id\":\"https:\\\/\\\/www.klarairosa.com\\\/en\\\/#\\\/schema\\\/logo\\\/image\\\/\",\"url\":\"https:\\\/\\\/www.klarairosa.com\\\/wp-content\\\/uploads\\\/2022\\\/01\\\/logo.svg\",\"contentUrl\":\"https:\\\/\\\/www.klarairosa.com\\\/wp-content\\\/uploads\\\/2022\\\/01\\\/logo.svg\",\"width\":110,\"height\":139,\"caption\":\"Klara i Rosa\"},\"image\":{\"@id\":\"https:\\\/\\\/www.klarairosa.com\\\/en\\\/#\\\/schema\\\/logo\\\/image\\\/\"},\"sameAs\":[\"https:\\\/\\\/www.facebook.com\\\/klarairosa\\\/\",\"https:\\\/\\\/www.instagram.com\\\/ugklarairosa\\\/\"]},{\"@type\":\"Person\",\"@id\":\"https:\\\/\\\/www.klarairosa.com\\\/en\\\/#\\\/schema\\\/person\\\/e4e7e9e5c8eeeddccf61e4532ae8e6ed\",\"name\":\"Klara i Rosa\",\"image\":{\"@type\":\"ImageObject\",\"inLanguage\":\"hu\",\"@id\":\"https:\\\/\\\/secure.gravatar.com\\\/avatar\\\/c83ee539a067b9f57ae5d8999ae286c4f98b5c4bd943b8cbb64f6b0fc1f29e40?s=96&d=mm&r=g\",\"url\":\"https:\\\/\\\/secure.gravatar.com\\\/avatar\\\/c83ee539a067b9f57ae5d8999ae286c4f98b5c4bd943b8cbb64f6b0fc1f29e40?s=96&d=mm&r=g\",\"contentUrl\":\"https:\\\/\\\/secure.gravatar.com\\\/avatar\\\/c83ee539a067b9f57ae5d8999ae286c4f98b5c4bd943b8cbb64f6b0fc1f29e40?s=96&d=mm&r=g\",\"caption\":\"Klara i Rosa\"},\"sameAs\":[\"https:\\\/\\\/klarairosa.com\"],\"url\":\"https:\\\/\\\/www.klarairosa.com\\\/hu\\\/author\\\/rosaiklara\\\/\"}]}<\/script>\n<!-- \/ Yoast SEO plugin. -->","yoast_head_json":{"title":"AGORA - KADA TELO POBE\u0110UJE BOLEST: Kriza kao uslov i po\u010detak dru\u0161tvenog oporavka - Klara i Rosa","robots":{"index":"index","follow":"follow","max-snippet":"max-snippet:-1","max-image-preview":"max-image-preview:large","max-video-preview":"max-video-preview:-1"},"canonical":"https:\/\/www.klarairosa.com\/hu\/agora-kada-telo-pobedjuje-bolest-kriza-kao-uslov-i-pocetak-drustvenog-oporavka\/","og_locale":"hu_HU","og_type":"article","og_title":"AGORA - KADA TELO POBE\u0110UJE BOLEST: Kriza kao uslov i po\u010detak dru\u0161tvenog oporavka - Klara i Rosa","og_description":"Slede\u0107a AGORA \u0107e se odr\u017eati u sredu, 2. aprila od 18 \u010dasova u Parku slobode...","og_url":"https:\/\/www.klarairosa.com\/hu\/agora-kada-telo-pobedjuje-bolest-kriza-kao-uslov-i-pocetak-drustvenog-oporavka\/","og_site_name":"Klara i Rosa","article_publisher":"https:\/\/www.facebook.com\/klarairosa\/","article_published_time":"2025-03-29T17:07:56+00:00","article_modified_time":"2025-04-22T09:02:42+00:00","og_image":[{"width":1352,"height":1005,"url":"https:\/\/www.klarairosa.com\/wp-content\/uploads\/2024\/12\/Agora-sajt-jesen.jpg","type":"image\/jpeg"}],"author":"Klara i Rosa","twitter_card":"summary_large_image","twitter_misc":{"Szerz\u0151:":"Klara i Rosa","Becs\u00fclt olvas\u00e1si id\u0151":"1 perc"},"schema":{"@context":"https:\/\/schema.org","@graph":[{"@type":"Article","@id":"https:\/\/www.klarairosa.com\/agora-kada-telo-pobedjuje-bolest-kriza-kao-uslov-i-pocetak-drustvenog-oporavka\/#article","isPartOf":{"@id":"https:\/\/www.klarairosa.com\/agora-kada-telo-pobedjuje-bolest-kriza-kao-uslov-i-pocetak-drustvenog-oporavka\/"},"author":{"name":"Klara i Rosa","@id":"https:\/\/www.klarairosa.com\/en\/#\/schema\/person\/e4e7e9e5c8eeeddccf61e4532ae8e6ed"},"headline":"AGORA &#8211; KADA TELO POBE\u0110UJE BOLEST: Kriza kao uslov i po\u010detak dru\u0161tvenog oporavka","datePublished":"2025-03-29T17:07:56+00:00","dateModified":"2025-04-22T09:02:42+00:00","mainEntityOfPage":{"@id":"https:\/\/www.klarairosa.com\/agora-kada-telo-pobedjuje-bolest-kriza-kao-uslov-i-pocetak-drustvenog-oporavka\/"},"wordCount":256,"publisher":{"@id":"https:\/\/www.klarairosa.com\/en\/#organization"},"image":{"@id":"https:\/\/www.klarairosa.com\/agora-kada-telo-pobedjuje-bolest-kriza-kao-uslov-i-pocetak-drustvenog-oporavka\/#primaryimage"},"thumbnailUrl":"https:\/\/www.klarairosa.com\/wp-content\/uploads\/2024\/12\/Agora-sajt-jesen.jpg","keywords":["2024","act","agora","akt projekat","boris cegar","community","diskusija","filozofija","Klara i Rosa","kriza coveka","razgovor","subotica"],"articleSection":["Aktuelno"],"inLanguage":"hu"},{"@type":"WebPage","@id":"https:\/\/www.klarairosa.com\/agora-kada-telo-pobedjuje-bolest-kriza-kao-uslov-i-pocetak-drustvenog-oporavka\/","url":"https:\/\/www.klarairosa.com\/agora-kada-telo-pobedjuje-bolest-kriza-kao-uslov-i-pocetak-drustvenog-oporavka\/","name":"AGORA - KADA TELO POBE\u0110UJE BOLEST: Kriza kao uslov i po\u010detak dru\u0161tvenog oporavka - Klara i Rosa","isPartOf":{"@id":"https:\/\/www.klarairosa.com\/en\/#website"},"primaryImageOfPage":{"@id":"https:\/\/www.klarairosa.com\/agora-kada-telo-pobedjuje-bolest-kriza-kao-uslov-i-pocetak-drustvenog-oporavka\/#primaryimage"},"image":{"@id":"https:\/\/www.klarairosa.com\/agora-kada-telo-pobedjuje-bolest-kriza-kao-uslov-i-pocetak-drustvenog-oporavka\/#primaryimage"},"thumbnailUrl":"https:\/\/www.klarairosa.com\/wp-content\/uploads\/2024\/12\/Agora-sajt-jesen.jpg","datePublished":"2025-03-29T17:07:56+00:00","dateModified":"2025-04-22T09:02:42+00:00","breadcrumb":{"@id":"https:\/\/www.klarairosa.com\/agora-kada-telo-pobedjuje-bolest-kriza-kao-uslov-i-pocetak-drustvenog-oporavka\/#breadcrumb"},"inLanguage":"hu","potentialAction":[{"@type":"ReadAction","target":["https:\/\/www.klarairosa.com\/agora-kada-telo-pobedjuje-bolest-kriza-kao-uslov-i-pocetak-drustvenog-oporavka\/"]}]},{"@type":"ImageObject","inLanguage":"hu","@id":"https:\/\/www.klarairosa.com\/agora-kada-telo-pobedjuje-bolest-kriza-kao-uslov-i-pocetak-drustvenog-oporavka\/#primaryimage","url":"https:\/\/www.klarairosa.com\/wp-content\/uploads\/2024\/12\/Agora-sajt-jesen.jpg","contentUrl":"https:\/\/www.klarairosa.com\/wp-content\/uploads\/2024\/12\/Agora-sajt-jesen.jpg","width":1352,"height":1005},{"@type":"BreadcrumbList","@id":"https:\/\/www.klarairosa.com\/agora-kada-telo-pobedjuje-bolest-kriza-kao-uslov-i-pocetak-drustvenog-oporavka\/#breadcrumb","itemListElement":[{"@type":"ListItem","position":1,"name":"Home","item":"https:\/\/www.klarairosa.com\/"},{"@type":"ListItem","position":2,"name":"AGORA &#8211; KADA TELO POBE\u0110UJE BOLEST: Kriza kao uslov i po\u010detak dru\u0161tvenog oporavka"}]},{"@type":"WebSite","@id":"https:\/\/www.klarairosa.com\/en\/#website","url":"https:\/\/www.klarairosa.com\/en\/","name":"Kl\u00e1ra \u00e9s Rosa Egyes\u00fclet","description":"Kl\u00e1ra \u00e9s Rosa Egyes\u00fclet","publisher":{"@id":"https:\/\/www.klarairosa.com\/en\/#organization"},"potentialAction":[{"@type":"SearchAction","target":{"@type":"EntryPoint","urlTemplate":"https:\/\/www.klarairosa.com\/en\/?s={search_term_string}"},"query-input":{"@type":"PropertyValueSpecification","valueRequired":true,"valueName":"search_term_string"}}],"inLanguage":"hu"},{"@type":"Organization","@id":"https:\/\/www.klarairosa.com\/en\/#organization","name":"Kl\u00e1ra \u00e9s Rosa Egyes\u00fclet","url":"https:\/\/www.klarairosa.com\/en\/","logo":{"@type":"ImageObject","inLanguage":"hu","@id":"https:\/\/www.klarairosa.com\/en\/#\/schema\/logo\/image\/","url":"https:\/\/www.klarairosa.com\/wp-content\/uploads\/2022\/01\/logo.svg","contentUrl":"https:\/\/www.klarairosa.com\/wp-content\/uploads\/2022\/01\/logo.svg","width":110,"height":139,"caption":"Klara i Rosa"},"image":{"@id":"https:\/\/www.klarairosa.com\/en\/#\/schema\/logo\/image\/"},"sameAs":["https:\/\/www.facebook.com\/klarairosa\/","https:\/\/www.instagram.com\/ugklarairosa\/"]},{"@type":"Person","@id":"https:\/\/www.klarairosa.com\/en\/#\/schema\/person\/e4e7e9e5c8eeeddccf61e4532ae8e6ed","name":"Kl\u00e1ra \u00e9s Rosa Egyes\u00fclet","image":{"@type":"ImageObject","inLanguage":"hu","@id":"https:\/\/secure.gravatar.com\/avatar\/c83ee539a067b9f57ae5d8999ae286c4f98b5c4bd943b8cbb64f6b0fc1f29e40?s=96&d=mm&r=g","url":"https:\/\/secure.gravatar.com\/avatar\/c83ee539a067b9f57ae5d8999ae286c4f98b5c4bd943b8cbb64f6b0fc1f29e40?s=96&d=mm&r=g","contentUrl":"https:\/\/secure.gravatar.com\/avatar\/c83ee539a067b9f57ae5d8999ae286c4f98b5c4bd943b8cbb64f6b0fc1f29e40?s=96&d=mm&r=g","caption":"Klara i Rosa"},"sameAs":["https:\/\/klarairosa.com"],"url":"https:\/\/www.klarairosa.com\/hu\/author\/rosaiklara\/"}]}},"_links":{"self":[{"href":"https:\/\/www.klarairosa.com\/hu\/wp-json\/wp\/v2\/posts\/22722","targetHints":{"allow":["GET"]}}],"collection":[{"href":"https:\/\/www.klarairosa.com\/hu\/wp-json\/wp\/v2\/posts"}],"about":[{"href":"https:\/\/www.klarairosa.com\/hu\/wp-json\/wp\/v2\/types\/post"}],"author":[{"embeddable":true,"href":"https:\/\/www.klarairosa.com\/hu\/wp-json\/wp\/v2\/users\/1"}],"replies":[{"embeddable":true,"href":"https:\/\/www.klarairosa.com\/hu\/wp-json\/wp\/v2\/comments?post=22722"}],"version-history":[{"count":3,"href":"https:\/\/www.klarairosa.com\/hu\/wp-json\/wp\/v2\/posts\/22722\/revisions"}],"predecessor-version":[{"id":22848,"href":"https:\/\/www.klarairosa.com\/hu\/wp-json\/wp\/v2\/posts\/22722\/revisions\/22848"}],"wp:featuredmedia":[{"embeddable":true,"href":"https:\/\/www.klarairosa.com\/hu\/wp-json\/wp\/v2\/media\/22532"}],"wp:attachment":[{"href":"https:\/\/www.klarairosa.com\/hu\/wp-json\/wp\/v2\/media?parent=22722"}],"wp:term":[{"taxonomy":"category","embeddable":true,"href":"https:\/\/www.klarairosa.com\/hu\/wp-json\/wp\/v2\/categories?post=22722"},{"taxonomy":"post_tag","embeddable":true,"href":"https:\/\/www.klarairosa.com\/hu\/wp-json\/wp\/v2\/tags?post=22722"}],"curies":[{"name":"wp","href":"https:\/\/api.w.org\/{rel}","templated":true}]}}