{"id":22675,"date":"2025-03-10T10:51:16","date_gmt":"2025-03-10T10:51:16","guid":{"rendered":"https:\/\/www.klarairosa.com\/?p=22675"},"modified":"2025-03-10T10:57:20","modified_gmt":"2025-03-10T10:57:20","slug":"poziv-na-trening-za-volontere-ke-u-novom-sadu","status":"publish","type":"post","link":"https:\/\/www.klarairosa.com\/hu\/poziv-na-trening-za-volontere-ke-u-novom-sadu\/","title":{"rendered":"Felh\u00edv\u00e1s \u00f6nk\u00e9ntes tr\u00e9ningre \u00dajvid\u00e9ken!"},"content":{"rendered":"<div class=\"xdj266r x11i5rnm xat24cr x1mh8g0r x1vvkbs x126k92a\">\n<div dir=\"auto\" style=\"text-align: justify;\">\n<div class=\"x11i5rnm xat24cr x1mh8g0r x1vvkbs xtlvy1s x126k92a\">\n<div dir=\"auto\">\n<div class=\"xdj266r x11i5rnm xat24cr x1mh8g0r x1vvkbs x126k92a\">\n<div dir=\"auto\">\n<p data-start=\"307\" data-end=\"473\" data-is-last-node=\"\" data-is-only-node=\"\">\u00a0Gyakran k\u00e9rdezitek, hogyan tudtok csatlakozni \u00e9s \u00f6nk\u00e9nteskedni \u00dajvid\u00e9ken... ITT A LEHET\u0150S\u00c9G!<\/p>\n<p data-start=\"307\" data-end=\"473\" data-is-last-node=\"\" data-is-only-node=\"\">.<br class=\"html-br\" \/><br class=\"html-br\" \/>Legy\u00e9l te is tagja egy \u00f6nk\u00e9ntes sz\u00f6vets\u00e9gnek, amely energi\u00e1j\u00e1t egy egys\u00e9gesebb \u00e9s befogad\u00f3bb t\u00e1rsadalom fel\u00e9p\u00edt\u00e9s\u00e9be fekteti \u2013 egy\u00fctt er\u0151sebbek vagyunk!<\/p>\n<p data-start=\"307\" data-end=\"473\" data-is-last-node=\"\" data-is-only-node=\"\">.<br class=\"html-br\" \/>Csatlakozz \u00f6nk\u00e9ntes k\u00e9pz\u00e9s\u00fcnkh\u00f6z \u00dajvid\u00e9ken \u00e9s l\u00e9gy tagja csapatunknak!<\/p>\n<p data-start=\"307\" data-end=\"473\" data-is-last-node=\"\" data-is-only-node=\"\">.<br class=\"html-br\" \/><strong>\u00d6nk\u00e9ntes k\u00e9pz\u00e9s:<\/strong><br class=\"html-br\" \/><br class=\"html-br\" \/><span class=\"html-span xexx8yu x4uap5 x18d9i69 xkhd6sd x1hl2dhg x16tdsg8 x1vvkbs x3nfvp2 x1j61x8r x1fcty0u xdj266r xat24cr xgzva0m xhhsvwb xxymvpz xlup9mm x1kky2od\"><img decoding=\"async\" class=\"xz74otr x168nmei x13lgxp2 x5pf9jr xo71vjh\" src=\"https:\/\/static.xx.fbcdn.net\/images\/emoji.php\/v9\/t7e\/1\/16\/1f4c5.png\" alt=\"\ud83d\udcc5\" width=\"16\" height=\"16\" \/><\/span>1. r\u00e9sz: m\u00e1rcius 17-19.<br class=\"html-br\" \/><br class=\"html-br\" \/><span class=\"html-span xexx8yu x4uap5 x18d9i69 xkhd6sd x1hl2dhg x16tdsg8 x1vvkbs x3nfvp2 x1j61x8r x1fcty0u xdj266r xat24cr xgzva0m xhhsvwb xxymvpz xlup9mm x1kky2od\"><img decoding=\"async\" class=\"xz74otr x168nmei x13lgxp2 x5pf9jr xo71vjh\" src=\"https:\/\/static.xx.fbcdn.net\/images\/emoji.php\/v9\/t7e\/1\/16\/1f4c5.png\" alt=\"\ud83d\udcc5\" width=\"16\" height=\"16\" \/><\/span>2. r\u00e9sz: m\u00e1rcius 24-26.<\/p>\n<p data-start=\"307\" data-end=\"473\" data-is-last-node=\"\" data-is-only-node=\"\">.<br class=\"html-br\" \/><br class=\"html-br\" \/>*A k\u00e9pz\u00e9s a VCV-ben (CK13) zajlik, k\u00e9s\u0151 d\u00e9lut\u00e1ni \u00f3r\u00e1kban.<\/p>\n<p data-start=\"307\" data-end=\"473\" data-is-last-node=\"\" data-is-only-node=\"\">.<br class=\"html-br\" \/><br class=\"html-br\" \/>A k\u00e9pz\u00e9s c\u00e9lja a vesz\u00e9lyeztetett csoportokkal val\u00f3 munkav\u00e9gz\u00e9shez \u00e9s az embereket \u00f6sszehoz\u00f3 k\u00f6z\u00f6ss\u00e9gi tev\u00e9kenys\u00e9gek tervez\u00e9s\u00e9hez sz\u00fcks\u00e9ges k\u00e9szs\u00e9gek fejleszt\u00e9se.<\/p>\n<p data-start=\"307\" data-end=\"473\" data-is-last-node=\"\" data-is-only-node=\"\">.<\/p>\n<p data-start=\"307\" data-end=\"473\" data-is-last-node=\"\" data-is-only-node=\"\"><span class=\"html-span xexx8yu x4uap5 x18d9i69 xkhd6sd x1hl2dhg x16tdsg8 x1vvkbs x3nfvp2 x1j61x8r x1fcty0u xdj266r xat24cr xgzva0m xhhsvwb xxymvpz xlup9mm x1kky2od\"><img decoding=\"async\" class=\"xz74otr x168nmei x13lgxp2 x5pf9jr xo71vjh\" src=\"https:\/\/static.xx.fbcdn.net\/images\/emoji.php\/v9\/tcc\/1\/16\/1f4dd.png\" alt=\"\ud83d\udcdd\" width=\"16\" height=\"16\" \/><\/span> Jelentkezz itt:\u00a0<span class=\"html-span xdj266r x11i5rnm xat24cr x1mh8g0r xexx8yu x4uap5 x18d9i69 xkhd6sd x1hl2dhg x16tdsg8 x1vvkbs\"><a class=\"x1i10hfl xjbqb8w x1ejq31n xd10rxx x1sy0etr x17r0tee x972fbf xcfux6l x1qhh985 xm0m39n x9f619 x1ypdohk xt0psk2 xe8uvvx xdj266r x11i5rnm xat24cr x1mh8g0r xexx8yu x4uap5 x18d9i69 xkhd6sd x16tdsg8 x1hl2dhg xggy1nq x1a2a7pz xkrqix3 x1sur9pj x1fey0fg x1s688f\" tabindex=\"0\" role=\"link\" href=\"https:\/\/tr.ee\/xTKSFdruvr?fbclid=IwZXh0bgNhZW0CMTAAAR0boKuSUNzTs8IL3N5shDkjHc_vDDk5EF5xc77Phuxiy0I9EtNdw9bRbpY_aem_1js54PVswIDNOFWShNusag\" target=\"_blank\" rel=\"nofollow noopener noreferrer\">https:\/\/tr.ee\/xTKSFdruvr<\/a><\/span><\/p>\n<p data-start=\"307\" data-end=\"473\" data-is-last-node=\"\" data-is-only-node=\"\">.<br class=\"html-br\" \/><br class=\"html-br\" \/>-Ez a k\u00e9pz\u00e9s az \u201eA szerb migr\u00e1ci\u00f3s v\u00e1laszad\u00e1s \u00e9s a befogad\u00f3 t\u00e1rsadalom meger\u0151s\u00edt\u00e9se\u02ee projekt keret\u00e9ben val\u00f3sul meg az Eur\u00f3pai Uni\u00f3 t\u00e1mogat\u00e1s\u00e1val, amit a Menek\u00fclt\u00fcgyi K\u00f6zpont, a Kl\u00e1ra \u00e9s Rosa, a Vajdas\u00e1gi \u00d6nk\u00e9ntes K\u00f6zpont \u00e9s a Dituria k\u00f6z\u00f6sen val\u00f3s\u00edt meg. A felh\u00edv\u00e1s tartalma a projekt partnerek kiz\u00e1r\u00f3lagos felel\u0151ss\u00e9ge, \u00e9s nem felt\u00e9tlen\u00fcl t\u00fckr\u00f6zi az Eur\u00f3pai Uni\u00f3 n\u00e9zeteit.<\/p>\n<p data-start=\"307\" data-end=\"473\" data-is-last-node=\"\" data-is-only-node=\"\">.<\/p>\n<\/div>\n<\/div>\n<div dir=\"auto\"><img decoding=\"async\" class=\"alignnone wp-image-22652\" src=\"https:\/\/www.klarairosa.com\/wp-content\/uploads\/2025\/02\/logo-kir.png\" alt=\"\" width=\"48\" height=\"56\" srcset=\"https:\/\/www.klarairosa.com\/wp-content\/uploads\/2025\/02\/logo-kir.png 250w, https:\/\/www.klarairosa.com\/wp-content\/uploads\/2025\/02\/logo-kir-10x12.png 10w\" sizes=\"(max-width: 48px) 100vw, 48px\" \/><img loading=\"lazy\" decoding=\"async\" class=\"alignnone wp-image-22653\" src=\"https:\/\/www.klarairosa.com\/wp-content\/uploads\/2025\/02\/LOGO-DITURIA-300x194.png\" alt=\"\" width=\"90\" height=\"58\" srcset=\"https:\/\/www.klarairosa.com\/wp-content\/uploads\/2025\/02\/LOGO-DITURIA-300x194.png 300w, https:\/\/www.klarairosa.com\/wp-content\/uploads\/2025\/02\/LOGO-DITURIA-1024x663.png 1024w, https:\/\/www.klarairosa.com\/wp-content\/uploads\/2025\/02\/LOGO-DITURIA-768x497.png 768w, https:\/\/www.klarairosa.com\/wp-content\/uploads\/2025\/02\/LOGO-DITURIA-1536x994.png 1536w, https:\/\/www.klarairosa.com\/wp-content\/uploads\/2025\/02\/LOGO-DITURIA-18x12.png 18w, https:\/\/www.klarairosa.com\/wp-content\/uploads\/2025\/02\/LOGO-DITURIA-400x260.png 400w, https:\/\/www.klarairosa.com\/wp-content\/uploads\/2025\/02\/LOGO-DITURIA-700x453.png 700w, https:\/\/www.klarairosa.com\/wp-content\/uploads\/2025\/02\/LOGO-DITURIA.png 2048w\" sizes=\"(max-width: 90px) 100vw, 90px\" \/><img loading=\"lazy\" decoding=\"async\" class=\"alignnone wp-image-22654\" src=\"https:\/\/www.klarairosa.com\/wp-content\/uploads\/2025\/02\/EUzaTebe_logo-300x81.png\" alt=\"\" width=\"167\" height=\"45\" srcset=\"https:\/\/www.klarairosa.com\/wp-content\/uploads\/2025\/02\/EUzaTebe_logo-300x81.png 300w, https:\/\/www.klarairosa.com\/wp-content\/uploads\/2025\/02\/EUzaTebe_logo-768x208.png 768w, https:\/\/www.klarairosa.com\/wp-content\/uploads\/2025\/02\/EUzaTebe_logo-18x5.png 18w, https:\/\/www.klarairosa.com\/wp-content\/uploads\/2025\/02\/EUzaTebe_logo-700x190.png 700w, https:\/\/www.klarairosa.com\/wp-content\/uploads\/2025\/02\/EUzaTebe_logo.png 959w\" sizes=\"(max-width: 167px) 100vw, 167px\" \/> \u00a0<img loading=\"lazy\" decoding=\"async\" class=\"alignnone wp-image-22655\" src=\"https:\/\/www.klarairosa.com\/wp-content\/uploads\/2025\/02\/cropped-cropped-cropped-VCV_logo_positive-300x300.png\" alt=\"\" width=\"63\" height=\"63\" srcset=\"https:\/\/www.klarairosa.com\/wp-content\/uploads\/2025\/02\/cropped-cropped-cropped-VCV_logo_positive-300x300.png 300w, https:\/\/www.klarairosa.com\/wp-content\/uploads\/2025\/02\/cropped-cropped-cropped-VCV_logo_positive-150x150.png 150w, https:\/\/www.klarairosa.com\/wp-content\/uploads\/2025\/02\/cropped-cropped-cropped-VCV_logo_positive-12x12.png 12w, https:\/\/www.klarairosa.com\/wp-content\/uploads\/2025\/02\/cropped-cropped-cropped-VCV_logo_positive-500x500.png 500w, https:\/\/www.klarairosa.com\/wp-content\/uploads\/2025\/02\/cropped-cropped-cropped-VCV_logo_positive.png 512w\" sizes=\"(max-width: 63px) 100vw, 63px\" \/>\u00a0 \u00a0<img loading=\"lazy\" decoding=\"async\" class=\"alignnone wp-image-22656\" src=\"https:\/\/www.klarairosa.com\/wp-content\/uploads\/2025\/02\/apc-logo-300x100.png\" alt=\"\" width=\"183\" height=\"61\" srcset=\"https:\/\/www.klarairosa.com\/wp-content\/uploads\/2025\/02\/apc-logo-300x100.png 300w, https:\/\/www.klarairosa.com\/wp-content\/uploads\/2025\/02\/apc-logo-18x6.png 18w, https:\/\/www.klarairosa.com\/wp-content\/uploads\/2025\/02\/apc-logo.png 419w\" sizes=\"(max-width: 183px) 100vw, 183px\" \/><\/div>\n<\/div>\n<\/div>\n<div class=\"x11i5rnm xat24cr x1mh8g0r x1vvkbs xtlvy1s x126k92a\">\n<div dir=\"auto\"><\/div>\n<div dir=\"auto\"><\/div>\n<div dir=\"auto\"><\/div>\n<\/div>\n<\/div>\n<\/div>","protected":false},"excerpt":{"rendered":"<p>\u00a0\u010cesto nas pitate kako mo\u017eete da se priklju\u010dite i volontirate u Novom Sadu&#8230; EVO PRILIKE!&#8230;<\/p>","protected":false},"author":1,"featured_media":22676,"comment_status":"closed","ping_status":"closed","sticky":false,"template":"","format":"standard","meta":{"content-type":"","inline_featured_image":false,"footnotes":""},"categories":[109],"tags":[312,604,282,602,603,589,124,576,177,152,575,601,498,600],"class_list":["post-22675","post","type-post","status-publish","format-standard","has-post-thumbnail","hentry","category-aktuelno","tag-312","tag-apc","tag-community","tag-dituria","tag-eu-za-tebe","tag-euzatebe","tag-klara-i-rosa","tag-klara-i-rosa-szabadka","tag-novi-sad","tag-subotica","tag-szabadka","tag-volonteri","tag-volonterski-centar-vojvodine","tag-volontiranje"],"yoast_head":"<!-- This site is optimized with the Yoast SEO plugin v27.5 - https:\/\/yoast.com\/product\/yoast-seo-wordpress\/ -->\n<title>POZIV NA TRENING ZA VOLONTERE\/KE U NOVOM SADU! - Klara i Rosa<\/title>\n<meta name=\"robots\" content=\"index, follow, max-snippet:-1, max-image-preview:large, max-video-preview:-1\" \/>\n<link rel=\"canonical\" href=\"https:\/\/www.klarairosa.com\/hu\/poziv-na-trening-za-volontere-ke-u-novom-sadu\/\" \/>\n<meta property=\"og:locale\" content=\"hu_HU\" \/>\n<meta property=\"og:type\" content=\"article\" \/>\n<meta property=\"og:title\" content=\"POZIV NA TRENING ZA VOLONTERE\/KE U NOVOM SADU! - Klara i Rosa\" \/>\n<meta property=\"og:description\" content=\"\u00a0\u010cesto nas pitate kako mo\u017eete da se priklju\u010dite i volontirate u Novom Sadu&#8230; EVO PRILIKE!...\" \/>\n<meta property=\"og:url\" content=\"https:\/\/www.klarairosa.com\/hu\/poziv-na-trening-za-volontere-ke-u-novom-sadu\/\" \/>\n<meta property=\"og:site_name\" content=\"Klara i Rosa\" \/>\n<meta property=\"article:publisher\" content=\"https:\/\/www.facebook.com\/klarairosa\/\" \/>\n<meta property=\"article:published_time\" content=\"2025-03-10T10:51:16+00:00\" \/>\n<meta property=\"article:modified_time\" content=\"2025-03-10T10:57:20+00:00\" \/>\n<meta property=\"og:image\" content=\"https:\/\/www.klarairosa.com\/wp-content\/uploads\/2025\/03\/Simple-Typography-We-are-Open-Facebook-Post-1352-x-1005-px-1352-x-1005-px.jpg\" \/>\n\t<meta property=\"og:image:width\" content=\"1352\" \/>\n\t<meta property=\"og:image:height\" content=\"1005\" \/>\n\t<meta property=\"og:image:type\" content=\"image\/jpeg\" \/>\n<meta name=\"author\" content=\"Klara i Rosa\" \/>\n<meta name=\"twitter:card\" content=\"summary_large_image\" \/>\n<meta name=\"twitter:label1\" content=\"Szerz\u0151:\" \/>\n\t<meta name=\"twitter:data1\" content=\"Klara i Rosa\" \/>\n\t<meta name=\"twitter:label2\" content=\"Becs\u00fclt olvas\u00e1si id\u0151\" \/>\n\t<meta name=\"twitter:data2\" content=\"1 perc\" \/>\n<script type=\"application\/ld+json\" class=\"yoast-schema-graph\">{\"@context\":\"https:\\\/\\\/schema.org\",\"@graph\":[{\"@type\":\"Article\",\"@id\":\"https:\\\/\\\/www.klarairosa.com\\\/poziv-na-trening-za-volontere-ke-u-novom-sadu\\\/#article\",\"isPartOf\":{\"@id\":\"https:\\\/\\\/www.klarairosa.com\\\/poziv-na-trening-za-volontere-ke-u-novom-sadu\\\/\"},\"author\":{\"name\":\"Klara i Rosa\",\"@id\":\"https:\\\/\\\/www.klarairosa.com\\\/en\\\/#\\\/schema\\\/person\\\/e4e7e9e5c8eeeddccf61e4532ae8e6ed\"},\"headline\":\"POZIV NA TRENING ZA VOLONTERE\\\/KE U NOVOM SADU!\",\"datePublished\":\"2025-03-10T10:51:16+00:00\",\"dateModified\":\"2025-03-10T10:57:20+00:00\",\"mainEntityOfPage\":{\"@id\":\"https:\\\/\\\/www.klarairosa.com\\\/poziv-na-trening-za-volontere-ke-u-novom-sadu\\\/\"},\"wordCount\":170,\"publisher\":{\"@id\":\"https:\\\/\\\/www.klarairosa.com\\\/en\\\/#organization\"},\"image\":{\"@id\":\"https:\\\/\\\/www.klarairosa.com\\\/poziv-na-trening-za-volontere-ke-u-novom-sadu\\\/#primaryimage\"},\"thumbnailUrl\":\"https:\\\/\\\/www.klarairosa.com\\\/wp-content\\\/uploads\\\/2025\\\/03\\\/Simple-Typography-We-are-Open-Facebook-Post-1352-x-1005-px-1352-x-1005-px.jpg\",\"keywords\":[\"2024\",\"apc\",\"community\",\"dituria\",\"eu za tebe\",\"euzatebe\",\"Klara i Rosa\",\"klara i rosa szabadka\",\"novi sad\",\"subotica\",\"szabadka\",\"volonteri\",\"volonterski centar vojvodine\",\"volontiranje\"],\"articleSection\":[\"Aktuelno\"],\"inLanguage\":\"hu\"},{\"@type\":\"WebPage\",\"@id\":\"https:\\\/\\\/www.klarairosa.com\\\/poziv-na-trening-za-volontere-ke-u-novom-sadu\\\/\",\"url\":\"https:\\\/\\\/www.klarairosa.com\\\/poziv-na-trening-za-volontere-ke-u-novom-sadu\\\/\",\"name\":\"POZIV NA TRENING ZA VOLONTERE\\\/KE U NOVOM SADU! - Klara i Rosa\",\"isPartOf\":{\"@id\":\"https:\\\/\\\/www.klarairosa.com\\\/en\\\/#website\"},\"primaryImageOfPage\":{\"@id\":\"https:\\\/\\\/www.klarairosa.com\\\/poziv-na-trening-za-volontere-ke-u-novom-sadu\\\/#primaryimage\"},\"image\":{\"@id\":\"https:\\\/\\\/www.klarairosa.com\\\/poziv-na-trening-za-volontere-ke-u-novom-sadu\\\/#primaryimage\"},\"thumbnailUrl\":\"https:\\\/\\\/www.klarairosa.com\\\/wp-content\\\/uploads\\\/2025\\\/03\\\/Simple-Typography-We-are-Open-Facebook-Post-1352-x-1005-px-1352-x-1005-px.jpg\",\"datePublished\":\"2025-03-10T10:51:16+00:00\",\"dateModified\":\"2025-03-10T10:57:20+00:00\",\"breadcrumb\":{\"@id\":\"https:\\\/\\\/www.klarairosa.com\\\/poziv-na-trening-za-volontere-ke-u-novom-sadu\\\/#breadcrumb\"},\"inLanguage\":\"hu\",\"potentialAction\":[{\"@type\":\"ReadAction\",\"target\":[\"https:\\\/\\\/www.klarairosa.com\\\/poziv-na-trening-za-volontere-ke-u-novom-sadu\\\/\"]}]},{\"@type\":\"ImageObject\",\"inLanguage\":\"hu\",\"@id\":\"https:\\\/\\\/www.klarairosa.com\\\/poziv-na-trening-za-volontere-ke-u-novom-sadu\\\/#primaryimage\",\"url\":\"https:\\\/\\\/www.klarairosa.com\\\/wp-content\\\/uploads\\\/2025\\\/03\\\/Simple-Typography-We-are-Open-Facebook-Post-1352-x-1005-px-1352-x-1005-px.jpg\",\"contentUrl\":\"https:\\\/\\\/www.klarairosa.com\\\/wp-content\\\/uploads\\\/2025\\\/03\\\/Simple-Typography-We-are-Open-Facebook-Post-1352-x-1005-px-1352-x-1005-px.jpg\",\"width\":1352,\"height\":1005},{\"@type\":\"BreadcrumbList\",\"@id\":\"https:\\\/\\\/www.klarairosa.com\\\/poziv-na-trening-za-volontere-ke-u-novom-sadu\\\/#breadcrumb\",\"itemListElement\":[{\"@type\":\"ListItem\",\"position\":1,\"name\":\"Home\",\"item\":\"https:\\\/\\\/www.klarairosa.com\\\/\"},{\"@type\":\"ListItem\",\"position\":2,\"name\":\"POZIV NA TRENING ZA VOLONTERE\\\/KE U NOVOM SADU!\"}]},{\"@type\":\"WebSite\",\"@id\":\"https:\\\/\\\/www.klarairosa.com\\\/en\\\/#website\",\"url\":\"https:\\\/\\\/www.klarairosa.com\\\/en\\\/\",\"name\":\"Klara i Rosa\",\"description\":\"Klara i Rosa\",\"publisher\":{\"@id\":\"https:\\\/\\\/www.klarairosa.com\\\/en\\\/#organization\"},\"potentialAction\":[{\"@type\":\"SearchAction\",\"target\":{\"@type\":\"EntryPoint\",\"urlTemplate\":\"https:\\\/\\\/www.klarairosa.com\\\/en\\\/?s={search_term_string}\"},\"query-input\":{\"@type\":\"PropertyValueSpecification\",\"valueRequired\":true,\"valueName\":\"search_term_string\"}}],\"inLanguage\":\"hu\"},{\"@type\":\"Organization\",\"@id\":\"https:\\\/\\\/www.klarairosa.com\\\/en\\\/#organization\",\"name\":\"Klara i Rosa\",\"url\":\"https:\\\/\\\/www.klarairosa.com\\\/en\\\/\",\"logo\":{\"@type\":\"ImageObject\",\"inLanguage\":\"hu\",\"@id\":\"https:\\\/\\\/www.klarairosa.com\\\/en\\\/#\\\/schema\\\/logo\\\/image\\\/\",\"url\":\"https:\\\/\\\/www.klarairosa.com\\\/wp-content\\\/uploads\\\/2022\\\/01\\\/logo.svg\",\"contentUrl\":\"https:\\\/\\\/www.klarairosa.com\\\/wp-content\\\/uploads\\\/2022\\\/01\\\/logo.svg\",\"width\":110,\"height\":139,\"caption\":\"Klara i Rosa\"},\"image\":{\"@id\":\"https:\\\/\\\/www.klarairosa.com\\\/en\\\/#\\\/schema\\\/logo\\\/image\\\/\"},\"sameAs\":[\"https:\\\/\\\/www.facebook.com\\\/klarairosa\\\/\",\"https:\\\/\\\/www.instagram.com\\\/ugklarairosa\\\/\"]},{\"@type\":\"Person\",\"@id\":\"https:\\\/\\\/www.klarairosa.com\\\/en\\\/#\\\/schema\\\/person\\\/e4e7e9e5c8eeeddccf61e4532ae8e6ed\",\"name\":\"Klara i Rosa\",\"image\":{\"@type\":\"ImageObject\",\"inLanguage\":\"hu\",\"@id\":\"https:\\\/\\\/secure.gravatar.com\\\/avatar\\\/c83ee539a067b9f57ae5d8999ae286c4f98b5c4bd943b8cbb64f6b0fc1f29e40?s=96&d=mm&r=g\",\"url\":\"https:\\\/\\\/secure.gravatar.com\\\/avatar\\\/c83ee539a067b9f57ae5d8999ae286c4f98b5c4bd943b8cbb64f6b0fc1f29e40?s=96&d=mm&r=g\",\"contentUrl\":\"https:\\\/\\\/secure.gravatar.com\\\/avatar\\\/c83ee539a067b9f57ae5d8999ae286c4f98b5c4bd943b8cbb64f6b0fc1f29e40?s=96&d=mm&r=g\",\"caption\":\"Klara i Rosa\"},\"sameAs\":[\"https:\\\/\\\/klarairosa.com\"],\"url\":\"https:\\\/\\\/www.klarairosa.com\\\/hu\\\/author\\\/rosaiklara\\\/\"}]}<\/script>\n<!-- \/ Yoast SEO plugin. -->","yoast_head_json":{"title":"POZIV NA TRENING ZA VOLONTERE\/KE U NOVOM SADU! - Klara i Rosa","robots":{"index":"index","follow":"follow","max-snippet":"max-snippet:-1","max-image-preview":"max-image-preview:large","max-video-preview":"max-video-preview:-1"},"canonical":"https:\/\/www.klarairosa.com\/hu\/poziv-na-trening-za-volontere-ke-u-novom-sadu\/","og_locale":"hu_HU","og_type":"article","og_title":"POZIV NA TRENING ZA VOLONTERE\/KE U NOVOM SADU! - Klara i Rosa","og_description":"\u00a0\u010cesto nas pitate kako mo\u017eete da se priklju\u010dite i volontirate u Novom Sadu&#8230; EVO PRILIKE!...","og_url":"https:\/\/www.klarairosa.com\/hu\/poziv-na-trening-za-volontere-ke-u-novom-sadu\/","og_site_name":"Klara i Rosa","article_publisher":"https:\/\/www.facebook.com\/klarairosa\/","article_published_time":"2025-03-10T10:51:16+00:00","article_modified_time":"2025-03-10T10:57:20+00:00","og_image":[{"width":1352,"height":1005,"url":"https:\/\/www.klarairosa.com\/wp-content\/uploads\/2025\/03\/Simple-Typography-We-are-Open-Facebook-Post-1352-x-1005-px-1352-x-1005-px.jpg","type":"image\/jpeg"}],"author":"Klara i Rosa","twitter_card":"summary_large_image","twitter_misc":{"Szerz\u0151:":"Klara i Rosa","Becs\u00fclt olvas\u00e1si id\u0151":"1 perc"},"schema":{"@context":"https:\/\/schema.org","@graph":[{"@type":"Article","@id":"https:\/\/www.klarairosa.com\/poziv-na-trening-za-volontere-ke-u-novom-sadu\/#article","isPartOf":{"@id":"https:\/\/www.klarairosa.com\/poziv-na-trening-za-volontere-ke-u-novom-sadu\/"},"author":{"name":"Klara i Rosa","@id":"https:\/\/www.klarairosa.com\/en\/#\/schema\/person\/e4e7e9e5c8eeeddccf61e4532ae8e6ed"},"headline":"POZIV NA TRENING ZA VOLONTERE\/KE U NOVOM SADU!","datePublished":"2025-03-10T10:51:16+00:00","dateModified":"2025-03-10T10:57:20+00:00","mainEntityOfPage":{"@id":"https:\/\/www.klarairosa.com\/poziv-na-trening-za-volontere-ke-u-novom-sadu\/"},"wordCount":170,"publisher":{"@id":"https:\/\/www.klarairosa.com\/en\/#organization"},"image":{"@id":"https:\/\/www.klarairosa.com\/poziv-na-trening-za-volontere-ke-u-novom-sadu\/#primaryimage"},"thumbnailUrl":"https:\/\/www.klarairosa.com\/wp-content\/uploads\/2025\/03\/Simple-Typography-We-are-Open-Facebook-Post-1352-x-1005-px-1352-x-1005-px.jpg","keywords":["2024","apc","community","dituria","eu za tebe","euzatebe","Klara i Rosa","klara i rosa szabadka","novi sad","subotica","szabadka","volonteri","volonterski centar vojvodine","volontiranje"],"articleSection":["Aktuelno"],"inLanguage":"hu"},{"@type":"WebPage","@id":"https:\/\/www.klarairosa.com\/poziv-na-trening-za-volontere-ke-u-novom-sadu\/","url":"https:\/\/www.klarairosa.com\/poziv-na-trening-za-volontere-ke-u-novom-sadu\/","name":"POZIV NA TRENING ZA VOLONTERE\/KE U NOVOM SADU! - Klara i Rosa","isPartOf":{"@id":"https:\/\/www.klarairosa.com\/en\/#website"},"primaryImageOfPage":{"@id":"https:\/\/www.klarairosa.com\/poziv-na-trening-za-volontere-ke-u-novom-sadu\/#primaryimage"},"image":{"@id":"https:\/\/www.klarairosa.com\/poziv-na-trening-za-volontere-ke-u-novom-sadu\/#primaryimage"},"thumbnailUrl":"https:\/\/www.klarairosa.com\/wp-content\/uploads\/2025\/03\/Simple-Typography-We-are-Open-Facebook-Post-1352-x-1005-px-1352-x-1005-px.jpg","datePublished":"2025-03-10T10:51:16+00:00","dateModified":"2025-03-10T10:57:20+00:00","breadcrumb":{"@id":"https:\/\/www.klarairosa.com\/poziv-na-trening-za-volontere-ke-u-novom-sadu\/#breadcrumb"},"inLanguage":"hu","potentialAction":[{"@type":"ReadAction","target":["https:\/\/www.klarairosa.com\/poziv-na-trening-za-volontere-ke-u-novom-sadu\/"]}]},{"@type":"ImageObject","inLanguage":"hu","@id":"https:\/\/www.klarairosa.com\/poziv-na-trening-za-volontere-ke-u-novom-sadu\/#primaryimage","url":"https:\/\/www.klarairosa.com\/wp-content\/uploads\/2025\/03\/Simple-Typography-We-are-Open-Facebook-Post-1352-x-1005-px-1352-x-1005-px.jpg","contentUrl":"https:\/\/www.klarairosa.com\/wp-content\/uploads\/2025\/03\/Simple-Typography-We-are-Open-Facebook-Post-1352-x-1005-px-1352-x-1005-px.jpg","width":1352,"height":1005},{"@type":"BreadcrumbList","@id":"https:\/\/www.klarairosa.com\/poziv-na-trening-za-volontere-ke-u-novom-sadu\/#breadcrumb","itemListElement":[{"@type":"ListItem","position":1,"name":"Home","item":"https:\/\/www.klarairosa.com\/"},{"@type":"ListItem","position":2,"name":"POZIV NA TRENING ZA VOLONTERE\/KE U NOVOM SADU!"}]},{"@type":"WebSite","@id":"https:\/\/www.klarairosa.com\/en\/#website","url":"https:\/\/www.klarairosa.com\/en\/","name":"Kl\u00e1ra \u00e9s Rosa Egyes\u00fclet","description":"Kl\u00e1ra \u00e9s Rosa Egyes\u00fclet","publisher":{"@id":"https:\/\/www.klarairosa.com\/en\/#organization"},"potentialAction":[{"@type":"SearchAction","target":{"@type":"EntryPoint","urlTemplate":"https:\/\/www.klarairosa.com\/en\/?s={search_term_string}"},"query-input":{"@type":"PropertyValueSpecification","valueRequired":true,"valueName":"search_term_string"}}],"inLanguage":"hu"},{"@type":"Organization","@id":"https:\/\/www.klarairosa.com\/en\/#organization","name":"Kl\u00e1ra \u00e9s Rosa Egyes\u00fclet","url":"https:\/\/www.klarairosa.com\/en\/","logo":{"@type":"ImageObject","inLanguage":"hu","@id":"https:\/\/www.klarairosa.com\/en\/#\/schema\/logo\/image\/","url":"https:\/\/www.klarairosa.com\/wp-content\/uploads\/2022\/01\/logo.svg","contentUrl":"https:\/\/www.klarairosa.com\/wp-content\/uploads\/2022\/01\/logo.svg","width":110,"height":139,"caption":"Klara i Rosa"},"image":{"@id":"https:\/\/www.klarairosa.com\/en\/#\/schema\/logo\/image\/"},"sameAs":["https:\/\/www.facebook.com\/klarairosa\/","https:\/\/www.instagram.com\/ugklarairosa\/"]},{"@type":"Person","@id":"https:\/\/www.klarairosa.com\/en\/#\/schema\/person\/e4e7e9e5c8eeeddccf61e4532ae8e6ed","name":"Kl\u00e1ra \u00e9s Rosa Egyes\u00fclet","image":{"@type":"ImageObject","inLanguage":"hu","@id":"https:\/\/secure.gravatar.com\/avatar\/c83ee539a067b9f57ae5d8999ae286c4f98b5c4bd943b8cbb64f6b0fc1f29e40?s=96&d=mm&r=g","url":"https:\/\/secure.gravatar.com\/avatar\/c83ee539a067b9f57ae5d8999ae286c4f98b5c4bd943b8cbb64f6b0fc1f29e40?s=96&d=mm&r=g","contentUrl":"https:\/\/secure.gravatar.com\/avatar\/c83ee539a067b9f57ae5d8999ae286c4f98b5c4bd943b8cbb64f6b0fc1f29e40?s=96&d=mm&r=g","caption":"Klara i Rosa"},"sameAs":["https:\/\/klarairosa.com"],"url":"https:\/\/www.klarairosa.com\/hu\/author\/rosaiklara\/"}]}},"_links":{"self":[{"href":"https:\/\/www.klarairosa.com\/hu\/wp-json\/wp\/v2\/posts\/22675","targetHints":{"allow":["GET"]}}],"collection":[{"href":"https:\/\/www.klarairosa.com\/hu\/wp-json\/wp\/v2\/posts"}],"about":[{"href":"https:\/\/www.klarairosa.com\/hu\/wp-json\/wp\/v2\/types\/post"}],"author":[{"embeddable":true,"href":"https:\/\/www.klarairosa.com\/hu\/wp-json\/wp\/v2\/users\/1"}],"replies":[{"embeddable":true,"href":"https:\/\/www.klarairosa.com\/hu\/wp-json\/wp\/v2\/comments?post=22675"}],"version-history":[{"count":2,"href":"https:\/\/www.klarairosa.com\/hu\/wp-json\/wp\/v2\/posts\/22675\/revisions"}],"predecessor-version":[{"id":22678,"href":"https:\/\/www.klarairosa.com\/hu\/wp-json\/wp\/v2\/posts\/22675\/revisions\/22678"}],"wp:featuredmedia":[{"embeddable":true,"href":"https:\/\/www.klarairosa.com\/hu\/wp-json\/wp\/v2\/media\/22676"}],"wp:attachment":[{"href":"https:\/\/www.klarairosa.com\/hu\/wp-json\/wp\/v2\/media?parent=22675"}],"wp:term":[{"taxonomy":"category","embeddable":true,"href":"https:\/\/www.klarairosa.com\/hu\/wp-json\/wp\/v2\/categories?post=22675"},{"taxonomy":"post_tag","embeddable":true,"href":"https:\/\/www.klarairosa.com\/hu\/wp-json\/wp\/v2\/tags?post=22675"}],"curies":[{"name":"wp","href":"https:\/\/api.w.org\/{rel}","templated":true}]}}