{"id":22627,"date":"2025-02-24T11:04:40","date_gmt":"2025-02-24T11:04:40","guid":{"rendered":"https:\/\/www.klarairosa.com\/?p=22627"},"modified":"2025-03-31T10:37:45","modified_gmt":"2025-03-31T10:37:45","slug":"unfold-poziv-za-ucesce-javni-prostor-u-fokusu","status":"publish","type":"post","link":"https:\/\/www.klarairosa.com\/hu\/unfold-poziv-za-ucesce-javni-prostor-u-fokusu\/","title":{"rendered":"UNFOLD: R\u00c9SZV\u00c9TELI FELH\u00cdV\u00c1S \u2013 F\u00f3kuszban a nyilv\u00e1nos t\u00e9r"},"content":{"rendered":"<div dir=\"ltr\">\n<div class=\"gmail_default\">\n<div class=\"gmail_default\">\n<div class=\"xdj266r x11i5rnm xat24cr x1mh8g0r x1vvkbs x126k92a\">\n<div dir=\"auto\">\n<p style=\"text-align: justify;\">Javni prostor nije samo fizi\u010dko okru\u017eenje \u2013 on je scena za performans, megafon za ideje, platno za izra\u017eavanje i mesto susreta koje menja perspektive. Koliko su njegovi kreativni potencijali zaista iskori\u0161\u0107eni? Kako ga mo\u017eemo aktivirati kao prostor umetni\u010dkog izraza, zajedni\u010dkog u\u010denja i dru\u0161tvene interakcije? Na koji na\u010din, na inovativan i vizionarski, u skladu sa potrebama zajednice, mo\u017eemo stvoriti mogu\u0107nosti za razvoj publike? Istra\u017eujemo potencijale javnih prostora i umetnosti da ih otvorimo najrazli\u010ditijim dru\u0161tvenim grupama. Kako umetnost u javnom prostoru mo\u017ee podsta\u0107i evoluciju \u2013 ne samo arhitektonsku, ve\u0107 i dru\u0161tvenu?<\/p>\n<p style=\"text-align: justify;\">.<br \/>\n<strong>Ako ste umetnik, istra\u017eiva\u010d, predava\u010d, predstavnik organizacije koja koristi javni prostor u svom radu ili pojedinac sa iskustvom u kreativnoj aktivaciji javnih prostora \u2013 pridru\u017eite nam se na jednodnevnom susretu u formi interaktivne radionice koja \u0107e se odr\u017eati u petak 28. marta 2025. godine u prostoru Klare i Rose (Petefi \u0160andora 15).<\/strong><\/p>\n<p style=\"text-align: justify;\"><strong>.<\/strong><br \/>\nPoziv je namenjen pojedincima i grupama koje \u017eele da:<\/p>\n<p style=\"text-align: justify;\">.<br \/>\n&#8211; unaprede svoje znanje i razmene iskustva u kreativnoj upotrebi javnog prostora i razvoja publike<br \/>\n&#8211; kreiraju nove prilike za sebe i umetnike iz Srbije \u2013 svojim uvidima doprinosite oblikovanju poziva i programa za \u010detvoro umetnika koji \u0107e u 2026. godini u\u010destvovati u devetomese\u010dnom programu i kroz pla\u0107enu umetni\u010dku praksu realizovati projekte u Portugaliji (dvoje) i Gr\u010dkoj (dvoje). Ovo je prilika da se upoznate sa programom projekta u koji se mo\u017eete uklju\u010diti.<br \/>\n&#8211; postanu deo profesionalne mre\u017ee posve\u0107ene istra\u017eivanju inovativnih pristupa kori\u0161\u0107enju javnog<br \/>\nprostora u Srbiji.<br \/>\n&#8211; otvore vrata novim saradnjama \u2013 \u017eelimo da u ovu inicijativu uklju\u010dimo i javni i privatni sektor, ali i aktere kojima kultura i umetnost nisu polje delovanja, kako bismo zajedni\u010dki razvili umetnost i kulturu kao klju\u010dne pokreta\u010de dru\u0161tvene povezanosti i urbanog razvoja, van glavnih gradova.<\/p>\n<p style=\"text-align: justify;\">.<br \/>\n<strong>Svi tro\u0161kovi \u0107e biti obezbe\u0111eni.<\/strong><\/p>\n<p style=\"text-align: justify;\">.<br \/>\n<strong>Prijave putem linka:\u00a0<a href=\"https:\/\/forms.gle\/jijK1qqLFWCtAE5AA\">https:\/\/forms.gle\/jijK1qqLFWCtAE5AA<\/a><\/strong><\/p>\n<p style=\"text-align: justify;\">.<br \/>\n<strong>Rok za slanje prijava je 15.mart 2025<\/strong>. Svi prijavljeni \u0107e biti obave\u0161teni o daljim koracima.<\/p>\n<\/div>\n<\/div>\n<div dir=\"auto\" style=\"text-align: justify;\">.<\/div>\n<div dir=\"auto\" style=\"text-align: justify;\"><em>Projekat je sufinansiran od strane Evropske Unije, a sprovodi ga organizacija &#8222;Klara i Rosa&#8220; u saradnji sa partnerima &#8222;Iminente&#8220; (Portugal) i &#8222;Balkan Beyond Borders&#8220; (Gr\u010dka). Izneti stavovi i mi\u0161ljenja su stavovi i mi\u0161ljenja autora i ne moraju se podudarati sa stavovima i mi\u0161ljenjima Evropske unije ili Evropske izvr\u0161ne agencije za obrazovanje i kulturu (EACEA). Ni Evropska unija ni EACEA ne mogu se smatrati odgovornima za njih.<\/em><\/div>\n<\/div>\n<p style=\"text-align: justify;\">\u00a0 \u00a0\u00a0<img decoding=\"async\" class=\"alignnone wp-image-22401\" src=\"https:\/\/www.klarairosa.com\/wp-content\/uploads\/2024\/11\/Logo_of_Creative_Europe-300x118.jpg\" alt=\"\" width=\"107\" height=\"42\" srcset=\"https:\/\/www.klarairosa.com\/wp-content\/uploads\/2024\/11\/Logo_of_Creative_Europe-300x118.jpg 300w, https:\/\/www.klarairosa.com\/wp-content\/uploads\/2024\/11\/Logo_of_Creative_Europe-1024x404.jpg 1024w, https:\/\/www.klarairosa.com\/wp-content\/uploads\/2024\/11\/Logo_of_Creative_Europe-768x303.jpg 768w, https:\/\/www.klarairosa.com\/wp-content\/uploads\/2024\/11\/Logo_of_Creative_Europe-18x7.jpg 18w, https:\/\/www.klarairosa.com\/wp-content\/uploads\/2024\/11\/Logo_of_Creative_Europe-700x276.jpg 700w, https:\/\/www.klarairosa.com\/wp-content\/uploads\/2024\/11\/Logo_of_Creative_Europe.jpg 1421w\" sizes=\"(max-width: 107px) 100vw, 107px\" \/>\u00a0 \u00a0 \u00a0 <img decoding=\"async\" class=\"alignnone wp-image-22628\" src=\"https:\/\/www.klarairosa.com\/wp-content\/uploads\/2025\/02\/LOGO-KLARA-I-ROSA--230x300.png\" alt=\"\" width=\"32\" height=\"42\" srcset=\"https:\/\/www.klarairosa.com\/wp-content\/uploads\/2025\/02\/LOGO-KLARA-I-ROSA--230x300.png 230w, https:\/\/www.klarairosa.com\/wp-content\/uploads\/2025\/02\/LOGO-KLARA-I-ROSA--786x1024.png 786w, https:\/\/www.klarairosa.com\/wp-content\/uploads\/2025\/02\/LOGO-KLARA-I-ROSA--768x1001.png 768w, https:\/\/www.klarairosa.com\/wp-content\/uploads\/2025\/02\/LOGO-KLARA-I-ROSA--1179x1536.png 1179w, https:\/\/www.klarairosa.com\/wp-content\/uploads\/2025\/02\/LOGO-KLARA-I-ROSA--1571x2048.png 1571w, https:\/\/www.klarairosa.com\/wp-content\/uploads\/2025\/02\/LOGO-KLARA-I-ROSA--9x12.png 9w, https:\/\/www.klarairosa.com\/wp-content\/uploads\/2025\/02\/LOGO-KLARA-I-ROSA--600x800.png 600w, https:\/\/www.klarairosa.com\/wp-content\/uploads\/2025\/02\/LOGO-KLARA-I-ROSA--700x912.png 700w, https:\/\/www.klarairosa.com\/wp-content\/uploads\/2025\/02\/LOGO-KLARA-I-ROSA-.png 1939w\" sizes=\"(max-width: 32px) 100vw, 32px\" \/>\u00a0 \u00a0 \u00a0 \u00a0 <img decoding=\"async\" class=\"alignnone wp-image-22400\" src=\"https:\/\/www.klarairosa.com\/wp-content\/uploads\/2024\/11\/326713506_551912926974294_2153827850134287430_n-300x117.png\" alt=\"\" width=\"85\" height=\"33\" srcset=\"https:\/\/www.klarairosa.com\/wp-content\/uploads\/2024\/11\/326713506_551912926974294_2153827850134287430_n-300x117.png 300w, https:\/\/www.klarairosa.com\/wp-content\/uploads\/2024\/11\/326713506_551912926974294_2153827850134287430_n-1024x399.png 1024w, https:\/\/www.klarairosa.com\/wp-content\/uploads\/2024\/11\/326713506_551912926974294_2153827850134287430_n-768x299.png 768w, https:\/\/www.klarairosa.com\/wp-content\/uploads\/2024\/11\/326713506_551912926974294_2153827850134287430_n-1536x598.png 1536w, https:\/\/www.klarairosa.com\/wp-content\/uploads\/2024\/11\/326713506_551912926974294_2153827850134287430_n-2048x798.png 2048w, https:\/\/www.klarairosa.com\/wp-content\/uploads\/2024\/11\/326713506_551912926974294_2153827850134287430_n-18x7.png 18w, https:\/\/www.klarairosa.com\/wp-content\/uploads\/2024\/11\/326713506_551912926974294_2153827850134287430_n-700x273.png 700w\" sizes=\"(max-width: 85px) 100vw, 85px\" \/>\u00a0 \u00a0 \u00a0 \u00a0 <img loading=\"lazy\" decoding=\"async\" class=\"alignnone wp-image-22399\" src=\"https:\/\/www.klarairosa.com\/wp-content\/uploads\/2024\/11\/logo.png\" alt=\"\" width=\"36\" height=\"44\" srcset=\"https:\/\/www.klarairosa.com\/wp-content\/uploads\/2024\/11\/logo.png 128w, https:\/\/www.klarairosa.com\/wp-content\/uploads\/2024\/11\/logo-10x12.png 10w\" sizes=\"(max-width: 36px) 100vw, 36px\" \/>\u00a0 \u00a0 \u00a0\u00a0 <img loading=\"lazy\" decoding=\"async\" class=\"alignnone wp-image-22630\" src=\"https:\/\/www.klarairosa.com\/wp-content\/uploads\/2025\/02\/unfold-logo-zeleni-300x136.png\" alt=\"\" width=\"84\" height=\"38\" srcset=\"https:\/\/www.klarairosa.com\/wp-content\/uploads\/2025\/02\/unfold-logo-zeleni-300x136.png 300w, https:\/\/www.klarairosa.com\/wp-content\/uploads\/2025\/02\/unfold-logo-zeleni-1024x466.png 1024w, https:\/\/www.klarairosa.com\/wp-content\/uploads\/2025\/02\/unfold-logo-zeleni-768x349.png 768w, https:\/\/www.klarairosa.com\/wp-content\/uploads\/2025\/02\/unfold-logo-zeleni-18x8.png 18w, https:\/\/www.klarairosa.com\/wp-content\/uploads\/2025\/02\/unfold-logo-zeleni-700x318.png 700w, https:\/\/www.klarairosa.com\/wp-content\/uploads\/2025\/02\/unfold-logo-zeleni.png 1491w\" sizes=\"(max-width: 84px) 100vw, 84px\" \/><\/p>\n<p>.<\/p>\n<div  id=\"jtg-22744\" class=\"modula modula-gallery modula-columns\" data-config=\"{&quot;tabletHeight&quot;:800,&quot;mobileHeight&quot;:800,&quot;desktopHeight&quot;:800,&quot;enableTwitter&quot;:false,&quot;enableWhatsapp&quot;:false,&quot;enableFacebook&quot;:false,&quot;enablePinterest&quot;:false,&quot;enableLinkedin&quot;:false,&quot;enableEmail&quot;:false,&quot;randomFactor&quot;:0.5,&quot;type&quot;:&quot;grid&quot;,&quot;columns&quot;:12,&quot;gutter&quot;:10,&quot;mobileGutter&quot;:10,&quot;tabletGutter&quot;:10,&quot;desktopGutter&quot;:10,&quot;enableResponsive&quot;:&quot;0&quot;,&quot;tabletColumns&quot;:2,&quot;mobileColumns&quot;:1,&quot;lazyLoad&quot;:0,&quot;lightboxOpts&quot;:{&quot;animated&quot;:true,&quot;Thumbs&quot;:{&quot;type&quot;:&quot;modern&quot;,&quot;showOnStart&quot;:false},&quot;Toolbar&quot;:{&quot;display&quot;:{&quot;right&quot;:[&quot;close&quot;]},&quot;enabled&quot;:true},&quot;Carousel&quot;:{&quot;Panzoom&quot;:{&quot;touch&quot;:true},&quot;infinite&quot;:false},&quot;keyboard&quot;:{&quot;Escape&quot;:&quot;close&quot;,&quot;Delete&quot;:&quot;close&quot;,&quot;Backspace&quot;:&quot;close&quot;,&quot;PageUp&quot;:false,&quot;PageDown&quot;:false,&quot;ArrowUp&quot;:false,&quot;ArrowDown&quot;:false,&quot;ArrowRight&quot;:false,&quot;ArrowLeft&quot;:false},&quot;touch&quot;:false,&quot;backdropClick&quot;:false,&quot;l10n&quot;:{&quot;CLOSE&quot;:&quot;Close&quot;,&quot;NEXT&quot;:&quot;Next&quot;,&quot;PREV&quot;:&quot;Previous&quot;,&quot;Error&quot;:&quot;The requested content cannot be loaded. Please try again later.&quot;,&quot;PLAY_START&quot;:&quot;Start slideshow&quot;,&quot;PLAY_STOP&quot;:&quot;Pause slideshow&quot;,&quot;FULL_SCREEN&quot;:&quot;Full screen&quot;,&quot;THUMBS&quot;:&quot;Thumbnails&quot;,&quot;DOWNLOAD&quot;:&quot;Download&quot;,&quot;SHARE&quot;:&quot;Share&quot;,&quot;ZOOM&quot;:&quot;Zoom&quot;,&quot;EMAIL&quot;:&quot;Here is the link to the image : %%image_link%% and this is the link to the gallery : %%gallery_link%%&quot;,&quot;MODAL&quot;:&quot;You can close this modal content with the ESC key&quot;,&quot;ERROR&quot;:&quot;Something Went Wrong, Please Try Again Later&quot;,&quot;IMAGE_ERROR&quot;:&quot;Image Not Found&quot;,&quot;ELEMENT_NOT_FOUND&quot;:&quot;HTML Element Not Found&quot;,&quot;AJAX_NOT_FOUND&quot;:&quot;Error Loading AJAX : Not Found&quot;,&quot;AJAX_FORBIDDEN&quot;:&quot;Error Loading AJAX : Forbidden&quot;,&quot;IFRAME_ERROR&quot;:&quot;Error Loading Page&quot;,&quot;TOGGLE_ZOOM&quot;:&quot;Toggle zoom level&quot;,&quot;TOGGLE_THUMBS&quot;:&quot;Toggle thumbnails&quot;,&quot;TOGGLE_SLIDESHOW&quot;:&quot;Toggle slideshow&quot;,&quot;TOGGLE_FULLSCREEN&quot;:&quot;Toggle full-screen mode&quot;},&quot;Images&quot;:{&quot;Panzoom&quot;:{&quot;maxScale&quot;:2}},&quot;mainClass&quot;:&quot;modula-fancybox-container modula-lightbox-jtg-22744&quot;,&quot;Html&quot;:{&quot;videoAutoplay&quot;:0,&quot;videoTpl&quot;:&quot;&lt;video class=\\&quot;fancybox__html5video\\&quot; controls muted playsinline controlsList controlsList=\\&quot;nodownload\\&quot; poster=\\&quot;{{poster}}\\&quot; src=\\&quot;{{src}}\\&quot; type=\\&quot;{{format}}\\&quot; &gt;  Sorry, your browser doesn&#039;t support embedded videos, &lt;a href=\\&quot;{{src}}\\&quot;&gt; download &lt;\\\/a&gt; and watch with your favorite video player! &lt;\\\/video&gt;&quot;}},&quot;inView&quot;:false,&quot;email_subject&quot;:&quot;Check out this awesome image !!&quot;,&quot;email_message&quot;:&quot;Here is the link to the image : %%image_link%% and this is the link to the gallery : %%gallery_link%%&quot;,&quot;grid_type&quot;:&quot;automatic&quot;,&quot;rowHeight&quot;:250,&quot;lastRow&quot;:&quot;justify&quot;,&quot;lightbox&quot;:&quot;fancybox&quot;}\">\n\n\t\n\t<div  class=\"modula-items grid-gallery\">\n\t\t<div class=\"modula-item effect-pufrobo\" >\n\t<div class=\"modula-item-overlay\"><\/div>\n\n\t<div class=\"modula-item-content\">\n\n\t\t<a data-image-id=\"22750\" role=\"button\" data-elementor-open-lightbox=\"no\" tabindex=\"0\" rel=\"jtg-22744\" data-caption=\"\" aria-label=\"Open image in lightbox\" class=\"tile-inner modula-item-link\"><\/a><img loading=\"lazy\" decoding=\"async\" class=\"pic wp-image-22750\"  data-valign=\"middle\" data-halign=\"center\" alt=\"\" data-full=\"https:\/\/www.klarairosa.com\/wp-content\/uploads\/2025\/03\/487327072_1479571023090580_1937956843137186410_n.jpg\" title=\"487327072_1479571023090580_1937956843137186410_n\" crop=\"\" width=\"300\" height=\"225\" src=\"https:\/\/www.klarairosa.com\/wp-content\/uploads\/2025\/03\/487327072_1479571023090580_1937956843137186410_n-300x225.jpg\" data-src=\"https:\/\/www.klarairosa.com\/wp-content\/uploads\/2025\/03\/487327072_1479571023090580_1937956843137186410_n-300x225.jpg\" data-caption=\"\" srcset=\"https:\/\/www.klarairosa.com\/wp-content\/uploads\/2025\/03\/487327072_1479571023090580_1937956843137186410_n.jpg 533w, https:\/\/www.klarairosa.com\/wp-content\/uploads\/2025\/03\/487327072_1479571023090580_1937956843137186410_n-300x225.jpg 300w, https:\/\/www.klarairosa.com\/wp-content\/uploads\/2025\/03\/487327072_1479571023090580_1937956843137186410_n-16x12.jpg 16w\" sizes=\"(max-width: 300px) 100vw, 300px\" \/>\n\t\t<div class=\"figc no-description\">\n\t\t\t<div class=\"figc-inner\">\n\t\t\t\t\t\t\t\t\t\t\t\t\t\t\t<\/div>\n\t\t<\/div>\n\n\t<\/div>\n\n<\/div><div class=\"modula-item effect-pufrobo\" >\n\t<div class=\"modula-item-overlay\"><\/div>\n\n\t<div class=\"modula-item-content\">\n\n\t\t<a data-image-id=\"22748\" role=\"button\" data-elementor-open-lightbox=\"no\" tabindex=\"0\" rel=\"jtg-22744\" data-caption=\"\" aria-label=\"Open image in lightbox\" class=\"tile-inner modula-item-link\"><\/a><img loading=\"lazy\" decoding=\"async\" class=\"pic wp-image-22748\"  data-valign=\"middle\" data-halign=\"center\" alt=\"\" data-full=\"https:\/\/www.klarairosa.com\/wp-content\/uploads\/2025\/03\/487790441_1479571039757245_650457513863555991_n.jpg\" title=\"487790441_1479571039757245_650457513863555991_n\" crop=\"\" width=\"300\" height=\"225\" src=\"https:\/\/www.klarairosa.com\/wp-content\/uploads\/2025\/03\/487790441_1479571039757245_650457513863555991_n-300x225.jpg\" data-src=\"https:\/\/www.klarairosa.com\/wp-content\/uploads\/2025\/03\/487790441_1479571039757245_650457513863555991_n-300x225.jpg\" data-caption=\"\" srcset=\"https:\/\/www.klarairosa.com\/wp-content\/uploads\/2025\/03\/487790441_1479571039757245_650457513863555991_n.jpg 533w, https:\/\/www.klarairosa.com\/wp-content\/uploads\/2025\/03\/487790441_1479571039757245_650457513863555991_n-300x225.jpg 300w, https:\/\/www.klarairosa.com\/wp-content\/uploads\/2025\/03\/487790441_1479571039757245_650457513863555991_n-16x12.jpg 16w\" sizes=\"(max-width: 300px) 100vw, 300px\" \/>\n\t\t<div class=\"figc no-description\">\n\t\t\t<div class=\"figc-inner\">\n\t\t\t\t\t\t\t\t\t\t\t\t\t\t\t<\/div>\n\t\t<\/div>\n\n\t<\/div>\n\n<\/div><div class=\"modula-item effect-pufrobo\" >\n\t<div class=\"modula-item-overlay\"><\/div>\n\n\t<div class=\"modula-item-content\">\n\n\t\t<a data-image-id=\"22745\" role=\"button\" data-elementor-open-lightbox=\"no\" tabindex=\"0\" rel=\"jtg-22744\" data-caption=\"\" aria-label=\"Open image in lightbox\" class=\"tile-inner modula-item-link\"><\/a><img loading=\"lazy\" decoding=\"async\" class=\"pic wp-image-22745\"  data-valign=\"middle\" data-halign=\"center\" alt=\"\" data-full=\"https:\/\/www.klarairosa.com\/wp-content\/uploads\/2025\/03\/487750244_1479571036423912_6251883123657319502_n.jpg\" title=\"487750244_1479571036423912_6251883123657319502_n\" crop=\"\" width=\"300\" height=\"225\" src=\"https:\/\/www.klarairosa.com\/wp-content\/uploads\/2025\/03\/487750244_1479571036423912_6251883123657319502_n-300x225.jpg\" data-src=\"https:\/\/www.klarairosa.com\/wp-content\/uploads\/2025\/03\/487750244_1479571036423912_6251883123657319502_n-300x225.jpg\" data-caption=\"\" srcset=\"https:\/\/www.klarairosa.com\/wp-content\/uploads\/2025\/03\/487750244_1479571036423912_6251883123657319502_n.jpg 533w, https:\/\/www.klarairosa.com\/wp-content\/uploads\/2025\/03\/487750244_1479571036423912_6251883123657319502_n-300x225.jpg 300w, https:\/\/www.klarairosa.com\/wp-content\/uploads\/2025\/03\/487750244_1479571036423912_6251883123657319502_n-16x12.jpg 16w\" sizes=\"(max-width: 300px) 100vw, 300px\" \/>\n\t\t<div class=\"figc no-description\">\n\t\t\t<div class=\"figc-inner\">\n\t\t\t\t\t\t\t\t\t\t\t\t\t\t\t<\/div>\n\t\t<\/div>\n\n\t<\/div>\n\n<\/div><div class=\"modula-item effect-pufrobo\" >\n\t<div class=\"modula-item-overlay\"><\/div>\n\n\t<div class=\"modula-item-content\">\n\n\t\t<a data-image-id=\"22749\" role=\"button\" data-elementor-open-lightbox=\"no\" tabindex=\"0\" rel=\"jtg-22744\" data-caption=\"\" aria-label=\"Open image in lightbox\" class=\"tile-inner modula-item-link\"><\/a><img loading=\"lazy\" decoding=\"async\" class=\"pic wp-image-22749\"  data-valign=\"middle\" data-halign=\"center\" alt=\"\" data-full=\"https:\/\/www.klarairosa.com\/wp-content\/uploads\/2025\/03\/487321777_1479571043090578_6668456947489285148_n.jpg\" title=\"487321777_1479571043090578_6668456947489285148_n\" crop=\"\" width=\"300\" height=\"225\" src=\"https:\/\/www.klarairosa.com\/wp-content\/uploads\/2025\/03\/487321777_1479571043090578_6668456947489285148_n-300x225.jpg\" data-src=\"https:\/\/www.klarairosa.com\/wp-content\/uploads\/2025\/03\/487321777_1479571043090578_6668456947489285148_n-300x225.jpg\" data-caption=\"\" srcset=\"https:\/\/www.klarairosa.com\/wp-content\/uploads\/2025\/03\/487321777_1479571043090578_6668456947489285148_n.jpg 533w, https:\/\/www.klarairosa.com\/wp-content\/uploads\/2025\/03\/487321777_1479571043090578_6668456947489285148_n-300x225.jpg 300w, https:\/\/www.klarairosa.com\/wp-content\/uploads\/2025\/03\/487321777_1479571043090578_6668456947489285148_n-16x12.jpg 16w\" sizes=\"(max-width: 300px) 100vw, 300px\" \/>\n\t\t<div class=\"figc no-description\">\n\t\t\t<div class=\"figc-inner\">\n\t\t\t\t\t\t\t\t\t\t\t\t\t\t\t<\/div>\n\t\t<\/div>\n\n\t<\/div>\n\n<\/div><div class=\"modula-item effect-pufrobo\" >\n\t<div class=\"modula-item-overlay\"><\/div>\n\n\t<div class=\"modula-item-content\">\n\n\t\t<a data-image-id=\"22746\" role=\"button\" data-elementor-open-lightbox=\"no\" tabindex=\"0\" rel=\"jtg-22744\" data-caption=\"\" aria-label=\"Open image in lightbox\" class=\"tile-inner modula-item-link\"><\/a><img loading=\"lazy\" decoding=\"async\" class=\"pic wp-image-22746\"  data-valign=\"middle\" data-halign=\"center\" alt=\"\" data-full=\"https:\/\/www.klarairosa.com\/wp-content\/uploads\/2025\/03\/487786017_1479571029757246_4993087921862352190_n.jpg\" title=\"487786017_1479571029757246_4993087921862352190_n\" crop=\"\" width=\"300\" height=\"225\" src=\"https:\/\/www.klarairosa.com\/wp-content\/uploads\/2025\/03\/487786017_1479571029757246_4993087921862352190_n-300x225.jpg\" data-src=\"https:\/\/www.klarairosa.com\/wp-content\/uploads\/2025\/03\/487786017_1479571029757246_4993087921862352190_n-300x225.jpg\" data-caption=\"\" srcset=\"https:\/\/www.klarairosa.com\/wp-content\/uploads\/2025\/03\/487786017_1479571029757246_4993087921862352190_n.jpg 533w, https:\/\/www.klarairosa.com\/wp-content\/uploads\/2025\/03\/487786017_1479571029757246_4993087921862352190_n-300x225.jpg 300w, https:\/\/www.klarairosa.com\/wp-content\/uploads\/2025\/03\/487786017_1479571029757246_4993087921862352190_n-16x12.jpg 16w\" sizes=\"(max-width: 300px) 100vw, 300px\" \/>\n\t\t<div class=\"figc no-description\">\n\t\t\t<div class=\"figc-inner\">\n\t\t\t\t\t\t\t\t\t\t\t\t\t\t\t<\/div>\n\t\t<\/div>\n\n\t<\/div>\n\n<\/div><div class=\"modula-item effect-pufrobo\" >\n\t<div class=\"modula-item-overlay\"><\/div>\n\n\t<div class=\"modula-item-content\">\n\n\t\t<a data-image-id=\"22747\" role=\"button\" data-elementor-open-lightbox=\"no\" tabindex=\"0\" rel=\"jtg-22744\" data-caption=\"\" aria-label=\"Open image in lightbox\" class=\"tile-inner modula-item-link\"><\/a><img loading=\"lazy\" decoding=\"async\" class=\"pic wp-image-22747\"  data-valign=\"middle\" data-halign=\"center\" alt=\"\" data-full=\"https:\/\/www.klarairosa.com\/wp-content\/uploads\/2025\/03\/487788940_1479571033090579_8203418429931004731_n.jpg\" title=\"487788940_1479571033090579_8203418429931004731_n\" crop=\"\" width=\"300\" height=\"225\" src=\"https:\/\/www.klarairosa.com\/wp-content\/uploads\/2025\/03\/487788940_1479571033090579_8203418429931004731_n-300x225.jpg\" data-src=\"https:\/\/www.klarairosa.com\/wp-content\/uploads\/2025\/03\/487788940_1479571033090579_8203418429931004731_n-300x225.jpg\" data-caption=\"\" srcset=\"https:\/\/www.klarairosa.com\/wp-content\/uploads\/2025\/03\/487788940_1479571033090579_8203418429931004731_n.jpg 533w, https:\/\/www.klarairosa.com\/wp-content\/uploads\/2025\/03\/487788940_1479571033090579_8203418429931004731_n-300x225.jpg 300w, https:\/\/www.klarairosa.com\/wp-content\/uploads\/2025\/03\/487788940_1479571033090579_8203418429931004731_n-16x12.jpg 16w\" sizes=\"(max-width: 300px) 100vw, 300px\" \/>\n\t\t<div class=\"figc no-description\">\n\t\t\t<div class=\"figc-inner\">\n\t\t\t\t\t\t\t\t\t\t\t\t\t\t\t<\/div>\n\t\t<\/div>\n\n\t<\/div>\n\n<\/div><div class=\"modula-item effect-pufrobo\" >\n\t<div class=\"modula-item-overlay\"><\/div>\n\n\t<div class=\"modula-item-content\">\n\n\t\t<a data-image-id=\"22751\" role=\"button\" data-elementor-open-lightbox=\"no\" tabindex=\"0\" rel=\"jtg-22744\" data-caption=\"\" aria-label=\"Open image in lightbox\" class=\"tile-inner modula-item-link\"><\/a><img loading=\"lazy\" decoding=\"async\" class=\"pic wp-image-22751\"  data-valign=\"middle\" data-halign=\"center\" alt=\"\" data-full=\"https:\/\/www.klarairosa.com\/wp-content\/uploads\/2025\/03\/487453860_1479571026423913_1707460134997148340_n.jpg\" title=\"487453860_1479571026423913_1707460134997148340_n\" crop=\"\" width=\"300\" height=\"225\" src=\"https:\/\/www.klarairosa.com\/wp-content\/uploads\/2025\/03\/487453860_1479571026423913_1707460134997148340_n-300x225.jpg\" data-src=\"https:\/\/www.klarairosa.com\/wp-content\/uploads\/2025\/03\/487453860_1479571026423913_1707460134997148340_n-300x225.jpg\" data-caption=\"\" srcset=\"https:\/\/www.klarairosa.com\/wp-content\/uploads\/2025\/03\/487453860_1479571026423913_1707460134997148340_n.jpg 533w, https:\/\/www.klarairosa.com\/wp-content\/uploads\/2025\/03\/487453860_1479571026423913_1707460134997148340_n-300x225.jpg 300w, https:\/\/www.klarairosa.com\/wp-content\/uploads\/2025\/03\/487453860_1479571026423913_1707460134997148340_n-16x12.jpg 16w\" sizes=\"(max-width: 300px) 100vw, 300px\" \/>\n\t\t<div class=\"figc no-description\">\n\t\t\t<div class=\"figc-inner\">\n\t\t\t\t\t\t\t\t\t\t\t\t\t\t\t<\/div>\n\t\t<\/div>\n\n\t<\/div>\n\n<\/div>\t\t\n\t<\/div>\n\n\t\n\t\n\t<script type=\"application\/ld+json\">\n\t{\n\t\t\"@context\": \"http:\/\/schema.org\",\n\t\t\"@type\"   : \"ImageGallery\",\n\t\t\"id\"      : \"https:\/\/www.klarairosa.com\/hu\/unfold-poziv-za-ucesce-javni-prostor-u-fokusu\/\",\n\t\t\"url\"     : \"https:\/\/www.klarairosa.com\/hu\/unfold-poziv-za-ucesce-javni-prostor-u-fokusu\/\"\n\t}\n\n\t<\/script>\n\n\t\n<\/div>\n\n<p>.<\/p>\n<p><iframe title=\"Subotica: Javni prostor kao mesto umetni\u010dkog izraza\" width=\"1060\" height=\"596\" src=\"https:\/\/www.youtube.com\/embed\/MRGxQL7_AcM?feature=oembed\" frameborder=\"0\" allow=\"accelerometer; autoplay; clipboard-write; encrypted-media; gyroscope; picture-in-picture; web-share\" referrerpolicy=\"strict-origin-when-cross-origin\" allowfullscreen><\/iframe><\/p>\n<\/div>\n<\/div>\n","protected":false},"excerpt":{"rendered":"<p>Javni prostor nije samo fizi\u010dko okru\u017eenje \u2013 on je scena za performans, megafon za ideje,&#8230;<\/p>","protected":false},"author":1,"featured_media":22634,"comment_status":"closed","ping_status":"closed","sticky":false,"template":"","format":"standard","meta":{"content-type":"","inline_featured_image":false,"footnotes":""},"categories":[109],"tags":[312,521,522,526,520,124,525,328,206,523,524],"class_list":["post-22627","post","type-post","status-publish","format-standard","has-post-thumbnail","hentry","category-aktuelno","tag-312","tag-balkans-beyond-borders","tag-creative-europe","tag-greece","tag-iminente","tag-klara-i-rosa","tag-portugal","tag-project","tag-serbia","tag-unfold","tag-unfold-project"],"yoast_head":"<!-- This site is optimized with the Yoast SEO plugin v27.5 - https:\/\/yoast.com\/product\/yoast-seo-wordpress\/ -->\n<title>UNFOLD: POZIV ZA U\u010cE\u0160\u0106E - Javni prostor u fokusu - Klara i Rosa<\/title>\n<meta name=\"robots\" content=\"index, follow, max-snippet:-1, max-image-preview:large, max-video-preview:-1\" \/>\n<link rel=\"canonical\" href=\"https:\/\/www.klarairosa.com\/hu\/unfold-poziv-za-ucesce-javni-prostor-u-fokusu\/\" \/>\n<meta property=\"og:locale\" content=\"hu_HU\" \/>\n<meta property=\"og:type\" content=\"article\" \/>\n<meta property=\"og:title\" content=\"UNFOLD: POZIV ZA U\u010cE\u0160\u0106E - Javni prostor u fokusu - Klara i Rosa\" \/>\n<meta property=\"og:description\" content=\"Javni prostor nije samo fizi\u010dko okru\u017eenje \u2013 on je scena za performans, megafon za ideje,...\" \/>\n<meta property=\"og:url\" content=\"https:\/\/www.klarairosa.com\/hu\/unfold-poziv-za-ucesce-javni-prostor-u-fokusu\/\" \/>\n<meta property=\"og:site_name\" content=\"Klara i Rosa\" \/>\n<meta property=\"article:publisher\" content=\"https:\/\/www.facebook.com\/klarairosa\/\" \/>\n<meta property=\"article:published_time\" content=\"2025-02-24T11:04:40+00:00\" \/>\n<meta property=\"article:modified_time\" content=\"2025-03-31T10:37:45+00:00\" \/>\n<meta property=\"og:image\" content=\"https:\/\/www.klarairosa.com\/wp-content\/uploads\/2025\/02\/Colorful-Blue-Pink-Schedule-Weekly-Calendar-1352-x-1005-px-3.jpg\" \/>\n\t<meta property=\"og:image:width\" content=\"1352\" \/>\n\t<meta property=\"og:image:height\" content=\"1005\" \/>\n\t<meta property=\"og:image:type\" content=\"image\/jpeg\" \/>\n<meta name=\"author\" content=\"Klara i Rosa\" \/>\n<meta name=\"twitter:card\" content=\"summary_large_image\" \/>\n<meta name=\"twitter:label1\" content=\"Szerz\u0151:\" \/>\n\t<meta name=\"twitter:data1\" content=\"Klara i Rosa\" \/>\n\t<meta name=\"twitter:label2\" content=\"Becs\u00fclt olvas\u00e1si id\u0151\" \/>\n\t<meta name=\"twitter:data2\" content=\"2 perc\" \/>\n<script type=\"application\/ld+json\" class=\"yoast-schema-graph\">{\"@context\":\"https:\\\/\\\/schema.org\",\"@graph\":[{\"@type\":\"Article\",\"@id\":\"https:\\\/\\\/www.klarairosa.com\\\/unfold-poziv-za-ucesce-javni-prostor-u-fokusu\\\/#article\",\"isPartOf\":{\"@id\":\"https:\\\/\\\/www.klarairosa.com\\\/unfold-poziv-za-ucesce-javni-prostor-u-fokusu\\\/\"},\"author\":{\"name\":\"Klara i Rosa\",\"@id\":\"https:\\\/\\\/www.klarairosa.com\\\/en\\\/#\\\/schema\\\/person\\\/e4e7e9e5c8eeeddccf61e4532ae8e6ed\"},\"headline\":\"UNFOLD: POZIV ZA U\u010cE\u0160\u0106E &#8211; Javni prostor u fokusu\",\"datePublished\":\"2025-02-24T11:04:40+00:00\",\"dateModified\":\"2025-03-31T10:37:45+00:00\",\"mainEntityOfPage\":{\"@id\":\"https:\\\/\\\/www.klarairosa.com\\\/unfold-poziv-za-ucesce-javni-prostor-u-fokusu\\\/\"},\"wordCount\":437,\"publisher\":{\"@id\":\"https:\\\/\\\/www.klarairosa.com\\\/en\\\/#organization\"},\"image\":{\"@id\":\"https:\\\/\\\/www.klarairosa.com\\\/unfold-poziv-za-ucesce-javni-prostor-u-fokusu\\\/#primaryimage\"},\"thumbnailUrl\":\"https:\\\/\\\/www.klarairosa.com\\\/wp-content\\\/uploads\\\/2025\\\/02\\\/Colorful-Blue-Pink-Schedule-Weekly-Calendar-1352-x-1005-px-3.jpg\",\"keywords\":[\"2024\",\"balkans beyond borders\",\"creative europe\",\"greece\",\"iminente\",\"Klara i Rosa\",\"portugal\",\"project\",\"serbia\",\"unfold\",\"unfold project\"],\"articleSection\":[\"Aktuelno\"],\"inLanguage\":\"hu\"},{\"@type\":\"WebPage\",\"@id\":\"https:\\\/\\\/www.klarairosa.com\\\/unfold-poziv-za-ucesce-javni-prostor-u-fokusu\\\/\",\"url\":\"https:\\\/\\\/www.klarairosa.com\\\/unfold-poziv-za-ucesce-javni-prostor-u-fokusu\\\/\",\"name\":\"UNFOLD: POZIV ZA U\u010cE\u0160\u0106E - Javni prostor u fokusu - Klara i Rosa\",\"isPartOf\":{\"@id\":\"https:\\\/\\\/www.klarairosa.com\\\/en\\\/#website\"},\"primaryImageOfPage\":{\"@id\":\"https:\\\/\\\/www.klarairosa.com\\\/unfold-poziv-za-ucesce-javni-prostor-u-fokusu\\\/#primaryimage\"},\"image\":{\"@id\":\"https:\\\/\\\/www.klarairosa.com\\\/unfold-poziv-za-ucesce-javni-prostor-u-fokusu\\\/#primaryimage\"},\"thumbnailUrl\":\"https:\\\/\\\/www.klarairosa.com\\\/wp-content\\\/uploads\\\/2025\\\/02\\\/Colorful-Blue-Pink-Schedule-Weekly-Calendar-1352-x-1005-px-3.jpg\",\"datePublished\":\"2025-02-24T11:04:40+00:00\",\"dateModified\":\"2025-03-31T10:37:45+00:00\",\"breadcrumb\":{\"@id\":\"https:\\\/\\\/www.klarairosa.com\\\/unfold-poziv-za-ucesce-javni-prostor-u-fokusu\\\/#breadcrumb\"},\"inLanguage\":\"hu\",\"potentialAction\":[{\"@type\":\"ReadAction\",\"target\":[\"https:\\\/\\\/www.klarairosa.com\\\/unfold-poziv-za-ucesce-javni-prostor-u-fokusu\\\/\"]}]},{\"@type\":\"ImageObject\",\"inLanguage\":\"hu\",\"@id\":\"https:\\\/\\\/www.klarairosa.com\\\/unfold-poziv-za-ucesce-javni-prostor-u-fokusu\\\/#primaryimage\",\"url\":\"https:\\\/\\\/www.klarairosa.com\\\/wp-content\\\/uploads\\\/2025\\\/02\\\/Colorful-Blue-Pink-Schedule-Weekly-Calendar-1352-x-1005-px-3.jpg\",\"contentUrl\":\"https:\\\/\\\/www.klarairosa.com\\\/wp-content\\\/uploads\\\/2025\\\/02\\\/Colorful-Blue-Pink-Schedule-Weekly-Calendar-1352-x-1005-px-3.jpg\",\"width\":1352,\"height\":1005},{\"@type\":\"BreadcrumbList\",\"@id\":\"https:\\\/\\\/www.klarairosa.com\\\/unfold-poziv-za-ucesce-javni-prostor-u-fokusu\\\/#breadcrumb\",\"itemListElement\":[{\"@type\":\"ListItem\",\"position\":1,\"name\":\"Home\",\"item\":\"https:\\\/\\\/www.klarairosa.com\\\/\"},{\"@type\":\"ListItem\",\"position\":2,\"name\":\"UNFOLD: POZIV ZA U\u010cE\u0160\u0106E &#8211; Javni prostor u fokusu\"}]},{\"@type\":\"WebSite\",\"@id\":\"https:\\\/\\\/www.klarairosa.com\\\/en\\\/#website\",\"url\":\"https:\\\/\\\/www.klarairosa.com\\\/en\\\/\",\"name\":\"Klara i Rosa\",\"description\":\"Klara i Rosa\",\"publisher\":{\"@id\":\"https:\\\/\\\/www.klarairosa.com\\\/en\\\/#organization\"},\"potentialAction\":[{\"@type\":\"SearchAction\",\"target\":{\"@type\":\"EntryPoint\",\"urlTemplate\":\"https:\\\/\\\/www.klarairosa.com\\\/en\\\/?s={search_term_string}\"},\"query-input\":{\"@type\":\"PropertyValueSpecification\",\"valueRequired\":true,\"valueName\":\"search_term_string\"}}],\"inLanguage\":\"hu\"},{\"@type\":\"Organization\",\"@id\":\"https:\\\/\\\/www.klarairosa.com\\\/en\\\/#organization\",\"name\":\"Klara i Rosa\",\"url\":\"https:\\\/\\\/www.klarairosa.com\\\/en\\\/\",\"logo\":{\"@type\":\"ImageObject\",\"inLanguage\":\"hu\",\"@id\":\"https:\\\/\\\/www.klarairosa.com\\\/en\\\/#\\\/schema\\\/logo\\\/image\\\/\",\"url\":\"https:\\\/\\\/www.klarairosa.com\\\/wp-content\\\/uploads\\\/2022\\\/01\\\/logo.svg\",\"contentUrl\":\"https:\\\/\\\/www.klarairosa.com\\\/wp-content\\\/uploads\\\/2022\\\/01\\\/logo.svg\",\"width\":110,\"height\":139,\"caption\":\"Klara i Rosa\"},\"image\":{\"@id\":\"https:\\\/\\\/www.klarairosa.com\\\/en\\\/#\\\/schema\\\/logo\\\/image\\\/\"},\"sameAs\":[\"https:\\\/\\\/www.facebook.com\\\/klarairosa\\\/\",\"https:\\\/\\\/www.instagram.com\\\/ugklarairosa\\\/\"]},{\"@type\":\"Person\",\"@id\":\"https:\\\/\\\/www.klarairosa.com\\\/en\\\/#\\\/schema\\\/person\\\/e4e7e9e5c8eeeddccf61e4532ae8e6ed\",\"name\":\"Klara i Rosa\",\"image\":{\"@type\":\"ImageObject\",\"inLanguage\":\"hu\",\"@id\":\"https:\\\/\\\/secure.gravatar.com\\\/avatar\\\/c83ee539a067b9f57ae5d8999ae286c4f98b5c4bd943b8cbb64f6b0fc1f29e40?s=96&d=mm&r=g\",\"url\":\"https:\\\/\\\/secure.gravatar.com\\\/avatar\\\/c83ee539a067b9f57ae5d8999ae286c4f98b5c4bd943b8cbb64f6b0fc1f29e40?s=96&d=mm&r=g\",\"contentUrl\":\"https:\\\/\\\/secure.gravatar.com\\\/avatar\\\/c83ee539a067b9f57ae5d8999ae286c4f98b5c4bd943b8cbb64f6b0fc1f29e40?s=96&d=mm&r=g\",\"caption\":\"Klara i Rosa\"},\"sameAs\":[\"https:\\\/\\\/klarairosa.com\"],\"url\":\"https:\\\/\\\/www.klarairosa.com\\\/hu\\\/author\\\/rosaiklara\\\/\"}]}<\/script>\n<!-- \/ Yoast SEO plugin. -->","yoast_head_json":{"title":"UNFOLD: POZIV ZA U\u010cE\u0160\u0106E - Javni prostor u fokusu - Klara i Rosa","robots":{"index":"index","follow":"follow","max-snippet":"max-snippet:-1","max-image-preview":"max-image-preview:large","max-video-preview":"max-video-preview:-1"},"canonical":"https:\/\/www.klarairosa.com\/hu\/unfold-poziv-za-ucesce-javni-prostor-u-fokusu\/","og_locale":"hu_HU","og_type":"article","og_title":"UNFOLD: POZIV ZA U\u010cE\u0160\u0106E - Javni prostor u fokusu - Klara i Rosa","og_description":"Javni prostor nije samo fizi\u010dko okru\u017eenje \u2013 on je scena za performans, megafon za ideje,...","og_url":"https:\/\/www.klarairosa.com\/hu\/unfold-poziv-za-ucesce-javni-prostor-u-fokusu\/","og_site_name":"Klara i Rosa","article_publisher":"https:\/\/www.facebook.com\/klarairosa\/","article_published_time":"2025-02-24T11:04:40+00:00","article_modified_time":"2025-03-31T10:37:45+00:00","og_image":[{"width":1352,"height":1005,"url":"https:\/\/www.klarairosa.com\/wp-content\/uploads\/2025\/02\/Colorful-Blue-Pink-Schedule-Weekly-Calendar-1352-x-1005-px-3.jpg","type":"image\/jpeg"}],"author":"Klara i Rosa","twitter_card":"summary_large_image","twitter_misc":{"Szerz\u0151:":"Klara i Rosa","Becs\u00fclt olvas\u00e1si id\u0151":"2 perc"},"schema":{"@context":"https:\/\/schema.org","@graph":[{"@type":"Article","@id":"https:\/\/www.klarairosa.com\/unfold-poziv-za-ucesce-javni-prostor-u-fokusu\/#article","isPartOf":{"@id":"https:\/\/www.klarairosa.com\/unfold-poziv-za-ucesce-javni-prostor-u-fokusu\/"},"author":{"name":"Klara i Rosa","@id":"https:\/\/www.klarairosa.com\/en\/#\/schema\/person\/e4e7e9e5c8eeeddccf61e4532ae8e6ed"},"headline":"UNFOLD: POZIV ZA U\u010cE\u0160\u0106E &#8211; Javni prostor u fokusu","datePublished":"2025-02-24T11:04:40+00:00","dateModified":"2025-03-31T10:37:45+00:00","mainEntityOfPage":{"@id":"https:\/\/www.klarairosa.com\/unfold-poziv-za-ucesce-javni-prostor-u-fokusu\/"},"wordCount":437,"publisher":{"@id":"https:\/\/www.klarairosa.com\/en\/#organization"},"image":{"@id":"https:\/\/www.klarairosa.com\/unfold-poziv-za-ucesce-javni-prostor-u-fokusu\/#primaryimage"},"thumbnailUrl":"https:\/\/www.klarairosa.com\/wp-content\/uploads\/2025\/02\/Colorful-Blue-Pink-Schedule-Weekly-Calendar-1352-x-1005-px-3.jpg","keywords":["2024","balkans beyond borders","creative europe","greece","iminente","Klara i Rosa","portugal","project","serbia","unfold","unfold project"],"articleSection":["Aktuelno"],"inLanguage":"hu"},{"@type":"WebPage","@id":"https:\/\/www.klarairosa.com\/unfold-poziv-za-ucesce-javni-prostor-u-fokusu\/","url":"https:\/\/www.klarairosa.com\/unfold-poziv-za-ucesce-javni-prostor-u-fokusu\/","name":"UNFOLD: POZIV ZA U\u010cE\u0160\u0106E - Javni prostor u fokusu - Klara i Rosa","isPartOf":{"@id":"https:\/\/www.klarairosa.com\/en\/#website"},"primaryImageOfPage":{"@id":"https:\/\/www.klarairosa.com\/unfold-poziv-za-ucesce-javni-prostor-u-fokusu\/#primaryimage"},"image":{"@id":"https:\/\/www.klarairosa.com\/unfold-poziv-za-ucesce-javni-prostor-u-fokusu\/#primaryimage"},"thumbnailUrl":"https:\/\/www.klarairosa.com\/wp-content\/uploads\/2025\/02\/Colorful-Blue-Pink-Schedule-Weekly-Calendar-1352-x-1005-px-3.jpg","datePublished":"2025-02-24T11:04:40+00:00","dateModified":"2025-03-31T10:37:45+00:00","breadcrumb":{"@id":"https:\/\/www.klarairosa.com\/unfold-poziv-za-ucesce-javni-prostor-u-fokusu\/#breadcrumb"},"inLanguage":"hu","potentialAction":[{"@type":"ReadAction","target":["https:\/\/www.klarairosa.com\/unfold-poziv-za-ucesce-javni-prostor-u-fokusu\/"]}]},{"@type":"ImageObject","inLanguage":"hu","@id":"https:\/\/www.klarairosa.com\/unfold-poziv-za-ucesce-javni-prostor-u-fokusu\/#primaryimage","url":"https:\/\/www.klarairosa.com\/wp-content\/uploads\/2025\/02\/Colorful-Blue-Pink-Schedule-Weekly-Calendar-1352-x-1005-px-3.jpg","contentUrl":"https:\/\/www.klarairosa.com\/wp-content\/uploads\/2025\/02\/Colorful-Blue-Pink-Schedule-Weekly-Calendar-1352-x-1005-px-3.jpg","width":1352,"height":1005},{"@type":"BreadcrumbList","@id":"https:\/\/www.klarairosa.com\/unfold-poziv-za-ucesce-javni-prostor-u-fokusu\/#breadcrumb","itemListElement":[{"@type":"ListItem","position":1,"name":"Home","item":"https:\/\/www.klarairosa.com\/"},{"@type":"ListItem","position":2,"name":"UNFOLD: POZIV ZA U\u010cE\u0160\u0106E &#8211; Javni prostor u fokusu"}]},{"@type":"WebSite","@id":"https:\/\/www.klarairosa.com\/en\/#website","url":"https:\/\/www.klarairosa.com\/en\/","name":"Kl\u00e1ra \u00e9s Rosa Egyes\u00fclet","description":"Kl\u00e1ra \u00e9s Rosa Egyes\u00fclet","publisher":{"@id":"https:\/\/www.klarairosa.com\/en\/#organization"},"potentialAction":[{"@type":"SearchAction","target":{"@type":"EntryPoint","urlTemplate":"https:\/\/www.klarairosa.com\/en\/?s={search_term_string}"},"query-input":{"@type":"PropertyValueSpecification","valueRequired":true,"valueName":"search_term_string"}}],"inLanguage":"hu"},{"@type":"Organization","@id":"https:\/\/www.klarairosa.com\/en\/#organization","name":"Kl\u00e1ra \u00e9s Rosa Egyes\u00fclet","url":"https:\/\/www.klarairosa.com\/en\/","logo":{"@type":"ImageObject","inLanguage":"hu","@id":"https:\/\/www.klarairosa.com\/en\/#\/schema\/logo\/image\/","url":"https:\/\/www.klarairosa.com\/wp-content\/uploads\/2022\/01\/logo.svg","contentUrl":"https:\/\/www.klarairosa.com\/wp-content\/uploads\/2022\/01\/logo.svg","width":110,"height":139,"caption":"Klara i Rosa"},"image":{"@id":"https:\/\/www.klarairosa.com\/en\/#\/schema\/logo\/image\/"},"sameAs":["https:\/\/www.facebook.com\/klarairosa\/","https:\/\/www.instagram.com\/ugklarairosa\/"]},{"@type":"Person","@id":"https:\/\/www.klarairosa.com\/en\/#\/schema\/person\/e4e7e9e5c8eeeddccf61e4532ae8e6ed","name":"Kl\u00e1ra \u00e9s Rosa Egyes\u00fclet","image":{"@type":"ImageObject","inLanguage":"hu","@id":"https:\/\/secure.gravatar.com\/avatar\/c83ee539a067b9f57ae5d8999ae286c4f98b5c4bd943b8cbb64f6b0fc1f29e40?s=96&d=mm&r=g","url":"https:\/\/secure.gravatar.com\/avatar\/c83ee539a067b9f57ae5d8999ae286c4f98b5c4bd943b8cbb64f6b0fc1f29e40?s=96&d=mm&r=g","contentUrl":"https:\/\/secure.gravatar.com\/avatar\/c83ee539a067b9f57ae5d8999ae286c4f98b5c4bd943b8cbb64f6b0fc1f29e40?s=96&d=mm&r=g","caption":"Klara i Rosa"},"sameAs":["https:\/\/klarairosa.com"],"url":"https:\/\/www.klarairosa.com\/hu\/author\/rosaiklara\/"}]}},"_links":{"self":[{"href":"https:\/\/www.klarairosa.com\/hu\/wp-json\/wp\/v2\/posts\/22627","targetHints":{"allow":["GET"]}}],"collection":[{"href":"https:\/\/www.klarairosa.com\/hu\/wp-json\/wp\/v2\/posts"}],"about":[{"href":"https:\/\/www.klarairosa.com\/hu\/wp-json\/wp\/v2\/types\/post"}],"author":[{"embeddable":true,"href":"https:\/\/www.klarairosa.com\/hu\/wp-json\/wp\/v2\/users\/1"}],"replies":[{"embeddable":true,"href":"https:\/\/www.klarairosa.com\/hu\/wp-json\/wp\/v2\/comments?post=22627"}],"version-history":[{"count":3,"href":"https:\/\/www.klarairosa.com\/hu\/wp-json\/wp\/v2\/posts\/22627\/revisions"}],"predecessor-version":[{"id":22752,"href":"https:\/\/www.klarairosa.com\/hu\/wp-json\/wp\/v2\/posts\/22627\/revisions\/22752"}],"wp:featuredmedia":[{"embeddable":true,"href":"https:\/\/www.klarairosa.com\/hu\/wp-json\/wp\/v2\/media\/22634"}],"wp:attachment":[{"href":"https:\/\/www.klarairosa.com\/hu\/wp-json\/wp\/v2\/media?parent=22627"}],"wp:term":[{"taxonomy":"category","embeddable":true,"href":"https:\/\/www.klarairosa.com\/hu\/wp-json\/wp\/v2\/categories?post=22627"},{"taxonomy":"post_tag","embeddable":true,"href":"https:\/\/www.klarairosa.com\/hu\/wp-json\/wp\/v2\/tags?post=22627"}],"curies":[{"name":"wp","href":"https:\/\/api.w.org\/{rel}","templated":true}]}}