{"id":22383,"date":"2024-11-22T22:00:57","date_gmt":"2024-11-22T22:00:57","guid":{"rendered":"https:\/\/www.klarairosa.com\/?p=22383"},"modified":"2025-02-24T10:36:08","modified_gmt":"2025-02-24T10:36:08","slug":"unfold-projekat-sastanak-u-subotici","status":"publish","type":"post","link":"https:\/\/www.klarairosa.com\/hu\/unfold-projekat-sastanak-u-subotici\/","title":{"rendered":"UNFOLD PROJEKAT &#8211; SASTANAK U SUBOTICI"},"content":{"rendered":"<div dir=\"ltr\">\n<div class=\"gmail_default\">\n<div class=\"gmail_default\">\n<div class=\"xdj266r x11i5rnm xat24cr x1mh8g0r x1vvkbs x126k92a\">\n<div dir=\"auto\">U toku slede\u0107e godine otvaramo javni konkurs za suboti\u010dke umetnike da kroz svoje ideje i rad sa zajednicom transformi\u0161u javne prostore i pove\u017eu se sa \u0161irom publikom.<\/div>\n<div dir=\"auto\">.<\/div>\n<\/div>\n<div class=\"x11i5rnm xat24cr x1mh8g0r x1vvkbs xtlvy1s x126k92a\">\n<div dir=\"auto\">Zvani\u010dno smo zapo\u010deli pripreme za aktivnosti Unfold projekta sastankom sa predstavnicima partnerskih organizacija iz Portugala i Gr\u010dke. Okupili smo se u Subotici kako bismo bolje upoznali rad svake organizacije i istra\u017eili kreativne na\u010dine povezivanja sa zajednicama i o\u017eivljavanja javnih prostora kroz umetnost.<\/div>\n<\/div>\n<div dir=\"auto\">.<\/div>\n<div dir=\"auto\"><em>Projekat je finansiran od strane Evropske Unije, a sprovodi ga organizacija &#8222;Klara i Rosa&#8220; u saradnji sa partnerima &#8222;Iminente&#8220; (Portugal) i &#8222;Balkan Beyond Borders&#8220; (Gr\u010dka). Izneti stavovi i mi\u0161ljenja su stavovi i mi\u0161ljenja autora i ne moraju se podudarati sa stavovima i mi\u0161ljenjima Evropske unije ili Evropske izvr\u0161ne agencije za obrazovanje i kulturu (EACEA). Ni Evropska unija ni EACEA ne mogu se smatrati odgovornima za njih.<\/em><\/div>\n<\/div>\n<p><img decoding=\"async\" class=\"alignnone wp-image-22399\" src=\"https:\/\/www.klarairosa.com\/wp-content\/uploads\/2024\/11\/logo.png\" alt=\"\" width=\"62\" height=\"76\" srcset=\"https:\/\/www.klarairosa.com\/wp-content\/uploads\/2024\/11\/logo.png 128w, https:\/\/www.klarairosa.com\/wp-content\/uploads\/2024\/11\/logo-10x12.png 10w\" sizes=\"(max-width: 62px) 100vw, 62px\" \/>\u00a0 \u00a0 <img decoding=\"async\" class=\"alignnone wp-image-22400\" src=\"https:\/\/www.klarairosa.com\/wp-content\/uploads\/2024\/11\/326713506_551912926974294_2153827850134287430_n-300x117.png\" alt=\"\" width=\"190\" height=\"74\" srcset=\"https:\/\/www.klarairosa.com\/wp-content\/uploads\/2024\/11\/326713506_551912926974294_2153827850134287430_n-300x117.png 300w, https:\/\/www.klarairosa.com\/wp-content\/uploads\/2024\/11\/326713506_551912926974294_2153827850134287430_n-1024x399.png 1024w, https:\/\/www.klarairosa.com\/wp-content\/uploads\/2024\/11\/326713506_551912926974294_2153827850134287430_n-768x299.png 768w, https:\/\/www.klarairosa.com\/wp-content\/uploads\/2024\/11\/326713506_551912926974294_2153827850134287430_n-1536x598.png 1536w, https:\/\/www.klarairosa.com\/wp-content\/uploads\/2024\/11\/326713506_551912926974294_2153827850134287430_n-2048x798.png 2048w, https:\/\/www.klarairosa.com\/wp-content\/uploads\/2024\/11\/326713506_551912926974294_2153827850134287430_n-18x7.png 18w, https:\/\/www.klarairosa.com\/wp-content\/uploads\/2024\/11\/326713506_551912926974294_2153827850134287430_n-700x273.png 700w\" sizes=\"(max-width: 190px) 100vw, 190px\" \/><img decoding=\"async\" class=\"alignnone wp-image-22401\" src=\"https:\/\/www.klarairosa.com\/wp-content\/uploads\/2024\/11\/Logo_of_Creative_Europe-300x118.jpg\" alt=\"\" width=\"196\" height=\"77\" srcset=\"https:\/\/www.klarairosa.com\/wp-content\/uploads\/2024\/11\/Logo_of_Creative_Europe-300x118.jpg 300w, https:\/\/www.klarairosa.com\/wp-content\/uploads\/2024\/11\/Logo_of_Creative_Europe-1024x404.jpg 1024w, https:\/\/www.klarairosa.com\/wp-content\/uploads\/2024\/11\/Logo_of_Creative_Europe-768x303.jpg 768w, https:\/\/www.klarairosa.com\/wp-content\/uploads\/2024\/11\/Logo_of_Creative_Europe-18x7.jpg 18w, https:\/\/www.klarairosa.com\/wp-content\/uploads\/2024\/11\/Logo_of_Creative_Europe-700x276.jpg 700w, https:\/\/www.klarairosa.com\/wp-content\/uploads\/2024\/11\/Logo_of_Creative_Europe.jpg 1421w\" sizes=\"(max-width: 196px) 100vw, 196px\" \/><\/p>\n<\/div>\n<\/div>","protected":false},"excerpt":{"rendered":"<p>U toku slede\u0107e godine otvaramo javni konkurs za suboti\u010dke umetnike da kroz svoje ideje i&#8230;<\/p>","protected":false},"author":1,"featured_media":22402,"comment_status":"closed","ping_status":"closed","sticky":false,"template":"","format":"standard","meta":{"content-type":"","inline_featured_image":false,"footnotes":""},"categories":[109],"tags":[312,521,522,526,520,124,525,328,206,523,524],"class_list":["post-22383","post","type-post","status-publish","format-standard","has-post-thumbnail","hentry","category-aktuelno","tag-312","tag-balkans-beyond-borders","tag-creative-europe","tag-greece","tag-iminente","tag-klara-i-rosa","tag-portugal","tag-project","tag-serbia","tag-unfold","tag-unfold-project"],"yoast_head":"<!-- This site is optimized with the Yoast SEO plugin v27.5 - https:\/\/yoast.com\/product\/yoast-seo-wordpress\/ -->\n<title>UNFOLD PROJEKAT - SASTANAK U SUBOTICI - Klara i Rosa<\/title>\n<meta name=\"robots\" content=\"index, follow, max-snippet:-1, max-image-preview:large, max-video-preview:-1\" \/>\n<link rel=\"canonical\" href=\"https:\/\/www.klarairosa.com\/hu\/unfold-projekat-sastanak-u-subotici\/\" \/>\n<meta property=\"og:locale\" content=\"hu_HU\" \/>\n<meta property=\"og:type\" content=\"article\" \/>\n<meta property=\"og:title\" content=\"UNFOLD PROJEKAT - SASTANAK U SUBOTICI - Klara i Rosa\" \/>\n<meta property=\"og:description\" content=\"U toku slede\u0107e godine otvaramo javni konkurs za suboti\u010dke umetnike da kroz svoje ideje i...\" \/>\n<meta property=\"og:url\" content=\"https:\/\/www.klarairosa.com\/hu\/unfold-projekat-sastanak-u-subotici\/\" \/>\n<meta property=\"og:site_name\" content=\"Klara i Rosa\" \/>\n<meta property=\"article:publisher\" content=\"https:\/\/www.facebook.com\/klarairosa\/\" \/>\n<meta property=\"article:published_time\" content=\"2024-11-22T22:00:57+00:00\" \/>\n<meta property=\"article:modified_time\" content=\"2025-02-24T10:36:08+00:00\" \/>\n<meta property=\"og:image\" content=\"https:\/\/www.klarairosa.com\/wp-content\/uploads\/2024\/11\/468084918_1379502133097470_8229607454635316378_n-e1732572435172.jpg\" \/>\n\t<meta property=\"og:image:width\" content=\"1632\" \/>\n\t<meta property=\"og:image:height\" content=\"1152\" \/>\n\t<meta property=\"og:image:type\" content=\"image\/jpeg\" \/>\n<meta name=\"author\" content=\"Klara i Rosa\" \/>\n<meta name=\"twitter:card\" content=\"summary_large_image\" \/>\n<meta name=\"twitter:label1\" content=\"Szerz\u0151:\" \/>\n\t<meta name=\"twitter:data1\" content=\"Klara i Rosa\" \/>\n\t<meta name=\"twitter:label2\" content=\"Becs\u00fclt olvas\u00e1si id\u0151\" \/>\n\t<meta name=\"twitter:data2\" content=\"1 perc\" \/>\n<script type=\"application\/ld+json\" class=\"yoast-schema-graph\">{\"@context\":\"https:\\\/\\\/schema.org\",\"@graph\":[{\"@type\":\"Article\",\"@id\":\"https:\\\/\\\/www.klarairosa.com\\\/unfold-projekat-sastanak-u-subotici\\\/#article\",\"isPartOf\":{\"@id\":\"https:\\\/\\\/www.klarairosa.com\\\/unfold-projekat-sastanak-u-subotici\\\/\"},\"author\":{\"name\":\"Klara i Rosa\",\"@id\":\"https:\\\/\\\/www.klarairosa.com\\\/en\\\/#\\\/schema\\\/person\\\/e4e7e9e5c8eeeddccf61e4532ae8e6ed\"},\"headline\":\"UNFOLD PROJEKAT &#8211; SASTANAK U SUBOTICI\",\"datePublished\":\"2024-11-22T22:00:57+00:00\",\"dateModified\":\"2025-02-24T10:36:08+00:00\",\"mainEntityOfPage\":{\"@id\":\"https:\\\/\\\/www.klarairosa.com\\\/unfold-projekat-sastanak-u-subotici\\\/\"},\"wordCount\":156,\"publisher\":{\"@id\":\"https:\\\/\\\/www.klarairosa.com\\\/en\\\/#organization\"},\"image\":{\"@id\":\"https:\\\/\\\/www.klarairosa.com\\\/unfold-projekat-sastanak-u-subotici\\\/#primaryimage\"},\"thumbnailUrl\":\"https:\\\/\\\/www.klarairosa.com\\\/wp-content\\\/uploads\\\/2024\\\/11\\\/468084918_1379502133097470_8229607454635316378_n-e1732572435172.jpg\",\"keywords\":[\"2024\",\"balkans beyond borders\",\"creative europe\",\"greece\",\"iminente\",\"Klara i Rosa\",\"portugal\",\"project\",\"serbia\",\"unfold\",\"unfold project\"],\"articleSection\":[\"Aktuelno\"],\"inLanguage\":\"hu\"},{\"@type\":\"WebPage\",\"@id\":\"https:\\\/\\\/www.klarairosa.com\\\/unfold-projekat-sastanak-u-subotici\\\/\",\"url\":\"https:\\\/\\\/www.klarairosa.com\\\/unfold-projekat-sastanak-u-subotici\\\/\",\"name\":\"UNFOLD PROJEKAT - SASTANAK U SUBOTICI - Klara i Rosa\",\"isPartOf\":{\"@id\":\"https:\\\/\\\/www.klarairosa.com\\\/en\\\/#website\"},\"primaryImageOfPage\":{\"@id\":\"https:\\\/\\\/www.klarairosa.com\\\/unfold-projekat-sastanak-u-subotici\\\/#primaryimage\"},\"image\":{\"@id\":\"https:\\\/\\\/www.klarairosa.com\\\/unfold-projekat-sastanak-u-subotici\\\/#primaryimage\"},\"thumbnailUrl\":\"https:\\\/\\\/www.klarairosa.com\\\/wp-content\\\/uploads\\\/2024\\\/11\\\/468084918_1379502133097470_8229607454635316378_n-e1732572435172.jpg\",\"datePublished\":\"2024-11-22T22:00:57+00:00\",\"dateModified\":\"2025-02-24T10:36:08+00:00\",\"breadcrumb\":{\"@id\":\"https:\\\/\\\/www.klarairosa.com\\\/unfold-projekat-sastanak-u-subotici\\\/#breadcrumb\"},\"inLanguage\":\"hu\",\"potentialAction\":[{\"@type\":\"ReadAction\",\"target\":[\"https:\\\/\\\/www.klarairosa.com\\\/unfold-projekat-sastanak-u-subotici\\\/\"]}]},{\"@type\":\"ImageObject\",\"inLanguage\":\"hu\",\"@id\":\"https:\\\/\\\/www.klarairosa.com\\\/unfold-projekat-sastanak-u-subotici\\\/#primaryimage\",\"url\":\"https:\\\/\\\/www.klarairosa.com\\\/wp-content\\\/uploads\\\/2024\\\/11\\\/468084918_1379502133097470_8229607454635316378_n-e1732572435172.jpg\",\"contentUrl\":\"https:\\\/\\\/www.klarairosa.com\\\/wp-content\\\/uploads\\\/2024\\\/11\\\/468084918_1379502133097470_8229607454635316378_n-e1732572435172.jpg\",\"width\":1632,\"height\":1152},{\"@type\":\"BreadcrumbList\",\"@id\":\"https:\\\/\\\/www.klarairosa.com\\\/unfold-projekat-sastanak-u-subotici\\\/#breadcrumb\",\"itemListElement\":[{\"@type\":\"ListItem\",\"position\":1,\"name\":\"Home\",\"item\":\"https:\\\/\\\/www.klarairosa.com\\\/\"},{\"@type\":\"ListItem\",\"position\":2,\"name\":\"UNFOLD PROJEKAT &#8211; SASTANAK U SUBOTICI\"}]},{\"@type\":\"WebSite\",\"@id\":\"https:\\\/\\\/www.klarairosa.com\\\/en\\\/#website\",\"url\":\"https:\\\/\\\/www.klarairosa.com\\\/en\\\/\",\"name\":\"Klara i Rosa\",\"description\":\"Klara i Rosa\",\"publisher\":{\"@id\":\"https:\\\/\\\/www.klarairosa.com\\\/en\\\/#organization\"},\"potentialAction\":[{\"@type\":\"SearchAction\",\"target\":{\"@type\":\"EntryPoint\",\"urlTemplate\":\"https:\\\/\\\/www.klarairosa.com\\\/en\\\/?s={search_term_string}\"},\"query-input\":{\"@type\":\"PropertyValueSpecification\",\"valueRequired\":true,\"valueName\":\"search_term_string\"}}],\"inLanguage\":\"hu\"},{\"@type\":\"Organization\",\"@id\":\"https:\\\/\\\/www.klarairosa.com\\\/en\\\/#organization\",\"name\":\"Klara i Rosa\",\"url\":\"https:\\\/\\\/www.klarairosa.com\\\/en\\\/\",\"logo\":{\"@type\":\"ImageObject\",\"inLanguage\":\"hu\",\"@id\":\"https:\\\/\\\/www.klarairosa.com\\\/en\\\/#\\\/schema\\\/logo\\\/image\\\/\",\"url\":\"https:\\\/\\\/www.klarairosa.com\\\/wp-content\\\/uploads\\\/2022\\\/01\\\/logo.svg\",\"contentUrl\":\"https:\\\/\\\/www.klarairosa.com\\\/wp-content\\\/uploads\\\/2022\\\/01\\\/logo.svg\",\"width\":110,\"height\":139,\"caption\":\"Klara i Rosa\"},\"image\":{\"@id\":\"https:\\\/\\\/www.klarairosa.com\\\/en\\\/#\\\/schema\\\/logo\\\/image\\\/\"},\"sameAs\":[\"https:\\\/\\\/www.facebook.com\\\/klarairosa\\\/\",\"https:\\\/\\\/www.instagram.com\\\/ugklarairosa\\\/\"]},{\"@type\":\"Person\",\"@id\":\"https:\\\/\\\/www.klarairosa.com\\\/en\\\/#\\\/schema\\\/person\\\/e4e7e9e5c8eeeddccf61e4532ae8e6ed\",\"name\":\"Klara i Rosa\",\"image\":{\"@type\":\"ImageObject\",\"inLanguage\":\"hu\",\"@id\":\"https:\\\/\\\/secure.gravatar.com\\\/avatar\\\/c83ee539a067b9f57ae5d8999ae286c4f98b5c4bd943b8cbb64f6b0fc1f29e40?s=96&d=mm&r=g\",\"url\":\"https:\\\/\\\/secure.gravatar.com\\\/avatar\\\/c83ee539a067b9f57ae5d8999ae286c4f98b5c4bd943b8cbb64f6b0fc1f29e40?s=96&d=mm&r=g\",\"contentUrl\":\"https:\\\/\\\/secure.gravatar.com\\\/avatar\\\/c83ee539a067b9f57ae5d8999ae286c4f98b5c4bd943b8cbb64f6b0fc1f29e40?s=96&d=mm&r=g\",\"caption\":\"Klara i Rosa\"},\"sameAs\":[\"https:\\\/\\\/klarairosa.com\"],\"url\":\"https:\\\/\\\/www.klarairosa.com\\\/hu\\\/author\\\/rosaiklara\\\/\"}]}<\/script>\n<!-- \/ Yoast SEO plugin. -->","yoast_head_json":{"title":"UNFOLD PROJEKAT - SASTANAK U SUBOTICI - Klara i Rosa","robots":{"index":"index","follow":"follow","max-snippet":"max-snippet:-1","max-image-preview":"max-image-preview:large","max-video-preview":"max-video-preview:-1"},"canonical":"https:\/\/www.klarairosa.com\/hu\/unfold-projekat-sastanak-u-subotici\/","og_locale":"hu_HU","og_type":"article","og_title":"UNFOLD PROJEKAT - SASTANAK U SUBOTICI - Klara i Rosa","og_description":"U toku slede\u0107e godine otvaramo javni konkurs za suboti\u010dke umetnike da kroz svoje ideje i...","og_url":"https:\/\/www.klarairosa.com\/hu\/unfold-projekat-sastanak-u-subotici\/","og_site_name":"Klara i Rosa","article_publisher":"https:\/\/www.facebook.com\/klarairosa\/","article_published_time":"2024-11-22T22:00:57+00:00","article_modified_time":"2025-02-24T10:36:08+00:00","og_image":[{"width":1632,"height":1152,"url":"https:\/\/www.klarairosa.com\/wp-content\/uploads\/2024\/11\/468084918_1379502133097470_8229607454635316378_n-e1732572435172.jpg","type":"image\/jpeg"}],"author":"Klara i Rosa","twitter_card":"summary_large_image","twitter_misc":{"Szerz\u0151:":"Klara i Rosa","Becs\u00fclt olvas\u00e1si id\u0151":"1 perc"},"schema":{"@context":"https:\/\/schema.org","@graph":[{"@type":"Article","@id":"https:\/\/www.klarairosa.com\/unfold-projekat-sastanak-u-subotici\/#article","isPartOf":{"@id":"https:\/\/www.klarairosa.com\/unfold-projekat-sastanak-u-subotici\/"},"author":{"name":"Klara i Rosa","@id":"https:\/\/www.klarairosa.com\/en\/#\/schema\/person\/e4e7e9e5c8eeeddccf61e4532ae8e6ed"},"headline":"UNFOLD PROJEKAT &#8211; SASTANAK U SUBOTICI","datePublished":"2024-11-22T22:00:57+00:00","dateModified":"2025-02-24T10:36:08+00:00","mainEntityOfPage":{"@id":"https:\/\/www.klarairosa.com\/unfold-projekat-sastanak-u-subotici\/"},"wordCount":156,"publisher":{"@id":"https:\/\/www.klarairosa.com\/en\/#organization"},"image":{"@id":"https:\/\/www.klarairosa.com\/unfold-projekat-sastanak-u-subotici\/#primaryimage"},"thumbnailUrl":"https:\/\/www.klarairosa.com\/wp-content\/uploads\/2024\/11\/468084918_1379502133097470_8229607454635316378_n-e1732572435172.jpg","keywords":["2024","balkans beyond borders","creative europe","greece","iminente","Klara i Rosa","portugal","project","serbia","unfold","unfold project"],"articleSection":["Aktuelno"],"inLanguage":"hu"},{"@type":"WebPage","@id":"https:\/\/www.klarairosa.com\/unfold-projekat-sastanak-u-subotici\/","url":"https:\/\/www.klarairosa.com\/unfold-projekat-sastanak-u-subotici\/","name":"UNFOLD PROJEKAT - SASTANAK U SUBOTICI - Klara i Rosa","isPartOf":{"@id":"https:\/\/www.klarairosa.com\/en\/#website"},"primaryImageOfPage":{"@id":"https:\/\/www.klarairosa.com\/unfold-projekat-sastanak-u-subotici\/#primaryimage"},"image":{"@id":"https:\/\/www.klarairosa.com\/unfold-projekat-sastanak-u-subotici\/#primaryimage"},"thumbnailUrl":"https:\/\/www.klarairosa.com\/wp-content\/uploads\/2024\/11\/468084918_1379502133097470_8229607454635316378_n-e1732572435172.jpg","datePublished":"2024-11-22T22:00:57+00:00","dateModified":"2025-02-24T10:36:08+00:00","breadcrumb":{"@id":"https:\/\/www.klarairosa.com\/unfold-projekat-sastanak-u-subotici\/#breadcrumb"},"inLanguage":"hu","potentialAction":[{"@type":"ReadAction","target":["https:\/\/www.klarairosa.com\/unfold-projekat-sastanak-u-subotici\/"]}]},{"@type":"ImageObject","inLanguage":"hu","@id":"https:\/\/www.klarairosa.com\/unfold-projekat-sastanak-u-subotici\/#primaryimage","url":"https:\/\/www.klarairosa.com\/wp-content\/uploads\/2024\/11\/468084918_1379502133097470_8229607454635316378_n-e1732572435172.jpg","contentUrl":"https:\/\/www.klarairosa.com\/wp-content\/uploads\/2024\/11\/468084918_1379502133097470_8229607454635316378_n-e1732572435172.jpg","width":1632,"height":1152},{"@type":"BreadcrumbList","@id":"https:\/\/www.klarairosa.com\/unfold-projekat-sastanak-u-subotici\/#breadcrumb","itemListElement":[{"@type":"ListItem","position":1,"name":"Home","item":"https:\/\/www.klarairosa.com\/"},{"@type":"ListItem","position":2,"name":"UNFOLD PROJEKAT &#8211; SASTANAK U SUBOTICI"}]},{"@type":"WebSite","@id":"https:\/\/www.klarairosa.com\/en\/#website","url":"https:\/\/www.klarairosa.com\/en\/","name":"Kl\u00e1ra \u00e9s Rosa Egyes\u00fclet","description":"Kl\u00e1ra \u00e9s Rosa Egyes\u00fclet","publisher":{"@id":"https:\/\/www.klarairosa.com\/en\/#organization"},"potentialAction":[{"@type":"SearchAction","target":{"@type":"EntryPoint","urlTemplate":"https:\/\/www.klarairosa.com\/en\/?s={search_term_string}"},"query-input":{"@type":"PropertyValueSpecification","valueRequired":true,"valueName":"search_term_string"}}],"inLanguage":"hu"},{"@type":"Organization","@id":"https:\/\/www.klarairosa.com\/en\/#organization","name":"Kl\u00e1ra \u00e9s Rosa Egyes\u00fclet","url":"https:\/\/www.klarairosa.com\/en\/","logo":{"@type":"ImageObject","inLanguage":"hu","@id":"https:\/\/www.klarairosa.com\/en\/#\/schema\/logo\/image\/","url":"https:\/\/www.klarairosa.com\/wp-content\/uploads\/2022\/01\/logo.svg","contentUrl":"https:\/\/www.klarairosa.com\/wp-content\/uploads\/2022\/01\/logo.svg","width":110,"height":139,"caption":"Klara i Rosa"},"image":{"@id":"https:\/\/www.klarairosa.com\/en\/#\/schema\/logo\/image\/"},"sameAs":["https:\/\/www.facebook.com\/klarairosa\/","https:\/\/www.instagram.com\/ugklarairosa\/"]},{"@type":"Person","@id":"https:\/\/www.klarairosa.com\/en\/#\/schema\/person\/e4e7e9e5c8eeeddccf61e4532ae8e6ed","name":"Kl\u00e1ra \u00e9s Rosa Egyes\u00fclet","image":{"@type":"ImageObject","inLanguage":"hu","@id":"https:\/\/secure.gravatar.com\/avatar\/c83ee539a067b9f57ae5d8999ae286c4f98b5c4bd943b8cbb64f6b0fc1f29e40?s=96&d=mm&r=g","url":"https:\/\/secure.gravatar.com\/avatar\/c83ee539a067b9f57ae5d8999ae286c4f98b5c4bd943b8cbb64f6b0fc1f29e40?s=96&d=mm&r=g","contentUrl":"https:\/\/secure.gravatar.com\/avatar\/c83ee539a067b9f57ae5d8999ae286c4f98b5c4bd943b8cbb64f6b0fc1f29e40?s=96&d=mm&r=g","caption":"Klara i Rosa"},"sameAs":["https:\/\/klarairosa.com"],"url":"https:\/\/www.klarairosa.com\/hu\/author\/rosaiklara\/"}]}},"_links":{"self":[{"href":"https:\/\/www.klarairosa.com\/hu\/wp-json\/wp\/v2\/posts\/22383","targetHints":{"allow":["GET"]}}],"collection":[{"href":"https:\/\/www.klarairosa.com\/hu\/wp-json\/wp\/v2\/posts"}],"about":[{"href":"https:\/\/www.klarairosa.com\/hu\/wp-json\/wp\/v2\/types\/post"}],"author":[{"embeddable":true,"href":"https:\/\/www.klarairosa.com\/hu\/wp-json\/wp\/v2\/users\/1"}],"replies":[{"embeddable":true,"href":"https:\/\/www.klarairosa.com\/hu\/wp-json\/wp\/v2\/comments?post=22383"}],"version-history":[{"count":3,"href":"https:\/\/www.klarairosa.com\/hu\/wp-json\/wp\/v2\/posts\/22383\/revisions"}],"predecessor-version":[{"id":22626,"href":"https:\/\/www.klarairosa.com\/hu\/wp-json\/wp\/v2\/posts\/22383\/revisions\/22626"}],"wp:featuredmedia":[{"embeddable":true,"href":"https:\/\/www.klarairosa.com\/hu\/wp-json\/wp\/v2\/media\/22402"}],"wp:attachment":[{"href":"https:\/\/www.klarairosa.com\/hu\/wp-json\/wp\/v2\/media?parent=22383"}],"wp:term":[{"taxonomy":"category","embeddable":true,"href":"https:\/\/www.klarairosa.com\/hu\/wp-json\/wp\/v2\/categories?post=22383"},{"taxonomy":"post_tag","embeddable":true,"href":"https:\/\/www.klarairosa.com\/hu\/wp-json\/wp\/v2\/tags?post=22383"}],"curies":[{"name":"wp","href":"https:\/\/api.w.org\/{rel}","templated":true}]}}