{"id":22327,"date":"2024-11-18T17:57:43","date_gmt":"2024-11-18T17:57:43","guid":{"rendered":"https:\/\/www.klarairosa.com\/?p=22327"},"modified":"2024-11-28T10:32:32","modified_gmt":"2024-11-28T10:32:32","slug":"o-zajednickom-prostori-zajednistva","status":"publish","type":"post","link":"https:\/\/www.klarairosa.com\/hu\/o-zajednickom-prostori-zajednistva\/","title":{"rendered":"A K\u00d6Z\u00d6SR\u0150L: K\u00d6Z\u00d6SS\u00c9GI TEREK"},"content":{"rendered":"<p class=\"western\" align=\"justify\">Pitanje \u201eoti\u0107i ili ostati?\u201c i dilema izme\u0111u apoliti\u010dnosti i akcije postavljaju temeljnu dilemu koju mnogi pojedinci suo\u010deni sa dru\u0161tvenim, politi\u010dkim i ekonomskim izazovima postavljaju sebi. Da li je bolje povu\u0107i se i sa\u010duvati unutra\u0161nji mir, ili anga\u017eovati se i delovati, \u010dak i kada se suo\u010davamo sa velikim preprekama?<\/p>\n<p align=\"justify\">.<\/p>\n<p class=\"western\" align=\"justify\">Mogu\u0107nostima za akciju i prostorima zajedni\u0161tva koji se otvaraju kada se fokusiramo na konstruktivna re\u0161enja bavi\u0107emo se na tribini koja \u0107e se odr\u017eati <strong>u sredu 27. novembra 2024. sa po\u010detkom u 18 \u010dasova u prostoru Klare i Rose (Petefi \u0160andora 15)<\/strong>.<\/p>\n<p align=\"justify\">.<\/p>\n<p class=\"western\" align=\"justify\">Pojedinac udru\u017een u grupi mo\u017ee posti\u0107i mnogo vi\u0161e nego kada deluje samostalno, jer sinergija u grupnom radu omogu\u0107ava da se glas i ideje pojedinca poja\u010daju. Grupa mo\u017ee pokrenuti inicijative koje traju du\u017ee od individualnih poduhvata, jer zajedni\u010dki napori mogu izgraditi organizacije i pokrete koji ostaju aktivni i nakon \u0161to pojedini \u010dlanovi prestanu da u\u010destvuju.<\/p>\n<p align=\"justify\">.<\/p>\n<p class=\"western\" align=\"justify\">Povodom reizdanja knjige <strong>\u201cProstori zajedni\u010dkog: urbana zajedni\u010dka dobra u post &#8211; jugoslovenskom regionu (Spaces of Commoning: Urban Commons in the ex-YU region)\u201d<\/strong>\u00a0organizujemo razgovor sa samoorganizovanim grupama koje uspostavljaju, brane ili upravljaju zajedni\u010dkim prostornim dobrima, sa ciljem kreiranja resursa i odnosa koji nisu zasnovani na tri\u017ei\u0161noj logici, ve\u0107 na principima jednakosti, solidarnosti i pravi\u010dnosti.<\/p>\n<p align=\"justify\">.<\/p>\n<p class=\"western\" align=\"justify\">Osim lokalnog udru\u017eenja<strong> Tahles<\/strong> iz Male Bosne, ispred kog \u0107e govoriti <strong>Jelena Poljakovi\u0107<\/strong> i <strong>Natalije Boke<\/strong>, predstavnice i inicijatorke udru\u017eivanja neformalne grupe \u201cSubotica is not dead\u201d u gostima \u0107e nam biti predstavnici <strong>Alternativnog kulturnog centra Gnezdo<\/strong> iz Kru\u0161evca i inicijative <strong>Prostori\u0161te<\/strong> iz Beograda.<\/p>\n<p align=\"justify\">.<\/p>\n<p class=\"western\" align=\"justify\">Razgovor \u0107e moderirati <strong>Iva \u010cuki\u0107<\/strong> iz kolektiva <strong>\u201cMinistarstvo prostora\u201d<\/strong> i kourednica knjige, zajedno sa <strong>Gordanom Vukov Ciganjik<\/strong> iz udru\u017eenja <strong>\u201cKlara i Rosa\u201d<\/strong>.<\/p>\n<p align=\"justify\">.<\/p>\n<p class=\"western\">Istra\u017eivanja pokazuju da aktivizam mo\u017ee podi\u0107i kvalitet \u017eivota pojedinca te da, ako uradimo ne\u0161to korisno za dru\u0161tvo, ose\u0107amo vi\u0161i nivo subjektivne vitalnosti i zadovoljstva.<\/p>\n<p>.<\/p>\n<div  id=\"jtg-22409\" class=\"modula modula-gallery modula-creative-gallery\" data-config=\"{&quot;height&quot;:800,&quot;tabletHeight&quot;:800,&quot;mobileHeight&quot;:800,&quot;desktopHeight&quot;:800,&quot;enableTwitter&quot;:false,&quot;enableWhatsapp&quot;:false,&quot;enableFacebook&quot;:false,&quot;enablePinterest&quot;:false,&quot;enableLinkedin&quot;:false,&quot;enableEmail&quot;:false,&quot;randomFactor&quot;:0.5,&quot;type&quot;:&quot;creative-gallery&quot;,&quot;columns&quot;:12,&quot;gutter&quot;:10,&quot;mobileGutter&quot;:10,&quot;tabletGutter&quot;:10,&quot;desktopGutter&quot;:10,&quot;enableResponsive&quot;:&quot;0&quot;,&quot;tabletColumns&quot;:2,&quot;mobileColumns&quot;:1,&quot;lazyLoad&quot;:0,&quot;lightboxOpts&quot;:{&quot;animated&quot;:true,&quot;Thumbs&quot;:{&quot;type&quot;:&quot;modern&quot;,&quot;showOnStart&quot;:false},&quot;Toolbar&quot;:{&quot;display&quot;:{&quot;right&quot;:[&quot;close&quot;]},&quot;enabled&quot;:true},&quot;Carousel&quot;:{&quot;Panzoom&quot;:{&quot;touch&quot;:true},&quot;infinite&quot;:false},&quot;keyboard&quot;:{&quot;Escape&quot;:&quot;close&quot;,&quot;Delete&quot;:&quot;close&quot;,&quot;Backspace&quot;:&quot;close&quot;,&quot;PageUp&quot;:false,&quot;PageDown&quot;:false,&quot;ArrowUp&quot;:false,&quot;ArrowDown&quot;:false,&quot;ArrowRight&quot;:false,&quot;ArrowLeft&quot;:false},&quot;touch&quot;:false,&quot;backdropClick&quot;:false,&quot;l10n&quot;:{&quot;CLOSE&quot;:&quot;Close&quot;,&quot;NEXT&quot;:&quot;Next&quot;,&quot;PREV&quot;:&quot;Previous&quot;,&quot;Error&quot;:&quot;The requested content cannot be loaded. Please try again later.&quot;,&quot;PLAY_START&quot;:&quot;Start slideshow&quot;,&quot;PLAY_STOP&quot;:&quot;Pause slideshow&quot;,&quot;FULL_SCREEN&quot;:&quot;Full screen&quot;,&quot;THUMBS&quot;:&quot;Thumbnails&quot;,&quot;DOWNLOAD&quot;:&quot;Download&quot;,&quot;SHARE&quot;:&quot;Share&quot;,&quot;ZOOM&quot;:&quot;Zoom&quot;,&quot;EMAIL&quot;:&quot;Here is the link to the image : %%image_link%% and this is the link to the gallery : %%gallery_link%%&quot;,&quot;MODAL&quot;:&quot;You can close this modal content with the ESC key&quot;,&quot;ERROR&quot;:&quot;Something Went Wrong, Please Try Again Later&quot;,&quot;IMAGE_ERROR&quot;:&quot;Image Not Found&quot;,&quot;ELEMENT_NOT_FOUND&quot;:&quot;HTML Element Not Found&quot;,&quot;AJAX_NOT_FOUND&quot;:&quot;Error Loading AJAX : Not Found&quot;,&quot;AJAX_FORBIDDEN&quot;:&quot;Error Loading AJAX : Forbidden&quot;,&quot;IFRAME_ERROR&quot;:&quot;Error Loading Page&quot;,&quot;TOGGLE_ZOOM&quot;:&quot;Toggle zoom level&quot;,&quot;TOGGLE_THUMBS&quot;:&quot;Toggle thumbnails&quot;,&quot;TOGGLE_SLIDESHOW&quot;:&quot;Toggle slideshow&quot;,&quot;TOGGLE_FULLSCREEN&quot;:&quot;Toggle full-screen mode&quot;},&quot;Images&quot;:{&quot;Panzoom&quot;:{&quot;maxScale&quot;:2}},&quot;mainClass&quot;:&quot;modula-fancybox-container modula-lightbox-jtg-22409&quot;,&quot;Html&quot;:{&quot;videoAutoplay&quot;:0,&quot;videoTpl&quot;:&quot;&lt;video class=\\&quot;fancybox__html5video\\&quot; controls muted playsinline controlsList controlsList=\\&quot;nodownload\\&quot; poster=\\&quot;{{poster}}\\&quot; src=\\&quot;{{src}}\\&quot; type=\\&quot;{{format}}\\&quot; &gt;  Sorry, your browser doesn&#039;t support embedded videos, &lt;a href=\\&quot;{{src}}\\&quot;&gt; download &lt;\\\/a&gt; and watch with your favorite video player! &lt;\\\/video&gt;&quot;}},&quot;inView&quot;:false,&quot;email_subject&quot;:&quot;Check out this awesome image !!&quot;,&quot;email_message&quot;:&quot;Here is the link to the image : %%image_link%% and this is the link to the gallery : %%gallery_link%%&quot;,&quot;lightbox&quot;:&quot;fancybox&quot;}\">\n\n\t\n\t<div  class=\"modula-items\">\n\t\t<div class=\"modula-item effect-pufrobo\" >\n\t<div class=\"modula-item-overlay\"><\/div>\n\n\t<div class=\"modula-item-content\">\n\n\t\t<a data-image-id=\"22410\" role=\"button\" data-elementor-open-lightbox=\"no\" tabindex=\"0\" rel=\"jtg-22409\" data-caption=\"\" aria-label=\"Open image in lightbox\" class=\"tile-inner modula-item-link\"><\/a><img fetchpriority=\"high\" decoding=\"async\" class=\"pic wp-image-22410\"  data-valign=\"middle\" data-halign=\"center\" alt=\"\" data-full=\"https:\/\/www.klarairosa.com\/wp-content\/uploads\/2024\/11\/smanjeno_8.jpg\" title=\"smanjeno_8\" crop=\"\" width=\"300\" height=\"169\" src=\"https:\/\/www.klarairosa.com\/wp-content\/uploads\/2024\/11\/smanjeno_8-300x169.jpg\" data-src=\"https:\/\/www.klarairosa.com\/wp-content\/uploads\/2024\/11\/smanjeno_8-300x169.jpg\" data-caption=\"\" srcset=\"https:\/\/www.klarairosa.com\/wp-content\/uploads\/2024\/11\/smanjeno_8.jpg 1024w, https:\/\/www.klarairosa.com\/wp-content\/uploads\/2024\/11\/smanjeno_8-300x169.jpg 300w, https:\/\/www.klarairosa.com\/wp-content\/uploads\/2024\/11\/smanjeno_8-768x433.jpg 768w, https:\/\/www.klarairosa.com\/wp-content\/uploads\/2024\/11\/smanjeno_8-18x10.jpg 18w, https:\/\/www.klarairosa.com\/wp-content\/uploads\/2024\/11\/smanjeno_8-700x394.jpg 700w, https:\/\/www.klarairosa.com\/wp-content\/uploads\/2024\/11\/smanjeno_8-539x303.jpg 539w\" sizes=\"(max-width: 300px) 100vw, 300px\" \/>\n\t\t<div class=\"figc no-description\">\n\t\t\t<div class=\"figc-inner\">\n\t\t\t\t\t\t\t\t\t\t\t\t\t\t\t<\/div>\n\t\t<\/div>\n\n\t<\/div>\n\n<\/div><div class=\"modula-item effect-pufrobo\" >\n\t<div class=\"modula-item-overlay\"><\/div>\n\n\t<div class=\"modula-item-content\">\n\n\t\t<a data-image-id=\"22415\" role=\"button\" data-elementor-open-lightbox=\"no\" tabindex=\"0\" rel=\"jtg-22409\" data-caption=\"\" aria-label=\"Open image in lightbox\" class=\"tile-inner modula-item-link\"><\/a><img decoding=\"async\" class=\"pic wp-image-22415\"  data-valign=\"middle\" data-halign=\"center\" alt=\"\" data-full=\"https:\/\/www.klarairosa.com\/wp-content\/uploads\/2024\/11\/468569036_1381361719578178_5494077404584308360_n-1.jpg\" title=\"468569036_1381361719578178_5494077404584308360_n (1)\" crop=\"\" width=\"300\" height=\"169\" src=\"https:\/\/www.klarairosa.com\/wp-content\/uploads\/2024\/11\/468569036_1381361719578178_5494077404584308360_n-1-300x169.jpg\" data-src=\"https:\/\/www.klarairosa.com\/wp-content\/uploads\/2024\/11\/468569036_1381361719578178_5494077404584308360_n-1-300x169.jpg\" data-caption=\"\" srcset=\"https:\/\/www.klarairosa.com\/wp-content\/uploads\/2024\/11\/468569036_1381361719578178_5494077404584308360_n-1.jpg 1440w, https:\/\/www.klarairosa.com\/wp-content\/uploads\/2024\/11\/468569036_1381361719578178_5494077404584308360_n-1-300x169.jpg 300w, https:\/\/www.klarairosa.com\/wp-content\/uploads\/2024\/11\/468569036_1381361719578178_5494077404584308360_n-1-1024x577.jpg 1024w, https:\/\/www.klarairosa.com\/wp-content\/uploads\/2024\/11\/468569036_1381361719578178_5494077404584308360_n-1-768x433.jpg 768w, https:\/\/www.klarairosa.com\/wp-content\/uploads\/2024\/11\/468569036_1381361719578178_5494077404584308360_n-1-18x10.jpg 18w, https:\/\/www.klarairosa.com\/wp-content\/uploads\/2024\/11\/468569036_1381361719578178_5494077404584308360_n-1-700x395.jpg 700w, https:\/\/www.klarairosa.com\/wp-content\/uploads\/2024\/11\/468569036_1381361719578178_5494077404584308360_n-1-539x303.jpg 539w\" sizes=\"(max-width: 300px) 100vw, 300px\" \/>\n\t\t<div class=\"figc no-description\">\n\t\t\t<div class=\"figc-inner\">\n\t\t\t\t\t\t\t\t\t\t\t\t\t\t\t<\/div>\n\t\t<\/div>\n\n\t<\/div>\n\n<\/div><div class=\"modula-item effect-pufrobo\" >\n\t<div class=\"modula-item-overlay\"><\/div>\n\n\t<div class=\"modula-item-content\">\n\n\t\t<a data-image-id=\"22411\" role=\"button\" data-elementor-open-lightbox=\"no\" tabindex=\"0\" rel=\"jtg-22409\" data-caption=\"\" aria-label=\"Open image in lightbox\" class=\"tile-inner modula-item-link\"><\/a><img decoding=\"async\" class=\"pic wp-image-22411\"  data-valign=\"middle\" data-halign=\"center\" alt=\"\" data-full=\"https:\/\/www.klarairosa.com\/wp-content\/uploads\/2024\/11\/468503652_1381361699578180_8469909018359169003_n.jpg\" title=\"468503652_1381361699578180_8469909018359169003_n\" crop=\"\" width=\"300\" height=\"169\" src=\"https:\/\/www.klarairosa.com\/wp-content\/uploads\/2024\/11\/468503652_1381361699578180_8469909018359169003_n-300x169.jpg\" data-src=\"https:\/\/www.klarairosa.com\/wp-content\/uploads\/2024\/11\/468503652_1381361699578180_8469909018359169003_n-300x169.jpg\" data-caption=\"\" srcset=\"https:\/\/www.klarairosa.com\/wp-content\/uploads\/2024\/11\/468503652_1381361699578180_8469909018359169003_n.jpg 1440w, https:\/\/www.klarairosa.com\/wp-content\/uploads\/2024\/11\/468503652_1381361699578180_8469909018359169003_n-300x169.jpg 300w, https:\/\/www.klarairosa.com\/wp-content\/uploads\/2024\/11\/468503652_1381361699578180_8469909018359169003_n-1024x577.jpg 1024w, https:\/\/www.klarairosa.com\/wp-content\/uploads\/2024\/11\/468503652_1381361699578180_8469909018359169003_n-768x433.jpg 768w, https:\/\/www.klarairosa.com\/wp-content\/uploads\/2024\/11\/468503652_1381361699578180_8469909018359169003_n-18x10.jpg 18w, https:\/\/www.klarairosa.com\/wp-content\/uploads\/2024\/11\/468503652_1381361699578180_8469909018359169003_n-700x395.jpg 700w, https:\/\/www.klarairosa.com\/wp-content\/uploads\/2024\/11\/468503652_1381361699578180_8469909018359169003_n-539x303.jpg 539w\" sizes=\"(max-width: 300px) 100vw, 300px\" \/>\n\t\t<div class=\"figc no-description\">\n\t\t\t<div class=\"figc-inner\">\n\t\t\t\t\t\t\t\t\t\t\t\t\t\t\t<\/div>\n\t\t<\/div>\n\n\t<\/div>\n\n<\/div><div class=\"modula-item effect-pufrobo\" >\n\t<div class=\"modula-item-overlay\"><\/div>\n\n\t<div class=\"modula-item-content\">\n\n\t\t<a data-image-id=\"22412\" role=\"button\" data-elementor-open-lightbox=\"no\" tabindex=\"0\" rel=\"jtg-22409\" data-caption=\"\" aria-label=\"Open image in lightbox\" class=\"tile-inner modula-item-link\"><\/a><img loading=\"lazy\" decoding=\"async\" class=\"pic wp-image-22412\"  data-valign=\"middle\" data-halign=\"center\" alt=\"\" data-full=\"https:\/\/www.klarairosa.com\/wp-content\/uploads\/2024\/11\/468504425_1381361712911512_6237462721851801715_n.jpg\" title=\"468504425_1381361712911512_6237462721851801715_n\" crop=\"\" width=\"300\" height=\"169\" src=\"https:\/\/www.klarairosa.com\/wp-content\/uploads\/2024\/11\/468504425_1381361712911512_6237462721851801715_n-300x169.jpg\" data-src=\"https:\/\/www.klarairosa.com\/wp-content\/uploads\/2024\/11\/468504425_1381361712911512_6237462721851801715_n-300x169.jpg\" data-caption=\"\" srcset=\"https:\/\/www.klarairosa.com\/wp-content\/uploads\/2024\/11\/468504425_1381361712911512_6237462721851801715_n.jpg 1440w, https:\/\/www.klarairosa.com\/wp-content\/uploads\/2024\/11\/468504425_1381361712911512_6237462721851801715_n-300x169.jpg 300w, https:\/\/www.klarairosa.com\/wp-content\/uploads\/2024\/11\/468504425_1381361712911512_6237462721851801715_n-1024x577.jpg 1024w, https:\/\/www.klarairosa.com\/wp-content\/uploads\/2024\/11\/468504425_1381361712911512_6237462721851801715_n-768x433.jpg 768w, https:\/\/www.klarairosa.com\/wp-content\/uploads\/2024\/11\/468504425_1381361712911512_6237462721851801715_n-18x10.jpg 18w, https:\/\/www.klarairosa.com\/wp-content\/uploads\/2024\/11\/468504425_1381361712911512_6237462721851801715_n-700x395.jpg 700w, https:\/\/www.klarairosa.com\/wp-content\/uploads\/2024\/11\/468504425_1381361712911512_6237462721851801715_n-539x303.jpg 539w\" sizes=\"(max-width: 300px) 100vw, 300px\" \/>\n\t\t<div class=\"figc no-description\">\n\t\t\t<div class=\"figc-inner\">\n\t\t\t\t\t\t\t\t\t\t\t\t\t\t\t<\/div>\n\t\t<\/div>\n\n\t<\/div>\n\n<\/div><div class=\"modula-item effect-pufrobo\" >\n\t<div class=\"modula-item-overlay\"><\/div>\n\n\t<div class=\"modula-item-content\">\n\n\t\t<a data-image-id=\"22413\" role=\"button\" data-elementor-open-lightbox=\"no\" tabindex=\"0\" rel=\"jtg-22409\" data-caption=\"\" aria-label=\"Open image in lightbox\" class=\"tile-inner modula-item-link\"><\/a><img loading=\"lazy\" decoding=\"async\" class=\"pic wp-image-22413\"  data-valign=\"middle\" data-halign=\"center\" alt=\"\" data-full=\"https:\/\/www.klarairosa.com\/wp-content\/uploads\/2024\/11\/468519544_1381361716244845_7966566743581152801_n.jpg\" title=\"468519544_1381361716244845_7966566743581152801_n\" crop=\"\" width=\"300\" height=\"169\" src=\"https:\/\/www.klarairosa.com\/wp-content\/uploads\/2024\/11\/468519544_1381361716244845_7966566743581152801_n-300x169.jpg\" data-src=\"https:\/\/www.klarairosa.com\/wp-content\/uploads\/2024\/11\/468519544_1381361716244845_7966566743581152801_n-300x169.jpg\" data-caption=\"\" srcset=\"https:\/\/www.klarairosa.com\/wp-content\/uploads\/2024\/11\/468519544_1381361716244845_7966566743581152801_n.jpg 1440w, https:\/\/www.klarairosa.com\/wp-content\/uploads\/2024\/11\/468519544_1381361716244845_7966566743581152801_n-300x169.jpg 300w, https:\/\/www.klarairosa.com\/wp-content\/uploads\/2024\/11\/468519544_1381361716244845_7966566743581152801_n-1024x577.jpg 1024w, https:\/\/www.klarairosa.com\/wp-content\/uploads\/2024\/11\/468519544_1381361716244845_7966566743581152801_n-768x433.jpg 768w, https:\/\/www.klarairosa.com\/wp-content\/uploads\/2024\/11\/468519544_1381361716244845_7966566743581152801_n-18x10.jpg 18w, https:\/\/www.klarairosa.com\/wp-content\/uploads\/2024\/11\/468519544_1381361716244845_7966566743581152801_n-700x395.jpg 700w, https:\/\/www.klarairosa.com\/wp-content\/uploads\/2024\/11\/468519544_1381361716244845_7966566743581152801_n-539x303.jpg 539w\" sizes=\"(max-width: 300px) 100vw, 300px\" \/>\n\t\t<div class=\"figc no-description\">\n\t\t\t<div class=\"figc-inner\">\n\t\t\t\t\t\t\t\t\t\t\t\t\t\t\t<\/div>\n\t\t<\/div>\n\n\t<\/div>\n\n<\/div><div class=\"modula-item effect-pufrobo\" >\n\t<div class=\"modula-item-overlay\"><\/div>\n\n\t<div class=\"modula-item-content\">\n\n\t\t<a data-image-id=\"22414\" role=\"button\" data-elementor-open-lightbox=\"no\" tabindex=\"0\" rel=\"jtg-22409\" data-caption=\"\" aria-label=\"Open image in lightbox\" class=\"tile-inner modula-item-link\"><\/a><img loading=\"lazy\" decoding=\"async\" class=\"pic wp-image-22414\"  data-valign=\"middle\" data-halign=\"center\" alt=\"\" data-full=\"https:\/\/www.klarairosa.com\/wp-content\/uploads\/2024\/11\/468562339_1381361709578179_6289157169888359667_n.jpg\" title=\"468562339_1381361709578179_6289157169888359667_n\" crop=\"\" width=\"300\" height=\"169\" src=\"https:\/\/www.klarairosa.com\/wp-content\/uploads\/2024\/11\/468562339_1381361709578179_6289157169888359667_n-300x169.jpg\" data-src=\"https:\/\/www.klarairosa.com\/wp-content\/uploads\/2024\/11\/468562339_1381361709578179_6289157169888359667_n-300x169.jpg\" data-caption=\"\" srcset=\"https:\/\/www.klarairosa.com\/wp-content\/uploads\/2024\/11\/468562339_1381361709578179_6289157169888359667_n.jpg 1440w, https:\/\/www.klarairosa.com\/wp-content\/uploads\/2024\/11\/468562339_1381361709578179_6289157169888359667_n-300x169.jpg 300w, https:\/\/www.klarairosa.com\/wp-content\/uploads\/2024\/11\/468562339_1381361709578179_6289157169888359667_n-1024x577.jpg 1024w, https:\/\/www.klarairosa.com\/wp-content\/uploads\/2024\/11\/468562339_1381361709578179_6289157169888359667_n-768x433.jpg 768w, https:\/\/www.klarairosa.com\/wp-content\/uploads\/2024\/11\/468562339_1381361709578179_6289157169888359667_n-18x10.jpg 18w, https:\/\/www.klarairosa.com\/wp-content\/uploads\/2024\/11\/468562339_1381361709578179_6289157169888359667_n-700x395.jpg 700w, https:\/\/www.klarairosa.com\/wp-content\/uploads\/2024\/11\/468562339_1381361709578179_6289157169888359667_n-539x303.jpg 539w\" sizes=\"(max-width: 300px) 100vw, 300px\" \/>\n\t\t<div class=\"figc no-description\">\n\t\t\t<div class=\"figc-inner\">\n\t\t\t\t\t\t\t\t\t\t\t\t\t\t\t<\/div>\n\t\t<\/div>\n\n\t<\/div>\n\n<\/div><div class=\"modula-item effect-pufrobo\" >\n\t<div class=\"modula-item-overlay\"><\/div>\n\n\t<div class=\"modula-item-content\">\n\n\t\t<a data-image-id=\"22420\" role=\"button\" data-elementor-open-lightbox=\"no\" tabindex=\"0\" rel=\"jtg-22409\" data-caption=\"\" aria-label=\"Open image in lightbox\" class=\"tile-inner modula-item-link\"><\/a><img loading=\"lazy\" decoding=\"async\" class=\"pic wp-image-22420\"  data-valign=\"middle\" data-halign=\"center\" alt=\"\" data-full=\"https:\/\/www.klarairosa.com\/wp-content\/uploads\/2024\/11\/smanjeno_2.jpg\" title=\"smanjeno_2\" crop=\"\" width=\"300\" height=\"169\" src=\"https:\/\/www.klarairosa.com\/wp-content\/uploads\/2024\/11\/smanjeno_2-300x169.jpg\" data-src=\"https:\/\/www.klarairosa.com\/wp-content\/uploads\/2024\/11\/smanjeno_2-300x169.jpg\" data-caption=\"\" srcset=\"https:\/\/www.klarairosa.com\/wp-content\/uploads\/2024\/11\/smanjeno_2.jpg 1024w, https:\/\/www.klarairosa.com\/wp-content\/uploads\/2024\/11\/smanjeno_2-300x169.jpg 300w, https:\/\/www.klarairosa.com\/wp-content\/uploads\/2024\/11\/smanjeno_2-768x433.jpg 768w, https:\/\/www.klarairosa.com\/wp-content\/uploads\/2024\/11\/smanjeno_2-18x10.jpg 18w, https:\/\/www.klarairosa.com\/wp-content\/uploads\/2024\/11\/smanjeno_2-700x394.jpg 700w, https:\/\/www.klarairosa.com\/wp-content\/uploads\/2024\/11\/smanjeno_2-539x303.jpg 539w\" sizes=\"(max-width: 300px) 100vw, 300px\" \/>\n\t\t<div class=\"figc no-description\">\n\t\t\t<div class=\"figc-inner\">\n\t\t\t\t\t\t\t\t\t\t\t\t\t\t\t<\/div>\n\t\t<\/div>\n\n\t<\/div>\n\n<\/div>\t\t\n\t<\/div>\n\n\t\n\t\n\t<script type=\"application\/ld+json\">\n\t{\n\t\t\"@context\": \"http:\/\/schema.org\",\n\t\t\"@type\"   : \"ImageGallery\",\n\t\t\"id\"      : \"https:\/\/www.klarairosa.com\/hu\/o-zajednickom-prostori-zajednistva\/\",\n\t\t\"url\"     : \"https:\/\/www.klarairosa.com\/hu\/o-zajednickom-prostori-zajednistva\/\"\n\t}\n\n\t<\/script>\n\n\t\n<\/div>\n\n<p style=\"text-align: justify;\">\n","protected":false},"excerpt":{"rendered":"<p>Pitanje \u201eoti\u0107i ili ostati?\u201c i dilema izme\u0111u apoliti\u010dnosti i akcije postavljaju temeljnu dilemu koju mnogi&#8230;<\/p>","protected":false},"author":1,"featured_media":22333,"comment_status":"closed","ping_status":"closed","sticky":false,"template":"","format":"standard","meta":{"content-type":"","inline_featured_image":false,"footnotes":""},"categories":[109],"tags":[121,494,504,282,92,505,124,366,503,506,352,141,508,152,507,165],"class_list":["post-22327","post","type-post","status-publish","format-standard","has-post-thumbnail","hentry","category-aktuelno","tag-121","tag-act","tag-akc-gnezdo","tag-community","tag-iva-cukic","tag-kaca-dimitrijevic","tag-klara-i-rosa","tag-mala-bosna","tag-ministarstvo-prostora","tag-natalija-boka","tag-o-zajednickom","tag-prostori","tag-prostori-zajednickog","tag-subotica","tag-tahles","tag-tribina"],"yoast_head":"<!-- This site is optimized with the Yoast SEO plugin v27.5 - https:\/\/yoast.com\/product\/yoast-seo-wordpress\/ -->\n<title>O ZAJEDNI\u010cKOM: PROSTORI ZAJEDNI\u0160TVA - Klara i Rosa<\/title>\n<meta name=\"robots\" content=\"index, follow, max-snippet:-1, max-image-preview:large, max-video-preview:-1\" \/>\n<link rel=\"canonical\" href=\"https:\/\/www.klarairosa.com\/hu\/o-zajednickom-prostori-zajednistva\/\" \/>\n<meta property=\"og:locale\" content=\"hu_HU\" \/>\n<meta property=\"og:type\" content=\"article\" \/>\n<meta property=\"og:title\" content=\"O ZAJEDNI\u010cKOM: PROSTORI ZAJEDNI\u0160TVA - Klara i Rosa\" \/>\n<meta property=\"og:description\" content=\"Pitanje \u201eoti\u0107i ili ostati?\u201c i dilema izme\u0111u apoliti\u010dnosti i akcije postavljaju temeljnu dilemu koju mnogi...\" \/>\n<meta property=\"og:url\" content=\"https:\/\/www.klarairosa.com\/hu\/o-zajednickom-prostori-zajednistva\/\" \/>\n<meta property=\"og:site_name\" content=\"Klara i Rosa\" \/>\n<meta property=\"article:publisher\" content=\"https:\/\/www.facebook.com\/klarairosa\/\" \/>\n<meta property=\"article:published_time\" content=\"2024-11-18T17:57:43+00:00\" \/>\n<meta property=\"article:modified_time\" content=\"2024-11-28T10:32:32+00:00\" \/>\n<meta property=\"og:image\" content=\"https:\/\/www.klarairosa.com\/wp-content\/uploads\/2024\/11\/1.-SAJT-zajednistva.jpg\" \/>\n\t<meta property=\"og:image:width\" content=\"1352\" \/>\n\t<meta property=\"og:image:height\" content=\"1005\" \/>\n\t<meta property=\"og:image:type\" content=\"image\/jpeg\" \/>\n<meta name=\"author\" content=\"Klara i Rosa\" \/>\n<meta name=\"twitter:card\" content=\"summary_large_image\" \/>\n<meta name=\"twitter:label1\" content=\"Szerz\u0151:\" \/>\n\t<meta name=\"twitter:data1\" content=\"Klara i Rosa\" \/>\n\t<meta name=\"twitter:label2\" content=\"Becs\u00fclt olvas\u00e1si id\u0151\" \/>\n\t<meta name=\"twitter:data2\" content=\"2 perc\" \/>\n<script type=\"application\/ld+json\" class=\"yoast-schema-graph\">{\"@context\":\"https:\\\/\\\/schema.org\",\"@graph\":[{\"@type\":\"Article\",\"@id\":\"https:\\\/\\\/www.klarairosa.com\\\/o-zajednickom-prostori-zajednistva\\\/#article\",\"isPartOf\":{\"@id\":\"https:\\\/\\\/www.klarairosa.com\\\/o-zajednickom-prostori-zajednistva\\\/\"},\"author\":{\"name\":\"Klara i Rosa\",\"@id\":\"https:\\\/\\\/www.klarairosa.com\\\/en\\\/#\\\/schema\\\/person\\\/e4e7e9e5c8eeeddccf61e4532ae8e6ed\"},\"headline\":\"O ZAJEDNI\u010cKOM: PROSTORI ZAJEDNI\u0160TVA\",\"datePublished\":\"2024-11-18T17:57:43+00:00\",\"dateModified\":\"2024-11-28T10:32:32+00:00\",\"mainEntityOfPage\":{\"@id\":\"https:\\\/\\\/www.klarairosa.com\\\/o-zajednickom-prostori-zajednistva\\\/\"},\"wordCount\":335,\"publisher\":{\"@id\":\"https:\\\/\\\/www.klarairosa.com\\\/en\\\/#organization\"},\"image\":{\"@id\":\"https:\\\/\\\/www.klarairosa.com\\\/o-zajednickom-prostori-zajednistva\\\/#primaryimage\"},\"thumbnailUrl\":\"https:\\\/\\\/www.klarairosa.com\\\/wp-content\\\/uploads\\\/2024\\\/11\\\/1.-SAJT-zajednistva.jpg\",\"keywords\":[\"2023\",\"act\",\"akc gnezdo\",\"community\",\"Iva \u010cuki\u0107\",\"kaca dimitrijevic\",\"Klara i Rosa\",\"mala bosna\",\"ministarstvo prostora\",\"natalija boka\",\"o zajednickom\",\"prostori\",\"prostori zajednickog\",\"subotica\",\"tahles\",\"tribina\"],\"articleSection\":[\"Aktuelno\"],\"inLanguage\":\"hu\"},{\"@type\":\"WebPage\",\"@id\":\"https:\\\/\\\/www.klarairosa.com\\\/o-zajednickom-prostori-zajednistva\\\/\",\"url\":\"https:\\\/\\\/www.klarairosa.com\\\/o-zajednickom-prostori-zajednistva\\\/\",\"name\":\"O ZAJEDNI\u010cKOM: PROSTORI ZAJEDNI\u0160TVA - Klara i Rosa\",\"isPartOf\":{\"@id\":\"https:\\\/\\\/www.klarairosa.com\\\/en\\\/#website\"},\"primaryImageOfPage\":{\"@id\":\"https:\\\/\\\/www.klarairosa.com\\\/o-zajednickom-prostori-zajednistva\\\/#primaryimage\"},\"image\":{\"@id\":\"https:\\\/\\\/www.klarairosa.com\\\/o-zajednickom-prostori-zajednistva\\\/#primaryimage\"},\"thumbnailUrl\":\"https:\\\/\\\/www.klarairosa.com\\\/wp-content\\\/uploads\\\/2024\\\/11\\\/1.-SAJT-zajednistva.jpg\",\"datePublished\":\"2024-11-18T17:57:43+00:00\",\"dateModified\":\"2024-11-28T10:32:32+00:00\",\"breadcrumb\":{\"@id\":\"https:\\\/\\\/www.klarairosa.com\\\/o-zajednickom-prostori-zajednistva\\\/#breadcrumb\"},\"inLanguage\":\"hu\",\"potentialAction\":[{\"@type\":\"ReadAction\",\"target\":[\"https:\\\/\\\/www.klarairosa.com\\\/o-zajednickom-prostori-zajednistva\\\/\"]}]},{\"@type\":\"ImageObject\",\"inLanguage\":\"hu\",\"@id\":\"https:\\\/\\\/www.klarairosa.com\\\/o-zajednickom-prostori-zajednistva\\\/#primaryimage\",\"url\":\"https:\\\/\\\/www.klarairosa.com\\\/wp-content\\\/uploads\\\/2024\\\/11\\\/1.-SAJT-zajednistva.jpg\",\"contentUrl\":\"https:\\\/\\\/www.klarairosa.com\\\/wp-content\\\/uploads\\\/2024\\\/11\\\/1.-SAJT-zajednistva.jpg\",\"width\":1352,\"height\":1005},{\"@type\":\"BreadcrumbList\",\"@id\":\"https:\\\/\\\/www.klarairosa.com\\\/o-zajednickom-prostori-zajednistva\\\/#breadcrumb\",\"itemListElement\":[{\"@type\":\"ListItem\",\"position\":1,\"name\":\"Home\",\"item\":\"https:\\\/\\\/www.klarairosa.com\\\/\"},{\"@type\":\"ListItem\",\"position\":2,\"name\":\"O ZAJEDNI\u010cKOM: PROSTORI ZAJEDNI\u0160TVA\"}]},{\"@type\":\"WebSite\",\"@id\":\"https:\\\/\\\/www.klarairosa.com\\\/en\\\/#website\",\"url\":\"https:\\\/\\\/www.klarairosa.com\\\/en\\\/\",\"name\":\"Klara i Rosa\",\"description\":\"Klara i Rosa\",\"publisher\":{\"@id\":\"https:\\\/\\\/www.klarairosa.com\\\/en\\\/#organization\"},\"potentialAction\":[{\"@type\":\"SearchAction\",\"target\":{\"@type\":\"EntryPoint\",\"urlTemplate\":\"https:\\\/\\\/www.klarairosa.com\\\/en\\\/?s={search_term_string}\"},\"query-input\":{\"@type\":\"PropertyValueSpecification\",\"valueRequired\":true,\"valueName\":\"search_term_string\"}}],\"inLanguage\":\"hu\"},{\"@type\":\"Organization\",\"@id\":\"https:\\\/\\\/www.klarairosa.com\\\/en\\\/#organization\",\"name\":\"Klara i Rosa\",\"url\":\"https:\\\/\\\/www.klarairosa.com\\\/en\\\/\",\"logo\":{\"@type\":\"ImageObject\",\"inLanguage\":\"hu\",\"@id\":\"https:\\\/\\\/www.klarairosa.com\\\/en\\\/#\\\/schema\\\/logo\\\/image\\\/\",\"url\":\"https:\\\/\\\/www.klarairosa.com\\\/wp-content\\\/uploads\\\/2022\\\/01\\\/logo.svg\",\"contentUrl\":\"https:\\\/\\\/www.klarairosa.com\\\/wp-content\\\/uploads\\\/2022\\\/01\\\/logo.svg\",\"width\":110,\"height\":139,\"caption\":\"Klara i Rosa\"},\"image\":{\"@id\":\"https:\\\/\\\/www.klarairosa.com\\\/en\\\/#\\\/schema\\\/logo\\\/image\\\/\"},\"sameAs\":[\"https:\\\/\\\/www.facebook.com\\\/klarairosa\\\/\",\"https:\\\/\\\/www.instagram.com\\\/ugklarairosa\\\/\"]},{\"@type\":\"Person\",\"@id\":\"https:\\\/\\\/www.klarairosa.com\\\/en\\\/#\\\/schema\\\/person\\\/e4e7e9e5c8eeeddccf61e4532ae8e6ed\",\"name\":\"Klara i Rosa\",\"image\":{\"@type\":\"ImageObject\",\"inLanguage\":\"hu\",\"@id\":\"https:\\\/\\\/secure.gravatar.com\\\/avatar\\\/c83ee539a067b9f57ae5d8999ae286c4f98b5c4bd943b8cbb64f6b0fc1f29e40?s=96&d=mm&r=g\",\"url\":\"https:\\\/\\\/secure.gravatar.com\\\/avatar\\\/c83ee539a067b9f57ae5d8999ae286c4f98b5c4bd943b8cbb64f6b0fc1f29e40?s=96&d=mm&r=g\",\"contentUrl\":\"https:\\\/\\\/secure.gravatar.com\\\/avatar\\\/c83ee539a067b9f57ae5d8999ae286c4f98b5c4bd943b8cbb64f6b0fc1f29e40?s=96&d=mm&r=g\",\"caption\":\"Klara i Rosa\"},\"sameAs\":[\"https:\\\/\\\/klarairosa.com\"],\"url\":\"https:\\\/\\\/www.klarairosa.com\\\/hu\\\/author\\\/rosaiklara\\\/\"}]}<\/script>\n<!-- \/ Yoast SEO plugin. -->","yoast_head_json":{"title":"O ZAJEDNI\u010cKOM: PROSTORI ZAJEDNI\u0160TVA - Klara i Rosa","robots":{"index":"index","follow":"follow","max-snippet":"max-snippet:-1","max-image-preview":"max-image-preview:large","max-video-preview":"max-video-preview:-1"},"canonical":"https:\/\/www.klarairosa.com\/hu\/o-zajednickom-prostori-zajednistva\/","og_locale":"hu_HU","og_type":"article","og_title":"O ZAJEDNI\u010cKOM: PROSTORI ZAJEDNI\u0160TVA - Klara i Rosa","og_description":"Pitanje \u201eoti\u0107i ili ostati?\u201c i dilema izme\u0111u apoliti\u010dnosti i akcije postavljaju temeljnu dilemu koju mnogi...","og_url":"https:\/\/www.klarairosa.com\/hu\/o-zajednickom-prostori-zajednistva\/","og_site_name":"Klara i Rosa","article_publisher":"https:\/\/www.facebook.com\/klarairosa\/","article_published_time":"2024-11-18T17:57:43+00:00","article_modified_time":"2024-11-28T10:32:32+00:00","og_image":[{"width":1352,"height":1005,"url":"https:\/\/www.klarairosa.com\/wp-content\/uploads\/2024\/11\/1.-SAJT-zajednistva.jpg","type":"image\/jpeg"}],"author":"Klara i Rosa","twitter_card":"summary_large_image","twitter_misc":{"Szerz\u0151:":"Klara i Rosa","Becs\u00fclt olvas\u00e1si id\u0151":"2 perc"},"schema":{"@context":"https:\/\/schema.org","@graph":[{"@type":"Article","@id":"https:\/\/www.klarairosa.com\/o-zajednickom-prostori-zajednistva\/#article","isPartOf":{"@id":"https:\/\/www.klarairosa.com\/o-zajednickom-prostori-zajednistva\/"},"author":{"name":"Klara i Rosa","@id":"https:\/\/www.klarairosa.com\/en\/#\/schema\/person\/e4e7e9e5c8eeeddccf61e4532ae8e6ed"},"headline":"O ZAJEDNI\u010cKOM: PROSTORI ZAJEDNI\u0160TVA","datePublished":"2024-11-18T17:57:43+00:00","dateModified":"2024-11-28T10:32:32+00:00","mainEntityOfPage":{"@id":"https:\/\/www.klarairosa.com\/o-zajednickom-prostori-zajednistva\/"},"wordCount":335,"publisher":{"@id":"https:\/\/www.klarairosa.com\/en\/#organization"},"image":{"@id":"https:\/\/www.klarairosa.com\/o-zajednickom-prostori-zajednistva\/#primaryimage"},"thumbnailUrl":"https:\/\/www.klarairosa.com\/wp-content\/uploads\/2024\/11\/1.-SAJT-zajednistva.jpg","keywords":["2023","act","akc gnezdo","community","Iva \u010cuki\u0107","kaca dimitrijevic","Klara i Rosa","mala bosna","ministarstvo prostora","natalija boka","o zajednickom","prostori","prostori zajednickog","subotica","tahles","tribina"],"articleSection":["Aktuelno"],"inLanguage":"hu"},{"@type":"WebPage","@id":"https:\/\/www.klarairosa.com\/o-zajednickom-prostori-zajednistva\/","url":"https:\/\/www.klarairosa.com\/o-zajednickom-prostori-zajednistva\/","name":"O ZAJEDNI\u010cKOM: PROSTORI ZAJEDNI\u0160TVA - Klara i Rosa","isPartOf":{"@id":"https:\/\/www.klarairosa.com\/en\/#website"},"primaryImageOfPage":{"@id":"https:\/\/www.klarairosa.com\/o-zajednickom-prostori-zajednistva\/#primaryimage"},"image":{"@id":"https:\/\/www.klarairosa.com\/o-zajednickom-prostori-zajednistva\/#primaryimage"},"thumbnailUrl":"https:\/\/www.klarairosa.com\/wp-content\/uploads\/2024\/11\/1.-SAJT-zajednistva.jpg","datePublished":"2024-11-18T17:57:43+00:00","dateModified":"2024-11-28T10:32:32+00:00","breadcrumb":{"@id":"https:\/\/www.klarairosa.com\/o-zajednickom-prostori-zajednistva\/#breadcrumb"},"inLanguage":"hu","potentialAction":[{"@type":"ReadAction","target":["https:\/\/www.klarairosa.com\/o-zajednickom-prostori-zajednistva\/"]}]},{"@type":"ImageObject","inLanguage":"hu","@id":"https:\/\/www.klarairosa.com\/o-zajednickom-prostori-zajednistva\/#primaryimage","url":"https:\/\/www.klarairosa.com\/wp-content\/uploads\/2024\/11\/1.-SAJT-zajednistva.jpg","contentUrl":"https:\/\/www.klarairosa.com\/wp-content\/uploads\/2024\/11\/1.-SAJT-zajednistva.jpg","width":1352,"height":1005},{"@type":"BreadcrumbList","@id":"https:\/\/www.klarairosa.com\/o-zajednickom-prostori-zajednistva\/#breadcrumb","itemListElement":[{"@type":"ListItem","position":1,"name":"Home","item":"https:\/\/www.klarairosa.com\/"},{"@type":"ListItem","position":2,"name":"O ZAJEDNI\u010cKOM: PROSTORI ZAJEDNI\u0160TVA"}]},{"@type":"WebSite","@id":"https:\/\/www.klarairosa.com\/en\/#website","url":"https:\/\/www.klarairosa.com\/en\/","name":"Kl\u00e1ra \u00e9s Rosa Egyes\u00fclet","description":"Kl\u00e1ra \u00e9s Rosa Egyes\u00fclet","publisher":{"@id":"https:\/\/www.klarairosa.com\/en\/#organization"},"potentialAction":[{"@type":"SearchAction","target":{"@type":"EntryPoint","urlTemplate":"https:\/\/www.klarairosa.com\/en\/?s={search_term_string}"},"query-input":{"@type":"PropertyValueSpecification","valueRequired":true,"valueName":"search_term_string"}}],"inLanguage":"hu"},{"@type":"Organization","@id":"https:\/\/www.klarairosa.com\/en\/#organization","name":"Kl\u00e1ra \u00e9s Rosa Egyes\u00fclet","url":"https:\/\/www.klarairosa.com\/en\/","logo":{"@type":"ImageObject","inLanguage":"hu","@id":"https:\/\/www.klarairosa.com\/en\/#\/schema\/logo\/image\/","url":"https:\/\/www.klarairosa.com\/wp-content\/uploads\/2022\/01\/logo.svg","contentUrl":"https:\/\/www.klarairosa.com\/wp-content\/uploads\/2022\/01\/logo.svg","width":110,"height":139,"caption":"Klara i Rosa"},"image":{"@id":"https:\/\/www.klarairosa.com\/en\/#\/schema\/logo\/image\/"},"sameAs":["https:\/\/www.facebook.com\/klarairosa\/","https:\/\/www.instagram.com\/ugklarairosa\/"]},{"@type":"Person","@id":"https:\/\/www.klarairosa.com\/en\/#\/schema\/person\/e4e7e9e5c8eeeddccf61e4532ae8e6ed","name":"Kl\u00e1ra \u00e9s Rosa Egyes\u00fclet","image":{"@type":"ImageObject","inLanguage":"hu","@id":"https:\/\/secure.gravatar.com\/avatar\/c83ee539a067b9f57ae5d8999ae286c4f98b5c4bd943b8cbb64f6b0fc1f29e40?s=96&d=mm&r=g","url":"https:\/\/secure.gravatar.com\/avatar\/c83ee539a067b9f57ae5d8999ae286c4f98b5c4bd943b8cbb64f6b0fc1f29e40?s=96&d=mm&r=g","contentUrl":"https:\/\/secure.gravatar.com\/avatar\/c83ee539a067b9f57ae5d8999ae286c4f98b5c4bd943b8cbb64f6b0fc1f29e40?s=96&d=mm&r=g","caption":"Klara i Rosa"},"sameAs":["https:\/\/klarairosa.com"],"url":"https:\/\/www.klarairosa.com\/hu\/author\/rosaiklara\/"}]}},"_links":{"self":[{"href":"https:\/\/www.klarairosa.com\/hu\/wp-json\/wp\/v2\/posts\/22327","targetHints":{"allow":["GET"]}}],"collection":[{"href":"https:\/\/www.klarairosa.com\/hu\/wp-json\/wp\/v2\/posts"}],"about":[{"href":"https:\/\/www.klarairosa.com\/hu\/wp-json\/wp\/v2\/types\/post"}],"author":[{"embeddable":true,"href":"https:\/\/www.klarairosa.com\/hu\/wp-json\/wp\/v2\/users\/1"}],"replies":[{"embeddable":true,"href":"https:\/\/www.klarairosa.com\/hu\/wp-json\/wp\/v2\/comments?post=22327"}],"version-history":[{"count":4,"href":"https:\/\/www.klarairosa.com\/hu\/wp-json\/wp\/v2\/posts\/22327\/revisions"}],"predecessor-version":[{"id":22423,"href":"https:\/\/www.klarairosa.com\/hu\/wp-json\/wp\/v2\/posts\/22327\/revisions\/22423"}],"wp:featuredmedia":[{"embeddable":true,"href":"https:\/\/www.klarairosa.com\/hu\/wp-json\/wp\/v2\/media\/22333"}],"wp:attachment":[{"href":"https:\/\/www.klarairosa.com\/hu\/wp-json\/wp\/v2\/media?parent=22327"}],"wp:term":[{"taxonomy":"category","embeddable":true,"href":"https:\/\/www.klarairosa.com\/hu\/wp-json\/wp\/v2\/categories?post=22327"},{"taxonomy":"post_tag","embeddable":true,"href":"https:\/\/www.klarairosa.com\/hu\/wp-json\/wp\/v2\/tags?post=22327"}],"curies":[{"name":"wp","href":"https:\/\/api.w.org\/{rel}","templated":true}]}}