{"id":21932,"date":"2024-09-19T09:56:44","date_gmt":"2024-09-19T09:56:44","guid":{"rendered":"https:\/\/www.klarairosa.com\/?p=21932"},"modified":"2024-09-27T15:17:55","modified_gmt":"2024-09-27T15:17:55","slug":"drama-u-obrazovnom-procesu","status":"publish","type":"post","link":"https:\/\/www.klarairosa.com\/hu\/drama-u-obrazovnom-procesu\/","title":{"rendered":"Dr\u00e1ma az oktat\u00f3i folyamatban"},"content":{"rendered":"<div class=\"x11i5rnm xat24cr x1mh8g0r x1vvkbs xtlvy1s\" style=\"text-align: justify;\">\r\n<div class=\"xdj266r x11i5rnm xat24cr x1mh8g0r x1vvkbs\">Szeptember 24-\u00e9n, kedden, 18 \u00f3r\u00e1t\u00f3l interakt\u00edv e\u0151ad\u00e1st tartunk m\u0171helymunka form\u00e1j\u00e1ban, amire v\u00e1runk el\u0151ad\u00f3kat, ifj\u00fas\u00e1gi munk\u00e1sokat, \u00e9s mindenkit, aki fiatalokkal foglalkozik.<\/div>\r\n<div class=\"xdj266r x11i5rnm xat24cr x1mh8g0r x1vvkbs\">.<br \/>A gyakorlati p\u00e9ld\u00e1kon \u00e9s gyakorlatokon, a dr\u00e1ma oktat\u00e1sban bet\u00f6lt\u00f6tt el\u0151nyeir\u0151l \u00e9s h\u00e1tr\u00e1nyair\u00f3l sz\u00f3l\u00f3 besz\u00e9lget\u00e9s megnyit\u00e1s\u00e1n \u00e9s a tapasztalatcser\u00e9n k\u00edv\u00fcl lehet\u0151s\u00e9g ny\u00edlik a form\u00e1lis \u00e9s inform\u00e1lis oktat\u00e1s k\u00e9pvisel\u0151i k\u00f6z\u00f6tti kapcsolat\u00e9p\u00edt\u00e9sre.<\/div>\r\n<div class=\"xdj266r x11i5rnm xat24cr x1mh8g0r x1vvkbs translation-block\">.<br>Proces vodi <strong>Du\u0161an Kalejski<\/strong>, dramski pedagog iz organizacije <strong>CEKOM<\/strong> iz Zrenjanina.<\/div>\r\n<div class=\"xdj266r x11i5rnm xat24cr x1mh8g0r x1vvkbs\">.<br \/>A r\u00e9szv\u00e9tel ingyenes!<\/div>\r\n<\/div>\r\n<p>&nbsp;<\/p>","protected":false},"excerpt":{"rendered":"<p>U utorak 24. septembra od 18 \u010dasova odr\u017ea\u0107e se interaktivno predavanje u formi radionice namenjeno&#8230;<\/p>","protected":false},"author":1,"featured_media":21933,"comment_status":"open","ping_status":"open","sticky":false,"template":"","format":"standard","meta":{"content-type":"","inline_featured_image":false,"footnotes":""},"categories":[119],"tags":[312,432,124,140,152],"class_list":["post-21932","post","type-post","status-publish","format-standard","has-post-thumbnail","hentry","category-ostalo","tag-312","tag-cekom","tag-klara-i-rosa","tag-radionica","tag-subotica"],"yoast_head":"<!-- This site is optimized with the Yoast SEO plugin v27.5 - https:\/\/yoast.com\/product\/yoast-seo-wordpress\/ -->\n<title>Drama u obrazovnom procesu - Klara i Rosa<\/title>\n<meta name=\"robots\" content=\"index, follow, max-snippet:-1, max-image-preview:large, max-video-preview:-1\" \/>\n<link rel=\"canonical\" href=\"https:\/\/www.klarairosa.com\/hu\/drama-u-obrazovnom-procesu\/\" \/>\n<meta property=\"og:locale\" content=\"hu_HU\" \/>\n<meta property=\"og:type\" content=\"article\" \/>\n<meta property=\"og:title\" content=\"Drama u obrazovnom procesu - Klara i Rosa\" \/>\n<meta property=\"og:description\" content=\"U utorak 24. septembra od 18 \u010dasova odr\u017ea\u0107e se interaktivno predavanje u formi radionice namenjeno...\" \/>\n<meta property=\"og:url\" content=\"https:\/\/www.klarairosa.com\/hu\/drama-u-obrazovnom-procesu\/\" \/>\n<meta property=\"og:site_name\" content=\"Klara i Rosa\" \/>\n<meta property=\"article:publisher\" content=\"https:\/\/www.facebook.com\/klarairosa\/\" \/>\n<meta property=\"article:published_time\" content=\"2024-09-19T09:56:44+00:00\" \/>\n<meta property=\"article:modified_time\" content=\"2024-09-27T15:17:55+00:00\" \/>\n<meta property=\"og:image\" content=\"https:\/\/www.klarairosa.com\/wp-content\/uploads\/2024\/09\/1.-SAJT-drama.jpg\" \/>\n\t<meta property=\"og:image:width\" content=\"1352\" \/>\n\t<meta property=\"og:image:height\" content=\"1005\" \/>\n\t<meta property=\"og:image:type\" content=\"image\/jpeg\" \/>\n<meta name=\"author\" content=\"Klara i Rosa\" \/>\n<meta name=\"twitter:card\" content=\"summary_large_image\" \/>\n<meta name=\"twitter:label1\" content=\"Szerz\u0151:\" \/>\n\t<meta name=\"twitter:data1\" content=\"Klara i Rosa\" \/>\n<script type=\"application\/ld+json\" class=\"yoast-schema-graph\">{\"@context\":\"https:\\\/\\\/schema.org\",\"@graph\":[{\"@type\":\"Article\",\"@id\":\"https:\\\/\\\/www.klarairosa.com\\\/drama-u-obrazovnom-procesu\\\/#article\",\"isPartOf\":{\"@id\":\"https:\\\/\\\/www.klarairosa.com\\\/drama-u-obrazovnom-procesu\\\/\"},\"author\":{\"name\":\"Klara i Rosa\",\"@id\":\"https:\\\/\\\/www.klarairosa.com\\\/en\\\/#\\\/schema\\\/person\\\/e4e7e9e5c8eeeddccf61e4532ae8e6ed\"},\"headline\":\"Drama u obrazovnom procesu\",\"datePublished\":\"2024-09-19T09:56:44+00:00\",\"dateModified\":\"2024-09-27T15:17:55+00:00\",\"mainEntityOfPage\":{\"@id\":\"https:\\\/\\\/www.klarairosa.com\\\/drama-u-obrazovnom-procesu\\\/\"},\"wordCount\":77,\"commentCount\":0,\"publisher\":{\"@id\":\"https:\\\/\\\/www.klarairosa.com\\\/en\\\/#organization\"},\"image\":{\"@id\":\"https:\\\/\\\/www.klarairosa.com\\\/drama-u-obrazovnom-procesu\\\/#primaryimage\"},\"thumbnailUrl\":\"https:\\\/\\\/www.klarairosa.com\\\/wp-content\\\/uploads\\\/2024\\\/09\\\/1.-SAJT-drama.jpg\",\"keywords\":[\"2024\",\"Cekom\",\"Klara i Rosa\",\"radionica\",\"subotica\"],\"articleSection\":[\"Ostalo\"],\"inLanguage\":\"hu\",\"potentialAction\":[{\"@type\":\"CommentAction\",\"name\":\"Comment\",\"target\":[\"https:\\\/\\\/www.klarairosa.com\\\/drama-u-obrazovnom-procesu\\\/#respond\"]}]},{\"@type\":\"WebPage\",\"@id\":\"https:\\\/\\\/www.klarairosa.com\\\/drama-u-obrazovnom-procesu\\\/\",\"url\":\"https:\\\/\\\/www.klarairosa.com\\\/drama-u-obrazovnom-procesu\\\/\",\"name\":\"Drama u obrazovnom procesu - Klara i Rosa\",\"isPartOf\":{\"@id\":\"https:\\\/\\\/www.klarairosa.com\\\/en\\\/#website\"},\"primaryImageOfPage\":{\"@id\":\"https:\\\/\\\/www.klarairosa.com\\\/drama-u-obrazovnom-procesu\\\/#primaryimage\"},\"image\":{\"@id\":\"https:\\\/\\\/www.klarairosa.com\\\/drama-u-obrazovnom-procesu\\\/#primaryimage\"},\"thumbnailUrl\":\"https:\\\/\\\/www.klarairosa.com\\\/wp-content\\\/uploads\\\/2024\\\/09\\\/1.-SAJT-drama.jpg\",\"datePublished\":\"2024-09-19T09:56:44+00:00\",\"dateModified\":\"2024-09-27T15:17:55+00:00\",\"breadcrumb\":{\"@id\":\"https:\\\/\\\/www.klarairosa.com\\\/drama-u-obrazovnom-procesu\\\/#breadcrumb\"},\"inLanguage\":\"hu\",\"potentialAction\":[{\"@type\":\"ReadAction\",\"target\":[\"https:\\\/\\\/www.klarairosa.com\\\/drama-u-obrazovnom-procesu\\\/\"]}]},{\"@type\":\"ImageObject\",\"inLanguage\":\"hu\",\"@id\":\"https:\\\/\\\/www.klarairosa.com\\\/drama-u-obrazovnom-procesu\\\/#primaryimage\",\"url\":\"https:\\\/\\\/www.klarairosa.com\\\/wp-content\\\/uploads\\\/2024\\\/09\\\/1.-SAJT-drama.jpg\",\"contentUrl\":\"https:\\\/\\\/www.klarairosa.com\\\/wp-content\\\/uploads\\\/2024\\\/09\\\/1.-SAJT-drama.jpg\",\"width\":1352,\"height\":1005},{\"@type\":\"BreadcrumbList\",\"@id\":\"https:\\\/\\\/www.klarairosa.com\\\/drama-u-obrazovnom-procesu\\\/#breadcrumb\",\"itemListElement\":[{\"@type\":\"ListItem\",\"position\":1,\"name\":\"Home\",\"item\":\"https:\\\/\\\/www.klarairosa.com\\\/\"},{\"@type\":\"ListItem\",\"position\":2,\"name\":\"Drama u obrazovnom procesu\"}]},{\"@type\":\"WebSite\",\"@id\":\"https:\\\/\\\/www.klarairosa.com\\\/en\\\/#website\",\"url\":\"https:\\\/\\\/www.klarairosa.com\\\/en\\\/\",\"name\":\"Klara i Rosa\",\"description\":\"Klara i Rosa\",\"publisher\":{\"@id\":\"https:\\\/\\\/www.klarairosa.com\\\/en\\\/#organization\"},\"potentialAction\":[{\"@type\":\"SearchAction\",\"target\":{\"@type\":\"EntryPoint\",\"urlTemplate\":\"https:\\\/\\\/www.klarairosa.com\\\/en\\\/?s={search_term_string}\"},\"query-input\":{\"@type\":\"PropertyValueSpecification\",\"valueRequired\":true,\"valueName\":\"search_term_string\"}}],\"inLanguage\":\"hu\"},{\"@type\":\"Organization\",\"@id\":\"https:\\\/\\\/www.klarairosa.com\\\/en\\\/#organization\",\"name\":\"Klara i Rosa\",\"url\":\"https:\\\/\\\/www.klarairosa.com\\\/en\\\/\",\"logo\":{\"@type\":\"ImageObject\",\"inLanguage\":\"hu\",\"@id\":\"https:\\\/\\\/www.klarairosa.com\\\/en\\\/#\\\/schema\\\/logo\\\/image\\\/\",\"url\":\"https:\\\/\\\/www.klarairosa.com\\\/wp-content\\\/uploads\\\/2022\\\/01\\\/logo.svg\",\"contentUrl\":\"https:\\\/\\\/www.klarairosa.com\\\/wp-content\\\/uploads\\\/2022\\\/01\\\/logo.svg\",\"width\":110,\"height\":139,\"caption\":\"Klara i Rosa\"},\"image\":{\"@id\":\"https:\\\/\\\/www.klarairosa.com\\\/en\\\/#\\\/schema\\\/logo\\\/image\\\/\"},\"sameAs\":[\"https:\\\/\\\/www.facebook.com\\\/klarairosa\\\/\",\"https:\\\/\\\/www.instagram.com\\\/ugklarairosa\\\/\"]},{\"@type\":\"Person\",\"@id\":\"https:\\\/\\\/www.klarairosa.com\\\/en\\\/#\\\/schema\\\/person\\\/e4e7e9e5c8eeeddccf61e4532ae8e6ed\",\"name\":\"Klara i Rosa\",\"image\":{\"@type\":\"ImageObject\",\"inLanguage\":\"hu\",\"@id\":\"https:\\\/\\\/secure.gravatar.com\\\/avatar\\\/c83ee539a067b9f57ae5d8999ae286c4f98b5c4bd943b8cbb64f6b0fc1f29e40?s=96&d=mm&r=g\",\"url\":\"https:\\\/\\\/secure.gravatar.com\\\/avatar\\\/c83ee539a067b9f57ae5d8999ae286c4f98b5c4bd943b8cbb64f6b0fc1f29e40?s=96&d=mm&r=g\",\"contentUrl\":\"https:\\\/\\\/secure.gravatar.com\\\/avatar\\\/c83ee539a067b9f57ae5d8999ae286c4f98b5c4bd943b8cbb64f6b0fc1f29e40?s=96&d=mm&r=g\",\"caption\":\"Klara i Rosa\"},\"sameAs\":[\"https:\\\/\\\/klarairosa.com\"],\"url\":\"https:\\\/\\\/www.klarairosa.com\\\/hu\\\/author\\\/rosaiklara\\\/\"}]}<\/script>\n<!-- \/ Yoast SEO plugin. -->","yoast_head_json":{"title":"Drama u obrazovnom procesu - Klara i Rosa","robots":{"index":"index","follow":"follow","max-snippet":"max-snippet:-1","max-image-preview":"max-image-preview:large","max-video-preview":"max-video-preview:-1"},"canonical":"https:\/\/www.klarairosa.com\/hu\/drama-u-obrazovnom-procesu\/","og_locale":"hu_HU","og_type":"article","og_title":"Drama u obrazovnom procesu - Klara i Rosa","og_description":"U utorak 24. septembra od 18 \u010dasova odr\u017ea\u0107e se interaktivno predavanje u formi radionice namenjeno...","og_url":"https:\/\/www.klarairosa.com\/hu\/drama-u-obrazovnom-procesu\/","og_site_name":"Klara i Rosa","article_publisher":"https:\/\/www.facebook.com\/klarairosa\/","article_published_time":"2024-09-19T09:56:44+00:00","article_modified_time":"2024-09-27T15:17:55+00:00","og_image":[{"width":1352,"height":1005,"url":"https:\/\/www.klarairosa.com\/wp-content\/uploads\/2024\/09\/1.-SAJT-drama.jpg","type":"image\/jpeg"}],"author":"Klara i Rosa","twitter_card":"summary_large_image","twitter_misc":{"Szerz\u0151:":"Klara i Rosa"},"schema":{"@context":"https:\/\/schema.org","@graph":[{"@type":"Article","@id":"https:\/\/www.klarairosa.com\/drama-u-obrazovnom-procesu\/#article","isPartOf":{"@id":"https:\/\/www.klarairosa.com\/drama-u-obrazovnom-procesu\/"},"author":{"name":"Klara i Rosa","@id":"https:\/\/www.klarairosa.com\/en\/#\/schema\/person\/e4e7e9e5c8eeeddccf61e4532ae8e6ed"},"headline":"Drama u obrazovnom procesu","datePublished":"2024-09-19T09:56:44+00:00","dateModified":"2024-09-27T15:17:55+00:00","mainEntityOfPage":{"@id":"https:\/\/www.klarairosa.com\/drama-u-obrazovnom-procesu\/"},"wordCount":77,"commentCount":0,"publisher":{"@id":"https:\/\/www.klarairosa.com\/en\/#organization"},"image":{"@id":"https:\/\/www.klarairosa.com\/drama-u-obrazovnom-procesu\/#primaryimage"},"thumbnailUrl":"https:\/\/www.klarairosa.com\/wp-content\/uploads\/2024\/09\/1.-SAJT-drama.jpg","keywords":["2024","Cekom","Klara i Rosa","radionica","subotica"],"articleSection":["Ostalo"],"inLanguage":"hu","potentialAction":[{"@type":"CommentAction","name":"Comment","target":["https:\/\/www.klarairosa.com\/drama-u-obrazovnom-procesu\/#respond"]}]},{"@type":"WebPage","@id":"https:\/\/www.klarairosa.com\/drama-u-obrazovnom-procesu\/","url":"https:\/\/www.klarairosa.com\/drama-u-obrazovnom-procesu\/","name":"Drama u obrazovnom procesu - Klara i Rosa","isPartOf":{"@id":"https:\/\/www.klarairosa.com\/en\/#website"},"primaryImageOfPage":{"@id":"https:\/\/www.klarairosa.com\/drama-u-obrazovnom-procesu\/#primaryimage"},"image":{"@id":"https:\/\/www.klarairosa.com\/drama-u-obrazovnom-procesu\/#primaryimage"},"thumbnailUrl":"https:\/\/www.klarairosa.com\/wp-content\/uploads\/2024\/09\/1.-SAJT-drama.jpg","datePublished":"2024-09-19T09:56:44+00:00","dateModified":"2024-09-27T15:17:55+00:00","breadcrumb":{"@id":"https:\/\/www.klarairosa.com\/drama-u-obrazovnom-procesu\/#breadcrumb"},"inLanguage":"hu","potentialAction":[{"@type":"ReadAction","target":["https:\/\/www.klarairosa.com\/drama-u-obrazovnom-procesu\/"]}]},{"@type":"ImageObject","inLanguage":"hu","@id":"https:\/\/www.klarairosa.com\/drama-u-obrazovnom-procesu\/#primaryimage","url":"https:\/\/www.klarairosa.com\/wp-content\/uploads\/2024\/09\/1.-SAJT-drama.jpg","contentUrl":"https:\/\/www.klarairosa.com\/wp-content\/uploads\/2024\/09\/1.-SAJT-drama.jpg","width":1352,"height":1005},{"@type":"BreadcrumbList","@id":"https:\/\/www.klarairosa.com\/drama-u-obrazovnom-procesu\/#breadcrumb","itemListElement":[{"@type":"ListItem","position":1,"name":"Home","item":"https:\/\/www.klarairosa.com\/"},{"@type":"ListItem","position":2,"name":"Drama u obrazovnom procesu"}]},{"@type":"WebSite","@id":"https:\/\/www.klarairosa.com\/en\/#website","url":"https:\/\/www.klarairosa.com\/en\/","name":"Kl\u00e1ra \u00e9s Rosa Egyes\u00fclet","description":"Kl\u00e1ra \u00e9s Rosa Egyes\u00fclet","publisher":{"@id":"https:\/\/www.klarairosa.com\/en\/#organization"},"potentialAction":[{"@type":"SearchAction","target":{"@type":"EntryPoint","urlTemplate":"https:\/\/www.klarairosa.com\/en\/?s={search_term_string}"},"query-input":{"@type":"PropertyValueSpecification","valueRequired":true,"valueName":"search_term_string"}}],"inLanguage":"hu"},{"@type":"Organization","@id":"https:\/\/www.klarairosa.com\/en\/#organization","name":"Kl\u00e1ra \u00e9s Rosa Egyes\u00fclet","url":"https:\/\/www.klarairosa.com\/en\/","logo":{"@type":"ImageObject","inLanguage":"hu","@id":"https:\/\/www.klarairosa.com\/en\/#\/schema\/logo\/image\/","url":"https:\/\/www.klarairosa.com\/wp-content\/uploads\/2022\/01\/logo.svg","contentUrl":"https:\/\/www.klarairosa.com\/wp-content\/uploads\/2022\/01\/logo.svg","width":110,"height":139,"caption":"Klara i Rosa"},"image":{"@id":"https:\/\/www.klarairosa.com\/en\/#\/schema\/logo\/image\/"},"sameAs":["https:\/\/www.facebook.com\/klarairosa\/","https:\/\/www.instagram.com\/ugklarairosa\/"]},{"@type":"Person","@id":"https:\/\/www.klarairosa.com\/en\/#\/schema\/person\/e4e7e9e5c8eeeddccf61e4532ae8e6ed","name":"Kl\u00e1ra \u00e9s Rosa Egyes\u00fclet","image":{"@type":"ImageObject","inLanguage":"hu","@id":"https:\/\/secure.gravatar.com\/avatar\/c83ee539a067b9f57ae5d8999ae286c4f98b5c4bd943b8cbb64f6b0fc1f29e40?s=96&d=mm&r=g","url":"https:\/\/secure.gravatar.com\/avatar\/c83ee539a067b9f57ae5d8999ae286c4f98b5c4bd943b8cbb64f6b0fc1f29e40?s=96&d=mm&r=g","contentUrl":"https:\/\/secure.gravatar.com\/avatar\/c83ee539a067b9f57ae5d8999ae286c4f98b5c4bd943b8cbb64f6b0fc1f29e40?s=96&d=mm&r=g","caption":"Klara i Rosa"},"sameAs":["https:\/\/klarairosa.com"],"url":"https:\/\/www.klarairosa.com\/hu\/author\/rosaiklara\/"}]}},"_links":{"self":[{"href":"https:\/\/www.klarairosa.com\/hu\/wp-json\/wp\/v2\/posts\/21932","targetHints":{"allow":["GET"]}}],"collection":[{"href":"https:\/\/www.klarairosa.com\/hu\/wp-json\/wp\/v2\/posts"}],"about":[{"href":"https:\/\/www.klarairosa.com\/hu\/wp-json\/wp\/v2\/types\/post"}],"author":[{"embeddable":true,"href":"https:\/\/www.klarairosa.com\/hu\/wp-json\/wp\/v2\/users\/1"}],"replies":[{"embeddable":true,"href":"https:\/\/www.klarairosa.com\/hu\/wp-json\/wp\/v2\/comments?post=21932"}],"version-history":[{"count":1,"href":"https:\/\/www.klarairosa.com\/hu\/wp-json\/wp\/v2\/posts\/21932\/revisions"}],"predecessor-version":[{"id":21934,"href":"https:\/\/www.klarairosa.com\/hu\/wp-json\/wp\/v2\/posts\/21932\/revisions\/21934"}],"wp:featuredmedia":[{"embeddable":true,"href":"https:\/\/www.klarairosa.com\/hu\/wp-json\/wp\/v2\/media\/21933"}],"wp:attachment":[{"href":"https:\/\/www.klarairosa.com\/hu\/wp-json\/wp\/v2\/media?parent=21932"}],"wp:term":[{"taxonomy":"category","embeddable":true,"href":"https:\/\/www.klarairosa.com\/hu\/wp-json\/wp\/v2\/categories?post=21932"},{"taxonomy":"post_tag","embeddable":true,"href":"https:\/\/www.klarairosa.com\/hu\/wp-json\/wp\/v2\/tags?post=21932"}],"curies":[{"name":"wp","href":"https:\/\/api.w.org\/{rel}","templated":true}]}}