{"id":20935,"date":"2024-04-02T09:12:13","date_gmt":"2024-04-02T09:12:13","guid":{"rendered":"https:\/\/www.klarairosa.com\/?p=20935"},"modified":"2024-04-17T10:24:52","modified_gmt":"2024-04-17T10:24:52","slug":"kreativno-pisanje-osnazi-me-mislima","status":"publish","type":"post","link":"https:\/\/www.klarairosa.com\/hu\/kreativno-pisanje-osnazi-me-mislima\/","title":{"rendered":"Kreat\u00edv \u00edr\u00e1s \"Er\u0151s\u00edts meg gondolatokkal\""},"content":{"rendered":"<p>12-14 \u00e9ves fiatalok jelentkez\u00e9s\u00e9t v\u00e1rjuk az EU szerbiai deleg\u00e1ci\u00f3ja \u00e1ltal szervezett <strong>\u201eEr\u0151s\u00edts meg gondolatokkal\u201d kreat\u00edv \u00edr\u00e1sm\u0171helyre.<\/strong> A workshopok <strong>petak, 19. aprila od 16 do 19 \u010dasova, i u subotu, 20. aprila od 12 do 15 \u010dasova <\/strong>lesznek megtartva a Kl\u00e1ra \u00e9s Rosa ter\u00e9ben (Pet\u0151fi S\u00e1ndor u. 15.). R\u00e9sztvev\u0151k sz\u00e1ma workshoponk\u00e9nt: 15. <strong>A workshopok ingyenesek, de regisztr\u00e1ci\u00f3hoz k\u00f6t\u00f6tt<\/strong>, az info@euinfo.rs email c\u00edmen jelentkezhettek.<\/p>\n<p style=\"font-weight: 400; text-align: justify;\">.<\/p>\n<p style=\"font-weight: 400; text-align: justify;\"><strong>Cilj projekta<\/strong> A projekt c\u00e9lja a szem\u00e9lyes f\u00e9lelmek megismer\u00e9se egy-egy irodalmi alkot\u00e1s seg\u00edts\u00e9g\u00e9vel, illetve a k\u00e9pesk\u00f6nyv f\u0151szerepl\u0151j\u00e9vel val\u00f3 emp\u00e1ti\u00e1val a saj\u00e1t probl\u00e9m\u00e1k megold\u00e1s\u00e1nak m\u00f3dja. Az \u00edr\u00e1s, mint kreat\u00edv aktus, a m\u0171v\u00e9szi kifejez\u00e9s \u00e1ltali felszabadul\u00e1st k\u00e9pviseln\u00e9.<\/p>\n<p style=\"font-weight: 400; text-align: justify;\">.<\/p>\n<p style=\"font-weight: 400; text-align: justify;\">A projekt \u00fagy val\u00f3sul meg, hogy a gyerekek\/tin\u00e9dzserek a moder\u00e1tor \u00e1ltal k\u00e9sz\u00edtett k\u00e9pesk\u00f6nyv elolvas\u00e1sa ut\u00e1n beleker\u00fcljenek a mindennapi \u00e9let\u00fcket (\u00e9s alv\u00e1sukat) zavar\u00f3 f\u00e9lelmeikbe. A pszichol\u00f3gusok szerint a f\u00e9lelmek tudatos\u00edt\u00e1sa \u00e9s a vel\u00fck val\u00f3 szemben\u00e9z\u00e9s, amelyhez ny\u00edlt besz\u00e9lget\u00e9s sor\u00e1n jutunk el, a legjobb m\u00f3dja annak, hogy legy\u0151zz\u00fck \u0151ket. A f\u00e9lelmekt\u0151l val\u00f3 teljes megszabadul\u00e1s az alkot\u00f3i folyamat \u2013 egy t\u00f6rt\u00e9net\u00edr\u00e1s \u2013 r\u00e9v\u00e9n val\u00f3sul meg. A gyerekeket sablonokon \u00e9s sz\u00f3beli magyar\u00e1zatokon kereszt\u00fcl ismertetik meg az irodalmi t\u00f6rt\u00e9net\u00edr\u00e1s m\u00f3dj\u00e1val. Minden gyermek egy mentor fel\u00fcgyelete mellett \u00edr egy t\u00f6rt\u00e9netet saj\u00e1t f\u00e9lelmeir\u0151l \u00e9s azok lek\u00fczd\u00e9s\u00e9nek m\u00f3djair\u00f3l.<\/p>\n<p style=\"text-align: justify;\">.<\/p>\n<p style=\"font-weight: 400; text-align: justify;\">Minden gyerek kapna nyomtatott sablonokat \u00e9s munkaanyagokat. A m\u0171helymunka v\u00e9g\u00e9n k\u00f6telez\u0151 lenne az \u00edrott t\u00f6rt\u00e9netet beny\u00fajtani tov\u00e1bbi jegyz\u0151k\u00f6nyvez\u00e9shez.<\/p>\n<p style=\"text-align: justify;\">.<\/p>\n<p style=\"font-weight: 400; text-align: justify;\">Az elk\u00e9sz\u00fclt mese ut\u00e1n minden gyerek megkapn\u00e1 a saj\u00e1t k\u00f6nyv\u00e9t, vagyis a k\u00f6nyvben tal\u00e1lhat\u00f3 mes\u00e9t.<\/p>\n<p style=\"font-weight: 400; text-align: justify;\">.<\/p>\n<p style=\"font-weight: 400; text-align: justify;\">A k\u00f6zelm\u00falt sajn\u00e1latos esem\u00e9nyei f\u00e9ny\u00e9ben \u00fagy gondoljuk, hogy itt az ideje, hogy ezt a projektet az iskol\u00e1kban is megval\u00f3s\u00edtsuk, hogy benyom\u00e1st kapjunk a di\u00e1kok gondolatair\u00f3l, akik mindezen megtapasztal\u00e1sok ut\u00e1n f\u00e9lnek, \u00e9s akik nehezen osztj\u00e1k meg f\u00e9lelmeiket \u00e9s gondolataikat, \u00e9s ny\u00edlnak meg \u00e9rzelmileg sz\u00fcleik \u00e9s pedag\u00f3gusaik fel\u00e9.<\/p>\n<p style=\"text-align: justify;\">.<\/p>\n<p style=\"font-weight: 400; text-align: justify;\">Ezzel a munkam\u00f3dszerrel kifejezik gondolataikat, \u00e9rz\u00e9seiket \u00e9s \u00e9rzelmi \u00e1llapotukat, \u00edgy tanulj\u00e1k meg a probl\u00e9m\u00e1k \u00e9s neh\u00e9zs\u00e9gek lek\u00fczd\u00e9s\u00e9t.<\/p>\n<p style=\"text-align: justify;\">.<\/p>\n<p style=\"font-weight: 400; text-align: justify;\">A kor\u00e1bbi workshopokat az al\u00e1bbi linkeken tekinthetik meg:<\/p>\n<p style=\"font-weight: 400;\"><a href=\"https:\/\/europa.rs\/crtaj-kroz-vekove-radionica-za-decu\/\" data-saferedirecturl=\"https:\/\/www.google.com\/url?q=https:\/\/europa.rs\/crtaj-kroz-vekove-radionica-za-decu\/&amp;source=gmail&amp;ust=1712133039411000&amp;usg=AOvVaw2ZTPCareEzWK3nsGDMTJA2\">https:\/\/europa.rs\/crtaj-kroz-vekove-radionica-za-decu\/<\/a><\/p>\n<p style=\"font-weight: 400;\"><a href=\"https:\/\/europa.rs\/kreativac-pisac-subotom-za-najmladje\/\" data-saferedirecturl=\"https:\/\/www.google.com\/url?q=https:\/\/europa.rs\/kreativac-pisac-subotom-za-najmladje\/&amp;source=gmail&amp;ust=1712133039411000&amp;usg=AOvVaw35Eedvur9jn-spLGAidm8F\">https:\/\/europa.rs\/kreativac-pisac-subotom-za-najmladje\/<\/a><\/p>\n<p style=\"font-weight: 400;\"><a href=\"https:\/\/www.youtube.com\/watch?v=991iERARCSo&amp;ab_channel=BrainzTV\" data-saferedirecturl=\"https:\/\/www.google.com\/url?q=https:\/\/www.youtube.com\/watch?v%3D991iERARCSo%26ab_channel%3DBrainzTV&amp;source=gmail&amp;ust=1712133039411000&amp;usg=AOvVaw1iLkmGppuZpul9V8ppabes\">https:\/\/www.youtube.com\/watch?v=991iERARCSo&amp;ab_channel=BrainzTV<\/a><\/p>\n<p style=\"font-weight: 400;\"><a href=\"https:\/\/europa.rs\/eu-strip-nacrtaj-svoju-pricu-izabrani-najbolji-radovi\/\" data-saferedirecturl=\"https:\/\/www.google.com\/url?q=https:\/\/europa.rs\/eu-strip-nacrtaj-svoju-pricu-izabrani-najbolji-radovi\/&amp;source=gmail&amp;ust=1712133039411000&amp;usg=AOvVaw1xjXssMrwI4biEDQdmBGST\">https:\/\/europa.rs\/eu-strip-nacrtaj-svoju-pricu-izabrani-najbolji-radovi\/<\/a><\/p>\n<p style=\"font-weight: 400;\"><a href=\"https:\/\/europa.rs\/masta-prica-evropske-price\/\" data-saferedirecturl=\"https:\/\/www.google.com\/url?q=https:\/\/europa.rs\/masta-prica-evropske-price\/&amp;source=gmail&amp;ust=1712133039411000&amp;usg=AOvVaw0rnZidAJHMSV5zchCMcAQu\">https:\/\/europa.rs\/masta-prica-evropske-price\/<\/a><\/p>\n<p style=\"font-weight: 400;\"><a href=\"https:\/\/europa.rs\/subotom-za-najmladje-nacrtaj-svoju-pricu\/\" data-saferedirecturl=\"https:\/\/www.google.com\/url?q=https:\/\/europa.rs\/subotom-za-najmladje-nacrtaj-svoju-pricu\/&amp;source=gmail&amp;ust=1712133039411000&amp;usg=AOvVaw1Ssyh1bWtlZYDBSksCRzDM\">https:\/\/europa.rs\/subotom-za-najmladje-nacrtaj-svoju-pricu\/<\/a><\/p>\n<p style=\"font-weight: 400;\"><a href=\"https:\/\/europa.rs\/poziv-na-deciju-zelenu-robokids-radionicu\/\" data-saferedirecturl=\"https:\/\/www.google.com\/url?q=https:\/\/europa.rs\/poziv-na-deciju-zelenu-robokids-radionicu\/&amp;source=gmail&amp;ust=1712133039411000&amp;usg=AOvVaw0d0GiV_DuG5QxORBeJ3yjq\">https:\/\/europa.rs\/poziv-na-deciju-zelenu-robokids-radionicu\/<\/a><\/p>\n<p style=\"font-weight: 400;\"><a href=\"https:\/\/www.youtube.com\/watch?v=v97JFBifMHU&amp;ab_channel=BrainzTV\" data-saferedirecturl=\"https:\/\/www.google.com\/url?q=https:\/\/www.youtube.com\/watch?v%3Dv97JFBifMHU%26ab_channel%3DBrainzTV&amp;source=gmail&amp;ust=1712133039411000&amp;usg=AOvVaw3Vc68-a2nBl0DC0OWX_BFl\">https:\/\/www.youtube.com\/watch?v=v97JFBifMHU&amp;ab_channel=BrainzTV<\/a><\/p>","protected":false},"excerpt":{"rendered":"<p>Pozivamo mlade od 12 &#8211; 14 godina da se prijave na radionice kreativnog pisanja &#8222;Osna\u017ei&#8230;<\/p>","protected":false},"author":1,"featured_media":20936,"comment_status":"closed","ping_status":"closed","sticky":false,"template":"","format":"standard","meta":{"content-type":"","inline_featured_image":false,"footnotes":""},"categories":[109],"tags":[312,282,344,124,345,346,152,343],"class_list":["post-20935","post","type-post","status-publish","format-standard","has-post-thumbnail","hentry","category-aktuelno","tag-312","tag-community","tag-eu","tag-klara-i-rosa","tag-kreativno-pisanje","tag-osnazi-me-mislima","tag-subotica","tag-zlatne-ruke"],"yoast_head":"<!-- This site is optimized with the Yoast SEO plugin v27.5 - https:\/\/yoast.com\/product\/yoast-seo-wordpress\/ -->\n<title>Kreativno pisanje \u201cOsna\u017ei me mislima\u201d - Klara i Rosa<\/title>\n<meta name=\"robots\" content=\"index, follow, max-snippet:-1, max-image-preview:large, max-video-preview:-1\" \/>\n<link rel=\"canonical\" href=\"https:\/\/www.klarairosa.com\/hu\/kreativno-pisanje-osnazi-me-mislima\/\" \/>\n<meta property=\"og:locale\" content=\"hu_HU\" \/>\n<meta property=\"og:type\" content=\"article\" \/>\n<meta property=\"og:title\" content=\"Kreativno pisanje \u201cOsna\u017ei me mislima\u201d - Klara i Rosa\" \/>\n<meta property=\"og:description\" content=\"Pozivamo mlade od 12 &#8211; 14 godina da se prijave na radionice kreativnog pisanja &#8222;Osna\u017ei...\" \/>\n<meta property=\"og:url\" content=\"https:\/\/www.klarairosa.com\/hu\/kreativno-pisanje-osnazi-me-mislima\/\" \/>\n<meta property=\"og:site_name\" content=\"Klara i Rosa\" \/>\n<meta property=\"article:publisher\" content=\"https:\/\/www.facebook.com\/klarairosa\/\" \/>\n<meta property=\"article:published_time\" content=\"2024-04-02T09:12:13+00:00\" \/>\n<meta property=\"article:modified_time\" content=\"2024-04-17T10:24:52+00:00\" \/>\n<meta property=\"og:image\" content=\"https:\/\/www.klarairosa.com\/wp-content\/uploads\/2024\/04\/web.jpg\" \/>\n\t<meta property=\"og:image:width\" content=\"1200\" \/>\n\t<meta property=\"og:image:height\" content=\"600\" \/>\n\t<meta property=\"og:image:type\" content=\"image\/jpeg\" \/>\n<meta name=\"author\" content=\"Klara i Rosa\" \/>\n<meta name=\"twitter:card\" content=\"summary_large_image\" \/>\n<meta name=\"twitter:label1\" content=\"Szerz\u0151:\" \/>\n\t<meta name=\"twitter:data1\" content=\"Klara i Rosa\" \/>\n\t<meta name=\"twitter:label2\" content=\"Becs\u00fclt olvas\u00e1si id\u0151\" \/>\n\t<meta name=\"twitter:data2\" content=\"2 perc\" \/>\n<script type=\"application\/ld+json\" class=\"yoast-schema-graph\">{\"@context\":\"https:\\\/\\\/schema.org\",\"@graph\":[{\"@type\":\"Article\",\"@id\":\"https:\\\/\\\/www.klarairosa.com\\\/kreativno-pisanje-osnazi-me-mislima\\\/#article\",\"isPartOf\":{\"@id\":\"https:\\\/\\\/www.klarairosa.com\\\/kreativno-pisanje-osnazi-me-mislima\\\/\"},\"author\":{\"name\":\"Klara i Rosa\",\"@id\":\"https:\\\/\\\/www.klarairosa.com\\\/en\\\/#\\\/schema\\\/person\\\/e4e7e9e5c8eeeddccf61e4532ae8e6ed\"},\"headline\":\"Kreativno pisanje \u201cOsna\u017ei me mislima\u201d\",\"datePublished\":\"2024-04-02T09:12:13+00:00\",\"dateModified\":\"2024-04-17T10:24:52+00:00\",\"mainEntityOfPage\":{\"@id\":\"https:\\\/\\\/www.klarairosa.com\\\/kreativno-pisanje-osnazi-me-mislima\\\/\"},\"wordCount\":404,\"publisher\":{\"@id\":\"https:\\\/\\\/www.klarairosa.com\\\/en\\\/#organization\"},\"image\":{\"@id\":\"https:\\\/\\\/www.klarairosa.com\\\/kreativno-pisanje-osnazi-me-mislima\\\/#primaryimage\"},\"thumbnailUrl\":\"https:\\\/\\\/www.klarairosa.com\\\/wp-content\\\/uploads\\\/2024\\\/04\\\/web.jpg\",\"keywords\":[\"2024\",\"community\",\"eu\",\"Klara i Rosa\",\"kreativno pisanje\",\"osna\u017ei me mislima\",\"subotica\",\"zlatne ruke\"],\"articleSection\":[\"Aktuelno\"],\"inLanguage\":\"hu\"},{\"@type\":\"WebPage\",\"@id\":\"https:\\\/\\\/www.klarairosa.com\\\/kreativno-pisanje-osnazi-me-mislima\\\/\",\"url\":\"https:\\\/\\\/www.klarairosa.com\\\/kreativno-pisanje-osnazi-me-mislima\\\/\",\"name\":\"Kreativno pisanje \u201cOsna\u017ei me mislima\u201d - Klara i Rosa\",\"isPartOf\":{\"@id\":\"https:\\\/\\\/www.klarairosa.com\\\/en\\\/#website\"},\"primaryImageOfPage\":{\"@id\":\"https:\\\/\\\/www.klarairosa.com\\\/kreativno-pisanje-osnazi-me-mislima\\\/#primaryimage\"},\"image\":{\"@id\":\"https:\\\/\\\/www.klarairosa.com\\\/kreativno-pisanje-osnazi-me-mislima\\\/#primaryimage\"},\"thumbnailUrl\":\"https:\\\/\\\/www.klarairosa.com\\\/wp-content\\\/uploads\\\/2024\\\/04\\\/web.jpg\",\"datePublished\":\"2024-04-02T09:12:13+00:00\",\"dateModified\":\"2024-04-17T10:24:52+00:00\",\"breadcrumb\":{\"@id\":\"https:\\\/\\\/www.klarairosa.com\\\/kreativno-pisanje-osnazi-me-mislima\\\/#breadcrumb\"},\"inLanguage\":\"hu\",\"potentialAction\":[{\"@type\":\"ReadAction\",\"target\":[\"https:\\\/\\\/www.klarairosa.com\\\/kreativno-pisanje-osnazi-me-mislima\\\/\"]}]},{\"@type\":\"ImageObject\",\"inLanguage\":\"hu\",\"@id\":\"https:\\\/\\\/www.klarairosa.com\\\/kreativno-pisanje-osnazi-me-mislima\\\/#primaryimage\",\"url\":\"https:\\\/\\\/www.klarairosa.com\\\/wp-content\\\/uploads\\\/2024\\\/04\\\/web.jpg\",\"contentUrl\":\"https:\\\/\\\/www.klarairosa.com\\\/wp-content\\\/uploads\\\/2024\\\/04\\\/web.jpg\",\"width\":1200,\"height\":600},{\"@type\":\"BreadcrumbList\",\"@id\":\"https:\\\/\\\/www.klarairosa.com\\\/kreativno-pisanje-osnazi-me-mislima\\\/#breadcrumb\",\"itemListElement\":[{\"@type\":\"ListItem\",\"position\":1,\"name\":\"Home\",\"item\":\"https:\\\/\\\/www.klarairosa.com\\\/\"},{\"@type\":\"ListItem\",\"position\":2,\"name\":\"Kreativno pisanje \u201cOsna\u017ei me mislima\u201d\"}]},{\"@type\":\"WebSite\",\"@id\":\"https:\\\/\\\/www.klarairosa.com\\\/en\\\/#website\",\"url\":\"https:\\\/\\\/www.klarairosa.com\\\/en\\\/\",\"name\":\"Klara i Rosa\",\"description\":\"Klara i Rosa\",\"publisher\":{\"@id\":\"https:\\\/\\\/www.klarairosa.com\\\/en\\\/#organization\"},\"potentialAction\":[{\"@type\":\"SearchAction\",\"target\":{\"@type\":\"EntryPoint\",\"urlTemplate\":\"https:\\\/\\\/www.klarairosa.com\\\/en\\\/?s={search_term_string}\"},\"query-input\":{\"@type\":\"PropertyValueSpecification\",\"valueRequired\":true,\"valueName\":\"search_term_string\"}}],\"inLanguage\":\"hu\"},{\"@type\":\"Organization\",\"@id\":\"https:\\\/\\\/www.klarairosa.com\\\/en\\\/#organization\",\"name\":\"Klara i Rosa\",\"url\":\"https:\\\/\\\/www.klarairosa.com\\\/en\\\/\",\"logo\":{\"@type\":\"ImageObject\",\"inLanguage\":\"hu\",\"@id\":\"https:\\\/\\\/www.klarairosa.com\\\/en\\\/#\\\/schema\\\/logo\\\/image\\\/\",\"url\":\"https:\\\/\\\/www.klarairosa.com\\\/wp-content\\\/uploads\\\/2022\\\/01\\\/logo.svg\",\"contentUrl\":\"https:\\\/\\\/www.klarairosa.com\\\/wp-content\\\/uploads\\\/2022\\\/01\\\/logo.svg\",\"width\":110,\"height\":139,\"caption\":\"Klara i Rosa\"},\"image\":{\"@id\":\"https:\\\/\\\/www.klarairosa.com\\\/en\\\/#\\\/schema\\\/logo\\\/image\\\/\"},\"sameAs\":[\"https:\\\/\\\/www.facebook.com\\\/klarairosa\\\/\",\"https:\\\/\\\/www.instagram.com\\\/ugklarairosa\\\/\"]},{\"@type\":\"Person\",\"@id\":\"https:\\\/\\\/www.klarairosa.com\\\/en\\\/#\\\/schema\\\/person\\\/e4e7e9e5c8eeeddccf61e4532ae8e6ed\",\"name\":\"Klara i Rosa\",\"image\":{\"@type\":\"ImageObject\",\"inLanguage\":\"hu\",\"@id\":\"https:\\\/\\\/secure.gravatar.com\\\/avatar\\\/c83ee539a067b9f57ae5d8999ae286c4f98b5c4bd943b8cbb64f6b0fc1f29e40?s=96&d=mm&r=g\",\"url\":\"https:\\\/\\\/secure.gravatar.com\\\/avatar\\\/c83ee539a067b9f57ae5d8999ae286c4f98b5c4bd943b8cbb64f6b0fc1f29e40?s=96&d=mm&r=g\",\"contentUrl\":\"https:\\\/\\\/secure.gravatar.com\\\/avatar\\\/c83ee539a067b9f57ae5d8999ae286c4f98b5c4bd943b8cbb64f6b0fc1f29e40?s=96&d=mm&r=g\",\"caption\":\"Klara i Rosa\"},\"sameAs\":[\"https:\\\/\\\/klarairosa.com\"],\"url\":\"https:\\\/\\\/www.klarairosa.com\\\/hu\\\/author\\\/rosaiklara\\\/\"}]}<\/script>\n<!-- \/ Yoast SEO plugin. -->","yoast_head_json":{"title":"Kreativno pisanje \u201cOsna\u017ei me mislima\u201d - Klara i Rosa","robots":{"index":"index","follow":"follow","max-snippet":"max-snippet:-1","max-image-preview":"max-image-preview:large","max-video-preview":"max-video-preview:-1"},"canonical":"https:\/\/www.klarairosa.com\/hu\/kreativno-pisanje-osnazi-me-mislima\/","og_locale":"hu_HU","og_type":"article","og_title":"Kreativno pisanje \u201cOsna\u017ei me mislima\u201d - Klara i Rosa","og_description":"Pozivamo mlade od 12 &#8211; 14 godina da se prijave na radionice kreativnog pisanja &#8222;Osna\u017ei...","og_url":"https:\/\/www.klarairosa.com\/hu\/kreativno-pisanje-osnazi-me-mislima\/","og_site_name":"Klara i Rosa","article_publisher":"https:\/\/www.facebook.com\/klarairosa\/","article_published_time":"2024-04-02T09:12:13+00:00","article_modified_time":"2024-04-17T10:24:52+00:00","og_image":[{"width":1200,"height":600,"url":"https:\/\/www.klarairosa.com\/wp-content\/uploads\/2024\/04\/web.jpg","type":"image\/jpeg"}],"author":"Klara i Rosa","twitter_card":"summary_large_image","twitter_misc":{"Szerz\u0151:":"Klara i Rosa","Becs\u00fclt olvas\u00e1si id\u0151":"2 perc"},"schema":{"@context":"https:\/\/schema.org","@graph":[{"@type":"Article","@id":"https:\/\/www.klarairosa.com\/kreativno-pisanje-osnazi-me-mislima\/#article","isPartOf":{"@id":"https:\/\/www.klarairosa.com\/kreativno-pisanje-osnazi-me-mislima\/"},"author":{"name":"Klara i Rosa","@id":"https:\/\/www.klarairosa.com\/en\/#\/schema\/person\/e4e7e9e5c8eeeddccf61e4532ae8e6ed"},"headline":"Kreativno pisanje \u201cOsna\u017ei me mislima\u201d","datePublished":"2024-04-02T09:12:13+00:00","dateModified":"2024-04-17T10:24:52+00:00","mainEntityOfPage":{"@id":"https:\/\/www.klarairosa.com\/kreativno-pisanje-osnazi-me-mislima\/"},"wordCount":404,"publisher":{"@id":"https:\/\/www.klarairosa.com\/en\/#organization"},"image":{"@id":"https:\/\/www.klarairosa.com\/kreativno-pisanje-osnazi-me-mislima\/#primaryimage"},"thumbnailUrl":"https:\/\/www.klarairosa.com\/wp-content\/uploads\/2024\/04\/web.jpg","keywords":["2024","community","eu","Klara i Rosa","kreativno pisanje","osna\u017ei me mislima","subotica","zlatne ruke"],"articleSection":["Aktuelno"],"inLanguage":"hu"},{"@type":"WebPage","@id":"https:\/\/www.klarairosa.com\/kreativno-pisanje-osnazi-me-mislima\/","url":"https:\/\/www.klarairosa.com\/kreativno-pisanje-osnazi-me-mislima\/","name":"Kreativno pisanje \u201cOsna\u017ei me mislima\u201d - Klara i Rosa","isPartOf":{"@id":"https:\/\/www.klarairosa.com\/en\/#website"},"primaryImageOfPage":{"@id":"https:\/\/www.klarairosa.com\/kreativno-pisanje-osnazi-me-mislima\/#primaryimage"},"image":{"@id":"https:\/\/www.klarairosa.com\/kreativno-pisanje-osnazi-me-mislima\/#primaryimage"},"thumbnailUrl":"https:\/\/www.klarairosa.com\/wp-content\/uploads\/2024\/04\/web.jpg","datePublished":"2024-04-02T09:12:13+00:00","dateModified":"2024-04-17T10:24:52+00:00","breadcrumb":{"@id":"https:\/\/www.klarairosa.com\/kreativno-pisanje-osnazi-me-mislima\/#breadcrumb"},"inLanguage":"hu","potentialAction":[{"@type":"ReadAction","target":["https:\/\/www.klarairosa.com\/kreativno-pisanje-osnazi-me-mislima\/"]}]},{"@type":"ImageObject","inLanguage":"hu","@id":"https:\/\/www.klarairosa.com\/kreativno-pisanje-osnazi-me-mislima\/#primaryimage","url":"https:\/\/www.klarairosa.com\/wp-content\/uploads\/2024\/04\/web.jpg","contentUrl":"https:\/\/www.klarairosa.com\/wp-content\/uploads\/2024\/04\/web.jpg","width":1200,"height":600},{"@type":"BreadcrumbList","@id":"https:\/\/www.klarairosa.com\/kreativno-pisanje-osnazi-me-mislima\/#breadcrumb","itemListElement":[{"@type":"ListItem","position":1,"name":"Home","item":"https:\/\/www.klarairosa.com\/"},{"@type":"ListItem","position":2,"name":"Kreativno pisanje \u201cOsna\u017ei me mislima\u201d"}]},{"@type":"WebSite","@id":"https:\/\/www.klarairosa.com\/en\/#website","url":"https:\/\/www.klarairosa.com\/en\/","name":"Kl\u00e1ra \u00e9s Rosa Egyes\u00fclet","description":"Kl\u00e1ra \u00e9s Rosa Egyes\u00fclet","publisher":{"@id":"https:\/\/www.klarairosa.com\/en\/#organization"},"potentialAction":[{"@type":"SearchAction","target":{"@type":"EntryPoint","urlTemplate":"https:\/\/www.klarairosa.com\/en\/?s={search_term_string}"},"query-input":{"@type":"PropertyValueSpecification","valueRequired":true,"valueName":"search_term_string"}}],"inLanguage":"hu"},{"@type":"Organization","@id":"https:\/\/www.klarairosa.com\/en\/#organization","name":"Kl\u00e1ra \u00e9s Rosa Egyes\u00fclet","url":"https:\/\/www.klarairosa.com\/en\/","logo":{"@type":"ImageObject","inLanguage":"hu","@id":"https:\/\/www.klarairosa.com\/en\/#\/schema\/logo\/image\/","url":"https:\/\/www.klarairosa.com\/wp-content\/uploads\/2022\/01\/logo.svg","contentUrl":"https:\/\/www.klarairosa.com\/wp-content\/uploads\/2022\/01\/logo.svg","width":110,"height":139,"caption":"Klara i Rosa"},"image":{"@id":"https:\/\/www.klarairosa.com\/en\/#\/schema\/logo\/image\/"},"sameAs":["https:\/\/www.facebook.com\/klarairosa\/","https:\/\/www.instagram.com\/ugklarairosa\/"]},{"@type":"Person","@id":"https:\/\/www.klarairosa.com\/en\/#\/schema\/person\/e4e7e9e5c8eeeddccf61e4532ae8e6ed","name":"Kl\u00e1ra \u00e9s Rosa Egyes\u00fclet","image":{"@type":"ImageObject","inLanguage":"hu","@id":"https:\/\/secure.gravatar.com\/avatar\/c83ee539a067b9f57ae5d8999ae286c4f98b5c4bd943b8cbb64f6b0fc1f29e40?s=96&d=mm&r=g","url":"https:\/\/secure.gravatar.com\/avatar\/c83ee539a067b9f57ae5d8999ae286c4f98b5c4bd943b8cbb64f6b0fc1f29e40?s=96&d=mm&r=g","contentUrl":"https:\/\/secure.gravatar.com\/avatar\/c83ee539a067b9f57ae5d8999ae286c4f98b5c4bd943b8cbb64f6b0fc1f29e40?s=96&d=mm&r=g","caption":"Klara i Rosa"},"sameAs":["https:\/\/klarairosa.com"],"url":"https:\/\/www.klarairosa.com\/hu\/author\/rosaiklara\/"}]}},"_links":{"self":[{"href":"https:\/\/www.klarairosa.com\/hu\/wp-json\/wp\/v2\/posts\/20935","targetHints":{"allow":["GET"]}}],"collection":[{"href":"https:\/\/www.klarairosa.com\/hu\/wp-json\/wp\/v2\/posts"}],"about":[{"href":"https:\/\/www.klarairosa.com\/hu\/wp-json\/wp\/v2\/types\/post"}],"author":[{"embeddable":true,"href":"https:\/\/www.klarairosa.com\/hu\/wp-json\/wp\/v2\/users\/1"}],"replies":[{"embeddable":true,"href":"https:\/\/www.klarairosa.com\/hu\/wp-json\/wp\/v2\/comments?post=20935"}],"version-history":[{"count":5,"href":"https:\/\/www.klarairosa.com\/hu\/wp-json\/wp\/v2\/posts\/20935\/revisions"}],"predecessor-version":[{"id":20999,"href":"https:\/\/www.klarairosa.com\/hu\/wp-json\/wp\/v2\/posts\/20935\/revisions\/20999"}],"wp:featuredmedia":[{"embeddable":true,"href":"https:\/\/www.klarairosa.com\/hu\/wp-json\/wp\/v2\/media\/20936"}],"wp:attachment":[{"href":"https:\/\/www.klarairosa.com\/hu\/wp-json\/wp\/v2\/media?parent=20935"}],"wp:term":[{"taxonomy":"category","embeddable":true,"href":"https:\/\/www.klarairosa.com\/hu\/wp-json\/wp\/v2\/categories?post=20935"},{"taxonomy":"post_tag","embeddable":true,"href":"https:\/\/www.klarairosa.com\/hu\/wp-json\/wp\/v2\/tags?post=20935"}],"curies":[{"name":"wp","href":"https:\/\/api.w.org\/{rel}","templated":true}]}}