{"id":20773,"date":"2024-02-28T12:23:05","date_gmt":"2024-02-28T12:23:05","guid":{"rendered":"https:\/\/www.klarairosa.com\/?p=20773"},"modified":"2024-03-18T09:31:14","modified_gmt":"2024-03-18T09:31:14","slug":"zasto-je-vazan-osmi-mart-danas","status":"publish","type":"post","link":"https:\/\/www.klarairosa.com\/hu\/zasto-je-vazan-osmi-mart-danas\/","title":{"rendered":"Mi\u00e9rt fontos m\u00e1rcius 8. (ma)?"},"content":{"rendered":"<p>Udru\u017eenje \u201e\u017denske studije i istra\u017eivanja\u201c, Novi Sad, podru\u017enica Subotici i Udru\u017eenje \u201eKlara i Rosa\u201c Subotica, pozivaju vas na tribinu na temu: Za\u0161to je va\u017ean Osmi mart (danas)?<\/p>\n<p>.<\/p>\n<p style=\"text-align: justify;\">Tribina \u0107e se odr\u017eati <strong>8. marta 2024. godine u 16.00 \u010dasova<\/strong> u prostorijama Udru\u017eenja \u201eKlara i Rosa\u201c, \u0160andora Petefija 15, Subotica.<br \/>\n.<br \/>\nTribinu mo\u017eete pratiti i onlajn na linku:<br \/>\nhttps:\/\/us06web.zoom.us\/j\/81451051444?pwd=NXNOREJ4dW1hOEgyNVpKK2o5R2tvQT09<\/p>\n<p style=\"text-align: justify;\">.<\/p>\n<p style=\"text-align: justify;\">Govore:<br \/>\ndr Mirjana Dokmanovi\u0107<br \/>\ndr Margareta Ba\u0161aragin<br \/>\nGrafika:<br \/>\nJelena Gruji\u010di\u0107<\/p>\n<p style=\"text-align: justify;\">.<br \/>\nAvgusta 1910. godine na konferenciji \u017eena socijalistkinja u Kopenhagenu usvojen je predlog Klare Cetkin da se obele\u017eava praznik s ciljem: borbe za mir, jednaka prava \u017eena i mu\u0161karaca na rad, zaradu i obrazovanje, protiv trgovine ljudima i zloupotrebe dece u radnim poslovima&#8230; Osmi mart \u2013 Me\u0111unarodni dan \u017eena danas samo je povod za sticanje profita kroz zabavu i ulep\u0161avanje \u017eena kojima se potire izvorni karakter praznika. Polo\u017eaj \u017eena u na\u0161em dru\u0161tvu i dalje je neravnopravan, a ste\u010dena prava ve\u010dito prete da budu oduzeta. Me\u0111unarodni dan \u017eena razlog je da se se\u0107amo borbe na\u0161ih prethodnica i uka\u017eemo na probleme sa kojima se \u017eene suo\u010davaju u na\u0161em dru\u0161tvu danas. Dr Mirjana Dokmanovi\u0107 je doktorirala na ACIMSI Centru za rodne studije Univerziteta u Novom Sadu, nau\u010dna savetnica Centra za pravna istra\u017eivanja Instituta dru\u0161tvenih nauka u penziji (Beogradu), suosniva\u010dica i \u010dlanica Centra za \u017eenske studije u Subotici (1997-2004). Dr Margareta Ba\u0161aragin je doktorirala na ACIMSI Centru za rodne studije Univerziteta u Novom Sadu, poverenica je ogranka novosadskog Udru\u017eenja \u201e\u017denske studije i istra\u017eivanja\u201d u<br \/>\nSubotici.<\/p>\n<p>&nbsp;<\/p>\n<p>.<div  id=\"jtg-20822\" class=\"modula modula-gallery modula-creative-gallery\" data-config=\"{&quot;height&quot;:800,&quot;tabletHeight&quot;:800,&quot;mobileHeight&quot;:800,&quot;desktopHeight&quot;:800,&quot;enableTwitter&quot;:false,&quot;enableWhatsapp&quot;:false,&quot;enableFacebook&quot;:false,&quot;enablePinterest&quot;:false,&quot;enableLinkedin&quot;:false,&quot;enableEmail&quot;:false,&quot;randomFactor&quot;:0.5,&quot;type&quot;:&quot;creative-gallery&quot;,&quot;columns&quot;:12,&quot;gutter&quot;:10,&quot;mobileGutter&quot;:10,&quot;tabletGutter&quot;:10,&quot;desktopGutter&quot;:10,&quot;enableResponsive&quot;:&quot;0&quot;,&quot;tabletColumns&quot;:2,&quot;mobileColumns&quot;:1,&quot;lazyLoad&quot;:0,&quot;lightboxOpts&quot;:{&quot;animated&quot;:true,&quot;Thumbs&quot;:{&quot;type&quot;:&quot;modern&quot;,&quot;showOnStart&quot;:false},&quot;Toolbar&quot;:{&quot;display&quot;:{&quot;right&quot;:[&quot;close&quot;]},&quot;enabled&quot;:true},&quot;Carousel&quot;:{&quot;Panzoom&quot;:{&quot;touch&quot;:true},&quot;infinite&quot;:false},&quot;keyboard&quot;:{&quot;Escape&quot;:&quot;close&quot;,&quot;Delete&quot;:&quot;close&quot;,&quot;Backspace&quot;:&quot;close&quot;,&quot;PageUp&quot;:false,&quot;PageDown&quot;:false,&quot;ArrowUp&quot;:false,&quot;ArrowDown&quot;:false,&quot;ArrowRight&quot;:false,&quot;ArrowLeft&quot;:false},&quot;touch&quot;:false,&quot;backdropClick&quot;:false,&quot;l10n&quot;:{&quot;CLOSE&quot;:&quot;Close&quot;,&quot;NEXT&quot;:&quot;Next&quot;,&quot;PREV&quot;:&quot;Previous&quot;,&quot;Error&quot;:&quot;The requested content cannot be loaded. Please try again later.&quot;,&quot;PLAY_START&quot;:&quot;Start slideshow&quot;,&quot;PLAY_STOP&quot;:&quot;Pause slideshow&quot;,&quot;FULL_SCREEN&quot;:&quot;Full screen&quot;,&quot;THUMBS&quot;:&quot;Thumbnails&quot;,&quot;DOWNLOAD&quot;:&quot;Download&quot;,&quot;SHARE&quot;:&quot;Share&quot;,&quot;ZOOM&quot;:&quot;Zoom&quot;,&quot;EMAIL&quot;:&quot;Here is the link to the image : %%image_link%% and this is the link to the gallery : %%gallery_link%%&quot;,&quot;MODAL&quot;:&quot;You can close this modal content with the ESC key&quot;,&quot;ERROR&quot;:&quot;Something Went Wrong, Please Try Again Later&quot;,&quot;IMAGE_ERROR&quot;:&quot;Image Not Found&quot;,&quot;ELEMENT_NOT_FOUND&quot;:&quot;HTML Element Not Found&quot;,&quot;AJAX_NOT_FOUND&quot;:&quot;Error Loading AJAX : Not Found&quot;,&quot;AJAX_FORBIDDEN&quot;:&quot;Error Loading AJAX : Forbidden&quot;,&quot;IFRAME_ERROR&quot;:&quot;Error Loading Page&quot;,&quot;TOGGLE_ZOOM&quot;:&quot;Toggle zoom level&quot;,&quot;TOGGLE_THUMBS&quot;:&quot;Toggle thumbnails&quot;,&quot;TOGGLE_SLIDESHOW&quot;:&quot;Toggle slideshow&quot;,&quot;TOGGLE_FULLSCREEN&quot;:&quot;Toggle full-screen mode&quot;},&quot;Images&quot;:{&quot;Panzoom&quot;:{&quot;maxScale&quot;:2}},&quot;mainClass&quot;:&quot;modula-fancybox-container modula-lightbox-jtg-20822&quot;,&quot;Html&quot;:{&quot;videoAutoplay&quot;:0,&quot;videoTpl&quot;:&quot;&lt;video class=\\&quot;fancybox__html5video\\&quot; controls muted playsinline controlsList controlsList=\\&quot;nodownload\\&quot; poster=\\&quot;{{poster}}\\&quot; src=\\&quot;{{src}}\\&quot; type=\\&quot;{{format}}\\&quot; &gt;  Sorry, your browser doesn&#039;t support embedded videos, &lt;a href=\\&quot;{{src}}\\&quot;&gt; download &lt;\\\/a&gt; and watch with your favorite video player! &lt;\\\/video&gt;&quot;}},&quot;inView&quot;:false,&quot;email_subject&quot;:&quot;Check out this awesome image !!&quot;,&quot;email_message&quot;:&quot;Here is the link to the image : %%image_link%% and this is the link to the gallery : %%gallery_link%%&quot;,&quot;lightbox&quot;:&quot;fancybox&quot;}\">\n\n\t\n\t<div  class=\"modula-items\">\n\t\t<div class=\"modula-item effect-pufrobo\" >\n\t<div class=\"modula-item-overlay\"><\/div>\n\n\t<div class=\"modula-item-content\">\n\n\t\t<a data-image-id=\"20823\" role=\"button\" data-elementor-open-lightbox=\"no\" tabindex=\"0\" rel=\"jtg-20822\" data-caption=\"\" aria-label=\"Open image in lightbox\" class=\"tile-inner modula-item-link\"><\/a><img fetchpriority=\"high\" decoding=\"async\" class=\"pic wp-image-20823\"  data-valign=\"middle\" data-halign=\"center\" alt=\"\" data-full=\"https:\/\/www.klarairosa.com\/wp-content\/uploads\/2024\/03\/romeo-i-julija-fotke_4-1.jpg\" title=\"romeo i julija fotke_4\" crop=\"\" width=\"300\" height=\"225\" src=\"https:\/\/www.klarairosa.com\/wp-content\/uploads\/2024\/03\/romeo-i-julija-fotke_4-1-300x225.jpg\" data-src=\"https:\/\/www.klarairosa.com\/wp-content\/uploads\/2024\/03\/romeo-i-julija-fotke_4-1-300x225.jpg\" data-caption=\"\" srcset=\"https:\/\/www.klarairosa.com\/wp-content\/uploads\/2024\/03\/romeo-i-julija-fotke_4-1.jpg 1024w, https:\/\/www.klarairosa.com\/wp-content\/uploads\/2024\/03\/romeo-i-julija-fotke_4-1-300x225.jpg 300w, https:\/\/www.klarairosa.com\/wp-content\/uploads\/2024\/03\/romeo-i-julija-fotke_4-1-768x576.jpg 768w, https:\/\/www.klarairosa.com\/wp-content\/uploads\/2024\/03\/romeo-i-julija-fotke_4-1-16x12.jpg 16w, https:\/\/www.klarairosa.com\/wp-content\/uploads\/2024\/03\/romeo-i-julija-fotke_4-1-800x600.jpg 800w, https:\/\/www.klarairosa.com\/wp-content\/uploads\/2024\/03\/romeo-i-julija-fotke_4-1-700x525.jpg 700w\" sizes=\"(max-width: 300px) 100vw, 300px\" \/>\n\t\t<div class=\"figc no-description\">\n\t\t\t<div class=\"figc-inner\">\n\t\t\t\t\t\t\t\t\t\t\t\t\t\t\t<\/div>\n\t\t<\/div>\n\n\t<\/div>\n\n<\/div><div class=\"modula-item effect-pufrobo\" >\n\t<div class=\"modula-item-overlay\"><\/div>\n\n\t<div class=\"modula-item-content\">\n\n\t\t<a data-image-id=\"20824\" role=\"button\" data-elementor-open-lightbox=\"no\" tabindex=\"0\" rel=\"jtg-20822\" data-caption=\"\" aria-label=\"Open image in lightbox\" class=\"tile-inner modula-item-link\"><\/a><img decoding=\"async\" class=\"pic wp-image-20824\"  data-valign=\"middle\" data-halign=\"center\" alt=\"\" data-full=\"https:\/\/www.klarairosa.com\/wp-content\/uploads\/2024\/03\/romeo-i-julija-fotke_5-1.jpg\" title=\"romeo i julija fotke_5\" crop=\"\" width=\"300\" height=\"225\" src=\"https:\/\/www.klarairosa.com\/wp-content\/uploads\/2024\/03\/romeo-i-julija-fotke_5-1-300x225.jpg\" data-src=\"https:\/\/www.klarairosa.com\/wp-content\/uploads\/2024\/03\/romeo-i-julija-fotke_5-1-300x225.jpg\" data-caption=\"\" srcset=\"https:\/\/www.klarairosa.com\/wp-content\/uploads\/2024\/03\/romeo-i-julija-fotke_5-1.jpg 1024w, https:\/\/www.klarairosa.com\/wp-content\/uploads\/2024\/03\/romeo-i-julija-fotke_5-1-300x225.jpg 300w, https:\/\/www.klarairosa.com\/wp-content\/uploads\/2024\/03\/romeo-i-julija-fotke_5-1-768x576.jpg 768w, https:\/\/www.klarairosa.com\/wp-content\/uploads\/2024\/03\/romeo-i-julija-fotke_5-1-16x12.jpg 16w, https:\/\/www.klarairosa.com\/wp-content\/uploads\/2024\/03\/romeo-i-julija-fotke_5-1-800x600.jpg 800w, https:\/\/www.klarairosa.com\/wp-content\/uploads\/2024\/03\/romeo-i-julija-fotke_5-1-700x525.jpg 700w\" sizes=\"(max-width: 300px) 100vw, 300px\" \/>\n\t\t<div class=\"figc no-description\">\n\t\t\t<div class=\"figc-inner\">\n\t\t\t\t\t\t\t\t\t\t\t\t\t\t\t<\/div>\n\t\t<\/div>\n\n\t<\/div>\n\n<\/div><div class=\"modula-item effect-pufrobo\" >\n\t<div class=\"modula-item-overlay\"><\/div>\n\n\t<div class=\"modula-item-content\">\n\n\t\t<a data-image-id=\"20825\" role=\"button\" data-elementor-open-lightbox=\"no\" tabindex=\"0\" rel=\"jtg-20822\" data-caption=\"\" aria-label=\"Open image in lightbox\" class=\"tile-inner modula-item-link\"><\/a><img decoding=\"async\" class=\"pic wp-image-20825\"  data-valign=\"middle\" data-halign=\"center\" alt=\"\" data-full=\"https:\/\/www.klarairosa.com\/wp-content\/uploads\/2024\/03\/romeo-i-julija-fotke_6.jpg\" title=\"romeo i julija fotke_6\" crop=\"\" width=\"300\" height=\"225\" src=\"https:\/\/www.klarairosa.com\/wp-content\/uploads\/2024\/03\/romeo-i-julija-fotke_6-300x225.jpg\" data-src=\"https:\/\/www.klarairosa.com\/wp-content\/uploads\/2024\/03\/romeo-i-julija-fotke_6-300x225.jpg\" data-caption=\"\" srcset=\"https:\/\/www.klarairosa.com\/wp-content\/uploads\/2024\/03\/romeo-i-julija-fotke_6.jpg 1024w, https:\/\/www.klarairosa.com\/wp-content\/uploads\/2024\/03\/romeo-i-julija-fotke_6-300x225.jpg 300w, https:\/\/www.klarairosa.com\/wp-content\/uploads\/2024\/03\/romeo-i-julija-fotke_6-768x576.jpg 768w, https:\/\/www.klarairosa.com\/wp-content\/uploads\/2024\/03\/romeo-i-julija-fotke_6-16x12.jpg 16w, https:\/\/www.klarairosa.com\/wp-content\/uploads\/2024\/03\/romeo-i-julija-fotke_6-800x600.jpg 800w, https:\/\/www.klarairosa.com\/wp-content\/uploads\/2024\/03\/romeo-i-julija-fotke_6-700x525.jpg 700w\" sizes=\"(max-width: 300px) 100vw, 300px\" \/>\n\t\t<div class=\"figc no-description\">\n\t\t\t<div class=\"figc-inner\">\n\t\t\t\t\t\t\t\t\t\t\t\t\t\t\t<\/div>\n\t\t<\/div>\n\n\t<\/div>\n\n<\/div><div class=\"modula-item effect-pufrobo\" >\n\t<div class=\"modula-item-overlay\"><\/div>\n\n\t<div class=\"modula-item-content\">\n\n\t\t<a data-image-id=\"20826\" role=\"button\" data-elementor-open-lightbox=\"no\" tabindex=\"0\" rel=\"jtg-20822\" data-caption=\"\" aria-label=\"Open image in lightbox\" class=\"tile-inner modula-item-link\"><\/a><img loading=\"lazy\" decoding=\"async\" class=\"pic wp-image-20826\"  data-valign=\"middle\" data-halign=\"center\" alt=\"\" data-full=\"https:\/\/www.klarairosa.com\/wp-content\/uploads\/2024\/03\/romeo-i-julija-fotke-1.jpg\" title=\"romeo i julija fotke\" crop=\"\" width=\"300\" height=\"225\" src=\"https:\/\/www.klarairosa.com\/wp-content\/uploads\/2024\/03\/romeo-i-julija-fotke-1-300x225.jpg\" data-src=\"https:\/\/www.klarairosa.com\/wp-content\/uploads\/2024\/03\/romeo-i-julija-fotke-1-300x225.jpg\" data-caption=\"\" srcset=\"https:\/\/www.klarairosa.com\/wp-content\/uploads\/2024\/03\/romeo-i-julija-fotke-1.jpg 1024w, https:\/\/www.klarairosa.com\/wp-content\/uploads\/2024\/03\/romeo-i-julija-fotke-1-300x225.jpg 300w, https:\/\/www.klarairosa.com\/wp-content\/uploads\/2024\/03\/romeo-i-julija-fotke-1-768x576.jpg 768w, https:\/\/www.klarairosa.com\/wp-content\/uploads\/2024\/03\/romeo-i-julija-fotke-1-16x12.jpg 16w, https:\/\/www.klarairosa.com\/wp-content\/uploads\/2024\/03\/romeo-i-julija-fotke-1-800x600.jpg 800w, https:\/\/www.klarairosa.com\/wp-content\/uploads\/2024\/03\/romeo-i-julija-fotke-1-700x525.jpg 700w\" sizes=\"(max-width: 300px) 100vw, 300px\" \/>\n\t\t<div class=\"figc no-description\">\n\t\t\t<div class=\"figc-inner\">\n\t\t\t\t\t\t\t\t\t\t\t\t\t\t\t<\/div>\n\t\t<\/div>\n\n\t<\/div>\n\n<\/div><div class=\"modula-item effect-pufrobo\" >\n\t<div class=\"modula-item-overlay\"><\/div>\n\n\t<div class=\"modula-item-content\">\n\n\t\t<a data-image-id=\"20827\" role=\"button\" data-elementor-open-lightbox=\"no\" tabindex=\"0\" rel=\"jtg-20822\" data-caption=\"\" aria-label=\"Open image in lightbox\" class=\"tile-inner modula-item-link\"><\/a><img loading=\"lazy\" decoding=\"async\" class=\"pic wp-image-20827\"  data-valign=\"middle\" data-halign=\"center\" alt=\"\" data-full=\"https:\/\/www.klarairosa.com\/wp-content\/uploads\/2024\/03\/romeo-i-julija-fotke_2-1.jpg\" title=\"romeo i julija fotke_2\" crop=\"\" width=\"300\" height=\"225\" src=\"https:\/\/www.klarairosa.com\/wp-content\/uploads\/2024\/03\/romeo-i-julija-fotke_2-1-300x225.jpg\" data-src=\"https:\/\/www.klarairosa.com\/wp-content\/uploads\/2024\/03\/romeo-i-julija-fotke_2-1-300x225.jpg\" data-caption=\"\" srcset=\"https:\/\/www.klarairosa.com\/wp-content\/uploads\/2024\/03\/romeo-i-julija-fotke_2-1.jpg 1024w, https:\/\/www.klarairosa.com\/wp-content\/uploads\/2024\/03\/romeo-i-julija-fotke_2-1-300x225.jpg 300w, https:\/\/www.klarairosa.com\/wp-content\/uploads\/2024\/03\/romeo-i-julija-fotke_2-1-768x576.jpg 768w, https:\/\/www.klarairosa.com\/wp-content\/uploads\/2024\/03\/romeo-i-julija-fotke_2-1-16x12.jpg 16w, https:\/\/www.klarairosa.com\/wp-content\/uploads\/2024\/03\/romeo-i-julija-fotke_2-1-800x600.jpg 800w, https:\/\/www.klarairosa.com\/wp-content\/uploads\/2024\/03\/romeo-i-julija-fotke_2-1-700x525.jpg 700w\" sizes=\"(max-width: 300px) 100vw, 300px\" \/>\n\t\t<div class=\"figc no-description\">\n\t\t\t<div class=\"figc-inner\">\n\t\t\t\t\t\t\t\t\t\t\t\t\t\t\t<\/div>\n\t\t<\/div>\n\n\t<\/div>\n\n<\/div>\t\t\n\t<\/div>\n\n\t\n\t\n\t<script type=\"application\/ld+json\">\n\t{\n\t\t\"@context\": \"http:\/\/schema.org\",\n\t\t\"@type\"   : \"ImageGallery\",\n\t\t\"id\"      : \"https:\/\/www.klarairosa.com\/hu\/zasto-je-vazan-osmi-mart-danas\/\",\n\t\t\"url\"     : \"https:\/\/www.klarairosa.com\/hu\/zasto-je-vazan-osmi-mart-danas\/\"\n\t}\n\n\t<\/script>\n\n\t\n<\/div>\n","protected":false},"excerpt":{"rendered":"<p>Udru\u017eenje \u201e\u017denske studije i istra\u017eivanja\u201c, Novi Sad, podru\u017enica Subotici i Udru\u017eenje \u201eKlara i Rosa\u201c Subotica,&#8230;<\/p>","protected":false},"author":1,"featured_media":20774,"comment_status":"closed","ping_status":"closed","sticky":false,"template":"","format":"standard","meta":{"content-type":"","inline_featured_image":false,"footnotes":""},"categories":[109],"tags":[121,315,316,91,129,318,317,177,314,191,152,319],"class_list":["post-20773","post","type-post","status-publish","format-standard","has-post-thumbnail","hentry","category-aktuelno","tag-121","tag-8-mart","tag-dan-zena","tag-jelena-grujicic","tag-klarairosa","tag-margareta-basaragin","tag-mirjana-dokmanovic","tag-novi-sad","tag-osmi-mart","tag-predavanje","tag-subotica","tag-zenske-studije-i-istrazivanja"],"yoast_head":"<!-- This site is optimized with the Yoast SEO plugin v27.5 - https:\/\/yoast.com\/product\/yoast-seo-wordpress\/ -->\n<title>Za\u0161to je va\u017ean Osmi mart (danas)? - Klara i Rosa<\/title>\n<meta name=\"robots\" content=\"index, follow, max-snippet:-1, max-image-preview:large, max-video-preview:-1\" \/>\n<link rel=\"canonical\" href=\"https:\/\/www.klarairosa.com\/hu\/zasto-je-vazan-osmi-mart-danas\/\" \/>\n<meta property=\"og:locale\" content=\"hu_HU\" \/>\n<meta property=\"og:type\" content=\"article\" \/>\n<meta property=\"og:title\" content=\"Za\u0161to je va\u017ean Osmi mart (danas)? - Klara i Rosa\" \/>\n<meta property=\"og:description\" content=\"Udru\u017eenje \u201e\u017denske studije i istra\u017eivanja\u201c, Novi Sad, podru\u017enica Subotici i Udru\u017eenje \u201eKlara i Rosa\u201c Subotica,...\" \/>\n<meta property=\"og:url\" content=\"https:\/\/www.klarairosa.com\/hu\/zasto-je-vazan-osmi-mart-danas\/\" \/>\n<meta property=\"og:site_name\" content=\"Klara i Rosa\" \/>\n<meta property=\"article:publisher\" content=\"https:\/\/www.facebook.com\/klarairosa\/\" \/>\n<meta property=\"article:published_time\" content=\"2024-02-28T12:23:05+00:00\" \/>\n<meta property=\"article:modified_time\" content=\"2024-03-18T09:31:14+00:00\" \/>\n<meta property=\"og:image\" content=\"https:\/\/www.klarairosa.com\/wp-content\/uploads\/2024\/02\/1.-SAJT-8.-mart.jpg\" \/>\n\t<meta property=\"og:image:width\" content=\"1352\" \/>\n\t<meta property=\"og:image:height\" content=\"1005\" \/>\n\t<meta property=\"og:image:type\" content=\"image\/jpeg\" \/>\n<meta name=\"author\" content=\"Klara i Rosa\" \/>\n<meta name=\"twitter:card\" content=\"summary_large_image\" \/>\n<meta name=\"twitter:label1\" content=\"Szerz\u0151:\" \/>\n\t<meta name=\"twitter:data1\" content=\"Klara i Rosa\" \/>\n\t<meta name=\"twitter:label2\" content=\"Becs\u00fclt olvas\u00e1si id\u0151\" \/>\n\t<meta name=\"twitter:data2\" content=\"1 perc\" \/>\n<script type=\"application\/ld+json\" class=\"yoast-schema-graph\">{\"@context\":\"https:\\\/\\\/schema.org\",\"@graph\":[{\"@type\":\"Article\",\"@id\":\"https:\\\/\\\/www.klarairosa.com\\\/zasto-je-vazan-osmi-mart-danas\\\/#article\",\"isPartOf\":{\"@id\":\"https:\\\/\\\/www.klarairosa.com\\\/zasto-je-vazan-osmi-mart-danas\\\/\"},\"author\":{\"name\":\"Klara i Rosa\",\"@id\":\"https:\\\/\\\/www.klarairosa.com\\\/en\\\/#\\\/schema\\\/person\\\/e4e7e9e5c8eeeddccf61e4532ae8e6ed\"},\"headline\":\"Za\u0161to je va\u017ean Osmi mart (danas)?\",\"datePublished\":\"2024-02-28T12:23:05+00:00\",\"dateModified\":\"2024-03-18T09:31:14+00:00\",\"mainEntityOfPage\":{\"@id\":\"https:\\\/\\\/www.klarairosa.com\\\/zasto-je-vazan-osmi-mart-danas\\\/\"},\"wordCount\":287,\"publisher\":{\"@id\":\"https:\\\/\\\/www.klarairosa.com\\\/en\\\/#organization\"},\"image\":{\"@id\":\"https:\\\/\\\/www.klarairosa.com\\\/zasto-je-vazan-osmi-mart-danas\\\/#primaryimage\"},\"thumbnailUrl\":\"https:\\\/\\\/www.klarairosa.com\\\/wp-content\\\/uploads\\\/2024\\\/02\\\/1.-SAJT-8.-mart.jpg\",\"keywords\":[\"2023\",\"8. mart\",\"dan zena\",\"Jelena Gruji\u010di\u0107\",\"klarairosa\",\"margareta basaragin\",\"mirjana dokmanovic\",\"novi sad\",\"osmi mart\",\"predavanje\",\"subotica\",\"zenske studije i istrazivanja\"],\"articleSection\":[\"Aktuelno\"],\"inLanguage\":\"hu\"},{\"@type\":\"WebPage\",\"@id\":\"https:\\\/\\\/www.klarairosa.com\\\/zasto-je-vazan-osmi-mart-danas\\\/\",\"url\":\"https:\\\/\\\/www.klarairosa.com\\\/zasto-je-vazan-osmi-mart-danas\\\/\",\"name\":\"Za\u0161to je va\u017ean Osmi mart (danas)? - Klara i Rosa\",\"isPartOf\":{\"@id\":\"https:\\\/\\\/www.klarairosa.com\\\/en\\\/#website\"},\"primaryImageOfPage\":{\"@id\":\"https:\\\/\\\/www.klarairosa.com\\\/zasto-je-vazan-osmi-mart-danas\\\/#primaryimage\"},\"image\":{\"@id\":\"https:\\\/\\\/www.klarairosa.com\\\/zasto-je-vazan-osmi-mart-danas\\\/#primaryimage\"},\"thumbnailUrl\":\"https:\\\/\\\/www.klarairosa.com\\\/wp-content\\\/uploads\\\/2024\\\/02\\\/1.-SAJT-8.-mart.jpg\",\"datePublished\":\"2024-02-28T12:23:05+00:00\",\"dateModified\":\"2024-03-18T09:31:14+00:00\",\"breadcrumb\":{\"@id\":\"https:\\\/\\\/www.klarairosa.com\\\/zasto-je-vazan-osmi-mart-danas\\\/#breadcrumb\"},\"inLanguage\":\"hu\",\"potentialAction\":[{\"@type\":\"ReadAction\",\"target\":[\"https:\\\/\\\/www.klarairosa.com\\\/zasto-je-vazan-osmi-mart-danas\\\/\"]}]},{\"@type\":\"ImageObject\",\"inLanguage\":\"hu\",\"@id\":\"https:\\\/\\\/www.klarairosa.com\\\/zasto-je-vazan-osmi-mart-danas\\\/#primaryimage\",\"url\":\"https:\\\/\\\/www.klarairosa.com\\\/wp-content\\\/uploads\\\/2024\\\/02\\\/1.-SAJT-8.-mart.jpg\",\"contentUrl\":\"https:\\\/\\\/www.klarairosa.com\\\/wp-content\\\/uploads\\\/2024\\\/02\\\/1.-SAJT-8.-mart.jpg\",\"width\":1352,\"height\":1005},{\"@type\":\"BreadcrumbList\",\"@id\":\"https:\\\/\\\/www.klarairosa.com\\\/zasto-je-vazan-osmi-mart-danas\\\/#breadcrumb\",\"itemListElement\":[{\"@type\":\"ListItem\",\"position\":1,\"name\":\"Home\",\"item\":\"https:\\\/\\\/www.klarairosa.com\\\/\"},{\"@type\":\"ListItem\",\"position\":2,\"name\":\"Za\u0161to je va\u017ean Osmi mart (danas)?\"}]},{\"@type\":\"WebSite\",\"@id\":\"https:\\\/\\\/www.klarairosa.com\\\/en\\\/#website\",\"url\":\"https:\\\/\\\/www.klarairosa.com\\\/en\\\/\",\"name\":\"Klara i Rosa\",\"description\":\"Klara i Rosa\",\"publisher\":{\"@id\":\"https:\\\/\\\/www.klarairosa.com\\\/en\\\/#organization\"},\"potentialAction\":[{\"@type\":\"SearchAction\",\"target\":{\"@type\":\"EntryPoint\",\"urlTemplate\":\"https:\\\/\\\/www.klarairosa.com\\\/en\\\/?s={search_term_string}\"},\"query-input\":{\"@type\":\"PropertyValueSpecification\",\"valueRequired\":true,\"valueName\":\"search_term_string\"}}],\"inLanguage\":\"hu\"},{\"@type\":\"Organization\",\"@id\":\"https:\\\/\\\/www.klarairosa.com\\\/en\\\/#organization\",\"name\":\"Klara i Rosa\",\"url\":\"https:\\\/\\\/www.klarairosa.com\\\/en\\\/\",\"logo\":{\"@type\":\"ImageObject\",\"inLanguage\":\"hu\",\"@id\":\"https:\\\/\\\/www.klarairosa.com\\\/en\\\/#\\\/schema\\\/logo\\\/image\\\/\",\"url\":\"https:\\\/\\\/www.klarairosa.com\\\/wp-content\\\/uploads\\\/2022\\\/01\\\/logo.svg\",\"contentUrl\":\"https:\\\/\\\/www.klarairosa.com\\\/wp-content\\\/uploads\\\/2022\\\/01\\\/logo.svg\",\"width\":110,\"height\":139,\"caption\":\"Klara i Rosa\"},\"image\":{\"@id\":\"https:\\\/\\\/www.klarairosa.com\\\/en\\\/#\\\/schema\\\/logo\\\/image\\\/\"},\"sameAs\":[\"https:\\\/\\\/www.facebook.com\\\/klarairosa\\\/\",\"https:\\\/\\\/www.instagram.com\\\/ugklarairosa\\\/\"]},{\"@type\":\"Person\",\"@id\":\"https:\\\/\\\/www.klarairosa.com\\\/en\\\/#\\\/schema\\\/person\\\/e4e7e9e5c8eeeddccf61e4532ae8e6ed\",\"name\":\"Klara i Rosa\",\"image\":{\"@type\":\"ImageObject\",\"inLanguage\":\"hu\",\"@id\":\"https:\\\/\\\/secure.gravatar.com\\\/avatar\\\/c83ee539a067b9f57ae5d8999ae286c4f98b5c4bd943b8cbb64f6b0fc1f29e40?s=96&d=mm&r=g\",\"url\":\"https:\\\/\\\/secure.gravatar.com\\\/avatar\\\/c83ee539a067b9f57ae5d8999ae286c4f98b5c4bd943b8cbb64f6b0fc1f29e40?s=96&d=mm&r=g\",\"contentUrl\":\"https:\\\/\\\/secure.gravatar.com\\\/avatar\\\/c83ee539a067b9f57ae5d8999ae286c4f98b5c4bd943b8cbb64f6b0fc1f29e40?s=96&d=mm&r=g\",\"caption\":\"Klara i Rosa\"},\"sameAs\":[\"https:\\\/\\\/klarairosa.com\"],\"url\":\"https:\\\/\\\/www.klarairosa.com\\\/hu\\\/author\\\/rosaiklara\\\/\"}]}<\/script>\n<!-- \/ Yoast SEO plugin. -->","yoast_head_json":{"title":"Za\u0161to je va\u017ean Osmi mart (danas)? - Klara i Rosa","robots":{"index":"index","follow":"follow","max-snippet":"max-snippet:-1","max-image-preview":"max-image-preview:large","max-video-preview":"max-video-preview:-1"},"canonical":"https:\/\/www.klarairosa.com\/hu\/zasto-je-vazan-osmi-mart-danas\/","og_locale":"hu_HU","og_type":"article","og_title":"Za\u0161to je va\u017ean Osmi mart (danas)? - Klara i Rosa","og_description":"Udru\u017eenje \u201e\u017denske studije i istra\u017eivanja\u201c, Novi Sad, podru\u017enica Subotici i Udru\u017eenje \u201eKlara i Rosa\u201c Subotica,...","og_url":"https:\/\/www.klarairosa.com\/hu\/zasto-je-vazan-osmi-mart-danas\/","og_site_name":"Klara i Rosa","article_publisher":"https:\/\/www.facebook.com\/klarairosa\/","article_published_time":"2024-02-28T12:23:05+00:00","article_modified_time":"2024-03-18T09:31:14+00:00","og_image":[{"width":1352,"height":1005,"url":"https:\/\/www.klarairosa.com\/wp-content\/uploads\/2024\/02\/1.-SAJT-8.-mart.jpg","type":"image\/jpeg"}],"author":"Klara i Rosa","twitter_card":"summary_large_image","twitter_misc":{"Szerz\u0151:":"Klara i Rosa","Becs\u00fclt olvas\u00e1si id\u0151":"1 perc"},"schema":{"@context":"https:\/\/schema.org","@graph":[{"@type":"Article","@id":"https:\/\/www.klarairosa.com\/zasto-je-vazan-osmi-mart-danas\/#article","isPartOf":{"@id":"https:\/\/www.klarairosa.com\/zasto-je-vazan-osmi-mart-danas\/"},"author":{"name":"Klara i Rosa","@id":"https:\/\/www.klarairosa.com\/en\/#\/schema\/person\/e4e7e9e5c8eeeddccf61e4532ae8e6ed"},"headline":"Za\u0161to je va\u017ean Osmi mart (danas)?","datePublished":"2024-02-28T12:23:05+00:00","dateModified":"2024-03-18T09:31:14+00:00","mainEntityOfPage":{"@id":"https:\/\/www.klarairosa.com\/zasto-je-vazan-osmi-mart-danas\/"},"wordCount":287,"publisher":{"@id":"https:\/\/www.klarairosa.com\/en\/#organization"},"image":{"@id":"https:\/\/www.klarairosa.com\/zasto-je-vazan-osmi-mart-danas\/#primaryimage"},"thumbnailUrl":"https:\/\/www.klarairosa.com\/wp-content\/uploads\/2024\/02\/1.-SAJT-8.-mart.jpg","keywords":["2023","8. mart","dan zena","Jelena Gruji\u010di\u0107","klarairosa","margareta basaragin","mirjana dokmanovic","novi sad","osmi mart","predavanje","subotica","zenske studije i istrazivanja"],"articleSection":["Aktuelno"],"inLanguage":"hu"},{"@type":"WebPage","@id":"https:\/\/www.klarairosa.com\/zasto-je-vazan-osmi-mart-danas\/","url":"https:\/\/www.klarairosa.com\/zasto-je-vazan-osmi-mart-danas\/","name":"Za\u0161to je va\u017ean Osmi mart (danas)? - Klara i Rosa","isPartOf":{"@id":"https:\/\/www.klarairosa.com\/en\/#website"},"primaryImageOfPage":{"@id":"https:\/\/www.klarairosa.com\/zasto-je-vazan-osmi-mart-danas\/#primaryimage"},"image":{"@id":"https:\/\/www.klarairosa.com\/zasto-je-vazan-osmi-mart-danas\/#primaryimage"},"thumbnailUrl":"https:\/\/www.klarairosa.com\/wp-content\/uploads\/2024\/02\/1.-SAJT-8.-mart.jpg","datePublished":"2024-02-28T12:23:05+00:00","dateModified":"2024-03-18T09:31:14+00:00","breadcrumb":{"@id":"https:\/\/www.klarairosa.com\/zasto-je-vazan-osmi-mart-danas\/#breadcrumb"},"inLanguage":"hu","potentialAction":[{"@type":"ReadAction","target":["https:\/\/www.klarairosa.com\/zasto-je-vazan-osmi-mart-danas\/"]}]},{"@type":"ImageObject","inLanguage":"hu","@id":"https:\/\/www.klarairosa.com\/zasto-je-vazan-osmi-mart-danas\/#primaryimage","url":"https:\/\/www.klarairosa.com\/wp-content\/uploads\/2024\/02\/1.-SAJT-8.-mart.jpg","contentUrl":"https:\/\/www.klarairosa.com\/wp-content\/uploads\/2024\/02\/1.-SAJT-8.-mart.jpg","width":1352,"height":1005},{"@type":"BreadcrumbList","@id":"https:\/\/www.klarairosa.com\/zasto-je-vazan-osmi-mart-danas\/#breadcrumb","itemListElement":[{"@type":"ListItem","position":1,"name":"Home","item":"https:\/\/www.klarairosa.com\/"},{"@type":"ListItem","position":2,"name":"Za\u0161to je va\u017ean Osmi mart (danas)?"}]},{"@type":"WebSite","@id":"https:\/\/www.klarairosa.com\/en\/#website","url":"https:\/\/www.klarairosa.com\/en\/","name":"Kl\u00e1ra \u00e9s Rosa Egyes\u00fclet","description":"Kl\u00e1ra \u00e9s Rosa Egyes\u00fclet","publisher":{"@id":"https:\/\/www.klarairosa.com\/en\/#organization"},"potentialAction":[{"@type":"SearchAction","target":{"@type":"EntryPoint","urlTemplate":"https:\/\/www.klarairosa.com\/en\/?s={search_term_string}"},"query-input":{"@type":"PropertyValueSpecification","valueRequired":true,"valueName":"search_term_string"}}],"inLanguage":"hu"},{"@type":"Organization","@id":"https:\/\/www.klarairosa.com\/en\/#organization","name":"Kl\u00e1ra \u00e9s Rosa Egyes\u00fclet","url":"https:\/\/www.klarairosa.com\/en\/","logo":{"@type":"ImageObject","inLanguage":"hu","@id":"https:\/\/www.klarairosa.com\/en\/#\/schema\/logo\/image\/","url":"https:\/\/www.klarairosa.com\/wp-content\/uploads\/2022\/01\/logo.svg","contentUrl":"https:\/\/www.klarairosa.com\/wp-content\/uploads\/2022\/01\/logo.svg","width":110,"height":139,"caption":"Klara i Rosa"},"image":{"@id":"https:\/\/www.klarairosa.com\/en\/#\/schema\/logo\/image\/"},"sameAs":["https:\/\/www.facebook.com\/klarairosa\/","https:\/\/www.instagram.com\/ugklarairosa\/"]},{"@type":"Person","@id":"https:\/\/www.klarairosa.com\/en\/#\/schema\/person\/e4e7e9e5c8eeeddccf61e4532ae8e6ed","name":"Kl\u00e1ra \u00e9s Rosa Egyes\u00fclet","image":{"@type":"ImageObject","inLanguage":"hu","@id":"https:\/\/secure.gravatar.com\/avatar\/c83ee539a067b9f57ae5d8999ae286c4f98b5c4bd943b8cbb64f6b0fc1f29e40?s=96&d=mm&r=g","url":"https:\/\/secure.gravatar.com\/avatar\/c83ee539a067b9f57ae5d8999ae286c4f98b5c4bd943b8cbb64f6b0fc1f29e40?s=96&d=mm&r=g","contentUrl":"https:\/\/secure.gravatar.com\/avatar\/c83ee539a067b9f57ae5d8999ae286c4f98b5c4bd943b8cbb64f6b0fc1f29e40?s=96&d=mm&r=g","caption":"Klara i Rosa"},"sameAs":["https:\/\/klarairosa.com"],"url":"https:\/\/www.klarairosa.com\/hu\/author\/rosaiklara\/"}]}},"_links":{"self":[{"href":"https:\/\/www.klarairosa.com\/hu\/wp-json\/wp\/v2\/posts\/20773","targetHints":{"allow":["GET"]}}],"collection":[{"href":"https:\/\/www.klarairosa.com\/hu\/wp-json\/wp\/v2\/posts"}],"about":[{"href":"https:\/\/www.klarairosa.com\/hu\/wp-json\/wp\/v2\/types\/post"}],"author":[{"embeddable":true,"href":"https:\/\/www.klarairosa.com\/hu\/wp-json\/wp\/v2\/users\/1"}],"replies":[{"embeddable":true,"href":"https:\/\/www.klarairosa.com\/hu\/wp-json\/wp\/v2\/comments?post=20773"}],"version-history":[{"count":3,"href":"https:\/\/www.klarairosa.com\/hu\/wp-json\/wp\/v2\/posts\/20773\/revisions"}],"predecessor-version":[{"id":20829,"href":"https:\/\/www.klarairosa.com\/hu\/wp-json\/wp\/v2\/posts\/20773\/revisions\/20829"}],"wp:featuredmedia":[{"embeddable":true,"href":"https:\/\/www.klarairosa.com\/hu\/wp-json\/wp\/v2\/media\/20774"}],"wp:attachment":[{"href":"https:\/\/www.klarairosa.com\/hu\/wp-json\/wp\/v2\/media?parent=20773"}],"wp:term":[{"taxonomy":"category","embeddable":true,"href":"https:\/\/www.klarairosa.com\/hu\/wp-json\/wp\/v2\/categories?post=20773"},{"taxonomy":"post_tag","embeddable":true,"href":"https:\/\/www.klarairosa.com\/hu\/wp-json\/wp\/v2\/tags?post=20773"}],"curies":[{"name":"wp","href":"https:\/\/api.w.org\/{rel}","templated":true}]}}