{"id":20610,"date":"2024-01-08T10:36:02","date_gmt":"2024-01-08T10:36:02","guid":{"rendered":"https:\/\/www.klarairosa.com\/?p=20610"},"modified":"2024-01-09T09:50:28","modified_gmt":"2024-01-09T09:50:28","slug":"knjizevnost-se-vraca-u-suboticu-vizuelna-signalisticka-poezija","status":"publish","type":"post","link":"https:\/\/www.klarairosa.com\/hu\/knjizevnost-se-vraca-u-suboticu-vizuelna-signalisticka-poezija\/","title":{"rendered":"AZ IRODALOM VISSZAT\u00c9R SZABADK\u00c1RA: VIZU\u00c1LIS JELAD\u00d3 K\u00d6LT\u00c9SZET"},"content":{"rendered":"<p style=\"text-align: justify;\" class=\" translation-block\">U okviru programa \u201eKnji\u017eevnost se vra\u0107a u Suboticu\u201c, <strong>11. januara 2024, u 19 \u010dasova<\/strong> odr\u017ea\u0107e se mala promocija, intimno predstavljanje zbirki poezije *Te\u0161ko u glavi* &amp; *U ku\u0107i od ljudske ko\u017ee*, razgovor o signalizmu, \u017eivotu u egzilu, umetnosti, autora Vladimira Milojkovi\u0107a.<\/p>\n<p>.<\/p>\n<p style=\"text-align: justify;\">Vladimir Milojkovic \/ Vladimir Milojkovity a jugoszl\u00e1viai Szabadk\u00e1n sz\u00fcletett. Az angol PEN Center tagja. Minden jugoszl\u00e1v nyelven \u00edr, az aktu\u00e1lis \u00e9rz\u00e9st\u0151l f\u00fcgg\u0151en. Tagja a volt Jugoszl\u00e1via ter\u00fclet\u00e9n az egyetlen inform\u00e1lis, utols\u00f3 jelad\u00f3 szerz\u0151csoportnak. A jelad\u00f3kkal egy\u00fctt r\u00e9szt vett k\u00e9t szignalisztikus, DADA \u00e9s vizu\u00e1lis k\u00f6lt\u00e9szeti gy\u0171jtem\u00e9ny, a The Magic of Signalism (2016) \u00e9s a The Visiions of Signalism (2017) elk\u00e9sz\u00edt\u00e9s\u00e9ben.<\/p>\n<p style=\"text-align: justify;\">.<\/p>\n<p style=\"text-align: justify;\">A 2023-ban megjelent Signalism Antologyban is k\u00e9pviseltette mag\u00e1t.<\/p>\n<p style=\"text-align: justify;\">.<\/p>\n<p style=\"text-align: justify;\" class=\" translation-block\">Njegova audio poezija uvr\u0161tena je u kompilaciju MATLIT (Materialidades da Literatura) iz 2018. u organizaciji portugalskog Coimbra Univerziteta. jegov kratki film *Verschwinden* napravljen u saradnji s Verene D\u00fcrr i Sofijom \u017divkovi\u0107 bio je u finalu International Smarth Phone Festivala u Abuji (Nigerija) 2018-2019. Njegova izlo\u017eba vizualne poezije *signal-iza-C-i-JA* postavljena je u Novom Sadu 2019, Zagrebu 2020. i u Subotici 2021. Milojkovity je objavio tri zbirke poezije. <em>Razgovor sa Hertom<\/em> 2014. (nagrada *Prvenac* za najbolji rukopis mladog autora), <em>Te\u0161ko u glavi <\/em>(Presing 2020.), <em>u ku\u0107i od ljudske ko\u017ee<\/em> (nagrada Presing za 2021 za najbolji rukopis).<\/p>\n<p style=\"text-align: justify;\">.<\/p>\n<p style=\"text-align: justify;\">Al\u00e1\u00edr\u00f3ja a k\u00f6znyelvr\u0151l sz\u00f3l\u00f3 nyilatkozatnak. 2020-t\u00f3l Londonban \u00e9l.<\/p>\n<p>.<\/p>\n<p>.<br \/>\nA besz\u00e9lget\u00e9st Stefan Basari\u0107 vezeti.<\/p>","protected":false},"excerpt":{"rendered":"<p>U okviru programa &#8222;Knji\u017eevnost se vra\u0107a u Suboticu&#8220;, 11. januara 2024, u 19 \u010dasova odr\u017ea\u0107e&#8230;<\/p>","protected":false},"author":1,"featured_media":20617,"comment_status":"closed","ping_status":"closed","sticky":false,"template":"","format":"standard","meta":{"content-type":"","inline_featured_image":false,"footnotes":""},"categories":[109],"tags":[121,124,269,279,271,270,277,152,295,294],"class_list":["post-20610","post","type-post","status-publish","format-standard","has-post-thumbnail","hentry","category-aktuelno","tag-121","tag-klara-i-rosa","tag-knjizevnost","tag-knjizevnost-se-vraca-u-suboticu","tag-pesnicko-vece","tag-poezija","tag-stefan-basaric","tag-subotica","tag-tesko-u-glavi","tag-vladimir-milojkovic"],"yoast_head":"<!-- This site is optimized with the Yoast SEO plugin v27.5 - https:\/\/yoast.com\/product\/yoast-seo-wordpress\/ -->\n<title>KNJI\u017dEVNOST SE VRA\u0106A U SUBOTICU: VIZUELNA SIGNALISTI\u010cKA POEZIJA - Klara i Rosa<\/title>\n<meta name=\"robots\" content=\"index, follow, max-snippet:-1, max-image-preview:large, max-video-preview:-1\" \/>\n<link rel=\"canonical\" href=\"https:\/\/www.klarairosa.com\/hu\/knjizevnost-se-vraca-u-suboticu-vizuelna-signalisticka-poezija\/\" \/>\n<meta property=\"og:locale\" content=\"hu_HU\" \/>\n<meta property=\"og:type\" content=\"article\" \/>\n<meta property=\"og:title\" content=\"KNJI\u017dEVNOST SE VRA\u0106A U SUBOTICU: VIZUELNA SIGNALISTI\u010cKA POEZIJA - Klara i Rosa\" \/>\n<meta property=\"og:description\" content=\"U okviru programa &#8222;Knji\u017eevnost se vra\u0107a u Suboticu&#8220;, 11. januara 2024, u 19 \u010dasova odr\u017ea\u0107e...\" \/>\n<meta property=\"og:url\" content=\"https:\/\/www.klarairosa.com\/hu\/knjizevnost-se-vraca-u-suboticu-vizuelna-signalisticka-poezija\/\" \/>\n<meta property=\"og:site_name\" content=\"Klara i Rosa\" \/>\n<meta property=\"article:publisher\" content=\"https:\/\/www.facebook.com\/klarairosa\/\" \/>\n<meta property=\"article:published_time\" content=\"2024-01-08T10:36:02+00:00\" \/>\n<meta property=\"article:modified_time\" content=\"2024-01-09T09:50:28+00:00\" \/>\n<meta property=\"og:image\" content=\"https:\/\/www.klarairosa.com\/wp-content\/uploads\/2024\/01\/Ivory-Pink-Pretty-Wedding-Facebook-Event-Cover.jpg\" \/>\n\t<meta property=\"og:image:width\" content=\"1920\" \/>\n\t<meta property=\"og:image:height\" content=\"1080\" \/>\n\t<meta property=\"og:image:type\" content=\"image\/jpeg\" \/>\n<meta name=\"author\" content=\"Klara i Rosa\" \/>\n<meta name=\"twitter:card\" content=\"summary_large_image\" \/>\n<meta name=\"twitter:label1\" content=\"Szerz\u0151:\" \/>\n\t<meta name=\"twitter:data1\" content=\"Klara i Rosa\" \/>\n\t<meta name=\"twitter:label2\" content=\"Becs\u00fclt olvas\u00e1si id\u0151\" \/>\n\t<meta name=\"twitter:data2\" content=\"1 perc\" \/>\n<script type=\"application\/ld+json\" class=\"yoast-schema-graph\">{\"@context\":\"https:\\\/\\\/schema.org\",\"@graph\":[{\"@type\":\"Article\",\"@id\":\"https:\\\/\\\/www.klarairosa.com\\\/knjizevnost-se-vraca-u-suboticu-vizuelna-signalisticka-poezija\\\/#article\",\"isPartOf\":{\"@id\":\"https:\\\/\\\/www.klarairosa.com\\\/knjizevnost-se-vraca-u-suboticu-vizuelna-signalisticka-poezija\\\/\"},\"author\":{\"name\":\"Klara i Rosa\",\"@id\":\"https:\\\/\\\/www.klarairosa.com\\\/en\\\/#\\\/schema\\\/person\\\/e4e7e9e5c8eeeddccf61e4532ae8e6ed\"},\"headline\":\"KNJI\u017dEVNOST SE VRA\u0106A U SUBOTICU: VIZUELNA SIGNALISTI\u010cKA POEZIJA\",\"datePublished\":\"2024-01-08T10:36:02+00:00\",\"dateModified\":\"2024-01-09T09:50:28+00:00\",\"mainEntityOfPage\":{\"@id\":\"https:\\\/\\\/www.klarairosa.com\\\/knjizevnost-se-vraca-u-suboticu-vizuelna-signalisticka-poezija\\\/\"},\"wordCount\":242,\"publisher\":{\"@id\":\"https:\\\/\\\/www.klarairosa.com\\\/en\\\/#organization\"},\"image\":{\"@id\":\"https:\\\/\\\/www.klarairosa.com\\\/knjizevnost-se-vraca-u-suboticu-vizuelna-signalisticka-poezija\\\/#primaryimage\"},\"thumbnailUrl\":\"https:\\\/\\\/www.klarairosa.com\\\/wp-content\\\/uploads\\\/2024\\\/01\\\/Ivory-Pink-Pretty-Wedding-Facebook-Event-Cover.jpg\",\"keywords\":[\"2023\",\"Klara i Rosa\",\"knjizevnost\",\"knjizevnost se vraca u suboticu\",\"pesnicko vece\",\"poezija\",\"stefan basaric\",\"subotica\",\"tesko u glavi\",\"vladimir milojkovic\"],\"articleSection\":[\"Aktuelno\"],\"inLanguage\":\"hu\"},{\"@type\":\"WebPage\",\"@id\":\"https:\\\/\\\/www.klarairosa.com\\\/knjizevnost-se-vraca-u-suboticu-vizuelna-signalisticka-poezija\\\/\",\"url\":\"https:\\\/\\\/www.klarairosa.com\\\/knjizevnost-se-vraca-u-suboticu-vizuelna-signalisticka-poezija\\\/\",\"name\":\"KNJI\u017dEVNOST SE VRA\u0106A U SUBOTICU: VIZUELNA SIGNALISTI\u010cKA POEZIJA - Klara i Rosa\",\"isPartOf\":{\"@id\":\"https:\\\/\\\/www.klarairosa.com\\\/en\\\/#website\"},\"primaryImageOfPage\":{\"@id\":\"https:\\\/\\\/www.klarairosa.com\\\/knjizevnost-se-vraca-u-suboticu-vizuelna-signalisticka-poezija\\\/#primaryimage\"},\"image\":{\"@id\":\"https:\\\/\\\/www.klarairosa.com\\\/knjizevnost-se-vraca-u-suboticu-vizuelna-signalisticka-poezija\\\/#primaryimage\"},\"thumbnailUrl\":\"https:\\\/\\\/www.klarairosa.com\\\/wp-content\\\/uploads\\\/2024\\\/01\\\/Ivory-Pink-Pretty-Wedding-Facebook-Event-Cover.jpg\",\"datePublished\":\"2024-01-08T10:36:02+00:00\",\"dateModified\":\"2024-01-09T09:50:28+00:00\",\"breadcrumb\":{\"@id\":\"https:\\\/\\\/www.klarairosa.com\\\/knjizevnost-se-vraca-u-suboticu-vizuelna-signalisticka-poezija\\\/#breadcrumb\"},\"inLanguage\":\"hu\",\"potentialAction\":[{\"@type\":\"ReadAction\",\"target\":[\"https:\\\/\\\/www.klarairosa.com\\\/knjizevnost-se-vraca-u-suboticu-vizuelna-signalisticka-poezija\\\/\"]}]},{\"@type\":\"ImageObject\",\"inLanguage\":\"hu\",\"@id\":\"https:\\\/\\\/www.klarairosa.com\\\/knjizevnost-se-vraca-u-suboticu-vizuelna-signalisticka-poezija\\\/#primaryimage\",\"url\":\"https:\\\/\\\/www.klarairosa.com\\\/wp-content\\\/uploads\\\/2024\\\/01\\\/Ivory-Pink-Pretty-Wedding-Facebook-Event-Cover.jpg\",\"contentUrl\":\"https:\\\/\\\/www.klarairosa.com\\\/wp-content\\\/uploads\\\/2024\\\/01\\\/Ivory-Pink-Pretty-Wedding-Facebook-Event-Cover.jpg\",\"width\":1920,\"height\":1080},{\"@type\":\"BreadcrumbList\",\"@id\":\"https:\\\/\\\/www.klarairosa.com\\\/knjizevnost-se-vraca-u-suboticu-vizuelna-signalisticka-poezija\\\/#breadcrumb\",\"itemListElement\":[{\"@type\":\"ListItem\",\"position\":1,\"name\":\"Home\",\"item\":\"https:\\\/\\\/www.klarairosa.com\\\/\"},{\"@type\":\"ListItem\",\"position\":2,\"name\":\"KNJI\u017dEVNOST SE VRA\u0106A U SUBOTICU: VIZUELNA SIGNALISTI\u010cKA POEZIJA\"}]},{\"@type\":\"WebSite\",\"@id\":\"https:\\\/\\\/www.klarairosa.com\\\/en\\\/#website\",\"url\":\"https:\\\/\\\/www.klarairosa.com\\\/en\\\/\",\"name\":\"Klara i Rosa\",\"description\":\"Klara i Rosa\",\"publisher\":{\"@id\":\"https:\\\/\\\/www.klarairosa.com\\\/en\\\/#organization\"},\"potentialAction\":[{\"@type\":\"SearchAction\",\"target\":{\"@type\":\"EntryPoint\",\"urlTemplate\":\"https:\\\/\\\/www.klarairosa.com\\\/en\\\/?s={search_term_string}\"},\"query-input\":{\"@type\":\"PropertyValueSpecification\",\"valueRequired\":true,\"valueName\":\"search_term_string\"}}],\"inLanguage\":\"hu\"},{\"@type\":\"Organization\",\"@id\":\"https:\\\/\\\/www.klarairosa.com\\\/en\\\/#organization\",\"name\":\"Klara i Rosa\",\"url\":\"https:\\\/\\\/www.klarairosa.com\\\/en\\\/\",\"logo\":{\"@type\":\"ImageObject\",\"inLanguage\":\"hu\",\"@id\":\"https:\\\/\\\/www.klarairosa.com\\\/en\\\/#\\\/schema\\\/logo\\\/image\\\/\",\"url\":\"https:\\\/\\\/www.klarairosa.com\\\/wp-content\\\/uploads\\\/2022\\\/01\\\/logo.svg\",\"contentUrl\":\"https:\\\/\\\/www.klarairosa.com\\\/wp-content\\\/uploads\\\/2022\\\/01\\\/logo.svg\",\"width\":110,\"height\":139,\"caption\":\"Klara i Rosa\"},\"image\":{\"@id\":\"https:\\\/\\\/www.klarairosa.com\\\/en\\\/#\\\/schema\\\/logo\\\/image\\\/\"},\"sameAs\":[\"https:\\\/\\\/www.facebook.com\\\/klarairosa\\\/\",\"https:\\\/\\\/www.instagram.com\\\/ugklarairosa\\\/\"]},{\"@type\":\"Person\",\"@id\":\"https:\\\/\\\/www.klarairosa.com\\\/en\\\/#\\\/schema\\\/person\\\/e4e7e9e5c8eeeddccf61e4532ae8e6ed\",\"name\":\"Klara i Rosa\",\"image\":{\"@type\":\"ImageObject\",\"inLanguage\":\"hu\",\"@id\":\"https:\\\/\\\/secure.gravatar.com\\\/avatar\\\/c83ee539a067b9f57ae5d8999ae286c4f98b5c4bd943b8cbb64f6b0fc1f29e40?s=96&d=mm&r=g\",\"url\":\"https:\\\/\\\/secure.gravatar.com\\\/avatar\\\/c83ee539a067b9f57ae5d8999ae286c4f98b5c4bd943b8cbb64f6b0fc1f29e40?s=96&d=mm&r=g\",\"contentUrl\":\"https:\\\/\\\/secure.gravatar.com\\\/avatar\\\/c83ee539a067b9f57ae5d8999ae286c4f98b5c4bd943b8cbb64f6b0fc1f29e40?s=96&d=mm&r=g\",\"caption\":\"Klara i Rosa\"},\"sameAs\":[\"https:\\\/\\\/klarairosa.com\"],\"url\":\"https:\\\/\\\/www.klarairosa.com\\\/hu\\\/author\\\/rosaiklara\\\/\"}]}<\/script>\n<!-- \/ Yoast SEO plugin. -->","yoast_head_json":{"title":"KNJI\u017dEVNOST SE VRA\u0106A U SUBOTICU: VIZUELNA SIGNALISTI\u010cKA POEZIJA - Klara i Rosa","robots":{"index":"index","follow":"follow","max-snippet":"max-snippet:-1","max-image-preview":"max-image-preview:large","max-video-preview":"max-video-preview:-1"},"canonical":"https:\/\/www.klarairosa.com\/hu\/knjizevnost-se-vraca-u-suboticu-vizuelna-signalisticka-poezija\/","og_locale":"hu_HU","og_type":"article","og_title":"KNJI\u017dEVNOST SE VRA\u0106A U SUBOTICU: VIZUELNA SIGNALISTI\u010cKA POEZIJA - Klara i Rosa","og_description":"U okviru programa &#8222;Knji\u017eevnost se vra\u0107a u Suboticu&#8220;, 11. januara 2024, u 19 \u010dasova odr\u017ea\u0107e...","og_url":"https:\/\/www.klarairosa.com\/hu\/knjizevnost-se-vraca-u-suboticu-vizuelna-signalisticka-poezija\/","og_site_name":"Klara i Rosa","article_publisher":"https:\/\/www.facebook.com\/klarairosa\/","article_published_time":"2024-01-08T10:36:02+00:00","article_modified_time":"2024-01-09T09:50:28+00:00","og_image":[{"width":1920,"height":1080,"url":"https:\/\/www.klarairosa.com\/wp-content\/uploads\/2024\/01\/Ivory-Pink-Pretty-Wedding-Facebook-Event-Cover.jpg","type":"image\/jpeg"}],"author":"Klara i Rosa","twitter_card":"summary_large_image","twitter_misc":{"Szerz\u0151:":"Klara i Rosa","Becs\u00fclt olvas\u00e1si id\u0151":"1 perc"},"schema":{"@context":"https:\/\/schema.org","@graph":[{"@type":"Article","@id":"https:\/\/www.klarairosa.com\/knjizevnost-se-vraca-u-suboticu-vizuelna-signalisticka-poezija\/#article","isPartOf":{"@id":"https:\/\/www.klarairosa.com\/knjizevnost-se-vraca-u-suboticu-vizuelna-signalisticka-poezija\/"},"author":{"name":"Klara i Rosa","@id":"https:\/\/www.klarairosa.com\/en\/#\/schema\/person\/e4e7e9e5c8eeeddccf61e4532ae8e6ed"},"headline":"KNJI\u017dEVNOST SE VRA\u0106A U SUBOTICU: VIZUELNA SIGNALISTI\u010cKA POEZIJA","datePublished":"2024-01-08T10:36:02+00:00","dateModified":"2024-01-09T09:50:28+00:00","mainEntityOfPage":{"@id":"https:\/\/www.klarairosa.com\/knjizevnost-se-vraca-u-suboticu-vizuelna-signalisticka-poezija\/"},"wordCount":242,"publisher":{"@id":"https:\/\/www.klarairosa.com\/en\/#organization"},"image":{"@id":"https:\/\/www.klarairosa.com\/knjizevnost-se-vraca-u-suboticu-vizuelna-signalisticka-poezija\/#primaryimage"},"thumbnailUrl":"https:\/\/www.klarairosa.com\/wp-content\/uploads\/2024\/01\/Ivory-Pink-Pretty-Wedding-Facebook-Event-Cover.jpg","keywords":["2023","Klara i Rosa","knjizevnost","knjizevnost se vraca u suboticu","pesnicko vece","poezija","stefan basaric","subotica","tesko u glavi","vladimir milojkovic"],"articleSection":["Aktuelno"],"inLanguage":"hu"},{"@type":"WebPage","@id":"https:\/\/www.klarairosa.com\/knjizevnost-se-vraca-u-suboticu-vizuelna-signalisticka-poezija\/","url":"https:\/\/www.klarairosa.com\/knjizevnost-se-vraca-u-suboticu-vizuelna-signalisticka-poezija\/","name":"KNJI\u017dEVNOST SE VRA\u0106A U SUBOTICU: VIZUELNA SIGNALISTI\u010cKA POEZIJA - Klara i Rosa","isPartOf":{"@id":"https:\/\/www.klarairosa.com\/en\/#website"},"primaryImageOfPage":{"@id":"https:\/\/www.klarairosa.com\/knjizevnost-se-vraca-u-suboticu-vizuelna-signalisticka-poezija\/#primaryimage"},"image":{"@id":"https:\/\/www.klarairosa.com\/knjizevnost-se-vraca-u-suboticu-vizuelna-signalisticka-poezija\/#primaryimage"},"thumbnailUrl":"https:\/\/www.klarairosa.com\/wp-content\/uploads\/2024\/01\/Ivory-Pink-Pretty-Wedding-Facebook-Event-Cover.jpg","datePublished":"2024-01-08T10:36:02+00:00","dateModified":"2024-01-09T09:50:28+00:00","breadcrumb":{"@id":"https:\/\/www.klarairosa.com\/knjizevnost-se-vraca-u-suboticu-vizuelna-signalisticka-poezija\/#breadcrumb"},"inLanguage":"hu","potentialAction":[{"@type":"ReadAction","target":["https:\/\/www.klarairosa.com\/knjizevnost-se-vraca-u-suboticu-vizuelna-signalisticka-poezija\/"]}]},{"@type":"ImageObject","inLanguage":"hu","@id":"https:\/\/www.klarairosa.com\/knjizevnost-se-vraca-u-suboticu-vizuelna-signalisticka-poezija\/#primaryimage","url":"https:\/\/www.klarairosa.com\/wp-content\/uploads\/2024\/01\/Ivory-Pink-Pretty-Wedding-Facebook-Event-Cover.jpg","contentUrl":"https:\/\/www.klarairosa.com\/wp-content\/uploads\/2024\/01\/Ivory-Pink-Pretty-Wedding-Facebook-Event-Cover.jpg","width":1920,"height":1080},{"@type":"BreadcrumbList","@id":"https:\/\/www.klarairosa.com\/knjizevnost-se-vraca-u-suboticu-vizuelna-signalisticka-poezija\/#breadcrumb","itemListElement":[{"@type":"ListItem","position":1,"name":"Home","item":"https:\/\/www.klarairosa.com\/"},{"@type":"ListItem","position":2,"name":"KNJI\u017dEVNOST SE VRA\u0106A U SUBOTICU: VIZUELNA SIGNALISTI\u010cKA POEZIJA"}]},{"@type":"WebSite","@id":"https:\/\/www.klarairosa.com\/en\/#website","url":"https:\/\/www.klarairosa.com\/en\/","name":"Kl\u00e1ra \u00e9s Rosa Egyes\u00fclet","description":"Kl\u00e1ra \u00e9s Rosa Egyes\u00fclet","publisher":{"@id":"https:\/\/www.klarairosa.com\/en\/#organization"},"potentialAction":[{"@type":"SearchAction","target":{"@type":"EntryPoint","urlTemplate":"https:\/\/www.klarairosa.com\/en\/?s={search_term_string}"},"query-input":{"@type":"PropertyValueSpecification","valueRequired":true,"valueName":"search_term_string"}}],"inLanguage":"hu"},{"@type":"Organization","@id":"https:\/\/www.klarairosa.com\/en\/#organization","name":"Kl\u00e1ra \u00e9s Rosa Egyes\u00fclet","url":"https:\/\/www.klarairosa.com\/en\/","logo":{"@type":"ImageObject","inLanguage":"hu","@id":"https:\/\/www.klarairosa.com\/en\/#\/schema\/logo\/image\/","url":"https:\/\/www.klarairosa.com\/wp-content\/uploads\/2022\/01\/logo.svg","contentUrl":"https:\/\/www.klarairosa.com\/wp-content\/uploads\/2022\/01\/logo.svg","width":110,"height":139,"caption":"Klara i Rosa"},"image":{"@id":"https:\/\/www.klarairosa.com\/en\/#\/schema\/logo\/image\/"},"sameAs":["https:\/\/www.facebook.com\/klarairosa\/","https:\/\/www.instagram.com\/ugklarairosa\/"]},{"@type":"Person","@id":"https:\/\/www.klarairosa.com\/en\/#\/schema\/person\/e4e7e9e5c8eeeddccf61e4532ae8e6ed","name":"Kl\u00e1ra \u00e9s Rosa Egyes\u00fclet","image":{"@type":"ImageObject","inLanguage":"hu","@id":"https:\/\/secure.gravatar.com\/avatar\/c83ee539a067b9f57ae5d8999ae286c4f98b5c4bd943b8cbb64f6b0fc1f29e40?s=96&d=mm&r=g","url":"https:\/\/secure.gravatar.com\/avatar\/c83ee539a067b9f57ae5d8999ae286c4f98b5c4bd943b8cbb64f6b0fc1f29e40?s=96&d=mm&r=g","contentUrl":"https:\/\/secure.gravatar.com\/avatar\/c83ee539a067b9f57ae5d8999ae286c4f98b5c4bd943b8cbb64f6b0fc1f29e40?s=96&d=mm&r=g","caption":"Klara i Rosa"},"sameAs":["https:\/\/klarairosa.com"],"url":"https:\/\/www.klarairosa.com\/hu\/author\/rosaiklara\/"}]}},"_links":{"self":[{"href":"https:\/\/www.klarairosa.com\/hu\/wp-json\/wp\/v2\/posts\/20610","targetHints":{"allow":["GET"]}}],"collection":[{"href":"https:\/\/www.klarairosa.com\/hu\/wp-json\/wp\/v2\/posts"}],"about":[{"href":"https:\/\/www.klarairosa.com\/hu\/wp-json\/wp\/v2\/types\/post"}],"author":[{"embeddable":true,"href":"https:\/\/www.klarairosa.com\/hu\/wp-json\/wp\/v2\/users\/1"}],"replies":[{"embeddable":true,"href":"https:\/\/www.klarairosa.com\/hu\/wp-json\/wp\/v2\/comments?post=20610"}],"version-history":[{"count":4,"href":"https:\/\/www.klarairosa.com\/hu\/wp-json\/wp\/v2\/posts\/20610\/revisions"}],"predecessor-version":[{"id":20619,"href":"https:\/\/www.klarairosa.com\/hu\/wp-json\/wp\/v2\/posts\/20610\/revisions\/20619"}],"wp:featuredmedia":[{"embeddable":true,"href":"https:\/\/www.klarairosa.com\/hu\/wp-json\/wp\/v2\/media\/20617"}],"wp:attachment":[{"href":"https:\/\/www.klarairosa.com\/hu\/wp-json\/wp\/v2\/media?parent=20610"}],"wp:term":[{"taxonomy":"category","embeddable":true,"href":"https:\/\/www.klarairosa.com\/hu\/wp-json\/wp\/v2\/categories?post=20610"},{"taxonomy":"post_tag","embeddable":true,"href":"https:\/\/www.klarairosa.com\/hu\/wp-json\/wp\/v2\/tags?post=20610"}],"curies":[{"name":"wp","href":"https:\/\/api.w.org\/{rel}","templated":true}]}}