{"id":20604,"date":"2021-12-04T12:30:42","date_gmt":"2021-12-04T12:30:42","guid":{"rendered":"https:\/\/www.klarairosa.com\/?p=20604"},"modified":"2023-12-20T12:57:47","modified_gmt":"2023-12-20T12:57:47","slug":"dvorisna-galerija-melinda-sefcic-2","status":"publish","type":"post","link":"https:\/\/www.klarairosa.com\/hu\/dvorisna-galerija-melinda-sefcic-2\/","title":{"rendered":"Dvori\u0161na galerija: Melinda \u0160ef\u010di\u0107"},"content":{"rendered":"<div class=\"qode-post-text-main\">\n<div class=\"kvgmc6g5 cxmmr5t8 oygrvhab hcukyx3x c1et5uql\">Centar za savremenu kulturu i umetnost sa zadovoljstvom predstavlja radove\u00a0 suboti\u010dke umetnice Melinde \u0160ef\u010di\u0107 i njenu izlo\u017ebu pod nazivom \u201e<strong>Priroda gledana na druga\u010diji na\u010din\u201c\u00a0<\/strong>u Dvori\u0161noj galeriji.<\/div>\n<div>\u2026<\/div>\n<div><\/div>\n<div class=\"kvgmc6g5 cxmmr5t8 oygrvhab hcukyx3x c1et5uql\">Melinda je na Hrvatskoj umetni\u010dkoj sceni poznata kao jedna od zna\u010dajnih i vrlo aktivnih stvaralaca i slikarki, naro\u010dito kada su u pitanju intervencije i ,,oplemenjivanje\u2019\u2019 javnih institucija i povr\u0161ina.<\/div>\n<div class=\"kvgmc6g5 cxmmr5t8 oygrvhab hcukyx3x c1et5uql\">\u2026<br \/>\nUz prisustvo umetnice, izlo\u017ebu je otvorila Jelena Gruji\u010di\u0107, koordinatorka Centra za savremenu kulturu i umetnost,\u00a0<strong>u subotu<\/strong>,\u00a0<strong>4. decembra 2021<\/strong>. godine.<\/div>\n<div>Zahvaljujemo firmi\u00a0<a href=\"http:\/\/www.craftmarketing.rs\/en\/home\/\">Craft Marketing<\/a>\u00a0na podr\u0161ci.<\/div>\n<div class=\"o9v6fnle cxmmr5t8 oygrvhab hcukyx3x c1et5uql\">\u2026<\/div>\n<div class=\"o9v6fnle cxmmr5t8 oygrvhab hcukyx3x c1et5uql\">Dr. art. Melinda \u0160ef\u010di\u0107 ro\u0111ena je 1986. godine u Subotici u R. Srbiji. 2006. godine upisala je Akademiju likovnih umjetnosti u Zagrebu smjer slikarstvo, a 2012. godine diplomirala je na diplomskom studiju slikarstva u klasi izv. prof. Zoltana Novaka. U svibnju 2018. godine doktorirala je na studiju slikarstva na Akademiji likovnih umjetnosti u Zagrebu u umjetni\u010dko-znanstvenom podru\u010dju na temu \u201cRehumanizacija i reestetizacija bolni\u010dkoga prostora \u2013 primjer likovnoga rje\u0161enja jednoga bolni\u010dkoga odjela\u201d, pod mentorstvom red. prof. art. Svjetlana Junakovi\u0107a i red. prof. dr. sc. Vere Turkovi\u0107.<\/div>\n<div>\u2026<\/div>\n<div><\/div>\n<div class=\"o9v6fnle cxmmr5t8 oygrvhab hcukyx3x c1et5uql\">Izlagala je na brojnim samostalnim izlo\u017ebama od kojih se izdvajaju \u201eIntrospekcija\u201c, Galerija \u201edr Vinko Per\u010di\u0107\u201c (Subotica), \u201eMirror of my Soul\u201c, u sklopu TEFAF festivala (Maastricht u Nizozemskoj), \u201eLikovna umjetnost kao terapija\u201c u Galerija Ba\u010dva u HDLU (Zagreb), \u201eMirror identity\u201c u Gallery PRZYTYCK u Tarnog\u00f3rskie Centrum Kultury (Tarnowskie G\u00f3ry u Poljskoj), kao i na velikom broju skupnih izlo\u017ebi kako u Hrvatskoj tako i diljem svijeta od Italije, Portugala, Gr\u010dke, Srbije, Makedoni, Indije, Poljske, Njema\u010dke, Francuske i SAD-a. U sklopu tih me\u0111unarodnih izlo\u017ebu u Italiji je 2014. nagra\u0111ena za \u201eMirror of my soul\u201c na \u201e3 minuti per 30 articoli\u201c, festival DeltArte u Rovigo, dok je u 2021. ostvarila nagradu za najbolji projekt nevladine organizacije za sigurnost zajednice u RH. Sudjelovala je na brojenim umjetni\u010dkim festivalima i rezidencijalnim programima u sklopu \u010dega je izvela brojne umjetni\u010dke intervencije u javnom prostoru. Sudjelovala je na znanstvenim skupovima diljem Hrvatske od kojih se izdvajaju Me\u0111unarodni stru\u010dno-znanstveni skup \u201eSretna djeca\u201c, Umjetnost, igra, ma\u0161ta, spoznaja, vje\u017eba i terapija; Zagreb; Stru\u010dni znanstveni skup \u201eZdravlje i zdravstvo: izazovi i mogu\u0107nosti \u2013 susret profesije i politike\u201c, \u0160kola narodnog zdravlja \u201eAndrija \u0160tampar\u201c, Zagreb; MIND &amp; BRAIN \u2013 57th International Neuropsychiatric Congress, Pula; Hrvatski kongres psihosomatske medicine i psihoterapije s me\u0111unarodnim sudjelovanjem i 6. internacionalni simpozij psihijatrije i kognitivne neuroznanosti (ISPCN), Rab,\u2026 te ima vi\u0161egodi\u0161nje iskustvo pedago\u0161kog rada uz provo\u0111enje projektnih terapijsko-umjetni\u010dkih aktivnosti s djecom i odraslima.<\/div>\n<div>\u2026<\/div>\n<div><\/div>\n<div class=\"o9v6fnle cxmmr5t8 oygrvhab hcukyx3x c1et5uql\">Organizatorica je i moderatorica umjetni\u010dkog projekta C.R.T.A. od 2010. godine. 2017. godine kroz EU projekt CreArt \u2013 platforma za povezivanje znanosti i umjetnosti realizirala je projekt \u201eEstetizacija i rehumanizacija bolni\u010dkoga prostora: Umjetnost kao terapija\u201c oslikavanja KBC Zagreb na lokaciji Rebro. 2018. godine bila autorica i voditeljica te umjetnik sudionik projekta \u201eUzorna kaznionica\u201c koji se provodio u Kaznionici u Po\u017eegi, a bio financiran od strane Ministarstva pravosu\u0111a RH. U 2019. godini organizatorica je i voditeljica EU projekta CreArt 2.0. \u201eRevitalizacija zatvorskog prostora umjetno\u0161\u0107u\u201c u Zatvoru u Zagrebu poznatijem kao Remetinec, te projekt \u201eEstetizacija i rehumanizacija bolni\u010dkoga prostora: Umjetnost u svrhu zdravlja\u201c u dje\u010djim bolnicama u Zagrebu. 2020. godine potpisuje autorstvo i vodstvo projekta \u201eHorizont slobode\u201c, koji se proveden u Kaznionici u Glini i Zatvorskoj bolnici u Zagrebu, te je provodila projekt \u201eEstetizacije bolni\u010dkog prostora\u201c pod financijskim pokroviteljstvom Ministarstva kulture RH. Tako\u0111er u 2020. ostvarila je financijsku potporu AMPEU Erasmus+ KA2 projekta \u201eArts of Freedom\u201c, kojega vodi i provodi s EU partnerima. U 2021. autorica je i provoditeljica projekta: \u201eDigitalna estetizacija bolni\u010dkoga prostora\u201c, pod pokroviteljstvom Ministarstva Kulture RH, projekt \u201eSloboda stvaranja\u201c kojega financira Ministarstvo pravosu\u0111a RH, koordinirala je projekt \u201eMurali Murti\u0107\u201c u sklopu izlo\u017ebe povodom \u201e100 godina Murti\u0107a\u201c, participirala je u pripremi Bijenala slikarstva (kategoriji murala), itd. Tako\u0111er, u 2021. ostvaruje suradnju s Wiener osiguranjem provode\u0107i projekt \u201eWienerznajstori\u201c, provodi projekt \u201eDigitalna fauna\u201c u suradnji s umjetnicom Leom Vidakovi\u0107 i Katrin Novakovi\u0107 koji financira Ministarstvo kulture i medija RH. Navedene projekte provodi u partnerstvu s Hrvatskom dru\u0161tvom likovnih umjetnika (HDLU) \u010dija je \u010dlanica Upravnog odbora od 2014. godine, dok je u 2021. godini pokrenula svoju Umjetni\u010dku organizaciju \u201eMural Hub\u201c. Tako\u0111er je \u010dlan Hrvatska zajednica samostalnih umjetnika od 2015. godine, te \u010dlan HDLU od 2011. godine. Od 2019. godine vanjska je suradnica Akademije likovnih umjetnosti u Zagrebu, te joj se u 2020. godini pokrenut izborni kolegij, tako\u0111er na ALU, pod nazivom \u201eEstetizacija javnog prostora umjetno\u0161\u0107u\u201c.<\/div>\n<div><\/div>\n<div><\/div>\n<div>\n<div class=\"o9v6fnle cxmmr5t8 oygrvhab hcukyx3x c1et5uql\">Izlo\u017eba je realizovana u okviru projekta UG \u201cKlara i Rosa\u201d i Centar za savremenu kulturu i umetnost u okviru programa \u201eCentar za savremenu kulturu i umetnost kao pokreta\u010d dru\u0161tvene promene\u201c. Projekat je podr\u017ean od strane Nacionalne koalicije za decentralizaciju, Fondacije Jelena \u0160anti\u0107, Grupe 484 i Evropske unije.<\/div>\n<div>..<\/div>\n<div><\/div>\n<div class=\"o9v6fnle cxmmr5t8 oygrvhab hcukyx3x c1et5uql\">#EUzaTebe<br \/>\n@eusrbija<\/div>\n<\/div>\n<div>\n<p><img decoding=\"async\" class=\"alignnone wp-image-4957\" src=\"https:\/\/www.ckplac.org\/wp-content\/uploads\/2021\/11\/eu-300x79.png\" sizes=\"(max-width: 235px) 100vw, 235px\" srcset=\"https:\/\/www.ckplac.org\/wp-content\/uploads\/2021\/11\/eu-300x79.png 300w, https:\/\/www.ckplac.org\/wp-content\/uploads\/2021\/11\/eu-18x5.png 18w, https:\/\/www.ckplac.org\/wp-content\/uploads\/2021\/11\/eu.png 441w\" alt=\"\" width=\"235\" height=\"62\" \/><\/p>\n<p>&nbsp;<\/p>\n<p><img decoding=\"async\" class=\"alignnone size-medium wp-image-4959\" src=\"https:\/\/www.ckplac.org\/wp-content\/uploads\/2021\/11\/484-fjs-nkd-300x71.png\" sizes=\"(max-width: 300px) 100vw, 300px\" srcset=\"https:\/\/www.ckplac.org\/wp-content\/uploads\/2021\/11\/484-fjs-nkd-300x71.png 300w, https:\/\/www.ckplac.org\/wp-content\/uploads\/2021\/11\/484-fjs-nkd-18x4.png 18w, https:\/\/www.ckplac.org\/wp-content\/uploads\/2021\/11\/484-fjs-nkd.png 492w\" alt=\"\" width=\"300\" height=\"71\" \/><\/p>\n<\/div>\n<div><\/div>\n<div><\/div>\n<div><img fetchpriority=\"high\" decoding=\"async\" class=\"alignnone size-medium wp-image-5136\" src=\"https:\/\/www.ckplac.org\/wp-content\/uploads\/2021\/11\/dv1-300x225.jpg\" sizes=\"(max-width: 300px) 100vw, 300px\" srcset=\"https:\/\/www.ckplac.org\/wp-content\/uploads\/2021\/11\/dv1-300x225.jpg 300w, https:\/\/www.ckplac.org\/wp-content\/uploads\/2021\/11\/dv1-600x450.jpg 600w, https:\/\/www.ckplac.org\/wp-content\/uploads\/2021\/11\/dv1-1024x768.jpg 1024w, https:\/\/www.ckplac.org\/wp-content\/uploads\/2021\/11\/dv1-768x576.jpg 768w, https:\/\/www.ckplac.org\/wp-content\/uploads\/2021\/11\/dv1-1536x1152.jpg 1536w, https:\/\/www.ckplac.org\/wp-content\/uploads\/2021\/11\/dv1-16x12.jpg 16w, https:\/\/www.ckplac.org\/wp-content\/uploads\/2021\/11\/dv1-800x600.jpg 800w, https:\/\/www.ckplac.org\/wp-content\/uploads\/2021\/11\/dv1-700x525.jpg 700w, https:\/\/www.ckplac.org\/wp-content\/uploads\/2021\/11\/dv1.jpg 1600w\" alt=\"\" width=\"300\" height=\"225\" \/>\u00a0<img loading=\"lazy\" decoding=\"async\" class=\"alignnone size-medium wp-image-5137\" src=\"https:\/\/www.ckplac.org\/wp-content\/uploads\/2021\/11\/dv2-300x225.jpg\" sizes=\"(max-width: 300px) 100vw, 300px\" srcset=\"https:\/\/www.ckplac.org\/wp-content\/uploads\/2021\/11\/dv2-300x225.jpg 300w, https:\/\/www.ckplac.org\/wp-content\/uploads\/2021\/11\/dv2-600x450.jpg 600w, https:\/\/www.ckplac.org\/wp-content\/uploads\/2021\/11\/dv2-1024x768.jpg 1024w, https:\/\/www.ckplac.org\/wp-content\/uploads\/2021\/11\/dv2-768x576.jpg 768w, https:\/\/www.ckplac.org\/wp-content\/uploads\/2021\/11\/dv2-1536x1152.jpg 1536w, https:\/\/www.ckplac.org\/wp-content\/uploads\/2021\/11\/dv2-16x12.jpg 16w, https:\/\/www.ckplac.org\/wp-content\/uploads\/2021\/11\/dv2-800x600.jpg 800w, https:\/\/www.ckplac.org\/wp-content\/uploads\/2021\/11\/dv2-700x525.jpg 700w, https:\/\/www.ckplac.org\/wp-content\/uploads\/2021\/11\/dv2.jpg 1600w\" alt=\"\" width=\"300\" height=\"225\" \/>\u00a0<img loading=\"lazy\" decoding=\"async\" class=\"alignnone size-medium wp-image-5138\" src=\"https:\/\/www.ckplac.org\/wp-content\/uploads\/2021\/11\/dv3-300x225.jpg\" sizes=\"(max-width: 300px) 100vw, 300px\" srcset=\"https:\/\/www.ckplac.org\/wp-content\/uploads\/2021\/11\/dv3-300x225.jpg 300w, https:\/\/www.ckplac.org\/wp-content\/uploads\/2021\/11\/dv3-600x450.jpg 600w, https:\/\/www.ckplac.org\/wp-content\/uploads\/2021\/11\/dv3-1024x768.jpg 1024w, https:\/\/www.ckplac.org\/wp-content\/uploads\/2021\/11\/dv3-768x576.jpg 768w, https:\/\/www.ckplac.org\/wp-content\/uploads\/2021\/11\/dv3-1536x1152.jpg 1536w, https:\/\/www.ckplac.org\/wp-content\/uploads\/2021\/11\/dv3-16x12.jpg 16w, https:\/\/www.ckplac.org\/wp-content\/uploads\/2021\/11\/dv3-800x600.jpg 800w, https:\/\/www.ckplac.org\/wp-content\/uploads\/2021\/11\/dv3-700x525.jpg 700w, https:\/\/www.ckplac.org\/wp-content\/uploads\/2021\/11\/dv3.jpg 1600w\" alt=\"\" width=\"300\" height=\"225\" \/>\u00a0<img loading=\"lazy\" decoding=\"async\" class=\"alignnone size-medium wp-image-5140\" src=\"https:\/\/www.ckplac.org\/wp-content\/uploads\/2021\/11\/dv4-300x225.jpg\" sizes=\"(max-width: 300px) 100vw, 300px\" srcset=\"https:\/\/www.ckplac.org\/wp-content\/uploads\/2021\/11\/dv4-300x225.jpg 300w, https:\/\/www.ckplac.org\/wp-content\/uploads\/2021\/11\/dv4-600x450.jpg 600w, https:\/\/www.ckplac.org\/wp-content\/uploads\/2021\/11\/dv4-1024x768.jpg 1024w, https:\/\/www.ckplac.org\/wp-content\/uploads\/2021\/11\/dv4-768x576.jpg 768w, https:\/\/www.ckplac.org\/wp-content\/uploads\/2021\/11\/dv4-1536x1152.jpg 1536w, https:\/\/www.ckplac.org\/wp-content\/uploads\/2021\/11\/dv4-16x12.jpg 16w, https:\/\/www.ckplac.org\/wp-content\/uploads\/2021\/11\/dv4-800x600.jpg 800w, https:\/\/www.ckplac.org\/wp-content\/uploads\/2021\/11\/dv4-700x525.jpg 700w, https:\/\/www.ckplac.org\/wp-content\/uploads\/2021\/11\/dv4.jpg 1600w\" alt=\"\" width=\"300\" height=\"225\" \/>\u00a0<img loading=\"lazy\" decoding=\"async\" class=\"alignnone size-medium wp-image-5141\" src=\"https:\/\/www.ckplac.org\/wp-content\/uploads\/2021\/11\/dv5-300x225.jpg\" sizes=\"(max-width: 300px) 100vw, 300px\" srcset=\"https:\/\/www.ckplac.org\/wp-content\/uploads\/2021\/11\/dv5-300x225.jpg 300w, https:\/\/www.ckplac.org\/wp-content\/uploads\/2021\/11\/dv5-600x450.jpg 600w, https:\/\/www.ckplac.org\/wp-content\/uploads\/2021\/11\/dv5-1024x768.jpg 1024w, https:\/\/www.ckplac.org\/wp-content\/uploads\/2021\/11\/dv5-768x576.jpg 768w, https:\/\/www.ckplac.org\/wp-content\/uploads\/2021\/11\/dv5-1536x1152.jpg 1536w, https:\/\/www.ckplac.org\/wp-content\/uploads\/2021\/11\/dv5-16x12.jpg 16w, https:\/\/www.ckplac.org\/wp-content\/uploads\/2021\/11\/dv5-800x600.jpg 800w, https:\/\/www.ckplac.org\/wp-content\/uploads\/2021\/11\/dv5-700x525.jpg 700w, https:\/\/www.ckplac.org\/wp-content\/uploads\/2021\/11\/dv5.jpg 1600w\" alt=\"\" width=\"300\" height=\"225\" \/>\u00a0<img loading=\"lazy\" decoding=\"async\" class=\"alignnone size-medium wp-image-5142\" src=\"https:\/\/www.ckplac.org\/wp-content\/uploads\/2021\/11\/dv6-300x225.jpg\" sizes=\"(max-width: 300px) 100vw, 300px\" srcset=\"https:\/\/www.ckplac.org\/wp-content\/uploads\/2021\/11\/dv6-300x225.jpg 300w, https:\/\/www.ckplac.org\/wp-content\/uploads\/2021\/11\/dv6-600x450.jpg 600w, https:\/\/www.ckplac.org\/wp-content\/uploads\/2021\/11\/dv6-1024x768.jpg 1024w, https:\/\/www.ckplac.org\/wp-content\/uploads\/2021\/11\/dv6-768x576.jpg 768w, https:\/\/www.ckplac.org\/wp-content\/uploads\/2021\/11\/dv6-1536x1152.jpg 1536w, https:\/\/www.ckplac.org\/wp-content\/uploads\/2021\/11\/dv6-16x12.jpg 16w, https:\/\/www.ckplac.org\/wp-content\/uploads\/2021\/11\/dv6-800x600.jpg 800w, https:\/\/www.ckplac.org\/wp-content\/uploads\/2021\/11\/dv6-700x525.jpg 700w, https:\/\/www.ckplac.org\/wp-content\/uploads\/2021\/11\/dv6.jpg 1600w\" alt=\"\" width=\"300\" height=\"225\" \/>\u00a0<img loading=\"lazy\" decoding=\"async\" class=\"alignnone size-medium wp-image-5143\" src=\"https:\/\/www.ckplac.org\/wp-content\/uploads\/2021\/11\/dv7-300x225.jpg\" sizes=\"(max-width: 300px) 100vw, 300px\" srcset=\"https:\/\/www.ckplac.org\/wp-content\/uploads\/2021\/11\/dv7-300x225.jpg 300w, https:\/\/www.ckplac.org\/wp-content\/uploads\/2021\/11\/dv7-600x450.jpg 600w, https:\/\/www.ckplac.org\/wp-content\/uploads\/2021\/11\/dv7-1024x768.jpg 1024w, https:\/\/www.ckplac.org\/wp-content\/uploads\/2021\/11\/dv7-768x576.jpg 768w, https:\/\/www.ckplac.org\/wp-content\/uploads\/2021\/11\/dv7-1536x1152.jpg 1536w, https:\/\/www.ckplac.org\/wp-content\/uploads\/2021\/11\/dv7-16x12.jpg 16w, https:\/\/www.ckplac.org\/wp-content\/uploads\/2021\/11\/dv7-800x600.jpg 800w, https:\/\/www.ckplac.org\/wp-content\/uploads\/2021\/11\/dv7-700x525.jpg 700w, https:\/\/www.ckplac.org\/wp-content\/uploads\/2021\/11\/dv7.jpg 1600w\" alt=\"\" width=\"300\" height=\"225\" \/>\u00a0<img loading=\"lazy\" decoding=\"async\" class=\"alignnone size-medium wp-image-5144\" src=\"https:\/\/www.ckplac.org\/wp-content\/uploads\/2021\/11\/dv8-300x225.jpg\" sizes=\"(max-width: 300px) 100vw, 300px\" srcset=\"https:\/\/www.ckplac.org\/wp-content\/uploads\/2021\/11\/dv8-300x225.jpg 300w, https:\/\/www.ckplac.org\/wp-content\/uploads\/2021\/11\/dv8-600x450.jpg 600w, https:\/\/www.ckplac.org\/wp-content\/uploads\/2021\/11\/dv8-1024x768.jpg 1024w, https:\/\/www.ckplac.org\/wp-content\/uploads\/2021\/11\/dv8-768x576.jpg 768w, https:\/\/www.ckplac.org\/wp-content\/uploads\/2021\/11\/dv8-1536x1152.jpg 1536w, https:\/\/www.ckplac.org\/wp-content\/uploads\/2021\/11\/dv8-16x12.jpg 16w, https:\/\/www.ckplac.org\/wp-content\/uploads\/2021\/11\/dv8-800x600.jpg 800w, https:\/\/www.ckplac.org\/wp-content\/uploads\/2021\/11\/dv8-700x525.jpg 700w, https:\/\/www.ckplac.org\/wp-content\/uploads\/2021\/11\/dv8.jpg 1600w\" alt=\"\" width=\"300\" height=\"225\" \/>\u00a0<img loading=\"lazy\" decoding=\"async\" class=\"alignnone size-medium wp-image-5145\" src=\"https:\/\/www.ckplac.org\/wp-content\/uploads\/2021\/11\/dv9-300x225.jpg\" sizes=\"(max-width: 300px) 100vw, 300px\" srcset=\"https:\/\/www.ckplac.org\/wp-content\/uploads\/2021\/11\/dv9-300x225.jpg 300w, https:\/\/www.ckplac.org\/wp-content\/uploads\/2021\/11\/dv9-600x450.jpg 600w, https:\/\/www.ckplac.org\/wp-content\/uploads\/2021\/11\/dv9-1024x768.jpg 1024w, https:\/\/www.ckplac.org\/wp-content\/uploads\/2021\/11\/dv9-768x576.jpg 768w, https:\/\/www.ckplac.org\/wp-content\/uploads\/2021\/11\/dv9-1536x1152.jpg 1536w, https:\/\/www.ckplac.org\/wp-content\/uploads\/2021\/11\/dv9-16x12.jpg 16w, https:\/\/www.ckplac.org\/wp-content\/uploads\/2021\/11\/dv9-800x600.jpg 800w, https:\/\/www.ckplac.org\/wp-content\/uploads\/2021\/11\/dv9-700x525.jpg 700w, https:\/\/www.ckplac.org\/wp-content\/uploads\/2021\/11\/dv9.jpg 1600w\" alt=\"\" width=\"300\" height=\"225\" \/><\/div>\n<\/div>\n<div class=\"qode-post-info-bottom clearfix\"><\/div>","protected":false},"excerpt":{"rendered":"<p>Centar za savremenu kulturu i umetnost sa zadovoljstvom predstavlja radove\u00a0 suboti\u010dke umetnice Melinde \u0160ef\u010di\u0107 i&#8230;<\/p>","protected":false},"author":1,"featured_media":20605,"comment_status":"closed","ping_status":"closed","sticky":false,"template":"","format":"standard","meta":{"content-type":"","inline_featured_image":false,"footnotes":""},"categories":[104],"tags":[121,170,122,124,292,169],"class_list":["post-20604","post","type-post","status-publish","format-standard","has-post-thumbnail","hentry","category-dvorisna-galerija","tag-121","tag-arts","tag-dvorisna-galerija","tag-klara-i-rosa","tag-melinda-sefcic","tag-visual"],"yoast_head":"<!-- This site is optimized with the Yoast SEO plugin v27.5 - https:\/\/yoast.com\/product\/yoast-seo-wordpress\/ -->\n<title>Dvori\u0161na galerija: Melinda \u0160ef\u010di\u0107 - Klara i Rosa<\/title>\n<meta name=\"robots\" content=\"index, follow, max-snippet:-1, max-image-preview:large, max-video-preview:-1\" \/>\n<link rel=\"canonical\" href=\"https:\/\/www.klarairosa.com\/hu\/dvorisna-galerija-melinda-sefcic-2\/\" \/>\n<meta property=\"og:locale\" content=\"hu_HU\" \/>\n<meta property=\"og:type\" content=\"article\" \/>\n<meta property=\"og:title\" content=\"Dvori\u0161na galerija: Melinda \u0160ef\u010di\u0107 - Klara i Rosa\" \/>\n<meta property=\"og:description\" content=\"Centar za savremenu kulturu i umetnost sa zadovoljstvom predstavlja radove\u00a0 suboti\u010dke umetnice Melinde \u0160ef\u010di\u0107 i...\" \/>\n<meta property=\"og:url\" content=\"https:\/\/www.klarairosa.com\/hu\/dvorisna-galerija-melinda-sefcic-2\/\" \/>\n<meta property=\"og:site_name\" content=\"Klara i Rosa\" \/>\n<meta property=\"article:publisher\" content=\"https:\/\/www.facebook.com\/klarairosa\/\" \/>\n<meta property=\"article:published_time\" content=\"2021-12-04T12:30:42+00:00\" \/>\n<meta property=\"article:modified_time\" content=\"2023-12-20T12:57:47+00:00\" \/>\n<meta property=\"og:image\" content=\"https:\/\/www.klarairosa.com\/wp-content\/uploads\/2023\/12\/IMG_1078-1536x1024-1.jpg\" \/>\n\t<meta property=\"og:image:width\" content=\"1536\" \/>\n\t<meta property=\"og:image:height\" content=\"1024\" \/>\n\t<meta property=\"og:image:type\" content=\"image\/jpeg\" \/>\n<meta name=\"author\" content=\"Klara i Rosa\" \/>\n<meta name=\"twitter:card\" content=\"summary_large_image\" \/>\n<meta name=\"twitter:label1\" content=\"Szerz\u0151:\" \/>\n\t<meta name=\"twitter:data1\" content=\"Klara i Rosa\" \/>\n\t<meta name=\"twitter:label2\" content=\"Becs\u00fclt olvas\u00e1si id\u0151\" \/>\n\t<meta name=\"twitter:data2\" content=\"4 perc\" \/>\n<script type=\"application\/ld+json\" class=\"yoast-schema-graph\">{\"@context\":\"https:\\\/\\\/schema.org\",\"@graph\":[{\"@type\":\"Article\",\"@id\":\"https:\\\/\\\/www.klarairosa.com\\\/dvorisna-galerija-melinda-sefcic-2\\\/#article\",\"isPartOf\":{\"@id\":\"https:\\\/\\\/www.klarairosa.com\\\/dvorisna-galerija-melinda-sefcic-2\\\/\"},\"author\":{\"name\":\"Klara i Rosa\",\"@id\":\"https:\\\/\\\/www.klarairosa.com\\\/en\\\/#\\\/schema\\\/person\\\/e4e7e9e5c8eeeddccf61e4532ae8e6ed\"},\"headline\":\"Dvori\u0161na galerija: Melinda \u0160ef\u010di\u0107\",\"datePublished\":\"2021-12-04T12:30:42+00:00\",\"dateModified\":\"2023-12-20T12:57:47+00:00\",\"mainEntityOfPage\":{\"@id\":\"https:\\\/\\\/www.klarairosa.com\\\/dvorisna-galerija-melinda-sefcic-2\\\/\"},\"wordCount\":799,\"publisher\":{\"@id\":\"https:\\\/\\\/www.klarairosa.com\\\/en\\\/#organization\"},\"image\":{\"@id\":\"https:\\\/\\\/www.klarairosa.com\\\/dvorisna-galerija-melinda-sefcic-2\\\/#primaryimage\"},\"thumbnailUrl\":\"https:\\\/\\\/www.klarairosa.com\\\/wp-content\\\/uploads\\\/2023\\\/12\\\/IMG_1078-1536x1024-1.jpg\",\"keywords\":[\"2023\",\"arts\",\"dvori\u0161na galerija\",\"Klara i Rosa\",\"melinda sefcic\",\"visual\"],\"articleSection\":[\"Dvori\u0161na galerija\"],\"inLanguage\":\"hu\"},{\"@type\":\"WebPage\",\"@id\":\"https:\\\/\\\/www.klarairosa.com\\\/dvorisna-galerija-melinda-sefcic-2\\\/\",\"url\":\"https:\\\/\\\/www.klarairosa.com\\\/dvorisna-galerija-melinda-sefcic-2\\\/\",\"name\":\"Dvori\u0161na galerija: Melinda \u0160ef\u010di\u0107 - Klara i Rosa\",\"isPartOf\":{\"@id\":\"https:\\\/\\\/www.klarairosa.com\\\/en\\\/#website\"},\"primaryImageOfPage\":{\"@id\":\"https:\\\/\\\/www.klarairosa.com\\\/dvorisna-galerija-melinda-sefcic-2\\\/#primaryimage\"},\"image\":{\"@id\":\"https:\\\/\\\/www.klarairosa.com\\\/dvorisna-galerija-melinda-sefcic-2\\\/#primaryimage\"},\"thumbnailUrl\":\"https:\\\/\\\/www.klarairosa.com\\\/wp-content\\\/uploads\\\/2023\\\/12\\\/IMG_1078-1536x1024-1.jpg\",\"datePublished\":\"2021-12-04T12:30:42+00:00\",\"dateModified\":\"2023-12-20T12:57:47+00:00\",\"breadcrumb\":{\"@id\":\"https:\\\/\\\/www.klarairosa.com\\\/dvorisna-galerija-melinda-sefcic-2\\\/#breadcrumb\"},\"inLanguage\":\"hu\",\"potentialAction\":[{\"@type\":\"ReadAction\",\"target\":[\"https:\\\/\\\/www.klarairosa.com\\\/dvorisna-galerija-melinda-sefcic-2\\\/\"]}]},{\"@type\":\"ImageObject\",\"inLanguage\":\"hu\",\"@id\":\"https:\\\/\\\/www.klarairosa.com\\\/dvorisna-galerija-melinda-sefcic-2\\\/#primaryimage\",\"url\":\"https:\\\/\\\/www.klarairosa.com\\\/wp-content\\\/uploads\\\/2023\\\/12\\\/IMG_1078-1536x1024-1.jpg\",\"contentUrl\":\"https:\\\/\\\/www.klarairosa.com\\\/wp-content\\\/uploads\\\/2023\\\/12\\\/IMG_1078-1536x1024-1.jpg\",\"width\":1536,\"height\":1024},{\"@type\":\"BreadcrumbList\",\"@id\":\"https:\\\/\\\/www.klarairosa.com\\\/dvorisna-galerija-melinda-sefcic-2\\\/#breadcrumb\",\"itemListElement\":[{\"@type\":\"ListItem\",\"position\":1,\"name\":\"Home\",\"item\":\"https:\\\/\\\/www.klarairosa.com\\\/\"},{\"@type\":\"ListItem\",\"position\":2,\"name\":\"Dvori\u0161na galerija: Melinda \u0160ef\u010di\u0107\"}]},{\"@type\":\"WebSite\",\"@id\":\"https:\\\/\\\/www.klarairosa.com\\\/en\\\/#website\",\"url\":\"https:\\\/\\\/www.klarairosa.com\\\/en\\\/\",\"name\":\"Klara i Rosa\",\"description\":\"Klara i Rosa\",\"publisher\":{\"@id\":\"https:\\\/\\\/www.klarairosa.com\\\/en\\\/#organization\"},\"potentialAction\":[{\"@type\":\"SearchAction\",\"target\":{\"@type\":\"EntryPoint\",\"urlTemplate\":\"https:\\\/\\\/www.klarairosa.com\\\/en\\\/?s={search_term_string}\"},\"query-input\":{\"@type\":\"PropertyValueSpecification\",\"valueRequired\":true,\"valueName\":\"search_term_string\"}}],\"inLanguage\":\"hu\"},{\"@type\":\"Organization\",\"@id\":\"https:\\\/\\\/www.klarairosa.com\\\/en\\\/#organization\",\"name\":\"Klara i Rosa\",\"url\":\"https:\\\/\\\/www.klarairosa.com\\\/en\\\/\",\"logo\":{\"@type\":\"ImageObject\",\"inLanguage\":\"hu\",\"@id\":\"https:\\\/\\\/www.klarairosa.com\\\/en\\\/#\\\/schema\\\/logo\\\/image\\\/\",\"url\":\"https:\\\/\\\/www.klarairosa.com\\\/wp-content\\\/uploads\\\/2022\\\/01\\\/logo.svg\",\"contentUrl\":\"https:\\\/\\\/www.klarairosa.com\\\/wp-content\\\/uploads\\\/2022\\\/01\\\/logo.svg\",\"width\":110,\"height\":139,\"caption\":\"Klara i Rosa\"},\"image\":{\"@id\":\"https:\\\/\\\/www.klarairosa.com\\\/en\\\/#\\\/schema\\\/logo\\\/image\\\/\"},\"sameAs\":[\"https:\\\/\\\/www.facebook.com\\\/klarairosa\\\/\",\"https:\\\/\\\/www.instagram.com\\\/ugklarairosa\\\/\"]},{\"@type\":\"Person\",\"@id\":\"https:\\\/\\\/www.klarairosa.com\\\/en\\\/#\\\/schema\\\/person\\\/e4e7e9e5c8eeeddccf61e4532ae8e6ed\",\"name\":\"Klara i Rosa\",\"image\":{\"@type\":\"ImageObject\",\"inLanguage\":\"hu\",\"@id\":\"https:\\\/\\\/secure.gravatar.com\\\/avatar\\\/c83ee539a067b9f57ae5d8999ae286c4f98b5c4bd943b8cbb64f6b0fc1f29e40?s=96&d=mm&r=g\",\"url\":\"https:\\\/\\\/secure.gravatar.com\\\/avatar\\\/c83ee539a067b9f57ae5d8999ae286c4f98b5c4bd943b8cbb64f6b0fc1f29e40?s=96&d=mm&r=g\",\"contentUrl\":\"https:\\\/\\\/secure.gravatar.com\\\/avatar\\\/c83ee539a067b9f57ae5d8999ae286c4f98b5c4bd943b8cbb64f6b0fc1f29e40?s=96&d=mm&r=g\",\"caption\":\"Klara i Rosa\"},\"sameAs\":[\"https:\\\/\\\/klarairosa.com\"],\"url\":\"https:\\\/\\\/www.klarairosa.com\\\/hu\\\/author\\\/rosaiklara\\\/\"}]}<\/script>\n<!-- \/ Yoast SEO plugin. -->","yoast_head_json":{"title":"Dvori\u0161na galerija: Melinda \u0160ef\u010di\u0107 - Klara i Rosa","robots":{"index":"index","follow":"follow","max-snippet":"max-snippet:-1","max-image-preview":"max-image-preview:large","max-video-preview":"max-video-preview:-1"},"canonical":"https:\/\/www.klarairosa.com\/hu\/dvorisna-galerija-melinda-sefcic-2\/","og_locale":"hu_HU","og_type":"article","og_title":"Dvori\u0161na galerija: Melinda \u0160ef\u010di\u0107 - Klara i Rosa","og_description":"Centar za savremenu kulturu i umetnost sa zadovoljstvom predstavlja radove\u00a0 suboti\u010dke umetnice Melinde \u0160ef\u010di\u0107 i...","og_url":"https:\/\/www.klarairosa.com\/hu\/dvorisna-galerija-melinda-sefcic-2\/","og_site_name":"Klara i Rosa","article_publisher":"https:\/\/www.facebook.com\/klarairosa\/","article_published_time":"2021-12-04T12:30:42+00:00","article_modified_time":"2023-12-20T12:57:47+00:00","og_image":[{"width":1536,"height":1024,"url":"https:\/\/www.klarairosa.com\/wp-content\/uploads\/2023\/12\/IMG_1078-1536x1024-1.jpg","type":"image\/jpeg"}],"author":"Klara i Rosa","twitter_card":"summary_large_image","twitter_misc":{"Szerz\u0151:":"Klara i Rosa","Becs\u00fclt olvas\u00e1si id\u0151":"4 perc"},"schema":{"@context":"https:\/\/schema.org","@graph":[{"@type":"Article","@id":"https:\/\/www.klarairosa.com\/dvorisna-galerija-melinda-sefcic-2\/#article","isPartOf":{"@id":"https:\/\/www.klarairosa.com\/dvorisna-galerija-melinda-sefcic-2\/"},"author":{"name":"Klara i Rosa","@id":"https:\/\/www.klarairosa.com\/en\/#\/schema\/person\/e4e7e9e5c8eeeddccf61e4532ae8e6ed"},"headline":"Dvori\u0161na galerija: Melinda \u0160ef\u010di\u0107","datePublished":"2021-12-04T12:30:42+00:00","dateModified":"2023-12-20T12:57:47+00:00","mainEntityOfPage":{"@id":"https:\/\/www.klarairosa.com\/dvorisna-galerija-melinda-sefcic-2\/"},"wordCount":799,"publisher":{"@id":"https:\/\/www.klarairosa.com\/en\/#organization"},"image":{"@id":"https:\/\/www.klarairosa.com\/dvorisna-galerija-melinda-sefcic-2\/#primaryimage"},"thumbnailUrl":"https:\/\/www.klarairosa.com\/wp-content\/uploads\/2023\/12\/IMG_1078-1536x1024-1.jpg","keywords":["2023","arts","dvori\u0161na galerija","Klara i Rosa","melinda sefcic","visual"],"articleSection":["Dvori\u0161na galerija"],"inLanguage":"hu"},{"@type":"WebPage","@id":"https:\/\/www.klarairosa.com\/dvorisna-galerija-melinda-sefcic-2\/","url":"https:\/\/www.klarairosa.com\/dvorisna-galerija-melinda-sefcic-2\/","name":"Dvori\u0161na galerija: Melinda \u0160ef\u010di\u0107 - Klara i Rosa","isPartOf":{"@id":"https:\/\/www.klarairosa.com\/en\/#website"},"primaryImageOfPage":{"@id":"https:\/\/www.klarairosa.com\/dvorisna-galerija-melinda-sefcic-2\/#primaryimage"},"image":{"@id":"https:\/\/www.klarairosa.com\/dvorisna-galerija-melinda-sefcic-2\/#primaryimage"},"thumbnailUrl":"https:\/\/www.klarairosa.com\/wp-content\/uploads\/2023\/12\/IMG_1078-1536x1024-1.jpg","datePublished":"2021-12-04T12:30:42+00:00","dateModified":"2023-12-20T12:57:47+00:00","breadcrumb":{"@id":"https:\/\/www.klarairosa.com\/dvorisna-galerija-melinda-sefcic-2\/#breadcrumb"},"inLanguage":"hu","potentialAction":[{"@type":"ReadAction","target":["https:\/\/www.klarairosa.com\/dvorisna-galerija-melinda-sefcic-2\/"]}]},{"@type":"ImageObject","inLanguage":"hu","@id":"https:\/\/www.klarairosa.com\/dvorisna-galerija-melinda-sefcic-2\/#primaryimage","url":"https:\/\/www.klarairosa.com\/wp-content\/uploads\/2023\/12\/IMG_1078-1536x1024-1.jpg","contentUrl":"https:\/\/www.klarairosa.com\/wp-content\/uploads\/2023\/12\/IMG_1078-1536x1024-1.jpg","width":1536,"height":1024},{"@type":"BreadcrumbList","@id":"https:\/\/www.klarairosa.com\/dvorisna-galerija-melinda-sefcic-2\/#breadcrumb","itemListElement":[{"@type":"ListItem","position":1,"name":"Home","item":"https:\/\/www.klarairosa.com\/"},{"@type":"ListItem","position":2,"name":"Dvori\u0161na galerija: Melinda \u0160ef\u010di\u0107"}]},{"@type":"WebSite","@id":"https:\/\/www.klarairosa.com\/en\/#website","url":"https:\/\/www.klarairosa.com\/en\/","name":"Kl\u00e1ra \u00e9s Rosa Egyes\u00fclet","description":"Kl\u00e1ra \u00e9s Rosa Egyes\u00fclet","publisher":{"@id":"https:\/\/www.klarairosa.com\/en\/#organization"},"potentialAction":[{"@type":"SearchAction","target":{"@type":"EntryPoint","urlTemplate":"https:\/\/www.klarairosa.com\/en\/?s={search_term_string}"},"query-input":{"@type":"PropertyValueSpecification","valueRequired":true,"valueName":"search_term_string"}}],"inLanguage":"hu"},{"@type":"Organization","@id":"https:\/\/www.klarairosa.com\/en\/#organization","name":"Kl\u00e1ra \u00e9s Rosa Egyes\u00fclet","url":"https:\/\/www.klarairosa.com\/en\/","logo":{"@type":"ImageObject","inLanguage":"hu","@id":"https:\/\/www.klarairosa.com\/en\/#\/schema\/logo\/image\/","url":"https:\/\/www.klarairosa.com\/wp-content\/uploads\/2022\/01\/logo.svg","contentUrl":"https:\/\/www.klarairosa.com\/wp-content\/uploads\/2022\/01\/logo.svg","width":110,"height":139,"caption":"Klara i Rosa"},"image":{"@id":"https:\/\/www.klarairosa.com\/en\/#\/schema\/logo\/image\/"},"sameAs":["https:\/\/www.facebook.com\/klarairosa\/","https:\/\/www.instagram.com\/ugklarairosa\/"]},{"@type":"Person","@id":"https:\/\/www.klarairosa.com\/en\/#\/schema\/person\/e4e7e9e5c8eeeddccf61e4532ae8e6ed","name":"Kl\u00e1ra \u00e9s Rosa Egyes\u00fclet","image":{"@type":"ImageObject","inLanguage":"hu","@id":"https:\/\/secure.gravatar.com\/avatar\/c83ee539a067b9f57ae5d8999ae286c4f98b5c4bd943b8cbb64f6b0fc1f29e40?s=96&d=mm&r=g","url":"https:\/\/secure.gravatar.com\/avatar\/c83ee539a067b9f57ae5d8999ae286c4f98b5c4bd943b8cbb64f6b0fc1f29e40?s=96&d=mm&r=g","contentUrl":"https:\/\/secure.gravatar.com\/avatar\/c83ee539a067b9f57ae5d8999ae286c4f98b5c4bd943b8cbb64f6b0fc1f29e40?s=96&d=mm&r=g","caption":"Klara i Rosa"},"sameAs":["https:\/\/klarairosa.com"],"url":"https:\/\/www.klarairosa.com\/hu\/author\/rosaiklara\/"}]}},"_links":{"self":[{"href":"https:\/\/www.klarairosa.com\/hu\/wp-json\/wp\/v2\/posts\/20604","targetHints":{"allow":["GET"]}}],"collection":[{"href":"https:\/\/www.klarairosa.com\/hu\/wp-json\/wp\/v2\/posts"}],"about":[{"href":"https:\/\/www.klarairosa.com\/hu\/wp-json\/wp\/v2\/types\/post"}],"author":[{"embeddable":true,"href":"https:\/\/www.klarairosa.com\/hu\/wp-json\/wp\/v2\/users\/1"}],"replies":[{"embeddable":true,"href":"https:\/\/www.klarairosa.com\/hu\/wp-json\/wp\/v2\/comments?post=20604"}],"version-history":[{"count":1,"href":"https:\/\/www.klarairosa.com\/hu\/wp-json\/wp\/v2\/posts\/20604\/revisions"}],"predecessor-version":[{"id":20606,"href":"https:\/\/www.klarairosa.com\/hu\/wp-json\/wp\/v2\/posts\/20604\/revisions\/20606"}],"wp:featuredmedia":[{"embeddable":true,"href":"https:\/\/www.klarairosa.com\/hu\/wp-json\/wp\/v2\/media\/20605"}],"wp:attachment":[{"href":"https:\/\/www.klarairosa.com\/hu\/wp-json\/wp\/v2\/media?parent=20604"}],"wp:term":[{"taxonomy":"category","embeddable":true,"href":"https:\/\/www.klarairosa.com\/hu\/wp-json\/wp\/v2\/categories?post=20604"},{"taxonomy":"post_tag","embeddable":true,"href":"https:\/\/www.klarairosa.com\/hu\/wp-json\/wp\/v2\/tags?post=20604"}],"curies":[{"name":"wp","href":"https:\/\/api.w.org\/{rel}","templated":true}]}}