{"id":20238,"date":"2023-10-23T11:49:38","date_gmt":"2023-10-23T11:49:38","guid":{"rendered":"https:\/\/www.klarairosa.com\/?p=20238"},"modified":"2023-10-23T11:49:38","modified_gmt":"2023-10-23T11:49:38","slug":"projekcija-dokumentarnih-filmova-sa-radionice-kino-eko-2021-2022","status":"publish","type":"post","link":"https:\/\/www.klarairosa.com\/hu\/projekcija-dokumentarnih-filmova-sa-radionice-kino-eko-2021-2022\/","title":{"rendered":"Dokumentumfilmek a KINO-EKO 2021-2022 workshopjair\u00f3l"},"content":{"rendered":"<div>\n<div>\n<div>U \u010detvrtak, 26. oktobra u 19 \u010dasova, u prostoru Klare i Rose (Petefi \u0160andora 15) Akademski filmski centar Dom kulture Studentski grad na Novom Beogradu, predstavlja izbor kratkometra\u017enih dokumentarnih filmova sa Radionice ekolo\u0161kog i antropolo\u0161kog filma KINO-EKO, koji su snimljeni u 2021. na Staroj planini i 2022. u Malom I\u0111o\u0161u. Radionica je namenjena studentima, sa fokusom na upoznavanje raznovrsnih geografskih podru\u010dja Republike Srbije, kao i edukaciji mla\u0111e populacije o bitnim ekolo\u0161kim i demografskim pitanjima doma\u0107ih regiona, uz upoznavanje i kori\u0161\u0107enje izra\u017eajnih sredstava filmskog jezika.<\/div>\n<\/div>\n<div><\/div>\n<div><blockquote class='' style='border-left-color: #aeccc5;'><h5 class='blockquote-text' style='color: #aeccc5; line-height: undefinedpx;'>\u010cetvrtak, 26. oktobra u 19 \u010dasova, u prostoru Klare i Rose (Petefi \u0160andora 15).<\/h5><\/blockquote><\/div>\n<div>\n<div><\/div>\n<div>.<\/div>\n<div><\/div>\n<div><strong>Program<\/strong>:<\/div>\n<div><\/div>\n<div>.<\/div>\n<div><\/div>\n<div>3 \u00e9ve, 2 h\u00f3napja \u00e9s 1 napja, r.: Nikola Topalovi\u0107 \u00e9s Nikola Nikoli\u0107\/2021., 8'<\/div>\n<div>.<\/div>\n<div>Rejtekhely), Mina Nikoli\u0107\/2022, 7'<\/div>\n<div>.<\/div>\n<div>Ahol a b\u00e9k\u00e1k nem brekegnek, Ana Dajovi\u0107 \u00e9s Katarina Ba\u0161i\u0107\/2022., 12'<\/div>\n<div>.<\/div>\n<div>Mondd el, Dunja Jani\u0107ijevi\u0107\/2021., 8'<\/div>\n<div>.<\/div>\n<div>A rem\u00e9ny utc\u00e1ja, An\u0111ela Dabi\u0107 \u00e9s Tamara Radojkovi\u0107\/2022., 14'<\/div>\n<div>.<\/div>\n<div>A tegnap az, ami soha nem volt, Nikola Topalovi\u0107 \u00e9s Nikola Nikoli\u0107\/2022., 10'<\/div>\n<div>.<\/div>\n<div>Az \u00e1rny\u00e9kban, Filip Tasi\u0107\/2021., 21'<\/div>\n<\/div>\n<\/div>\n<div><\/div>\n<div>.<\/div>\n<div><img decoding=\"async\" class=\"alignnone size-medium wp-image-19522\" src=\"https:\/\/www.klarairosa.com\/wp-content\/uploads\/2023\/06\/Poziv-Vizual-2-300x157.jpg\" alt=\"\" width=\"300\" height=\"157\" srcset=\"https:\/\/www.klarairosa.com\/wp-content\/uploads\/2023\/06\/Poziv-Vizual-2-300x157.jpg 300w, https:\/\/www.klarairosa.com\/wp-content\/uploads\/2023\/06\/Poziv-Vizual-2-1024x537.jpg 1024w, https:\/\/www.klarairosa.com\/wp-content\/uploads\/2023\/06\/Poziv-Vizual-2-768x403.jpg 768w, https:\/\/www.klarairosa.com\/wp-content\/uploads\/2023\/06\/Poziv-Vizual-2-1536x805.jpg 1536w, https:\/\/www.klarairosa.com\/wp-content\/uploads\/2023\/06\/Poziv-Vizual-2-2048x1073.jpg 2048w, https:\/\/www.klarairosa.com\/wp-content\/uploads\/2023\/06\/Poziv-Vizual-2-18x9.jpg 18w, https:\/\/www.klarairosa.com\/wp-content\/uploads\/2023\/06\/Poziv-Vizual-2-700x367.jpg 700w\" sizes=\"(max-width: 300px) 100vw, 300px\" \/><\/div>\n<div>#klarairosa #kinoeko #film<\/div>","protected":false},"excerpt":{"rendered":"<p>U \u010detvrtak, 26. oktobra u 19 \u010dasova, u prostoru Klare i Rose (Petefi \u0160andora 15)&#8230;<\/p>","protected":false},"author":1,"featured_media":19523,"comment_status":"closed","ping_status":"closed","sticky":false,"template":"","format":"standard","meta":{"content-type":"","inline_featured_image":false,"footnotes":""},"categories":[109],"tags":[128,168,185,129],"class_list":["post-20238","post","type-post","status-publish","format-standard","has-post-thumbnail","hentry","category-aktuelno","tag-film","tag-filmski-cetvrtak","tag-kino-eko","tag-klarairosa"],"yoast_head":"<!-- This site is optimized with the Yoast SEO plugin v27.5 - https:\/\/yoast.com\/product\/yoast-seo-wordpress\/ -->\n<title>Projekcija dokumentarnih filmova sa radionice KINO-EKO 2021-2022. - Klara i Rosa<\/title>\n<meta name=\"robots\" content=\"index, follow, max-snippet:-1, max-image-preview:large, max-video-preview:-1\" \/>\n<link rel=\"canonical\" href=\"https:\/\/www.klarairosa.com\/hu\/projekcija-dokumentarnih-filmova-sa-radionice-kino-eko-2021-2022\/\" \/>\n<meta property=\"og:locale\" content=\"hu_HU\" \/>\n<meta property=\"og:type\" content=\"article\" \/>\n<meta property=\"og:title\" content=\"Projekcija dokumentarnih filmova sa radionice KINO-EKO 2021-2022. - Klara i Rosa\" \/>\n<meta property=\"og:description\" content=\"U \u010detvrtak, 26. oktobra u 19 \u010dasova, u prostoru Klare i Rose (Petefi \u0160andora 15)...\" \/>\n<meta property=\"og:url\" content=\"https:\/\/www.klarairosa.com\/hu\/projekcija-dokumentarnih-filmova-sa-radionice-kino-eko-2021-2022\/\" \/>\n<meta property=\"og:site_name\" content=\"Klara i Rosa\" \/>\n<meta property=\"article:publisher\" content=\"https:\/\/www.facebook.com\/klarairosa\/\" \/>\n<meta property=\"article:published_time\" content=\"2023-10-23T11:49:38+00:00\" \/>\n<meta property=\"og:image\" content=\"https:\/\/www.klarairosa.com\/wp-content\/uploads\/2023\/06\/Cetvrtak-studentskog-filma-1.png\" \/>\n\t<meta property=\"og:image:width\" content=\"1640\" \/>\n\t<meta property=\"og:image:height\" content=\"924\" \/>\n\t<meta property=\"og:image:type\" content=\"image\/png\" \/>\n<meta name=\"author\" content=\"Klara i Rosa\" \/>\n<meta name=\"twitter:card\" content=\"summary_large_image\" \/>\n<meta name=\"twitter:label1\" content=\"Szerz\u0151:\" \/>\n\t<meta name=\"twitter:data1\" content=\"Klara i Rosa\" \/>\n\t<meta name=\"twitter:label2\" content=\"Becs\u00fclt olvas\u00e1si id\u0151\" \/>\n\t<meta name=\"twitter:data2\" content=\"1 perc\" \/>\n<script type=\"application\/ld+json\" class=\"yoast-schema-graph\">{\"@context\":\"https:\\\/\\\/schema.org\",\"@graph\":[{\"@type\":\"Article\",\"@id\":\"https:\\\/\\\/www.klarairosa.com\\\/projekcija-dokumentarnih-filmova-sa-radionice-kino-eko-2021-2022\\\/#article\",\"isPartOf\":{\"@id\":\"https:\\\/\\\/www.klarairosa.com\\\/projekcija-dokumentarnih-filmova-sa-radionice-kino-eko-2021-2022\\\/\"},\"author\":{\"name\":\"Klara i Rosa\",\"@id\":\"https:\\\/\\\/www.klarairosa.com\\\/en\\\/#\\\/schema\\\/person\\\/e4e7e9e5c8eeeddccf61e4532ae8e6ed\"},\"headline\":\"Projekcija dokumentarnih filmova sa radionice KINO-EKO 2021-2022.\",\"datePublished\":\"2023-10-23T11:49:38+00:00\",\"mainEntityOfPage\":{\"@id\":\"https:\\\/\\\/www.klarairosa.com\\\/projekcija-dokumentarnih-filmova-sa-radionice-kino-eko-2021-2022\\\/\"},\"wordCount\":197,\"publisher\":{\"@id\":\"https:\\\/\\\/www.klarairosa.com\\\/en\\\/#organization\"},\"image\":{\"@id\":\"https:\\\/\\\/www.klarairosa.com\\\/projekcija-dokumentarnih-filmova-sa-radionice-kino-eko-2021-2022\\\/#primaryimage\"},\"thumbnailUrl\":\"https:\\\/\\\/www.klarairosa.com\\\/wp-content\\\/uploads\\\/2023\\\/06\\\/Cetvrtak-studentskog-filma-1.png\",\"keywords\":[\"film\",\"filmski cetvrtak\",\"kino eko\",\"klarairosa\"],\"articleSection\":[\"Aktuelno\"],\"inLanguage\":\"hu\"},{\"@type\":\"WebPage\",\"@id\":\"https:\\\/\\\/www.klarairosa.com\\\/projekcija-dokumentarnih-filmova-sa-radionice-kino-eko-2021-2022\\\/\",\"url\":\"https:\\\/\\\/www.klarairosa.com\\\/projekcija-dokumentarnih-filmova-sa-radionice-kino-eko-2021-2022\\\/\",\"name\":\"Projekcija dokumentarnih filmova sa radionice KINO-EKO 2021-2022. - Klara i Rosa\",\"isPartOf\":{\"@id\":\"https:\\\/\\\/www.klarairosa.com\\\/en\\\/#website\"},\"primaryImageOfPage\":{\"@id\":\"https:\\\/\\\/www.klarairosa.com\\\/projekcija-dokumentarnih-filmova-sa-radionice-kino-eko-2021-2022\\\/#primaryimage\"},\"image\":{\"@id\":\"https:\\\/\\\/www.klarairosa.com\\\/projekcija-dokumentarnih-filmova-sa-radionice-kino-eko-2021-2022\\\/#primaryimage\"},\"thumbnailUrl\":\"https:\\\/\\\/www.klarairosa.com\\\/wp-content\\\/uploads\\\/2023\\\/06\\\/Cetvrtak-studentskog-filma-1.png\",\"datePublished\":\"2023-10-23T11:49:38+00:00\",\"breadcrumb\":{\"@id\":\"https:\\\/\\\/www.klarairosa.com\\\/projekcija-dokumentarnih-filmova-sa-radionice-kino-eko-2021-2022\\\/#breadcrumb\"},\"inLanguage\":\"hu\",\"potentialAction\":[{\"@type\":\"ReadAction\",\"target\":[\"https:\\\/\\\/www.klarairosa.com\\\/projekcija-dokumentarnih-filmova-sa-radionice-kino-eko-2021-2022\\\/\"]}]},{\"@type\":\"ImageObject\",\"inLanguage\":\"hu\",\"@id\":\"https:\\\/\\\/www.klarairosa.com\\\/projekcija-dokumentarnih-filmova-sa-radionice-kino-eko-2021-2022\\\/#primaryimage\",\"url\":\"https:\\\/\\\/www.klarairosa.com\\\/wp-content\\\/uploads\\\/2023\\\/06\\\/Cetvrtak-studentskog-filma-1.png\",\"contentUrl\":\"https:\\\/\\\/www.klarairosa.com\\\/wp-content\\\/uploads\\\/2023\\\/06\\\/Cetvrtak-studentskog-filma-1.png\",\"width\":1640,\"height\":924},{\"@type\":\"BreadcrumbList\",\"@id\":\"https:\\\/\\\/www.klarairosa.com\\\/projekcija-dokumentarnih-filmova-sa-radionice-kino-eko-2021-2022\\\/#breadcrumb\",\"itemListElement\":[{\"@type\":\"ListItem\",\"position\":1,\"name\":\"Home\",\"item\":\"https:\\\/\\\/www.klarairosa.com\\\/\"},{\"@type\":\"ListItem\",\"position\":2,\"name\":\"Projekcija dokumentarnih filmova sa radionice KINO-EKO 2021-2022.\"}]},{\"@type\":\"WebSite\",\"@id\":\"https:\\\/\\\/www.klarairosa.com\\\/en\\\/#website\",\"url\":\"https:\\\/\\\/www.klarairosa.com\\\/en\\\/\",\"name\":\"Klara i Rosa\",\"description\":\"Klara i Rosa\",\"publisher\":{\"@id\":\"https:\\\/\\\/www.klarairosa.com\\\/en\\\/#organization\"},\"potentialAction\":[{\"@type\":\"SearchAction\",\"target\":{\"@type\":\"EntryPoint\",\"urlTemplate\":\"https:\\\/\\\/www.klarairosa.com\\\/en\\\/?s={search_term_string}\"},\"query-input\":{\"@type\":\"PropertyValueSpecification\",\"valueRequired\":true,\"valueName\":\"search_term_string\"}}],\"inLanguage\":\"hu\"},{\"@type\":\"Organization\",\"@id\":\"https:\\\/\\\/www.klarairosa.com\\\/en\\\/#organization\",\"name\":\"Klara i Rosa\",\"url\":\"https:\\\/\\\/www.klarairosa.com\\\/en\\\/\",\"logo\":{\"@type\":\"ImageObject\",\"inLanguage\":\"hu\",\"@id\":\"https:\\\/\\\/www.klarairosa.com\\\/en\\\/#\\\/schema\\\/logo\\\/image\\\/\",\"url\":\"https:\\\/\\\/www.klarairosa.com\\\/wp-content\\\/uploads\\\/2022\\\/01\\\/logo.svg\",\"contentUrl\":\"https:\\\/\\\/www.klarairosa.com\\\/wp-content\\\/uploads\\\/2022\\\/01\\\/logo.svg\",\"width\":110,\"height\":139,\"caption\":\"Klara i Rosa\"},\"image\":{\"@id\":\"https:\\\/\\\/www.klarairosa.com\\\/en\\\/#\\\/schema\\\/logo\\\/image\\\/\"},\"sameAs\":[\"https:\\\/\\\/www.facebook.com\\\/klarairosa\\\/\",\"https:\\\/\\\/www.instagram.com\\\/ugklarairosa\\\/\"]},{\"@type\":\"Person\",\"@id\":\"https:\\\/\\\/www.klarairosa.com\\\/en\\\/#\\\/schema\\\/person\\\/e4e7e9e5c8eeeddccf61e4532ae8e6ed\",\"name\":\"Klara i Rosa\",\"image\":{\"@type\":\"ImageObject\",\"inLanguage\":\"hu\",\"@id\":\"https:\\\/\\\/secure.gravatar.com\\\/avatar\\\/c83ee539a067b9f57ae5d8999ae286c4f98b5c4bd943b8cbb64f6b0fc1f29e40?s=96&d=mm&r=g\",\"url\":\"https:\\\/\\\/secure.gravatar.com\\\/avatar\\\/c83ee539a067b9f57ae5d8999ae286c4f98b5c4bd943b8cbb64f6b0fc1f29e40?s=96&d=mm&r=g\",\"contentUrl\":\"https:\\\/\\\/secure.gravatar.com\\\/avatar\\\/c83ee539a067b9f57ae5d8999ae286c4f98b5c4bd943b8cbb64f6b0fc1f29e40?s=96&d=mm&r=g\",\"caption\":\"Klara i Rosa\"},\"sameAs\":[\"https:\\\/\\\/klarairosa.com\"],\"url\":\"https:\\\/\\\/www.klarairosa.com\\\/hu\\\/author\\\/rosaiklara\\\/\"}]}<\/script>\n<!-- \/ Yoast SEO plugin. -->","yoast_head_json":{"title":"Projekcija dokumentarnih filmova sa radionice KINO-EKO 2021-2022. - Klara i Rosa","robots":{"index":"index","follow":"follow","max-snippet":"max-snippet:-1","max-image-preview":"max-image-preview:large","max-video-preview":"max-video-preview:-1"},"canonical":"https:\/\/www.klarairosa.com\/hu\/projekcija-dokumentarnih-filmova-sa-radionice-kino-eko-2021-2022\/","og_locale":"hu_HU","og_type":"article","og_title":"Projekcija dokumentarnih filmova sa radionice KINO-EKO 2021-2022. - Klara i Rosa","og_description":"U \u010detvrtak, 26. oktobra u 19 \u010dasova, u prostoru Klare i Rose (Petefi \u0160andora 15)...","og_url":"https:\/\/www.klarairosa.com\/hu\/projekcija-dokumentarnih-filmova-sa-radionice-kino-eko-2021-2022\/","og_site_name":"Klara i Rosa","article_publisher":"https:\/\/www.facebook.com\/klarairosa\/","article_published_time":"2023-10-23T11:49:38+00:00","og_image":[{"width":1640,"height":924,"url":"https:\/\/www.klarairosa.com\/wp-content\/uploads\/2023\/06\/Cetvrtak-studentskog-filma-1.png","type":"image\/png"}],"author":"Klara i Rosa","twitter_card":"summary_large_image","twitter_misc":{"Szerz\u0151:":"Klara i Rosa","Becs\u00fclt olvas\u00e1si id\u0151":"1 perc"},"schema":{"@context":"https:\/\/schema.org","@graph":[{"@type":"Article","@id":"https:\/\/www.klarairosa.com\/projekcija-dokumentarnih-filmova-sa-radionice-kino-eko-2021-2022\/#article","isPartOf":{"@id":"https:\/\/www.klarairosa.com\/projekcija-dokumentarnih-filmova-sa-radionice-kino-eko-2021-2022\/"},"author":{"name":"Klara i Rosa","@id":"https:\/\/www.klarairosa.com\/en\/#\/schema\/person\/e4e7e9e5c8eeeddccf61e4532ae8e6ed"},"headline":"Projekcija dokumentarnih filmova sa radionice KINO-EKO 2021-2022.","datePublished":"2023-10-23T11:49:38+00:00","mainEntityOfPage":{"@id":"https:\/\/www.klarairosa.com\/projekcija-dokumentarnih-filmova-sa-radionice-kino-eko-2021-2022\/"},"wordCount":197,"publisher":{"@id":"https:\/\/www.klarairosa.com\/en\/#organization"},"image":{"@id":"https:\/\/www.klarairosa.com\/projekcija-dokumentarnih-filmova-sa-radionice-kino-eko-2021-2022\/#primaryimage"},"thumbnailUrl":"https:\/\/www.klarairosa.com\/wp-content\/uploads\/2023\/06\/Cetvrtak-studentskog-filma-1.png","keywords":["film","filmski cetvrtak","kino eko","klarairosa"],"articleSection":["Aktuelno"],"inLanguage":"hu"},{"@type":"WebPage","@id":"https:\/\/www.klarairosa.com\/projekcija-dokumentarnih-filmova-sa-radionice-kino-eko-2021-2022\/","url":"https:\/\/www.klarairosa.com\/projekcija-dokumentarnih-filmova-sa-radionice-kino-eko-2021-2022\/","name":"Projekcija dokumentarnih filmova sa radionice KINO-EKO 2021-2022. - Klara i Rosa","isPartOf":{"@id":"https:\/\/www.klarairosa.com\/en\/#website"},"primaryImageOfPage":{"@id":"https:\/\/www.klarairosa.com\/projekcija-dokumentarnih-filmova-sa-radionice-kino-eko-2021-2022\/#primaryimage"},"image":{"@id":"https:\/\/www.klarairosa.com\/projekcija-dokumentarnih-filmova-sa-radionice-kino-eko-2021-2022\/#primaryimage"},"thumbnailUrl":"https:\/\/www.klarairosa.com\/wp-content\/uploads\/2023\/06\/Cetvrtak-studentskog-filma-1.png","datePublished":"2023-10-23T11:49:38+00:00","breadcrumb":{"@id":"https:\/\/www.klarairosa.com\/projekcija-dokumentarnih-filmova-sa-radionice-kino-eko-2021-2022\/#breadcrumb"},"inLanguage":"hu","potentialAction":[{"@type":"ReadAction","target":["https:\/\/www.klarairosa.com\/projekcija-dokumentarnih-filmova-sa-radionice-kino-eko-2021-2022\/"]}]},{"@type":"ImageObject","inLanguage":"hu","@id":"https:\/\/www.klarairosa.com\/projekcija-dokumentarnih-filmova-sa-radionice-kino-eko-2021-2022\/#primaryimage","url":"https:\/\/www.klarairosa.com\/wp-content\/uploads\/2023\/06\/Cetvrtak-studentskog-filma-1.png","contentUrl":"https:\/\/www.klarairosa.com\/wp-content\/uploads\/2023\/06\/Cetvrtak-studentskog-filma-1.png","width":1640,"height":924},{"@type":"BreadcrumbList","@id":"https:\/\/www.klarairosa.com\/projekcija-dokumentarnih-filmova-sa-radionice-kino-eko-2021-2022\/#breadcrumb","itemListElement":[{"@type":"ListItem","position":1,"name":"Home","item":"https:\/\/www.klarairosa.com\/"},{"@type":"ListItem","position":2,"name":"Projekcija dokumentarnih filmova sa radionice KINO-EKO 2021-2022."}]},{"@type":"WebSite","@id":"https:\/\/www.klarairosa.com\/en\/#website","url":"https:\/\/www.klarairosa.com\/en\/","name":"Kl\u00e1ra \u00e9s Rosa Egyes\u00fclet","description":"Kl\u00e1ra \u00e9s Rosa Egyes\u00fclet","publisher":{"@id":"https:\/\/www.klarairosa.com\/en\/#organization"},"potentialAction":[{"@type":"SearchAction","target":{"@type":"EntryPoint","urlTemplate":"https:\/\/www.klarairosa.com\/en\/?s={search_term_string}"},"query-input":{"@type":"PropertyValueSpecification","valueRequired":true,"valueName":"search_term_string"}}],"inLanguage":"hu"},{"@type":"Organization","@id":"https:\/\/www.klarairosa.com\/en\/#organization","name":"Kl\u00e1ra \u00e9s Rosa Egyes\u00fclet","url":"https:\/\/www.klarairosa.com\/en\/","logo":{"@type":"ImageObject","inLanguage":"hu","@id":"https:\/\/www.klarairosa.com\/en\/#\/schema\/logo\/image\/","url":"https:\/\/www.klarairosa.com\/wp-content\/uploads\/2022\/01\/logo.svg","contentUrl":"https:\/\/www.klarairosa.com\/wp-content\/uploads\/2022\/01\/logo.svg","width":110,"height":139,"caption":"Klara i Rosa"},"image":{"@id":"https:\/\/www.klarairosa.com\/en\/#\/schema\/logo\/image\/"},"sameAs":["https:\/\/www.facebook.com\/klarairosa\/","https:\/\/www.instagram.com\/ugklarairosa\/"]},{"@type":"Person","@id":"https:\/\/www.klarairosa.com\/en\/#\/schema\/person\/e4e7e9e5c8eeeddccf61e4532ae8e6ed","name":"Kl\u00e1ra \u00e9s Rosa Egyes\u00fclet","image":{"@type":"ImageObject","inLanguage":"hu","@id":"https:\/\/secure.gravatar.com\/avatar\/c83ee539a067b9f57ae5d8999ae286c4f98b5c4bd943b8cbb64f6b0fc1f29e40?s=96&d=mm&r=g","url":"https:\/\/secure.gravatar.com\/avatar\/c83ee539a067b9f57ae5d8999ae286c4f98b5c4bd943b8cbb64f6b0fc1f29e40?s=96&d=mm&r=g","contentUrl":"https:\/\/secure.gravatar.com\/avatar\/c83ee539a067b9f57ae5d8999ae286c4f98b5c4bd943b8cbb64f6b0fc1f29e40?s=96&d=mm&r=g","caption":"Klara i Rosa"},"sameAs":["https:\/\/klarairosa.com"],"url":"https:\/\/www.klarairosa.com\/hu\/author\/rosaiklara\/"}]}},"_links":{"self":[{"href":"https:\/\/www.klarairosa.com\/hu\/wp-json\/wp\/v2\/posts\/20238","targetHints":{"allow":["GET"]}}],"collection":[{"href":"https:\/\/www.klarairosa.com\/hu\/wp-json\/wp\/v2\/posts"}],"about":[{"href":"https:\/\/www.klarairosa.com\/hu\/wp-json\/wp\/v2\/types\/post"}],"author":[{"embeddable":true,"href":"https:\/\/www.klarairosa.com\/hu\/wp-json\/wp\/v2\/users\/1"}],"replies":[{"embeddable":true,"href":"https:\/\/www.klarairosa.com\/hu\/wp-json\/wp\/v2\/comments?post=20238"}],"version-history":[{"count":1,"href":"https:\/\/www.klarairosa.com\/hu\/wp-json\/wp\/v2\/posts\/20238\/revisions"}],"predecessor-version":[{"id":20239,"href":"https:\/\/www.klarairosa.com\/hu\/wp-json\/wp\/v2\/posts\/20238\/revisions\/20239"}],"wp:featuredmedia":[{"embeddable":true,"href":"https:\/\/www.klarairosa.com\/hu\/wp-json\/wp\/v2\/media\/19523"}],"wp:attachment":[{"href":"https:\/\/www.klarairosa.com\/hu\/wp-json\/wp\/v2\/media?parent=20238"}],"wp:term":[{"taxonomy":"category","embeddable":true,"href":"https:\/\/www.klarairosa.com\/hu\/wp-json\/wp\/v2\/categories?post=20238"},{"taxonomy":"post_tag","embeddable":true,"href":"https:\/\/www.klarairosa.com\/hu\/wp-json\/wp\/v2\/tags?post=20238"}],"curies":[{"name":"wp","href":"https:\/\/api.w.org\/{rel}","templated":true}]}}