{"id":20135,"date":"2023-10-10T05:39:32","date_gmt":"2023-10-10T05:39:32","guid":{"rendered":"https:\/\/www.klarairosa.com\/?p=20135"},"modified":"2023-10-10T06:09:17","modified_gmt":"2023-10-10T06:09:17","slug":"filmski-cetvrtak-kinoklub-zagreb","status":"publish","type":"post","link":"https:\/\/www.klarairosa.com\/hu\/filmski-cetvrtak-kinoklub-zagreb\/","title":{"rendered":"FILM CS\u00dcT\u00d6RT\u00d6K: KINOKLUB Z\u00c1GR\u00c1B"},"content":{"rendered":"<p dir=\"ltr\"><strong>Okt\u00f3ber 12-\u00e9n, cs\u00fct\u00f6rt\u00f6k\u00f6n a \u201eKl\u00e1ra \u00e9s Rosa\u201d-ba (Petefi S\u00e1ndor 15.) 19 \u00f3rai kezdettel a\nKinoklub Z\u00e1gr\u00e1b filmjeit n\u00e9zz\u00fck.<\/strong><\/p>\n<p dir=\"ltr\">.<\/p>\n<p dir=\"ltr\">A program:<\/p>\n<p dir=\"ltr\" style=\"text-align: justify;\">Anita \u010ceko: Joghurt, ban\u00e1n, k\u00e9t k\u00e9tszers\u00fclt 8&#039;20&#039;&#039;<\/p>\n<p dir=\"ltr\" style=\"text-align: justify;\">Sun\u010dica Ana Veldi\u0107: A seb\u00e9sz 1&#039;32&#039;&#039;<\/p>\n<p dir=\"ltr\" style=\"text-align: justify;\">Dalija Dozet: Hogyan besz\u00e9lj\u00fcnk any\u00e1val 11&#039;11&#039;&#039;<\/p>\n<p dir=\"ltr\" style=\"text-align: justify;\">Mia Martinovi\u0107: Gy\u0171jt\u0151k 09&#039;49&#039;&#039;<\/p>\n<p dir=\"ltr\" style=\"text-align: justify;\">Miro Manojlovi\u0107: Show Girls 3&#039;49&#039;&#039;<\/p>\n<p dir=\"ltr\" style=\"text-align: justify;\">Mateja Zidari\u0107: Plej\u00e1dok 12&#039;07&#039;&#039;<\/p>\n<p dir=\"ltr\" style=\"text-align: justify;\">Filip Zadro: Kedves Filip 7&#039;21&#039;&#039;<\/p>\n<p dir=\"ltr\" style=\"text-align: justify;\">Martina Lon\u010dar: Az \u00e9letemben minden k\u00e9s\u0151n j\u00f6tt 8\u201903\u2019\u2019<\/p>\n<p dir=\"ltr\" style=\"text-align: justify;\">Nikola Ka\u0161i\u0107: Agg\u00f3dunk magunk\u00e9rt 2&#039;17&#039;&#039;<\/p>\n<div style=\"text-align: justify;\">.<\/div>\n<p dir=\"ltr\" style=\"text-align: justify;\">Teljes id\u0151tartam: 64&#039;48&quot;<\/p>\n<p style=\"text-align: justify;\">.<\/p>\n<p dir=\"ltr\" style=\"text-align: justify;\">A kiv\u00e1lasztott filmek a Kinoklub Z\u00e1gr\u00e1b bej\u00e1ratott szerz\u0151it k\u00e9pviselik n\u00e9h\u00e1ny \u00faj klubn\u00e9v\nmellett. Kiv\u00e9teles kreativit\u00e1s, er\u0151s szerz\u0151i attit\u0171d \u00e9s a filmk\u00e9sz\u00edt\u00e9s folytonoss\u00e1ga k\u00f6ti \u00f6ssze \u0151ket. Ebben a kis v\u00e1logat\u00e1sban a Kinoklub szerz\u0151i k\u00f6z\u00f6tt jelenleg igen akt\u00edv \u00e9s gyakran haszn\u00e1lt filmes form\u00e1kat, k\u00eds\u00e9rleti filmeket \u00e9s filmessz\u00e9ket tekint\u00fcnk meg. A filmessz\u00e9 hibrid form\u00e1ja ny\u00edltan k\u00f6t\u0151dik a filmes m\u0171fajokhoz, szabadon alkalmazza a k\u00fcl\u00f6nb\u00f6z\u0151 filmes anyagokat \u00e9s technik\u00e1kat, jellemz\u0151je a szerz\u0151 szem\u00e9lyes attit\u0171dj\u00e9nek kifejez\u00e9se a t\u00e9m\u00e1val kapcsolatban. B\u00e1r id\u0151tartamuk korl\u00e1tozott, a filmtartalom \u00e9s kifejez\u00e9sek min\u0151s\u00e9ge \u00e9s v\u00e1ltozatoss\u00e1ga megfelel\u0151en reprezent\u00e1lja a szerz\u0151i klubfilmeket. Sajnos nem minden szerz\u0151i film f\u00e9rt bele a vet\u00edt\u00e9sbe, amit a szabadkai k\u00f6z\u00f6ns\u00e9gnek j\u00f3 lenne bemutatni, ez\u00e9rt rem\u00e9nyked\u00fcnk egy \u00fajabb filmes \u00f6sszej\u00f6vetelben.<\/p>\n<p style=\"text-align: justify;\">.<\/p>\n<p dir=\"ltr\" style=\"text-align: justify;\">A Kinoklub Z\u00e1gr\u00e1b 1928-ban alakult a Photo Club Zagreb mozi szekci\u00f3jak\u00e9nt, ami D\u00e9lkelet-\nEur\u00f3pa legr\u00e9gebbi filmamat\u0151r klubj\u00e1v\u00e1 \u00e9s a r\u00f6vidfilmek legterm\u00e9kenyebb horv\u00e1torsz\u00e1gi\ngy\u00e1rt\u00f3h\u00e1z\u00e1v\u00e1 teszi. A Kinoklub Z\u00e1gr\u00e1b ma amat\u0151r filmes platformk\u00e9nt m\u0171k\u00f6dik, amely\nt\u00e1mogatja a teljes szerz\u0151i szabads\u00e1got, \u00e9s a filmes ismeretek \u00e9s eszk\u00f6z\u00f6k ingyenes\nhozz\u00e1f\u00e9r\u00e9s\u00e9vel minden \u00e9rdekl\u0151d\u0151 \u00e1llampolg\u00e1r sz\u00e1m\u00e1ra lehet\u0151v\u00e9 teszi a filmez\u00e9st.\nB\u0151vebben: www.kkz.hr\u00a0<a href=\"http:\/\/www.kkz.hr\/\" target=\"_blank\" rel=\"noopener noreferrer\" data-saferedirecturl=\"https:\/\/www.google.com\/url?q=http:\/\/www.kkz.hr&amp;source=gmail&amp;ust=1697001903121000&amp;usg=AOvVaw05PWiZpvPUU5Wly0WY-S8j\">www.kkz.hr<\/a><\/p>\n<p style=\"text-align: justify;\">.<\/p>\n<p dir=\"ltr\" style=\"text-align: justify;\">A vet\u00edt\u00e9sre sz\u00e1nt filmeket Lana Kosovac filmrendez\u0151 \u00e9s forgat\u00f3k\u00f6nyv\u00edr\u00f3, a Kinoklub Z\u00e1gr\u00e1b\nigazgat\u00f3s\u00e1gi tagja \u00e9s a Kinoklub Z\u00e1gr\u00e1b Filmiskola oktat\u00f3ja v\u00e1lasztotta ki.<\/p>","protected":false},"excerpt":{"rendered":"<p>U \u010detvrtak, 12. oktobra, u prostorijama Klare i Rose (Petefi \u0160andora 15) sa po\u010detkom u&#8230;<\/p>","protected":false},"author":1,"featured_media":20136,"comment_status":"closed","ping_status":"closed","sticky":false,"template":"","format":"standard","meta":{"content-type":"","inline_featured_image":false,"footnotes":""},"categories":[109],"tags":[121,128,228,124,229,152,86],"class_list":["post-20135","post","type-post","status-publish","format-standard","has-post-thumbnail","hentry","category-aktuelno","tag-121","tag-film","tag-kinoklub","tag-klara-i-rosa","tag-lana-kosovac","tag-subotica","tag-zagreb"],"yoast_head":"<!-- This site is optimized with the Yoast SEO plugin v27.5 - https:\/\/yoast.com\/product\/yoast-seo-wordpress\/ -->\n<title>Filmski \u010detvrtak: Kinoklub Zagreb - Klara i Rosa<\/title>\n<meta name=\"robots\" content=\"index, follow, max-snippet:-1, max-image-preview:large, max-video-preview:-1\" \/>\n<link rel=\"canonical\" href=\"https:\/\/www.klarairosa.com\/hu\/filmski-cetvrtak-kinoklub-zagreb\/\" \/>\n<meta property=\"og:locale\" content=\"hu_HU\" \/>\n<meta property=\"og:type\" content=\"article\" \/>\n<meta property=\"og:title\" content=\"Filmski \u010detvrtak: Kinoklub Zagreb - Klara i Rosa\" \/>\n<meta property=\"og:description\" content=\"U \u010detvrtak, 12. oktobra, u prostorijama Klare i Rose (Petefi \u0160andora 15) sa po\u010detkom u...\" \/>\n<meta property=\"og:url\" content=\"https:\/\/www.klarairosa.com\/hu\/filmski-cetvrtak-kinoklub-zagreb\/\" \/>\n<meta property=\"og:site_name\" content=\"Klara i Rosa\" \/>\n<meta property=\"article:publisher\" content=\"https:\/\/www.facebook.com\/klarairosa\/\" \/>\n<meta property=\"article:published_time\" content=\"2023-10-10T05:39:32+00:00\" \/>\n<meta property=\"article:modified_time\" content=\"2023-10-10T06:09:17+00:00\" \/>\n<meta property=\"og:image\" content=\"https:\/\/www.klarairosa.com\/wp-content\/uploads\/2023\/10\/Sakupljaci_Mia-Martinovic.png\" \/>\n\t<meta property=\"og:image:width\" content=\"1920\" \/>\n\t<meta property=\"og:image:height\" content=\"1080\" \/>\n\t<meta property=\"og:image:type\" content=\"image\/png\" \/>\n<meta name=\"author\" content=\"Klara i Rosa\" \/>\n<meta name=\"twitter:card\" content=\"summary_large_image\" \/>\n<meta name=\"twitter:label1\" content=\"Szerz\u0151:\" \/>\n\t<meta name=\"twitter:data1\" content=\"Klara i Rosa\" \/>\n\t<meta name=\"twitter:label2\" content=\"Becs\u00fclt olvas\u00e1si id\u0151\" \/>\n\t<meta name=\"twitter:data2\" content=\"2 perc\" \/>\n<script type=\"application\/ld+json\" class=\"yoast-schema-graph\">{\"@context\":\"https:\\\/\\\/schema.org\",\"@graph\":[{\"@type\":\"Article\",\"@id\":\"https:\\\/\\\/www.klarairosa.com\\\/filmski-cetvrtak-kinoklub-zagreb\\\/#article\",\"isPartOf\":{\"@id\":\"https:\\\/\\\/www.klarairosa.com\\\/filmski-cetvrtak-kinoklub-zagreb\\\/\"},\"author\":{\"name\":\"Klara i Rosa\",\"@id\":\"https:\\\/\\\/www.klarairosa.com\\\/en\\\/#\\\/schema\\\/person\\\/e4e7e9e5c8eeeddccf61e4532ae8e6ed\"},\"headline\":\"Filmski \u010detvrtak: Kinoklub Zagreb\",\"datePublished\":\"2023-10-10T05:39:32+00:00\",\"dateModified\":\"2023-10-10T06:09:17+00:00\",\"mainEntityOfPage\":{\"@id\":\"https:\\\/\\\/www.klarairosa.com\\\/filmski-cetvrtak-kinoklub-zagreb\\\/\"},\"wordCount\":314,\"publisher\":{\"@id\":\"https:\\\/\\\/www.klarairosa.com\\\/en\\\/#organization\"},\"image\":{\"@id\":\"https:\\\/\\\/www.klarairosa.com\\\/filmski-cetvrtak-kinoklub-zagreb\\\/#primaryimage\"},\"thumbnailUrl\":\"https:\\\/\\\/www.klarairosa.com\\\/wp-content\\\/uploads\\\/2023\\\/10\\\/Sakupljaci_Mia-Martinovic.png\",\"keywords\":[\"2023\",\"film\",\"kinoklub\",\"Klara i Rosa\",\"lana kosovac\",\"subotica\",\"Zagreb\"],\"articleSection\":[\"Aktuelno\"],\"inLanguage\":\"hu\"},{\"@type\":\"WebPage\",\"@id\":\"https:\\\/\\\/www.klarairosa.com\\\/filmski-cetvrtak-kinoklub-zagreb\\\/\",\"url\":\"https:\\\/\\\/www.klarairosa.com\\\/filmski-cetvrtak-kinoklub-zagreb\\\/\",\"name\":\"Filmski \u010detvrtak: Kinoklub Zagreb - Klara i Rosa\",\"isPartOf\":{\"@id\":\"https:\\\/\\\/www.klarairosa.com\\\/en\\\/#website\"},\"primaryImageOfPage\":{\"@id\":\"https:\\\/\\\/www.klarairosa.com\\\/filmski-cetvrtak-kinoklub-zagreb\\\/#primaryimage\"},\"image\":{\"@id\":\"https:\\\/\\\/www.klarairosa.com\\\/filmski-cetvrtak-kinoklub-zagreb\\\/#primaryimage\"},\"thumbnailUrl\":\"https:\\\/\\\/www.klarairosa.com\\\/wp-content\\\/uploads\\\/2023\\\/10\\\/Sakupljaci_Mia-Martinovic.png\",\"datePublished\":\"2023-10-10T05:39:32+00:00\",\"dateModified\":\"2023-10-10T06:09:17+00:00\",\"breadcrumb\":{\"@id\":\"https:\\\/\\\/www.klarairosa.com\\\/filmski-cetvrtak-kinoklub-zagreb\\\/#breadcrumb\"},\"inLanguage\":\"hu\",\"potentialAction\":[{\"@type\":\"ReadAction\",\"target\":[\"https:\\\/\\\/www.klarairosa.com\\\/filmski-cetvrtak-kinoklub-zagreb\\\/\"]}]},{\"@type\":\"ImageObject\",\"inLanguage\":\"hu\",\"@id\":\"https:\\\/\\\/www.klarairosa.com\\\/filmski-cetvrtak-kinoklub-zagreb\\\/#primaryimage\",\"url\":\"https:\\\/\\\/www.klarairosa.com\\\/wp-content\\\/uploads\\\/2023\\\/10\\\/Sakupljaci_Mia-Martinovic.png\",\"contentUrl\":\"https:\\\/\\\/www.klarairosa.com\\\/wp-content\\\/uploads\\\/2023\\\/10\\\/Sakupljaci_Mia-Martinovic.png\",\"width\":1920,\"height\":1080},{\"@type\":\"BreadcrumbList\",\"@id\":\"https:\\\/\\\/www.klarairosa.com\\\/filmski-cetvrtak-kinoklub-zagreb\\\/#breadcrumb\",\"itemListElement\":[{\"@type\":\"ListItem\",\"position\":1,\"name\":\"Home\",\"item\":\"https:\\\/\\\/www.klarairosa.com\\\/\"},{\"@type\":\"ListItem\",\"position\":2,\"name\":\"Filmski \u010detvrtak: Kinoklub Zagreb\"}]},{\"@type\":\"WebSite\",\"@id\":\"https:\\\/\\\/www.klarairosa.com\\\/en\\\/#website\",\"url\":\"https:\\\/\\\/www.klarairosa.com\\\/en\\\/\",\"name\":\"Klara i Rosa\",\"description\":\"Klara i Rosa\",\"publisher\":{\"@id\":\"https:\\\/\\\/www.klarairosa.com\\\/en\\\/#organization\"},\"potentialAction\":[{\"@type\":\"SearchAction\",\"target\":{\"@type\":\"EntryPoint\",\"urlTemplate\":\"https:\\\/\\\/www.klarairosa.com\\\/en\\\/?s={search_term_string}\"},\"query-input\":{\"@type\":\"PropertyValueSpecification\",\"valueRequired\":true,\"valueName\":\"search_term_string\"}}],\"inLanguage\":\"hu\"},{\"@type\":\"Organization\",\"@id\":\"https:\\\/\\\/www.klarairosa.com\\\/en\\\/#organization\",\"name\":\"Klara i Rosa\",\"url\":\"https:\\\/\\\/www.klarairosa.com\\\/en\\\/\",\"logo\":{\"@type\":\"ImageObject\",\"inLanguage\":\"hu\",\"@id\":\"https:\\\/\\\/www.klarairosa.com\\\/en\\\/#\\\/schema\\\/logo\\\/image\\\/\",\"url\":\"https:\\\/\\\/www.klarairosa.com\\\/wp-content\\\/uploads\\\/2022\\\/01\\\/logo.svg\",\"contentUrl\":\"https:\\\/\\\/www.klarairosa.com\\\/wp-content\\\/uploads\\\/2022\\\/01\\\/logo.svg\",\"width\":110,\"height\":139,\"caption\":\"Klara i Rosa\"},\"image\":{\"@id\":\"https:\\\/\\\/www.klarairosa.com\\\/en\\\/#\\\/schema\\\/logo\\\/image\\\/\"},\"sameAs\":[\"https:\\\/\\\/www.facebook.com\\\/klarairosa\\\/\",\"https:\\\/\\\/www.instagram.com\\\/ugklarairosa\\\/\"]},{\"@type\":\"Person\",\"@id\":\"https:\\\/\\\/www.klarairosa.com\\\/en\\\/#\\\/schema\\\/person\\\/e4e7e9e5c8eeeddccf61e4532ae8e6ed\",\"name\":\"Klara i Rosa\",\"image\":{\"@type\":\"ImageObject\",\"inLanguage\":\"hu\",\"@id\":\"https:\\\/\\\/secure.gravatar.com\\\/avatar\\\/c83ee539a067b9f57ae5d8999ae286c4f98b5c4bd943b8cbb64f6b0fc1f29e40?s=96&d=mm&r=g\",\"url\":\"https:\\\/\\\/secure.gravatar.com\\\/avatar\\\/c83ee539a067b9f57ae5d8999ae286c4f98b5c4bd943b8cbb64f6b0fc1f29e40?s=96&d=mm&r=g\",\"contentUrl\":\"https:\\\/\\\/secure.gravatar.com\\\/avatar\\\/c83ee539a067b9f57ae5d8999ae286c4f98b5c4bd943b8cbb64f6b0fc1f29e40?s=96&d=mm&r=g\",\"caption\":\"Klara i Rosa\"},\"sameAs\":[\"https:\\\/\\\/klarairosa.com\"],\"url\":\"https:\\\/\\\/www.klarairosa.com\\\/hu\\\/author\\\/rosaiklara\\\/\"}]}<\/script>\n<!-- \/ Yoast SEO plugin. -->","yoast_head_json":{"title":"Filmski \u010detvrtak: Kinoklub Zagreb - Klara i Rosa","robots":{"index":"index","follow":"follow","max-snippet":"max-snippet:-1","max-image-preview":"max-image-preview:large","max-video-preview":"max-video-preview:-1"},"canonical":"https:\/\/www.klarairosa.com\/hu\/filmski-cetvrtak-kinoklub-zagreb\/","og_locale":"hu_HU","og_type":"article","og_title":"Filmski \u010detvrtak: Kinoklub Zagreb - Klara i Rosa","og_description":"U \u010detvrtak, 12. oktobra, u prostorijama Klare i Rose (Petefi \u0160andora 15) sa po\u010detkom u...","og_url":"https:\/\/www.klarairosa.com\/hu\/filmski-cetvrtak-kinoklub-zagreb\/","og_site_name":"Klara i Rosa","article_publisher":"https:\/\/www.facebook.com\/klarairosa\/","article_published_time":"2023-10-10T05:39:32+00:00","article_modified_time":"2023-10-10T06:09:17+00:00","og_image":[{"width":1920,"height":1080,"url":"https:\/\/www.klarairosa.com\/wp-content\/uploads\/2023\/10\/Sakupljaci_Mia-Martinovic.png","type":"image\/png"}],"author":"Klara i Rosa","twitter_card":"summary_large_image","twitter_misc":{"Szerz\u0151:":"Klara i Rosa","Becs\u00fclt olvas\u00e1si id\u0151":"2 perc"},"schema":{"@context":"https:\/\/schema.org","@graph":[{"@type":"Article","@id":"https:\/\/www.klarairosa.com\/filmski-cetvrtak-kinoklub-zagreb\/#article","isPartOf":{"@id":"https:\/\/www.klarairosa.com\/filmski-cetvrtak-kinoklub-zagreb\/"},"author":{"name":"Klara i Rosa","@id":"https:\/\/www.klarairosa.com\/en\/#\/schema\/person\/e4e7e9e5c8eeeddccf61e4532ae8e6ed"},"headline":"Filmski \u010detvrtak: Kinoklub Zagreb","datePublished":"2023-10-10T05:39:32+00:00","dateModified":"2023-10-10T06:09:17+00:00","mainEntityOfPage":{"@id":"https:\/\/www.klarairosa.com\/filmski-cetvrtak-kinoklub-zagreb\/"},"wordCount":314,"publisher":{"@id":"https:\/\/www.klarairosa.com\/en\/#organization"},"image":{"@id":"https:\/\/www.klarairosa.com\/filmski-cetvrtak-kinoklub-zagreb\/#primaryimage"},"thumbnailUrl":"https:\/\/www.klarairosa.com\/wp-content\/uploads\/2023\/10\/Sakupljaci_Mia-Martinovic.png","keywords":["2023","film","kinoklub","Klara i Rosa","lana kosovac","subotica","Zagreb"],"articleSection":["Aktuelno"],"inLanguage":"hu"},{"@type":"WebPage","@id":"https:\/\/www.klarairosa.com\/filmski-cetvrtak-kinoklub-zagreb\/","url":"https:\/\/www.klarairosa.com\/filmski-cetvrtak-kinoklub-zagreb\/","name":"Filmski \u010detvrtak: Kinoklub Zagreb - Klara i Rosa","isPartOf":{"@id":"https:\/\/www.klarairosa.com\/en\/#website"},"primaryImageOfPage":{"@id":"https:\/\/www.klarairosa.com\/filmski-cetvrtak-kinoklub-zagreb\/#primaryimage"},"image":{"@id":"https:\/\/www.klarairosa.com\/filmski-cetvrtak-kinoklub-zagreb\/#primaryimage"},"thumbnailUrl":"https:\/\/www.klarairosa.com\/wp-content\/uploads\/2023\/10\/Sakupljaci_Mia-Martinovic.png","datePublished":"2023-10-10T05:39:32+00:00","dateModified":"2023-10-10T06:09:17+00:00","breadcrumb":{"@id":"https:\/\/www.klarairosa.com\/filmski-cetvrtak-kinoklub-zagreb\/#breadcrumb"},"inLanguage":"hu","potentialAction":[{"@type":"ReadAction","target":["https:\/\/www.klarairosa.com\/filmski-cetvrtak-kinoklub-zagreb\/"]}]},{"@type":"ImageObject","inLanguage":"hu","@id":"https:\/\/www.klarairosa.com\/filmski-cetvrtak-kinoklub-zagreb\/#primaryimage","url":"https:\/\/www.klarairosa.com\/wp-content\/uploads\/2023\/10\/Sakupljaci_Mia-Martinovic.png","contentUrl":"https:\/\/www.klarairosa.com\/wp-content\/uploads\/2023\/10\/Sakupljaci_Mia-Martinovic.png","width":1920,"height":1080},{"@type":"BreadcrumbList","@id":"https:\/\/www.klarairosa.com\/filmski-cetvrtak-kinoklub-zagreb\/#breadcrumb","itemListElement":[{"@type":"ListItem","position":1,"name":"Home","item":"https:\/\/www.klarairosa.com\/"},{"@type":"ListItem","position":2,"name":"Filmski \u010detvrtak: Kinoklub Zagreb"}]},{"@type":"WebSite","@id":"https:\/\/www.klarairosa.com\/en\/#website","url":"https:\/\/www.klarairosa.com\/en\/","name":"Kl\u00e1ra \u00e9s Rosa Egyes\u00fclet","description":"Kl\u00e1ra \u00e9s Rosa Egyes\u00fclet","publisher":{"@id":"https:\/\/www.klarairosa.com\/en\/#organization"},"potentialAction":[{"@type":"SearchAction","target":{"@type":"EntryPoint","urlTemplate":"https:\/\/www.klarairosa.com\/en\/?s={search_term_string}"},"query-input":{"@type":"PropertyValueSpecification","valueRequired":true,"valueName":"search_term_string"}}],"inLanguage":"hu"},{"@type":"Organization","@id":"https:\/\/www.klarairosa.com\/en\/#organization","name":"Kl\u00e1ra \u00e9s Rosa Egyes\u00fclet","url":"https:\/\/www.klarairosa.com\/en\/","logo":{"@type":"ImageObject","inLanguage":"hu","@id":"https:\/\/www.klarairosa.com\/en\/#\/schema\/logo\/image\/","url":"https:\/\/www.klarairosa.com\/wp-content\/uploads\/2022\/01\/logo.svg","contentUrl":"https:\/\/www.klarairosa.com\/wp-content\/uploads\/2022\/01\/logo.svg","width":110,"height":139,"caption":"Klara i Rosa"},"image":{"@id":"https:\/\/www.klarairosa.com\/en\/#\/schema\/logo\/image\/"},"sameAs":["https:\/\/www.facebook.com\/klarairosa\/","https:\/\/www.instagram.com\/ugklarairosa\/"]},{"@type":"Person","@id":"https:\/\/www.klarairosa.com\/en\/#\/schema\/person\/e4e7e9e5c8eeeddccf61e4532ae8e6ed","name":"Kl\u00e1ra \u00e9s Rosa Egyes\u00fclet","image":{"@type":"ImageObject","inLanguage":"hu","@id":"https:\/\/secure.gravatar.com\/avatar\/c83ee539a067b9f57ae5d8999ae286c4f98b5c4bd943b8cbb64f6b0fc1f29e40?s=96&d=mm&r=g","url":"https:\/\/secure.gravatar.com\/avatar\/c83ee539a067b9f57ae5d8999ae286c4f98b5c4bd943b8cbb64f6b0fc1f29e40?s=96&d=mm&r=g","contentUrl":"https:\/\/secure.gravatar.com\/avatar\/c83ee539a067b9f57ae5d8999ae286c4f98b5c4bd943b8cbb64f6b0fc1f29e40?s=96&d=mm&r=g","caption":"Klara i Rosa"},"sameAs":["https:\/\/klarairosa.com"],"url":"https:\/\/www.klarairosa.com\/hu\/author\/rosaiklara\/"}]}},"_links":{"self":[{"href":"https:\/\/www.klarairosa.com\/hu\/wp-json\/wp\/v2\/posts\/20135","targetHints":{"allow":["GET"]}}],"collection":[{"href":"https:\/\/www.klarairosa.com\/hu\/wp-json\/wp\/v2\/posts"}],"about":[{"href":"https:\/\/www.klarairosa.com\/hu\/wp-json\/wp\/v2\/types\/post"}],"author":[{"embeddable":true,"href":"https:\/\/www.klarairosa.com\/hu\/wp-json\/wp\/v2\/users\/1"}],"replies":[{"embeddable":true,"href":"https:\/\/www.klarairosa.com\/hu\/wp-json\/wp\/v2\/comments?post=20135"}],"version-history":[{"count":2,"href":"https:\/\/www.klarairosa.com\/hu\/wp-json\/wp\/v2\/posts\/20135\/revisions"}],"predecessor-version":[{"id":20170,"href":"https:\/\/www.klarairosa.com\/hu\/wp-json\/wp\/v2\/posts\/20135\/revisions\/20170"}],"wp:featuredmedia":[{"embeddable":true,"href":"https:\/\/www.klarairosa.com\/hu\/wp-json\/wp\/v2\/media\/20136"}],"wp:attachment":[{"href":"https:\/\/www.klarairosa.com\/hu\/wp-json\/wp\/v2\/media?parent=20135"}],"wp:term":[{"taxonomy":"category","embeddable":true,"href":"https:\/\/www.klarairosa.com\/hu\/wp-json\/wp\/v2\/categories?post=20135"},{"taxonomy":"post_tag","embeddable":true,"href":"https:\/\/www.klarairosa.com\/hu\/wp-json\/wp\/v2\/tags?post=20135"}],"curies":[{"name":"wp","href":"https:\/\/api.w.org\/{rel}","templated":true}]}}