{"id":19948,"date":"2023-09-19T10:28:55","date_gmt":"2023-09-19T10:28:55","guid":{"rendered":"https:\/\/www.klarairosa.com\/?p=19948"},"modified":"2023-09-23T19:25:54","modified_gmt":"2023-09-23T19:25:54","slug":"likovni-klub","status":"publish","type":"post","link":"https:\/\/www.klarairosa.com\/hu\/likovni-klub\/","title":{"rendered":"RAJZKLUB"},"content":{"rendered":"<p style=\"text-align: justify;\" class=\" translation-block\">2023. okt\u00f3ber 1-j\u00e9n, vas\u00e1rnap 17.00-19.00 \u00f3r\u00e1ig a Kl\u00e1ra i Ros\u00e1ban (Petefi S\u00e1ndor 15.) m\u0171v\u00e9szeti workshopot tartanak feln\u0151tteknek.<\/p>\n<p style=\"text-align: justify;\">.<\/p>\n<p style=\"text-align: justify;\"><strong>Jelentkez\u00e9s \u00e9s inform\u00e1ci\u00f3 telefonon: 064\/26 16 403.<\/strong><\/p>\n<p style=\"text-align: justify;\" class=\" translation-block\">A workshopokat Kukli \u0160\u0107eki\u0107 Tijana diplom\u00e1s keramikusm\u0171v\u00e9sz \u00e9s m\u0171v\u00e9sztan\u00e1r vezeti.\n\u00cdgy keresd a Facebook-on: Likovni klubi\u0107 \u2013 Rajzklubocska.\nA workshopon val\u00f3 r\u00e9szv\u00e9tel 800 din\u00e1r.<\/p>\n<p style=\"text-align: justify;\">.<br \/>\nA Rajzklub(ocska) az a hely, ahol \u00f6sszegy\u0171l\u00fcnk, hogy megtapasztaljuk a k\u00f6z\u00f6s alkot\u00e1s var\u00e1zs\u00e1t. C\u00e9lunk nem a verseng\u00e9s, a siker \u00e9s elismer\u00e9s kerget\u00e9se, hanem a vizu\u00e1lis m\u0171v\u00e9szetek ir\u00e1nti szeretet meg\u00e9l\u00e9se. A foglalkoz\u00e1sok sor\u00e1n rajzokat, festm\u00e9nyeket, grafik\u00e1kat, szobrokat alkotunk, min\u0151s\u00e9gi anyagokb\u00f3l (ker\u00e1mia, textil \u00e9s pap\u00edr) haszn\u00e1lati t\u00e1rgyakat k\u00e9sz\u00edt\u00fcnk. A kreativit\u00e1s minden alkalommal izgalmat, \u00e9lvezetet, sz\u00e9ps\u00e9get, j\u00e1t\u00e9kot \u00e9s t\u00e1rsas\u00e1gi \u00e9lm\u00e9nyt ny\u00fajt, mindek\u00f6zben er\u0151s\u00edti az \u00f6nbizalmat, ami b\u00e1trabb\u00e1 \u00e9s mer\u00e9szebb\u00e9 tesz benn\u00fcnket. Az alkot\u00e1s sor\u00e1n megismerj\u00fck \u00f6nmagunkat, gondolatainkat, elk\u00e9pzel\u00e9seinket, \u00e9rz\u00e9seinket, de seg\u00edt meg\u00e9rteni \u00e9s elfogadni m\u00e1sokat is. A m\u0171v\u00e9szi \u00f6nkifejez\u00e9s sor\u00e1n megtanulunk kreat\u00edvan gondolkodni ez\u00e1ltal megalkotni saj\u00e1t elk\u00e9pzel\u00e9seinket.<\/p>\n<p style=\"text-align: justify;\">.<br \/>\nA Rajzklubocska 2016-ban alakult Magyarkanizs\u00e1n. 2017-ben, a k\u00e9pz\u0151- \u00e9s iparm\u0171v\u00e9szet rajong\u00f3k kezdem\u00e9nyez\u00e9s\u00e9re, elindult a feln\u0151tteknek sz\u00f3l\u00f3 m\u0171helymunka is. A workshopok kis l\u00e9tsz\u00e1m\u00fa csoportokkal m\u0171k\u00f6dik, az elm\u00e9ly\u00fclt min\u0151s\u00e9gi alkot\u00e1s \u00e9rdek\u00e9ben. 2017-ben, a k\u00e9pz\u0151- \u00e9s iparm\u0171v\u00e9szet rajong\u00f3k kezdem\u00e9nyez\u00e9s\u00e9re, elindult a feln\u0151tteknek sz\u00f3l\u00f3 m\u0171helymunka is .<\/p>","protected":false},"excerpt":{"rendered":"<p>U nedelju, 1. oktobra 2023. godine od 17:00 do 19:00 \u010dasova u prostoru Udru\u017eenja Klara&#8230;<\/p>","protected":false},"author":1,"featured_media":19949,"comment_status":"closed","ping_status":"closed","sticky":false,"template":"","format":"standard","meta":{"content-type":"","inline_featured_image":false,"footnotes":""},"categories":[109],"tags":[121,18,215,152,216,133],"class_list":["post-19948","post","type-post","status-publish","format-standard","has-post-thumbnail","hentry","category-aktuelno","tag-121","tag-art","tag-likovni-klub","tag-subotica","tag-tijana-kukli-scekic","tag-workshop"],"yoast_head":"<!-- This site is optimized with the Yoast SEO plugin v27.5 - https:\/\/yoast.com\/product\/yoast-seo-wordpress\/ -->\n<title>Likovni Klub - Klara i Rosa<\/title>\n<meta name=\"robots\" content=\"index, follow, max-snippet:-1, max-image-preview:large, max-video-preview:-1\" \/>\n<link rel=\"canonical\" href=\"https:\/\/www.klarairosa.com\/hu\/likovni-klub\/\" \/>\n<meta property=\"og:locale\" content=\"hu_HU\" \/>\n<meta property=\"og:type\" content=\"article\" \/>\n<meta property=\"og:title\" content=\"Likovni Klub - Klara i Rosa\" \/>\n<meta property=\"og:description\" content=\"U nedelju, 1. oktobra 2023. godine od 17:00 do 19:00 \u010dasova u prostoru Udru\u017eenja Klara...\" \/>\n<meta property=\"og:url\" content=\"https:\/\/www.klarairosa.com\/hu\/likovni-klub\/\" \/>\n<meta property=\"og:site_name\" content=\"Klara i Rosa\" \/>\n<meta property=\"article:publisher\" content=\"https:\/\/www.facebook.com\/klarairosa\/\" \/>\n<meta property=\"article:published_time\" content=\"2023-09-19T10:28:55+00:00\" \/>\n<meta property=\"article:modified_time\" content=\"2023-09-23T19:25:54+00:00\" \/>\n<meta property=\"og:image\" content=\"https:\/\/www.klarairosa.com\/wp-content\/uploads\/2023\/09\/craft-art-colorful-creative.jpg\" \/>\n\t<meta property=\"og:image:width\" content=\"910\" \/>\n\t<meta property=\"og:image:height\" content=\"606\" \/>\n\t<meta property=\"og:image:type\" content=\"image\/jpeg\" \/>\n<meta name=\"author\" content=\"Klara i Rosa\" \/>\n<meta name=\"twitter:card\" content=\"summary_large_image\" \/>\n<meta name=\"twitter:label1\" content=\"Szerz\u0151:\" \/>\n\t<meta name=\"twitter:data1\" content=\"Klara i Rosa\" \/>\n\t<meta name=\"twitter:label2\" content=\"Becs\u00fclt olvas\u00e1si id\u0151\" \/>\n\t<meta name=\"twitter:data2\" content=\"1 perc\" \/>\n<script type=\"application\/ld+json\" class=\"yoast-schema-graph\">{\"@context\":\"https:\\\/\\\/schema.org\",\"@graph\":[{\"@type\":\"Article\",\"@id\":\"https:\\\/\\\/www.klarairosa.com\\\/likovni-klub\\\/#article\",\"isPartOf\":{\"@id\":\"https:\\\/\\\/www.klarairosa.com\\\/likovni-klub\\\/\"},\"author\":{\"name\":\"Klara i Rosa\",\"@id\":\"https:\\\/\\\/www.klarairosa.com\\\/en\\\/#\\\/schema\\\/person\\\/e4e7e9e5c8eeeddccf61e4532ae8e6ed\"},\"headline\":\"Likovni Klub\",\"datePublished\":\"2023-09-19T10:28:55+00:00\",\"dateModified\":\"2023-09-23T19:25:54+00:00\",\"mainEntityOfPage\":{\"@id\":\"https:\\\/\\\/www.klarairosa.com\\\/likovni-klub\\\/\"},\"wordCount\":222,\"publisher\":{\"@id\":\"https:\\\/\\\/www.klarairosa.com\\\/en\\\/#organization\"},\"image\":{\"@id\":\"https:\\\/\\\/www.klarairosa.com\\\/likovni-klub\\\/#primaryimage\"},\"thumbnailUrl\":\"https:\\\/\\\/www.klarairosa.com\\\/wp-content\\\/uploads\\\/2023\\\/09\\\/craft-art-colorful-creative.jpg\",\"keywords\":[\"2023\",\"Art\",\"likovni klub\",\"subotica\",\"Tijana Kukli Scekic\",\"workshop\"],\"articleSection\":[\"Aktuelno\"],\"inLanguage\":\"hu\"},{\"@type\":\"WebPage\",\"@id\":\"https:\\\/\\\/www.klarairosa.com\\\/likovni-klub\\\/\",\"url\":\"https:\\\/\\\/www.klarairosa.com\\\/likovni-klub\\\/\",\"name\":\"Likovni Klub - Klara i Rosa\",\"isPartOf\":{\"@id\":\"https:\\\/\\\/www.klarairosa.com\\\/en\\\/#website\"},\"primaryImageOfPage\":{\"@id\":\"https:\\\/\\\/www.klarairosa.com\\\/likovni-klub\\\/#primaryimage\"},\"image\":{\"@id\":\"https:\\\/\\\/www.klarairosa.com\\\/likovni-klub\\\/#primaryimage\"},\"thumbnailUrl\":\"https:\\\/\\\/www.klarairosa.com\\\/wp-content\\\/uploads\\\/2023\\\/09\\\/craft-art-colorful-creative.jpg\",\"datePublished\":\"2023-09-19T10:28:55+00:00\",\"dateModified\":\"2023-09-23T19:25:54+00:00\",\"breadcrumb\":{\"@id\":\"https:\\\/\\\/www.klarairosa.com\\\/likovni-klub\\\/#breadcrumb\"},\"inLanguage\":\"hu\",\"potentialAction\":[{\"@type\":\"ReadAction\",\"target\":[\"https:\\\/\\\/www.klarairosa.com\\\/likovni-klub\\\/\"]}]},{\"@type\":\"ImageObject\",\"inLanguage\":\"hu\",\"@id\":\"https:\\\/\\\/www.klarairosa.com\\\/likovni-klub\\\/#primaryimage\",\"url\":\"https:\\\/\\\/www.klarairosa.com\\\/wp-content\\\/uploads\\\/2023\\\/09\\\/craft-art-colorful-creative.jpg\",\"contentUrl\":\"https:\\\/\\\/www.klarairosa.com\\\/wp-content\\\/uploads\\\/2023\\\/09\\\/craft-art-colorful-creative.jpg\",\"width\":910,\"height\":606},{\"@type\":\"BreadcrumbList\",\"@id\":\"https:\\\/\\\/www.klarairosa.com\\\/likovni-klub\\\/#breadcrumb\",\"itemListElement\":[{\"@type\":\"ListItem\",\"position\":1,\"name\":\"Home\",\"item\":\"https:\\\/\\\/www.klarairosa.com\\\/\"},{\"@type\":\"ListItem\",\"position\":2,\"name\":\"Likovni Klub\"}]},{\"@type\":\"WebSite\",\"@id\":\"https:\\\/\\\/www.klarairosa.com\\\/en\\\/#website\",\"url\":\"https:\\\/\\\/www.klarairosa.com\\\/en\\\/\",\"name\":\"Klara i Rosa\",\"description\":\"Klara i Rosa\",\"publisher\":{\"@id\":\"https:\\\/\\\/www.klarairosa.com\\\/en\\\/#organization\"},\"potentialAction\":[{\"@type\":\"SearchAction\",\"target\":{\"@type\":\"EntryPoint\",\"urlTemplate\":\"https:\\\/\\\/www.klarairosa.com\\\/en\\\/?s={search_term_string}\"},\"query-input\":{\"@type\":\"PropertyValueSpecification\",\"valueRequired\":true,\"valueName\":\"search_term_string\"}}],\"inLanguage\":\"hu\"},{\"@type\":\"Organization\",\"@id\":\"https:\\\/\\\/www.klarairosa.com\\\/en\\\/#organization\",\"name\":\"Klara i Rosa\",\"url\":\"https:\\\/\\\/www.klarairosa.com\\\/en\\\/\",\"logo\":{\"@type\":\"ImageObject\",\"inLanguage\":\"hu\",\"@id\":\"https:\\\/\\\/www.klarairosa.com\\\/en\\\/#\\\/schema\\\/logo\\\/image\\\/\",\"url\":\"https:\\\/\\\/www.klarairosa.com\\\/wp-content\\\/uploads\\\/2022\\\/01\\\/logo.svg\",\"contentUrl\":\"https:\\\/\\\/www.klarairosa.com\\\/wp-content\\\/uploads\\\/2022\\\/01\\\/logo.svg\",\"width\":110,\"height\":139,\"caption\":\"Klara i Rosa\"},\"image\":{\"@id\":\"https:\\\/\\\/www.klarairosa.com\\\/en\\\/#\\\/schema\\\/logo\\\/image\\\/\"},\"sameAs\":[\"https:\\\/\\\/www.facebook.com\\\/klarairosa\\\/\",\"https:\\\/\\\/www.instagram.com\\\/ugklarairosa\\\/\"]},{\"@type\":\"Person\",\"@id\":\"https:\\\/\\\/www.klarairosa.com\\\/en\\\/#\\\/schema\\\/person\\\/e4e7e9e5c8eeeddccf61e4532ae8e6ed\",\"name\":\"Klara i Rosa\",\"image\":{\"@type\":\"ImageObject\",\"inLanguage\":\"hu\",\"@id\":\"https:\\\/\\\/secure.gravatar.com\\\/avatar\\\/c83ee539a067b9f57ae5d8999ae286c4f98b5c4bd943b8cbb64f6b0fc1f29e40?s=96&d=mm&r=g\",\"url\":\"https:\\\/\\\/secure.gravatar.com\\\/avatar\\\/c83ee539a067b9f57ae5d8999ae286c4f98b5c4bd943b8cbb64f6b0fc1f29e40?s=96&d=mm&r=g\",\"contentUrl\":\"https:\\\/\\\/secure.gravatar.com\\\/avatar\\\/c83ee539a067b9f57ae5d8999ae286c4f98b5c4bd943b8cbb64f6b0fc1f29e40?s=96&d=mm&r=g\",\"caption\":\"Klara i Rosa\"},\"sameAs\":[\"https:\\\/\\\/klarairosa.com\"],\"url\":\"https:\\\/\\\/www.klarairosa.com\\\/hu\\\/author\\\/rosaiklara\\\/\"}]}<\/script>\n<!-- \/ Yoast SEO plugin. -->","yoast_head_json":{"title":"Likovni Klub - Klara i Rosa","robots":{"index":"index","follow":"follow","max-snippet":"max-snippet:-1","max-image-preview":"max-image-preview:large","max-video-preview":"max-video-preview:-1"},"canonical":"https:\/\/www.klarairosa.com\/hu\/likovni-klub\/","og_locale":"hu_HU","og_type":"article","og_title":"Likovni Klub - Klara i Rosa","og_description":"U nedelju, 1. oktobra 2023. godine od 17:00 do 19:00 \u010dasova u prostoru Udru\u017eenja Klara...","og_url":"https:\/\/www.klarairosa.com\/hu\/likovni-klub\/","og_site_name":"Klara i Rosa","article_publisher":"https:\/\/www.facebook.com\/klarairosa\/","article_published_time":"2023-09-19T10:28:55+00:00","article_modified_time":"2023-09-23T19:25:54+00:00","og_image":[{"width":910,"height":606,"url":"https:\/\/www.klarairosa.com\/wp-content\/uploads\/2023\/09\/craft-art-colorful-creative.jpg","type":"image\/jpeg"}],"author":"Klara i Rosa","twitter_card":"summary_large_image","twitter_misc":{"Szerz\u0151:":"Klara i Rosa","Becs\u00fclt olvas\u00e1si id\u0151":"1 perc"},"schema":{"@context":"https:\/\/schema.org","@graph":[{"@type":"Article","@id":"https:\/\/www.klarairosa.com\/likovni-klub\/#article","isPartOf":{"@id":"https:\/\/www.klarairosa.com\/likovni-klub\/"},"author":{"name":"Klara i Rosa","@id":"https:\/\/www.klarairosa.com\/en\/#\/schema\/person\/e4e7e9e5c8eeeddccf61e4532ae8e6ed"},"headline":"Likovni Klub","datePublished":"2023-09-19T10:28:55+00:00","dateModified":"2023-09-23T19:25:54+00:00","mainEntityOfPage":{"@id":"https:\/\/www.klarairosa.com\/likovni-klub\/"},"wordCount":222,"publisher":{"@id":"https:\/\/www.klarairosa.com\/en\/#organization"},"image":{"@id":"https:\/\/www.klarairosa.com\/likovni-klub\/#primaryimage"},"thumbnailUrl":"https:\/\/www.klarairosa.com\/wp-content\/uploads\/2023\/09\/craft-art-colorful-creative.jpg","keywords":["2023","Art","likovni klub","subotica","Tijana Kukli Scekic","workshop"],"articleSection":["Aktuelno"],"inLanguage":"hu"},{"@type":"WebPage","@id":"https:\/\/www.klarairosa.com\/likovni-klub\/","url":"https:\/\/www.klarairosa.com\/likovni-klub\/","name":"Likovni Klub - Klara i Rosa","isPartOf":{"@id":"https:\/\/www.klarairosa.com\/en\/#website"},"primaryImageOfPage":{"@id":"https:\/\/www.klarairosa.com\/likovni-klub\/#primaryimage"},"image":{"@id":"https:\/\/www.klarairosa.com\/likovni-klub\/#primaryimage"},"thumbnailUrl":"https:\/\/www.klarairosa.com\/wp-content\/uploads\/2023\/09\/craft-art-colorful-creative.jpg","datePublished":"2023-09-19T10:28:55+00:00","dateModified":"2023-09-23T19:25:54+00:00","breadcrumb":{"@id":"https:\/\/www.klarairosa.com\/likovni-klub\/#breadcrumb"},"inLanguage":"hu","potentialAction":[{"@type":"ReadAction","target":["https:\/\/www.klarairosa.com\/likovni-klub\/"]}]},{"@type":"ImageObject","inLanguage":"hu","@id":"https:\/\/www.klarairosa.com\/likovni-klub\/#primaryimage","url":"https:\/\/www.klarairosa.com\/wp-content\/uploads\/2023\/09\/craft-art-colorful-creative.jpg","contentUrl":"https:\/\/www.klarairosa.com\/wp-content\/uploads\/2023\/09\/craft-art-colorful-creative.jpg","width":910,"height":606},{"@type":"BreadcrumbList","@id":"https:\/\/www.klarairosa.com\/likovni-klub\/#breadcrumb","itemListElement":[{"@type":"ListItem","position":1,"name":"Home","item":"https:\/\/www.klarairosa.com\/"},{"@type":"ListItem","position":2,"name":"Likovni Klub"}]},{"@type":"WebSite","@id":"https:\/\/www.klarairosa.com\/en\/#website","url":"https:\/\/www.klarairosa.com\/en\/","name":"Kl\u00e1ra \u00e9s Rosa Egyes\u00fclet","description":"Kl\u00e1ra \u00e9s Rosa Egyes\u00fclet","publisher":{"@id":"https:\/\/www.klarairosa.com\/en\/#organization"},"potentialAction":[{"@type":"SearchAction","target":{"@type":"EntryPoint","urlTemplate":"https:\/\/www.klarairosa.com\/en\/?s={search_term_string}"},"query-input":{"@type":"PropertyValueSpecification","valueRequired":true,"valueName":"search_term_string"}}],"inLanguage":"hu"},{"@type":"Organization","@id":"https:\/\/www.klarairosa.com\/en\/#organization","name":"Kl\u00e1ra \u00e9s Rosa Egyes\u00fclet","url":"https:\/\/www.klarairosa.com\/en\/","logo":{"@type":"ImageObject","inLanguage":"hu","@id":"https:\/\/www.klarairosa.com\/en\/#\/schema\/logo\/image\/","url":"https:\/\/www.klarairosa.com\/wp-content\/uploads\/2022\/01\/logo.svg","contentUrl":"https:\/\/www.klarairosa.com\/wp-content\/uploads\/2022\/01\/logo.svg","width":110,"height":139,"caption":"Klara i Rosa"},"image":{"@id":"https:\/\/www.klarairosa.com\/en\/#\/schema\/logo\/image\/"},"sameAs":["https:\/\/www.facebook.com\/klarairosa\/","https:\/\/www.instagram.com\/ugklarairosa\/"]},{"@type":"Person","@id":"https:\/\/www.klarairosa.com\/en\/#\/schema\/person\/e4e7e9e5c8eeeddccf61e4532ae8e6ed","name":"Kl\u00e1ra \u00e9s Rosa Egyes\u00fclet","image":{"@type":"ImageObject","inLanguage":"hu","@id":"https:\/\/secure.gravatar.com\/avatar\/c83ee539a067b9f57ae5d8999ae286c4f98b5c4bd943b8cbb64f6b0fc1f29e40?s=96&d=mm&r=g","url":"https:\/\/secure.gravatar.com\/avatar\/c83ee539a067b9f57ae5d8999ae286c4f98b5c4bd943b8cbb64f6b0fc1f29e40?s=96&d=mm&r=g","contentUrl":"https:\/\/secure.gravatar.com\/avatar\/c83ee539a067b9f57ae5d8999ae286c4f98b5c4bd943b8cbb64f6b0fc1f29e40?s=96&d=mm&r=g","caption":"Klara i Rosa"},"sameAs":["https:\/\/klarairosa.com"],"url":"https:\/\/www.klarairosa.com\/hu\/author\/rosaiklara\/"}]}},"_links":{"self":[{"href":"https:\/\/www.klarairosa.com\/hu\/wp-json\/wp\/v2\/posts\/19948","targetHints":{"allow":["GET"]}}],"collection":[{"href":"https:\/\/www.klarairosa.com\/hu\/wp-json\/wp\/v2\/posts"}],"about":[{"href":"https:\/\/www.klarairosa.com\/hu\/wp-json\/wp\/v2\/types\/post"}],"author":[{"embeddable":true,"href":"https:\/\/www.klarairosa.com\/hu\/wp-json\/wp\/v2\/users\/1"}],"replies":[{"embeddable":true,"href":"https:\/\/www.klarairosa.com\/hu\/wp-json\/wp\/v2\/comments?post=19948"}],"version-history":[{"count":2,"href":"https:\/\/www.klarairosa.com\/hu\/wp-json\/wp\/v2\/posts\/19948\/revisions"}],"predecessor-version":[{"id":20041,"href":"https:\/\/www.klarairosa.com\/hu\/wp-json\/wp\/v2\/posts\/19948\/revisions\/20041"}],"wp:featuredmedia":[{"embeddable":true,"href":"https:\/\/www.klarairosa.com\/hu\/wp-json\/wp\/v2\/media\/19949"}],"wp:attachment":[{"href":"https:\/\/www.klarairosa.com\/hu\/wp-json\/wp\/v2\/media?parent=19948"}],"wp:term":[{"taxonomy":"category","embeddable":true,"href":"https:\/\/www.klarairosa.com\/hu\/wp-json\/wp\/v2\/categories?post=19948"},{"taxonomy":"post_tag","embeddable":true,"href":"https:\/\/www.klarairosa.com\/hu\/wp-json\/wp\/v2\/tags?post=19948"}],"curies":[{"name":"wp","href":"https:\/\/api.w.org\/{rel}","templated":true}]}}