{"id":19566,"date":"2023-06-27T08:17:58","date_gmt":"2023-06-27T08:17:58","guid":{"rendered":"https:\/\/www.klarairosa.com\/?p=19566"},"modified":"2023-07-11T08:52:05","modified_gmt":"2023-07-11T08:52:05","slug":"projekcije-filmova-basta-fest-a-u-basti-klare-i-rose","status":"publish","type":"post","link":"https:\/\/www.klarairosa.com\/hu\/projekcije-filmova-basta-fest-a-u-basti-klare-i-rose\/","title":{"rendered":"BA\u0160TA FEST a KLARA i ROSAban"},"content":{"rendered":"<div>U \u010detvrtak, 29. juna u 21 h, u prostoru Klare i Rose (Petefi \u0160andora 15), emitova\u0107e se doma\u0107i filmovi sa 9. Ba\u0161ta Festa, uo\u010di po\u010detka jubilarnog desetog izdanja festivala u Bajinoj Ba\u0161ti!<\/div>\n<div><\/div>\n<div>.<\/div>\n<div><\/div>\n<div>Ba\u0161ta Fest je internacionalni festival kratkog igranog filma u Bajinoj Ba\u0161ti, godi\u0161nja manifestacija koja se odr\u017eava svakog prvog vikenda u julu i traje \u010detiri dana. Festival je, izme\u0111u ostalog zbog profesije osniva\u010da, usko orijentisan na zajedni\u010dki rad reditelja i glumaca, a fokus na kvalitetnim gluma\u010dkim interpretacijama ima veliki uticaj na pozitivno pozicioniranje Ba\u0161ta Festa me\u0111u internacionalnim festivalima kratkometra\u017enog filma. Ba\u0161ta Fest je od izuzetnog zna\u010daja za decentralizaciju kulture, budu\u0107i da je usmerio raznolik filmski, muzi\u010dki, edukativni i prate\u0107i program na ovu predivnu regiju.<\/div>\n<div><\/div>\n<div>.<\/div>\n<div><blockquote class='' style='border-left-color: #aeccc5;'><h5 class='blockquote-text' style='color: #aeccc5; line-height: undefinedpx;'>Projekcije \u0107e se odr\u017eati 29. juna u 21h, u dvori\u0161tu Klare i Rose (Petefi \u0160andora 15)<\/h5><\/blockquote><\/div>\n<div><\/div>\n<div>.<\/div>\n<div><span style=\"color: #313131; font-family: Lato, sans-serif;\">\u00a0<\/span><\/div>\n<div>\n<div><strong><span style=\"color: #313131; font-family: Lato, sans-serif;\">PROGRAM:<\/span><\/strong><\/div>\n<div>.<\/div>\n<p><strong>\u201eNula\u201c \u2013 Lee Filipovski 14\u2019<\/strong><br \/>\nSinopsis: Komunikacija je krucijalna za veze i nema toga \u0161to jedna duga\u010dka vo\u017enja ne mo\u017ee da stavi na ultimativni test.<\/p>\n<div><\/div>\n<div>.<br \/>\n<strong>\u201e9-5\u201c \u2013 Ma\u0161a \u0160arovi\u0107 26\u2019<\/strong><br \/>\nSinopsis: Neiskusni kopirajter mora da se suo\u010di sa pritiscima posla i o\u010dekivanjima dru\u0161tva, koji imaju sve ve\u0107i uticaj na njegov seksualni \u017eivot.<\/div>\n<\/div>\n<div>.<\/div>\n<div>\n<div><strong>\u201eKrotki\u201c- Jovan Dimoski 22\u2019<\/strong><br \/>\nSinopsis: Lukica, tinejd\u017eer iz siroma\u0161nog predgra\u0111a poku\u0161ava da prona\u0111e drugaricu Saru nakon \u0161to je oti\u0161la da se vidi sa novim starijim momkom.<\/div>\n<\/div>\n<div>.<\/div>\n<div>\n<div><strong>\u201eRebra\u201c \u2013 Gvozden Ili\u0107 21\u2019<\/strong><br \/>\nSinopsis: Tmuran letnji dan, David i Nikola pe\u0161a\u010de kroz beogradska predgra\u0111a da bi nahranili ma\u010dku od dragarice. Put od Miljakovca do Vidikovca krije u sebi latentne homoerotske fantazije koje imaju jedan prema drugom.<\/div>\n<\/div>\n<div>.<\/div>\n<div>\n<div><strong>\u201eVarnica\u201c \u2013 Luka Bursa\u0107 18\u2019<\/strong><br \/>\nSinopsis: Nepoznata \u017eena prati nekada\u0161njeg kriminalca kroz Beograd.<\/p>\n<div class=\"yj6qo\"><\/div>\n<div class=\"adL\"><\/div>\n<div class=\"adL\">\n<div class=\"gmail_signature\" dir=\"ltr\" data-smartmail=\"gmail_signature\">\n<div dir=\"ltr\"><\/div>\n<\/div>\n<\/div>\n<\/div>\n<\/div>\n<div>.<img decoding=\"async\" class=\"alignnone size-full wp-image-19568\" src=\"https:\/\/www.klarairosa.com\/wp-content\/uploads\/2023\/06\/logo_thumb-612.jpg\" alt=\"\" width=\"150\" height=\"150\" srcset=\"https:\/\/www.klarairosa.com\/wp-content\/uploads\/2023\/06\/logo_thumb-612.jpg 150w, https:\/\/www.klarairosa.com\/wp-content\/uploads\/2023\/06\/logo_thumb-612-12x12.jpg 12w\" sizes=\"(max-width: 150px) 100vw, 150px\" \/><\/div>\n<div><\/div>\n<div><div  id=\"jtg-19627\" class=\"modula modula-gallery modula-creative-gallery\" data-config=\"{&quot;height&quot;:800,&quot;tabletHeight&quot;:800,&quot;mobileHeight&quot;:800,&quot;desktopHeight&quot;:800,&quot;enableTwitter&quot;:false,&quot;enableWhatsapp&quot;:false,&quot;enableFacebook&quot;:false,&quot;enablePinterest&quot;:false,&quot;enableLinkedin&quot;:false,&quot;enableEmail&quot;:false,&quot;randomFactor&quot;:0.5,&quot;type&quot;:&quot;creative-gallery&quot;,&quot;columns&quot;:12,&quot;gutter&quot;:10,&quot;mobileGutter&quot;:10,&quot;tabletGutter&quot;:10,&quot;desktopGutter&quot;:10,&quot;enableResponsive&quot;:&quot;0&quot;,&quot;tabletColumns&quot;:&quot;2&quot;,&quot;mobileColumns&quot;:&quot;1&quot;,&quot;lazyLoad&quot;:0,&quot;lightboxOpts&quot;:{&quot;animated&quot;:true,&quot;Thumbs&quot;:{&quot;type&quot;:&quot;modern&quot;,&quot;showOnStart&quot;:false},&quot;Toolbar&quot;:{&quot;display&quot;:{&quot;right&quot;:[&quot;close&quot;]},&quot;enabled&quot;:true},&quot;Carousel&quot;:{&quot;Panzoom&quot;:{&quot;touch&quot;:true},&quot;infinite&quot;:false},&quot;keyboard&quot;:{&quot;Escape&quot;:&quot;close&quot;,&quot;Delete&quot;:&quot;close&quot;,&quot;Backspace&quot;:&quot;close&quot;,&quot;PageUp&quot;:false,&quot;PageDown&quot;:false,&quot;ArrowUp&quot;:false,&quot;ArrowDown&quot;:false,&quot;ArrowRight&quot;:false,&quot;ArrowLeft&quot;:false},&quot;touch&quot;:false,&quot;backdropClick&quot;:false,&quot;l10n&quot;:{&quot;CLOSE&quot;:&quot;Close&quot;,&quot;NEXT&quot;:&quot;Next&quot;,&quot;PREV&quot;:&quot;Previous&quot;,&quot;Error&quot;:&quot;The requested content cannot be loaded. Please try again later.&quot;,&quot;PLAY_START&quot;:&quot;Start slideshow&quot;,&quot;PLAY_STOP&quot;:&quot;Pause slideshow&quot;,&quot;FULL_SCREEN&quot;:&quot;Full screen&quot;,&quot;THUMBS&quot;:&quot;Thumbnails&quot;,&quot;DOWNLOAD&quot;:&quot;Download&quot;,&quot;SHARE&quot;:&quot;Share&quot;,&quot;ZOOM&quot;:&quot;Zoom&quot;,&quot;EMAIL&quot;:&quot;Here is the link to the image : %%image_link%% and this is the link to the gallery : %%gallery_link%%&quot;,&quot;MODAL&quot;:&quot;You can close this modal content with the ESC key&quot;,&quot;ERROR&quot;:&quot;Something Went Wrong, Please Try Again Later&quot;,&quot;IMAGE_ERROR&quot;:&quot;Image Not Found&quot;,&quot;ELEMENT_NOT_FOUND&quot;:&quot;HTML Element Not Found&quot;,&quot;AJAX_NOT_FOUND&quot;:&quot;Error Loading AJAX : Not Found&quot;,&quot;AJAX_FORBIDDEN&quot;:&quot;Error Loading AJAX : Forbidden&quot;,&quot;IFRAME_ERROR&quot;:&quot;Error Loading Page&quot;,&quot;TOGGLE_ZOOM&quot;:&quot;Toggle zoom level&quot;,&quot;TOGGLE_THUMBS&quot;:&quot;Toggle thumbnails&quot;,&quot;TOGGLE_SLIDESHOW&quot;:&quot;Toggle slideshow&quot;,&quot;TOGGLE_FULLSCREEN&quot;:&quot;Toggle full-screen mode&quot;},&quot;Images&quot;:{&quot;Panzoom&quot;:{&quot;maxScale&quot;:2}},&quot;mainClass&quot;:&quot;modula-fancybox-container modula-lightbox-jtg-19627&quot;,&quot;Html&quot;:{&quot;videoAutoplay&quot;:0,&quot;videoTpl&quot;:&quot;&lt;video class=\\&quot;fancybox__html5video\\&quot; controls muted playsinline controlsList controlsList=\\&quot;nodownload\\&quot; poster=\\&quot;{{poster}}\\&quot; src=\\&quot;{{src}}\\&quot; type=\\&quot;{{format}}\\&quot; &gt;  Sorry, your browser doesn&#039;t support embedded videos, &lt;a href=\\&quot;{{src}}\\&quot;&gt; download &lt;\\\/a&gt; and watch with your favorite video player! &lt;\\\/video&gt;&quot;}},&quot;inView&quot;:false,&quot;email_subject&quot;:&quot;Check out this awesome image !!&quot;,&quot;email_message&quot;:&quot;Here is the link to the image : %%image_link%% and this is the link to the gallery : %%gallery_link%%&quot;,&quot;lightbox&quot;:&quot;fancybox&quot;}\">\n\n\t\n\t<div  class=\"modula-items\">\n\t\t<div class=\"modula-item effect-pufrobo\" >\n\t<div class=\"modula-item-overlay\"><\/div>\n\n\t<div class=\"modula-item-content\">\n\n\t\t<a data-image-id=\"19629\" role=\"button\" data-elementor-open-lightbox=\"no\" tabindex=\"0\" rel=\"jtg-19627\" data-caption=\"\" aria-label=\"Open image in lightbox\" class=\"tile-inner modula-item-link\"><\/a><img fetchpriority=\"high\" decoding=\"async\" class=\"pic wp-image-19629\"  data-valign=\"middle\" data-halign=\"center\" alt=\"\" data-full=\"https:\/\/www.klarairosa.com\/wp-content\/uploads\/2023\/07\/basta-small_2.jpg\" title=\"basta small_2\" crop=\"\" width=\"300\" height=\"225\" src=\"https:\/\/www.klarairosa.com\/wp-content\/uploads\/2023\/07\/basta-small_2-300x225.jpg\" data-src=\"https:\/\/www.klarairosa.com\/wp-content\/uploads\/2023\/07\/basta-small_2-300x225.jpg\" data-caption=\"\" srcset=\"https:\/\/www.klarairosa.com\/wp-content\/uploads\/2023\/07\/basta-small_2.jpg 1024w, https:\/\/www.klarairosa.com\/wp-content\/uploads\/2023\/07\/basta-small_2-300x225.jpg 300w, https:\/\/www.klarairosa.com\/wp-content\/uploads\/2023\/07\/basta-small_2-768x576.jpg 768w, https:\/\/www.klarairosa.com\/wp-content\/uploads\/2023\/07\/basta-small_2-16x12.jpg 16w, https:\/\/www.klarairosa.com\/wp-content\/uploads\/2023\/07\/basta-small_2-800x600.jpg 800w, https:\/\/www.klarairosa.com\/wp-content\/uploads\/2023\/07\/basta-small_2-700x525.jpg 700w\" sizes=\"(max-width: 300px) 100vw, 300px\" \/>\n\t\t<div class=\"figc no-description\">\n\t\t\t<div class=\"figc-inner\">\n\t\t\t\t\t\t\t\t\t\t\t\t\t\t\t<\/div>\n\t\t<\/div>\n\n\t<\/div>\n\n<\/div><div class=\"modula-item effect-pufrobo\" >\n\t<div class=\"modula-item-overlay\"><\/div>\n\n\t<div class=\"modula-item-content\">\n\n\t\t<a data-image-id=\"19631\" role=\"button\" data-elementor-open-lightbox=\"no\" tabindex=\"0\" rel=\"jtg-19627\" data-caption=\"\" aria-label=\"Open image in lightbox\" class=\"tile-inner modula-item-link\"><\/a><img decoding=\"async\" class=\"pic wp-image-19631\"  data-valign=\"middle\" data-halign=\"center\" alt=\"\" data-full=\"https:\/\/www.klarairosa.com\/wp-content\/uploads\/2023\/07\/basta-small_4.jpg\" title=\"basta small_4\" crop=\"\" width=\"300\" height=\"225\" src=\"https:\/\/www.klarairosa.com\/wp-content\/uploads\/2023\/07\/basta-small_4-300x225.jpg\" data-src=\"https:\/\/www.klarairosa.com\/wp-content\/uploads\/2023\/07\/basta-small_4-300x225.jpg\" data-caption=\"\" srcset=\"https:\/\/www.klarairosa.com\/wp-content\/uploads\/2023\/07\/basta-small_4.jpg 1024w, https:\/\/www.klarairosa.com\/wp-content\/uploads\/2023\/07\/basta-small_4-300x225.jpg 300w, https:\/\/www.klarairosa.com\/wp-content\/uploads\/2023\/07\/basta-small_4-768x576.jpg 768w, https:\/\/www.klarairosa.com\/wp-content\/uploads\/2023\/07\/basta-small_4-16x12.jpg 16w, https:\/\/www.klarairosa.com\/wp-content\/uploads\/2023\/07\/basta-small_4-800x600.jpg 800w, https:\/\/www.klarairosa.com\/wp-content\/uploads\/2023\/07\/basta-small_4-700x525.jpg 700w\" sizes=\"(max-width: 300px) 100vw, 300px\" \/>\n\t\t<div class=\"figc no-description\">\n\t\t\t<div class=\"figc-inner\">\n\t\t\t\t\t\t\t\t\t\t\t\t\t\t\t<\/div>\n\t\t<\/div>\n\n\t<\/div>\n\n<\/div><div class=\"modula-item effect-pufrobo\" >\n\t<div class=\"modula-item-overlay\"><\/div>\n\n\t<div class=\"modula-item-content\">\n\n\t\t<a data-image-id=\"19632\" role=\"button\" data-elementor-open-lightbox=\"no\" tabindex=\"0\" rel=\"jtg-19627\" data-caption=\"\" aria-label=\"Open image in lightbox\" class=\"tile-inner modula-item-link\"><\/a><img loading=\"lazy\" decoding=\"async\" class=\"pic wp-image-19632\"  data-valign=\"middle\" data-halign=\"center\" alt=\"\" data-full=\"https:\/\/www.klarairosa.com\/wp-content\/uploads\/2023\/07\/basta-small_5.jpg\" title=\"basta small_5\" crop=\"\" width=\"300\" height=\"225\" src=\"https:\/\/www.klarairosa.com\/wp-content\/uploads\/2023\/07\/basta-small_5-300x225.jpg\" data-src=\"https:\/\/www.klarairosa.com\/wp-content\/uploads\/2023\/07\/basta-small_5-300x225.jpg\" data-caption=\"\" srcset=\"https:\/\/www.klarairosa.com\/wp-content\/uploads\/2023\/07\/basta-small_5.jpg 1024w, https:\/\/www.klarairosa.com\/wp-content\/uploads\/2023\/07\/basta-small_5-300x225.jpg 300w, https:\/\/www.klarairosa.com\/wp-content\/uploads\/2023\/07\/basta-small_5-768x576.jpg 768w, https:\/\/www.klarairosa.com\/wp-content\/uploads\/2023\/07\/basta-small_5-16x12.jpg 16w, https:\/\/www.klarairosa.com\/wp-content\/uploads\/2023\/07\/basta-small_5-800x600.jpg 800w, https:\/\/www.klarairosa.com\/wp-content\/uploads\/2023\/07\/basta-small_5-700x525.jpg 700w\" sizes=\"(max-width: 300px) 100vw, 300px\" \/>\n\t\t<div class=\"figc no-description\">\n\t\t\t<div class=\"figc-inner\">\n\t\t\t\t\t\t\t\t\t\t\t\t\t\t\t<\/div>\n\t\t<\/div>\n\n\t<\/div>\n\n<\/div><div class=\"modula-item effect-pufrobo\" >\n\t<div class=\"modula-item-overlay\"><\/div>\n\n\t<div class=\"modula-item-content\">\n\n\t\t<a data-image-id=\"19634\" role=\"button\" data-elementor-open-lightbox=\"no\" tabindex=\"0\" rel=\"jtg-19627\" data-caption=\"\" aria-label=\"Open image in lightbox\" class=\"tile-inner modula-item-link\"><\/a><img loading=\"lazy\" decoding=\"async\" class=\"pic wp-image-19634\"  data-valign=\"middle\" data-halign=\"center\" alt=\"\" data-full=\"https:\/\/www.klarairosa.com\/wp-content\/uploads\/2023\/07\/basta-small_7.jpg\" title=\"basta small_7\" crop=\"\" width=\"300\" height=\"225\" src=\"https:\/\/www.klarairosa.com\/wp-content\/uploads\/2023\/07\/basta-small_7-300x225.jpg\" data-src=\"https:\/\/www.klarairosa.com\/wp-content\/uploads\/2023\/07\/basta-small_7-300x225.jpg\" data-caption=\"\" srcset=\"https:\/\/www.klarairosa.com\/wp-content\/uploads\/2023\/07\/basta-small_7.jpg 1024w, https:\/\/www.klarairosa.com\/wp-content\/uploads\/2023\/07\/basta-small_7-300x225.jpg 300w, https:\/\/www.klarairosa.com\/wp-content\/uploads\/2023\/07\/basta-small_7-768x576.jpg 768w, https:\/\/www.klarairosa.com\/wp-content\/uploads\/2023\/07\/basta-small_7-16x12.jpg 16w, https:\/\/www.klarairosa.com\/wp-content\/uploads\/2023\/07\/basta-small_7-800x600.jpg 800w, https:\/\/www.klarairosa.com\/wp-content\/uploads\/2023\/07\/basta-small_7-700x525.jpg 700w\" sizes=\"(max-width: 300px) 100vw, 300px\" \/>\n\t\t<div class=\"figc no-description\">\n\t\t\t<div class=\"figc-inner\">\n\t\t\t\t\t\t\t\t\t\t\t\t\t\t\t<\/div>\n\t\t<\/div>\n\n\t<\/div>\n\n<\/div><div class=\"modula-item effect-pufrobo\" >\n\t<div class=\"modula-item-overlay\"><\/div>\n\n\t<div class=\"modula-item-content\">\n\n\t\t<a data-image-id=\"19635\" role=\"button\" data-elementor-open-lightbox=\"no\" tabindex=\"0\" rel=\"jtg-19627\" data-caption=\"\" aria-label=\"Open image in lightbox\" class=\"tile-inner modula-item-link\"><\/a><img loading=\"lazy\" decoding=\"async\" class=\"pic wp-image-19635\"  data-valign=\"middle\" data-halign=\"center\" alt=\"\" data-full=\"https:\/\/www.klarairosa.com\/wp-content\/uploads\/2023\/07\/basta-small_8.jpg\" title=\"basta small_8\" crop=\"\" width=\"300\" height=\"225\" src=\"https:\/\/www.klarairosa.com\/wp-content\/uploads\/2023\/07\/basta-small_8-300x225.jpg\" data-src=\"https:\/\/www.klarairosa.com\/wp-content\/uploads\/2023\/07\/basta-small_8-300x225.jpg\" data-caption=\"\" srcset=\"https:\/\/www.klarairosa.com\/wp-content\/uploads\/2023\/07\/basta-small_8.jpg 1024w, https:\/\/www.klarairosa.com\/wp-content\/uploads\/2023\/07\/basta-small_8-300x225.jpg 300w, https:\/\/www.klarairosa.com\/wp-content\/uploads\/2023\/07\/basta-small_8-768x576.jpg 768w, https:\/\/www.klarairosa.com\/wp-content\/uploads\/2023\/07\/basta-small_8-16x12.jpg 16w, https:\/\/www.klarairosa.com\/wp-content\/uploads\/2023\/07\/basta-small_8-800x600.jpg 800w, https:\/\/www.klarairosa.com\/wp-content\/uploads\/2023\/07\/basta-small_8-700x525.jpg 700w\" sizes=\"(max-width: 300px) 100vw, 300px\" \/>\n\t\t<div class=\"figc no-description\">\n\t\t\t<div class=\"figc-inner\">\n\t\t\t\t\t\t\t\t\t\t\t\t\t\t\t<\/div>\n\t\t<\/div>\n\n\t<\/div>\n\n<\/div><div class=\"modula-item effect-pufrobo\" >\n\t<div class=\"modula-item-overlay\"><\/div>\n\n\t<div class=\"modula-item-content\">\n\n\t\t<a data-image-id=\"19636\" role=\"button\" data-elementor-open-lightbox=\"no\" tabindex=\"0\" rel=\"jtg-19627\" data-caption=\"\" aria-label=\"Open image in lightbox\" class=\"tile-inner modula-item-link\"><\/a><img loading=\"lazy\" decoding=\"async\" class=\"pic wp-image-19636\"  data-valign=\"middle\" data-halign=\"center\" alt=\"\" data-full=\"https:\/\/www.klarairosa.com\/wp-content\/uploads\/2023\/07\/basta-small_9.jpg\" title=\"basta small_9\" crop=\"\" width=\"300\" height=\"225\" src=\"https:\/\/www.klarairosa.com\/wp-content\/uploads\/2023\/07\/basta-small_9-300x225.jpg\" data-src=\"https:\/\/www.klarairosa.com\/wp-content\/uploads\/2023\/07\/basta-small_9-300x225.jpg\" data-caption=\"\" srcset=\"https:\/\/www.klarairosa.com\/wp-content\/uploads\/2023\/07\/basta-small_9.jpg 1024w, https:\/\/www.klarairosa.com\/wp-content\/uploads\/2023\/07\/basta-small_9-300x225.jpg 300w, https:\/\/www.klarairosa.com\/wp-content\/uploads\/2023\/07\/basta-small_9-768x576.jpg 768w, https:\/\/www.klarairosa.com\/wp-content\/uploads\/2023\/07\/basta-small_9-16x12.jpg 16w, https:\/\/www.klarairosa.com\/wp-content\/uploads\/2023\/07\/basta-small_9-800x600.jpg 800w, https:\/\/www.klarairosa.com\/wp-content\/uploads\/2023\/07\/basta-small_9-700x525.jpg 700w\" sizes=\"(max-width: 300px) 100vw, 300px\" \/>\n\t\t<div class=\"figc no-description\">\n\t\t\t<div class=\"figc-inner\">\n\t\t\t\t\t\t\t\t\t\t\t\t\t\t\t<\/div>\n\t\t<\/div>\n\n\t<\/div>\n\n<\/div><div class=\"modula-item effect-pufrobo\" >\n\t<div class=\"modula-item-overlay\"><\/div>\n\n\t<div class=\"modula-item-content\">\n\n\t\t<a data-image-id=\"19637\" role=\"button\" data-elementor-open-lightbox=\"no\" tabindex=\"0\" rel=\"jtg-19627\" data-caption=\"\" aria-label=\"Open image in lightbox\" class=\"tile-inner modula-item-link\"><\/a><img loading=\"lazy\" decoding=\"async\" class=\"pic wp-image-19637\"  data-valign=\"middle\" data-halign=\"center\" alt=\"\" data-full=\"https:\/\/www.klarairosa.com\/wp-content\/uploads\/2023\/07\/basta-small_10.jpg\" title=\"basta small_10\" crop=\"\" width=\"300\" height=\"225\" src=\"https:\/\/www.klarairosa.com\/wp-content\/uploads\/2023\/07\/basta-small_10-300x225.jpg\" data-src=\"https:\/\/www.klarairosa.com\/wp-content\/uploads\/2023\/07\/basta-small_10-300x225.jpg\" data-caption=\"\" srcset=\"https:\/\/www.klarairosa.com\/wp-content\/uploads\/2023\/07\/basta-small_10.jpg 1024w, https:\/\/www.klarairosa.com\/wp-content\/uploads\/2023\/07\/basta-small_10-300x225.jpg 300w, https:\/\/www.klarairosa.com\/wp-content\/uploads\/2023\/07\/basta-small_10-768x576.jpg 768w, https:\/\/www.klarairosa.com\/wp-content\/uploads\/2023\/07\/basta-small_10-16x12.jpg 16w, https:\/\/www.klarairosa.com\/wp-content\/uploads\/2023\/07\/basta-small_10-800x600.jpg 800w, https:\/\/www.klarairosa.com\/wp-content\/uploads\/2023\/07\/basta-small_10-700x525.jpg 700w\" sizes=\"(max-width: 300px) 100vw, 300px\" \/>\n\t\t<div class=\"figc no-description\">\n\t\t\t<div class=\"figc-inner\">\n\t\t\t\t\t\t\t\t\t\t\t\t\t\t\t<\/div>\n\t\t<\/div>\n\n\t<\/div>\n\n<\/div><div class=\"modula-item effect-pufrobo\" >\n\t<div class=\"modula-item-overlay\"><\/div>\n\n\t<div class=\"modula-item-content\">\n\n\t\t<a data-image-id=\"19638\" role=\"button\" data-elementor-open-lightbox=\"no\" tabindex=\"0\" rel=\"jtg-19627\" data-caption=\"\" aria-label=\"Open image in lightbox\" class=\"tile-inner modula-item-link\"><\/a><img loading=\"lazy\" decoding=\"async\" class=\"pic wp-image-19638\"  data-valign=\"middle\" data-halign=\"center\" alt=\"\" data-full=\"https:\/\/www.klarairosa.com\/wp-content\/uploads\/2023\/07\/basta-small_11.jpg\" title=\"basta small_11\" crop=\"\" width=\"300\" height=\"225\" src=\"https:\/\/www.klarairosa.com\/wp-content\/uploads\/2023\/07\/basta-small_11-300x225.jpg\" data-src=\"https:\/\/www.klarairosa.com\/wp-content\/uploads\/2023\/07\/basta-small_11-300x225.jpg\" data-caption=\"\" srcset=\"https:\/\/www.klarairosa.com\/wp-content\/uploads\/2023\/07\/basta-small_11.jpg 1024w, https:\/\/www.klarairosa.com\/wp-content\/uploads\/2023\/07\/basta-small_11-300x225.jpg 300w, https:\/\/www.klarairosa.com\/wp-content\/uploads\/2023\/07\/basta-small_11-768x576.jpg 768w, https:\/\/www.klarairosa.com\/wp-content\/uploads\/2023\/07\/basta-small_11-16x12.jpg 16w, https:\/\/www.klarairosa.com\/wp-content\/uploads\/2023\/07\/basta-small_11-800x600.jpg 800w, https:\/\/www.klarairosa.com\/wp-content\/uploads\/2023\/07\/basta-small_11-700x525.jpg 700w\" sizes=\"(max-width: 300px) 100vw, 300px\" \/>\n\t\t<div class=\"figc no-description\">\n\t\t\t<div class=\"figc-inner\">\n\t\t\t\t\t\t\t\t\t\t\t\t\t\t\t<\/div>\n\t\t<\/div>\n\n\t<\/div>\n\n<\/div><div class=\"modula-item effect-pufrobo\" >\n\t<div class=\"modula-item-overlay\"><\/div>\n\n\t<div class=\"modula-item-content\">\n\n\t\t<a data-image-id=\"19639\" role=\"button\" data-elementor-open-lightbox=\"no\" tabindex=\"0\" rel=\"jtg-19627\" data-caption=\"\" aria-label=\"Open image in lightbox\" class=\"tile-inner modula-item-link\"><\/a><img loading=\"lazy\" decoding=\"async\" class=\"pic wp-image-19639\"  data-valign=\"middle\" data-halign=\"center\" alt=\"\" data-full=\"https:\/\/www.klarairosa.com\/wp-content\/uploads\/2023\/07\/basta-small_12.jpg\" title=\"basta small_12\" crop=\"\" width=\"300\" height=\"225\" src=\"https:\/\/www.klarairosa.com\/wp-content\/uploads\/2023\/07\/basta-small_12-300x225.jpg\" data-src=\"https:\/\/www.klarairosa.com\/wp-content\/uploads\/2023\/07\/basta-small_12-300x225.jpg\" data-caption=\"\" srcset=\"https:\/\/www.klarairosa.com\/wp-content\/uploads\/2023\/07\/basta-small_12.jpg 1024w, https:\/\/www.klarairosa.com\/wp-content\/uploads\/2023\/07\/basta-small_12-300x225.jpg 300w, https:\/\/www.klarairosa.com\/wp-content\/uploads\/2023\/07\/basta-small_12-768x576.jpg 768w, https:\/\/www.klarairosa.com\/wp-content\/uploads\/2023\/07\/basta-small_12-16x12.jpg 16w, https:\/\/www.klarairosa.com\/wp-content\/uploads\/2023\/07\/basta-small_12-800x600.jpg 800w, https:\/\/www.klarairosa.com\/wp-content\/uploads\/2023\/07\/basta-small_12-700x525.jpg 700w\" sizes=\"(max-width: 300px) 100vw, 300px\" \/>\n\t\t<div class=\"figc no-description\">\n\t\t\t<div class=\"figc-inner\">\n\t\t\t\t\t\t\t\t\t\t\t\t\t\t\t<\/div>\n\t\t<\/div>\n\n\t<\/div>\n\n<\/div><div class=\"modula-item effect-pufrobo\" >\n\t<div class=\"modula-item-overlay\"><\/div>\n\n\t<div class=\"modula-item-content\">\n\n\t\t<a data-image-id=\"19640\" role=\"button\" data-elementor-open-lightbox=\"no\" tabindex=\"0\" rel=\"jtg-19627\" data-caption=\"\" aria-label=\"Open image in lightbox\" class=\"tile-inner modula-item-link\"><\/a><img loading=\"lazy\" decoding=\"async\" class=\"pic wp-image-19640\"  data-valign=\"middle\" data-halign=\"center\" alt=\"\" data-full=\"https:\/\/www.klarairosa.com\/wp-content\/uploads\/2023\/07\/basta-small_13.jpg\" title=\"basta small_13\" crop=\"\" width=\"300\" height=\"225\" src=\"https:\/\/www.klarairosa.com\/wp-content\/uploads\/2023\/07\/basta-small_13-300x225.jpg\" data-src=\"https:\/\/www.klarairosa.com\/wp-content\/uploads\/2023\/07\/basta-small_13-300x225.jpg\" data-caption=\"\" srcset=\"https:\/\/www.klarairosa.com\/wp-content\/uploads\/2023\/07\/basta-small_13.jpg 1024w, https:\/\/www.klarairosa.com\/wp-content\/uploads\/2023\/07\/basta-small_13-300x225.jpg 300w, https:\/\/www.klarairosa.com\/wp-content\/uploads\/2023\/07\/basta-small_13-768x576.jpg 768w, https:\/\/www.klarairosa.com\/wp-content\/uploads\/2023\/07\/basta-small_13-16x12.jpg 16w, https:\/\/www.klarairosa.com\/wp-content\/uploads\/2023\/07\/basta-small_13-800x600.jpg 800w, https:\/\/www.klarairosa.com\/wp-content\/uploads\/2023\/07\/basta-small_13-700x525.jpg 700w\" sizes=\"(max-width: 300px) 100vw, 300px\" \/>\n\t\t<div class=\"figc no-description\">\n\t\t\t<div class=\"figc-inner\">\n\t\t\t\t\t\t\t\t\t\t\t\t\t\t\t<\/div>\n\t\t<\/div>\n\n\t<\/div>\n\n<\/div>\t\t\n\t<\/div>\n\n\t\n\t\n\t<script type=\"application\/ld+json\">\n\t{\n\t\t\"@context\": \"http:\/\/schema.org\",\n\t\t\"@type\"   : \"ImageGallery\",\n\t\t\"id\"      : \"https:\/\/www.klarairosa.com\/hu\/projekcije-filmova-basta-fest-a-u-basti-klare-i-rose\/\",\n\t\t\"url\"     : \"https:\/\/www.klarairosa.com\/hu\/projekcije-filmova-basta-fest-a-u-basti-klare-i-rose\/\"\n\t}\n\n\t<\/script>\n\n\t\n<\/div>\n<\/div>\n<div>#klarairosa #bastafest #film<\/div>\n","protected":false},"excerpt":{"rendered":"<p>U \u010detvrtak, 29. juna u 21 h, u prostoru Klare i Rose (Petefi \u0160andora 15),&#8230;<\/p>","protected":false},"author":1,"featured_media":19569,"comment_status":"closed","ping_status":"closed","sticky":false,"template":"","format":"standard","meta":{"content-type":"","inline_featured_image":false,"footnotes":""},"categories":[109],"tags":[190,128,168,129],"class_list":["post-19566","post","type-post","status-publish","format-standard","has-post-thumbnail","hentry","category-aktuelno","tag-basta-fest","tag-film","tag-filmski-cetvrtak","tag-klarairosa"],"yoast_head":"<!-- This site is optimized with the Yoast SEO plugin v27.5 - https:\/\/yoast.com\/product\/yoast-seo-wordpress\/ -->\n<title>Projekcije filmova sa &quot;Ba\u0161ta Fest&quot;-a u ba\u0161ti Klare i Rose - Klara i Rosa<\/title>\n<meta name=\"robots\" content=\"index, follow, max-snippet:-1, max-image-preview:large, max-video-preview:-1\" \/>\n<link rel=\"canonical\" href=\"https:\/\/www.klarairosa.com\/hu\/projekcije-filmova-basta-fest-a-u-basti-klare-i-rose\/\" \/>\n<meta property=\"og:locale\" content=\"hu_HU\" \/>\n<meta property=\"og:type\" content=\"article\" \/>\n<meta property=\"og:title\" content=\"Projekcije filmova sa &quot;Ba\u0161ta Fest&quot;-a u ba\u0161ti Klare i Rose - Klara i Rosa\" \/>\n<meta property=\"og:description\" content=\"U \u010detvrtak, 29. juna u 21 h, u prostoru Klare i Rose (Petefi \u0160andora 15),...\" \/>\n<meta property=\"og:url\" content=\"https:\/\/www.klarairosa.com\/hu\/projekcije-filmova-basta-fest-a-u-basti-klare-i-rose\/\" \/>\n<meta property=\"og:site_name\" content=\"Klara i Rosa\" \/>\n<meta property=\"article:publisher\" content=\"https:\/\/www.facebook.com\/klarairosa\/\" \/>\n<meta property=\"article:published_time\" content=\"2023-06-27T08:17:58+00:00\" \/>\n<meta property=\"article:modified_time\" content=\"2023-07-11T08:52:05+00:00\" \/>\n<meta property=\"og:image\" content=\"https:\/\/www.klarairosa.com\/wp-content\/uploads\/2023\/06\/Cetvrtak-studentskog-filma-2.jpg\" \/>\n\t<meta property=\"og:image:width\" content=\"1640\" \/>\n\t<meta property=\"og:image:height\" content=\"924\" \/>\n\t<meta property=\"og:image:type\" content=\"image\/jpeg\" \/>\n<meta name=\"author\" content=\"Klara i Rosa\" \/>\n<meta name=\"twitter:card\" content=\"summary_large_image\" \/>\n<meta name=\"twitter:label1\" content=\"Szerz\u0151:\" \/>\n\t<meta name=\"twitter:data1\" content=\"Klara i Rosa\" \/>\n\t<meta name=\"twitter:label2\" content=\"Becs\u00fclt olvas\u00e1si id\u0151\" \/>\n\t<meta name=\"twitter:data2\" content=\"2 perc\" \/>\n<script type=\"application\/ld+json\" class=\"yoast-schema-graph\">{\"@context\":\"https:\\\/\\\/schema.org\",\"@graph\":[{\"@type\":\"Article\",\"@id\":\"https:\\\/\\\/www.klarairosa.com\\\/projekcije-filmova-basta-fest-a-u-basti-klare-i-rose\\\/#article\",\"isPartOf\":{\"@id\":\"https:\\\/\\\/www.klarairosa.com\\\/projekcije-filmova-basta-fest-a-u-basti-klare-i-rose\\\/\"},\"author\":{\"name\":\"Klara i Rosa\",\"@id\":\"https:\\\/\\\/www.klarairosa.com\\\/en\\\/#\\\/schema\\\/person\\\/e4e7e9e5c8eeeddccf61e4532ae8e6ed\"},\"headline\":\"Projekcije filmova sa &#8222;Ba\u0161ta Fest&#8220;-a u ba\u0161ti Klare i Rose\",\"datePublished\":\"2023-06-27T08:17:58+00:00\",\"dateModified\":\"2023-07-11T08:52:05+00:00\",\"mainEntityOfPage\":{\"@id\":\"https:\\\/\\\/www.klarairosa.com\\\/projekcije-filmova-basta-fest-a-u-basti-klare-i-rose\\\/\"},\"wordCount\":330,\"publisher\":{\"@id\":\"https:\\\/\\\/www.klarairosa.com\\\/en\\\/#organization\"},\"image\":{\"@id\":\"https:\\\/\\\/www.klarairosa.com\\\/projekcije-filmova-basta-fest-a-u-basti-klare-i-rose\\\/#primaryimage\"},\"thumbnailUrl\":\"https:\\\/\\\/www.klarairosa.com\\\/wp-content\\\/uploads\\\/2023\\\/06\\\/Cetvrtak-studentskog-filma-2.jpg\",\"keywords\":[\"basta fest\",\"film\",\"filmski cetvrtak\",\"klarairosa\"],\"articleSection\":[\"Aktuelno\"],\"inLanguage\":\"hu\"},{\"@type\":\"WebPage\",\"@id\":\"https:\\\/\\\/www.klarairosa.com\\\/projekcije-filmova-basta-fest-a-u-basti-klare-i-rose\\\/\",\"url\":\"https:\\\/\\\/www.klarairosa.com\\\/projekcije-filmova-basta-fest-a-u-basti-klare-i-rose\\\/\",\"name\":\"Projekcije filmova sa \\\"Ba\u0161ta Fest\\\"-a u ba\u0161ti Klare i Rose - Klara i Rosa\",\"isPartOf\":{\"@id\":\"https:\\\/\\\/www.klarairosa.com\\\/en\\\/#website\"},\"primaryImageOfPage\":{\"@id\":\"https:\\\/\\\/www.klarairosa.com\\\/projekcije-filmova-basta-fest-a-u-basti-klare-i-rose\\\/#primaryimage\"},\"image\":{\"@id\":\"https:\\\/\\\/www.klarairosa.com\\\/projekcije-filmova-basta-fest-a-u-basti-klare-i-rose\\\/#primaryimage\"},\"thumbnailUrl\":\"https:\\\/\\\/www.klarairosa.com\\\/wp-content\\\/uploads\\\/2023\\\/06\\\/Cetvrtak-studentskog-filma-2.jpg\",\"datePublished\":\"2023-06-27T08:17:58+00:00\",\"dateModified\":\"2023-07-11T08:52:05+00:00\",\"breadcrumb\":{\"@id\":\"https:\\\/\\\/www.klarairosa.com\\\/projekcije-filmova-basta-fest-a-u-basti-klare-i-rose\\\/#breadcrumb\"},\"inLanguage\":\"hu\",\"potentialAction\":[{\"@type\":\"ReadAction\",\"target\":[\"https:\\\/\\\/www.klarairosa.com\\\/projekcije-filmova-basta-fest-a-u-basti-klare-i-rose\\\/\"]}]},{\"@type\":\"ImageObject\",\"inLanguage\":\"hu\",\"@id\":\"https:\\\/\\\/www.klarairosa.com\\\/projekcije-filmova-basta-fest-a-u-basti-klare-i-rose\\\/#primaryimage\",\"url\":\"https:\\\/\\\/www.klarairosa.com\\\/wp-content\\\/uploads\\\/2023\\\/06\\\/Cetvrtak-studentskog-filma-2.jpg\",\"contentUrl\":\"https:\\\/\\\/www.klarairosa.com\\\/wp-content\\\/uploads\\\/2023\\\/06\\\/Cetvrtak-studentskog-filma-2.jpg\",\"width\":1640,\"height\":924},{\"@type\":\"BreadcrumbList\",\"@id\":\"https:\\\/\\\/www.klarairosa.com\\\/projekcije-filmova-basta-fest-a-u-basti-klare-i-rose\\\/#breadcrumb\",\"itemListElement\":[{\"@type\":\"ListItem\",\"position\":1,\"name\":\"Home\",\"item\":\"https:\\\/\\\/www.klarairosa.com\\\/\"},{\"@type\":\"ListItem\",\"position\":2,\"name\":\"Projekcije filmova sa &#8220;Ba\u0161ta Fest&#8221;-a u ba\u0161ti Klare i Rose\"}]},{\"@type\":\"WebSite\",\"@id\":\"https:\\\/\\\/www.klarairosa.com\\\/en\\\/#website\",\"url\":\"https:\\\/\\\/www.klarairosa.com\\\/en\\\/\",\"name\":\"Klara i Rosa\",\"description\":\"Klara i Rosa\",\"publisher\":{\"@id\":\"https:\\\/\\\/www.klarairosa.com\\\/en\\\/#organization\"},\"potentialAction\":[{\"@type\":\"SearchAction\",\"target\":{\"@type\":\"EntryPoint\",\"urlTemplate\":\"https:\\\/\\\/www.klarairosa.com\\\/en\\\/?s={search_term_string}\"},\"query-input\":{\"@type\":\"PropertyValueSpecification\",\"valueRequired\":true,\"valueName\":\"search_term_string\"}}],\"inLanguage\":\"hu\"},{\"@type\":\"Organization\",\"@id\":\"https:\\\/\\\/www.klarairosa.com\\\/en\\\/#organization\",\"name\":\"Klara i Rosa\",\"url\":\"https:\\\/\\\/www.klarairosa.com\\\/en\\\/\",\"logo\":{\"@type\":\"ImageObject\",\"inLanguage\":\"hu\",\"@id\":\"https:\\\/\\\/www.klarairosa.com\\\/en\\\/#\\\/schema\\\/logo\\\/image\\\/\",\"url\":\"https:\\\/\\\/www.klarairosa.com\\\/wp-content\\\/uploads\\\/2022\\\/01\\\/logo.svg\",\"contentUrl\":\"https:\\\/\\\/www.klarairosa.com\\\/wp-content\\\/uploads\\\/2022\\\/01\\\/logo.svg\",\"width\":110,\"height\":139,\"caption\":\"Klara i Rosa\"},\"image\":{\"@id\":\"https:\\\/\\\/www.klarairosa.com\\\/en\\\/#\\\/schema\\\/logo\\\/image\\\/\"},\"sameAs\":[\"https:\\\/\\\/www.facebook.com\\\/klarairosa\\\/\",\"https:\\\/\\\/www.instagram.com\\\/ugklarairosa\\\/\"]},{\"@type\":\"Person\",\"@id\":\"https:\\\/\\\/www.klarairosa.com\\\/en\\\/#\\\/schema\\\/person\\\/e4e7e9e5c8eeeddccf61e4532ae8e6ed\",\"name\":\"Klara i Rosa\",\"image\":{\"@type\":\"ImageObject\",\"inLanguage\":\"hu\",\"@id\":\"https:\\\/\\\/secure.gravatar.com\\\/avatar\\\/c83ee539a067b9f57ae5d8999ae286c4f98b5c4bd943b8cbb64f6b0fc1f29e40?s=96&d=mm&r=g\",\"url\":\"https:\\\/\\\/secure.gravatar.com\\\/avatar\\\/c83ee539a067b9f57ae5d8999ae286c4f98b5c4bd943b8cbb64f6b0fc1f29e40?s=96&d=mm&r=g\",\"contentUrl\":\"https:\\\/\\\/secure.gravatar.com\\\/avatar\\\/c83ee539a067b9f57ae5d8999ae286c4f98b5c4bd943b8cbb64f6b0fc1f29e40?s=96&d=mm&r=g\",\"caption\":\"Klara i Rosa\"},\"sameAs\":[\"https:\\\/\\\/klarairosa.com\"],\"url\":\"https:\\\/\\\/www.klarairosa.com\\\/hu\\\/author\\\/rosaiklara\\\/\"}]}<\/script>\n<!-- \/ Yoast SEO plugin. -->","yoast_head_json":{"title":"Projekcije filmova sa \"Ba\u0161ta Fest\"-a u ba\u0161ti Klare i Rose - Klara i Rosa","robots":{"index":"index","follow":"follow","max-snippet":"max-snippet:-1","max-image-preview":"max-image-preview:large","max-video-preview":"max-video-preview:-1"},"canonical":"https:\/\/www.klarairosa.com\/hu\/projekcije-filmova-basta-fest-a-u-basti-klare-i-rose\/","og_locale":"hu_HU","og_type":"article","og_title":"Projekcije filmova sa \"Ba\u0161ta Fest\"-a u ba\u0161ti Klare i Rose - Klara i Rosa","og_description":"U \u010detvrtak, 29. juna u 21 h, u prostoru Klare i Rose (Petefi \u0160andora 15),...","og_url":"https:\/\/www.klarairosa.com\/hu\/projekcije-filmova-basta-fest-a-u-basti-klare-i-rose\/","og_site_name":"Klara i Rosa","article_publisher":"https:\/\/www.facebook.com\/klarairosa\/","article_published_time":"2023-06-27T08:17:58+00:00","article_modified_time":"2023-07-11T08:52:05+00:00","og_image":[{"width":1640,"height":924,"url":"https:\/\/www.klarairosa.com\/wp-content\/uploads\/2023\/06\/Cetvrtak-studentskog-filma-2.jpg","type":"image\/jpeg"}],"author":"Klara i Rosa","twitter_card":"summary_large_image","twitter_misc":{"Szerz\u0151:":"Klara i Rosa","Becs\u00fclt olvas\u00e1si id\u0151":"2 perc"},"schema":{"@context":"https:\/\/schema.org","@graph":[{"@type":"Article","@id":"https:\/\/www.klarairosa.com\/projekcije-filmova-basta-fest-a-u-basti-klare-i-rose\/#article","isPartOf":{"@id":"https:\/\/www.klarairosa.com\/projekcije-filmova-basta-fest-a-u-basti-klare-i-rose\/"},"author":{"name":"Klara i Rosa","@id":"https:\/\/www.klarairosa.com\/en\/#\/schema\/person\/e4e7e9e5c8eeeddccf61e4532ae8e6ed"},"headline":"Projekcije filmova sa &#8222;Ba\u0161ta Fest&#8220;-a u ba\u0161ti Klare i Rose","datePublished":"2023-06-27T08:17:58+00:00","dateModified":"2023-07-11T08:52:05+00:00","mainEntityOfPage":{"@id":"https:\/\/www.klarairosa.com\/projekcije-filmova-basta-fest-a-u-basti-klare-i-rose\/"},"wordCount":330,"publisher":{"@id":"https:\/\/www.klarairosa.com\/en\/#organization"},"image":{"@id":"https:\/\/www.klarairosa.com\/projekcije-filmova-basta-fest-a-u-basti-klare-i-rose\/#primaryimage"},"thumbnailUrl":"https:\/\/www.klarairosa.com\/wp-content\/uploads\/2023\/06\/Cetvrtak-studentskog-filma-2.jpg","keywords":["basta fest","film","filmski cetvrtak","klarairosa"],"articleSection":["Aktuelno"],"inLanguage":"hu"},{"@type":"WebPage","@id":"https:\/\/www.klarairosa.com\/projekcije-filmova-basta-fest-a-u-basti-klare-i-rose\/","url":"https:\/\/www.klarairosa.com\/projekcije-filmova-basta-fest-a-u-basti-klare-i-rose\/","name":"Projekcije filmova sa \"Ba\u0161ta Fest\"-a u ba\u0161ti Klare i Rose - Klara i Rosa","isPartOf":{"@id":"https:\/\/www.klarairosa.com\/en\/#website"},"primaryImageOfPage":{"@id":"https:\/\/www.klarairosa.com\/projekcije-filmova-basta-fest-a-u-basti-klare-i-rose\/#primaryimage"},"image":{"@id":"https:\/\/www.klarairosa.com\/projekcije-filmova-basta-fest-a-u-basti-klare-i-rose\/#primaryimage"},"thumbnailUrl":"https:\/\/www.klarairosa.com\/wp-content\/uploads\/2023\/06\/Cetvrtak-studentskog-filma-2.jpg","datePublished":"2023-06-27T08:17:58+00:00","dateModified":"2023-07-11T08:52:05+00:00","breadcrumb":{"@id":"https:\/\/www.klarairosa.com\/projekcije-filmova-basta-fest-a-u-basti-klare-i-rose\/#breadcrumb"},"inLanguage":"hu","potentialAction":[{"@type":"ReadAction","target":["https:\/\/www.klarairosa.com\/projekcije-filmova-basta-fest-a-u-basti-klare-i-rose\/"]}]},{"@type":"ImageObject","inLanguage":"hu","@id":"https:\/\/www.klarairosa.com\/projekcije-filmova-basta-fest-a-u-basti-klare-i-rose\/#primaryimage","url":"https:\/\/www.klarairosa.com\/wp-content\/uploads\/2023\/06\/Cetvrtak-studentskog-filma-2.jpg","contentUrl":"https:\/\/www.klarairosa.com\/wp-content\/uploads\/2023\/06\/Cetvrtak-studentskog-filma-2.jpg","width":1640,"height":924},{"@type":"BreadcrumbList","@id":"https:\/\/www.klarairosa.com\/projekcije-filmova-basta-fest-a-u-basti-klare-i-rose\/#breadcrumb","itemListElement":[{"@type":"ListItem","position":1,"name":"Home","item":"https:\/\/www.klarairosa.com\/"},{"@type":"ListItem","position":2,"name":"Projekcije filmova sa &#8220;Ba\u0161ta Fest&#8221;-a u ba\u0161ti Klare i Rose"}]},{"@type":"WebSite","@id":"https:\/\/www.klarairosa.com\/en\/#website","url":"https:\/\/www.klarairosa.com\/en\/","name":"Kl\u00e1ra \u00e9s Rosa Egyes\u00fclet","description":"Kl\u00e1ra \u00e9s Rosa Egyes\u00fclet","publisher":{"@id":"https:\/\/www.klarairosa.com\/en\/#organization"},"potentialAction":[{"@type":"SearchAction","target":{"@type":"EntryPoint","urlTemplate":"https:\/\/www.klarairosa.com\/en\/?s={search_term_string}"},"query-input":{"@type":"PropertyValueSpecification","valueRequired":true,"valueName":"search_term_string"}}],"inLanguage":"hu"},{"@type":"Organization","@id":"https:\/\/www.klarairosa.com\/en\/#organization","name":"Kl\u00e1ra \u00e9s Rosa Egyes\u00fclet","url":"https:\/\/www.klarairosa.com\/en\/","logo":{"@type":"ImageObject","inLanguage":"hu","@id":"https:\/\/www.klarairosa.com\/en\/#\/schema\/logo\/image\/","url":"https:\/\/www.klarairosa.com\/wp-content\/uploads\/2022\/01\/logo.svg","contentUrl":"https:\/\/www.klarairosa.com\/wp-content\/uploads\/2022\/01\/logo.svg","width":110,"height":139,"caption":"Klara i Rosa"},"image":{"@id":"https:\/\/www.klarairosa.com\/en\/#\/schema\/logo\/image\/"},"sameAs":["https:\/\/www.facebook.com\/klarairosa\/","https:\/\/www.instagram.com\/ugklarairosa\/"]},{"@type":"Person","@id":"https:\/\/www.klarairosa.com\/en\/#\/schema\/person\/e4e7e9e5c8eeeddccf61e4532ae8e6ed","name":"Kl\u00e1ra \u00e9s Rosa Egyes\u00fclet","image":{"@type":"ImageObject","inLanguage":"hu","@id":"https:\/\/secure.gravatar.com\/avatar\/c83ee539a067b9f57ae5d8999ae286c4f98b5c4bd943b8cbb64f6b0fc1f29e40?s=96&d=mm&r=g","url":"https:\/\/secure.gravatar.com\/avatar\/c83ee539a067b9f57ae5d8999ae286c4f98b5c4bd943b8cbb64f6b0fc1f29e40?s=96&d=mm&r=g","contentUrl":"https:\/\/secure.gravatar.com\/avatar\/c83ee539a067b9f57ae5d8999ae286c4f98b5c4bd943b8cbb64f6b0fc1f29e40?s=96&d=mm&r=g","caption":"Klara i Rosa"},"sameAs":["https:\/\/klarairosa.com"],"url":"https:\/\/www.klarairosa.com\/hu\/author\/rosaiklara\/"}]}},"_links":{"self":[{"href":"https:\/\/www.klarairosa.com\/hu\/wp-json\/wp\/v2\/posts\/19566","targetHints":{"allow":["GET"]}}],"collection":[{"href":"https:\/\/www.klarairosa.com\/hu\/wp-json\/wp\/v2\/posts"}],"about":[{"href":"https:\/\/www.klarairosa.com\/hu\/wp-json\/wp\/v2\/types\/post"}],"author":[{"embeddable":true,"href":"https:\/\/www.klarairosa.com\/hu\/wp-json\/wp\/v2\/users\/1"}],"replies":[{"embeddable":true,"href":"https:\/\/www.klarairosa.com\/hu\/wp-json\/wp\/v2\/comments?post=19566"}],"version-history":[{"count":5,"href":"https:\/\/www.klarairosa.com\/hu\/wp-json\/wp\/v2\/posts\/19566\/revisions"}],"predecessor-version":[{"id":19641,"href":"https:\/\/www.klarairosa.com\/hu\/wp-json\/wp\/v2\/posts\/19566\/revisions\/19641"}],"wp:featuredmedia":[{"embeddable":true,"href":"https:\/\/www.klarairosa.com\/hu\/wp-json\/wp\/v2\/media\/19569"}],"wp:attachment":[{"href":"https:\/\/www.klarairosa.com\/hu\/wp-json\/wp\/v2\/media?parent=19566"}],"wp:term":[{"taxonomy":"category","embeddable":true,"href":"https:\/\/www.klarairosa.com\/hu\/wp-json\/wp\/v2\/categories?post=19566"},{"taxonomy":"post_tag","embeddable":true,"href":"https:\/\/www.klarairosa.com\/hu\/wp-json\/wp\/v2\/tags?post=19566"}],"curies":[{"name":"wp","href":"https:\/\/api.w.org\/{rel}","templated":true}]}}