{"id":19168,"date":"2023-03-21T13:53:02","date_gmt":"2023-03-21T13:53:02","guid":{"rendered":"https:\/\/www.klarairosa.com\/?p=19168"},"modified":"2023-04-24T18:50:53","modified_gmt":"2023-04-24T18:50:53","slug":"konkurs-za-teen-doc-radionicu","status":"publish","type":"post","link":"https:\/\/www.klarairosa.com\/hu\/konkurs-za-teen-doc-radionicu\/","title":{"rendered":"Teen Doc alkot\u00f3m\u0171hely p\u00e1ly\u00e1zat"},"content":{"rendered":"<p>A pozsegai Filmart f\u00fcggetlen filmes k\u00f6zpont p\u00e1ly\u00e1zatot hirdet az\u00a0<strong>Interaction Teen Doc m\u0171helyen val\u00f3 r\u00e9szv\u00e9telre.<\/strong>.<\/p>\n<p>.<\/p>\n<blockquote class='' style='border-left-color: #aeccc5;'><h5 class='blockquote-text' style='color: #aeccc5; line-height: undefinedpx;'>Rok: 10. april 2023.<\/h5><\/blockquote>\n<p>.<\/p>\n<p>A p\u00e1ly\u00e1zaton az al\u00e1bbi \u00f6t nyugat-balk\u00e1ni orsz\u00e1g k\u00f6z\u00e9piskol\u00e1sai indulhatnak: \u00c9szak-Maced\u00f3nia, Montenegr\u00f3, Bosznia-Hercegovina, Horv\u00e1torsz\u00e1g \u00e9s Szerbia. Jelentkez\u00e9si hat\u00e1rid\u0151 2023. \u00e1prilis 10. A versenybizotts\u00e1g legfeljebb 12-15 r\u00e9sztvev\u0151t v\u00e1laszt ki, \u00e9s ez \u00e9v \u00e1prilis v\u00e9g\u00e9ig hirdeti ki az eredm\u00e9nyt. A workshop a Western Balkans Fond t\u00e1mogat\u00e1s\u00e1val val\u00f3sul meg. Workshop id\u0151pontja 2023. augusztus 16-23. A r\u00e9szv\u00e9tel ingyenes!<\/p>\n<p>&nbsp;<\/p>\n<p>A Teen Doc workshopon a nyugat-balk\u00e1ni r\u00e9gi\u00f3b\u00f3l \u00e9rkez\u0151 tin\u00e9dzserek tal\u00e1lkozhatnak kort\u00e1rsaikkal. Lehet\u0151s\u00e9get kapnak kor\u00e1bbi tapasztalataikat, ismereteiket \u00e9s k\u00e9szs\u00e9geiket megoszt\u00e1s\u00e1t, \u00e9s \u00faj ismereteket szerezhetnek a kreat\u00edv dokumentumfilm rendez\u00e9se ter\u00fclet\u00e9n. Ezt k\u00f6vet\u0151en tapasztalt dokumentumfilmes munkat\u00e1rsaink workshopjain vehetnek r\u00e9szt. A workshopok szerb nyelv\u00fcnen zajlanak: 5 online prezent\u00e1ci\u00f3b\u00f3l \u00e9s egy \u00e9l\u0151 workshopb\u00f3l \u00e1llnak 2023 augusztus\u00e1ban, \u010ca\u010dakban. A r\u00e9sztvev\u0151k kisebb csapatokba \u00e1llva h\u00e1romperces kreat\u00edv dokumentumfilmeket forgatnak.<\/p>\n<p>&nbsp;<\/p>\n<p>Drugu godinu zaredom Filmart, u okviru Interakcije, organizuje Interakcija: festival kratkog dokumentarnog filma. Pored glavne, nagrade za najbolji film i nagrade publike, od ove godine, za najbolji film u takmi\u010darskoj selekciji, bi\u0107e dodeljena i nagrada \u017eirija mladih. Ovaj \u017eiri \u010dine, upravo, srednjo\u0161kolci, u\u010desnici Teen Doc radionice.<\/p>\n<p>&nbsp;<\/p>\n<p>Az Interaction Teen Doc Workshop 2023 \u2013 \"Egy jobb r\u00e9gi\u00f3 fel\u00e9\" rendezv\u00e9nyt a Nyugat-Balk\u00e1n Alap (WBF) \u00e9s az Eur\u00f3pai Uni\u00f3 finansz\u00edrozza a \u201eCivil t\u00e1rsadalom region\u00e1lis tev\u00e9kenys\u00e9geinek t\u00e1mogat\u00e1sa a Nyugat-Balk\u00e1non\u201d c\u00edm\u0171 region\u00e1lis projektekre vonatkoz\u00f3 p\u00e1ly\u00e1zati felh\u00edv\u00e1s r\u00e9szek\u00e9nt. \". A projektet a Nezavisni filmski Center Filmart val\u00f3s\u00edtja meg partnereivel: Underfill Festival Podgorica (Montenegr\u00f3), Prvi Kadar Isto\u010dno Sarajevo (BiH), Festival Winter Apricot Prilep (\u00c9szak-Maced\u00f3nia), Kinoklub Karlovac (Horv\u00e1torsz\u00e1g), Klara i Rosa Subotica \u00e9s SEEcult. org Belgr\u00e1d (Szerbia).<\/p>\n<p>&nbsp;<\/p>\n<p>&nbsp;<\/p>\n<p>Jelentkez\u00e9si lap:<\/p>\n<blockquote class=\"wp-embedded-content\" data-secret=\"qwvByjAYxG\"><p><a href=\"https:\/\/www.interaction.rs\/sr\/prijavni-obrazac_teen\/\">PRIJAVNI OBRAZAC_teen<\/a><\/p><\/blockquote>\n<p><iframe class=\"wp-embedded-content\" sandbox=\"allow-scripts\" security=\"restricted\" style=\"position: absolute; clip: rect(1px, 1px, 1px, 1px);\" title=\"&#8220;PRIJAVNI OBRAZAC_teen&#8221; &#8212; Interaction\" src=\"https:\/\/www.interaction.rs\/sr\/prijavni-obrazac_teen\/embed\/#?secret=ock4aLy4nJ#?secret=qwvByjAYxG\" data-secret=\"qwvByjAYxG\" width=\"600\" height=\"338\" frameborder=\"0\" marginwidth=\"0\" marginheight=\"0\" scrolling=\"no\"><\/iframe><\/p>\n<p>&nbsp;<\/p>\n<p>Vi\u0161e o tome mo\u017eete pro\u010ditati na sajtu:<\/p>\n<blockquote class=\"wp-embedded-content\" data-secret=\"BVl8BgNb2V\"><p><a href=\"https:\/\/www.interaction.rs\/sr\/teen-doc-2\/\">Teen Doc<\/a><\/p><\/blockquote>\n<p><iframe class=\"wp-embedded-content\" sandbox=\"allow-scripts\" security=\"restricted\" style=\"position: absolute; clip: rect(1px, 1px, 1px, 1px);\" title=\"&#8220;Teen Doc&#8221; &#8212; Interaction\" src=\"https:\/\/www.interaction.rs\/sr\/teen-doc-2\/embed\/#?secret=3z40M3cNRY#?secret=BVl8BgNb2V\" data-secret=\"BVl8BgNb2V\" width=\"600\" height=\"338\" frameborder=\"0\" marginwidth=\"0\" marginheight=\"0\" scrolling=\"no\"><\/iframe><\/p>","protected":false},"excerpt":{"rendered":"<p>Nezavisni filmski centar Filmart iz Po\u017eege, raspisuje konkurs za u\u010destvovanje u\u00a0Interaction Teen Doc radionici. &#8230;.<\/p>","protected":false},"author":1,"featured_media":19170,"comment_status":"closed","ping_status":"closed","sticky":false,"template":"","format":"standard","meta":{"content-type":"","inline_featured_image":false,"footnotes":""},"categories":[109,119],"tags":[121,128,129,139,140,138,133],"class_list":["post-19168","post","type-post","status-publish","format-standard","has-post-thumbnail","hentry","category-aktuelno","category-ostalo","tag-121","tag-film","tag-klarairosa","tag-konkurs","tag-radionica","tag-teendoc","tag-workshop"],"yoast_head":"<!-- This site is optimized with the Yoast SEO plugin v27.5 - https:\/\/yoast.com\/product\/yoast-seo-wordpress\/ -->\n<title>Konkurs za Teen Doc radionicu - Klara i Rosa<\/title>\n<meta name=\"robots\" content=\"index, follow, max-snippet:-1, max-image-preview:large, max-video-preview:-1\" \/>\n<link rel=\"canonical\" href=\"https:\/\/www.klarairosa.com\/hu\/konkurs-za-teen-doc-radionicu\/\" \/>\n<meta property=\"og:locale\" content=\"hu_HU\" \/>\n<meta property=\"og:type\" content=\"article\" \/>\n<meta property=\"og:title\" content=\"Konkurs za Teen Doc radionicu - Klara i Rosa\" \/>\n<meta property=\"og:description\" content=\"Nezavisni filmski centar Filmart iz Po\u017eege, raspisuje konkurs za u\u010destvovanje u\u00a0Interaction Teen Doc radionici. ....\" \/>\n<meta property=\"og:url\" content=\"https:\/\/www.klarairosa.com\/hu\/konkurs-za-teen-doc-radionicu\/\" \/>\n<meta property=\"og:site_name\" content=\"Klara i Rosa\" \/>\n<meta property=\"article:publisher\" content=\"https:\/\/www.facebook.com\/klarairosa\/\" \/>\n<meta property=\"article:published_time\" content=\"2023-03-21T13:53:02+00:00\" \/>\n<meta property=\"article:modified_time\" content=\"2023-04-24T18:50:53+00:00\" \/>\n<meta property=\"og:image\" content=\"https:\/\/www.klarairosa.com\/wp-content\/uploads\/2023\/03\/336594232_3496778273897116_4854011307456099216_n-e1679406771568.jpg\" \/>\n\t<meta property=\"og:image:width\" content=\"1438\" \/>\n\t<meta property=\"og:image:height\" content=\"1044\" \/>\n\t<meta property=\"og:image:type\" content=\"image\/jpeg\" \/>\n<meta name=\"author\" content=\"Klara i Rosa\" \/>\n<meta name=\"twitter:card\" content=\"summary_large_image\" \/>\n<meta name=\"twitter:label1\" content=\"Szerz\u0151:\" \/>\n\t<meta name=\"twitter:data1\" content=\"Klara i Rosa\" \/>\n\t<meta name=\"twitter:label2\" content=\"Becs\u00fclt olvas\u00e1si id\u0151\" \/>\n\t<meta name=\"twitter:data2\" content=\"2 perc\" \/>\n<script type=\"application\/ld+json\" class=\"yoast-schema-graph\">{\"@context\":\"https:\\\/\\\/schema.org\",\"@graph\":[{\"@type\":\"Article\",\"@id\":\"https:\\\/\\\/www.klarairosa.com\\\/konkurs-za-teen-doc-radionicu\\\/#article\",\"isPartOf\":{\"@id\":\"https:\\\/\\\/www.klarairosa.com\\\/konkurs-za-teen-doc-radionicu\\\/\"},\"author\":{\"name\":\"Klara i Rosa\",\"@id\":\"https:\\\/\\\/www.klarairosa.com\\\/en\\\/#\\\/schema\\\/person\\\/e4e7e9e5c8eeeddccf61e4532ae8e6ed\"},\"headline\":\"Konkurs za Teen Doc radionicu\",\"datePublished\":\"2023-03-21T13:53:02+00:00\",\"dateModified\":\"2023-04-24T18:50:53+00:00\",\"mainEntityOfPage\":{\"@id\":\"https:\\\/\\\/www.klarairosa.com\\\/konkurs-za-teen-doc-radionicu\\\/\"},\"wordCount\":360,\"publisher\":{\"@id\":\"https:\\\/\\\/www.klarairosa.com\\\/en\\\/#organization\"},\"image\":{\"@id\":\"https:\\\/\\\/www.klarairosa.com\\\/konkurs-za-teen-doc-radionicu\\\/#primaryimage\"},\"thumbnailUrl\":\"https:\\\/\\\/www.klarairosa.com\\\/wp-content\\\/uploads\\\/2023\\\/03\\\/336594232_3496778273897116_4854011307456099216_n-e1679406771568.jpg\",\"keywords\":[\"2023\",\"film\",\"klarairosa\",\"konkurs\",\"radionica\",\"teendoc\",\"workshop\"],\"articleSection\":[\"Aktuelno\",\"Ostalo\"],\"inLanguage\":\"hu\"},{\"@type\":\"WebPage\",\"@id\":\"https:\\\/\\\/www.klarairosa.com\\\/konkurs-za-teen-doc-radionicu\\\/\",\"url\":\"https:\\\/\\\/www.klarairosa.com\\\/konkurs-za-teen-doc-radionicu\\\/\",\"name\":\"Konkurs za Teen Doc radionicu - Klara i Rosa\",\"isPartOf\":{\"@id\":\"https:\\\/\\\/www.klarairosa.com\\\/en\\\/#website\"},\"primaryImageOfPage\":{\"@id\":\"https:\\\/\\\/www.klarairosa.com\\\/konkurs-za-teen-doc-radionicu\\\/#primaryimage\"},\"image\":{\"@id\":\"https:\\\/\\\/www.klarairosa.com\\\/konkurs-za-teen-doc-radionicu\\\/#primaryimage\"},\"thumbnailUrl\":\"https:\\\/\\\/www.klarairosa.com\\\/wp-content\\\/uploads\\\/2023\\\/03\\\/336594232_3496778273897116_4854011307456099216_n-e1679406771568.jpg\",\"datePublished\":\"2023-03-21T13:53:02+00:00\",\"dateModified\":\"2023-04-24T18:50:53+00:00\",\"breadcrumb\":{\"@id\":\"https:\\\/\\\/www.klarairosa.com\\\/konkurs-za-teen-doc-radionicu\\\/#breadcrumb\"},\"inLanguage\":\"hu\",\"potentialAction\":[{\"@type\":\"ReadAction\",\"target\":[\"https:\\\/\\\/www.klarairosa.com\\\/konkurs-za-teen-doc-radionicu\\\/\"]}]},{\"@type\":\"ImageObject\",\"inLanguage\":\"hu\",\"@id\":\"https:\\\/\\\/www.klarairosa.com\\\/konkurs-za-teen-doc-radionicu\\\/#primaryimage\",\"url\":\"https:\\\/\\\/www.klarairosa.com\\\/wp-content\\\/uploads\\\/2023\\\/03\\\/336594232_3496778273897116_4854011307456099216_n-e1679406771568.jpg\",\"contentUrl\":\"https:\\\/\\\/www.klarairosa.com\\\/wp-content\\\/uploads\\\/2023\\\/03\\\/336594232_3496778273897116_4854011307456099216_n-e1679406771568.jpg\",\"width\":1438,\"height\":1044},{\"@type\":\"BreadcrumbList\",\"@id\":\"https:\\\/\\\/www.klarairosa.com\\\/konkurs-za-teen-doc-radionicu\\\/#breadcrumb\",\"itemListElement\":[{\"@type\":\"ListItem\",\"position\":1,\"name\":\"Home\",\"item\":\"https:\\\/\\\/www.klarairosa.com\\\/\"},{\"@type\":\"ListItem\",\"position\":2,\"name\":\"Konkurs za Teen Doc radionicu\"}]},{\"@type\":\"WebSite\",\"@id\":\"https:\\\/\\\/www.klarairosa.com\\\/en\\\/#website\",\"url\":\"https:\\\/\\\/www.klarairosa.com\\\/en\\\/\",\"name\":\"Klara i Rosa\",\"description\":\"Klara i Rosa\",\"publisher\":{\"@id\":\"https:\\\/\\\/www.klarairosa.com\\\/en\\\/#organization\"},\"potentialAction\":[{\"@type\":\"SearchAction\",\"target\":{\"@type\":\"EntryPoint\",\"urlTemplate\":\"https:\\\/\\\/www.klarairosa.com\\\/en\\\/?s={search_term_string}\"},\"query-input\":{\"@type\":\"PropertyValueSpecification\",\"valueRequired\":true,\"valueName\":\"search_term_string\"}}],\"inLanguage\":\"hu\"},{\"@type\":\"Organization\",\"@id\":\"https:\\\/\\\/www.klarairosa.com\\\/en\\\/#organization\",\"name\":\"Klara i Rosa\",\"url\":\"https:\\\/\\\/www.klarairosa.com\\\/en\\\/\",\"logo\":{\"@type\":\"ImageObject\",\"inLanguage\":\"hu\",\"@id\":\"https:\\\/\\\/www.klarairosa.com\\\/en\\\/#\\\/schema\\\/logo\\\/image\\\/\",\"url\":\"https:\\\/\\\/www.klarairosa.com\\\/wp-content\\\/uploads\\\/2022\\\/01\\\/logo.svg\",\"contentUrl\":\"https:\\\/\\\/www.klarairosa.com\\\/wp-content\\\/uploads\\\/2022\\\/01\\\/logo.svg\",\"width\":110,\"height\":139,\"caption\":\"Klara i Rosa\"},\"image\":{\"@id\":\"https:\\\/\\\/www.klarairosa.com\\\/en\\\/#\\\/schema\\\/logo\\\/image\\\/\"},\"sameAs\":[\"https:\\\/\\\/www.facebook.com\\\/klarairosa\\\/\",\"https:\\\/\\\/www.instagram.com\\\/ugklarairosa\\\/\"]},{\"@type\":\"Person\",\"@id\":\"https:\\\/\\\/www.klarairosa.com\\\/en\\\/#\\\/schema\\\/person\\\/e4e7e9e5c8eeeddccf61e4532ae8e6ed\",\"name\":\"Klara i Rosa\",\"image\":{\"@type\":\"ImageObject\",\"inLanguage\":\"hu\",\"@id\":\"https:\\\/\\\/secure.gravatar.com\\\/avatar\\\/c83ee539a067b9f57ae5d8999ae286c4f98b5c4bd943b8cbb64f6b0fc1f29e40?s=96&d=mm&r=g\",\"url\":\"https:\\\/\\\/secure.gravatar.com\\\/avatar\\\/c83ee539a067b9f57ae5d8999ae286c4f98b5c4bd943b8cbb64f6b0fc1f29e40?s=96&d=mm&r=g\",\"contentUrl\":\"https:\\\/\\\/secure.gravatar.com\\\/avatar\\\/c83ee539a067b9f57ae5d8999ae286c4f98b5c4bd943b8cbb64f6b0fc1f29e40?s=96&d=mm&r=g\",\"caption\":\"Klara i Rosa\"},\"sameAs\":[\"https:\\\/\\\/klarairosa.com\"],\"url\":\"https:\\\/\\\/www.klarairosa.com\\\/hu\\\/author\\\/rosaiklara\\\/\"}]}<\/script>\n<!-- \/ Yoast SEO plugin. -->","yoast_head_json":{"title":"Konkurs za Teen Doc radionicu - Klara i Rosa","robots":{"index":"index","follow":"follow","max-snippet":"max-snippet:-1","max-image-preview":"max-image-preview:large","max-video-preview":"max-video-preview:-1"},"canonical":"https:\/\/www.klarairosa.com\/hu\/konkurs-za-teen-doc-radionicu\/","og_locale":"hu_HU","og_type":"article","og_title":"Konkurs za Teen Doc radionicu - Klara i Rosa","og_description":"Nezavisni filmski centar Filmart iz Po\u017eege, raspisuje konkurs za u\u010destvovanje u\u00a0Interaction Teen Doc radionici. ....","og_url":"https:\/\/www.klarairosa.com\/hu\/konkurs-za-teen-doc-radionicu\/","og_site_name":"Klara i Rosa","article_publisher":"https:\/\/www.facebook.com\/klarairosa\/","article_published_time":"2023-03-21T13:53:02+00:00","article_modified_time":"2023-04-24T18:50:53+00:00","og_image":[{"width":1438,"height":1044,"url":"https:\/\/www.klarairosa.com\/wp-content\/uploads\/2023\/03\/336594232_3496778273897116_4854011307456099216_n-e1679406771568.jpg","type":"image\/jpeg"}],"author":"Klara i Rosa","twitter_card":"summary_large_image","twitter_misc":{"Szerz\u0151:":"Klara i Rosa","Becs\u00fclt olvas\u00e1si id\u0151":"2 perc"},"schema":{"@context":"https:\/\/schema.org","@graph":[{"@type":"Article","@id":"https:\/\/www.klarairosa.com\/konkurs-za-teen-doc-radionicu\/#article","isPartOf":{"@id":"https:\/\/www.klarairosa.com\/konkurs-za-teen-doc-radionicu\/"},"author":{"name":"Klara i Rosa","@id":"https:\/\/www.klarairosa.com\/en\/#\/schema\/person\/e4e7e9e5c8eeeddccf61e4532ae8e6ed"},"headline":"Konkurs za Teen Doc radionicu","datePublished":"2023-03-21T13:53:02+00:00","dateModified":"2023-04-24T18:50:53+00:00","mainEntityOfPage":{"@id":"https:\/\/www.klarairosa.com\/konkurs-za-teen-doc-radionicu\/"},"wordCount":360,"publisher":{"@id":"https:\/\/www.klarairosa.com\/en\/#organization"},"image":{"@id":"https:\/\/www.klarairosa.com\/konkurs-za-teen-doc-radionicu\/#primaryimage"},"thumbnailUrl":"https:\/\/www.klarairosa.com\/wp-content\/uploads\/2023\/03\/336594232_3496778273897116_4854011307456099216_n-e1679406771568.jpg","keywords":["2023","film","klarairosa","konkurs","radionica","teendoc","workshop"],"articleSection":["Aktuelno","Ostalo"],"inLanguage":"hu"},{"@type":"WebPage","@id":"https:\/\/www.klarairosa.com\/konkurs-za-teen-doc-radionicu\/","url":"https:\/\/www.klarairosa.com\/konkurs-za-teen-doc-radionicu\/","name":"Konkurs za Teen Doc radionicu - Klara i Rosa","isPartOf":{"@id":"https:\/\/www.klarairosa.com\/en\/#website"},"primaryImageOfPage":{"@id":"https:\/\/www.klarairosa.com\/konkurs-za-teen-doc-radionicu\/#primaryimage"},"image":{"@id":"https:\/\/www.klarairosa.com\/konkurs-za-teen-doc-radionicu\/#primaryimage"},"thumbnailUrl":"https:\/\/www.klarairosa.com\/wp-content\/uploads\/2023\/03\/336594232_3496778273897116_4854011307456099216_n-e1679406771568.jpg","datePublished":"2023-03-21T13:53:02+00:00","dateModified":"2023-04-24T18:50:53+00:00","breadcrumb":{"@id":"https:\/\/www.klarairosa.com\/konkurs-za-teen-doc-radionicu\/#breadcrumb"},"inLanguage":"hu","potentialAction":[{"@type":"ReadAction","target":["https:\/\/www.klarairosa.com\/konkurs-za-teen-doc-radionicu\/"]}]},{"@type":"ImageObject","inLanguage":"hu","@id":"https:\/\/www.klarairosa.com\/konkurs-za-teen-doc-radionicu\/#primaryimage","url":"https:\/\/www.klarairosa.com\/wp-content\/uploads\/2023\/03\/336594232_3496778273897116_4854011307456099216_n-e1679406771568.jpg","contentUrl":"https:\/\/www.klarairosa.com\/wp-content\/uploads\/2023\/03\/336594232_3496778273897116_4854011307456099216_n-e1679406771568.jpg","width":1438,"height":1044},{"@type":"BreadcrumbList","@id":"https:\/\/www.klarairosa.com\/konkurs-za-teen-doc-radionicu\/#breadcrumb","itemListElement":[{"@type":"ListItem","position":1,"name":"Home","item":"https:\/\/www.klarairosa.com\/"},{"@type":"ListItem","position":2,"name":"Konkurs za Teen Doc radionicu"}]},{"@type":"WebSite","@id":"https:\/\/www.klarairosa.com\/en\/#website","url":"https:\/\/www.klarairosa.com\/en\/","name":"Kl\u00e1ra \u00e9s Rosa Egyes\u00fclet","description":"Kl\u00e1ra \u00e9s Rosa Egyes\u00fclet","publisher":{"@id":"https:\/\/www.klarairosa.com\/en\/#organization"},"potentialAction":[{"@type":"SearchAction","target":{"@type":"EntryPoint","urlTemplate":"https:\/\/www.klarairosa.com\/en\/?s={search_term_string}"},"query-input":{"@type":"PropertyValueSpecification","valueRequired":true,"valueName":"search_term_string"}}],"inLanguage":"hu"},{"@type":"Organization","@id":"https:\/\/www.klarairosa.com\/en\/#organization","name":"Kl\u00e1ra \u00e9s Rosa Egyes\u00fclet","url":"https:\/\/www.klarairosa.com\/en\/","logo":{"@type":"ImageObject","inLanguage":"hu","@id":"https:\/\/www.klarairosa.com\/en\/#\/schema\/logo\/image\/","url":"https:\/\/www.klarairosa.com\/wp-content\/uploads\/2022\/01\/logo.svg","contentUrl":"https:\/\/www.klarairosa.com\/wp-content\/uploads\/2022\/01\/logo.svg","width":110,"height":139,"caption":"Klara i Rosa"},"image":{"@id":"https:\/\/www.klarairosa.com\/en\/#\/schema\/logo\/image\/"},"sameAs":["https:\/\/www.facebook.com\/klarairosa\/","https:\/\/www.instagram.com\/ugklarairosa\/"]},{"@type":"Person","@id":"https:\/\/www.klarairosa.com\/en\/#\/schema\/person\/e4e7e9e5c8eeeddccf61e4532ae8e6ed","name":"Kl\u00e1ra \u00e9s Rosa Egyes\u00fclet","image":{"@type":"ImageObject","inLanguage":"hu","@id":"https:\/\/secure.gravatar.com\/avatar\/c83ee539a067b9f57ae5d8999ae286c4f98b5c4bd943b8cbb64f6b0fc1f29e40?s=96&d=mm&r=g","url":"https:\/\/secure.gravatar.com\/avatar\/c83ee539a067b9f57ae5d8999ae286c4f98b5c4bd943b8cbb64f6b0fc1f29e40?s=96&d=mm&r=g","contentUrl":"https:\/\/secure.gravatar.com\/avatar\/c83ee539a067b9f57ae5d8999ae286c4f98b5c4bd943b8cbb64f6b0fc1f29e40?s=96&d=mm&r=g","caption":"Klara i Rosa"},"sameAs":["https:\/\/klarairosa.com"],"url":"https:\/\/www.klarairosa.com\/hu\/author\/rosaiklara\/"}]}},"_links":{"self":[{"href":"https:\/\/www.klarairosa.com\/hu\/wp-json\/wp\/v2\/posts\/19168","targetHints":{"allow":["GET"]}}],"collection":[{"href":"https:\/\/www.klarairosa.com\/hu\/wp-json\/wp\/v2\/posts"}],"about":[{"href":"https:\/\/www.klarairosa.com\/hu\/wp-json\/wp\/v2\/types\/post"}],"author":[{"embeddable":true,"href":"https:\/\/www.klarairosa.com\/hu\/wp-json\/wp\/v2\/users\/1"}],"replies":[{"embeddable":true,"href":"https:\/\/www.klarairosa.com\/hu\/wp-json\/wp\/v2\/comments?post=19168"}],"version-history":[{"count":4,"href":"https:\/\/www.klarairosa.com\/hu\/wp-json\/wp\/v2\/posts\/19168\/revisions"}],"predecessor-version":[{"id":19324,"href":"https:\/\/www.klarairosa.com\/hu\/wp-json\/wp\/v2\/posts\/19168\/revisions\/19324"}],"wp:featuredmedia":[{"embeddable":true,"href":"https:\/\/www.klarairosa.com\/hu\/wp-json\/wp\/v2\/media\/19170"}],"wp:attachment":[{"href":"https:\/\/www.klarairosa.com\/hu\/wp-json\/wp\/v2\/media?parent=19168"}],"wp:term":[{"taxonomy":"category","embeddable":true,"href":"https:\/\/www.klarairosa.com\/hu\/wp-json\/wp\/v2\/categories?post=19168"},{"taxonomy":"post_tag","embeddable":true,"href":"https:\/\/www.klarairosa.com\/hu\/wp-json\/wp\/v2\/tags?post=19168"}],"curies":[{"name":"wp","href":"https:\/\/api.w.org\/{rel}","templated":true}]}}