{"id":19053,"date":"2023-01-31T11:50:34","date_gmt":"2023-01-31T11:50:34","guid":{"rendered":"https:\/\/www.klarairosa.com\/?p=19053"},"modified":"2023-04-15T13:18:18","modified_gmt":"2023-04-15T13:18:18","slug":"objavljen-leksikon-subotickih-umetnika","status":"publish","type":"post","link":"https:\/\/www.klarairosa.com\/hu\/objavljen-leksikon-subotickih-umetnika\/","title":{"rendered":"Szabadkai m\u0171v\u00e9szek lexikonja 70-00"},"content":{"rendered":"<div class=\"x11i5rnm xat24cr x1mh8g0r x1vvkbs xtlvy1s x126k92a\">\n<div dir=\"auto\">\n<div>\n<p><strong>Az \"Klara i Rosa\" egyes\u00fclet \u00e9s a Kort\u00e1rs Kultur\u00e1lis \u00e9s M\u0171v\u00e9szeti K\u00f6zpont kiad\u00e1s\u00e1ban megjelent a szabadkai m\u0171v\u00e9szek lexikonja, amely az 1970 \u00e9s 2000 k\u00f6z\u00f6tti id\u0151szakban sz\u00fclettek Szabadk\u00e0n, vagy a v\u00e1rosban \u00e9l\u0151 m\u0171v\u00e9szek gy\u0171jtem\u00e9ny\u00e9t k\u00e9pviseli. A lexikon \u00e9letrajzokat, alkot\u00e1sokat \u00e9s az alkot\u00f3k el\u00e9rhet\u0151s\u00e9g\u00e9t tartalmazza. Beszerezhet\u0151 a \"Klara i Rosa\" egyes\u00fclet telephely\u00e9r\u0151l, Szabadk\u00e0n, a Pet\u0151fi S\u00e1ndor utca 15 sz\u00e1m alatt.<\/strong><\/p>\n<p>&nbsp;<\/p>\n<p>M\u0171v\u00e9szek:<\/p>\n<p>Aleksandar Boti\u0107, Edita Kadiri\u0107, Pesti Sutus Emma, Kany\u00f3 Ervin, Ivana Mari\u0107, Kis Endre, Kl\u00e1j\u00f3 Adri\u00e1n, Ricz G\u00e9za, S\u00e1ndor Laura, Svetlana \u017ddrnja, Jelena Gruji\u010di\u0107, Jovana Relji\u0107, Maja Rako\u010devi\u0107 Cvijanov, Aleksandra Devi\u0107, Mia Mari\u0107, Nera Pletikosi\u0107, Sergej Radulovi\u0107, Tanja Uveri\u0107, Vladimir Jani\u0107, Zita \u0160uhajda, Manojlo Maravi\u0107, Marijana Buljov\u010di\u0107, Melinda \u0160ef\u010di\u0107, Milo\u0161 Bibi\u0107, Miroslav Lazendi\u0107, Nikola Zaklan, Paula Muhr, Ksenija Kova\u010devi\u0107, Antal L\u00e1szlo, Lea Vidakovi\u0107, Ratka Lugumerski Teber, Melinda Torok, Vanja Suboti\u0107, Daniela Mamu\u017ei\u0107, Jona Mikovi\u0107, Emil Kadiri\u0107, Mina Raki\u0107, Lak R\u00f3bert, Ena Vidakovi\u0107 Jovan\u010di\u0107, Nagy Korn\u00e9lia, Szentp\u00e9teri D\u00f3ra, Livia Salai, Nora Ljubanovi\u0107 Evetovi\u0107, Slancik \u00c1rp\u00e1d \u00e9s  \u017delimir Bari\u0107.<\/p>\n<p>&nbsp;<\/p>\n<p>A Patreonon kereszt\u00fcl adom\u00e1nyokkal t\u00e1mogathatja az egyes\u00fclet munk\u00e1j\u00e1t <a href=\"https:\/\/www.patreon.com\/klarairosa?fbclid=IwAR3uTlKqvXBRO_FSMC9_1TtqagneLTdVjFXf3Szm0gjW9VPYwhQ_Mn5YCE4\">https:\/\/www.patreon.com\/klarairosa<\/a><\/p>\n<\/div>\n<\/div>\n<\/div>\n<p>&nbsp;<\/p>\n<p>&nbsp;<\/p>\n<p>&nbsp;<\/p>\n<p>&nbsp;<\/p>\n<p>&nbsp;<\/p>\n<div class=\"x11i5rnm xat24cr x1mh8g0r x1vvkbs xtlvy1s x126k92a\">\n<div dir=\"auto\">\n<div><\/div>\n<div><\/div>\n<\/div>\n<\/div>","protected":false},"excerpt":{"rendered":"<p>U izdanju UG \u201cKlara i Rosa\u201d i Centra za savremenu kulturu i umetnost, objavljen je&#8230;<\/p>","protected":false},"author":1,"featured_media":19054,"comment_status":"closed","ping_status":"closed","sticky":false,"template":"","format":"standard","meta":{"content-type":"","inline_featured_image":false,"footnotes":""},"categories":[109,53],"tags":[18,127,124],"class_list":["post-19053","post","type-post","status-publish","format-standard","has-post-thumbnail","hentry","category-aktuelno","category-csku-kao-pokretac-drustvene-promene","tag-art","tag-book","tag-klara-i-rosa"],"yoast_head":"<!-- This site is optimized with the Yoast SEO plugin v27.5 - https:\/\/yoast.com\/product\/yoast-seo-wordpress\/ -->\n<title>Leksikon suboti\u010dkih umetnika 70-00 - Klara i Rosa<\/title>\n<meta name=\"robots\" content=\"index, follow, max-snippet:-1, max-image-preview:large, max-video-preview:-1\" \/>\n<link rel=\"canonical\" href=\"https:\/\/www.klarairosa.com\/hu\/objavljen-leksikon-subotickih-umetnika\/\" \/>\n<meta property=\"og:locale\" content=\"hu_HU\" \/>\n<meta property=\"og:type\" content=\"article\" \/>\n<meta property=\"og:title\" content=\"Leksikon suboti\u010dkih umetnika 70-00 - Klara i Rosa\" \/>\n<meta property=\"og:description\" content=\"U izdanju UG \u201cKlara i Rosa\u201d i Centra za savremenu kulturu i umetnost, objavljen je...\" \/>\n<meta property=\"og:url\" content=\"https:\/\/www.klarairosa.com\/hu\/objavljen-leksikon-subotickih-umetnika\/\" \/>\n<meta property=\"og:site_name\" content=\"Klara i Rosa\" \/>\n<meta property=\"article:publisher\" content=\"https:\/\/www.facebook.com\/klarairosa\/\" \/>\n<meta property=\"article:published_time\" content=\"2023-01-31T11:50:34+00:00\" \/>\n<meta property=\"article:modified_time\" content=\"2023-04-15T13:18:18+00:00\" \/>\n<meta property=\"og:image\" content=\"https:\/\/www.klarairosa.com\/wp-content\/uploads\/2023\/01\/20230127_113425-scaled-e1675165792616.jpg\" \/>\n\t<meta property=\"og:image:width\" content=\"2002\" \/>\n\t<meta property=\"og:image:height\" content=\"1913\" \/>\n\t<meta property=\"og:image:type\" content=\"image\/jpeg\" \/>\n<meta name=\"author\" content=\"Klara i Rosa\" \/>\n<meta name=\"twitter:card\" content=\"summary_large_image\" \/>\n<meta name=\"twitter:label1\" content=\"Szerz\u0151:\" \/>\n\t<meta name=\"twitter:data1\" content=\"Klara i Rosa\" \/>\n\t<meta name=\"twitter:label2\" content=\"Becs\u00fclt olvas\u00e1si id\u0151\" \/>\n\t<meta name=\"twitter:data2\" content=\"1 perc\" \/>\n<script type=\"application\/ld+json\" class=\"yoast-schema-graph\">{\"@context\":\"https:\\\/\\\/schema.org\",\"@graph\":[{\"@type\":\"Article\",\"@id\":\"https:\\\/\\\/www.klarairosa.com\\\/objavljen-leksikon-subotickih-umetnika\\\/#article\",\"isPartOf\":{\"@id\":\"https:\\\/\\\/www.klarairosa.com\\\/objavljen-leksikon-subotickih-umetnika\\\/\"},\"author\":{\"name\":\"Klara i Rosa\",\"@id\":\"https:\\\/\\\/www.klarairosa.com\\\/en\\\/#\\\/schema\\\/person\\\/e4e7e9e5c8eeeddccf61e4532ae8e6ed\"},\"headline\":\"Leksikon suboti\u010dkih umetnika 70-00\",\"datePublished\":\"2023-01-31T11:50:34+00:00\",\"dateModified\":\"2023-04-15T13:18:18+00:00\",\"mainEntityOfPage\":{\"@id\":\"https:\\\/\\\/www.klarairosa.com\\\/objavljen-leksikon-subotickih-umetnika\\\/\"},\"wordCount\":207,\"publisher\":{\"@id\":\"https:\\\/\\\/www.klarairosa.com\\\/en\\\/#organization\"},\"image\":{\"@id\":\"https:\\\/\\\/www.klarairosa.com\\\/objavljen-leksikon-subotickih-umetnika\\\/#primaryimage\"},\"thumbnailUrl\":\"https:\\\/\\\/www.klarairosa.com\\\/wp-content\\\/uploads\\\/2023\\\/01\\\/20230127_113425-scaled-e1675165792616.jpg\",\"keywords\":[\"Art\",\"book\",\"Klara i Rosa\"],\"articleSection\":[\"Aktuelno\",\"CSKU\"],\"inLanguage\":\"hu\"},{\"@type\":\"WebPage\",\"@id\":\"https:\\\/\\\/www.klarairosa.com\\\/objavljen-leksikon-subotickih-umetnika\\\/\",\"url\":\"https:\\\/\\\/www.klarairosa.com\\\/objavljen-leksikon-subotickih-umetnika\\\/\",\"name\":\"Leksikon suboti\u010dkih umetnika 70-00 - Klara i Rosa\",\"isPartOf\":{\"@id\":\"https:\\\/\\\/www.klarairosa.com\\\/en\\\/#website\"},\"primaryImageOfPage\":{\"@id\":\"https:\\\/\\\/www.klarairosa.com\\\/objavljen-leksikon-subotickih-umetnika\\\/#primaryimage\"},\"image\":{\"@id\":\"https:\\\/\\\/www.klarairosa.com\\\/objavljen-leksikon-subotickih-umetnika\\\/#primaryimage\"},\"thumbnailUrl\":\"https:\\\/\\\/www.klarairosa.com\\\/wp-content\\\/uploads\\\/2023\\\/01\\\/20230127_113425-scaled-e1675165792616.jpg\",\"datePublished\":\"2023-01-31T11:50:34+00:00\",\"dateModified\":\"2023-04-15T13:18:18+00:00\",\"breadcrumb\":{\"@id\":\"https:\\\/\\\/www.klarairosa.com\\\/objavljen-leksikon-subotickih-umetnika\\\/#breadcrumb\"},\"inLanguage\":\"hu\",\"potentialAction\":[{\"@type\":\"ReadAction\",\"target\":[\"https:\\\/\\\/www.klarairosa.com\\\/objavljen-leksikon-subotickih-umetnika\\\/\"]}]},{\"@type\":\"ImageObject\",\"inLanguage\":\"hu\",\"@id\":\"https:\\\/\\\/www.klarairosa.com\\\/objavljen-leksikon-subotickih-umetnika\\\/#primaryimage\",\"url\":\"https:\\\/\\\/www.klarairosa.com\\\/wp-content\\\/uploads\\\/2023\\\/01\\\/20230127_113425-scaled-e1675165792616.jpg\",\"contentUrl\":\"https:\\\/\\\/www.klarairosa.com\\\/wp-content\\\/uploads\\\/2023\\\/01\\\/20230127_113425-scaled-e1675165792616.jpg\",\"width\":2002,\"height\":1913},{\"@type\":\"BreadcrumbList\",\"@id\":\"https:\\\/\\\/www.klarairosa.com\\\/objavljen-leksikon-subotickih-umetnika\\\/#breadcrumb\",\"itemListElement\":[{\"@type\":\"ListItem\",\"position\":1,\"name\":\"Home\",\"item\":\"https:\\\/\\\/www.klarairosa.com\\\/\"},{\"@type\":\"ListItem\",\"position\":2,\"name\":\"Leksikon suboti\u010dkih umetnika 70-00\"}]},{\"@type\":\"WebSite\",\"@id\":\"https:\\\/\\\/www.klarairosa.com\\\/en\\\/#website\",\"url\":\"https:\\\/\\\/www.klarairosa.com\\\/en\\\/\",\"name\":\"Klara i Rosa\",\"description\":\"Klara i Rosa\",\"publisher\":{\"@id\":\"https:\\\/\\\/www.klarairosa.com\\\/en\\\/#organization\"},\"potentialAction\":[{\"@type\":\"SearchAction\",\"target\":{\"@type\":\"EntryPoint\",\"urlTemplate\":\"https:\\\/\\\/www.klarairosa.com\\\/en\\\/?s={search_term_string}\"},\"query-input\":{\"@type\":\"PropertyValueSpecification\",\"valueRequired\":true,\"valueName\":\"search_term_string\"}}],\"inLanguage\":\"hu\"},{\"@type\":\"Organization\",\"@id\":\"https:\\\/\\\/www.klarairosa.com\\\/en\\\/#organization\",\"name\":\"Klara i Rosa\",\"url\":\"https:\\\/\\\/www.klarairosa.com\\\/en\\\/\",\"logo\":{\"@type\":\"ImageObject\",\"inLanguage\":\"hu\",\"@id\":\"https:\\\/\\\/www.klarairosa.com\\\/en\\\/#\\\/schema\\\/logo\\\/image\\\/\",\"url\":\"https:\\\/\\\/www.klarairosa.com\\\/wp-content\\\/uploads\\\/2022\\\/01\\\/logo.svg\",\"contentUrl\":\"https:\\\/\\\/www.klarairosa.com\\\/wp-content\\\/uploads\\\/2022\\\/01\\\/logo.svg\",\"width\":110,\"height\":139,\"caption\":\"Klara i Rosa\"},\"image\":{\"@id\":\"https:\\\/\\\/www.klarairosa.com\\\/en\\\/#\\\/schema\\\/logo\\\/image\\\/\"},\"sameAs\":[\"https:\\\/\\\/www.facebook.com\\\/klarairosa\\\/\",\"https:\\\/\\\/www.instagram.com\\\/ugklarairosa\\\/\"]},{\"@type\":\"Person\",\"@id\":\"https:\\\/\\\/www.klarairosa.com\\\/en\\\/#\\\/schema\\\/person\\\/e4e7e9e5c8eeeddccf61e4532ae8e6ed\",\"name\":\"Klara i Rosa\",\"image\":{\"@type\":\"ImageObject\",\"inLanguage\":\"hu\",\"@id\":\"https:\\\/\\\/secure.gravatar.com\\\/avatar\\\/c83ee539a067b9f57ae5d8999ae286c4f98b5c4bd943b8cbb64f6b0fc1f29e40?s=96&d=mm&r=g\",\"url\":\"https:\\\/\\\/secure.gravatar.com\\\/avatar\\\/c83ee539a067b9f57ae5d8999ae286c4f98b5c4bd943b8cbb64f6b0fc1f29e40?s=96&d=mm&r=g\",\"contentUrl\":\"https:\\\/\\\/secure.gravatar.com\\\/avatar\\\/c83ee539a067b9f57ae5d8999ae286c4f98b5c4bd943b8cbb64f6b0fc1f29e40?s=96&d=mm&r=g\",\"caption\":\"Klara i Rosa\"},\"sameAs\":[\"https:\\\/\\\/klarairosa.com\"],\"url\":\"https:\\\/\\\/www.klarairosa.com\\\/hu\\\/author\\\/rosaiklara\\\/\"}]}<\/script>\n<!-- \/ Yoast SEO plugin. -->","yoast_head_json":{"title":"Leksikon suboti\u010dkih umetnika 70-00 - Klara i Rosa","robots":{"index":"index","follow":"follow","max-snippet":"max-snippet:-1","max-image-preview":"max-image-preview:large","max-video-preview":"max-video-preview:-1"},"canonical":"https:\/\/www.klarairosa.com\/hu\/objavljen-leksikon-subotickih-umetnika\/","og_locale":"hu_HU","og_type":"article","og_title":"Leksikon suboti\u010dkih umetnika 70-00 - Klara i Rosa","og_description":"U izdanju UG \u201cKlara i Rosa\u201d i Centra za savremenu kulturu i umetnost, objavljen je...","og_url":"https:\/\/www.klarairosa.com\/hu\/objavljen-leksikon-subotickih-umetnika\/","og_site_name":"Klara i Rosa","article_publisher":"https:\/\/www.facebook.com\/klarairosa\/","article_published_time":"2023-01-31T11:50:34+00:00","article_modified_time":"2023-04-15T13:18:18+00:00","og_image":[{"width":2002,"height":1913,"url":"https:\/\/www.klarairosa.com\/wp-content\/uploads\/2023\/01\/20230127_113425-scaled-e1675165792616.jpg","type":"image\/jpeg"}],"author":"Klara i Rosa","twitter_card":"summary_large_image","twitter_misc":{"Szerz\u0151:":"Klara i Rosa","Becs\u00fclt olvas\u00e1si id\u0151":"1 perc"},"schema":{"@context":"https:\/\/schema.org","@graph":[{"@type":"Article","@id":"https:\/\/www.klarairosa.com\/objavljen-leksikon-subotickih-umetnika\/#article","isPartOf":{"@id":"https:\/\/www.klarairosa.com\/objavljen-leksikon-subotickih-umetnika\/"},"author":{"name":"Klara i Rosa","@id":"https:\/\/www.klarairosa.com\/en\/#\/schema\/person\/e4e7e9e5c8eeeddccf61e4532ae8e6ed"},"headline":"Leksikon suboti\u010dkih umetnika 70-00","datePublished":"2023-01-31T11:50:34+00:00","dateModified":"2023-04-15T13:18:18+00:00","mainEntityOfPage":{"@id":"https:\/\/www.klarairosa.com\/objavljen-leksikon-subotickih-umetnika\/"},"wordCount":207,"publisher":{"@id":"https:\/\/www.klarairosa.com\/en\/#organization"},"image":{"@id":"https:\/\/www.klarairosa.com\/objavljen-leksikon-subotickih-umetnika\/#primaryimage"},"thumbnailUrl":"https:\/\/www.klarairosa.com\/wp-content\/uploads\/2023\/01\/20230127_113425-scaled-e1675165792616.jpg","keywords":["Art","book","Klara i Rosa"],"articleSection":["Aktuelno","CSKU"],"inLanguage":"hu"},{"@type":"WebPage","@id":"https:\/\/www.klarairosa.com\/objavljen-leksikon-subotickih-umetnika\/","url":"https:\/\/www.klarairosa.com\/objavljen-leksikon-subotickih-umetnika\/","name":"Leksikon suboti\u010dkih umetnika 70-00 - Klara i Rosa","isPartOf":{"@id":"https:\/\/www.klarairosa.com\/en\/#website"},"primaryImageOfPage":{"@id":"https:\/\/www.klarairosa.com\/objavljen-leksikon-subotickih-umetnika\/#primaryimage"},"image":{"@id":"https:\/\/www.klarairosa.com\/objavljen-leksikon-subotickih-umetnika\/#primaryimage"},"thumbnailUrl":"https:\/\/www.klarairosa.com\/wp-content\/uploads\/2023\/01\/20230127_113425-scaled-e1675165792616.jpg","datePublished":"2023-01-31T11:50:34+00:00","dateModified":"2023-04-15T13:18:18+00:00","breadcrumb":{"@id":"https:\/\/www.klarairosa.com\/objavljen-leksikon-subotickih-umetnika\/#breadcrumb"},"inLanguage":"hu","potentialAction":[{"@type":"ReadAction","target":["https:\/\/www.klarairosa.com\/objavljen-leksikon-subotickih-umetnika\/"]}]},{"@type":"ImageObject","inLanguage":"hu","@id":"https:\/\/www.klarairosa.com\/objavljen-leksikon-subotickih-umetnika\/#primaryimage","url":"https:\/\/www.klarairosa.com\/wp-content\/uploads\/2023\/01\/20230127_113425-scaled-e1675165792616.jpg","contentUrl":"https:\/\/www.klarairosa.com\/wp-content\/uploads\/2023\/01\/20230127_113425-scaled-e1675165792616.jpg","width":2002,"height":1913},{"@type":"BreadcrumbList","@id":"https:\/\/www.klarairosa.com\/objavljen-leksikon-subotickih-umetnika\/#breadcrumb","itemListElement":[{"@type":"ListItem","position":1,"name":"Home","item":"https:\/\/www.klarairosa.com\/"},{"@type":"ListItem","position":2,"name":"Leksikon suboti\u010dkih umetnika 70-00"}]},{"@type":"WebSite","@id":"https:\/\/www.klarairosa.com\/en\/#website","url":"https:\/\/www.klarairosa.com\/en\/","name":"Kl\u00e1ra \u00e9s Rosa Egyes\u00fclet","description":"Kl\u00e1ra \u00e9s Rosa Egyes\u00fclet","publisher":{"@id":"https:\/\/www.klarairosa.com\/en\/#organization"},"potentialAction":[{"@type":"SearchAction","target":{"@type":"EntryPoint","urlTemplate":"https:\/\/www.klarairosa.com\/en\/?s={search_term_string}"},"query-input":{"@type":"PropertyValueSpecification","valueRequired":true,"valueName":"search_term_string"}}],"inLanguage":"hu"},{"@type":"Organization","@id":"https:\/\/www.klarairosa.com\/en\/#organization","name":"Kl\u00e1ra \u00e9s Rosa Egyes\u00fclet","url":"https:\/\/www.klarairosa.com\/en\/","logo":{"@type":"ImageObject","inLanguage":"hu","@id":"https:\/\/www.klarairosa.com\/en\/#\/schema\/logo\/image\/","url":"https:\/\/www.klarairosa.com\/wp-content\/uploads\/2022\/01\/logo.svg","contentUrl":"https:\/\/www.klarairosa.com\/wp-content\/uploads\/2022\/01\/logo.svg","width":110,"height":139,"caption":"Klara i Rosa"},"image":{"@id":"https:\/\/www.klarairosa.com\/en\/#\/schema\/logo\/image\/"},"sameAs":["https:\/\/www.facebook.com\/klarairosa\/","https:\/\/www.instagram.com\/ugklarairosa\/"]},{"@type":"Person","@id":"https:\/\/www.klarairosa.com\/en\/#\/schema\/person\/e4e7e9e5c8eeeddccf61e4532ae8e6ed","name":"Kl\u00e1ra \u00e9s Rosa Egyes\u00fclet","image":{"@type":"ImageObject","inLanguage":"hu","@id":"https:\/\/secure.gravatar.com\/avatar\/c83ee539a067b9f57ae5d8999ae286c4f98b5c4bd943b8cbb64f6b0fc1f29e40?s=96&d=mm&r=g","url":"https:\/\/secure.gravatar.com\/avatar\/c83ee539a067b9f57ae5d8999ae286c4f98b5c4bd943b8cbb64f6b0fc1f29e40?s=96&d=mm&r=g","contentUrl":"https:\/\/secure.gravatar.com\/avatar\/c83ee539a067b9f57ae5d8999ae286c4f98b5c4bd943b8cbb64f6b0fc1f29e40?s=96&d=mm&r=g","caption":"Klara i Rosa"},"sameAs":["https:\/\/klarairosa.com"],"url":"https:\/\/www.klarairosa.com\/hu\/author\/rosaiklara\/"}]}},"_links":{"self":[{"href":"https:\/\/www.klarairosa.com\/hu\/wp-json\/wp\/v2\/posts\/19053","targetHints":{"allow":["GET"]}}],"collection":[{"href":"https:\/\/www.klarairosa.com\/hu\/wp-json\/wp\/v2\/posts"}],"about":[{"href":"https:\/\/www.klarairosa.com\/hu\/wp-json\/wp\/v2\/types\/post"}],"author":[{"embeddable":true,"href":"https:\/\/www.klarairosa.com\/hu\/wp-json\/wp\/v2\/users\/1"}],"replies":[{"embeddable":true,"href":"https:\/\/www.klarairosa.com\/hu\/wp-json\/wp\/v2\/comments?post=19053"}],"version-history":[{"count":7,"href":"https:\/\/www.klarairosa.com\/hu\/wp-json\/wp\/v2\/posts\/19053\/revisions"}],"predecessor-version":[{"id":19061,"href":"https:\/\/www.klarairosa.com\/hu\/wp-json\/wp\/v2\/posts\/19053\/revisions\/19061"}],"wp:featuredmedia":[{"embeddable":true,"href":"https:\/\/www.klarairosa.com\/hu\/wp-json\/wp\/v2\/media\/19054"}],"wp:attachment":[{"href":"https:\/\/www.klarairosa.com\/hu\/wp-json\/wp\/v2\/media?parent=19053"}],"wp:term":[{"taxonomy":"category","embeddable":true,"href":"https:\/\/www.klarairosa.com\/hu\/wp-json\/wp\/v2\/categories?post=19053"},{"taxonomy":"post_tag","embeddable":true,"href":"https:\/\/www.klarairosa.com\/hu\/wp-json\/wp\/v2\/tags?post=19053"}],"curies":[{"name":"wp","href":"https:\/\/api.w.org\/{rel}","templated":true}]}}