{"id":18169,"date":"2022-04-05T17:41:00","date_gmt":"2022-04-05T17:41:00","guid":{"rendered":"https:\/\/www.klarairosa.com\/?p=18169"},"modified":"2022-05-30T19:59:24","modified_gmt":"2022-05-30T19:59:24","slug":"sa-magnetofonskih-traka","status":"publish","type":"post","link":"https:\/\/www.klarairosa.com\/hu\/sa-magnetofonskih-traka\/","title":{"rendered":"Sa magnetofonskih traka"},"content":{"rendered":"<div class=\"o9v6fnle cxmmr5t8 oygrvhab hcukyx3x c1et5uql ii04i59q\">\n<div dir=\"auto\">\n<div class=\"wpb_text_column wpb_content_element\">\n<div class=\"wpb_wrapper\">\n<p>Tokom sedamdesetih i osamdesetih godina XX veka dogodila se ekspanzija magnetofona, aparata koji reprodukuje zvuk putem magnetnih traka. Prodavali su se u paketu sa mikrofonom, \u0161to je omogu\u0107ilo korisnicima \u00a0da snime svoj glas ili glasove svojih bli\u017enjih. Iako se sami magnetofoni danas retko pronalaze, ako su uop\u0161te u funkciji, magnetofonske trake se jo\u0161 uvek mogu prona\u0107i u ku\u0107nim arhivama, na buvljacima, ili deponijama sme\u0107a. Ova emisija je svojevrsna arheologija izgubljenih zvu\u010dnih zapisa nepoznatog autorstva.<\/p>\n<p>.<\/p>\n<blockquote class='' style='border-left-color: #aeccc5;'><h5 class='blockquote-text' style='color: #aeccc5; line-height: undefinedpx;'>Sreda, 19:00 \/ Nedelja, 19:00 \/ Radio Plac<\/h5><\/blockquote>\n<p>.<\/p>\n<p><strong>Autor emisije:<\/strong>\u00a0Predrag Vitner<\/p>\n<p>.<\/p>\n<p><span style=\"color: #3366ff;\"><a style=\"color: #3366ff;\" href=\"https:\/\/www.ckplac.org\/plac-radio\/\">Radio Plac<\/a><\/span><\/p>\n<p>.<\/p>\n<p><iframe title=\"Sa Magnetofonskih Traka - Epizoda 1\" width=\"100%\" height=\"120\" src=\"https:\/\/www.mixcloud.com\/widget\/iframe\/?feed=https%3A%2F%2Fwww.mixcloud.com%2Fradioplac%2Fsa-magnetofonskih-traka-epizoda-1%2F&amp;hide_cover=1\" frameborder=\"0\"><\/iframe><\/p>\n<p><iframe title=\"Sa Magnetofonskih Traka - Epizoda 2\" width=\"100%\" height=\"120\" src=\"https:\/\/www.mixcloud.com\/widget\/iframe\/?feed=https%3A%2F%2Fwww.mixcloud.com%2Fradioplac%2Fsa-magnetofonskih-traka-epizoda-2%2F&amp;hide_cover=1\" frameborder=\"0\"><\/iframe><\/p>\n<p><iframe title=\"Sa Magnetofonskih Traka - Epizoda 3\" width=\"100%\" height=\"120\" src=\"https:\/\/www.mixcloud.com\/widget\/iframe\/?feed=https%3A%2F%2Fwww.mixcloud.com%2Fradioplac%2Fsa-magnetofonskih-traka-epizoda-3%2F&amp;hide_cover=1\" frameborder=\"0\"><\/iframe><\/p>\n<p><iframe title=\"Sa Magnetofonskih Traka - Epizoda 4\" width=\"100%\" height=\"120\" src=\"https:\/\/www.mixcloud.com\/widget\/iframe\/?feed=https%3A%2F%2Fwww.mixcloud.com%2Fradioplac%2Fsa-magnetofonskih-traka-epizoda-4%2F&amp;hide_cover=1\" frameborder=\"0\"><\/iframe><\/p>\n<p><iframe title=\"Sa Magnetofonskih Traka - Epizoda 5\" width=\"100%\" height=\"120\" src=\"https:\/\/www.mixcloud.com\/widget\/iframe\/?feed=https%3A%2F%2Fwww.mixcloud.com%2Fradioplac%2Fsa-magnetofonskih-traka-epizoda-5%2F&amp;hide_cover=1\" frameborder=\"0\"><\/iframe><\/p>\n<p><iframe title=\"Sa Magnetofonskih Traka - Epizoda 6\" width=\"100%\" height=\"120\" src=\"https:\/\/www.mixcloud.com\/widget\/iframe\/?feed=https%3A%2F%2Fwww.mixcloud.com%2Fradioplac%2Fsa-magnetofonskih-traka-epizoda-6%2F&amp;hide_cover=1\" frameborder=\"0\"><\/iframe><\/p>\n<p><iframe title=\"Sa Magnetofonskih Traka - Epizoda 7\" width=\"100%\" height=\"120\" src=\"https:\/\/www.mixcloud.com\/widget\/iframe\/?feed=https%3A%2F%2Fwww.mixcloud.com%2Fradioplac%2Fsa-magnetofonskih-traka-epizoda-7%2F&amp;hide_cover=1\" frameborder=\"0\"><\/iframe><\/p>\n<p><iframe title=\"Sa Magnetofonskih Traka - Epizoda 8\" width=\"100%\" height=\"120\" src=\"https:\/\/www.mixcloud.com\/widget\/iframe\/?feed=https%3A%2F%2Fwww.mixcloud.com%2Fradioplac%2Fsa-magnetofonskih-traka-epizoda-8%2F&amp;hide_cover=1\" frameborder=\"0\"><\/iframe><\/p>\n<\/div>\n<\/div>\n<div class=\"wpb_text_column wpb_content_element\">\n<div class=\"wpb_wrapper\">\n<p><iframe title=\"Sa Magnetofonskih Traka - Epizoda 9\" width=\"100%\" height=\"120\" src=\"https:\/\/www.mixcloud.com\/widget\/iframe\/?feed=https%3A%2F%2Fwww.mixcloud.com%2Fradioplac%2Fsa-magnetofonskih-traka-epizoda-9%2F&amp;hide_cover=1\" frameborder=\"0\"><\/iframe><\/p>\n<\/div>\n<\/div>\n<\/div>\n<div dir=\"auto\">\n<p><iframe title=\"Sa Magnetofonskih Traka - Epizoda 10\" width=\"100%\" height=\"120\" src=\"https:\/\/www.mixcloud.com\/widget\/iframe\/?feed=https%3A%2F%2Fwww.mixcloud.com%2Fradioplac%2Fsa-mahnetofonskih-traka-epizoda-10%2F&amp;hide_cover=1\" frameborder=\"0\"><\/iframe><\/p>\n<p>.<\/p>\n<p>Emisija se realizuje u okviru projekta UG Klara i Rosa \u201eCentar za savremenu kulturu i umetnost kao pokreta\u010d dru\u0161tvene promene\u201c. Projekat je podr\u017ean od strane Nacionalne koalicije za decentralizaciju, Fondacije Jelena \u0160anti\u0107, Grupe 484 i Evropske unije.<\/p>\n<\/div>\n<\/div>\n<div class=\"o9v6fnle cxmmr5t8 oygrvhab hcukyx3x c1et5uql ii04i59q\">\n<div dir=\"auto\">\n<div>\n<p>..<\/p>\n<p>#EUzaTebe<br \/>\n@eusrbija<\/p>\n<\/div>\n<div class=\"o9v6fnle cxmmr5t8 oygrvhab hcukyx3x c1et5uql ii04i59q\">\n<div>\n<p><img decoding=\"async\" class=\"alignnone wp-image-4957\" src=\"https:\/\/www.ckplac.org\/wp-content\/uploads\/2021\/11\/eu-300x79.png\" sizes=\"(max-width: 235px) 100vw, 235px\" srcset=\"https:\/\/www.ckplac.org\/wp-content\/uploads\/2021\/11\/eu-300x79.png 300w, https:\/\/www.ckplac.org\/wp-content\/uploads\/2021\/11\/eu-18x5.png 18w, https:\/\/www.ckplac.org\/wp-content\/uploads\/2021\/11\/eu.png 441w\" alt=\"\" width=\"235\" height=\"62\" \/><\/p>\n<p><img decoding=\"async\" class=\"alignnone size-medium wp-image-4959\" src=\"https:\/\/www.ckplac.org\/wp-content\/uploads\/2021\/11\/484-fjs-nkd-300x71.png\" sizes=\"(max-width: 300px) 100vw, 300px\" srcset=\"https:\/\/www.ckplac.org\/wp-content\/uploads\/2021\/11\/484-fjs-nkd-300x71.png 300w, https:\/\/www.ckplac.org\/wp-content\/uploads\/2021\/11\/484-fjs-nkd-18x4.png 18w, https:\/\/www.ckplac.org\/wp-content\/uploads\/2021\/11\/484-fjs-nkd.png 492w\" alt=\"\" width=\"300\" height=\"71\" \/><\/p>\n<\/div>\n<\/div>\n<\/div>\n<\/div>","protected":false},"excerpt":{"rendered":"<p>Tokom sedamdesetih i osamdesetih godina XX veka dogodila se ekspanzija magnetofona, aparata koji reprodukuje zvuk&#8230;<\/p>","protected":false},"author":1,"featured_media":18175,"comment_status":"closed","ping_status":"closed","sticky":false,"template":"","format":"standard","meta":{"content-type":"","inline_featured_image":false,"footnotes":""},"categories":[53],"tags":[116],"class_list":["post-18169","post","type-post","status-publish","format-standard","has-post-thumbnail","hentry","category-csku-kao-pokretac-drustvene-promene","tag-radio-plac"],"yoast_head":"<!-- This site is optimized with the Yoast SEO plugin v27.5 - https:\/\/yoast.com\/product\/yoast-seo-wordpress\/ -->\n<title>Sa magnetofonskih traka - Klara i Rosa<\/title>\n<meta name=\"robots\" content=\"index, follow, max-snippet:-1, max-image-preview:large, max-video-preview:-1\" \/>\n<link rel=\"canonical\" href=\"https:\/\/www.klarairosa.com\/hu\/sa-magnetofonskih-traka\/\" \/>\n<meta property=\"og:locale\" content=\"hu_HU\" \/>\n<meta property=\"og:type\" content=\"article\" \/>\n<meta property=\"og:title\" content=\"Sa magnetofonskih traka - Klara i Rosa\" \/>\n<meta property=\"og:description\" content=\"Tokom sedamdesetih i osamdesetih godina XX veka dogodila se ekspanzija magnetofona, aparata koji reprodukuje zvuk...\" \/>\n<meta property=\"og:url\" content=\"https:\/\/www.klarairosa.com\/hu\/sa-magnetofonskih-traka\/\" \/>\n<meta property=\"og:site_name\" content=\"Klara i Rosa\" \/>\n<meta property=\"article:publisher\" content=\"https:\/\/www.facebook.com\/klarairosa\/\" \/>\n<meta property=\"article:published_time\" content=\"2022-04-05T17:41:00+00:00\" \/>\n<meta property=\"article:modified_time\" content=\"2022-05-30T19:59:24+00:00\" \/>\n<meta property=\"og:image\" content=\"https:\/\/www.klarairosa.com\/wp-content\/uploads\/2022\/04\/magn-e1649353813862.jpg\" \/>\n\t<meta property=\"og:image:width\" content=\"800\" \/>\n\t<meta property=\"og:image:height\" content=\"600\" \/>\n\t<meta property=\"og:image:type\" content=\"image\/jpeg\" \/>\n<meta name=\"author\" content=\"Klara i Rosa\" \/>\n<meta name=\"twitter:card\" content=\"summary_large_image\" \/>\n<meta name=\"twitter:label1\" content=\"Szerz\u0151:\" \/>\n\t<meta name=\"twitter:data1\" content=\"Klara i Rosa\" \/>\n\t<meta name=\"twitter:label2\" content=\"Becs\u00fclt olvas\u00e1si id\u0151\" \/>\n\t<meta name=\"twitter:data2\" content=\"1 perc\" \/>\n<script type=\"application\/ld+json\" class=\"yoast-schema-graph\">{\"@context\":\"https:\\\/\\\/schema.org\",\"@graph\":[{\"@type\":\"Article\",\"@id\":\"https:\\\/\\\/www.klarairosa.com\\\/sa-magnetofonskih-traka\\\/#article\",\"isPartOf\":{\"@id\":\"https:\\\/\\\/www.klarairosa.com\\\/sa-magnetofonskih-traka\\\/\"},\"author\":{\"name\":\"Klara i Rosa\",\"@id\":\"https:\\\/\\\/www.klarairosa.com\\\/en\\\/#\\\/schema\\\/person\\\/e4e7e9e5c8eeeddccf61e4532ae8e6ed\"},\"headline\":\"Sa magnetofonskih traka\",\"datePublished\":\"2022-04-05T17:41:00+00:00\",\"dateModified\":\"2022-05-30T19:59:24+00:00\",\"mainEntityOfPage\":{\"@id\":\"https:\\\/\\\/www.klarairosa.com\\\/sa-magnetofonskih-traka\\\/\"},\"wordCount\":235,\"publisher\":{\"@id\":\"https:\\\/\\\/www.klarairosa.com\\\/en\\\/#organization\"},\"image\":{\"@id\":\"https:\\\/\\\/www.klarairosa.com\\\/sa-magnetofonskih-traka\\\/#primaryimage\"},\"thumbnailUrl\":\"https:\\\/\\\/www.klarairosa.com\\\/wp-content\\\/uploads\\\/2022\\\/04\\\/magn-e1649353813862.jpg\",\"keywords\":[\"Radio Plac\"],\"articleSection\":[\"CSKU\"],\"inLanguage\":\"hu\"},{\"@type\":\"WebPage\",\"@id\":\"https:\\\/\\\/www.klarairosa.com\\\/sa-magnetofonskih-traka\\\/\",\"url\":\"https:\\\/\\\/www.klarairosa.com\\\/sa-magnetofonskih-traka\\\/\",\"name\":\"Sa magnetofonskih traka - Klara i Rosa\",\"isPartOf\":{\"@id\":\"https:\\\/\\\/www.klarairosa.com\\\/en\\\/#website\"},\"primaryImageOfPage\":{\"@id\":\"https:\\\/\\\/www.klarairosa.com\\\/sa-magnetofonskih-traka\\\/#primaryimage\"},\"image\":{\"@id\":\"https:\\\/\\\/www.klarairosa.com\\\/sa-magnetofonskih-traka\\\/#primaryimage\"},\"thumbnailUrl\":\"https:\\\/\\\/www.klarairosa.com\\\/wp-content\\\/uploads\\\/2022\\\/04\\\/magn-e1649353813862.jpg\",\"datePublished\":\"2022-04-05T17:41:00+00:00\",\"dateModified\":\"2022-05-30T19:59:24+00:00\",\"breadcrumb\":{\"@id\":\"https:\\\/\\\/www.klarairosa.com\\\/sa-magnetofonskih-traka\\\/#breadcrumb\"},\"inLanguage\":\"hu\",\"potentialAction\":[{\"@type\":\"ReadAction\",\"target\":[\"https:\\\/\\\/www.klarairosa.com\\\/sa-magnetofonskih-traka\\\/\"]}]},{\"@type\":\"ImageObject\",\"inLanguage\":\"hu\",\"@id\":\"https:\\\/\\\/www.klarairosa.com\\\/sa-magnetofonskih-traka\\\/#primaryimage\",\"url\":\"https:\\\/\\\/www.klarairosa.com\\\/wp-content\\\/uploads\\\/2022\\\/04\\\/magn-e1649353813862.jpg\",\"contentUrl\":\"https:\\\/\\\/www.klarairosa.com\\\/wp-content\\\/uploads\\\/2022\\\/04\\\/magn-e1649353813862.jpg\",\"width\":800,\"height\":600},{\"@type\":\"BreadcrumbList\",\"@id\":\"https:\\\/\\\/www.klarairosa.com\\\/sa-magnetofonskih-traka\\\/#breadcrumb\",\"itemListElement\":[{\"@type\":\"ListItem\",\"position\":1,\"name\":\"Home\",\"item\":\"https:\\\/\\\/www.klarairosa.com\\\/\"},{\"@type\":\"ListItem\",\"position\":2,\"name\":\"Sa magnetofonskih traka\"}]},{\"@type\":\"WebSite\",\"@id\":\"https:\\\/\\\/www.klarairosa.com\\\/en\\\/#website\",\"url\":\"https:\\\/\\\/www.klarairosa.com\\\/en\\\/\",\"name\":\"Klara i Rosa\",\"description\":\"Klara i Rosa\",\"publisher\":{\"@id\":\"https:\\\/\\\/www.klarairosa.com\\\/en\\\/#organization\"},\"potentialAction\":[{\"@type\":\"SearchAction\",\"target\":{\"@type\":\"EntryPoint\",\"urlTemplate\":\"https:\\\/\\\/www.klarairosa.com\\\/en\\\/?s={search_term_string}\"},\"query-input\":{\"@type\":\"PropertyValueSpecification\",\"valueRequired\":true,\"valueName\":\"search_term_string\"}}],\"inLanguage\":\"hu\"},{\"@type\":\"Organization\",\"@id\":\"https:\\\/\\\/www.klarairosa.com\\\/en\\\/#organization\",\"name\":\"Klara i Rosa\",\"url\":\"https:\\\/\\\/www.klarairosa.com\\\/en\\\/\",\"logo\":{\"@type\":\"ImageObject\",\"inLanguage\":\"hu\",\"@id\":\"https:\\\/\\\/www.klarairosa.com\\\/en\\\/#\\\/schema\\\/logo\\\/image\\\/\",\"url\":\"https:\\\/\\\/www.klarairosa.com\\\/wp-content\\\/uploads\\\/2022\\\/01\\\/logo.svg\",\"contentUrl\":\"https:\\\/\\\/www.klarairosa.com\\\/wp-content\\\/uploads\\\/2022\\\/01\\\/logo.svg\",\"width\":110,\"height\":139,\"caption\":\"Klara i Rosa\"},\"image\":{\"@id\":\"https:\\\/\\\/www.klarairosa.com\\\/en\\\/#\\\/schema\\\/logo\\\/image\\\/\"},\"sameAs\":[\"https:\\\/\\\/www.facebook.com\\\/klarairosa\\\/\",\"https:\\\/\\\/www.instagram.com\\\/ugklarairosa\\\/\"]},{\"@type\":\"Person\",\"@id\":\"https:\\\/\\\/www.klarairosa.com\\\/en\\\/#\\\/schema\\\/person\\\/e4e7e9e5c8eeeddccf61e4532ae8e6ed\",\"name\":\"Klara i Rosa\",\"image\":{\"@type\":\"ImageObject\",\"inLanguage\":\"hu\",\"@id\":\"https:\\\/\\\/secure.gravatar.com\\\/avatar\\\/c83ee539a067b9f57ae5d8999ae286c4f98b5c4bd943b8cbb64f6b0fc1f29e40?s=96&d=mm&r=g\",\"url\":\"https:\\\/\\\/secure.gravatar.com\\\/avatar\\\/c83ee539a067b9f57ae5d8999ae286c4f98b5c4bd943b8cbb64f6b0fc1f29e40?s=96&d=mm&r=g\",\"contentUrl\":\"https:\\\/\\\/secure.gravatar.com\\\/avatar\\\/c83ee539a067b9f57ae5d8999ae286c4f98b5c4bd943b8cbb64f6b0fc1f29e40?s=96&d=mm&r=g\",\"caption\":\"Klara i Rosa\"},\"sameAs\":[\"https:\\\/\\\/klarairosa.com\"],\"url\":\"https:\\\/\\\/www.klarairosa.com\\\/hu\\\/author\\\/rosaiklara\\\/\"}]}<\/script>\n<!-- \/ Yoast SEO plugin. -->","yoast_head_json":{"title":"Sa magnetofonskih traka - Klara i Rosa","robots":{"index":"index","follow":"follow","max-snippet":"max-snippet:-1","max-image-preview":"max-image-preview:large","max-video-preview":"max-video-preview:-1"},"canonical":"https:\/\/www.klarairosa.com\/hu\/sa-magnetofonskih-traka\/","og_locale":"hu_HU","og_type":"article","og_title":"Sa magnetofonskih traka - Klara i Rosa","og_description":"Tokom sedamdesetih i osamdesetih godina XX veka dogodila se ekspanzija magnetofona, aparata koji reprodukuje zvuk...","og_url":"https:\/\/www.klarairosa.com\/hu\/sa-magnetofonskih-traka\/","og_site_name":"Klara i Rosa","article_publisher":"https:\/\/www.facebook.com\/klarairosa\/","article_published_time":"2022-04-05T17:41:00+00:00","article_modified_time":"2022-05-30T19:59:24+00:00","og_image":[{"width":800,"height":600,"url":"https:\/\/www.klarairosa.com\/wp-content\/uploads\/2022\/04\/magn-e1649353813862.jpg","type":"image\/jpeg"}],"author":"Klara i Rosa","twitter_card":"summary_large_image","twitter_misc":{"Szerz\u0151:":"Klara i Rosa","Becs\u00fclt olvas\u00e1si id\u0151":"1 perc"},"schema":{"@context":"https:\/\/schema.org","@graph":[{"@type":"Article","@id":"https:\/\/www.klarairosa.com\/sa-magnetofonskih-traka\/#article","isPartOf":{"@id":"https:\/\/www.klarairosa.com\/sa-magnetofonskih-traka\/"},"author":{"name":"Klara i Rosa","@id":"https:\/\/www.klarairosa.com\/en\/#\/schema\/person\/e4e7e9e5c8eeeddccf61e4532ae8e6ed"},"headline":"Sa magnetofonskih traka","datePublished":"2022-04-05T17:41:00+00:00","dateModified":"2022-05-30T19:59:24+00:00","mainEntityOfPage":{"@id":"https:\/\/www.klarairosa.com\/sa-magnetofonskih-traka\/"},"wordCount":235,"publisher":{"@id":"https:\/\/www.klarairosa.com\/en\/#organization"},"image":{"@id":"https:\/\/www.klarairosa.com\/sa-magnetofonskih-traka\/#primaryimage"},"thumbnailUrl":"https:\/\/www.klarairosa.com\/wp-content\/uploads\/2022\/04\/magn-e1649353813862.jpg","keywords":["Radio Plac"],"articleSection":["CSKU"],"inLanguage":"hu"},{"@type":"WebPage","@id":"https:\/\/www.klarairosa.com\/sa-magnetofonskih-traka\/","url":"https:\/\/www.klarairosa.com\/sa-magnetofonskih-traka\/","name":"Sa magnetofonskih traka - Klara i Rosa","isPartOf":{"@id":"https:\/\/www.klarairosa.com\/en\/#website"},"primaryImageOfPage":{"@id":"https:\/\/www.klarairosa.com\/sa-magnetofonskih-traka\/#primaryimage"},"image":{"@id":"https:\/\/www.klarairosa.com\/sa-magnetofonskih-traka\/#primaryimage"},"thumbnailUrl":"https:\/\/www.klarairosa.com\/wp-content\/uploads\/2022\/04\/magn-e1649353813862.jpg","datePublished":"2022-04-05T17:41:00+00:00","dateModified":"2022-05-30T19:59:24+00:00","breadcrumb":{"@id":"https:\/\/www.klarairosa.com\/sa-magnetofonskih-traka\/#breadcrumb"},"inLanguage":"hu","potentialAction":[{"@type":"ReadAction","target":["https:\/\/www.klarairosa.com\/sa-magnetofonskih-traka\/"]}]},{"@type":"ImageObject","inLanguage":"hu","@id":"https:\/\/www.klarairosa.com\/sa-magnetofonskih-traka\/#primaryimage","url":"https:\/\/www.klarairosa.com\/wp-content\/uploads\/2022\/04\/magn-e1649353813862.jpg","contentUrl":"https:\/\/www.klarairosa.com\/wp-content\/uploads\/2022\/04\/magn-e1649353813862.jpg","width":800,"height":600},{"@type":"BreadcrumbList","@id":"https:\/\/www.klarairosa.com\/sa-magnetofonskih-traka\/#breadcrumb","itemListElement":[{"@type":"ListItem","position":1,"name":"Home","item":"https:\/\/www.klarairosa.com\/"},{"@type":"ListItem","position":2,"name":"Sa magnetofonskih traka"}]},{"@type":"WebSite","@id":"https:\/\/www.klarairosa.com\/en\/#website","url":"https:\/\/www.klarairosa.com\/en\/","name":"Kl\u00e1ra \u00e9s Rosa Egyes\u00fclet","description":"Kl\u00e1ra \u00e9s Rosa Egyes\u00fclet","publisher":{"@id":"https:\/\/www.klarairosa.com\/en\/#organization"},"potentialAction":[{"@type":"SearchAction","target":{"@type":"EntryPoint","urlTemplate":"https:\/\/www.klarairosa.com\/en\/?s={search_term_string}"},"query-input":{"@type":"PropertyValueSpecification","valueRequired":true,"valueName":"search_term_string"}}],"inLanguage":"hu"},{"@type":"Organization","@id":"https:\/\/www.klarairosa.com\/en\/#organization","name":"Kl\u00e1ra \u00e9s Rosa Egyes\u00fclet","url":"https:\/\/www.klarairosa.com\/en\/","logo":{"@type":"ImageObject","inLanguage":"hu","@id":"https:\/\/www.klarairosa.com\/en\/#\/schema\/logo\/image\/","url":"https:\/\/www.klarairosa.com\/wp-content\/uploads\/2022\/01\/logo.svg","contentUrl":"https:\/\/www.klarairosa.com\/wp-content\/uploads\/2022\/01\/logo.svg","width":110,"height":139,"caption":"Klara i Rosa"},"image":{"@id":"https:\/\/www.klarairosa.com\/en\/#\/schema\/logo\/image\/"},"sameAs":["https:\/\/www.facebook.com\/klarairosa\/","https:\/\/www.instagram.com\/ugklarairosa\/"]},{"@type":"Person","@id":"https:\/\/www.klarairosa.com\/en\/#\/schema\/person\/e4e7e9e5c8eeeddccf61e4532ae8e6ed","name":"Kl\u00e1ra \u00e9s Rosa Egyes\u00fclet","image":{"@type":"ImageObject","inLanguage":"hu","@id":"https:\/\/secure.gravatar.com\/avatar\/c83ee539a067b9f57ae5d8999ae286c4f98b5c4bd943b8cbb64f6b0fc1f29e40?s=96&d=mm&r=g","url":"https:\/\/secure.gravatar.com\/avatar\/c83ee539a067b9f57ae5d8999ae286c4f98b5c4bd943b8cbb64f6b0fc1f29e40?s=96&d=mm&r=g","contentUrl":"https:\/\/secure.gravatar.com\/avatar\/c83ee539a067b9f57ae5d8999ae286c4f98b5c4bd943b8cbb64f6b0fc1f29e40?s=96&d=mm&r=g","caption":"Klara i Rosa"},"sameAs":["https:\/\/klarairosa.com"],"url":"https:\/\/www.klarairosa.com\/hu\/author\/rosaiklara\/"}]}},"_links":{"self":[{"href":"https:\/\/www.klarairosa.com\/hu\/wp-json\/wp\/v2\/posts\/18169","targetHints":{"allow":["GET"]}}],"collection":[{"href":"https:\/\/www.klarairosa.com\/hu\/wp-json\/wp\/v2\/posts"}],"about":[{"href":"https:\/\/www.klarairosa.com\/hu\/wp-json\/wp\/v2\/types\/post"}],"author":[{"embeddable":true,"href":"https:\/\/www.klarairosa.com\/hu\/wp-json\/wp\/v2\/users\/1"}],"replies":[{"embeddable":true,"href":"https:\/\/www.klarairosa.com\/hu\/wp-json\/wp\/v2\/comments?post=18169"}],"version-history":[{"count":4,"href":"https:\/\/www.klarairosa.com\/hu\/wp-json\/wp\/v2\/posts\/18169\/revisions"}],"predecessor-version":[{"id":18613,"href":"https:\/\/www.klarairosa.com\/hu\/wp-json\/wp\/v2\/posts\/18169\/revisions\/18613"}],"wp:featuredmedia":[{"embeddable":true,"href":"https:\/\/www.klarairosa.com\/hu\/wp-json\/wp\/v2\/media\/18175"}],"wp:attachment":[{"href":"https:\/\/www.klarairosa.com\/hu\/wp-json\/wp\/v2\/media?parent=18169"}],"wp:term":[{"taxonomy":"category","embeddable":true,"href":"https:\/\/www.klarairosa.com\/hu\/wp-json\/wp\/v2\/categories?post=18169"},{"taxonomy":"post_tag","embeddable":true,"href":"https:\/\/www.klarairosa.com\/hu\/wp-json\/wp\/v2\/tags?post=18169"}],"curies":[{"name":"wp","href":"https:\/\/api.w.org\/{rel}","templated":true}]}}