{"id":17513,"date":"2018-12-02T17:47:00","date_gmt":"2018-12-02T17:47:00","guid":{"rendered":"https:\/\/www.klarairosa.com\/?p=17513"},"modified":"2022-03-30T19:36:25","modified_gmt":"2022-03-30T19:36:25","slug":"poziv-subotickim-umetnicama-jedna-uz-drugu","status":"publish","type":"post","link":"https:\/\/www.klarairosa.com\/hu\/poziv-subotickim-umetnicama-jedna-uz-drugu\/","title":{"rendered":"EGYM\u00c1S MELLETT-Felh\u00edv\u00e1s szabadkai n\u0151i m\u0171v\u00e9szek r\u00e9sz\u00e9re"},"content":{"rendered":"<p>T\u00f6rzsi n\u0151 vagyok<br>L\u00e1ngb\u00f3l sz\u00fcletett<br>F\u00e9rfi meccsek a fej\u00fcnkn\u00e9l<br>\u00e9s most magok vagyunk a f\u00f6ldben<br>ami tavaszra v\u00e1r<br>Nem tudni, kik \u00e9s mik lesz\u00fcnk<br>amikor magunkhoz \u00e9r\u00fcnk<br>\u010carna \u0106osi\u0107<\/p>\n\n\n\n<p>.<\/p>\n\n\n\n<p>Az \"Egym\u00e1s mellett\" projektet a \"Klara i Rosa\" Egyes\u00fclet, az \u00dajj\u00e1\u00e9p\u00edt\u00e9si N\u0151i Alap t\u00e1mogat\u00e1s\u00e1val val\u00f3s\u00edtotta meg, azzal a c\u00e9llal, hogy a szabadkai n\u0151i m\u0171v\u00e9szek ny\u00edltan \u00e9s akt\u00edvan fejezz\u00e9k ki magukat saj\u00e1t m\u0171v\u00e9szet\u00fck\u00f6n kereszt\u00fcl.<\/p>\n\n\n\n<p>.<\/p>\n\n\n\n<p><br>Szabadka egy olyan v\u00e1ros, ahol sz\u00e1zezer k\u00fcl\u00f6nb\u00f6z\u0151 nemzetis\u00e9g\u0171 lakos \u00e9l. A lakoss\u00e1g nemzetis\u00e9gi csoportokba t\u00f6m\u00f6r\u00fcl, ahol az \u00f6sszetartoz\u00e1s, a biztons\u00e1g \u00e9s a multikulturalizmus veszi \u0151ket k\u00f6r\u00fcl. Egy v\u00e1ros, ahol a szabad\u00fasz\u00f3 m\u0171v\u00e9szeknek \u00e9s \u00e9rtelmis\u00e9gieknek, \u00edgy a transznacion\u00e1lis kult\u00far\u00e1nak \u00e9s a kort\u00e1rs m\u0171v\u00e9szetnek nincs t\u00e1mogatotts\u00e1ga, ahol az emberek t\u00f6bbnyire egym\u00e1st\u00f3l elidegenedve \u00e9lnek, nem merik kimondani probl\u00e9m\u00e1ikat, elk\u00e9pzel\u00e9seiket. A v\u00e1ros, ahonnan az elm\u00falt \u00e9vekben rengeteg, javar\u00e9szt fiatal v\u00e1ndorol el. A n\u0151k, k\u00fcl\u00f6n\u00f6sen a n\u0151i m\u0171v\u00e9szek probl\u00e9m\u00e1ir\u00f3l ilyen k\u00f6r\u00fclm\u00e9nyek k\u00f6z\u00f6tt alig esik sz\u00f3.<\/p>\n\n\n\n<p>.<\/p>\n\n\n\n<p><br>Azt szeretn\u00e9nk megvizsg\u00e1lni, hogyan \u00e9lnek Szabadk\u00e1n a n\u0151i m\u0171v\u00e9szek: megtudnak-e \u00e9lni munk\u00e1jukb\u00f3l, tudnak-e egy\u00e1ltal\u00e1n alkotni a fenn\u00e1ll\u00f3 t\u00e1rsadalmi-gazdas\u00e1gi k\u00f6r\u00fclm\u00e9nyek k\u00f6z\u00f6tt. Meg akarjuk vizsg\u00e1lni eeket a fogalmakat: n\u0151, kreativit\u00e1s, hagyom\u00e1nyos n\u0151i szerep, k\u00f6zv\u00e9lem\u00e9ny, hiteless\u00e9g, el\u0151\u00edt\u00e9letek, n\u0151 \u00e9s m\u0171v\u00e9szet, k\u00f6rnyezet, alkot\u00f3i k\u00e9sztet\u00e9s, lend\u00fclet, \u00f6szt\u00f6n, elragadtat\u00e1s...\nOlyannak akarjuk bemutatni \u0151ket\/magunkat, amilyenek\/amilyenek vagyunk. Besz\u00e9lni akarunk. Szeretn\u00e9nk kapcsol\u00f3dni.<\/p>\n\n\n\n<p>.<\/p>\n\n\n\n<p><br>Pszichodr\u00e1ma workshopokat \u00e9s besz\u00e9lget\u00e9seket szervez\u00fcnk, melyek seg\u00edts\u00e9g\u00e9vel vizsg\u00e1ljuk a jelens\u00e9get \u00e9s k\u00e9rd\u00e9seket vet\u00fcnk fel. Anyagokat gy\u0171jt\u00fcnk, ami egy sz\u00ednh\u00e1zi el\u0151ad\u00e1s alapj\u00e1ul szolg\u00e1lnak majd. \nV\u00e1runk m\u0171v\u00e9szi alkot\u00e1sokat, amivel t\u00e1mogathatod a projektet!<\/p>\n\n\n\n<p>.<br>A \u201eKlara i Rosa\u201d Civil Egyes\u00fclet \u00f6nk\u00e9ntes, f\u00fcggetlen \u00e9s nonprofit egyes\u00fclet, amelyet hat\u00e1rozatlan id\u0151re hoztak l\u00e9tre a kreat\u00edv ipar, a kultur\u00e1lis menedzsment, a t\u00e1rsadalmi aktivizmus \u00e9s az oktat\u00e1s ter\u00fclet\u00e9n. Az egyes\u00fclet c\u00e9lja a polg\u00e1rok kultur\u00e1lis \u00e9let\u00e9nek jav\u00edt\u00e1sa, a kreativit\u00e1s, a nevel\u00e9s \u00f6szt\u00f6nz\u00e9se \u00e9s fejleszt\u00e9se, k\u00fcl\u00f6n\u00f6sen a fiatalok k\u00f6r\u00e9ben. Tov\u00e1bb\u00e1 c\u00e9lja a t\u00e1rsadalmi aktivit\u00e1s er\u0151s\u00edt\u00e9se, az eg\u00e9szs\u00e9ges \u00e9letm\u00f3d \u00e9s az emberi jogok n\u00e9pszer\u0171s\u00edt\u00e9se.<\/p>\n\n\n\n<p>.<br>\u00dajj\u00e1\u00e9p\u00edt\u00e9s N\u0151i Alap (Rekonstrukcija \u017denski fond), Szerbi\u00e1ban az els\u0151 helyi n\u0151i alap\u00edtv\u00e1ny, amelyet 2004-ben alap\u00edtottak. Az R\u017dF k\u00fcldet\u00e9se egy feminista politikai platform t\u00e1mogat\u00e1sa \u00e9s fenntart\u00e1sa a h\u00e1bor\u00fa, a nacionalizmus, a rasszizmus, a militarizmus, a n\u0151k elleni diszkrimin\u00e1ci\u00f3 \u00e9s er\u0151szak b\u00e1rmely form\u00e1ja ellen.<\/p>\n\n\n\n<p>.<br>K\u00e9rd\u00e9seidet v\u00e1rjuk a klarairosa@gmail.com-ra!<br>LEGY\u00dcNK EGYM\u00c1S MELLETT!<\/p>\n\n\n\n<p>.<\/p>\n\n\n\n<figure class=\"wp-block-image is-resized\"><a href=\"https:\/\/klarairosa.com\/2021\/wp-content\/uploads\/2022\/01\/Untitled-1.jpg\"><img decoding=\"async\" src=\"https:\/\/www.klarairosa.com\/wp-content\/uploads\/2022\/03\/Rekonstrukcija.png\" alt=\"This image has an empty alt attribute; its file name is Rekonstrukcija.png\" width=\"69\" height=\"69\"\/><\/a><\/figure>","protected":false},"excerpt":{"rendered":"<p>Iz plemena sam \u017eenaRo\u0111enih iz plamenaMu\u0161ke igre glave nas stajalei sada smo seme u zemljikoje&#8230;<\/p>","protected":false},"author":1,"featured_media":17514,"comment_status":"closed","ping_status":"closed","sticky":false,"template":"","format":"standard","meta":{"content-type":"","inline_featured_image":false,"footnotes":""},"categories":[56],"tags":[],"class_list":["post-17513","post","type-post","status-publish","format-standard","has-post-thumbnail","hentry","category-jedna-uz-drugu"],"yoast_head":"<!-- This site is optimized with the Yoast SEO plugin v27.5 - https:\/\/yoast.com\/product\/yoast-seo-wordpress\/ -->\n<title>Poziv suboti\u010dkim umetnicama JEDNA UZ DRUGU - Klara i Rosa<\/title>\n<meta name=\"robots\" content=\"index, follow, max-snippet:-1, max-image-preview:large, max-video-preview:-1\" \/>\n<link rel=\"canonical\" href=\"https:\/\/www.klarairosa.com\/hu\/poziv-subotickim-umetnicama-jedna-uz-drugu\/\" \/>\n<meta property=\"og:locale\" content=\"hu_HU\" \/>\n<meta property=\"og:type\" content=\"article\" \/>\n<meta property=\"og:title\" content=\"Poziv suboti\u010dkim umetnicama JEDNA UZ DRUGU - Klara i Rosa\" \/>\n<meta property=\"og:description\" content=\"Iz plemena sam \u017eenaRo\u0111enih iz plamenaMu\u0161ke igre glave nas stajalei sada smo seme u zemljikoje...\" \/>\n<meta property=\"og:url\" content=\"https:\/\/www.klarairosa.com\/hu\/poziv-subotickim-umetnicama-jedna-uz-drugu\/\" \/>\n<meta property=\"og:site_name\" content=\"Klara i Rosa\" \/>\n<meta property=\"article:publisher\" content=\"https:\/\/www.facebook.com\/klarairosa\/\" \/>\n<meta property=\"article:published_time\" content=\"2018-12-02T17:47:00+00:00\" \/>\n<meta property=\"article:modified_time\" content=\"2022-03-30T19:36:25+00:00\" \/>\n<meta property=\"og:image\" content=\"https:\/\/www.klarairosa.com\/wp-content\/uploads\/2022\/03\/46966482_2203973323223926_1532965237731360768_n.jpg\" \/>\n\t<meta property=\"og:image:width\" content=\"1200\" \/>\n\t<meta property=\"og:image:height\" content=\"900\" \/>\n\t<meta property=\"og:image:type\" content=\"image\/jpeg\" \/>\n<meta name=\"author\" content=\"Klara i Rosa\" \/>\n<meta name=\"twitter:card\" content=\"summary_large_image\" \/>\n<meta name=\"twitter:label1\" content=\"Szerz\u0151:\" \/>\n\t<meta name=\"twitter:data1\" content=\"Klara i Rosa\" \/>\n\t<meta name=\"twitter:label2\" content=\"Becs\u00fclt olvas\u00e1si id\u0151\" \/>\n\t<meta name=\"twitter:data2\" content=\"2 perc\" \/>\n<script type=\"application\/ld+json\" class=\"yoast-schema-graph\">{\"@context\":\"https:\\\/\\\/schema.org\",\"@graph\":[{\"@type\":\"Article\",\"@id\":\"https:\\\/\\\/www.klarairosa.com\\\/poziv-subotickim-umetnicama-jedna-uz-drugu\\\/#article\",\"isPartOf\":{\"@id\":\"https:\\\/\\\/www.klarairosa.com\\\/poziv-subotickim-umetnicama-jedna-uz-drugu\\\/\"},\"author\":{\"name\":\"Klara i Rosa\",\"@id\":\"https:\\\/\\\/www.klarairosa.com\\\/en\\\/#\\\/schema\\\/person\\\/e4e7e9e5c8eeeddccf61e4532ae8e6ed\"},\"headline\":\"Poziv suboti\u010dkim umetnicama JEDNA UZ DRUGU\",\"datePublished\":\"2018-12-02T17:47:00+00:00\",\"dateModified\":\"2022-03-30T19:36:25+00:00\",\"mainEntityOfPage\":{\"@id\":\"https:\\\/\\\/www.klarairosa.com\\\/poziv-subotickim-umetnicama-jedna-uz-drugu\\\/\"},\"wordCount\":389,\"publisher\":{\"@id\":\"https:\\\/\\\/www.klarairosa.com\\\/en\\\/#organization\"},\"image\":{\"@id\":\"https:\\\/\\\/www.klarairosa.com\\\/poziv-subotickim-umetnicama-jedna-uz-drugu\\\/#primaryimage\"},\"thumbnailUrl\":\"https:\\\/\\\/www.klarairosa.com\\\/wp-content\\\/uploads\\\/2022\\\/03\\\/46966482_2203973323223926_1532965237731360768_n.jpg\",\"articleSection\":[\"Jedna uz drugu\"],\"inLanguage\":\"hu\"},{\"@type\":\"WebPage\",\"@id\":\"https:\\\/\\\/www.klarairosa.com\\\/poziv-subotickim-umetnicama-jedna-uz-drugu\\\/\",\"url\":\"https:\\\/\\\/www.klarairosa.com\\\/poziv-subotickim-umetnicama-jedna-uz-drugu\\\/\",\"name\":\"Poziv suboti\u010dkim umetnicama JEDNA UZ DRUGU - Klara i Rosa\",\"isPartOf\":{\"@id\":\"https:\\\/\\\/www.klarairosa.com\\\/en\\\/#website\"},\"primaryImageOfPage\":{\"@id\":\"https:\\\/\\\/www.klarairosa.com\\\/poziv-subotickim-umetnicama-jedna-uz-drugu\\\/#primaryimage\"},\"image\":{\"@id\":\"https:\\\/\\\/www.klarairosa.com\\\/poziv-subotickim-umetnicama-jedna-uz-drugu\\\/#primaryimage\"},\"thumbnailUrl\":\"https:\\\/\\\/www.klarairosa.com\\\/wp-content\\\/uploads\\\/2022\\\/03\\\/46966482_2203973323223926_1532965237731360768_n.jpg\",\"datePublished\":\"2018-12-02T17:47:00+00:00\",\"dateModified\":\"2022-03-30T19:36:25+00:00\",\"breadcrumb\":{\"@id\":\"https:\\\/\\\/www.klarairosa.com\\\/poziv-subotickim-umetnicama-jedna-uz-drugu\\\/#breadcrumb\"},\"inLanguage\":\"hu\",\"potentialAction\":[{\"@type\":\"ReadAction\",\"target\":[\"https:\\\/\\\/www.klarairosa.com\\\/poziv-subotickim-umetnicama-jedna-uz-drugu\\\/\"]}]},{\"@type\":\"ImageObject\",\"inLanguage\":\"hu\",\"@id\":\"https:\\\/\\\/www.klarairosa.com\\\/poziv-subotickim-umetnicama-jedna-uz-drugu\\\/#primaryimage\",\"url\":\"https:\\\/\\\/www.klarairosa.com\\\/wp-content\\\/uploads\\\/2022\\\/03\\\/46966482_2203973323223926_1532965237731360768_n.jpg\",\"contentUrl\":\"https:\\\/\\\/www.klarairosa.com\\\/wp-content\\\/uploads\\\/2022\\\/03\\\/46966482_2203973323223926_1532965237731360768_n.jpg\",\"width\":1200,\"height\":900},{\"@type\":\"BreadcrumbList\",\"@id\":\"https:\\\/\\\/www.klarairosa.com\\\/poziv-subotickim-umetnicama-jedna-uz-drugu\\\/#breadcrumb\",\"itemListElement\":[{\"@type\":\"ListItem\",\"position\":1,\"name\":\"Home\",\"item\":\"https:\\\/\\\/www.klarairosa.com\\\/\"},{\"@type\":\"ListItem\",\"position\":2,\"name\":\"Poziv suboti\u010dkim umetnicama JEDNA UZ DRUGU\"}]},{\"@type\":\"WebSite\",\"@id\":\"https:\\\/\\\/www.klarairosa.com\\\/en\\\/#website\",\"url\":\"https:\\\/\\\/www.klarairosa.com\\\/en\\\/\",\"name\":\"Klara i Rosa\",\"description\":\"Klara i Rosa\",\"publisher\":{\"@id\":\"https:\\\/\\\/www.klarairosa.com\\\/en\\\/#organization\"},\"potentialAction\":[{\"@type\":\"SearchAction\",\"target\":{\"@type\":\"EntryPoint\",\"urlTemplate\":\"https:\\\/\\\/www.klarairosa.com\\\/en\\\/?s={search_term_string}\"},\"query-input\":{\"@type\":\"PropertyValueSpecification\",\"valueRequired\":true,\"valueName\":\"search_term_string\"}}],\"inLanguage\":\"hu\"},{\"@type\":\"Organization\",\"@id\":\"https:\\\/\\\/www.klarairosa.com\\\/en\\\/#organization\",\"name\":\"Klara i Rosa\",\"url\":\"https:\\\/\\\/www.klarairosa.com\\\/en\\\/\",\"logo\":{\"@type\":\"ImageObject\",\"inLanguage\":\"hu\",\"@id\":\"https:\\\/\\\/www.klarairosa.com\\\/en\\\/#\\\/schema\\\/logo\\\/image\\\/\",\"url\":\"https:\\\/\\\/www.klarairosa.com\\\/wp-content\\\/uploads\\\/2022\\\/01\\\/logo.svg\",\"contentUrl\":\"https:\\\/\\\/www.klarairosa.com\\\/wp-content\\\/uploads\\\/2022\\\/01\\\/logo.svg\",\"width\":110,\"height\":139,\"caption\":\"Klara i Rosa\"},\"image\":{\"@id\":\"https:\\\/\\\/www.klarairosa.com\\\/en\\\/#\\\/schema\\\/logo\\\/image\\\/\"},\"sameAs\":[\"https:\\\/\\\/www.facebook.com\\\/klarairosa\\\/\",\"https:\\\/\\\/www.instagram.com\\\/ugklarairosa\\\/\"]},{\"@type\":\"Person\",\"@id\":\"https:\\\/\\\/www.klarairosa.com\\\/en\\\/#\\\/schema\\\/person\\\/e4e7e9e5c8eeeddccf61e4532ae8e6ed\",\"name\":\"Klara i Rosa\",\"image\":{\"@type\":\"ImageObject\",\"inLanguage\":\"hu\",\"@id\":\"https:\\\/\\\/secure.gravatar.com\\\/avatar\\\/c83ee539a067b9f57ae5d8999ae286c4f98b5c4bd943b8cbb64f6b0fc1f29e40?s=96&d=mm&r=g\",\"url\":\"https:\\\/\\\/secure.gravatar.com\\\/avatar\\\/c83ee539a067b9f57ae5d8999ae286c4f98b5c4bd943b8cbb64f6b0fc1f29e40?s=96&d=mm&r=g\",\"contentUrl\":\"https:\\\/\\\/secure.gravatar.com\\\/avatar\\\/c83ee539a067b9f57ae5d8999ae286c4f98b5c4bd943b8cbb64f6b0fc1f29e40?s=96&d=mm&r=g\",\"caption\":\"Klara i Rosa\"},\"sameAs\":[\"https:\\\/\\\/klarairosa.com\"],\"url\":\"https:\\\/\\\/www.klarairosa.com\\\/hu\\\/author\\\/rosaiklara\\\/\"}]}<\/script>\n<!-- \/ Yoast SEO plugin. -->","yoast_head_json":{"title":"Poziv suboti\u010dkim umetnicama JEDNA UZ DRUGU - Klara i Rosa","robots":{"index":"index","follow":"follow","max-snippet":"max-snippet:-1","max-image-preview":"max-image-preview:large","max-video-preview":"max-video-preview:-1"},"canonical":"https:\/\/www.klarairosa.com\/hu\/poziv-subotickim-umetnicama-jedna-uz-drugu\/","og_locale":"hu_HU","og_type":"article","og_title":"Poziv suboti\u010dkim umetnicama JEDNA UZ DRUGU - Klara i Rosa","og_description":"Iz plemena sam \u017eenaRo\u0111enih iz plamenaMu\u0161ke igre glave nas stajalei sada smo seme u zemljikoje...","og_url":"https:\/\/www.klarairosa.com\/hu\/poziv-subotickim-umetnicama-jedna-uz-drugu\/","og_site_name":"Klara i Rosa","article_publisher":"https:\/\/www.facebook.com\/klarairosa\/","article_published_time":"2018-12-02T17:47:00+00:00","article_modified_time":"2022-03-30T19:36:25+00:00","og_image":[{"width":1200,"height":900,"url":"https:\/\/www.klarairosa.com\/wp-content\/uploads\/2022\/03\/46966482_2203973323223926_1532965237731360768_n.jpg","type":"image\/jpeg"}],"author":"Klara i Rosa","twitter_card":"summary_large_image","twitter_misc":{"Szerz\u0151:":"Klara i Rosa","Becs\u00fclt olvas\u00e1si id\u0151":"2 perc"},"schema":{"@context":"https:\/\/schema.org","@graph":[{"@type":"Article","@id":"https:\/\/www.klarairosa.com\/poziv-subotickim-umetnicama-jedna-uz-drugu\/#article","isPartOf":{"@id":"https:\/\/www.klarairosa.com\/poziv-subotickim-umetnicama-jedna-uz-drugu\/"},"author":{"name":"Klara i Rosa","@id":"https:\/\/www.klarairosa.com\/en\/#\/schema\/person\/e4e7e9e5c8eeeddccf61e4532ae8e6ed"},"headline":"Poziv suboti\u010dkim umetnicama JEDNA UZ DRUGU","datePublished":"2018-12-02T17:47:00+00:00","dateModified":"2022-03-30T19:36:25+00:00","mainEntityOfPage":{"@id":"https:\/\/www.klarairosa.com\/poziv-subotickim-umetnicama-jedna-uz-drugu\/"},"wordCount":389,"publisher":{"@id":"https:\/\/www.klarairosa.com\/en\/#organization"},"image":{"@id":"https:\/\/www.klarairosa.com\/poziv-subotickim-umetnicama-jedna-uz-drugu\/#primaryimage"},"thumbnailUrl":"https:\/\/www.klarairosa.com\/wp-content\/uploads\/2022\/03\/46966482_2203973323223926_1532965237731360768_n.jpg","articleSection":["Jedna uz drugu"],"inLanguage":"hu"},{"@type":"WebPage","@id":"https:\/\/www.klarairosa.com\/poziv-subotickim-umetnicama-jedna-uz-drugu\/","url":"https:\/\/www.klarairosa.com\/poziv-subotickim-umetnicama-jedna-uz-drugu\/","name":"Poziv suboti\u010dkim umetnicama JEDNA UZ DRUGU - Klara i Rosa","isPartOf":{"@id":"https:\/\/www.klarairosa.com\/en\/#website"},"primaryImageOfPage":{"@id":"https:\/\/www.klarairosa.com\/poziv-subotickim-umetnicama-jedna-uz-drugu\/#primaryimage"},"image":{"@id":"https:\/\/www.klarairosa.com\/poziv-subotickim-umetnicama-jedna-uz-drugu\/#primaryimage"},"thumbnailUrl":"https:\/\/www.klarairosa.com\/wp-content\/uploads\/2022\/03\/46966482_2203973323223926_1532965237731360768_n.jpg","datePublished":"2018-12-02T17:47:00+00:00","dateModified":"2022-03-30T19:36:25+00:00","breadcrumb":{"@id":"https:\/\/www.klarairosa.com\/poziv-subotickim-umetnicama-jedna-uz-drugu\/#breadcrumb"},"inLanguage":"hu","potentialAction":[{"@type":"ReadAction","target":["https:\/\/www.klarairosa.com\/poziv-subotickim-umetnicama-jedna-uz-drugu\/"]}]},{"@type":"ImageObject","inLanguage":"hu","@id":"https:\/\/www.klarairosa.com\/poziv-subotickim-umetnicama-jedna-uz-drugu\/#primaryimage","url":"https:\/\/www.klarairosa.com\/wp-content\/uploads\/2022\/03\/46966482_2203973323223926_1532965237731360768_n.jpg","contentUrl":"https:\/\/www.klarairosa.com\/wp-content\/uploads\/2022\/03\/46966482_2203973323223926_1532965237731360768_n.jpg","width":1200,"height":900},{"@type":"BreadcrumbList","@id":"https:\/\/www.klarairosa.com\/poziv-subotickim-umetnicama-jedna-uz-drugu\/#breadcrumb","itemListElement":[{"@type":"ListItem","position":1,"name":"Home","item":"https:\/\/www.klarairosa.com\/"},{"@type":"ListItem","position":2,"name":"Poziv suboti\u010dkim umetnicama JEDNA UZ DRUGU"}]},{"@type":"WebSite","@id":"https:\/\/www.klarairosa.com\/en\/#website","url":"https:\/\/www.klarairosa.com\/en\/","name":"Kl\u00e1ra \u00e9s Rosa Egyes\u00fclet","description":"Kl\u00e1ra \u00e9s Rosa Egyes\u00fclet","publisher":{"@id":"https:\/\/www.klarairosa.com\/en\/#organization"},"potentialAction":[{"@type":"SearchAction","target":{"@type":"EntryPoint","urlTemplate":"https:\/\/www.klarairosa.com\/en\/?s={search_term_string}"},"query-input":{"@type":"PropertyValueSpecification","valueRequired":true,"valueName":"search_term_string"}}],"inLanguage":"hu"},{"@type":"Organization","@id":"https:\/\/www.klarairosa.com\/en\/#organization","name":"Kl\u00e1ra \u00e9s Rosa Egyes\u00fclet","url":"https:\/\/www.klarairosa.com\/en\/","logo":{"@type":"ImageObject","inLanguage":"hu","@id":"https:\/\/www.klarairosa.com\/en\/#\/schema\/logo\/image\/","url":"https:\/\/www.klarairosa.com\/wp-content\/uploads\/2022\/01\/logo.svg","contentUrl":"https:\/\/www.klarairosa.com\/wp-content\/uploads\/2022\/01\/logo.svg","width":110,"height":139,"caption":"Klara i Rosa"},"image":{"@id":"https:\/\/www.klarairosa.com\/en\/#\/schema\/logo\/image\/"},"sameAs":["https:\/\/www.facebook.com\/klarairosa\/","https:\/\/www.instagram.com\/ugklarairosa\/"]},{"@type":"Person","@id":"https:\/\/www.klarairosa.com\/en\/#\/schema\/person\/e4e7e9e5c8eeeddccf61e4532ae8e6ed","name":"Kl\u00e1ra \u00e9s Rosa Egyes\u00fclet","image":{"@type":"ImageObject","inLanguage":"hu","@id":"https:\/\/secure.gravatar.com\/avatar\/c83ee539a067b9f57ae5d8999ae286c4f98b5c4bd943b8cbb64f6b0fc1f29e40?s=96&d=mm&r=g","url":"https:\/\/secure.gravatar.com\/avatar\/c83ee539a067b9f57ae5d8999ae286c4f98b5c4bd943b8cbb64f6b0fc1f29e40?s=96&d=mm&r=g","contentUrl":"https:\/\/secure.gravatar.com\/avatar\/c83ee539a067b9f57ae5d8999ae286c4f98b5c4bd943b8cbb64f6b0fc1f29e40?s=96&d=mm&r=g","caption":"Klara i Rosa"},"sameAs":["https:\/\/klarairosa.com"],"url":"https:\/\/www.klarairosa.com\/hu\/author\/rosaiklara\/"}]}},"_links":{"self":[{"href":"https:\/\/www.klarairosa.com\/hu\/wp-json\/wp\/v2\/posts\/17513","targetHints":{"allow":["GET"]}}],"collection":[{"href":"https:\/\/www.klarairosa.com\/hu\/wp-json\/wp\/v2\/posts"}],"about":[{"href":"https:\/\/www.klarairosa.com\/hu\/wp-json\/wp\/v2\/types\/post"}],"author":[{"embeddable":true,"href":"https:\/\/www.klarairosa.com\/hu\/wp-json\/wp\/v2\/users\/1"}],"replies":[{"embeddable":true,"href":"https:\/\/www.klarairosa.com\/hu\/wp-json\/wp\/v2\/comments?post=17513"}],"version-history":[{"count":2,"href":"https:\/\/www.klarairosa.com\/hu\/wp-json\/wp\/v2\/posts\/17513\/revisions"}],"predecessor-version":[{"id":17793,"href":"https:\/\/www.klarairosa.com\/hu\/wp-json\/wp\/v2\/posts\/17513\/revisions\/17793"}],"wp:featuredmedia":[{"embeddable":true,"href":"https:\/\/www.klarairosa.com\/hu\/wp-json\/wp\/v2\/media\/17514"}],"wp:attachment":[{"href":"https:\/\/www.klarairosa.com\/hu\/wp-json\/wp\/v2\/media?parent=17513"}],"wp:term":[{"taxonomy":"category","embeddable":true,"href":"https:\/\/www.klarairosa.com\/hu\/wp-json\/wp\/v2\/categories?post=17513"},{"taxonomy":"post_tag","embeddable":true,"href":"https:\/\/www.klarairosa.com\/hu\/wp-json\/wp\/v2\/tags?post=17513"}],"curies":[{"name":"wp","href":"https:\/\/api.w.org\/{rel}","templated":true}]}}