{"id":17228,"date":"2022-01-31T23:28:00","date_gmt":"2022-01-31T23:28:00","guid":{"rendered":"https:\/\/www.klarairosa.com\/?p=17228"},"modified":"2022-04-17T15:23:33","modified_gmt":"2022-04-17T15:23:33","slug":"radio-plac-subotica-bosonoga-deca-bastovanstvo-i-moc-pojedinca","status":"publish","type":"post","link":"https:\/\/www.klarairosa.com\/hu\/radio-plac-subotica-bosonoga-deca-bastovanstvo-i-moc-pojedinca\/","title":{"rendered":"Radio Plac Subotica \/ Bosonoga deca: Ba\u0161tovanstvo i mo\u0107 pojedinca"},"content":{"rendered":"<p>U ponedeljak,\u00a0 31. januara 2022., od 19 \u010dasova u emisiji Bosonoga deca na Radiju Plac pri\u010damo o organskoj poljoprivredi, hrani, ba\u0161tovanstvu, bankama semena, o ba\u0161tovanstvu u \u0161kolama i poku\u0161ajima korporacija da nastave zaga\u0111enje zemlje i prirode, te mo\u0107i pojedinca u borbi protiv Golijata u \u201erevoluciji jedne slamke\u201c.<\/p>\r\n\r\n\r\n\r\n<p>.<\/p>\r\n<blockquote class='' style='border-left-color: #aeccc5;'><h5 class='blockquote-text' style='color: #aeccc5; line-height: undefinedpx;'>Ponedeljak, 1. januar 2022. \/ Radio Plac \/ 19:00<\/h5><\/blockquote>\r\n\r\n\r\n\r\n<p>.<\/p>\r\n\r\n\r\n\r\n<p>Silvija Kolar Fodor iz \u010cakovca u Hrvatskoj je aktivistkinja, zaljubljenica u prirodu, biovrtlarica, autorka. Na svoja \u010detiri hektara zemlje gaji organsko vo\u0107e, povr\u0107e, za\u010dinsko bilje i cve\u0107e, \u010duva preko 700 vrsta u svojoj banci semena i ve\u0107 15 godina inspiri\u0161e i edukuje ba\u0161tovane i one koji to \u017eele postati. Odr\u017eala je preko 150 predavanja i radionica. Objavila je vi\u0161e od 800 \u010dlanaka na raznim internet portalima, \u010dasopisima, ali i na svojoj internet stranici (<a href=\"https:\/\/www.biovrt.com\/\">https:\/\/www.biovrt.com\/<\/a>) . Nedavno je objavila knjigu \u201eVrtlarenje u skladu sa prirodom\u201c.\u00a0 Za svoj rad nagra\u0111ena je sa dve presti\u017ene nagrade 2020. godine: Utjecajne hrvatske \u017eene na podru\u010dju vo\u0111stva i inovacija, te \u017duti okvir za nauku i obrazovanje National Geographic dru\u0161tva u kategoriji \u201eIskorenjivanje gladi\u201c.<\/p>\r\n\r\n\r\n\r\n<p>.<\/p>\r\n\r\n\r\n\r\n\r\n\r\n<p>Razgovor vodi Ivana Primorac.<\/p>\r\n<p>.<\/p>\r\n<p><iframe title=\"Bosonoga Deca - Epizoda 21 - Ba\u0161tovanstvo I Mo\u0107 Pojedinca\" width=\"100%\" height=\"120\" src=\"https:\/\/www.mixcloud.com\/widget\/iframe\/?feed=https%3A%2F%2Fwww.mixcloud.com%2Fradioplac%2Fbosonoga-deca-epizoda-20-ba%25C5%25A1tovanstvo-i-mo%25C4%2587-pojedinca%2F&amp;hide_cover=1\" frameborder=\"0\"><\/iframe><\/p>\r\n\r\n\r\n\r\n<p>.<\/p>\r\n\r\n\r\n\r\n\r\n\r\n<p>Repriza emisije je u subotu, 5. februara od 17 \u010dasova.<\/p>\r\n\r\n\r\n\r\n<p>.<\/p>\r\n\r\n\r\n\r\n\r\n\r\n<p>Emisija je realizovana u sklopu projekta\u00a0\u00a0<strong>7,83 Hz\u00a0<\/strong>(prirodna frekvencija Zemlje i Alpha\/Theta frekvencija mo\u017edanih talasa u stanju regeneracije)\u00a0podr\u017eanog od strane Trag Fondacije u okviru programa Aktivne zajednice.<\/p>\r\n\r\n\r\n\r\n<p>.<\/p>\r\n\r\n\r\n\r\n\r\n\r\n<p>#aktivnezajednice<\/p>\r\n<p>.<\/p>\r\n<p><img decoding=\"async\" class=\"\" src=\"https:\/\/www.ckplac.org\/wp-content\/uploads\/2022\/03\/logoi-300x37.png\" alt=\"\" width=\"365\" height=\"45\" \/><\/p>","protected":false},"excerpt":{"rendered":"<p>U ponedeljak,\u00a0 31. januara 2022., od 19 \u010dasova u emisiji Bosonoga deca na Radiju Plac&#8230;<\/p>","protected":false},"author":1,"featured_media":17229,"comment_status":"closed","ping_status":"closed","sticky":false,"template":"","format":"standard","meta":{"content-type":"","inline_featured_image":false,"footnotes":""},"categories":[55,120],"tags":[],"class_list":["post-17228","post","type-post","status-publish","format-standard","has-post-thumbnail","hentry","category-7-83-hz","category-ekologija"],"yoast_head":"<!-- This site is optimized with the Yoast SEO plugin v27.5 - https:\/\/yoast.com\/product\/yoast-seo-wordpress\/ -->\n<title>Radio Plac Subotica \/ Bosonoga deca: Ba\u0161tovanstvo i mo\u0107 pojedinca - Klara i Rosa<\/title>\n<meta name=\"robots\" content=\"index, follow, max-snippet:-1, max-image-preview:large, max-video-preview:-1\" \/>\n<link rel=\"canonical\" href=\"https:\/\/www.klarairosa.com\/hu\/radio-plac-subotica-bosonoga-deca-bastovanstvo-i-moc-pojedinca\/\" \/>\n<meta property=\"og:locale\" content=\"hu_HU\" \/>\n<meta property=\"og:type\" content=\"article\" \/>\n<meta property=\"og:title\" content=\"Radio Plac Subotica \/ Bosonoga deca: Ba\u0161tovanstvo i mo\u0107 pojedinca - Klara i Rosa\" \/>\n<meta property=\"og:description\" content=\"U ponedeljak,\u00a0 31. januara 2022., od 19 \u010dasova u emisiji Bosonoga deca na Radiju Plac...\" \/>\n<meta property=\"og:url\" content=\"https:\/\/www.klarairosa.com\/hu\/radio-plac-subotica-bosonoga-deca-bastovanstvo-i-moc-pojedinca\/\" \/>\n<meta property=\"og:site_name\" content=\"Klara i Rosa\" \/>\n<meta property=\"article:publisher\" content=\"https:\/\/www.facebook.com\/klarairosa\/\" \/>\n<meta property=\"article:published_time\" content=\"2022-01-31T23:28:00+00:00\" \/>\n<meta property=\"article:modified_time\" content=\"2022-04-17T15:23:33+00:00\" \/>\n<meta property=\"og:image\" content=\"https:\/\/www.klarairosa.com\/wp-content\/uploads\/2022\/03\/DSC07081-1536x1024-1.jpg\" \/>\n\t<meta property=\"og:image:width\" content=\"1536\" \/>\n\t<meta property=\"og:image:height\" content=\"1024\" \/>\n\t<meta property=\"og:image:type\" content=\"image\/jpeg\" \/>\n<meta name=\"author\" content=\"Klara i Rosa\" \/>\n<meta name=\"twitter:card\" content=\"summary_large_image\" \/>\n<meta name=\"twitter:label1\" content=\"Szerz\u0151:\" \/>\n\t<meta name=\"twitter:data1\" content=\"Klara i Rosa\" \/>\n\t<meta name=\"twitter:label2\" content=\"Becs\u00fclt olvas\u00e1si id\u0151\" \/>\n\t<meta name=\"twitter:data2\" content=\"1 perc\" \/>\n<script type=\"application\/ld+json\" class=\"yoast-schema-graph\">{\"@context\":\"https:\\\/\\\/schema.org\",\"@graph\":[{\"@type\":\"Article\",\"@id\":\"https:\\\/\\\/www.klarairosa.com\\\/radio-plac-subotica-bosonoga-deca-bastovanstvo-i-moc-pojedinca\\\/#article\",\"isPartOf\":{\"@id\":\"https:\\\/\\\/www.klarairosa.com\\\/radio-plac-subotica-bosonoga-deca-bastovanstvo-i-moc-pojedinca\\\/\"},\"author\":{\"name\":\"Klara i Rosa\",\"@id\":\"https:\\\/\\\/www.klarairosa.com\\\/en\\\/#\\\/schema\\\/person\\\/e4e7e9e5c8eeeddccf61e4532ae8e6ed\"},\"headline\":\"Radio Plac Subotica \\\/ Bosonoga deca: Ba\u0161tovanstvo i mo\u0107 pojedinca\",\"datePublished\":\"2022-01-31T23:28:00+00:00\",\"dateModified\":\"2022-04-17T15:23:33+00:00\",\"mainEntityOfPage\":{\"@id\":\"https:\\\/\\\/www.klarairosa.com\\\/radio-plac-subotica-bosonoga-deca-bastovanstvo-i-moc-pojedinca\\\/\"},\"wordCount\":270,\"publisher\":{\"@id\":\"https:\\\/\\\/www.klarairosa.com\\\/en\\\/#organization\"},\"image\":{\"@id\":\"https:\\\/\\\/www.klarairosa.com\\\/radio-plac-subotica-bosonoga-deca-bastovanstvo-i-moc-pojedinca\\\/#primaryimage\"},\"thumbnailUrl\":\"https:\\\/\\\/www.klarairosa.com\\\/wp-content\\\/uploads\\\/2022\\\/03\\\/DSC07081-1536x1024-1.jpg\",\"articleSection\":[\"7.83 Hz\",\"Ekologija\"],\"inLanguage\":\"hu\"},{\"@type\":\"WebPage\",\"@id\":\"https:\\\/\\\/www.klarairosa.com\\\/radio-plac-subotica-bosonoga-deca-bastovanstvo-i-moc-pojedinca\\\/\",\"url\":\"https:\\\/\\\/www.klarairosa.com\\\/radio-plac-subotica-bosonoga-deca-bastovanstvo-i-moc-pojedinca\\\/\",\"name\":\"Radio Plac Subotica \\\/ Bosonoga deca: Ba\u0161tovanstvo i mo\u0107 pojedinca - Klara i Rosa\",\"isPartOf\":{\"@id\":\"https:\\\/\\\/www.klarairosa.com\\\/en\\\/#website\"},\"primaryImageOfPage\":{\"@id\":\"https:\\\/\\\/www.klarairosa.com\\\/radio-plac-subotica-bosonoga-deca-bastovanstvo-i-moc-pojedinca\\\/#primaryimage\"},\"image\":{\"@id\":\"https:\\\/\\\/www.klarairosa.com\\\/radio-plac-subotica-bosonoga-deca-bastovanstvo-i-moc-pojedinca\\\/#primaryimage\"},\"thumbnailUrl\":\"https:\\\/\\\/www.klarairosa.com\\\/wp-content\\\/uploads\\\/2022\\\/03\\\/DSC07081-1536x1024-1.jpg\",\"datePublished\":\"2022-01-31T23:28:00+00:00\",\"dateModified\":\"2022-04-17T15:23:33+00:00\",\"breadcrumb\":{\"@id\":\"https:\\\/\\\/www.klarairosa.com\\\/radio-plac-subotica-bosonoga-deca-bastovanstvo-i-moc-pojedinca\\\/#breadcrumb\"},\"inLanguage\":\"hu\",\"potentialAction\":[{\"@type\":\"ReadAction\",\"target\":[\"https:\\\/\\\/www.klarairosa.com\\\/radio-plac-subotica-bosonoga-deca-bastovanstvo-i-moc-pojedinca\\\/\"]}]},{\"@type\":\"ImageObject\",\"inLanguage\":\"hu\",\"@id\":\"https:\\\/\\\/www.klarairosa.com\\\/radio-plac-subotica-bosonoga-deca-bastovanstvo-i-moc-pojedinca\\\/#primaryimage\",\"url\":\"https:\\\/\\\/www.klarairosa.com\\\/wp-content\\\/uploads\\\/2022\\\/03\\\/DSC07081-1536x1024-1.jpg\",\"contentUrl\":\"https:\\\/\\\/www.klarairosa.com\\\/wp-content\\\/uploads\\\/2022\\\/03\\\/DSC07081-1536x1024-1.jpg\",\"width\":1536,\"height\":1024},{\"@type\":\"BreadcrumbList\",\"@id\":\"https:\\\/\\\/www.klarairosa.com\\\/radio-plac-subotica-bosonoga-deca-bastovanstvo-i-moc-pojedinca\\\/#breadcrumb\",\"itemListElement\":[{\"@type\":\"ListItem\",\"position\":1,\"name\":\"Home\",\"item\":\"https:\\\/\\\/www.klarairosa.com\\\/\"},{\"@type\":\"ListItem\",\"position\":2,\"name\":\"Radio Plac Subotica \\\/ Bosonoga deca: Ba\u0161tovanstvo i mo\u0107 pojedinca\"}]},{\"@type\":\"WebSite\",\"@id\":\"https:\\\/\\\/www.klarairosa.com\\\/en\\\/#website\",\"url\":\"https:\\\/\\\/www.klarairosa.com\\\/en\\\/\",\"name\":\"Klara i Rosa\",\"description\":\"Klara i Rosa\",\"publisher\":{\"@id\":\"https:\\\/\\\/www.klarairosa.com\\\/en\\\/#organization\"},\"potentialAction\":[{\"@type\":\"SearchAction\",\"target\":{\"@type\":\"EntryPoint\",\"urlTemplate\":\"https:\\\/\\\/www.klarairosa.com\\\/en\\\/?s={search_term_string}\"},\"query-input\":{\"@type\":\"PropertyValueSpecification\",\"valueRequired\":true,\"valueName\":\"search_term_string\"}}],\"inLanguage\":\"hu\"},{\"@type\":\"Organization\",\"@id\":\"https:\\\/\\\/www.klarairosa.com\\\/en\\\/#organization\",\"name\":\"Klara i Rosa\",\"url\":\"https:\\\/\\\/www.klarairosa.com\\\/en\\\/\",\"logo\":{\"@type\":\"ImageObject\",\"inLanguage\":\"hu\",\"@id\":\"https:\\\/\\\/www.klarairosa.com\\\/en\\\/#\\\/schema\\\/logo\\\/image\\\/\",\"url\":\"https:\\\/\\\/www.klarairosa.com\\\/wp-content\\\/uploads\\\/2022\\\/01\\\/logo.svg\",\"contentUrl\":\"https:\\\/\\\/www.klarairosa.com\\\/wp-content\\\/uploads\\\/2022\\\/01\\\/logo.svg\",\"width\":110,\"height\":139,\"caption\":\"Klara i Rosa\"},\"image\":{\"@id\":\"https:\\\/\\\/www.klarairosa.com\\\/en\\\/#\\\/schema\\\/logo\\\/image\\\/\"},\"sameAs\":[\"https:\\\/\\\/www.facebook.com\\\/klarairosa\\\/\",\"https:\\\/\\\/www.instagram.com\\\/ugklarairosa\\\/\"]},{\"@type\":\"Person\",\"@id\":\"https:\\\/\\\/www.klarairosa.com\\\/en\\\/#\\\/schema\\\/person\\\/e4e7e9e5c8eeeddccf61e4532ae8e6ed\",\"name\":\"Klara i Rosa\",\"image\":{\"@type\":\"ImageObject\",\"inLanguage\":\"hu\",\"@id\":\"https:\\\/\\\/secure.gravatar.com\\\/avatar\\\/c83ee539a067b9f57ae5d8999ae286c4f98b5c4bd943b8cbb64f6b0fc1f29e40?s=96&d=mm&r=g\",\"url\":\"https:\\\/\\\/secure.gravatar.com\\\/avatar\\\/c83ee539a067b9f57ae5d8999ae286c4f98b5c4bd943b8cbb64f6b0fc1f29e40?s=96&d=mm&r=g\",\"contentUrl\":\"https:\\\/\\\/secure.gravatar.com\\\/avatar\\\/c83ee539a067b9f57ae5d8999ae286c4f98b5c4bd943b8cbb64f6b0fc1f29e40?s=96&d=mm&r=g\",\"caption\":\"Klara i Rosa\"},\"sameAs\":[\"https:\\\/\\\/klarairosa.com\"],\"url\":\"https:\\\/\\\/www.klarairosa.com\\\/hu\\\/author\\\/rosaiklara\\\/\"}]}<\/script>\n<!-- \/ Yoast SEO plugin. -->","yoast_head_json":{"title":"Radio Plac Subotica \/ Bosonoga deca: Ba\u0161tovanstvo i mo\u0107 pojedinca - Klara i Rosa","robots":{"index":"index","follow":"follow","max-snippet":"max-snippet:-1","max-image-preview":"max-image-preview:large","max-video-preview":"max-video-preview:-1"},"canonical":"https:\/\/www.klarairosa.com\/hu\/radio-plac-subotica-bosonoga-deca-bastovanstvo-i-moc-pojedinca\/","og_locale":"hu_HU","og_type":"article","og_title":"Radio Plac Subotica \/ Bosonoga deca: Ba\u0161tovanstvo i mo\u0107 pojedinca - Klara i Rosa","og_description":"U ponedeljak,\u00a0 31. januara 2022., od 19 \u010dasova u emisiji Bosonoga deca na Radiju Plac...","og_url":"https:\/\/www.klarairosa.com\/hu\/radio-plac-subotica-bosonoga-deca-bastovanstvo-i-moc-pojedinca\/","og_site_name":"Klara i Rosa","article_publisher":"https:\/\/www.facebook.com\/klarairosa\/","article_published_time":"2022-01-31T23:28:00+00:00","article_modified_time":"2022-04-17T15:23:33+00:00","og_image":[{"width":1536,"height":1024,"url":"https:\/\/www.klarairosa.com\/wp-content\/uploads\/2022\/03\/DSC07081-1536x1024-1.jpg","type":"image\/jpeg"}],"author":"Klara i Rosa","twitter_card":"summary_large_image","twitter_misc":{"Szerz\u0151:":"Klara i Rosa","Becs\u00fclt olvas\u00e1si id\u0151":"1 perc"},"schema":{"@context":"https:\/\/schema.org","@graph":[{"@type":"Article","@id":"https:\/\/www.klarairosa.com\/radio-plac-subotica-bosonoga-deca-bastovanstvo-i-moc-pojedinca\/#article","isPartOf":{"@id":"https:\/\/www.klarairosa.com\/radio-plac-subotica-bosonoga-deca-bastovanstvo-i-moc-pojedinca\/"},"author":{"name":"Klara i Rosa","@id":"https:\/\/www.klarairosa.com\/en\/#\/schema\/person\/e4e7e9e5c8eeeddccf61e4532ae8e6ed"},"headline":"Radio Plac Subotica \/ Bosonoga deca: Ba\u0161tovanstvo i mo\u0107 pojedinca","datePublished":"2022-01-31T23:28:00+00:00","dateModified":"2022-04-17T15:23:33+00:00","mainEntityOfPage":{"@id":"https:\/\/www.klarairosa.com\/radio-plac-subotica-bosonoga-deca-bastovanstvo-i-moc-pojedinca\/"},"wordCount":270,"publisher":{"@id":"https:\/\/www.klarairosa.com\/en\/#organization"},"image":{"@id":"https:\/\/www.klarairosa.com\/radio-plac-subotica-bosonoga-deca-bastovanstvo-i-moc-pojedinca\/#primaryimage"},"thumbnailUrl":"https:\/\/www.klarairosa.com\/wp-content\/uploads\/2022\/03\/DSC07081-1536x1024-1.jpg","articleSection":["7.83 Hz","Ekologija"],"inLanguage":"hu"},{"@type":"WebPage","@id":"https:\/\/www.klarairosa.com\/radio-plac-subotica-bosonoga-deca-bastovanstvo-i-moc-pojedinca\/","url":"https:\/\/www.klarairosa.com\/radio-plac-subotica-bosonoga-deca-bastovanstvo-i-moc-pojedinca\/","name":"Radio Plac Subotica \/ Bosonoga deca: Ba\u0161tovanstvo i mo\u0107 pojedinca - Klara i Rosa","isPartOf":{"@id":"https:\/\/www.klarairosa.com\/en\/#website"},"primaryImageOfPage":{"@id":"https:\/\/www.klarairosa.com\/radio-plac-subotica-bosonoga-deca-bastovanstvo-i-moc-pojedinca\/#primaryimage"},"image":{"@id":"https:\/\/www.klarairosa.com\/radio-plac-subotica-bosonoga-deca-bastovanstvo-i-moc-pojedinca\/#primaryimage"},"thumbnailUrl":"https:\/\/www.klarairosa.com\/wp-content\/uploads\/2022\/03\/DSC07081-1536x1024-1.jpg","datePublished":"2022-01-31T23:28:00+00:00","dateModified":"2022-04-17T15:23:33+00:00","breadcrumb":{"@id":"https:\/\/www.klarairosa.com\/radio-plac-subotica-bosonoga-deca-bastovanstvo-i-moc-pojedinca\/#breadcrumb"},"inLanguage":"hu","potentialAction":[{"@type":"ReadAction","target":["https:\/\/www.klarairosa.com\/radio-plac-subotica-bosonoga-deca-bastovanstvo-i-moc-pojedinca\/"]}]},{"@type":"ImageObject","inLanguage":"hu","@id":"https:\/\/www.klarairosa.com\/radio-plac-subotica-bosonoga-deca-bastovanstvo-i-moc-pojedinca\/#primaryimage","url":"https:\/\/www.klarairosa.com\/wp-content\/uploads\/2022\/03\/DSC07081-1536x1024-1.jpg","contentUrl":"https:\/\/www.klarairosa.com\/wp-content\/uploads\/2022\/03\/DSC07081-1536x1024-1.jpg","width":1536,"height":1024},{"@type":"BreadcrumbList","@id":"https:\/\/www.klarairosa.com\/radio-plac-subotica-bosonoga-deca-bastovanstvo-i-moc-pojedinca\/#breadcrumb","itemListElement":[{"@type":"ListItem","position":1,"name":"Home","item":"https:\/\/www.klarairosa.com\/"},{"@type":"ListItem","position":2,"name":"Radio Plac Subotica \/ Bosonoga deca: Ba\u0161tovanstvo i mo\u0107 pojedinca"}]},{"@type":"WebSite","@id":"https:\/\/www.klarairosa.com\/en\/#website","url":"https:\/\/www.klarairosa.com\/en\/","name":"Kl\u00e1ra \u00e9s Rosa Egyes\u00fclet","description":"Kl\u00e1ra \u00e9s Rosa Egyes\u00fclet","publisher":{"@id":"https:\/\/www.klarairosa.com\/en\/#organization"},"potentialAction":[{"@type":"SearchAction","target":{"@type":"EntryPoint","urlTemplate":"https:\/\/www.klarairosa.com\/en\/?s={search_term_string}"},"query-input":{"@type":"PropertyValueSpecification","valueRequired":true,"valueName":"search_term_string"}}],"inLanguage":"hu"},{"@type":"Organization","@id":"https:\/\/www.klarairosa.com\/en\/#organization","name":"Kl\u00e1ra \u00e9s Rosa Egyes\u00fclet","url":"https:\/\/www.klarairosa.com\/en\/","logo":{"@type":"ImageObject","inLanguage":"hu","@id":"https:\/\/www.klarairosa.com\/en\/#\/schema\/logo\/image\/","url":"https:\/\/www.klarairosa.com\/wp-content\/uploads\/2022\/01\/logo.svg","contentUrl":"https:\/\/www.klarairosa.com\/wp-content\/uploads\/2022\/01\/logo.svg","width":110,"height":139,"caption":"Klara i Rosa"},"image":{"@id":"https:\/\/www.klarairosa.com\/en\/#\/schema\/logo\/image\/"},"sameAs":["https:\/\/www.facebook.com\/klarairosa\/","https:\/\/www.instagram.com\/ugklarairosa\/"]},{"@type":"Person","@id":"https:\/\/www.klarairosa.com\/en\/#\/schema\/person\/e4e7e9e5c8eeeddccf61e4532ae8e6ed","name":"Kl\u00e1ra \u00e9s Rosa Egyes\u00fclet","image":{"@type":"ImageObject","inLanguage":"hu","@id":"https:\/\/secure.gravatar.com\/avatar\/c83ee539a067b9f57ae5d8999ae286c4f98b5c4bd943b8cbb64f6b0fc1f29e40?s=96&d=mm&r=g","url":"https:\/\/secure.gravatar.com\/avatar\/c83ee539a067b9f57ae5d8999ae286c4f98b5c4bd943b8cbb64f6b0fc1f29e40?s=96&d=mm&r=g","contentUrl":"https:\/\/secure.gravatar.com\/avatar\/c83ee539a067b9f57ae5d8999ae286c4f98b5c4bd943b8cbb64f6b0fc1f29e40?s=96&d=mm&r=g","caption":"Klara i Rosa"},"sameAs":["https:\/\/klarairosa.com"],"url":"https:\/\/www.klarairosa.com\/hu\/author\/rosaiklara\/"}]}},"_links":{"self":[{"href":"https:\/\/www.klarairosa.com\/hu\/wp-json\/wp\/v2\/posts\/17228","targetHints":{"allow":["GET"]}}],"collection":[{"href":"https:\/\/www.klarairosa.com\/hu\/wp-json\/wp\/v2\/posts"}],"about":[{"href":"https:\/\/www.klarairosa.com\/hu\/wp-json\/wp\/v2\/types\/post"}],"author":[{"embeddable":true,"href":"https:\/\/www.klarairosa.com\/hu\/wp-json\/wp\/v2\/users\/1"}],"replies":[{"embeddable":true,"href":"https:\/\/www.klarairosa.com\/hu\/wp-json\/wp\/v2\/comments?post=17228"}],"version-history":[{"count":4,"href":"https:\/\/www.klarairosa.com\/hu\/wp-json\/wp\/v2\/posts\/17228\/revisions"}],"predecessor-version":[{"id":17839,"href":"https:\/\/www.klarairosa.com\/hu\/wp-json\/wp\/v2\/posts\/17228\/revisions\/17839"}],"wp:featuredmedia":[{"embeddable":true,"href":"https:\/\/www.klarairosa.com\/hu\/wp-json\/wp\/v2\/media\/17229"}],"wp:attachment":[{"href":"https:\/\/www.klarairosa.com\/hu\/wp-json\/wp\/v2\/media?parent=17228"}],"wp:term":[{"taxonomy":"category","embeddable":true,"href":"https:\/\/www.klarairosa.com\/hu\/wp-json\/wp\/v2\/categories?post=17228"},{"taxonomy":"post_tag","embeddable":true,"href":"https:\/\/www.klarairosa.com\/hu\/wp-json\/wp\/v2\/tags?post=17228"}],"curies":[{"name":"wp","href":"https:\/\/api.w.org\/{rel}","templated":true}]}}