{"id":17118,"date":"2021-02-06T20:52:00","date_gmt":"2021-02-06T20:52:00","guid":{"rendered":"https:\/\/www.klarairosa.com\/?p=17118"},"modified":"2022-03-26T20:58:40","modified_gmt":"2022-03-26T20:58:40","slug":"radionice-za-kreatore-radio-sadrzaja","status":"publish","type":"post","link":"https:\/\/www.klarairosa.com\/hu\/radionice-za-kreatore-radio-sadrzaja\/","title":{"rendered":"Radionice za kreatore radio sadr\u017eaja"},"content":{"rendered":"\n<p>Centar za savremenu kulturu i umetnost Subotica, pokrenuo je svoju online radio platformu Radio Plac! Povodom toga pozivamo vas da se prijavite na radionice radio produkcije koje \u0107e po\u010detkom februara na srpskom jeziku voditi Aleksandar Guba\u0161 i Petar Mitri\u0107, a na ma\u0111arskom jeziku Julija \u0160oti i Viktor Na\u0111.<\/p>\n\n\n\n<p>Prijavi se za u\u010de\u0161\u0107e putem mejla:\u00a0<a href=\"mailto:klarairosa@gmail.com\">klarairosa@gmail.com<\/a>\u00a0i navedi jezik (srpski ili ma\u0111arski) na kom \u017eeli\u0161 da slu\u0161a\u0161 radionice.<\/p>\n\n\n\n<p>.<\/p>\n\n\n\n<p><\/p>\n\n\n\n<p>Prva i druga, od ukupno tri radionice na srpskom jeziku \u0107e se odr\u017eati preko Zoom platforme u subotu 06. februara 2021, sa po\u010detkom u 17h. U\u010de\u0161\u0107e je besplatno!<\/p>\n\n\n\n<p>Zoom radionica o kratkoj radijskoj formi na internetu, bavi\u0107e se izborom teme, forme i sagovornika, s posebnim naglaskom na radijskom intervjuu i terenskoj anketi. Radionica \u0107e pokriti i pitanja vezana za strukturu epizode\/emisije i za pristup sagovorniku, a polaznici \u0107e na kraju radionice dobiti jedan prakti\u010dni zadatak na terenu.<\/p>\n\n\n\n<p>Projekat \u201cGlas zajednice\u201d podr\u017eala je Fondacija Jelena \u0160anti\u0107 a sprovodi se u organizaciji Udru\u017eenja gra\u0111ana Klara i Rosa iz Subotice.<\/p>\n\n\n\n<p>\u2026\u2026\u2026\u2026\u2026\u2026\u2026\u2026\u2026\u2026\u2026\u2026\u2026..<\/p>\n\n\n\n<p><\/p>\n\n\n\n<p>Radio Plac je umetni\u010dki radiofonski projekat Centra za savremenu kulturu i umetnost, Subotica. Osim muzi\u010dkog izbora, sastavljenog od neobjavljene, amaterske i slobodne muzike, radio je usmeren ka bele\u017eenju radiofonskih zapisa svakodnevnog \u017eivota ljudi u zajednici. Brehtovo vi\u0111enje radija kao mogu\u0107nosti komunikacije me\u0111u ljudima \u010dini okosnicu ovog poduhvata. On mora biti sredstvo izra\u017eavanja zajednice u okviru koje deluje. U tom smislu on podsti\u010de aktivno u\u010destvovanje slu\u0161alaca u stvaranju programa. Kao deo Centra za savremenu kulturu i umetnost, Radio Plac \u0107e kontinuirano predstavljati i aktuelno delovanje umetni\u010dkih udru\u017eenja i samostalnih umetnika iz Subotice i Regiona i \u0161iriti prostor za novo promi\u0161ljanje radija kao mogu\u0107eg stvarala\u010dkog medija.<\/p>\n\n\n\n<p>.<\/p>\n\n\n\n<p><\/p>\n\n\n\n<p><a href=\"https:\/\/www.facebook.com\/hashtag\/%D0%B5%D1%83%D0%B7%D0%B0%D1%82%D0%B5%D0%B1%D0%B5?__eep__=6&amp;__cft__[0]=AZWlhgOJrEX4sqhwuwRDki4MVXhtqAp6y44OK5USM7X4c16KHKyNikINK-Pa5M3xqZ8EKYq9GUFpPE5iavFnkAgb65DOQbCrzjudBRc9OB4x6usaQmoGzkwefDNOkVk9Ou6Q64pi5aILFfXgHZVQUPKKMpdua5QADDNphT9O0rKBmQ&amp;__tn__=q\">#\u0415\u0423\u0437\u0430\u0422\u0415\u0411\u0415<\/a><\/p>\n\n\n\n<p>.<\/p>\n\n\n\n<p>Ovaj projekat finansira Evropska unija.Ova stranica na\u010dinjena je i odr\u017eava se uz finansijsku pomo\u0107 Evropske unije. Za njenu sadr\u017einu isklju\u010divo je odgovoran ugovara\u010d projekta UG \u201eKlara i Rosa\u201c, i ta sadr\u017eina nu\u017eno ne izra\u017eava stavove Evropske unije, \u00a9 2019. Glas Zajednice<\/p>\n","protected":false},"excerpt":{"rendered":"<p>Centar za savremenu kulturu i umetnost Subotica, pokrenuo je svoju online radio platformu Radio Plac!&#8230;<\/p>","protected":false},"author":1,"featured_media":17119,"comment_status":"closed","ping_status":"closed","sticky":false,"template":"","format":"standard","meta":{"content-type":"","inline_featured_image":false,"footnotes":""},"categories":[98],"tags":[116],"class_list":["post-17118","post","type-post","status-publish","format-standard","has-post-thumbnail","hentry","category-radio-plac","tag-radio-plac"],"yoast_head":"<!-- This site is optimized with the Yoast SEO plugin v27.5 - https:\/\/yoast.com\/product\/yoast-seo-wordpress\/ -->\n<title>Radionice za kreatore radio sadr\u017eaja - Klara i Rosa<\/title>\n<meta name=\"robots\" content=\"index, follow, max-snippet:-1, max-image-preview:large, max-video-preview:-1\" \/>\n<link rel=\"canonical\" href=\"https:\/\/www.klarairosa.com\/hu\/radionice-za-kreatore-radio-sadrzaja\/\" \/>\n<meta property=\"og:locale\" content=\"hu_HU\" \/>\n<meta property=\"og:type\" content=\"article\" \/>\n<meta property=\"og:title\" content=\"Radionice za kreatore radio sadr\u017eaja - Klara i Rosa\" \/>\n<meta property=\"og:description\" content=\"Centar za savremenu kulturu i umetnost Subotica, pokrenuo je svoju online radio platformu Radio Plac!...\" \/>\n<meta property=\"og:url\" content=\"https:\/\/www.klarairosa.com\/hu\/radionice-za-kreatore-radio-sadrzaja\/\" \/>\n<meta property=\"og:site_name\" content=\"Klara i Rosa\" \/>\n<meta property=\"article:publisher\" content=\"https:\/\/www.facebook.com\/klarairosa\/\" \/>\n<meta property=\"article:published_time\" content=\"2021-02-06T20:52:00+00:00\" \/>\n<meta property=\"article:modified_time\" content=\"2022-03-26T20:58:40+00:00\" \/>\n<meta property=\"og:image\" content=\"https:\/\/www.klarairosa.com\/wp-content\/uploads\/2022\/03\/radio-plac-najava.png\" \/>\n\t<meta property=\"og:image:width\" content=\"836\" \/>\n\t<meta property=\"og:image:height\" content=\"600\" \/>\n\t<meta property=\"og:image:type\" content=\"image\/png\" \/>\n<meta name=\"author\" content=\"Klara i Rosa\" \/>\n<meta name=\"twitter:card\" content=\"summary_large_image\" \/>\n<meta name=\"twitter:label1\" content=\"Szerz\u0151:\" \/>\n\t<meta name=\"twitter:data1\" content=\"Klara i Rosa\" \/>\n\t<meta name=\"twitter:label2\" content=\"Becs\u00fclt olvas\u00e1si id\u0151\" \/>\n\t<meta name=\"twitter:data2\" content=\"2 perc\" \/>\n<script type=\"application\/ld+json\" class=\"yoast-schema-graph\">{\"@context\":\"https:\\\/\\\/schema.org\",\"@graph\":[{\"@type\":\"Article\",\"@id\":\"https:\\\/\\\/www.klarairosa.com\\\/radionice-za-kreatore-radio-sadrzaja\\\/#article\",\"isPartOf\":{\"@id\":\"https:\\\/\\\/www.klarairosa.com\\\/radionice-za-kreatore-radio-sadrzaja\\\/\"},\"author\":{\"name\":\"Klara i Rosa\",\"@id\":\"https:\\\/\\\/www.klarairosa.com\\\/en\\\/#\\\/schema\\\/person\\\/e4e7e9e5c8eeeddccf61e4532ae8e6ed\"},\"headline\":\"Radionice za kreatore radio sadr\u017eaja\",\"datePublished\":\"2021-02-06T20:52:00+00:00\",\"dateModified\":\"2022-03-26T20:58:40+00:00\",\"mainEntityOfPage\":{\"@id\":\"https:\\\/\\\/www.klarairosa.com\\\/radionice-za-kreatore-radio-sadrzaja\\\/\"},\"wordCount\":358,\"publisher\":{\"@id\":\"https:\\\/\\\/www.klarairosa.com\\\/en\\\/#organization\"},\"image\":{\"@id\":\"https:\\\/\\\/www.klarairosa.com\\\/radionice-za-kreatore-radio-sadrzaja\\\/#primaryimage\"},\"thumbnailUrl\":\"https:\\\/\\\/www.klarairosa.com\\\/wp-content\\\/uploads\\\/2022\\\/03\\\/radio-plac-najava.png\",\"keywords\":[\"Radio Plac\"],\"articleSection\":[\"Radio Plac\"],\"inLanguage\":\"hu\"},{\"@type\":\"WebPage\",\"@id\":\"https:\\\/\\\/www.klarairosa.com\\\/radionice-za-kreatore-radio-sadrzaja\\\/\",\"url\":\"https:\\\/\\\/www.klarairosa.com\\\/radionice-za-kreatore-radio-sadrzaja\\\/\",\"name\":\"Radionice za kreatore radio sadr\u017eaja - Klara i Rosa\",\"isPartOf\":{\"@id\":\"https:\\\/\\\/www.klarairosa.com\\\/en\\\/#website\"},\"primaryImageOfPage\":{\"@id\":\"https:\\\/\\\/www.klarairosa.com\\\/radionice-za-kreatore-radio-sadrzaja\\\/#primaryimage\"},\"image\":{\"@id\":\"https:\\\/\\\/www.klarairosa.com\\\/radionice-za-kreatore-radio-sadrzaja\\\/#primaryimage\"},\"thumbnailUrl\":\"https:\\\/\\\/www.klarairosa.com\\\/wp-content\\\/uploads\\\/2022\\\/03\\\/radio-plac-najava.png\",\"datePublished\":\"2021-02-06T20:52:00+00:00\",\"dateModified\":\"2022-03-26T20:58:40+00:00\",\"breadcrumb\":{\"@id\":\"https:\\\/\\\/www.klarairosa.com\\\/radionice-za-kreatore-radio-sadrzaja\\\/#breadcrumb\"},\"inLanguage\":\"hu\",\"potentialAction\":[{\"@type\":\"ReadAction\",\"target\":[\"https:\\\/\\\/www.klarairosa.com\\\/radionice-za-kreatore-radio-sadrzaja\\\/\"]}]},{\"@type\":\"ImageObject\",\"inLanguage\":\"hu\",\"@id\":\"https:\\\/\\\/www.klarairosa.com\\\/radionice-za-kreatore-radio-sadrzaja\\\/#primaryimage\",\"url\":\"https:\\\/\\\/www.klarairosa.com\\\/wp-content\\\/uploads\\\/2022\\\/03\\\/radio-plac-najava.png\",\"contentUrl\":\"https:\\\/\\\/www.klarairosa.com\\\/wp-content\\\/uploads\\\/2022\\\/03\\\/radio-plac-najava.png\",\"width\":836,\"height\":600},{\"@type\":\"BreadcrumbList\",\"@id\":\"https:\\\/\\\/www.klarairosa.com\\\/radionice-za-kreatore-radio-sadrzaja\\\/#breadcrumb\",\"itemListElement\":[{\"@type\":\"ListItem\",\"position\":1,\"name\":\"Home\",\"item\":\"https:\\\/\\\/www.klarairosa.com\\\/\"},{\"@type\":\"ListItem\",\"position\":2,\"name\":\"Radionice za kreatore radio sadr\u017eaja\"}]},{\"@type\":\"WebSite\",\"@id\":\"https:\\\/\\\/www.klarairosa.com\\\/en\\\/#website\",\"url\":\"https:\\\/\\\/www.klarairosa.com\\\/en\\\/\",\"name\":\"Klara i Rosa\",\"description\":\"Klara i Rosa\",\"publisher\":{\"@id\":\"https:\\\/\\\/www.klarairosa.com\\\/en\\\/#organization\"},\"potentialAction\":[{\"@type\":\"SearchAction\",\"target\":{\"@type\":\"EntryPoint\",\"urlTemplate\":\"https:\\\/\\\/www.klarairosa.com\\\/en\\\/?s={search_term_string}\"},\"query-input\":{\"@type\":\"PropertyValueSpecification\",\"valueRequired\":true,\"valueName\":\"search_term_string\"}}],\"inLanguage\":\"hu\"},{\"@type\":\"Organization\",\"@id\":\"https:\\\/\\\/www.klarairosa.com\\\/en\\\/#organization\",\"name\":\"Klara i Rosa\",\"url\":\"https:\\\/\\\/www.klarairosa.com\\\/en\\\/\",\"logo\":{\"@type\":\"ImageObject\",\"inLanguage\":\"hu\",\"@id\":\"https:\\\/\\\/www.klarairosa.com\\\/en\\\/#\\\/schema\\\/logo\\\/image\\\/\",\"url\":\"https:\\\/\\\/www.klarairosa.com\\\/wp-content\\\/uploads\\\/2022\\\/01\\\/logo.svg\",\"contentUrl\":\"https:\\\/\\\/www.klarairosa.com\\\/wp-content\\\/uploads\\\/2022\\\/01\\\/logo.svg\",\"width\":110,\"height\":139,\"caption\":\"Klara i Rosa\"},\"image\":{\"@id\":\"https:\\\/\\\/www.klarairosa.com\\\/en\\\/#\\\/schema\\\/logo\\\/image\\\/\"},\"sameAs\":[\"https:\\\/\\\/www.facebook.com\\\/klarairosa\\\/\",\"https:\\\/\\\/www.instagram.com\\\/ugklarairosa\\\/\"]},{\"@type\":\"Person\",\"@id\":\"https:\\\/\\\/www.klarairosa.com\\\/en\\\/#\\\/schema\\\/person\\\/e4e7e9e5c8eeeddccf61e4532ae8e6ed\",\"name\":\"Klara i Rosa\",\"image\":{\"@type\":\"ImageObject\",\"inLanguage\":\"hu\",\"@id\":\"https:\\\/\\\/secure.gravatar.com\\\/avatar\\\/c83ee539a067b9f57ae5d8999ae286c4f98b5c4bd943b8cbb64f6b0fc1f29e40?s=96&d=mm&r=g\",\"url\":\"https:\\\/\\\/secure.gravatar.com\\\/avatar\\\/c83ee539a067b9f57ae5d8999ae286c4f98b5c4bd943b8cbb64f6b0fc1f29e40?s=96&d=mm&r=g\",\"contentUrl\":\"https:\\\/\\\/secure.gravatar.com\\\/avatar\\\/c83ee539a067b9f57ae5d8999ae286c4f98b5c4bd943b8cbb64f6b0fc1f29e40?s=96&d=mm&r=g\",\"caption\":\"Klara i Rosa\"},\"sameAs\":[\"https:\\\/\\\/klarairosa.com\"],\"url\":\"https:\\\/\\\/www.klarairosa.com\\\/hu\\\/author\\\/rosaiklara\\\/\"}]}<\/script>\n<!-- \/ Yoast SEO plugin. -->","yoast_head_json":{"title":"Radionice za kreatore radio sadr\u017eaja - Klara i Rosa","robots":{"index":"index","follow":"follow","max-snippet":"max-snippet:-1","max-image-preview":"max-image-preview:large","max-video-preview":"max-video-preview:-1"},"canonical":"https:\/\/www.klarairosa.com\/hu\/radionice-za-kreatore-radio-sadrzaja\/","og_locale":"hu_HU","og_type":"article","og_title":"Radionice za kreatore radio sadr\u017eaja - Klara i Rosa","og_description":"Centar za savremenu kulturu i umetnost Subotica, pokrenuo je svoju online radio platformu Radio Plac!...","og_url":"https:\/\/www.klarairosa.com\/hu\/radionice-za-kreatore-radio-sadrzaja\/","og_site_name":"Klara i Rosa","article_publisher":"https:\/\/www.facebook.com\/klarairosa\/","article_published_time":"2021-02-06T20:52:00+00:00","article_modified_time":"2022-03-26T20:58:40+00:00","og_image":[{"width":836,"height":600,"url":"https:\/\/www.klarairosa.com\/wp-content\/uploads\/2022\/03\/radio-plac-najava.png","type":"image\/png"}],"author":"Klara i Rosa","twitter_card":"summary_large_image","twitter_misc":{"Szerz\u0151:":"Klara i Rosa","Becs\u00fclt olvas\u00e1si id\u0151":"2 perc"},"schema":{"@context":"https:\/\/schema.org","@graph":[{"@type":"Article","@id":"https:\/\/www.klarairosa.com\/radionice-za-kreatore-radio-sadrzaja\/#article","isPartOf":{"@id":"https:\/\/www.klarairosa.com\/radionice-za-kreatore-radio-sadrzaja\/"},"author":{"name":"Klara i Rosa","@id":"https:\/\/www.klarairosa.com\/en\/#\/schema\/person\/e4e7e9e5c8eeeddccf61e4532ae8e6ed"},"headline":"Radionice za kreatore radio sadr\u017eaja","datePublished":"2021-02-06T20:52:00+00:00","dateModified":"2022-03-26T20:58:40+00:00","mainEntityOfPage":{"@id":"https:\/\/www.klarairosa.com\/radionice-za-kreatore-radio-sadrzaja\/"},"wordCount":358,"publisher":{"@id":"https:\/\/www.klarairosa.com\/en\/#organization"},"image":{"@id":"https:\/\/www.klarairosa.com\/radionice-za-kreatore-radio-sadrzaja\/#primaryimage"},"thumbnailUrl":"https:\/\/www.klarairosa.com\/wp-content\/uploads\/2022\/03\/radio-plac-najava.png","keywords":["Radio Plac"],"articleSection":["Radio Plac"],"inLanguage":"hu"},{"@type":"WebPage","@id":"https:\/\/www.klarairosa.com\/radionice-za-kreatore-radio-sadrzaja\/","url":"https:\/\/www.klarairosa.com\/radionice-za-kreatore-radio-sadrzaja\/","name":"Radionice za kreatore radio sadr\u017eaja - Klara i Rosa","isPartOf":{"@id":"https:\/\/www.klarairosa.com\/en\/#website"},"primaryImageOfPage":{"@id":"https:\/\/www.klarairosa.com\/radionice-za-kreatore-radio-sadrzaja\/#primaryimage"},"image":{"@id":"https:\/\/www.klarairosa.com\/radionice-za-kreatore-radio-sadrzaja\/#primaryimage"},"thumbnailUrl":"https:\/\/www.klarairosa.com\/wp-content\/uploads\/2022\/03\/radio-plac-najava.png","datePublished":"2021-02-06T20:52:00+00:00","dateModified":"2022-03-26T20:58:40+00:00","breadcrumb":{"@id":"https:\/\/www.klarairosa.com\/radionice-za-kreatore-radio-sadrzaja\/#breadcrumb"},"inLanguage":"hu","potentialAction":[{"@type":"ReadAction","target":["https:\/\/www.klarairosa.com\/radionice-za-kreatore-radio-sadrzaja\/"]}]},{"@type":"ImageObject","inLanguage":"hu","@id":"https:\/\/www.klarairosa.com\/radionice-za-kreatore-radio-sadrzaja\/#primaryimage","url":"https:\/\/www.klarairosa.com\/wp-content\/uploads\/2022\/03\/radio-plac-najava.png","contentUrl":"https:\/\/www.klarairosa.com\/wp-content\/uploads\/2022\/03\/radio-plac-najava.png","width":836,"height":600},{"@type":"BreadcrumbList","@id":"https:\/\/www.klarairosa.com\/radionice-za-kreatore-radio-sadrzaja\/#breadcrumb","itemListElement":[{"@type":"ListItem","position":1,"name":"Home","item":"https:\/\/www.klarairosa.com\/"},{"@type":"ListItem","position":2,"name":"Radionice za kreatore radio sadr\u017eaja"}]},{"@type":"WebSite","@id":"https:\/\/www.klarairosa.com\/en\/#website","url":"https:\/\/www.klarairosa.com\/en\/","name":"Kl\u00e1ra \u00e9s Rosa Egyes\u00fclet","description":"Kl\u00e1ra \u00e9s Rosa Egyes\u00fclet","publisher":{"@id":"https:\/\/www.klarairosa.com\/en\/#organization"},"potentialAction":[{"@type":"SearchAction","target":{"@type":"EntryPoint","urlTemplate":"https:\/\/www.klarairosa.com\/en\/?s={search_term_string}"},"query-input":{"@type":"PropertyValueSpecification","valueRequired":true,"valueName":"search_term_string"}}],"inLanguage":"hu"},{"@type":"Organization","@id":"https:\/\/www.klarairosa.com\/en\/#organization","name":"Kl\u00e1ra \u00e9s Rosa Egyes\u00fclet","url":"https:\/\/www.klarairosa.com\/en\/","logo":{"@type":"ImageObject","inLanguage":"hu","@id":"https:\/\/www.klarairosa.com\/en\/#\/schema\/logo\/image\/","url":"https:\/\/www.klarairosa.com\/wp-content\/uploads\/2022\/01\/logo.svg","contentUrl":"https:\/\/www.klarairosa.com\/wp-content\/uploads\/2022\/01\/logo.svg","width":110,"height":139,"caption":"Klara i Rosa"},"image":{"@id":"https:\/\/www.klarairosa.com\/en\/#\/schema\/logo\/image\/"},"sameAs":["https:\/\/www.facebook.com\/klarairosa\/","https:\/\/www.instagram.com\/ugklarairosa\/"]},{"@type":"Person","@id":"https:\/\/www.klarairosa.com\/en\/#\/schema\/person\/e4e7e9e5c8eeeddccf61e4532ae8e6ed","name":"Kl\u00e1ra \u00e9s Rosa Egyes\u00fclet","image":{"@type":"ImageObject","inLanguage":"hu","@id":"https:\/\/secure.gravatar.com\/avatar\/c83ee539a067b9f57ae5d8999ae286c4f98b5c4bd943b8cbb64f6b0fc1f29e40?s=96&d=mm&r=g","url":"https:\/\/secure.gravatar.com\/avatar\/c83ee539a067b9f57ae5d8999ae286c4f98b5c4bd943b8cbb64f6b0fc1f29e40?s=96&d=mm&r=g","contentUrl":"https:\/\/secure.gravatar.com\/avatar\/c83ee539a067b9f57ae5d8999ae286c4f98b5c4bd943b8cbb64f6b0fc1f29e40?s=96&d=mm&r=g","caption":"Klara i Rosa"},"sameAs":["https:\/\/klarairosa.com"],"url":"https:\/\/www.klarairosa.com\/hu\/author\/rosaiklara\/"}]}},"_links":{"self":[{"href":"https:\/\/www.klarairosa.com\/hu\/wp-json\/wp\/v2\/posts\/17118","targetHints":{"allow":["GET"]}}],"collection":[{"href":"https:\/\/www.klarairosa.com\/hu\/wp-json\/wp\/v2\/posts"}],"about":[{"href":"https:\/\/www.klarairosa.com\/hu\/wp-json\/wp\/v2\/types\/post"}],"author":[{"embeddable":true,"href":"https:\/\/www.klarairosa.com\/hu\/wp-json\/wp\/v2\/users\/1"}],"replies":[{"embeddable":true,"href":"https:\/\/www.klarairosa.com\/hu\/wp-json\/wp\/v2\/comments?post=17118"}],"version-history":[{"count":1,"href":"https:\/\/www.klarairosa.com\/hu\/wp-json\/wp\/v2\/posts\/17118\/revisions"}],"predecessor-version":[{"id":17120,"href":"https:\/\/www.klarairosa.com\/hu\/wp-json\/wp\/v2\/posts\/17118\/revisions\/17120"}],"wp:featuredmedia":[{"embeddable":true,"href":"https:\/\/www.klarairosa.com\/hu\/wp-json\/wp\/v2\/media\/17119"}],"wp:attachment":[{"href":"https:\/\/www.klarairosa.com\/hu\/wp-json\/wp\/v2\/media?parent=17118"}],"wp:term":[{"taxonomy":"category","embeddable":true,"href":"https:\/\/www.klarairosa.com\/hu\/wp-json\/wp\/v2\/categories?post=17118"},{"taxonomy":"post_tag","embeddable":true,"href":"https:\/\/www.klarairosa.com\/hu\/wp-json\/wp\/v2\/tags?post=17118"}],"curies":[{"name":"wp","href":"https:\/\/api.w.org\/{rel}","templated":true}]}}