{"id":16717,"date":"2022-01-24T15:11:00","date_gmt":"2022-01-24T15:11:00","guid":{"rendered":"https:\/\/www.klarairosa.com\/?p=16717"},"modified":"2022-03-30T21:41:25","modified_gmt":"2022-03-30T21:41:25","slug":"radio-plac-subotica-bosonoga-deca-aktivno-starenje","status":"publish","type":"post","link":"https:\/\/www.klarairosa.com\/hu\/radio-plac-subotica-bosonoga-deca-aktivno-starenje\/","title":{"rendered":"RADIO PLAC SUBOTICA \/ BOSONOGA DECA: AKTIVNO STARENJE"},"content":{"rendered":"<p>U ponedeljak,\u00a0 24. januara od 19 \u010dasova u emisiji Bosonoga deca na Radiju Plac pri\u010damo o aktivnom starenju kao i o polo\u017eaju starijih osoba u na\u0161em dru\u0161tvu.\u00a0 O ovoj va\u017enoj temi\u00a0 razgovaramo sa Nade\u017edom Satari\u0107 iz\u00a0<a href=\"http:\/\/www.amity-yu.org\/\">Udru\u017eenja gra\u0111ana \u201eSnaga prijateljstva\u201c \u2013 Amity\u00a0.<\/a><\/p>\r\n\r\n\r\n\r\n<p>.<\/p>\r\n<blockquote class='' style='border-left-color: #aeccc5;'><h5 class='blockquote-text' style='color: #aeccc5; line-height: undefinedpx;'>Ponedeljak, 24. januar 2022. \/ Radio Plac \/ 19:00 <\/h5><\/blockquote>\r\n\r\n\r\n\r\n<p>.<\/p>\r\n\r\n\r\n\r\n<p>Ovo udru\u017eenje promovi\u0161e aktivno starenje i izme\u0111u ostalog osmu godinu za redom, organizuje Konkurs za \u201eDraganovu nagradu\u201c za najbolji putopis starijih osoba.<\/p>\r\n\r\n\r\n\r\n<p>Vi\u0161e o konkursu mo\u017eete saznati\u00a0<a href=\"http:\/\/www.amity-yu.org\/2022\/01\/01\/viii-konkurs-za-najbolji-putopis-starijih-osoba-draganova-nagrada-2022\/?fbclid=IwAR1uhIB61mxPSEnyPmiUX-hx1m1rnEjAsA0iQFoo7cLthz-Jom7KnvSGlu8\">ovde<\/a>.<\/p>\r\n\r\n\r\n\r\n<p>.<\/p>\r\n<p><iframe title=\"Bosonoga Deca - Epizoda 20 - Aktivno Starenje\" width=\"100%\" height=\"120\" src=\"https:\/\/www.mixcloud.com\/widget\/iframe\/?feed=https%3A%2F%2Fwww.mixcloud.com%2Fradioplac%2Fbosonoga-deca-epizoda-20-aktivno-starenje%2F&amp;hide_cover=1\" frameborder=\"0\"><\/iframe><\/p>\r\n<p>.<\/p>\r\n\r\n\r\n\r\n<p>Repriza emisije je u subotu, 29. januara od 17 \u010dasova.<\/p>\r\n\r\n\r\n\r\n<p>.<\/p>\r\n\r\n\r\n\r\n<p>A besz\u00e9lget\u00e9st Gordana Vukov Ciganjik vezeti.<\/p>\r\n<p>.<\/p>\r\n<p>Radio Plac m\u0171sor\u00e1nak elk\u00e9sz\u00fcl\u00e9s\u00e9t a <a href=\"https:\/\/www.rwfund.org\/\">\"Rekonstrukcija\" belgr\u00e1di n\u0151i alap<\/a>\u00a0t\u00e1mogatta.<\/p>\r\n<p>.<\/p>\r\n<p><img decoding=\"async\" class=\"alignnone  wp-image-17785\" src=\"https:\/\/www.klarairosa.com\/wp-content\/uploads\/2022\/03\/Rekonstrukcija.png\" alt=\"\" width=\"72\" height=\"72\" \/><\/p>","protected":false},"excerpt":{"rendered":"<p>U ponedeljak,\u00a0 24. januara od 19 \u010dasova u emisiji Bosonoga deca na Radiju Plac pri\u010damo&#8230;<\/p>","protected":false},"author":1,"featured_media":16718,"comment_status":"open","ping_status":"open","sticky":false,"template":"","format":"standard","meta":{"content-type":"","inline_featured_image":false,"footnotes":""},"categories":[98],"tags":[93],"class_list":["post-16717","post","type-post","status-publish","format-standard","has-post-thumbnail","hentry","category-radio-plac","tag-rekonstrukcija-zenski-fond"],"yoast_head":"<!-- This site is optimized with the Yoast SEO plugin v27.5 - https:\/\/yoast.com\/product\/yoast-seo-wordpress\/ -->\n<title>RADIO PLAC SUBOTICA \/ BOSONOGA DECA: AKTIVNO STARENJE - Klara i Rosa<\/title>\n<meta name=\"robots\" content=\"index, follow, max-snippet:-1, max-image-preview:large, max-video-preview:-1\" \/>\n<link rel=\"canonical\" href=\"https:\/\/www.klarairosa.com\/hu\/radio-plac-subotica-bosonoga-deca-aktivno-starenje\/\" \/>\n<meta property=\"og:locale\" content=\"hu_HU\" \/>\n<meta property=\"og:type\" content=\"article\" \/>\n<meta property=\"og:title\" content=\"RADIO PLAC SUBOTICA \/ BOSONOGA DECA: AKTIVNO STARENJE - Klara i Rosa\" \/>\n<meta property=\"og:description\" content=\"U ponedeljak,\u00a0 24. januara od 19 \u010dasova u emisiji Bosonoga deca na Radiju Plac pri\u010damo...\" \/>\n<meta property=\"og:url\" content=\"https:\/\/www.klarairosa.com\/hu\/radio-plac-subotica-bosonoga-deca-aktivno-starenje\/\" \/>\n<meta property=\"og:site_name\" content=\"Klara i Rosa\" \/>\n<meta property=\"article:publisher\" content=\"https:\/\/www.facebook.com\/klarairosa\/\" \/>\n<meta property=\"article:published_time\" content=\"2022-01-24T15:11:00+00:00\" \/>\n<meta property=\"article:modified_time\" content=\"2022-03-30T21:41:25+00:00\" \/>\n<meta property=\"og:image\" content=\"https:\/\/www.klarairosa.com\/wp-content\/uploads\/2022\/02\/starermnje.jpg\" \/>\n\t<meta property=\"og:image:width\" content=\"1280\" \/>\n\t<meta property=\"og:image:height\" content=\"960\" \/>\n\t<meta property=\"og:image:type\" content=\"image\/jpeg\" \/>\n<meta name=\"author\" content=\"Klara i Rosa\" \/>\n<meta name=\"twitter:card\" content=\"summary_large_image\" \/>\n<meta name=\"twitter:label1\" content=\"Szerz\u0151:\" \/>\n\t<meta name=\"twitter:data1\" content=\"Klara i Rosa\" \/>\n\t<meta name=\"twitter:label2\" content=\"Becs\u00fclt olvas\u00e1si id\u0151\" \/>\n\t<meta name=\"twitter:data2\" content=\"1 perc\" \/>\n<script type=\"application\/ld+json\" class=\"yoast-schema-graph\">{\"@context\":\"https:\\\/\\\/schema.org\",\"@graph\":[{\"@type\":\"Article\",\"@id\":\"https:\\\/\\\/www.klarairosa.com\\\/radio-plac-subotica-bosonoga-deca-aktivno-starenje\\\/#article\",\"isPartOf\":{\"@id\":\"https:\\\/\\\/www.klarairosa.com\\\/radio-plac-subotica-bosonoga-deca-aktivno-starenje\\\/\"},\"author\":{\"name\":\"Klara i Rosa\",\"@id\":\"https:\\\/\\\/www.klarairosa.com\\\/en\\\/#\\\/schema\\\/person\\\/e4e7e9e5c8eeeddccf61e4532ae8e6ed\"},\"headline\":\"RADIO PLAC SUBOTICA \\\/ BOSONOGA DECA: AKTIVNO STARENJE\",\"datePublished\":\"2022-01-24T15:11:00+00:00\",\"dateModified\":\"2022-03-30T21:41:25+00:00\",\"mainEntityOfPage\":{\"@id\":\"https:\\\/\\\/www.klarairosa.com\\\/radio-plac-subotica-bosonoga-deca-aktivno-starenje\\\/\"},\"wordCount\":145,\"commentCount\":0,\"publisher\":{\"@id\":\"https:\\\/\\\/www.klarairosa.com\\\/en\\\/#organization\"},\"image\":{\"@id\":\"https:\\\/\\\/www.klarairosa.com\\\/radio-plac-subotica-bosonoga-deca-aktivno-starenje\\\/#primaryimage\"},\"thumbnailUrl\":\"https:\\\/\\\/www.klarairosa.com\\\/wp-content\\\/uploads\\\/2022\\\/02\\\/starermnje.jpg\",\"keywords\":[\"Rekonstrukcija \u017eenski fond\"],\"articleSection\":[\"Radio Plac\"],\"inLanguage\":\"hu\",\"potentialAction\":[{\"@type\":\"CommentAction\",\"name\":\"Comment\",\"target\":[\"https:\\\/\\\/www.klarairosa.com\\\/radio-plac-subotica-bosonoga-deca-aktivno-starenje\\\/#respond\"]}]},{\"@type\":\"WebPage\",\"@id\":\"https:\\\/\\\/www.klarairosa.com\\\/radio-plac-subotica-bosonoga-deca-aktivno-starenje\\\/\",\"url\":\"https:\\\/\\\/www.klarairosa.com\\\/radio-plac-subotica-bosonoga-deca-aktivno-starenje\\\/\",\"name\":\"RADIO PLAC SUBOTICA \\\/ BOSONOGA DECA: AKTIVNO STARENJE - Klara i Rosa\",\"isPartOf\":{\"@id\":\"https:\\\/\\\/www.klarairosa.com\\\/en\\\/#website\"},\"primaryImageOfPage\":{\"@id\":\"https:\\\/\\\/www.klarairosa.com\\\/radio-plac-subotica-bosonoga-deca-aktivno-starenje\\\/#primaryimage\"},\"image\":{\"@id\":\"https:\\\/\\\/www.klarairosa.com\\\/radio-plac-subotica-bosonoga-deca-aktivno-starenje\\\/#primaryimage\"},\"thumbnailUrl\":\"https:\\\/\\\/www.klarairosa.com\\\/wp-content\\\/uploads\\\/2022\\\/02\\\/starermnje.jpg\",\"datePublished\":\"2022-01-24T15:11:00+00:00\",\"dateModified\":\"2022-03-30T21:41:25+00:00\",\"breadcrumb\":{\"@id\":\"https:\\\/\\\/www.klarairosa.com\\\/radio-plac-subotica-bosonoga-deca-aktivno-starenje\\\/#breadcrumb\"},\"inLanguage\":\"hu\",\"potentialAction\":[{\"@type\":\"ReadAction\",\"target\":[\"https:\\\/\\\/www.klarairosa.com\\\/radio-plac-subotica-bosonoga-deca-aktivno-starenje\\\/\"]}]},{\"@type\":\"ImageObject\",\"inLanguage\":\"hu\",\"@id\":\"https:\\\/\\\/www.klarairosa.com\\\/radio-plac-subotica-bosonoga-deca-aktivno-starenje\\\/#primaryimage\",\"url\":\"https:\\\/\\\/www.klarairosa.com\\\/wp-content\\\/uploads\\\/2022\\\/02\\\/starermnje.jpg\",\"contentUrl\":\"https:\\\/\\\/www.klarairosa.com\\\/wp-content\\\/uploads\\\/2022\\\/02\\\/starermnje.jpg\",\"width\":1280,\"height\":960},{\"@type\":\"BreadcrumbList\",\"@id\":\"https:\\\/\\\/www.klarairosa.com\\\/radio-plac-subotica-bosonoga-deca-aktivno-starenje\\\/#breadcrumb\",\"itemListElement\":[{\"@type\":\"ListItem\",\"position\":1,\"name\":\"Home\",\"item\":\"https:\\\/\\\/www.klarairosa.com\\\/\"},{\"@type\":\"ListItem\",\"position\":2,\"name\":\"RADIO PLAC SUBOTICA \\\/ BOSONOGA DECA: AKTIVNO STARENJE\"}]},{\"@type\":\"WebSite\",\"@id\":\"https:\\\/\\\/www.klarairosa.com\\\/en\\\/#website\",\"url\":\"https:\\\/\\\/www.klarairosa.com\\\/en\\\/\",\"name\":\"Klara i Rosa\",\"description\":\"Klara i Rosa\",\"publisher\":{\"@id\":\"https:\\\/\\\/www.klarairosa.com\\\/en\\\/#organization\"},\"potentialAction\":[{\"@type\":\"SearchAction\",\"target\":{\"@type\":\"EntryPoint\",\"urlTemplate\":\"https:\\\/\\\/www.klarairosa.com\\\/en\\\/?s={search_term_string}\"},\"query-input\":{\"@type\":\"PropertyValueSpecification\",\"valueRequired\":true,\"valueName\":\"search_term_string\"}}],\"inLanguage\":\"hu\"},{\"@type\":\"Organization\",\"@id\":\"https:\\\/\\\/www.klarairosa.com\\\/en\\\/#organization\",\"name\":\"Klara i Rosa\",\"url\":\"https:\\\/\\\/www.klarairosa.com\\\/en\\\/\",\"logo\":{\"@type\":\"ImageObject\",\"inLanguage\":\"hu\",\"@id\":\"https:\\\/\\\/www.klarairosa.com\\\/en\\\/#\\\/schema\\\/logo\\\/image\\\/\",\"url\":\"https:\\\/\\\/www.klarairosa.com\\\/wp-content\\\/uploads\\\/2022\\\/01\\\/logo.svg\",\"contentUrl\":\"https:\\\/\\\/www.klarairosa.com\\\/wp-content\\\/uploads\\\/2022\\\/01\\\/logo.svg\",\"width\":110,\"height\":139,\"caption\":\"Klara i Rosa\"},\"image\":{\"@id\":\"https:\\\/\\\/www.klarairosa.com\\\/en\\\/#\\\/schema\\\/logo\\\/image\\\/\"},\"sameAs\":[\"https:\\\/\\\/www.facebook.com\\\/klarairosa\\\/\",\"https:\\\/\\\/www.instagram.com\\\/ugklarairosa\\\/\"]},{\"@type\":\"Person\",\"@id\":\"https:\\\/\\\/www.klarairosa.com\\\/en\\\/#\\\/schema\\\/person\\\/e4e7e9e5c8eeeddccf61e4532ae8e6ed\",\"name\":\"Klara i Rosa\",\"image\":{\"@type\":\"ImageObject\",\"inLanguage\":\"hu\",\"@id\":\"https:\\\/\\\/secure.gravatar.com\\\/avatar\\\/c83ee539a067b9f57ae5d8999ae286c4f98b5c4bd943b8cbb64f6b0fc1f29e40?s=96&d=mm&r=g\",\"url\":\"https:\\\/\\\/secure.gravatar.com\\\/avatar\\\/c83ee539a067b9f57ae5d8999ae286c4f98b5c4bd943b8cbb64f6b0fc1f29e40?s=96&d=mm&r=g\",\"contentUrl\":\"https:\\\/\\\/secure.gravatar.com\\\/avatar\\\/c83ee539a067b9f57ae5d8999ae286c4f98b5c4bd943b8cbb64f6b0fc1f29e40?s=96&d=mm&r=g\",\"caption\":\"Klara i Rosa\"},\"sameAs\":[\"https:\\\/\\\/klarairosa.com\"],\"url\":\"https:\\\/\\\/www.klarairosa.com\\\/hu\\\/author\\\/rosaiklara\\\/\"}]}<\/script>\n<!-- \/ Yoast SEO plugin. -->","yoast_head_json":{"title":"RADIO PLAC SUBOTICA \/ BOSONOGA DECA: AKTIVNO STARENJE - Klara i Rosa","robots":{"index":"index","follow":"follow","max-snippet":"max-snippet:-1","max-image-preview":"max-image-preview:large","max-video-preview":"max-video-preview:-1"},"canonical":"https:\/\/www.klarairosa.com\/hu\/radio-plac-subotica-bosonoga-deca-aktivno-starenje\/","og_locale":"hu_HU","og_type":"article","og_title":"RADIO PLAC SUBOTICA \/ BOSONOGA DECA: AKTIVNO STARENJE - Klara i Rosa","og_description":"U ponedeljak,\u00a0 24. januara od 19 \u010dasova u emisiji Bosonoga deca na Radiju Plac pri\u010damo...","og_url":"https:\/\/www.klarairosa.com\/hu\/radio-plac-subotica-bosonoga-deca-aktivno-starenje\/","og_site_name":"Klara i Rosa","article_publisher":"https:\/\/www.facebook.com\/klarairosa\/","article_published_time":"2022-01-24T15:11:00+00:00","article_modified_time":"2022-03-30T21:41:25+00:00","og_image":[{"width":1280,"height":960,"url":"https:\/\/www.klarairosa.com\/wp-content\/uploads\/2022\/02\/starermnje.jpg","type":"image\/jpeg"}],"author":"Klara i Rosa","twitter_card":"summary_large_image","twitter_misc":{"Szerz\u0151:":"Klara i Rosa","Becs\u00fclt olvas\u00e1si id\u0151":"1 perc"},"schema":{"@context":"https:\/\/schema.org","@graph":[{"@type":"Article","@id":"https:\/\/www.klarairosa.com\/radio-plac-subotica-bosonoga-deca-aktivno-starenje\/#article","isPartOf":{"@id":"https:\/\/www.klarairosa.com\/radio-plac-subotica-bosonoga-deca-aktivno-starenje\/"},"author":{"name":"Klara i Rosa","@id":"https:\/\/www.klarairosa.com\/en\/#\/schema\/person\/e4e7e9e5c8eeeddccf61e4532ae8e6ed"},"headline":"RADIO PLAC SUBOTICA \/ BOSONOGA DECA: AKTIVNO STARENJE","datePublished":"2022-01-24T15:11:00+00:00","dateModified":"2022-03-30T21:41:25+00:00","mainEntityOfPage":{"@id":"https:\/\/www.klarairosa.com\/radio-plac-subotica-bosonoga-deca-aktivno-starenje\/"},"wordCount":145,"commentCount":0,"publisher":{"@id":"https:\/\/www.klarairosa.com\/en\/#organization"},"image":{"@id":"https:\/\/www.klarairosa.com\/radio-plac-subotica-bosonoga-deca-aktivno-starenje\/#primaryimage"},"thumbnailUrl":"https:\/\/www.klarairosa.com\/wp-content\/uploads\/2022\/02\/starermnje.jpg","keywords":["Rekonstrukcija \u017eenski fond"],"articleSection":["Radio Plac"],"inLanguage":"hu","potentialAction":[{"@type":"CommentAction","name":"Comment","target":["https:\/\/www.klarairosa.com\/radio-plac-subotica-bosonoga-deca-aktivno-starenje\/#respond"]}]},{"@type":"WebPage","@id":"https:\/\/www.klarairosa.com\/radio-plac-subotica-bosonoga-deca-aktivno-starenje\/","url":"https:\/\/www.klarairosa.com\/radio-plac-subotica-bosonoga-deca-aktivno-starenje\/","name":"RADIO PLAC SUBOTICA \/ BOSONOGA DECA: AKTIVNO STARENJE - Klara i Rosa","isPartOf":{"@id":"https:\/\/www.klarairosa.com\/en\/#website"},"primaryImageOfPage":{"@id":"https:\/\/www.klarairosa.com\/radio-plac-subotica-bosonoga-deca-aktivno-starenje\/#primaryimage"},"image":{"@id":"https:\/\/www.klarairosa.com\/radio-plac-subotica-bosonoga-deca-aktivno-starenje\/#primaryimage"},"thumbnailUrl":"https:\/\/www.klarairosa.com\/wp-content\/uploads\/2022\/02\/starermnje.jpg","datePublished":"2022-01-24T15:11:00+00:00","dateModified":"2022-03-30T21:41:25+00:00","breadcrumb":{"@id":"https:\/\/www.klarairosa.com\/radio-plac-subotica-bosonoga-deca-aktivno-starenje\/#breadcrumb"},"inLanguage":"hu","potentialAction":[{"@type":"ReadAction","target":["https:\/\/www.klarairosa.com\/radio-plac-subotica-bosonoga-deca-aktivno-starenje\/"]}]},{"@type":"ImageObject","inLanguage":"hu","@id":"https:\/\/www.klarairosa.com\/radio-plac-subotica-bosonoga-deca-aktivno-starenje\/#primaryimage","url":"https:\/\/www.klarairosa.com\/wp-content\/uploads\/2022\/02\/starermnje.jpg","contentUrl":"https:\/\/www.klarairosa.com\/wp-content\/uploads\/2022\/02\/starermnje.jpg","width":1280,"height":960},{"@type":"BreadcrumbList","@id":"https:\/\/www.klarairosa.com\/radio-plac-subotica-bosonoga-deca-aktivno-starenje\/#breadcrumb","itemListElement":[{"@type":"ListItem","position":1,"name":"Home","item":"https:\/\/www.klarairosa.com\/"},{"@type":"ListItem","position":2,"name":"RADIO PLAC SUBOTICA \/ BOSONOGA DECA: AKTIVNO STARENJE"}]},{"@type":"WebSite","@id":"https:\/\/www.klarairosa.com\/en\/#website","url":"https:\/\/www.klarairosa.com\/en\/","name":"Kl\u00e1ra \u00e9s Rosa Egyes\u00fclet","description":"Kl\u00e1ra \u00e9s Rosa Egyes\u00fclet","publisher":{"@id":"https:\/\/www.klarairosa.com\/en\/#organization"},"potentialAction":[{"@type":"SearchAction","target":{"@type":"EntryPoint","urlTemplate":"https:\/\/www.klarairosa.com\/en\/?s={search_term_string}"},"query-input":{"@type":"PropertyValueSpecification","valueRequired":true,"valueName":"search_term_string"}}],"inLanguage":"hu"},{"@type":"Organization","@id":"https:\/\/www.klarairosa.com\/en\/#organization","name":"Kl\u00e1ra \u00e9s Rosa Egyes\u00fclet","url":"https:\/\/www.klarairosa.com\/en\/","logo":{"@type":"ImageObject","inLanguage":"hu","@id":"https:\/\/www.klarairosa.com\/en\/#\/schema\/logo\/image\/","url":"https:\/\/www.klarairosa.com\/wp-content\/uploads\/2022\/01\/logo.svg","contentUrl":"https:\/\/www.klarairosa.com\/wp-content\/uploads\/2022\/01\/logo.svg","width":110,"height":139,"caption":"Klara i Rosa"},"image":{"@id":"https:\/\/www.klarairosa.com\/en\/#\/schema\/logo\/image\/"},"sameAs":["https:\/\/www.facebook.com\/klarairosa\/","https:\/\/www.instagram.com\/ugklarairosa\/"]},{"@type":"Person","@id":"https:\/\/www.klarairosa.com\/en\/#\/schema\/person\/e4e7e9e5c8eeeddccf61e4532ae8e6ed","name":"Kl\u00e1ra \u00e9s Rosa Egyes\u00fclet","image":{"@type":"ImageObject","inLanguage":"hu","@id":"https:\/\/secure.gravatar.com\/avatar\/c83ee539a067b9f57ae5d8999ae286c4f98b5c4bd943b8cbb64f6b0fc1f29e40?s=96&d=mm&r=g","url":"https:\/\/secure.gravatar.com\/avatar\/c83ee539a067b9f57ae5d8999ae286c4f98b5c4bd943b8cbb64f6b0fc1f29e40?s=96&d=mm&r=g","contentUrl":"https:\/\/secure.gravatar.com\/avatar\/c83ee539a067b9f57ae5d8999ae286c4f98b5c4bd943b8cbb64f6b0fc1f29e40?s=96&d=mm&r=g","caption":"Klara i Rosa"},"sameAs":["https:\/\/klarairosa.com"],"url":"https:\/\/www.klarairosa.com\/hu\/author\/rosaiklara\/"}]}},"_links":{"self":[{"href":"https:\/\/www.klarairosa.com\/hu\/wp-json\/wp\/v2\/posts\/16717","targetHints":{"allow":["GET"]}}],"collection":[{"href":"https:\/\/www.klarairosa.com\/hu\/wp-json\/wp\/v2\/posts"}],"about":[{"href":"https:\/\/www.klarairosa.com\/hu\/wp-json\/wp\/v2\/types\/post"}],"author":[{"embeddable":true,"href":"https:\/\/www.klarairosa.com\/hu\/wp-json\/wp\/v2\/users\/1"}],"replies":[{"embeddable":true,"href":"https:\/\/www.klarairosa.com\/hu\/wp-json\/wp\/v2\/comments?post=16717"}],"version-history":[{"count":3,"href":"https:\/\/www.klarairosa.com\/hu\/wp-json\/wp\/v2\/posts\/16717\/revisions"}],"predecessor-version":[{"id":17848,"href":"https:\/\/www.klarairosa.com\/hu\/wp-json\/wp\/v2\/posts\/16717\/revisions\/17848"}],"wp:featuredmedia":[{"embeddable":true,"href":"https:\/\/www.klarairosa.com\/hu\/wp-json\/wp\/v2\/media\/16718"}],"wp:attachment":[{"href":"https:\/\/www.klarairosa.com\/hu\/wp-json\/wp\/v2\/media?parent=16717"}],"wp:term":[{"taxonomy":"category","embeddable":true,"href":"https:\/\/www.klarairosa.com\/hu\/wp-json\/wp\/v2\/categories?post=16717"},{"taxonomy":"post_tag","embeddable":true,"href":"https:\/\/www.klarairosa.com\/hu\/wp-json\/wp\/v2\/tags?post=16717"}],"curies":[{"name":"wp","href":"https:\/\/api.w.org\/{rel}","templated":true}]}}