{"id":8,"date":"2021-12-11T18:03:00","date_gmt":"2021-12-11T18:03:00","guid":{"rendered":"https:\/\/klarairosa.com\/?p=8"},"modified":"2022-04-01T13:12:59","modified_gmt":"2022-04-01T13:12:59","slug":"radionice-za-srednjoskolce-pokret-telo-identitet","status":"publish","type":"post","link":"https:\/\/www.klarairosa.com\/en\/radionice-za-srednjoskolce-pokret-telo-identitet\/","title":{"rendered":"Radionice za srednjo\u0161kolce: Pokret, telo, identitet"},"content":{"rendered":"<p>Kako nam pokret i telo govore o ne\u010dijem identitetu?<br \/>Priprema se uli\u010dni performans u Subotici. Pozivamo te da se priklju\u010di\u0161 grupi koja \u0107e kroz eksperiment, ples, pokret i dru\u017eenje stvoriti kratku predstavu \u00a0koja \u0107e se igrati na ulicama na\u0161eg grada.<\/p>\r\n<p>.<\/p>\r\n<blockquote class='' style='border-left-color: #aeccc5;'><h5 class='blockquote-text' style='color: #aeccc5; line-height: undefinedpx;'>Subota, 11. decembar 2021. \/ Baletska \u0161kola Rai\u010devi\u0107 \/ 12:00<\/h5><\/blockquote>\r\n<p>.<\/p>\r\n\r\n\r\n\r\n<p>Prva radionica je zakazana za subotu, 11. decembar 2021, u 12 \u010dasova u prostorijama Osnovne baletske \u0161kole Rai\u010devi\u0107.<br \/>Radionice vodi koreografkinja Heni Varga.Ukoliko \u017eeli\u0161 da se priklju\u010di prijavi se putem mejla \u00a0<a href=\"mailto:klarairosa@gmail.com\" target=\"_blank\" rel=\"noreferrer noopener\">klarairosa@gmail.com<\/a>\u00a0\u00a0 i vidimo se u subotu!Ponesite komotnu ode\u0107u za ples.<br \/>Radionice organizuju \u00a0Grupa 484, Fondacija Jelena \u0160anti\u0107 iz Beograda i UG Klara i Rosa.<\/p>","protected":false},"excerpt":{"rendered":"<p>Kako nam pokret i telo govore o ne\u010dijem identitetu?Priprema se uli\u010dni performans u Subotici. Pozivamo&#8230;<\/p>","protected":false},"author":1,"featured_media":9,"comment_status":"open","ping_status":"open","sticky":false,"template":"","format":"standard","meta":{"content-type":"","inline_featured_image":false,"footnotes":""},"categories":[1],"tags":[],"class_list":["post-8","post","type-post","status-publish","format-standard","has-post-thumbnail","hentry","category-uncategorized"],"yoast_head":"<!-- This site is optimized with the Yoast SEO plugin v27.5 - https:\/\/yoast.com\/product\/yoast-seo-wordpress\/ -->\n<title>Radionice za srednjo\u0161kolce: Pokret, telo, identitet - Klara i Rosa<\/title>\n<meta name=\"robots\" content=\"index, follow, max-snippet:-1, max-image-preview:large, max-video-preview:-1\" \/>\n<link rel=\"canonical\" href=\"https:\/\/www.klarairosa.com\/en\/radionice-za-srednjoskolce-pokret-telo-identitet\/\" \/>\n<meta property=\"og:locale\" content=\"en_GB\" \/>\n<meta property=\"og:type\" content=\"article\" \/>\n<meta property=\"og:title\" content=\"Radionice za srednjo\u0161kolce: Pokret, telo, identitet - Klara i Rosa\" \/>\n<meta property=\"og:description\" content=\"Kako nam pokret i telo govore o ne\u010dijem identitetu?Priprema se uli\u010dni performans u Subotici. Pozivamo...\" \/>\n<meta property=\"og:url\" content=\"https:\/\/www.klarairosa.com\/en\/radionice-za-srednjoskolce-pokret-telo-identitet\/\" \/>\n<meta property=\"og:site_name\" content=\"Klara i Rosa\" \/>\n<meta property=\"article:publisher\" content=\"https:\/\/www.facebook.com\/klarairosa\/\" \/>\n<meta property=\"article:published_time\" content=\"2021-12-11T18:03:00+00:00\" \/>\n<meta property=\"article:modified_time\" content=\"2022-04-01T13:12:59+00:00\" \/>\n<meta property=\"og:image\" content=\"https:\/\/www.klarairosa.com\/wp-content\/uploads\/2022\/01\/1.jpg\" \/>\n\t<meta property=\"og:image:width\" content=\"1600\" \/>\n\t<meta property=\"og:image:height\" content=\"1066\" \/>\n\t<meta property=\"og:image:type\" content=\"image\/jpeg\" \/>\n<meta name=\"author\" content=\"Klara i Rosa\" \/>\n<meta name=\"twitter:card\" content=\"summary_large_image\" \/>\n<meta name=\"twitter:label1\" content=\"Written by\" \/>\n\t<meta name=\"twitter:data1\" content=\"Klara i Rosa\" \/>\n\t<meta name=\"twitter:label2\" content=\"Estimated reading time\" \/>\n\t<meta name=\"twitter:data2\" content=\"1 minute\" \/>\n<script type=\"application\/ld+json\" class=\"yoast-schema-graph\">{\"@context\":\"https:\\\/\\\/schema.org\",\"@graph\":[{\"@type\":\"Article\",\"@id\":\"https:\\\/\\\/www.klarairosa.com\\\/radionice-za-srednjoskolce-pokret-telo-identitet\\\/#article\",\"isPartOf\":{\"@id\":\"https:\\\/\\\/www.klarairosa.com\\\/radionice-za-srednjoskolce-pokret-telo-identitet\\\/\"},\"author\":{\"name\":\"Klara i Rosa\",\"@id\":\"https:\\\/\\\/www.klarairosa.com\\\/en\\\/#\\\/schema\\\/person\\\/e4e7e9e5c8eeeddccf61e4532ae8e6ed\"},\"headline\":\"Radionice za srednjo\u0161kolce: Pokret, telo, identitet\",\"datePublished\":\"2021-12-11T18:03:00+00:00\",\"dateModified\":\"2022-04-01T13:12:59+00:00\",\"mainEntityOfPage\":{\"@id\":\"https:\\\/\\\/www.klarairosa.com\\\/radionice-za-srednjoskolce-pokret-telo-identitet\\\/\"},\"wordCount\":137,\"commentCount\":0,\"publisher\":{\"@id\":\"https:\\\/\\\/www.klarairosa.com\\\/en\\\/#organization\"},\"image\":{\"@id\":\"https:\\\/\\\/www.klarairosa.com\\\/radionice-za-srednjoskolce-pokret-telo-identitet\\\/#primaryimage\"},\"thumbnailUrl\":\"https:\\\/\\\/www.klarairosa.com\\\/wp-content\\\/uploads\\\/2022\\\/01\\\/1.jpg\",\"articleSection\":[\"Nekategorizovano\"],\"inLanguage\":\"en-GB\",\"potentialAction\":[{\"@type\":\"CommentAction\",\"name\":\"Comment\",\"target\":[\"https:\\\/\\\/www.klarairosa.com\\\/radionice-za-srednjoskolce-pokret-telo-identitet\\\/#respond\"]}]},{\"@type\":\"WebPage\",\"@id\":\"https:\\\/\\\/www.klarairosa.com\\\/radionice-za-srednjoskolce-pokret-telo-identitet\\\/\",\"url\":\"https:\\\/\\\/www.klarairosa.com\\\/radionice-za-srednjoskolce-pokret-telo-identitet\\\/\",\"name\":\"Radionice za srednjo\u0161kolce: Pokret, telo, identitet - Klara i Rosa\",\"isPartOf\":{\"@id\":\"https:\\\/\\\/www.klarairosa.com\\\/en\\\/#website\"},\"primaryImageOfPage\":{\"@id\":\"https:\\\/\\\/www.klarairosa.com\\\/radionice-za-srednjoskolce-pokret-telo-identitet\\\/#primaryimage\"},\"image\":{\"@id\":\"https:\\\/\\\/www.klarairosa.com\\\/radionice-za-srednjoskolce-pokret-telo-identitet\\\/#primaryimage\"},\"thumbnailUrl\":\"https:\\\/\\\/www.klarairosa.com\\\/wp-content\\\/uploads\\\/2022\\\/01\\\/1.jpg\",\"datePublished\":\"2021-12-11T18:03:00+00:00\",\"dateModified\":\"2022-04-01T13:12:59+00:00\",\"breadcrumb\":{\"@id\":\"https:\\\/\\\/www.klarairosa.com\\\/radionice-za-srednjoskolce-pokret-telo-identitet\\\/#breadcrumb\"},\"inLanguage\":\"en-GB\",\"potentialAction\":[{\"@type\":\"ReadAction\",\"target\":[\"https:\\\/\\\/www.klarairosa.com\\\/radionice-za-srednjoskolce-pokret-telo-identitet\\\/\"]}]},{\"@type\":\"ImageObject\",\"inLanguage\":\"en-GB\",\"@id\":\"https:\\\/\\\/www.klarairosa.com\\\/radionice-za-srednjoskolce-pokret-telo-identitet\\\/#primaryimage\",\"url\":\"https:\\\/\\\/www.klarairosa.com\\\/wp-content\\\/uploads\\\/2022\\\/01\\\/1.jpg\",\"contentUrl\":\"https:\\\/\\\/www.klarairosa.com\\\/wp-content\\\/uploads\\\/2022\\\/01\\\/1.jpg\",\"width\":1600,\"height\":1066},{\"@type\":\"BreadcrumbList\",\"@id\":\"https:\\\/\\\/www.klarairosa.com\\\/radionice-za-srednjoskolce-pokret-telo-identitet\\\/#breadcrumb\",\"itemListElement\":[{\"@type\":\"ListItem\",\"position\":1,\"name\":\"Home\",\"item\":\"https:\\\/\\\/www.klarairosa.com\\\/\"},{\"@type\":\"ListItem\",\"position\":2,\"name\":\"Radionice za srednjo\u0161kolce: Pokret, telo, identitet\"}]},{\"@type\":\"WebSite\",\"@id\":\"https:\\\/\\\/www.klarairosa.com\\\/en\\\/#website\",\"url\":\"https:\\\/\\\/www.klarairosa.com\\\/en\\\/\",\"name\":\"Klara i Rosa\",\"description\":\"Klara i Rosa\",\"publisher\":{\"@id\":\"https:\\\/\\\/www.klarairosa.com\\\/en\\\/#organization\"},\"potentialAction\":[{\"@type\":\"SearchAction\",\"target\":{\"@type\":\"EntryPoint\",\"urlTemplate\":\"https:\\\/\\\/www.klarairosa.com\\\/en\\\/?s={search_term_string}\"},\"query-input\":{\"@type\":\"PropertyValueSpecification\",\"valueRequired\":true,\"valueName\":\"search_term_string\"}}],\"inLanguage\":\"en-GB\"},{\"@type\":\"Organization\",\"@id\":\"https:\\\/\\\/www.klarairosa.com\\\/en\\\/#organization\",\"name\":\"Klara i Rosa\",\"url\":\"https:\\\/\\\/www.klarairosa.com\\\/en\\\/\",\"logo\":{\"@type\":\"ImageObject\",\"inLanguage\":\"en-GB\",\"@id\":\"https:\\\/\\\/www.klarairosa.com\\\/en\\\/#\\\/schema\\\/logo\\\/image\\\/\",\"url\":\"https:\\\/\\\/www.klarairosa.com\\\/wp-content\\\/uploads\\\/2022\\\/01\\\/logo.svg\",\"contentUrl\":\"https:\\\/\\\/www.klarairosa.com\\\/wp-content\\\/uploads\\\/2022\\\/01\\\/logo.svg\",\"width\":110,\"height\":139,\"caption\":\"Klara i Rosa\"},\"image\":{\"@id\":\"https:\\\/\\\/www.klarairosa.com\\\/en\\\/#\\\/schema\\\/logo\\\/image\\\/\"},\"sameAs\":[\"https:\\\/\\\/www.facebook.com\\\/klarairosa\\\/\",\"https:\\\/\\\/www.instagram.com\\\/ugklarairosa\\\/\"]},{\"@type\":\"Person\",\"@id\":\"https:\\\/\\\/www.klarairosa.com\\\/en\\\/#\\\/schema\\\/person\\\/e4e7e9e5c8eeeddccf61e4532ae8e6ed\",\"name\":\"Klara i Rosa\",\"image\":{\"@type\":\"ImageObject\",\"inLanguage\":\"en-GB\",\"@id\":\"https:\\\/\\\/secure.gravatar.com\\\/avatar\\\/c83ee539a067b9f57ae5d8999ae286c4f98b5c4bd943b8cbb64f6b0fc1f29e40?s=96&d=mm&r=g\",\"url\":\"https:\\\/\\\/secure.gravatar.com\\\/avatar\\\/c83ee539a067b9f57ae5d8999ae286c4f98b5c4bd943b8cbb64f6b0fc1f29e40?s=96&d=mm&r=g\",\"contentUrl\":\"https:\\\/\\\/secure.gravatar.com\\\/avatar\\\/c83ee539a067b9f57ae5d8999ae286c4f98b5c4bd943b8cbb64f6b0fc1f29e40?s=96&d=mm&r=g\",\"caption\":\"Klara i Rosa\"},\"sameAs\":[\"https:\\\/\\\/klarairosa.com\"],\"url\":\"https:\\\/\\\/www.klarairosa.com\\\/en\\\/author\\\/rosaiklara\\\/\"}]}<\/script>\n<!-- \/ Yoast SEO plugin. -->","yoast_head_json":{"title":"Radionice za srednjo\u0161kolce: Pokret, telo, identitet - Klara i Rosa","robots":{"index":"index","follow":"follow","max-snippet":"max-snippet:-1","max-image-preview":"max-image-preview:large","max-video-preview":"max-video-preview:-1"},"canonical":"https:\/\/www.klarairosa.com\/en\/radionice-za-srednjoskolce-pokret-telo-identitet\/","og_locale":"en_GB","og_type":"article","og_title":"Radionice za srednjo\u0161kolce: Pokret, telo, identitet - Klara i Rosa","og_description":"Kako nam pokret i telo govore o ne\u010dijem identitetu?Priprema se uli\u010dni performans u Subotici. Pozivamo...","og_url":"https:\/\/www.klarairosa.com\/en\/radionice-za-srednjoskolce-pokret-telo-identitet\/","og_site_name":"Klara i Rosa","article_publisher":"https:\/\/www.facebook.com\/klarairosa\/","article_published_time":"2021-12-11T18:03:00+00:00","article_modified_time":"2022-04-01T13:12:59+00:00","og_image":[{"width":1600,"height":1066,"url":"https:\/\/www.klarairosa.com\/wp-content\/uploads\/2022\/01\/1.jpg","type":"image\/jpeg"}],"author":"Klara i Rosa","twitter_card":"summary_large_image","twitter_misc":{"Written by":"Klara i Rosa","Estimated reading time":"1 minute"},"schema":{"@context":"https:\/\/schema.org","@graph":[{"@type":"Article","@id":"https:\/\/www.klarairosa.com\/radionice-za-srednjoskolce-pokret-telo-identitet\/#article","isPartOf":{"@id":"https:\/\/www.klarairosa.com\/radionice-za-srednjoskolce-pokret-telo-identitet\/"},"author":{"name":"Klara i Rosa","@id":"https:\/\/www.klarairosa.com\/en\/#\/schema\/person\/e4e7e9e5c8eeeddccf61e4532ae8e6ed"},"headline":"Radionice za srednjo\u0161kolce: Pokret, telo, identitet","datePublished":"2021-12-11T18:03:00+00:00","dateModified":"2022-04-01T13:12:59+00:00","mainEntityOfPage":{"@id":"https:\/\/www.klarairosa.com\/radionice-za-srednjoskolce-pokret-telo-identitet\/"},"wordCount":137,"commentCount":0,"publisher":{"@id":"https:\/\/www.klarairosa.com\/en\/#organization"},"image":{"@id":"https:\/\/www.klarairosa.com\/radionice-za-srednjoskolce-pokret-telo-identitet\/#primaryimage"},"thumbnailUrl":"https:\/\/www.klarairosa.com\/wp-content\/uploads\/2022\/01\/1.jpg","articleSection":["Nekategorizovano"],"inLanguage":"en-GB","potentialAction":[{"@type":"CommentAction","name":"Comment","target":["https:\/\/www.klarairosa.com\/radionice-za-srednjoskolce-pokret-telo-identitet\/#respond"]}]},{"@type":"WebPage","@id":"https:\/\/www.klarairosa.com\/radionice-za-srednjoskolce-pokret-telo-identitet\/","url":"https:\/\/www.klarairosa.com\/radionice-za-srednjoskolce-pokret-telo-identitet\/","name":"Radionice za srednjo\u0161kolce: Pokret, telo, identitet - Klara i Rosa","isPartOf":{"@id":"https:\/\/www.klarairosa.com\/en\/#website"},"primaryImageOfPage":{"@id":"https:\/\/www.klarairosa.com\/radionice-za-srednjoskolce-pokret-telo-identitet\/#primaryimage"},"image":{"@id":"https:\/\/www.klarairosa.com\/radionice-za-srednjoskolce-pokret-telo-identitet\/#primaryimage"},"thumbnailUrl":"https:\/\/www.klarairosa.com\/wp-content\/uploads\/2022\/01\/1.jpg","datePublished":"2021-12-11T18:03:00+00:00","dateModified":"2022-04-01T13:12:59+00:00","breadcrumb":{"@id":"https:\/\/www.klarairosa.com\/radionice-za-srednjoskolce-pokret-telo-identitet\/#breadcrumb"},"inLanguage":"en-GB","potentialAction":[{"@type":"ReadAction","target":["https:\/\/www.klarairosa.com\/radionice-za-srednjoskolce-pokret-telo-identitet\/"]}]},{"@type":"ImageObject","inLanguage":"en-GB","@id":"https:\/\/www.klarairosa.com\/radionice-za-srednjoskolce-pokret-telo-identitet\/#primaryimage","url":"https:\/\/www.klarairosa.com\/wp-content\/uploads\/2022\/01\/1.jpg","contentUrl":"https:\/\/www.klarairosa.com\/wp-content\/uploads\/2022\/01\/1.jpg","width":1600,"height":1066},{"@type":"BreadcrumbList","@id":"https:\/\/www.klarairosa.com\/radionice-za-srednjoskolce-pokret-telo-identitet\/#breadcrumb","itemListElement":[{"@type":"ListItem","position":1,"name":"Home","item":"https:\/\/www.klarairosa.com\/"},{"@type":"ListItem","position":2,"name":"Radionice za srednjo\u0161kolce: Pokret, telo, identitet"}]},{"@type":"WebSite","@id":"https:\/\/www.klarairosa.com\/en\/#website","url":"https:\/\/www.klarairosa.com\/en\/","name":"Klara i Rosa","description":"Klara i Rosa","publisher":{"@id":"https:\/\/www.klarairosa.com\/en\/#organization"},"potentialAction":[{"@type":"SearchAction","target":{"@type":"EntryPoint","urlTemplate":"https:\/\/www.klarairosa.com\/en\/?s={search_term_string}"},"query-input":{"@type":"PropertyValueSpecification","valueRequired":true,"valueName":"search_term_string"}}],"inLanguage":"en-GB"},{"@type":"Organization","@id":"https:\/\/www.klarairosa.com\/en\/#organization","name":"Klara i Rosa","url":"https:\/\/www.klarairosa.com\/en\/","logo":{"@type":"ImageObject","inLanguage":"en-GB","@id":"https:\/\/www.klarairosa.com\/en\/#\/schema\/logo\/image\/","url":"https:\/\/www.klarairosa.com\/wp-content\/uploads\/2022\/01\/logo.svg","contentUrl":"https:\/\/www.klarairosa.com\/wp-content\/uploads\/2022\/01\/logo.svg","width":110,"height":139,"caption":"Klara i Rosa"},"image":{"@id":"https:\/\/www.klarairosa.com\/en\/#\/schema\/logo\/image\/"},"sameAs":["https:\/\/www.facebook.com\/klarairosa\/","https:\/\/www.instagram.com\/ugklarairosa\/"]},{"@type":"Person","@id":"https:\/\/www.klarairosa.com\/en\/#\/schema\/person\/e4e7e9e5c8eeeddccf61e4532ae8e6ed","name":"Klara i Rosa","image":{"@type":"ImageObject","inLanguage":"en-GB","@id":"https:\/\/secure.gravatar.com\/avatar\/c83ee539a067b9f57ae5d8999ae286c4f98b5c4bd943b8cbb64f6b0fc1f29e40?s=96&d=mm&r=g","url":"https:\/\/secure.gravatar.com\/avatar\/c83ee539a067b9f57ae5d8999ae286c4f98b5c4bd943b8cbb64f6b0fc1f29e40?s=96&d=mm&r=g","contentUrl":"https:\/\/secure.gravatar.com\/avatar\/c83ee539a067b9f57ae5d8999ae286c4f98b5c4bd943b8cbb64f6b0fc1f29e40?s=96&d=mm&r=g","caption":"Klara i Rosa"},"sameAs":["https:\/\/klarairosa.com"],"url":"https:\/\/www.klarairosa.com\/en\/author\/rosaiklara\/"}]}},"_links":{"self":[{"href":"https:\/\/www.klarairosa.com\/en\/wp-json\/wp\/v2\/posts\/8","targetHints":{"allow":["GET"]}}],"collection":[{"href":"https:\/\/www.klarairosa.com\/en\/wp-json\/wp\/v2\/posts"}],"about":[{"href":"https:\/\/www.klarairosa.com\/en\/wp-json\/wp\/v2\/types\/post"}],"author":[{"embeddable":true,"href":"https:\/\/www.klarairosa.com\/en\/wp-json\/wp\/v2\/users\/1"}],"replies":[{"embeddable":true,"href":"https:\/\/www.klarairosa.com\/en\/wp-json\/wp\/v2\/comments?post=8"}],"version-history":[{"count":6,"href":"https:\/\/www.klarairosa.com\/en\/wp-json\/wp\/v2\/posts\/8\/revisions"}],"predecessor-version":[{"id":17883,"href":"https:\/\/www.klarairosa.com\/en\/wp-json\/wp\/v2\/posts\/8\/revisions\/17883"}],"wp:featuredmedia":[{"embeddable":true,"href":"https:\/\/www.klarairosa.com\/en\/wp-json\/wp\/v2\/media\/9"}],"wp:attachment":[{"href":"https:\/\/www.klarairosa.com\/en\/wp-json\/wp\/v2\/media?parent=8"}],"wp:term":[{"taxonomy":"category","embeddable":true,"href":"https:\/\/www.klarairosa.com\/en\/wp-json\/wp\/v2\/categories?post=8"},{"taxonomy":"post_tag","embeddable":true,"href":"https:\/\/www.klarairosa.com\/en\/wp-json\/wp\/v2\/tags?post=8"}],"curies":[{"name":"wp","href":"https:\/\/api.w.org\/{rel}","templated":true}]}}