{"id":261,"date":"2021-11-27T10:26:00","date_gmt":"2021-11-27T10:26:00","guid":{"rendered":"https:\/\/klarairosa.com\/?p=261"},"modified":"2022-04-01T14:08:11","modified_gmt":"2022-04-01T14:08:11","slug":"ti-se-pitas-problemi-i-potrebe-mladih-u-subotici","status":"publish","type":"post","link":"https:\/\/www.klarairosa.com\/en\/ti-se-pitas-problemi-i-potrebe-mladih-u-subotici\/","title":{"rendered":"YOUR OPINION MATTERS\/PROBLEMS AND NEEDS OF YOUTH IN SUBOTICA"},"content":{"rendered":"<p>Pozivamo te na dru\u017eenje i razmenu ideja!<\/p>\r\n<p>.<\/p>\r\n<blockquote class='' style='border-left-color: #aeccc5;'><h5 class='blockquote-text' style='color: #aeccc5; line-height: undefinedpx;'>Subota, 27. novembar 2021. \/ Ker\u00fclj Be \/ 12:00<\/h5><\/blockquote>\r\n<p>.<\/p>\r\n\r\n\r\n\r\n<p>Ukoliko ima\u0161 izme\u0111u 15 i 20 godina \u010dekamo te na inicijalnom sastanku koji \u0107e se odr\u017eati u subotu 27. novembra 2021. godine u 12h, u prostorijama Kerulj be (Matije Korvina 9).<br \/>Nakon toga, organizova\u0107emo susrete i dru\u017eenje, na kojima \u0107e\u0161 imati priliku da zajedno sa grupom mladih putuje\u0161, osmisli\u0161 i realizuje\u0161 ono \u0161to po tvom mi\u0161ljenju nedostaje mladima u Subotici, u okviru projekta Polet 21\/22!<\/p>\r\n<p>.<\/p>\r\n\r\n\r\n\r\n<p>Pozovi dru\u0161tvo i vidimo se na inicijalnom sastanku!<\/p>\r\n\r\n\r\n\r\n<p>.<\/p>\r\n<p><a href=\"https:\/\/docs.google.com\/forms\/d\/1zW9uFj79qQk45JkFrEhQYBKAOqK8et3U_YBVvDw3nIk\/edit\" target=\"_blank\" rel=\"noreferrer noopener\">Popuni anketu i prijavi se.<\/a><\/p>\r\n\r\n\r\n\r\n<p>.<\/p>\r\n<p>Inicijalni sastanak\/fokus grupu realizuju UG \u201cKlara i Rosa\u201d i Centar za savremenu kulturu i umetnost u okviru programa \u201eCentar za savremenu kulturu i umetnost kao pokreta\u010d dru\u0161tvene promene\u201c. Projekat je podr\u017ean od strane Nacionalne koalicije za decentralizaciju, Fondacije Jelena \u0160anti\u0107, Grupe 484 i Evropske unije.<\/p>\r\n<p>.<\/p>\r\n<p><img decoding=\"async\" class=\"wp-image-4957\" src=\"https:\/\/www.ckplac.org\/wp-content\/uploads\/2021\/11\/eu-300x79.png\" alt=\"\" \/><\/p>\r\n<p><img decoding=\"async\" src=\"https:\/\/www.ckplac.org\/wp-content\/uploads\/2021\/11\/484-fjs-nkd-300x71.png\" alt=\"\" \/><\/p>\r\n<p>&nbsp;<\/p>","protected":false},"excerpt":{"rendered":"<p>Pozivamo te na dru\u017eenje i razmenu ideja! . . Ukoliko ima\u0161 izme\u0111u 15 i 20&#8230;<\/p>","protected":false},"author":1,"featured_media":262,"comment_status":"open","ping_status":"open","sticky":false,"template":"","format":"standard","meta":{"content-type":"","inline_featured_image":false,"footnotes":""},"categories":[53],"tags":[],"class_list":["post-261","post","type-post","status-publish","format-standard","has-post-thumbnail","hentry","category-csku-kao-pokretac-drustvene-promene"],"yoast_head":"<!-- This site is optimized with the Yoast SEO plugin v27.5 - https:\/\/yoast.com\/product\/yoast-seo-wordpress\/ -->\n<title>Ti se pita\u0161\/Problemi i potrebe mladih u Subotici\/ - Klara i Rosa<\/title>\n<meta name=\"robots\" content=\"index, follow, max-snippet:-1, max-image-preview:large, max-video-preview:-1\" \/>\n<link rel=\"canonical\" href=\"https:\/\/www.klarairosa.com\/en\/ti-se-pitas-problemi-i-potrebe-mladih-u-subotici\/\" \/>\n<meta property=\"og:locale\" content=\"en_GB\" \/>\n<meta property=\"og:type\" content=\"article\" \/>\n<meta property=\"og:title\" content=\"Ti se pita\u0161\/Problemi i potrebe mladih u Subotici\/ - Klara i Rosa\" \/>\n<meta property=\"og:description\" content=\"Pozivamo te na dru\u017eenje i razmenu ideja! . . Ukoliko ima\u0161 izme\u0111u 15 i 20...\" \/>\n<meta property=\"og:url\" content=\"https:\/\/www.klarairosa.com\/en\/ti-se-pitas-problemi-i-potrebe-mladih-u-subotici\/\" \/>\n<meta property=\"og:site_name\" content=\"Klara i Rosa\" \/>\n<meta property=\"article:publisher\" content=\"https:\/\/www.facebook.com\/klarairosa\/\" \/>\n<meta property=\"article:published_time\" content=\"2021-11-27T10:26:00+00:00\" \/>\n<meta property=\"article:modified_time\" content=\"2022-04-01T14:08:11+00:00\" \/>\n<meta property=\"og:image\" content=\"https:\/\/www.klarairosa.com\/wp-content\/uploads\/2022\/01\/14.jpg\" \/>\n\t<meta property=\"og:image:width\" content=\"900\" \/>\n\t<meta property=\"og:image:height\" content=\"600\" \/>\n\t<meta property=\"og:image:type\" content=\"image\/jpeg\" \/>\n<meta name=\"author\" content=\"Klara i Rosa\" \/>\n<meta name=\"twitter:card\" content=\"summary_large_image\" \/>\n<meta name=\"twitter:label1\" content=\"Written by\" \/>\n\t<meta name=\"twitter:data1\" content=\"Klara i Rosa\" \/>\n\t<meta name=\"twitter:label2\" content=\"Estimated reading time\" \/>\n\t<meta name=\"twitter:data2\" content=\"1 minute\" \/>\n<script type=\"application\/ld+json\" class=\"yoast-schema-graph\">{\"@context\":\"https:\\\/\\\/schema.org\",\"@graph\":[{\"@type\":\"Article\",\"@id\":\"https:\\\/\\\/www.klarairosa.com\\\/ti-se-pitas-problemi-i-potrebe-mladih-u-subotici\\\/#article\",\"isPartOf\":{\"@id\":\"https:\\\/\\\/www.klarairosa.com\\\/ti-se-pitas-problemi-i-potrebe-mladih-u-subotici\\\/\"},\"author\":{\"name\":\"Klara i Rosa\",\"@id\":\"https:\\\/\\\/www.klarairosa.com\\\/en\\\/#\\\/schema\\\/person\\\/e4e7e9e5c8eeeddccf61e4532ae8e6ed\"},\"headline\":\"Ti se pita\u0161\\\/Problemi i potrebe mladih u Subotici\\\/\",\"datePublished\":\"2021-11-27T10:26:00+00:00\",\"dateModified\":\"2022-04-01T14:08:11+00:00\",\"mainEntityOfPage\":{\"@id\":\"https:\\\/\\\/www.klarairosa.com\\\/ti-se-pitas-problemi-i-potrebe-mladih-u-subotici\\\/\"},\"wordCount\":169,\"commentCount\":0,\"publisher\":{\"@id\":\"https:\\\/\\\/www.klarairosa.com\\\/en\\\/#organization\"},\"image\":{\"@id\":\"https:\\\/\\\/www.klarairosa.com\\\/ti-se-pitas-problemi-i-potrebe-mladih-u-subotici\\\/#primaryimage\"},\"thumbnailUrl\":\"https:\\\/\\\/www.klarairosa.com\\\/wp-content\\\/uploads\\\/2022\\\/01\\\/14.jpg\",\"articleSection\":[\"CSKU\"],\"inLanguage\":\"en-GB\",\"potentialAction\":[{\"@type\":\"CommentAction\",\"name\":\"Comment\",\"target\":[\"https:\\\/\\\/www.klarairosa.com\\\/ti-se-pitas-problemi-i-potrebe-mladih-u-subotici\\\/#respond\"]}]},{\"@type\":\"WebPage\",\"@id\":\"https:\\\/\\\/www.klarairosa.com\\\/ti-se-pitas-problemi-i-potrebe-mladih-u-subotici\\\/\",\"url\":\"https:\\\/\\\/www.klarairosa.com\\\/ti-se-pitas-problemi-i-potrebe-mladih-u-subotici\\\/\",\"name\":\"Ti se pita\u0161\\\/Problemi i potrebe mladih u Subotici\\\/ - Klara i Rosa\",\"isPartOf\":{\"@id\":\"https:\\\/\\\/www.klarairosa.com\\\/en\\\/#website\"},\"primaryImageOfPage\":{\"@id\":\"https:\\\/\\\/www.klarairosa.com\\\/ti-se-pitas-problemi-i-potrebe-mladih-u-subotici\\\/#primaryimage\"},\"image\":{\"@id\":\"https:\\\/\\\/www.klarairosa.com\\\/ti-se-pitas-problemi-i-potrebe-mladih-u-subotici\\\/#primaryimage\"},\"thumbnailUrl\":\"https:\\\/\\\/www.klarairosa.com\\\/wp-content\\\/uploads\\\/2022\\\/01\\\/14.jpg\",\"datePublished\":\"2021-11-27T10:26:00+00:00\",\"dateModified\":\"2022-04-01T14:08:11+00:00\",\"breadcrumb\":{\"@id\":\"https:\\\/\\\/www.klarairosa.com\\\/ti-se-pitas-problemi-i-potrebe-mladih-u-subotici\\\/#breadcrumb\"},\"inLanguage\":\"en-GB\",\"potentialAction\":[{\"@type\":\"ReadAction\",\"target\":[\"https:\\\/\\\/www.klarairosa.com\\\/ti-se-pitas-problemi-i-potrebe-mladih-u-subotici\\\/\"]}]},{\"@type\":\"ImageObject\",\"inLanguage\":\"en-GB\",\"@id\":\"https:\\\/\\\/www.klarairosa.com\\\/ti-se-pitas-problemi-i-potrebe-mladih-u-subotici\\\/#primaryimage\",\"url\":\"https:\\\/\\\/www.klarairosa.com\\\/wp-content\\\/uploads\\\/2022\\\/01\\\/14.jpg\",\"contentUrl\":\"https:\\\/\\\/www.klarairosa.com\\\/wp-content\\\/uploads\\\/2022\\\/01\\\/14.jpg\",\"width\":900,\"height\":600},{\"@type\":\"BreadcrumbList\",\"@id\":\"https:\\\/\\\/www.klarairosa.com\\\/ti-se-pitas-problemi-i-potrebe-mladih-u-subotici\\\/#breadcrumb\",\"itemListElement\":[{\"@type\":\"ListItem\",\"position\":1,\"name\":\"Home\",\"item\":\"https:\\\/\\\/www.klarairosa.com\\\/\"},{\"@type\":\"ListItem\",\"position\":2,\"name\":\"Ti se pita\u0161\\\/Problemi i potrebe mladih u Subotici\\\/\"}]},{\"@type\":\"WebSite\",\"@id\":\"https:\\\/\\\/www.klarairosa.com\\\/en\\\/#website\",\"url\":\"https:\\\/\\\/www.klarairosa.com\\\/en\\\/\",\"name\":\"Klara i Rosa\",\"description\":\"Klara i Rosa\",\"publisher\":{\"@id\":\"https:\\\/\\\/www.klarairosa.com\\\/en\\\/#organization\"},\"potentialAction\":[{\"@type\":\"SearchAction\",\"target\":{\"@type\":\"EntryPoint\",\"urlTemplate\":\"https:\\\/\\\/www.klarairosa.com\\\/en\\\/?s={search_term_string}\"},\"query-input\":{\"@type\":\"PropertyValueSpecification\",\"valueRequired\":true,\"valueName\":\"search_term_string\"}}],\"inLanguage\":\"en-GB\"},{\"@type\":\"Organization\",\"@id\":\"https:\\\/\\\/www.klarairosa.com\\\/en\\\/#organization\",\"name\":\"Klara i Rosa\",\"url\":\"https:\\\/\\\/www.klarairosa.com\\\/en\\\/\",\"logo\":{\"@type\":\"ImageObject\",\"inLanguage\":\"en-GB\",\"@id\":\"https:\\\/\\\/www.klarairosa.com\\\/en\\\/#\\\/schema\\\/logo\\\/image\\\/\",\"url\":\"https:\\\/\\\/www.klarairosa.com\\\/wp-content\\\/uploads\\\/2022\\\/01\\\/logo.svg\",\"contentUrl\":\"https:\\\/\\\/www.klarairosa.com\\\/wp-content\\\/uploads\\\/2022\\\/01\\\/logo.svg\",\"width\":110,\"height\":139,\"caption\":\"Klara i Rosa\"},\"image\":{\"@id\":\"https:\\\/\\\/www.klarairosa.com\\\/en\\\/#\\\/schema\\\/logo\\\/image\\\/\"},\"sameAs\":[\"https:\\\/\\\/www.facebook.com\\\/klarairosa\\\/\",\"https:\\\/\\\/www.instagram.com\\\/ugklarairosa\\\/\"]},{\"@type\":\"Person\",\"@id\":\"https:\\\/\\\/www.klarairosa.com\\\/en\\\/#\\\/schema\\\/person\\\/e4e7e9e5c8eeeddccf61e4532ae8e6ed\",\"name\":\"Klara i Rosa\",\"image\":{\"@type\":\"ImageObject\",\"inLanguage\":\"en-GB\",\"@id\":\"https:\\\/\\\/secure.gravatar.com\\\/avatar\\\/c83ee539a067b9f57ae5d8999ae286c4f98b5c4bd943b8cbb64f6b0fc1f29e40?s=96&d=mm&r=g\",\"url\":\"https:\\\/\\\/secure.gravatar.com\\\/avatar\\\/c83ee539a067b9f57ae5d8999ae286c4f98b5c4bd943b8cbb64f6b0fc1f29e40?s=96&d=mm&r=g\",\"contentUrl\":\"https:\\\/\\\/secure.gravatar.com\\\/avatar\\\/c83ee539a067b9f57ae5d8999ae286c4f98b5c4bd943b8cbb64f6b0fc1f29e40?s=96&d=mm&r=g\",\"caption\":\"Klara i Rosa\"},\"sameAs\":[\"https:\\\/\\\/klarairosa.com\"],\"url\":\"https:\\\/\\\/www.klarairosa.com\\\/en\\\/author\\\/rosaiklara\\\/\"}]}<\/script>\n<!-- \/ Yoast SEO plugin. -->","yoast_head_json":{"title":"Ti se pita\u0161\/Problemi i potrebe mladih u Subotici\/ - Klara i Rosa","robots":{"index":"index","follow":"follow","max-snippet":"max-snippet:-1","max-image-preview":"max-image-preview:large","max-video-preview":"max-video-preview:-1"},"canonical":"https:\/\/www.klarairosa.com\/en\/ti-se-pitas-problemi-i-potrebe-mladih-u-subotici\/","og_locale":"en_GB","og_type":"article","og_title":"Ti se pita\u0161\/Problemi i potrebe mladih u Subotici\/ - Klara i Rosa","og_description":"Pozivamo te na dru\u017eenje i razmenu ideja! . . Ukoliko ima\u0161 izme\u0111u 15 i 20...","og_url":"https:\/\/www.klarairosa.com\/en\/ti-se-pitas-problemi-i-potrebe-mladih-u-subotici\/","og_site_name":"Klara i Rosa","article_publisher":"https:\/\/www.facebook.com\/klarairosa\/","article_published_time":"2021-11-27T10:26:00+00:00","article_modified_time":"2022-04-01T14:08:11+00:00","og_image":[{"width":900,"height":600,"url":"https:\/\/www.klarairosa.com\/wp-content\/uploads\/2022\/01\/14.jpg","type":"image\/jpeg"}],"author":"Klara i Rosa","twitter_card":"summary_large_image","twitter_misc":{"Written by":"Klara i Rosa","Estimated reading time":"1 minute"},"schema":{"@context":"https:\/\/schema.org","@graph":[{"@type":"Article","@id":"https:\/\/www.klarairosa.com\/ti-se-pitas-problemi-i-potrebe-mladih-u-subotici\/#article","isPartOf":{"@id":"https:\/\/www.klarairosa.com\/ti-se-pitas-problemi-i-potrebe-mladih-u-subotici\/"},"author":{"name":"Klara i Rosa","@id":"https:\/\/www.klarairosa.com\/en\/#\/schema\/person\/e4e7e9e5c8eeeddccf61e4532ae8e6ed"},"headline":"Ti se pita\u0161\/Problemi i potrebe mladih u Subotici\/","datePublished":"2021-11-27T10:26:00+00:00","dateModified":"2022-04-01T14:08:11+00:00","mainEntityOfPage":{"@id":"https:\/\/www.klarairosa.com\/ti-se-pitas-problemi-i-potrebe-mladih-u-subotici\/"},"wordCount":169,"commentCount":0,"publisher":{"@id":"https:\/\/www.klarairosa.com\/en\/#organization"},"image":{"@id":"https:\/\/www.klarairosa.com\/ti-se-pitas-problemi-i-potrebe-mladih-u-subotici\/#primaryimage"},"thumbnailUrl":"https:\/\/www.klarairosa.com\/wp-content\/uploads\/2022\/01\/14.jpg","articleSection":["CSKU"],"inLanguage":"en-GB","potentialAction":[{"@type":"CommentAction","name":"Comment","target":["https:\/\/www.klarairosa.com\/ti-se-pitas-problemi-i-potrebe-mladih-u-subotici\/#respond"]}]},{"@type":"WebPage","@id":"https:\/\/www.klarairosa.com\/ti-se-pitas-problemi-i-potrebe-mladih-u-subotici\/","url":"https:\/\/www.klarairosa.com\/ti-se-pitas-problemi-i-potrebe-mladih-u-subotici\/","name":"Ti se pita\u0161\/Problemi i potrebe mladih u Subotici\/ - Klara i Rosa","isPartOf":{"@id":"https:\/\/www.klarairosa.com\/en\/#website"},"primaryImageOfPage":{"@id":"https:\/\/www.klarairosa.com\/ti-se-pitas-problemi-i-potrebe-mladih-u-subotici\/#primaryimage"},"image":{"@id":"https:\/\/www.klarairosa.com\/ti-se-pitas-problemi-i-potrebe-mladih-u-subotici\/#primaryimage"},"thumbnailUrl":"https:\/\/www.klarairosa.com\/wp-content\/uploads\/2022\/01\/14.jpg","datePublished":"2021-11-27T10:26:00+00:00","dateModified":"2022-04-01T14:08:11+00:00","breadcrumb":{"@id":"https:\/\/www.klarairosa.com\/ti-se-pitas-problemi-i-potrebe-mladih-u-subotici\/#breadcrumb"},"inLanguage":"en-GB","potentialAction":[{"@type":"ReadAction","target":["https:\/\/www.klarairosa.com\/ti-se-pitas-problemi-i-potrebe-mladih-u-subotici\/"]}]},{"@type":"ImageObject","inLanguage":"en-GB","@id":"https:\/\/www.klarairosa.com\/ti-se-pitas-problemi-i-potrebe-mladih-u-subotici\/#primaryimage","url":"https:\/\/www.klarairosa.com\/wp-content\/uploads\/2022\/01\/14.jpg","contentUrl":"https:\/\/www.klarairosa.com\/wp-content\/uploads\/2022\/01\/14.jpg","width":900,"height":600},{"@type":"BreadcrumbList","@id":"https:\/\/www.klarairosa.com\/ti-se-pitas-problemi-i-potrebe-mladih-u-subotici\/#breadcrumb","itemListElement":[{"@type":"ListItem","position":1,"name":"Home","item":"https:\/\/www.klarairosa.com\/"},{"@type":"ListItem","position":2,"name":"Ti se pita\u0161\/Problemi i potrebe mladih u Subotici\/"}]},{"@type":"WebSite","@id":"https:\/\/www.klarairosa.com\/en\/#website","url":"https:\/\/www.klarairosa.com\/en\/","name":"Klara i Rosa","description":"Klara i Rosa","publisher":{"@id":"https:\/\/www.klarairosa.com\/en\/#organization"},"potentialAction":[{"@type":"SearchAction","target":{"@type":"EntryPoint","urlTemplate":"https:\/\/www.klarairosa.com\/en\/?s={search_term_string}"},"query-input":{"@type":"PropertyValueSpecification","valueRequired":true,"valueName":"search_term_string"}}],"inLanguage":"en-GB"},{"@type":"Organization","@id":"https:\/\/www.klarairosa.com\/en\/#organization","name":"Klara i Rosa","url":"https:\/\/www.klarairosa.com\/en\/","logo":{"@type":"ImageObject","inLanguage":"en-GB","@id":"https:\/\/www.klarairosa.com\/en\/#\/schema\/logo\/image\/","url":"https:\/\/www.klarairosa.com\/wp-content\/uploads\/2022\/01\/logo.svg","contentUrl":"https:\/\/www.klarairosa.com\/wp-content\/uploads\/2022\/01\/logo.svg","width":110,"height":139,"caption":"Klara i Rosa"},"image":{"@id":"https:\/\/www.klarairosa.com\/en\/#\/schema\/logo\/image\/"},"sameAs":["https:\/\/www.facebook.com\/klarairosa\/","https:\/\/www.instagram.com\/ugklarairosa\/"]},{"@type":"Person","@id":"https:\/\/www.klarairosa.com\/en\/#\/schema\/person\/e4e7e9e5c8eeeddccf61e4532ae8e6ed","name":"Klara i Rosa","image":{"@type":"ImageObject","inLanguage":"en-GB","@id":"https:\/\/secure.gravatar.com\/avatar\/c83ee539a067b9f57ae5d8999ae286c4f98b5c4bd943b8cbb64f6b0fc1f29e40?s=96&d=mm&r=g","url":"https:\/\/secure.gravatar.com\/avatar\/c83ee539a067b9f57ae5d8999ae286c4f98b5c4bd943b8cbb64f6b0fc1f29e40?s=96&d=mm&r=g","contentUrl":"https:\/\/secure.gravatar.com\/avatar\/c83ee539a067b9f57ae5d8999ae286c4f98b5c4bd943b8cbb64f6b0fc1f29e40?s=96&d=mm&r=g","caption":"Klara i Rosa"},"sameAs":["https:\/\/klarairosa.com"],"url":"https:\/\/www.klarairosa.com\/en\/author\/rosaiklara\/"}]}},"_links":{"self":[{"href":"https:\/\/www.klarairosa.com\/en\/wp-json\/wp\/v2\/posts\/261","targetHints":{"allow":["GET"]}}],"collection":[{"href":"https:\/\/www.klarairosa.com\/en\/wp-json\/wp\/v2\/posts"}],"about":[{"href":"https:\/\/www.klarairosa.com\/en\/wp-json\/wp\/v2\/types\/post"}],"author":[{"embeddable":true,"href":"https:\/\/www.klarairosa.com\/en\/wp-json\/wp\/v2\/users\/1"}],"replies":[{"embeddable":true,"href":"https:\/\/www.klarairosa.com\/en\/wp-json\/wp\/v2\/comments?post=261"}],"version-history":[{"count":3,"href":"https:\/\/www.klarairosa.com\/en\/wp-json\/wp\/v2\/posts\/261\/revisions"}],"predecessor-version":[{"id":17891,"href":"https:\/\/www.klarairosa.com\/en\/wp-json\/wp\/v2\/posts\/261\/revisions\/17891"}],"wp:featuredmedia":[{"embeddable":true,"href":"https:\/\/www.klarairosa.com\/en\/wp-json\/wp\/v2\/media\/262"}],"wp:attachment":[{"href":"https:\/\/www.klarairosa.com\/en\/wp-json\/wp\/v2\/media?parent=261"}],"wp:term":[{"taxonomy":"category","embeddable":true,"href":"https:\/\/www.klarairosa.com\/en\/wp-json\/wp\/v2\/categories?post=261"},{"taxonomy":"post_tag","embeddable":true,"href":"https:\/\/www.klarairosa.com\/en\/wp-json\/wp\/v2\/tags?post=261"}],"curies":[{"name":"wp","href":"https:\/\/api.w.org\/{rel}","templated":true}]}}