{"id":24468,"date":"2026-03-06T10:58:54","date_gmt":"2026-03-06T10:58:54","guid":{"rendered":"https:\/\/www.klarairosa.com\/?p=24468"},"modified":"2026-03-11T19:49:35","modified_gmt":"2026-03-11T19:49:35","slug":"radionica-i-koncert-alice-in-wonderband","status":"publish","type":"post","link":"https:\/\/www.klarairosa.com\/en\/radionica-i-koncert-alice-in-wonderband\/","title":{"rendered":"WORKSHOP &amp; CONCERT: ALICE IN WONDERBAND"},"content":{"rendered":"<p style=\"text-align: justify;\">On Saturday, March 14, a full-day program dedicated to the body, rhythm, and the shared experience of music awaits you at Klara i Rosa.<\/p>\n<p style=\"text-align: justify;\" data-start=\"129\" data-end=\"169\"><strong>1 PM \u2014 The Body as an Instrument (workshop)<\/strong><\/p>\n<p style=\"text-align: justify;\" class=\" translation-block\">The workshop The Body as an Instrument, led by Ana Vrba\u0161ki and Marko Dinja\u0161ki, invites you to explore sound, movement, and rhythm through your own body.<\/p>\n<p style=\"text-align: justify;\">Through fun and interactive exercises, you\u2019ll learn how the body can become a tool for expression and music-making\u2014both individually and as part of a group. The workshop is open to anyone interested in developing a sense of rhythm, presence, and creative expression, regardless of prior musical experience.<\/p>\n<p style=\"text-align: justify;\" class=\" translation-block\">Age: 15+\nWorkshop fee: 1200 RSD<\/p>\n<p><strong>Apply<\/strong> via form <a href=\"https:\/\/forms.gle\/MaCjWF7V6cySM1MP7\">https:\/\/forms.gle\/MaCjWF7V6cySM1MP7<\/a><\/p>\n<p data-start=\"682\" data-end=\"737\" class=\" translation-block\">8 PM \u2014 Concert: Alice in WonderBand<\/p>\n<p style=\"text-align: justify;\" class=\" translation-block\">In the evening, the world music duo of musical and theatrical performers will take the stage, using body percussion and body music as their primary expressive technique. Ana Vrba\u0161ki and Marko Dinja\u0161ki have been partners on stage and in life for 29 years. They live in nature, near Fru\u0161ka Gora National Park, and their lifestyle is deeply connected to nature\u2014something that strongly shapes their artistic expression.<\/p>\n<p style=\"text-align: justify;\">Their performances are rhythmic, powerful, and full of energy\u2014a deep, primal experience that takes the audience on a shared journey through Balkan music and into the inner spaces of one\u2019s own being. Performing in thirteen languages, they affirm that even in the often turbulent Balkan region, unity exists through culture, music, and movement\u2014a unity that fosters understanding and reconciliation.<\/p>\n<p style=\"text-align: justify;\" class=\" translation-block\">Their debut album RikaTaka, New Balkan Rhythm was released in 2022 by the German label CPL Music, while their new album The Courage to Be Afraid is set to be released this year. They also organize the New Balkan Rhythm festival in Sremski Karlovci and have been leading body music workshops across the region since 2013.<\/p>\n<p style=\"text-align: justify;\">Suggested donation for the concert: 700 RSD<\/p>\n<p style=\"text-align: justify;\">We invite you to join us\u2014whether you\u2019d like to actively take part in the workshop or be part of a powerful musical gathering in the evening. Saturday, March 14 is reserved for rhythm, movement, and togetherness.<\/p>","protected":false},"excerpt":{"rendered":"<p>U subotu, 14. marta, u prostoru Klare i Rose o\u010dekuje vas celodnevni program posve\u0107en telu,&#8230;<\/p>","protected":false},"author":1,"featured_media":24477,"comment_status":"closed","ping_status":"closed","sticky":false,"template":"","format":"standard","meta":{"content-type":"","inline_featured_image":false,"footnotes":""},"categories":[109],"tags":[856,857,124,108,858,140,152,855],"class_list":["post-24468","post","type-post","status-publish","format-standard","has-post-thumbnail","hentry","category-aktuelno","tag-alice-in-wonderband","tag-ana-vrbaski","tag-klara-i-rosa","tag-koncert","tag-marko-dinjaski","tag-radionica","tag-subotica","tag-telo-kao-instrument"],"yoast_head":"<!-- This site is optimized with the Yoast SEO plugin v27.5 - https:\/\/yoast.com\/product\/yoast-seo-wordpress\/ -->\n<title>RADIONICA I KONCERT: ALICE IN WONDERBAND - Klara i Rosa<\/title>\n<meta name=\"description\" content=\"U subotu, 14. marta u Klara i Rosa: radionica \u201eTelo kao instrument\u201c i koncert Alice in WonderBand. Pridru\u017eite nam se!\" \/>\n<meta name=\"robots\" content=\"index, follow, max-snippet:-1, max-image-preview:large, max-video-preview:-1\" \/>\n<link rel=\"canonical\" href=\"https:\/\/www.klarairosa.com\/en\/radionica-i-koncert-alice-in-wonderband\/\" \/>\n<meta property=\"og:locale\" content=\"en_GB\" \/>\n<meta property=\"og:type\" content=\"article\" \/>\n<meta property=\"og:title\" content=\"RADIONICA I KONCERT: ALICE IN WONDERBAND - Klara i Rosa\" \/>\n<meta property=\"og:description\" content=\"U subotu, 14. marta u Klara i Rosa: radionica \u201eTelo kao instrument\u201c i koncert Alice in WonderBand. Pridru\u017eite nam se!\" \/>\n<meta property=\"og:url\" content=\"https:\/\/www.klarairosa.com\/en\/radionica-i-koncert-alice-in-wonderband\/\" \/>\n<meta property=\"og:site_name\" content=\"Klara i Rosa\" \/>\n<meta property=\"article:publisher\" content=\"https:\/\/www.facebook.com\/klarairosa\/\" \/>\n<meta property=\"article:published_time\" content=\"2026-03-06T10:58:54+00:00\" \/>\n<meta property=\"article:modified_time\" content=\"2026-03-11T19:49:35+00:00\" \/>\n<meta property=\"og:image\" content=\"https:\/\/www.klarairosa.com\/wp-content\/uploads\/2026\/03\/alice-in-wb.jpg\" \/>\n\t<meta property=\"og:image:width\" content=\"1352\" \/>\n\t<meta property=\"og:image:height\" content=\"1005\" \/>\n\t<meta property=\"og:image:type\" content=\"image\/jpeg\" \/>\n<meta name=\"author\" content=\"Klara i Rosa\" \/>\n<meta name=\"twitter:card\" content=\"summary_large_image\" \/>\n<meta name=\"twitter:label1\" content=\"Written by\" \/>\n\t<meta name=\"twitter:data1\" content=\"Klara i Rosa\" \/>\n\t<meta name=\"twitter:label2\" content=\"Estimated reading time\" \/>\n\t<meta name=\"twitter:data2\" content=\"2 minutes\" \/>\n<script type=\"application\/ld+json\" class=\"yoast-schema-graph\">{\"@context\":\"https:\\\/\\\/schema.org\",\"@graph\":[{\"@type\":\"Article\",\"@id\":\"https:\\\/\\\/www.klarairosa.com\\\/radionica-i-koncert-alice-in-wonderband\\\/#article\",\"isPartOf\":{\"@id\":\"https:\\\/\\\/www.klarairosa.com\\\/radionica-i-koncert-alice-in-wonderband\\\/\"},\"author\":{\"name\":\"Klara i Rosa\",\"@id\":\"https:\\\/\\\/www.klarairosa.com\\\/en\\\/#\\\/schema\\\/person\\\/e4e7e9e5c8eeeddccf61e4532ae8e6ed\"},\"headline\":\"RADIONICA I KONCERT: ALICE IN WONDERBAND\",\"datePublished\":\"2026-03-06T10:58:54+00:00\",\"dateModified\":\"2026-03-11T19:49:35+00:00\",\"mainEntityOfPage\":{\"@id\":\"https:\\\/\\\/www.klarairosa.com\\\/radionica-i-koncert-alice-in-wonderband\\\/\"},\"wordCount\":348,\"publisher\":{\"@id\":\"https:\\\/\\\/www.klarairosa.com\\\/en\\\/#organization\"},\"image\":{\"@id\":\"https:\\\/\\\/www.klarairosa.com\\\/radionica-i-koncert-alice-in-wonderband\\\/#primaryimage\"},\"thumbnailUrl\":\"https:\\\/\\\/www.klarairosa.com\\\/wp-content\\\/uploads\\\/2026\\\/03\\\/alice-in-wb.jpg\",\"keywords\":[\"alice in wonderband\",\"ana vrbaski\",\"Klara i Rosa\",\"Koncert\",\"marko dinjaski\",\"radionica\",\"subotica\",\"telo kao instrument\"],\"articleSection\":[\"Aktuelno\"],\"inLanguage\":\"en-GB\"},{\"@type\":\"WebPage\",\"@id\":\"https:\\\/\\\/www.klarairosa.com\\\/radionica-i-koncert-alice-in-wonderband\\\/\",\"url\":\"https:\\\/\\\/www.klarairosa.com\\\/radionica-i-koncert-alice-in-wonderband\\\/\",\"name\":\"RADIONICA I KONCERT: ALICE IN WONDERBAND - Klara i Rosa\",\"isPartOf\":{\"@id\":\"https:\\\/\\\/www.klarairosa.com\\\/en\\\/#website\"},\"primaryImageOfPage\":{\"@id\":\"https:\\\/\\\/www.klarairosa.com\\\/radionica-i-koncert-alice-in-wonderband\\\/#primaryimage\"},\"image\":{\"@id\":\"https:\\\/\\\/www.klarairosa.com\\\/radionica-i-koncert-alice-in-wonderband\\\/#primaryimage\"},\"thumbnailUrl\":\"https:\\\/\\\/www.klarairosa.com\\\/wp-content\\\/uploads\\\/2026\\\/03\\\/alice-in-wb.jpg\",\"datePublished\":\"2026-03-06T10:58:54+00:00\",\"dateModified\":\"2026-03-11T19:49:35+00:00\",\"description\":\"U subotu, 14. marta u Klara i Rosa: radionica \u201eTelo kao instrument\u201c i koncert Alice in WonderBand. Pridru\u017eite nam se!\",\"breadcrumb\":{\"@id\":\"https:\\\/\\\/www.klarairosa.com\\\/radionica-i-koncert-alice-in-wonderband\\\/#breadcrumb\"},\"inLanguage\":\"en-GB\",\"potentialAction\":[{\"@type\":\"ReadAction\",\"target\":[\"https:\\\/\\\/www.klarairosa.com\\\/radionica-i-koncert-alice-in-wonderband\\\/\"]}]},{\"@type\":\"ImageObject\",\"inLanguage\":\"en-GB\",\"@id\":\"https:\\\/\\\/www.klarairosa.com\\\/radionica-i-koncert-alice-in-wonderband\\\/#primaryimage\",\"url\":\"https:\\\/\\\/www.klarairosa.com\\\/wp-content\\\/uploads\\\/2026\\\/03\\\/alice-in-wb.jpg\",\"contentUrl\":\"https:\\\/\\\/www.klarairosa.com\\\/wp-content\\\/uploads\\\/2026\\\/03\\\/alice-in-wb.jpg\",\"width\":1352,\"height\":1005},{\"@type\":\"BreadcrumbList\",\"@id\":\"https:\\\/\\\/www.klarairosa.com\\\/radionica-i-koncert-alice-in-wonderband\\\/#breadcrumb\",\"itemListElement\":[{\"@type\":\"ListItem\",\"position\":1,\"name\":\"Home\",\"item\":\"https:\\\/\\\/www.klarairosa.com\\\/\"},{\"@type\":\"ListItem\",\"position\":2,\"name\":\"RADIONICA I KONCERT: ALICE IN WONDERBAND\"}]},{\"@type\":\"WebSite\",\"@id\":\"https:\\\/\\\/www.klarairosa.com\\\/en\\\/#website\",\"url\":\"https:\\\/\\\/www.klarairosa.com\\\/en\\\/\",\"name\":\"Klara i Rosa\",\"description\":\"Klara i Rosa\",\"publisher\":{\"@id\":\"https:\\\/\\\/www.klarairosa.com\\\/en\\\/#organization\"},\"potentialAction\":[{\"@type\":\"SearchAction\",\"target\":{\"@type\":\"EntryPoint\",\"urlTemplate\":\"https:\\\/\\\/www.klarairosa.com\\\/en\\\/?s={search_term_string}\"},\"query-input\":{\"@type\":\"PropertyValueSpecification\",\"valueRequired\":true,\"valueName\":\"search_term_string\"}}],\"inLanguage\":\"en-GB\"},{\"@type\":\"Organization\",\"@id\":\"https:\\\/\\\/www.klarairosa.com\\\/en\\\/#organization\",\"name\":\"Klara i Rosa\",\"url\":\"https:\\\/\\\/www.klarairosa.com\\\/en\\\/\",\"logo\":{\"@type\":\"ImageObject\",\"inLanguage\":\"en-GB\",\"@id\":\"https:\\\/\\\/www.klarairosa.com\\\/en\\\/#\\\/schema\\\/logo\\\/image\\\/\",\"url\":\"https:\\\/\\\/www.klarairosa.com\\\/wp-content\\\/uploads\\\/2022\\\/01\\\/logo.svg\",\"contentUrl\":\"https:\\\/\\\/www.klarairosa.com\\\/wp-content\\\/uploads\\\/2022\\\/01\\\/logo.svg\",\"width\":110,\"height\":139,\"caption\":\"Klara i Rosa\"},\"image\":{\"@id\":\"https:\\\/\\\/www.klarairosa.com\\\/en\\\/#\\\/schema\\\/logo\\\/image\\\/\"},\"sameAs\":[\"https:\\\/\\\/www.facebook.com\\\/klarairosa\\\/\",\"https:\\\/\\\/www.instagram.com\\\/ugklarairosa\\\/\"]},{\"@type\":\"Person\",\"@id\":\"https:\\\/\\\/www.klarairosa.com\\\/en\\\/#\\\/schema\\\/person\\\/e4e7e9e5c8eeeddccf61e4532ae8e6ed\",\"name\":\"Klara i Rosa\",\"image\":{\"@type\":\"ImageObject\",\"inLanguage\":\"en-GB\",\"@id\":\"https:\\\/\\\/secure.gravatar.com\\\/avatar\\\/c83ee539a067b9f57ae5d8999ae286c4f98b5c4bd943b8cbb64f6b0fc1f29e40?s=96&d=mm&r=g\",\"url\":\"https:\\\/\\\/secure.gravatar.com\\\/avatar\\\/c83ee539a067b9f57ae5d8999ae286c4f98b5c4bd943b8cbb64f6b0fc1f29e40?s=96&d=mm&r=g\",\"contentUrl\":\"https:\\\/\\\/secure.gravatar.com\\\/avatar\\\/c83ee539a067b9f57ae5d8999ae286c4f98b5c4bd943b8cbb64f6b0fc1f29e40?s=96&d=mm&r=g\",\"caption\":\"Klara i Rosa\"},\"sameAs\":[\"https:\\\/\\\/klarairosa.com\"],\"url\":\"https:\\\/\\\/www.klarairosa.com\\\/en\\\/author\\\/rosaiklara\\\/\"}]}<\/script>\n<!-- \/ Yoast SEO plugin. -->","yoast_head_json":{"title":"RADIONICA I KONCERT: ALICE IN WONDERBAND - Klara i Rosa","description":"U subotu, 14. marta u Klara i Rosa: radionica \u201eTelo kao instrument\u201c i koncert Alice in WonderBand. Pridru\u017eite nam se!","robots":{"index":"index","follow":"follow","max-snippet":"max-snippet:-1","max-image-preview":"max-image-preview:large","max-video-preview":"max-video-preview:-1"},"canonical":"https:\/\/www.klarairosa.com\/en\/radionica-i-koncert-alice-in-wonderband\/","og_locale":"en_GB","og_type":"article","og_title":"RADIONICA I KONCERT: ALICE IN WONDERBAND - Klara i Rosa","og_description":"U subotu, 14. marta u Klara i Rosa: radionica \u201eTelo kao instrument\u201c i koncert Alice in WonderBand. Pridru\u017eite nam se!","og_url":"https:\/\/www.klarairosa.com\/en\/radionica-i-koncert-alice-in-wonderband\/","og_site_name":"Klara i Rosa","article_publisher":"https:\/\/www.facebook.com\/klarairosa\/","article_published_time":"2026-03-06T10:58:54+00:00","article_modified_time":"2026-03-11T19:49:35+00:00","og_image":[{"width":1352,"height":1005,"url":"https:\/\/www.klarairosa.com\/wp-content\/uploads\/2026\/03\/alice-in-wb.jpg","type":"image\/jpeg"}],"author":"Klara i Rosa","twitter_card":"summary_large_image","twitter_misc":{"Written by":"Klara i Rosa","Estimated reading time":"2 minutes"},"schema":{"@context":"https:\/\/schema.org","@graph":[{"@type":"Article","@id":"https:\/\/www.klarairosa.com\/radionica-i-koncert-alice-in-wonderband\/#article","isPartOf":{"@id":"https:\/\/www.klarairosa.com\/radionica-i-koncert-alice-in-wonderband\/"},"author":{"name":"Klara i Rosa","@id":"https:\/\/www.klarairosa.com\/en\/#\/schema\/person\/e4e7e9e5c8eeeddccf61e4532ae8e6ed"},"headline":"RADIONICA I KONCERT: ALICE IN WONDERBAND","datePublished":"2026-03-06T10:58:54+00:00","dateModified":"2026-03-11T19:49:35+00:00","mainEntityOfPage":{"@id":"https:\/\/www.klarairosa.com\/radionica-i-koncert-alice-in-wonderband\/"},"wordCount":348,"publisher":{"@id":"https:\/\/www.klarairosa.com\/en\/#organization"},"image":{"@id":"https:\/\/www.klarairosa.com\/radionica-i-koncert-alice-in-wonderband\/#primaryimage"},"thumbnailUrl":"https:\/\/www.klarairosa.com\/wp-content\/uploads\/2026\/03\/alice-in-wb.jpg","keywords":["alice in wonderband","ana vrbaski","Klara i Rosa","Koncert","marko dinjaski","radionica","subotica","telo kao instrument"],"articleSection":["Aktuelno"],"inLanguage":"en-GB"},{"@type":"WebPage","@id":"https:\/\/www.klarairosa.com\/radionica-i-koncert-alice-in-wonderband\/","url":"https:\/\/www.klarairosa.com\/radionica-i-koncert-alice-in-wonderband\/","name":"RADIONICA I KONCERT: ALICE IN WONDERBAND - Klara i Rosa","isPartOf":{"@id":"https:\/\/www.klarairosa.com\/en\/#website"},"primaryImageOfPage":{"@id":"https:\/\/www.klarairosa.com\/radionica-i-koncert-alice-in-wonderband\/#primaryimage"},"image":{"@id":"https:\/\/www.klarairosa.com\/radionica-i-koncert-alice-in-wonderband\/#primaryimage"},"thumbnailUrl":"https:\/\/www.klarairosa.com\/wp-content\/uploads\/2026\/03\/alice-in-wb.jpg","datePublished":"2026-03-06T10:58:54+00:00","dateModified":"2026-03-11T19:49:35+00:00","description":"U subotu, 14. marta u Klara i Rosa: radionica \u201eTelo kao instrument\u201c i koncert Alice in WonderBand. Pridru\u017eite nam se!","breadcrumb":{"@id":"https:\/\/www.klarairosa.com\/radionica-i-koncert-alice-in-wonderband\/#breadcrumb"},"inLanguage":"en-GB","potentialAction":[{"@type":"ReadAction","target":["https:\/\/www.klarairosa.com\/radionica-i-koncert-alice-in-wonderband\/"]}]},{"@type":"ImageObject","inLanguage":"en-GB","@id":"https:\/\/www.klarairosa.com\/radionica-i-koncert-alice-in-wonderband\/#primaryimage","url":"https:\/\/www.klarairosa.com\/wp-content\/uploads\/2026\/03\/alice-in-wb.jpg","contentUrl":"https:\/\/www.klarairosa.com\/wp-content\/uploads\/2026\/03\/alice-in-wb.jpg","width":1352,"height":1005},{"@type":"BreadcrumbList","@id":"https:\/\/www.klarairosa.com\/radionica-i-koncert-alice-in-wonderband\/#breadcrumb","itemListElement":[{"@type":"ListItem","position":1,"name":"Home","item":"https:\/\/www.klarairosa.com\/"},{"@type":"ListItem","position":2,"name":"RADIONICA I KONCERT: ALICE IN WONDERBAND"}]},{"@type":"WebSite","@id":"https:\/\/www.klarairosa.com\/en\/#website","url":"https:\/\/www.klarairosa.com\/en\/","name":"Klara i Rosa","description":"Klara i Rosa","publisher":{"@id":"https:\/\/www.klarairosa.com\/en\/#organization"},"potentialAction":[{"@type":"SearchAction","target":{"@type":"EntryPoint","urlTemplate":"https:\/\/www.klarairosa.com\/en\/?s={search_term_string}"},"query-input":{"@type":"PropertyValueSpecification","valueRequired":true,"valueName":"search_term_string"}}],"inLanguage":"en-GB"},{"@type":"Organization","@id":"https:\/\/www.klarairosa.com\/en\/#organization","name":"Klara i Rosa","url":"https:\/\/www.klarairosa.com\/en\/","logo":{"@type":"ImageObject","inLanguage":"en-GB","@id":"https:\/\/www.klarairosa.com\/en\/#\/schema\/logo\/image\/","url":"https:\/\/www.klarairosa.com\/wp-content\/uploads\/2022\/01\/logo.svg","contentUrl":"https:\/\/www.klarairosa.com\/wp-content\/uploads\/2022\/01\/logo.svg","width":110,"height":139,"caption":"Klara i Rosa"},"image":{"@id":"https:\/\/www.klarairosa.com\/en\/#\/schema\/logo\/image\/"},"sameAs":["https:\/\/www.facebook.com\/klarairosa\/","https:\/\/www.instagram.com\/ugklarairosa\/"]},{"@type":"Person","@id":"https:\/\/www.klarairosa.com\/en\/#\/schema\/person\/e4e7e9e5c8eeeddccf61e4532ae8e6ed","name":"Klara i Rosa","image":{"@type":"ImageObject","inLanguage":"en-GB","@id":"https:\/\/secure.gravatar.com\/avatar\/c83ee539a067b9f57ae5d8999ae286c4f98b5c4bd943b8cbb64f6b0fc1f29e40?s=96&d=mm&r=g","url":"https:\/\/secure.gravatar.com\/avatar\/c83ee539a067b9f57ae5d8999ae286c4f98b5c4bd943b8cbb64f6b0fc1f29e40?s=96&d=mm&r=g","contentUrl":"https:\/\/secure.gravatar.com\/avatar\/c83ee539a067b9f57ae5d8999ae286c4f98b5c4bd943b8cbb64f6b0fc1f29e40?s=96&d=mm&r=g","caption":"Klara i Rosa"},"sameAs":["https:\/\/klarairosa.com"],"url":"https:\/\/www.klarairosa.com\/en\/author\/rosaiklara\/"}]}},"_links":{"self":[{"href":"https:\/\/www.klarairosa.com\/en\/wp-json\/wp\/v2\/posts\/24468","targetHints":{"allow":["GET"]}}],"collection":[{"href":"https:\/\/www.klarairosa.com\/en\/wp-json\/wp\/v2\/posts"}],"about":[{"href":"https:\/\/www.klarairosa.com\/en\/wp-json\/wp\/v2\/types\/post"}],"author":[{"embeddable":true,"href":"https:\/\/www.klarairosa.com\/en\/wp-json\/wp\/v2\/users\/1"}],"replies":[{"embeddable":true,"href":"https:\/\/www.klarairosa.com\/en\/wp-json\/wp\/v2\/comments?post=24468"}],"version-history":[{"count":3,"href":"https:\/\/www.klarairosa.com\/en\/wp-json\/wp\/v2\/posts\/24468\/revisions"}],"predecessor-version":[{"id":24472,"href":"https:\/\/www.klarairosa.com\/en\/wp-json\/wp\/v2\/posts\/24468\/revisions\/24472"}],"wp:featuredmedia":[{"embeddable":true,"href":"https:\/\/www.klarairosa.com\/en\/wp-json\/wp\/v2\/media\/24477"}],"wp:attachment":[{"href":"https:\/\/www.klarairosa.com\/en\/wp-json\/wp\/v2\/media?parent=24468"}],"wp:term":[{"taxonomy":"category","embeddable":true,"href":"https:\/\/www.klarairosa.com\/en\/wp-json\/wp\/v2\/categories?post=24468"},{"taxonomy":"post_tag","embeddable":true,"href":"https:\/\/www.klarairosa.com\/en\/wp-json\/wp\/v2\/tags?post=24468"}],"curies":[{"name":"wp","href":"https:\/\/api.w.org\/{rel}","templated":true}]}}