{"id":24,"date":"2020-09-15T18:11:00","date_gmt":"2020-09-15T18:11:00","guid":{"rendered":"https:\/\/klarairosa.com\/?p=24"},"modified":"2022-04-02T15:03:45","modified_gmt":"2022-04-02T15:03:45","slug":"chat-2020-projekat-podrzan-u-okviru-erasmus-programa","status":"publish","type":"post","link":"https:\/\/www.klarairosa.com\/en\/chat-2020-projekat-podrzan-u-okviru-erasmus-programa\/","title":{"rendered":"CHAT 2020 -Projekat odr\u017ean u okviru Erasmus programa"},"content":{"rendered":"<p>Projekat Chat 2020 &#8211; Implementation Digital Storytelling Methods in Adult Education je podr\u017ean kroz Erasmus program a UG \u201cKlara i Rosa\u201d je nosilac projekta. Partneri na projektu su : The Akademie fur Politische Bildung und demokratiefordernde Ma\u00dfnahmen (Austrija), V\u0161I EDUKACINIAI PROJEKTAI (Litvanija), Associacao Recreativa Cultural e Social de Silveirinhos (Portugal) i Libera Universita Europea Terza eta Campania (Italija). Trajanje projekta je od septembra 2020. do septembra 2022. godine.<\/p>\r\n\r\n\r\n\r\n<p>.<\/p>\r\n\r\n\r\n\r\n<p>Digital storytelling je kombinovanje ume\u0107a pri\u010danja pri\u010da razli\u010ditim multimedijalnim alatima kao \u0161to su vizuelni, video i audio materijali, spoj digitalnih grafika, teksta, naracije, video i audio zapisa koji prezentuju informacije o odre\u0111enoj temi. Primenom savremenih dostignu\u0107a video i audio tehnologija u nastavnom procesu se stvara inovativni pristup obrazovanju koji nastavu \u010dine atraktivnijom, podsti\u010du kreativnost i efikasnije u\u010denje.<\/p>\r\n<p>.<\/p>\r\n\r\n\r\n\r\n<p>Polaze\u0107i od iskustava i dobrih praksi koje poseduju partnerske institucije u primeni metode digitalnog pripovedanja (digital storytelling), ovaj me\u0111unarodni tim ima nameru da pobolj\u0161a kompetencije edukatora za odrasle u kori\u0161\u0107enju alata za digitalno pripovedanje kako bi u svojim u\u010dionicama kreirali multimedijalne projekte. Nastavnici \u0107e u obrazovnom sistemu mo\u0107i da koriste digitalno pripovedanje na svim nivoima kako bi pomogli u\u010denicima da razviju ve\u0161tine pisanja, prezentacije, organizacije i re\u0161avanja problema i kako bi postigli efikasnu digitalnu inkluziju.<\/p>\r\n\r\n\r\n\r\n<p>.<\/p>\r\n\r\n\r\n\r\n<p>U\u010denje digitalnih ve\u0161tina neophodni su klju\u010devi dru\u0161tva i ekonomskog razvoja. Kako se moderna dru\u0161tva i ekonomije menjaju usled globalizacije i tehnolo\u0161kog napretka, potrebna je temeljna transformacija obrazovanja i obuke \u0161irom Evrope kako bi se postigla znanja i ve\u0161tine potrebne za rast, zapo\u0161ljavanje i aktivno u\u010de\u0161\u0107e u dru\u0161tvu.<\/p>","protected":false},"excerpt":{"rendered":"<p>Projekat Chat 2020 &#8211; Implementation Digital Storytelling Methods in Adult Education je podr\u017ean kroz Erasmus&#8230;<\/p>","protected":false},"author":1,"featured_media":25,"comment_status":"open","ping_status":"open","sticky":false,"template":"","format":"standard","meta":{"content-type":"","inline_featured_image":false,"footnotes":""},"categories":[95],"tags":[96],"class_list":["post-24","post","type-post","status-publish","format-standard","has-post-thumbnail","hentry","category-erasmus","tag-erasmus"],"yoast_head":"<!-- This site is optimized with the Yoast SEO plugin v27.5 - https:\/\/yoast.com\/product\/yoast-seo-wordpress\/ -->\n<title>CHAT 2020 -Projekat odr\u017ean u okviru Erasmus programa - Klara i Rosa<\/title>\n<meta name=\"robots\" content=\"index, follow, max-snippet:-1, max-image-preview:large, max-video-preview:-1\" \/>\n<link rel=\"canonical\" href=\"https:\/\/www.klarairosa.com\/en\/chat-2020-projekat-podrzan-u-okviru-erasmus-programa\/\" \/>\n<meta property=\"og:locale\" content=\"en_GB\" \/>\n<meta property=\"og:type\" content=\"article\" \/>\n<meta property=\"og:title\" content=\"CHAT 2020 -Projekat odr\u017ean u okviru Erasmus programa - Klara i Rosa\" \/>\n<meta property=\"og:description\" content=\"Projekat Chat 2020 &#8211; Implementation Digital Storytelling Methods in Adult Education je podr\u017ean kroz Erasmus...\" \/>\n<meta property=\"og:url\" content=\"https:\/\/www.klarairosa.com\/en\/chat-2020-projekat-podrzan-u-okviru-erasmus-programa\/\" \/>\n<meta property=\"og:site_name\" content=\"Klara i Rosa\" \/>\n<meta property=\"article:publisher\" content=\"https:\/\/www.facebook.com\/klarairosa\/\" \/>\n<meta property=\"article:published_time\" content=\"2020-09-15T18:11:00+00:00\" \/>\n<meta property=\"article:modified_time\" content=\"2022-04-02T15:03:45+00:00\" \/>\n<meta property=\"og:image\" content=\"https:\/\/www.klarairosa.com\/wp-content\/uploads\/2022\/01\/6.jpg\" \/>\n\t<meta property=\"og:image:width\" content=\"2362\" \/>\n\t<meta property=\"og:image:height\" content=\"1181\" \/>\n\t<meta property=\"og:image:type\" content=\"image\/jpeg\" \/>\n<meta name=\"author\" content=\"Klara i Rosa\" \/>\n<meta name=\"twitter:card\" content=\"summary_large_image\" \/>\n<meta name=\"twitter:label1\" content=\"Written by\" \/>\n\t<meta name=\"twitter:data1\" content=\"Klara i Rosa\" \/>\n\t<meta name=\"twitter:label2\" content=\"Estimated reading time\" \/>\n\t<meta name=\"twitter:data2\" content=\"1 minute\" \/>\n<script type=\"application\/ld+json\" class=\"yoast-schema-graph\">{\"@context\":\"https:\\\/\\\/schema.org\",\"@graph\":[{\"@type\":\"Article\",\"@id\":\"https:\\\/\\\/www.klarairosa.com\\\/chat-2020-projekat-podrzan-u-okviru-erasmus-programa\\\/#article\",\"isPartOf\":{\"@id\":\"https:\\\/\\\/www.klarairosa.com\\\/chat-2020-projekat-podrzan-u-okviru-erasmus-programa\\\/\"},\"author\":{\"name\":\"Klara i Rosa\",\"@id\":\"https:\\\/\\\/www.klarairosa.com\\\/en\\\/#\\\/schema\\\/person\\\/e4e7e9e5c8eeeddccf61e4532ae8e6ed\"},\"headline\":\"CHAT 2020 -Projekat odr\u017ean u okviru Erasmus programa\",\"datePublished\":\"2020-09-15T18:11:00+00:00\",\"dateModified\":\"2022-04-02T15:03:45+00:00\",\"mainEntityOfPage\":{\"@id\":\"https:\\\/\\\/www.klarairosa.com\\\/chat-2020-projekat-podrzan-u-okviru-erasmus-programa\\\/\"},\"wordCount\":282,\"commentCount\":0,\"publisher\":{\"@id\":\"https:\\\/\\\/www.klarairosa.com\\\/en\\\/#organization\"},\"image\":{\"@id\":\"https:\\\/\\\/www.klarairosa.com\\\/chat-2020-projekat-podrzan-u-okviru-erasmus-programa\\\/#primaryimage\"},\"thumbnailUrl\":\"https:\\\/\\\/www.klarairosa.com\\\/wp-content\\\/uploads\\\/2022\\\/01\\\/6.jpg\",\"keywords\":[\"Erasmus\"],\"articleSection\":[\"Erasmus\"],\"inLanguage\":\"en-GB\",\"potentialAction\":[{\"@type\":\"CommentAction\",\"name\":\"Comment\",\"target\":[\"https:\\\/\\\/www.klarairosa.com\\\/chat-2020-projekat-podrzan-u-okviru-erasmus-programa\\\/#respond\"]}]},{\"@type\":\"WebPage\",\"@id\":\"https:\\\/\\\/www.klarairosa.com\\\/chat-2020-projekat-podrzan-u-okviru-erasmus-programa\\\/\",\"url\":\"https:\\\/\\\/www.klarairosa.com\\\/chat-2020-projekat-podrzan-u-okviru-erasmus-programa\\\/\",\"name\":\"CHAT 2020 -Projekat odr\u017ean u okviru Erasmus programa - Klara i Rosa\",\"isPartOf\":{\"@id\":\"https:\\\/\\\/www.klarairosa.com\\\/en\\\/#website\"},\"primaryImageOfPage\":{\"@id\":\"https:\\\/\\\/www.klarairosa.com\\\/chat-2020-projekat-podrzan-u-okviru-erasmus-programa\\\/#primaryimage\"},\"image\":{\"@id\":\"https:\\\/\\\/www.klarairosa.com\\\/chat-2020-projekat-podrzan-u-okviru-erasmus-programa\\\/#primaryimage\"},\"thumbnailUrl\":\"https:\\\/\\\/www.klarairosa.com\\\/wp-content\\\/uploads\\\/2022\\\/01\\\/6.jpg\",\"datePublished\":\"2020-09-15T18:11:00+00:00\",\"dateModified\":\"2022-04-02T15:03:45+00:00\",\"breadcrumb\":{\"@id\":\"https:\\\/\\\/www.klarairosa.com\\\/chat-2020-projekat-podrzan-u-okviru-erasmus-programa\\\/#breadcrumb\"},\"inLanguage\":\"en-GB\",\"potentialAction\":[{\"@type\":\"ReadAction\",\"target\":[\"https:\\\/\\\/www.klarairosa.com\\\/chat-2020-projekat-podrzan-u-okviru-erasmus-programa\\\/\"]}]},{\"@type\":\"ImageObject\",\"inLanguage\":\"en-GB\",\"@id\":\"https:\\\/\\\/www.klarairosa.com\\\/chat-2020-projekat-podrzan-u-okviru-erasmus-programa\\\/#primaryimage\",\"url\":\"https:\\\/\\\/www.klarairosa.com\\\/wp-content\\\/uploads\\\/2022\\\/01\\\/6.jpg\",\"contentUrl\":\"https:\\\/\\\/www.klarairosa.com\\\/wp-content\\\/uploads\\\/2022\\\/01\\\/6.jpg\",\"width\":2362,\"height\":1181},{\"@type\":\"BreadcrumbList\",\"@id\":\"https:\\\/\\\/www.klarairosa.com\\\/chat-2020-projekat-podrzan-u-okviru-erasmus-programa\\\/#breadcrumb\",\"itemListElement\":[{\"@type\":\"ListItem\",\"position\":1,\"name\":\"Home\",\"item\":\"https:\\\/\\\/www.klarairosa.com\\\/\"},{\"@type\":\"ListItem\",\"position\":2,\"name\":\"CHAT 2020 -Projekat odr\u017ean u okviru Erasmus programa\"}]},{\"@type\":\"WebSite\",\"@id\":\"https:\\\/\\\/www.klarairosa.com\\\/en\\\/#website\",\"url\":\"https:\\\/\\\/www.klarairosa.com\\\/en\\\/\",\"name\":\"Klara i Rosa\",\"description\":\"Klara i Rosa\",\"publisher\":{\"@id\":\"https:\\\/\\\/www.klarairosa.com\\\/en\\\/#organization\"},\"potentialAction\":[{\"@type\":\"SearchAction\",\"target\":{\"@type\":\"EntryPoint\",\"urlTemplate\":\"https:\\\/\\\/www.klarairosa.com\\\/en\\\/?s={search_term_string}\"},\"query-input\":{\"@type\":\"PropertyValueSpecification\",\"valueRequired\":true,\"valueName\":\"search_term_string\"}}],\"inLanguage\":\"en-GB\"},{\"@type\":\"Organization\",\"@id\":\"https:\\\/\\\/www.klarairosa.com\\\/en\\\/#organization\",\"name\":\"Klara i Rosa\",\"url\":\"https:\\\/\\\/www.klarairosa.com\\\/en\\\/\",\"logo\":{\"@type\":\"ImageObject\",\"inLanguage\":\"en-GB\",\"@id\":\"https:\\\/\\\/www.klarairosa.com\\\/en\\\/#\\\/schema\\\/logo\\\/image\\\/\",\"url\":\"https:\\\/\\\/www.klarairosa.com\\\/wp-content\\\/uploads\\\/2022\\\/01\\\/logo.svg\",\"contentUrl\":\"https:\\\/\\\/www.klarairosa.com\\\/wp-content\\\/uploads\\\/2022\\\/01\\\/logo.svg\",\"width\":110,\"height\":139,\"caption\":\"Klara i Rosa\"},\"image\":{\"@id\":\"https:\\\/\\\/www.klarairosa.com\\\/en\\\/#\\\/schema\\\/logo\\\/image\\\/\"},\"sameAs\":[\"https:\\\/\\\/www.facebook.com\\\/klarairosa\\\/\",\"https:\\\/\\\/www.instagram.com\\\/ugklarairosa\\\/\"]},{\"@type\":\"Person\",\"@id\":\"https:\\\/\\\/www.klarairosa.com\\\/en\\\/#\\\/schema\\\/person\\\/e4e7e9e5c8eeeddccf61e4532ae8e6ed\",\"name\":\"Klara i Rosa\",\"image\":{\"@type\":\"ImageObject\",\"inLanguage\":\"en-GB\",\"@id\":\"https:\\\/\\\/secure.gravatar.com\\\/avatar\\\/c83ee539a067b9f57ae5d8999ae286c4f98b5c4bd943b8cbb64f6b0fc1f29e40?s=96&d=mm&r=g\",\"url\":\"https:\\\/\\\/secure.gravatar.com\\\/avatar\\\/c83ee539a067b9f57ae5d8999ae286c4f98b5c4bd943b8cbb64f6b0fc1f29e40?s=96&d=mm&r=g\",\"contentUrl\":\"https:\\\/\\\/secure.gravatar.com\\\/avatar\\\/c83ee539a067b9f57ae5d8999ae286c4f98b5c4bd943b8cbb64f6b0fc1f29e40?s=96&d=mm&r=g\",\"caption\":\"Klara i Rosa\"},\"sameAs\":[\"https:\\\/\\\/klarairosa.com\"],\"url\":\"https:\\\/\\\/www.klarairosa.com\\\/en\\\/author\\\/rosaiklara\\\/\"}]}<\/script>\n<!-- \/ Yoast SEO plugin. -->","yoast_head_json":{"title":"CHAT 2020 -Projekat odr\u017ean u okviru Erasmus programa - Klara i Rosa","robots":{"index":"index","follow":"follow","max-snippet":"max-snippet:-1","max-image-preview":"max-image-preview:large","max-video-preview":"max-video-preview:-1"},"canonical":"https:\/\/www.klarairosa.com\/en\/chat-2020-projekat-podrzan-u-okviru-erasmus-programa\/","og_locale":"en_GB","og_type":"article","og_title":"CHAT 2020 -Projekat odr\u017ean u okviru Erasmus programa - Klara i Rosa","og_description":"Projekat Chat 2020 &#8211; Implementation Digital Storytelling Methods in Adult Education je podr\u017ean kroz Erasmus...","og_url":"https:\/\/www.klarairosa.com\/en\/chat-2020-projekat-podrzan-u-okviru-erasmus-programa\/","og_site_name":"Klara i Rosa","article_publisher":"https:\/\/www.facebook.com\/klarairosa\/","article_published_time":"2020-09-15T18:11:00+00:00","article_modified_time":"2022-04-02T15:03:45+00:00","og_image":[{"width":2362,"height":1181,"url":"https:\/\/www.klarairosa.com\/wp-content\/uploads\/2022\/01\/6.jpg","type":"image\/jpeg"}],"author":"Klara i Rosa","twitter_card":"summary_large_image","twitter_misc":{"Written by":"Klara i Rosa","Estimated reading time":"1 minute"},"schema":{"@context":"https:\/\/schema.org","@graph":[{"@type":"Article","@id":"https:\/\/www.klarairosa.com\/chat-2020-projekat-podrzan-u-okviru-erasmus-programa\/#article","isPartOf":{"@id":"https:\/\/www.klarairosa.com\/chat-2020-projekat-podrzan-u-okviru-erasmus-programa\/"},"author":{"name":"Klara i Rosa","@id":"https:\/\/www.klarairosa.com\/en\/#\/schema\/person\/e4e7e9e5c8eeeddccf61e4532ae8e6ed"},"headline":"CHAT 2020 -Projekat odr\u017ean u okviru Erasmus programa","datePublished":"2020-09-15T18:11:00+00:00","dateModified":"2022-04-02T15:03:45+00:00","mainEntityOfPage":{"@id":"https:\/\/www.klarairosa.com\/chat-2020-projekat-podrzan-u-okviru-erasmus-programa\/"},"wordCount":282,"commentCount":0,"publisher":{"@id":"https:\/\/www.klarairosa.com\/en\/#organization"},"image":{"@id":"https:\/\/www.klarairosa.com\/chat-2020-projekat-podrzan-u-okviru-erasmus-programa\/#primaryimage"},"thumbnailUrl":"https:\/\/www.klarairosa.com\/wp-content\/uploads\/2022\/01\/6.jpg","keywords":["Erasmus"],"articleSection":["Erasmus"],"inLanguage":"en-GB","potentialAction":[{"@type":"CommentAction","name":"Comment","target":["https:\/\/www.klarairosa.com\/chat-2020-projekat-podrzan-u-okviru-erasmus-programa\/#respond"]}]},{"@type":"WebPage","@id":"https:\/\/www.klarairosa.com\/chat-2020-projekat-podrzan-u-okviru-erasmus-programa\/","url":"https:\/\/www.klarairosa.com\/chat-2020-projekat-podrzan-u-okviru-erasmus-programa\/","name":"CHAT 2020 -Projekat odr\u017ean u okviru Erasmus programa - Klara i Rosa","isPartOf":{"@id":"https:\/\/www.klarairosa.com\/en\/#website"},"primaryImageOfPage":{"@id":"https:\/\/www.klarairosa.com\/chat-2020-projekat-podrzan-u-okviru-erasmus-programa\/#primaryimage"},"image":{"@id":"https:\/\/www.klarairosa.com\/chat-2020-projekat-podrzan-u-okviru-erasmus-programa\/#primaryimage"},"thumbnailUrl":"https:\/\/www.klarairosa.com\/wp-content\/uploads\/2022\/01\/6.jpg","datePublished":"2020-09-15T18:11:00+00:00","dateModified":"2022-04-02T15:03:45+00:00","breadcrumb":{"@id":"https:\/\/www.klarairosa.com\/chat-2020-projekat-podrzan-u-okviru-erasmus-programa\/#breadcrumb"},"inLanguage":"en-GB","potentialAction":[{"@type":"ReadAction","target":["https:\/\/www.klarairosa.com\/chat-2020-projekat-podrzan-u-okviru-erasmus-programa\/"]}]},{"@type":"ImageObject","inLanguage":"en-GB","@id":"https:\/\/www.klarairosa.com\/chat-2020-projekat-podrzan-u-okviru-erasmus-programa\/#primaryimage","url":"https:\/\/www.klarairosa.com\/wp-content\/uploads\/2022\/01\/6.jpg","contentUrl":"https:\/\/www.klarairosa.com\/wp-content\/uploads\/2022\/01\/6.jpg","width":2362,"height":1181},{"@type":"BreadcrumbList","@id":"https:\/\/www.klarairosa.com\/chat-2020-projekat-podrzan-u-okviru-erasmus-programa\/#breadcrumb","itemListElement":[{"@type":"ListItem","position":1,"name":"Home","item":"https:\/\/www.klarairosa.com\/"},{"@type":"ListItem","position":2,"name":"CHAT 2020 -Projekat odr\u017ean u okviru Erasmus programa"}]},{"@type":"WebSite","@id":"https:\/\/www.klarairosa.com\/en\/#website","url":"https:\/\/www.klarairosa.com\/en\/","name":"Klara i Rosa","description":"Klara i Rosa","publisher":{"@id":"https:\/\/www.klarairosa.com\/en\/#organization"},"potentialAction":[{"@type":"SearchAction","target":{"@type":"EntryPoint","urlTemplate":"https:\/\/www.klarairosa.com\/en\/?s={search_term_string}"},"query-input":{"@type":"PropertyValueSpecification","valueRequired":true,"valueName":"search_term_string"}}],"inLanguage":"en-GB"},{"@type":"Organization","@id":"https:\/\/www.klarairosa.com\/en\/#organization","name":"Klara i Rosa","url":"https:\/\/www.klarairosa.com\/en\/","logo":{"@type":"ImageObject","inLanguage":"en-GB","@id":"https:\/\/www.klarairosa.com\/en\/#\/schema\/logo\/image\/","url":"https:\/\/www.klarairosa.com\/wp-content\/uploads\/2022\/01\/logo.svg","contentUrl":"https:\/\/www.klarairosa.com\/wp-content\/uploads\/2022\/01\/logo.svg","width":110,"height":139,"caption":"Klara i Rosa"},"image":{"@id":"https:\/\/www.klarairosa.com\/en\/#\/schema\/logo\/image\/"},"sameAs":["https:\/\/www.facebook.com\/klarairosa\/","https:\/\/www.instagram.com\/ugklarairosa\/"]},{"@type":"Person","@id":"https:\/\/www.klarairosa.com\/en\/#\/schema\/person\/e4e7e9e5c8eeeddccf61e4532ae8e6ed","name":"Klara i Rosa","image":{"@type":"ImageObject","inLanguage":"en-GB","@id":"https:\/\/secure.gravatar.com\/avatar\/c83ee539a067b9f57ae5d8999ae286c4f98b5c4bd943b8cbb64f6b0fc1f29e40?s=96&d=mm&r=g","url":"https:\/\/secure.gravatar.com\/avatar\/c83ee539a067b9f57ae5d8999ae286c4f98b5c4bd943b8cbb64f6b0fc1f29e40?s=96&d=mm&r=g","contentUrl":"https:\/\/secure.gravatar.com\/avatar\/c83ee539a067b9f57ae5d8999ae286c4f98b5c4bd943b8cbb64f6b0fc1f29e40?s=96&d=mm&r=g","caption":"Klara i Rosa"},"sameAs":["https:\/\/klarairosa.com"],"url":"https:\/\/www.klarairosa.com\/en\/author\/rosaiklara\/"}]}},"_links":{"self":[{"href":"https:\/\/www.klarairosa.com\/en\/wp-json\/wp\/v2\/posts\/24","targetHints":{"allow":["GET"]}}],"collection":[{"href":"https:\/\/www.klarairosa.com\/en\/wp-json\/wp\/v2\/posts"}],"about":[{"href":"https:\/\/www.klarairosa.com\/en\/wp-json\/wp\/v2\/types\/post"}],"author":[{"embeddable":true,"href":"https:\/\/www.klarairosa.com\/en\/wp-json\/wp\/v2\/users\/1"}],"replies":[{"embeddable":true,"href":"https:\/\/www.klarairosa.com\/en\/wp-json\/wp\/v2\/comments?post=24"}],"version-history":[{"count":4,"href":"https:\/\/www.klarairosa.com\/en\/wp-json\/wp\/v2\/posts\/24\/revisions"}],"predecessor-version":[{"id":18036,"href":"https:\/\/www.klarairosa.com\/en\/wp-json\/wp\/v2\/posts\/24\/revisions\/18036"}],"wp:featuredmedia":[{"embeddable":true,"href":"https:\/\/www.klarairosa.com\/en\/wp-json\/wp\/v2\/media\/25"}],"wp:attachment":[{"href":"https:\/\/www.klarairosa.com\/en\/wp-json\/wp\/v2\/media?parent=24"}],"wp:term":[{"taxonomy":"category","embeddable":true,"href":"https:\/\/www.klarairosa.com\/en\/wp-json\/wp\/v2\/categories?post=24"},{"taxonomy":"post_tag","embeddable":true,"href":"https:\/\/www.klarairosa.com\/en\/wp-json\/wp\/v2\/tags?post=24"}],"curies":[{"name":"wp","href":"https:\/\/api.w.org\/{rel}","templated":true}]}}