{"id":23800,"date":"2025-11-10T09:56:35","date_gmt":"2025-11-10T09:56:35","guid":{"rendered":"https:\/\/www.klarairosa.com\/?p=23800"},"modified":"2025-11-20T11:01:32","modified_gmt":"2025-11-20T11:01:32","slug":"projekcija-dokumentarnog-filma-andrej","status":"publish","type":"post","link":"https:\/\/www.klarairosa.com\/en\/projekcija-dokumentarnog-filma-andrej\/","title":{"rendered":"Screening of the Documentary Film \u201cAndrej\u201d"},"content":{"rendered":"<p style=\"text-align: justify;\"><strong>U petak, 14. novembra od 19 \u010dasova<\/strong>, u <strong>prostoru Klare i Rose<\/strong> ima\u0107emo priliku da premijerno gledamo dokumentarni film &#8222;<strong>Andrej<\/strong>&#8220; autora Nemanje Marinovi\u0107, u re\u017eiji Sare Sari\u0107 Citero. Nakon projekcije ima\u0107emo priliku da razgovaramo sa autorima. Ulaz je slobodan.<\/p>\n<p style=\"text-align: justify;\">.<\/p>\n<p style=\"text-align: justify;\"><strong>Sinopsis<\/strong>:<\/p>\n<p style=\"text-align: justify;\">.<br \/>\n14. februara 2024. godine policija je upala u stan dve mlade LGBTIQ+ osobe. Nasilje koje opisuju predstavlja najstra\u0161niji slu\u010daj homofobi\u010dnog policijskog nasilja koje srpsko dru\u0161tvo pamti. Usledilo je godinu dana borbe za istinu koja kulminira trenutkom u kom prebroditelj, Andrej, zapo\u010dinje \u0161trajk gla\u0111u ispred Narodne skup\u0161tine. Ipak, Tu\u017eila\u0161tvo odbacuje sve optu\u017ebe zbog nedostatka materijalnih dokaza. \u0160est meseci nakon \u0161to je, pod pritiscima i pretnjama zato \u0161to je sa svojom istinom iza\u0161ao u javnost, bio primoran da napusti Srbiju, jedan novi slu\u010daj policijskog nasilja Andreju vra\u0107a se\u0107anja na sopstvenu traumu. Dok poku\u0161ava da zapo\u010dne novi \u017eivot i svoju borbu kanali\u0161e na drugi na\u010din, u filmu prvi put dolazi do dokumenata koji mu otkrivaju za\u0161to pravdu nikada nije do\u010dekao &#8211; i za\u0161to njegova istina nikada nije dokazana.<\/p>\n<p>.<\/p>\n<p>Godina produkcije: 2025<br \/>\nJezik: srpski<br \/>\nTrajanje: 58 minuta<\/p>\n<p>.<\/p>\n<div  id=\"jtg-23864\" class=\"modula modula-gallery modula-columns\" data-config=\"{&quot;tabletHeight&quot;:800,&quot;mobileHeight&quot;:800,&quot;desktopHeight&quot;:800,&quot;enableTwitter&quot;:false,&quot;enableWhatsapp&quot;:false,&quot;enableFacebook&quot;:false,&quot;enablePinterest&quot;:false,&quot;enableLinkedin&quot;:false,&quot;enableEmail&quot;:false,&quot;randomFactor&quot;:0.5,&quot;type&quot;:&quot;grid&quot;,&quot;columns&quot;:12,&quot;gutter&quot;:10,&quot;mobileGutter&quot;:10,&quot;tabletGutter&quot;:10,&quot;desktopGutter&quot;:10,&quot;enableResponsive&quot;:true,&quot;tabletColumns&quot;:2,&quot;mobileColumns&quot;:1,&quot;lazyLoad&quot;:0,&quot;lightboxOpts&quot;:{&quot;animated&quot;:true,&quot;Thumbs&quot;:{&quot;type&quot;:&quot;modern&quot;,&quot;showOnStart&quot;:false},&quot;Toolbar&quot;:{&quot;display&quot;:{&quot;right&quot;:[&quot;close&quot;]},&quot;enabled&quot;:true},&quot;Carousel&quot;:{&quot;Panzoom&quot;:{&quot;touch&quot;:true},&quot;infinite&quot;:false},&quot;keyboard&quot;:{&quot;Escape&quot;:&quot;close&quot;,&quot;Delete&quot;:&quot;close&quot;,&quot;Backspace&quot;:&quot;close&quot;,&quot;PageUp&quot;:false,&quot;PageDown&quot;:false,&quot;ArrowUp&quot;:false,&quot;ArrowDown&quot;:false,&quot;ArrowRight&quot;:false,&quot;ArrowLeft&quot;:false},&quot;touch&quot;:false,&quot;backdropClick&quot;:false,&quot;l10n&quot;:{&quot;CLOSE&quot;:&quot;Close&quot;,&quot;NEXT&quot;:&quot;Next&quot;,&quot;PREV&quot;:&quot;Previous&quot;,&quot;Error&quot;:&quot;The requested content cannot be loaded. Please try again later.&quot;,&quot;PLAY_START&quot;:&quot;Start slideshow&quot;,&quot;PLAY_STOP&quot;:&quot;Pause slideshow&quot;,&quot;FULL_SCREEN&quot;:&quot;Full screen&quot;,&quot;THUMBS&quot;:&quot;Thumbnails&quot;,&quot;DOWNLOAD&quot;:&quot;Download&quot;,&quot;SHARE&quot;:&quot;Share&quot;,&quot;ZOOM&quot;:&quot;Zoom&quot;,&quot;EMAIL&quot;:&quot;Here is the link to the image : %%image_link%% and this is the link to the gallery : %%gallery_link%%&quot;,&quot;MODAL&quot;:&quot;You can close this modal content with the ESC key&quot;,&quot;ERROR&quot;:&quot;Something Went Wrong, Please Try Again Later&quot;,&quot;IMAGE_ERROR&quot;:&quot;Image Not Found&quot;,&quot;ELEMENT_NOT_FOUND&quot;:&quot;HTML Element Not Found&quot;,&quot;AJAX_NOT_FOUND&quot;:&quot;Error Loading AJAX : Not Found&quot;,&quot;AJAX_FORBIDDEN&quot;:&quot;Error Loading AJAX : Forbidden&quot;,&quot;IFRAME_ERROR&quot;:&quot;Error Loading Page&quot;,&quot;TOGGLE_ZOOM&quot;:&quot;Toggle zoom level&quot;,&quot;TOGGLE_THUMBS&quot;:&quot;Toggle thumbnails&quot;,&quot;TOGGLE_SLIDESHOW&quot;:&quot;Toggle slideshow&quot;,&quot;TOGGLE_FULLSCREEN&quot;:&quot;Toggle full-screen mode&quot;},&quot;Images&quot;:{&quot;Panzoom&quot;:{&quot;maxScale&quot;:2}},&quot;mainClass&quot;:&quot;modula-fancybox-container modula-lightbox-jtg-23864&quot;,&quot;Html&quot;:{&quot;videoAutoplay&quot;:0,&quot;videoTpl&quot;:&quot;&lt;video class=\\&quot;fancybox__html5video\\&quot; controls muted playsinline controlsList controlsList=\\&quot;nodownload\\&quot; poster=\\&quot;{{poster}}\\&quot; src=\\&quot;{{src}}\\&quot; type=\\&quot;{{format}}\\&quot; &gt;  Sorry, your browser doesn&#039;t support embedded videos, &lt;a href=\\&quot;{{src}}\\&quot;&gt; download &lt;\\\/a&gt; and watch with your favorite video player! &lt;\\\/video&gt;&quot;}},&quot;inView&quot;:false,&quot;email_subject&quot;:&quot;Check out this awesome image !!&quot;,&quot;email_message&quot;:&quot;Here is the link to the image : %%image_link%% and this is the link to the gallery : %%gallery_link%%&quot;,&quot;grid_type&quot;:&quot;automatic&quot;,&quot;rowHeight&quot;:250,&quot;lastRow&quot;:&quot;justify&quot;,&quot;lightbox&quot;:&quot;fancybox&quot;}\">\n\n\t\n\t<div  class=\"modula-items grid-gallery\">\n\t\t<div class=\"modula-item effect-pufrobo\" >\n\t<div class=\"modula-item-overlay\"><\/div>\n\n\t<div class=\"modula-item-content\">\n\n\t\t<a data-image-id=\"23865\" role=\"button\" data-elementor-open-lightbox=\"no\" tabindex=\"0\" rel=\"jtg-23864\" data-caption=\"\" aria-label=\"Open image in lightbox\" class=\"tile-inner modula-item-link\"><\/a><img fetchpriority=\"high\" decoding=\"async\" class=\"pic wp-image-23865\"  data-valign=\"middle\" data-halign=\"center\" alt=\"\" data-full=\"https:\/\/www.klarairosa.com\/wp-content\/uploads\/2025\/11\/smanjeno_36.jpg\" title=\"smanjeno_36\" crop=\"\" width=\"300\" height=\"225\" src=\"https:\/\/www.klarairosa.com\/wp-content\/uploads\/2025\/11\/smanjeno_36-300x225.jpg\" data-src=\"https:\/\/www.klarairosa.com\/wp-content\/uploads\/2025\/11\/smanjeno_36-300x225.jpg\" data-caption=\"\" srcset=\"https:\/\/www.klarairosa.com\/wp-content\/uploads\/2025\/11\/smanjeno_36.jpg 1024w, https:\/\/www.klarairosa.com\/wp-content\/uploads\/2025\/11\/smanjeno_36-300x225.jpg 300w, https:\/\/www.klarairosa.com\/wp-content\/uploads\/2025\/11\/smanjeno_36-768x576.jpg 768w, https:\/\/www.klarairosa.com\/wp-content\/uploads\/2025\/11\/smanjeno_36-16x12.jpg 16w, https:\/\/www.klarairosa.com\/wp-content\/uploads\/2025\/11\/smanjeno_36-800x600.jpg 800w, https:\/\/www.klarairosa.com\/wp-content\/uploads\/2025\/11\/smanjeno_36-700x525.jpg 700w\" sizes=\"(max-width: 300px) 100vw, 300px\" \/>\n\t\t<div class=\"figc no-description\">\n\t\t\t<div class=\"figc-inner\">\n\t\t\t\t\t\t\t\t\t\t\t\t\t\t\t<\/div>\n\t\t<\/div>\n\n\t<\/div>\n\n<\/div><div class=\"modula-item effect-pufrobo\" >\n\t<div class=\"modula-item-overlay\"><\/div>\n\n\t<div class=\"modula-item-content\">\n\n\t\t<a data-image-id=\"23866\" role=\"button\" data-elementor-open-lightbox=\"no\" tabindex=\"0\" rel=\"jtg-23864\" data-caption=\"\" aria-label=\"Open image in lightbox\" class=\"tile-inner modula-item-link\"><\/a><img decoding=\"async\" class=\"pic wp-image-23866\"  data-valign=\"middle\" data-halign=\"center\" alt=\"\" data-full=\"https:\/\/www.klarairosa.com\/wp-content\/uploads\/2025\/11\/smanjeno_37.jpg\" title=\"smanjeno_37\" crop=\"\" width=\"300\" height=\"225\" src=\"https:\/\/www.klarairosa.com\/wp-content\/uploads\/2025\/11\/smanjeno_37-300x225.jpg\" data-src=\"https:\/\/www.klarairosa.com\/wp-content\/uploads\/2025\/11\/smanjeno_37-300x225.jpg\" data-caption=\"\" srcset=\"https:\/\/www.klarairosa.com\/wp-content\/uploads\/2025\/11\/smanjeno_37.jpg 1024w, https:\/\/www.klarairosa.com\/wp-content\/uploads\/2025\/11\/smanjeno_37-300x225.jpg 300w, https:\/\/www.klarairosa.com\/wp-content\/uploads\/2025\/11\/smanjeno_37-768x576.jpg 768w, https:\/\/www.klarairosa.com\/wp-content\/uploads\/2025\/11\/smanjeno_37-16x12.jpg 16w, https:\/\/www.klarairosa.com\/wp-content\/uploads\/2025\/11\/smanjeno_37-800x600.jpg 800w, https:\/\/www.klarairosa.com\/wp-content\/uploads\/2025\/11\/smanjeno_37-700x525.jpg 700w\" sizes=\"(max-width: 300px) 100vw, 300px\" \/>\n\t\t<div class=\"figc no-description\">\n\t\t\t<div class=\"figc-inner\">\n\t\t\t\t\t\t\t\t\t\t\t\t\t\t\t<\/div>\n\t\t<\/div>\n\n\t<\/div>\n\n<\/div><div class=\"modula-item effect-pufrobo\" >\n\t<div class=\"modula-item-overlay\"><\/div>\n\n\t<div class=\"modula-item-content\">\n\n\t\t<a data-image-id=\"23867\" role=\"button\" data-elementor-open-lightbox=\"no\" tabindex=\"0\" rel=\"jtg-23864\" data-caption=\"\" aria-label=\"Open image in lightbox\" class=\"tile-inner modula-item-link\"><\/a><img decoding=\"async\" class=\"pic wp-image-23867\"  data-valign=\"middle\" data-halign=\"center\" alt=\"\" data-full=\"https:\/\/www.klarairosa.com\/wp-content\/uploads\/2025\/11\/smanjeno_38.jpg\" title=\"smanjeno_38\" crop=\"\" width=\"300\" height=\"225\" src=\"https:\/\/www.klarairosa.com\/wp-content\/uploads\/2025\/11\/smanjeno_38-300x225.jpg\" data-src=\"https:\/\/www.klarairosa.com\/wp-content\/uploads\/2025\/11\/smanjeno_38-300x225.jpg\" data-caption=\"\" srcset=\"https:\/\/www.klarairosa.com\/wp-content\/uploads\/2025\/11\/smanjeno_38.jpg 1024w, https:\/\/www.klarairosa.com\/wp-content\/uploads\/2025\/11\/smanjeno_38-300x225.jpg 300w, https:\/\/www.klarairosa.com\/wp-content\/uploads\/2025\/11\/smanjeno_38-768x576.jpg 768w, https:\/\/www.klarairosa.com\/wp-content\/uploads\/2025\/11\/smanjeno_38-16x12.jpg 16w, https:\/\/www.klarairosa.com\/wp-content\/uploads\/2025\/11\/smanjeno_38-800x600.jpg 800w, https:\/\/www.klarairosa.com\/wp-content\/uploads\/2025\/11\/smanjeno_38-700x525.jpg 700w\" sizes=\"(max-width: 300px) 100vw, 300px\" \/>\n\t\t<div class=\"figc no-description\">\n\t\t\t<div class=\"figc-inner\">\n\t\t\t\t\t\t\t\t\t\t\t\t\t\t\t<\/div>\n\t\t<\/div>\n\n\t<\/div>\n\n<\/div><div class=\"modula-item effect-pufrobo\" >\n\t<div class=\"modula-item-overlay\"><\/div>\n\n\t<div class=\"modula-item-content\">\n\n\t\t<a data-image-id=\"23868\" role=\"button\" data-elementor-open-lightbox=\"no\" tabindex=\"0\" rel=\"jtg-23864\" data-caption=\"\" aria-label=\"Open image in lightbox\" class=\"tile-inner modula-item-link\"><\/a><img loading=\"lazy\" decoding=\"async\" class=\"pic wp-image-23868\"  data-valign=\"middle\" data-halign=\"center\" alt=\"\" data-full=\"https:\/\/www.klarairosa.com\/wp-content\/uploads\/2025\/11\/smanjeno_28.jpg\" title=\"smanjeno_28\" crop=\"\" width=\"300\" height=\"225\" src=\"https:\/\/www.klarairosa.com\/wp-content\/uploads\/2025\/11\/smanjeno_28-300x225.jpg\" data-src=\"https:\/\/www.klarairosa.com\/wp-content\/uploads\/2025\/11\/smanjeno_28-300x225.jpg\" data-caption=\"\" srcset=\"https:\/\/www.klarairosa.com\/wp-content\/uploads\/2025\/11\/smanjeno_28.jpg 1024w, https:\/\/www.klarairosa.com\/wp-content\/uploads\/2025\/11\/smanjeno_28-300x225.jpg 300w, https:\/\/www.klarairosa.com\/wp-content\/uploads\/2025\/11\/smanjeno_28-768x576.jpg 768w, https:\/\/www.klarairosa.com\/wp-content\/uploads\/2025\/11\/smanjeno_28-16x12.jpg 16w, https:\/\/www.klarairosa.com\/wp-content\/uploads\/2025\/11\/smanjeno_28-800x600.jpg 800w, https:\/\/www.klarairosa.com\/wp-content\/uploads\/2025\/11\/smanjeno_28-700x525.jpg 700w\" sizes=\"(max-width: 300px) 100vw, 300px\" \/>\n\t\t<div class=\"figc no-description\">\n\t\t\t<div class=\"figc-inner\">\n\t\t\t\t\t\t\t\t\t\t\t\t\t\t\t<\/div>\n\t\t<\/div>\n\n\t<\/div>\n\n<\/div><div class=\"modula-item effect-pufrobo\" >\n\t<div class=\"modula-item-overlay\"><\/div>\n\n\t<div class=\"modula-item-content\">\n\n\t\t<a data-image-id=\"23869\" role=\"button\" data-elementor-open-lightbox=\"no\" tabindex=\"0\" rel=\"jtg-23864\" data-caption=\"\" aria-label=\"Open image in lightbox\" class=\"tile-inner modula-item-link\"><\/a><img loading=\"lazy\" decoding=\"async\" class=\"pic wp-image-23869\"  data-valign=\"middle\" data-halign=\"center\" alt=\"\" data-full=\"https:\/\/www.klarairosa.com\/wp-content\/uploads\/2025\/11\/smanjeno_29.jpg\" title=\"smanjeno_29\" crop=\"\" width=\"300\" height=\"225\" src=\"https:\/\/www.klarairosa.com\/wp-content\/uploads\/2025\/11\/smanjeno_29-300x225.jpg\" data-src=\"https:\/\/www.klarairosa.com\/wp-content\/uploads\/2025\/11\/smanjeno_29-300x225.jpg\" data-caption=\"\" srcset=\"https:\/\/www.klarairosa.com\/wp-content\/uploads\/2025\/11\/smanjeno_29.jpg 1024w, https:\/\/www.klarairosa.com\/wp-content\/uploads\/2025\/11\/smanjeno_29-300x225.jpg 300w, https:\/\/www.klarairosa.com\/wp-content\/uploads\/2025\/11\/smanjeno_29-768x576.jpg 768w, https:\/\/www.klarairosa.com\/wp-content\/uploads\/2025\/11\/smanjeno_29-16x12.jpg 16w, https:\/\/www.klarairosa.com\/wp-content\/uploads\/2025\/11\/smanjeno_29-800x600.jpg 800w, https:\/\/www.klarairosa.com\/wp-content\/uploads\/2025\/11\/smanjeno_29-700x525.jpg 700w\" sizes=\"(max-width: 300px) 100vw, 300px\" \/>\n\t\t<div class=\"figc no-description\">\n\t\t\t<div class=\"figc-inner\">\n\t\t\t\t\t\t\t\t\t\t\t\t\t\t\t<\/div>\n\t\t<\/div>\n\n\t<\/div>\n\n<\/div><div class=\"modula-item effect-pufrobo\" >\n\t<div class=\"modula-item-overlay\"><\/div>\n\n\t<div class=\"modula-item-content\">\n\n\t\t<a data-image-id=\"23870\" role=\"button\" data-elementor-open-lightbox=\"no\" tabindex=\"0\" rel=\"jtg-23864\" data-caption=\"\" aria-label=\"Open image in lightbox\" class=\"tile-inner modula-item-link\"><\/a><img loading=\"lazy\" decoding=\"async\" class=\"pic wp-image-23870\"  data-valign=\"middle\" data-halign=\"center\" alt=\"\" data-full=\"https:\/\/www.klarairosa.com\/wp-content\/uploads\/2025\/11\/smanjeno_30.jpg\" title=\"smanjeno_30\" crop=\"\" width=\"300\" height=\"225\" src=\"https:\/\/www.klarairosa.com\/wp-content\/uploads\/2025\/11\/smanjeno_30-300x225.jpg\" data-src=\"https:\/\/www.klarairosa.com\/wp-content\/uploads\/2025\/11\/smanjeno_30-300x225.jpg\" data-caption=\"\" srcset=\"https:\/\/www.klarairosa.com\/wp-content\/uploads\/2025\/11\/smanjeno_30.jpg 1024w, https:\/\/www.klarairosa.com\/wp-content\/uploads\/2025\/11\/smanjeno_30-300x225.jpg 300w, https:\/\/www.klarairosa.com\/wp-content\/uploads\/2025\/11\/smanjeno_30-768x576.jpg 768w, https:\/\/www.klarairosa.com\/wp-content\/uploads\/2025\/11\/smanjeno_30-16x12.jpg 16w, https:\/\/www.klarairosa.com\/wp-content\/uploads\/2025\/11\/smanjeno_30-800x600.jpg 800w, https:\/\/www.klarairosa.com\/wp-content\/uploads\/2025\/11\/smanjeno_30-700x525.jpg 700w\" sizes=\"(max-width: 300px) 100vw, 300px\" \/>\n\t\t<div class=\"figc no-description\">\n\t\t\t<div class=\"figc-inner\">\n\t\t\t\t\t\t\t\t\t\t\t\t\t\t\t<\/div>\n\t\t<\/div>\n\n\t<\/div>\n\n<\/div><div class=\"modula-item effect-pufrobo\" >\n\t<div class=\"modula-item-overlay\"><\/div>\n\n\t<div class=\"modula-item-content\">\n\n\t\t<a data-image-id=\"23871\" role=\"button\" data-elementor-open-lightbox=\"no\" tabindex=\"0\" rel=\"jtg-23864\" data-caption=\"\" aria-label=\"Open image in lightbox\" class=\"tile-inner modula-item-link\"><\/a><img loading=\"lazy\" decoding=\"async\" class=\"pic wp-image-23871\"  data-valign=\"middle\" data-halign=\"center\" alt=\"\" data-full=\"https:\/\/www.klarairosa.com\/wp-content\/uploads\/2025\/11\/smanjeno_31.jpg\" title=\"smanjeno_31\" crop=\"\" width=\"300\" height=\"225\" src=\"https:\/\/www.klarairosa.com\/wp-content\/uploads\/2025\/11\/smanjeno_31-300x225.jpg\" data-src=\"https:\/\/www.klarairosa.com\/wp-content\/uploads\/2025\/11\/smanjeno_31-300x225.jpg\" data-caption=\"\" srcset=\"https:\/\/www.klarairosa.com\/wp-content\/uploads\/2025\/11\/smanjeno_31.jpg 1024w, https:\/\/www.klarairosa.com\/wp-content\/uploads\/2025\/11\/smanjeno_31-300x225.jpg 300w, https:\/\/www.klarairosa.com\/wp-content\/uploads\/2025\/11\/smanjeno_31-768x576.jpg 768w, https:\/\/www.klarairosa.com\/wp-content\/uploads\/2025\/11\/smanjeno_31-16x12.jpg 16w, https:\/\/www.klarairosa.com\/wp-content\/uploads\/2025\/11\/smanjeno_31-800x600.jpg 800w, https:\/\/www.klarairosa.com\/wp-content\/uploads\/2025\/11\/smanjeno_31-700x525.jpg 700w\" sizes=\"(max-width: 300px) 100vw, 300px\" \/>\n\t\t<div class=\"figc no-description\">\n\t\t\t<div class=\"figc-inner\">\n\t\t\t\t\t\t\t\t\t\t\t\t\t\t\t<\/div>\n\t\t<\/div>\n\n\t<\/div>\n\n<\/div>\t\t\n\t<\/div>\n\n\t\n\t\n\t<script type=\"application\/ld+json\">\n\t{\n\t\t\"@context\": \"http:\/\/schema.org\",\n\t\t\"@type\"   : \"ImageGallery\",\n\t\t\"id\"      : \"https:\/\/www.klarairosa.com\/en\/projekcija-dokumentarnog-filma-andrej\/\",\n\t\t\"url\"     : \"https:\/\/www.klarairosa.com\/en\/projekcija-dokumentarnog-filma-andrej\/\"\n\t}\n\n\t<\/script>\n\n\t\n<\/div>\n\n","protected":false},"excerpt":{"rendered":"<p>U petak, 14. novembra od 19 \u010dasova, u prostoru Klare i Rose ima\u0107emo priliku da&#8230;<\/p>","protected":false},"author":1,"featured_media":23801,"comment_status":"closed","ping_status":"closed","sticky":false,"template":"","format":"standard","meta":{"content-type":"","inline_featured_image":false,"footnotes":""},"categories":[109],"tags":[799,167,124,801,800,802,566,152],"class_list":["post-23800","post","type-post","status-publish","format-standard","has-post-thumbnail","hentry","category-aktuelno","tag-andrej","tag-dokumentarni-film","tag-klara-i-rosa","tag-nemanja-marinovic","tag-policijska-brutalnost","tag-sara-saric-citero","tag-srbija","tag-subotica"],"yoast_head":"<!-- This site is optimized with the Yoast SEO plugin v27.5 - https:\/\/yoast.com\/product\/yoast-seo-wordpress\/ -->\n<title>Projekcija dokumentarnog filma &quot;Andrej&quot; - Klara i Rosa<\/title>\n<meta name=\"robots\" content=\"index, follow, max-snippet:-1, max-image-preview:large, max-video-preview:-1\" \/>\n<link rel=\"canonical\" href=\"https:\/\/www.klarairosa.com\/en\/projekcija-dokumentarnog-filma-andrej\/\" \/>\n<meta property=\"og:locale\" content=\"en_GB\" \/>\n<meta property=\"og:type\" content=\"article\" \/>\n<meta property=\"og:title\" content=\"Projekcija dokumentarnog filma &quot;Andrej&quot; - Klara i Rosa\" \/>\n<meta property=\"og:description\" content=\"U petak, 14. novembra od 19 \u010dasova, u prostoru Klare i Rose ima\u0107emo priliku da...\" \/>\n<meta property=\"og:url\" content=\"https:\/\/www.klarairosa.com\/en\/projekcija-dokumentarnog-filma-andrej\/\" \/>\n<meta property=\"og:site_name\" content=\"Klara i Rosa\" \/>\n<meta property=\"article:publisher\" content=\"https:\/\/www.facebook.com\/klarairosa\/\" \/>\n<meta property=\"article:published_time\" content=\"2025-11-10T09:56:35+00:00\" \/>\n<meta property=\"article:modified_time\" content=\"2025-11-20T11:01:32+00:00\" \/>\n<meta property=\"og:image\" content=\"https:\/\/www.klarairosa.com\/wp-content\/uploads\/2025\/11\/andrej.jpg\" \/>\n\t<meta property=\"og:image:width\" content=\"1352\" \/>\n\t<meta property=\"og:image:height\" content=\"1005\" \/>\n\t<meta property=\"og:image:type\" content=\"image\/jpeg\" \/>\n<meta name=\"author\" content=\"Klara i Rosa\" \/>\n<meta name=\"twitter:card\" content=\"summary_large_image\" \/>\n<meta name=\"twitter:label1\" content=\"Written by\" \/>\n\t<meta name=\"twitter:data1\" content=\"Klara i Rosa\" \/>\n\t<meta name=\"twitter:label2\" content=\"Estimated reading time\" \/>\n\t<meta name=\"twitter:data2\" content=\"1 minute\" \/>\n<script type=\"application\/ld+json\" class=\"yoast-schema-graph\">{\"@context\":\"https:\\\/\\\/schema.org\",\"@graph\":[{\"@type\":\"Article\",\"@id\":\"https:\\\/\\\/www.klarairosa.com\\\/projekcija-dokumentarnog-filma-andrej\\\/#article\",\"isPartOf\":{\"@id\":\"https:\\\/\\\/www.klarairosa.com\\\/projekcija-dokumentarnog-filma-andrej\\\/\"},\"author\":{\"name\":\"Klara i Rosa\",\"@id\":\"https:\\\/\\\/www.klarairosa.com\\\/en\\\/#\\\/schema\\\/person\\\/e4e7e9e5c8eeeddccf61e4532ae8e6ed\"},\"headline\":\"Projekcija dokumentarnog filma &#8222;Andrej&#8220;\",\"datePublished\":\"2025-11-10T09:56:35+00:00\",\"dateModified\":\"2025-11-20T11:01:32+00:00\",\"mainEntityOfPage\":{\"@id\":\"https:\\\/\\\/www.klarairosa.com\\\/projekcija-dokumentarnog-filma-andrej\\\/\"},\"wordCount\":197,\"publisher\":{\"@id\":\"https:\\\/\\\/www.klarairosa.com\\\/en\\\/#organization\"},\"image\":{\"@id\":\"https:\\\/\\\/www.klarairosa.com\\\/projekcija-dokumentarnog-filma-andrej\\\/#primaryimage\"},\"thumbnailUrl\":\"https:\\\/\\\/www.klarairosa.com\\\/wp-content\\\/uploads\\\/2025\\\/11\\\/andrej.jpg\",\"keywords\":[\"andrej\",\"dokumentarni film\",\"Klara i Rosa\",\"nemanja marinovic\",\"policijska brutalnost\",\"sara saric citero\",\"srbija\",\"subotica\"],\"articleSection\":[\"Aktuelno\"],\"inLanguage\":\"en-GB\"},{\"@type\":\"WebPage\",\"@id\":\"https:\\\/\\\/www.klarairosa.com\\\/projekcija-dokumentarnog-filma-andrej\\\/\",\"url\":\"https:\\\/\\\/www.klarairosa.com\\\/projekcija-dokumentarnog-filma-andrej\\\/\",\"name\":\"Projekcija dokumentarnog filma \\\"Andrej\\\" - Klara i Rosa\",\"isPartOf\":{\"@id\":\"https:\\\/\\\/www.klarairosa.com\\\/en\\\/#website\"},\"primaryImageOfPage\":{\"@id\":\"https:\\\/\\\/www.klarairosa.com\\\/projekcija-dokumentarnog-filma-andrej\\\/#primaryimage\"},\"image\":{\"@id\":\"https:\\\/\\\/www.klarairosa.com\\\/projekcija-dokumentarnog-filma-andrej\\\/#primaryimage\"},\"thumbnailUrl\":\"https:\\\/\\\/www.klarairosa.com\\\/wp-content\\\/uploads\\\/2025\\\/11\\\/andrej.jpg\",\"datePublished\":\"2025-11-10T09:56:35+00:00\",\"dateModified\":\"2025-11-20T11:01:32+00:00\",\"breadcrumb\":{\"@id\":\"https:\\\/\\\/www.klarairosa.com\\\/projekcija-dokumentarnog-filma-andrej\\\/#breadcrumb\"},\"inLanguage\":\"en-GB\",\"potentialAction\":[{\"@type\":\"ReadAction\",\"target\":[\"https:\\\/\\\/www.klarairosa.com\\\/projekcija-dokumentarnog-filma-andrej\\\/\"]}]},{\"@type\":\"ImageObject\",\"inLanguage\":\"en-GB\",\"@id\":\"https:\\\/\\\/www.klarairosa.com\\\/projekcija-dokumentarnog-filma-andrej\\\/#primaryimage\",\"url\":\"https:\\\/\\\/www.klarairosa.com\\\/wp-content\\\/uploads\\\/2025\\\/11\\\/andrej.jpg\",\"contentUrl\":\"https:\\\/\\\/www.klarairosa.com\\\/wp-content\\\/uploads\\\/2025\\\/11\\\/andrej.jpg\",\"width\":1352,\"height\":1005},{\"@type\":\"BreadcrumbList\",\"@id\":\"https:\\\/\\\/www.klarairosa.com\\\/projekcija-dokumentarnog-filma-andrej\\\/#breadcrumb\",\"itemListElement\":[{\"@type\":\"ListItem\",\"position\":1,\"name\":\"Home\",\"item\":\"https:\\\/\\\/www.klarairosa.com\\\/\"},{\"@type\":\"ListItem\",\"position\":2,\"name\":\"Projekcija dokumentarnog filma &#8220;Andrej&#8221;\"}]},{\"@type\":\"WebSite\",\"@id\":\"https:\\\/\\\/www.klarairosa.com\\\/en\\\/#website\",\"url\":\"https:\\\/\\\/www.klarairosa.com\\\/en\\\/\",\"name\":\"Klara i Rosa\",\"description\":\"Klara i Rosa\",\"publisher\":{\"@id\":\"https:\\\/\\\/www.klarairosa.com\\\/en\\\/#organization\"},\"potentialAction\":[{\"@type\":\"SearchAction\",\"target\":{\"@type\":\"EntryPoint\",\"urlTemplate\":\"https:\\\/\\\/www.klarairosa.com\\\/en\\\/?s={search_term_string}\"},\"query-input\":{\"@type\":\"PropertyValueSpecification\",\"valueRequired\":true,\"valueName\":\"search_term_string\"}}],\"inLanguage\":\"en-GB\"},{\"@type\":\"Organization\",\"@id\":\"https:\\\/\\\/www.klarairosa.com\\\/en\\\/#organization\",\"name\":\"Klara i Rosa\",\"url\":\"https:\\\/\\\/www.klarairosa.com\\\/en\\\/\",\"logo\":{\"@type\":\"ImageObject\",\"inLanguage\":\"en-GB\",\"@id\":\"https:\\\/\\\/www.klarairosa.com\\\/en\\\/#\\\/schema\\\/logo\\\/image\\\/\",\"url\":\"https:\\\/\\\/www.klarairosa.com\\\/wp-content\\\/uploads\\\/2022\\\/01\\\/logo.svg\",\"contentUrl\":\"https:\\\/\\\/www.klarairosa.com\\\/wp-content\\\/uploads\\\/2022\\\/01\\\/logo.svg\",\"width\":110,\"height\":139,\"caption\":\"Klara i Rosa\"},\"image\":{\"@id\":\"https:\\\/\\\/www.klarairosa.com\\\/en\\\/#\\\/schema\\\/logo\\\/image\\\/\"},\"sameAs\":[\"https:\\\/\\\/www.facebook.com\\\/klarairosa\\\/\",\"https:\\\/\\\/www.instagram.com\\\/ugklarairosa\\\/\"]},{\"@type\":\"Person\",\"@id\":\"https:\\\/\\\/www.klarairosa.com\\\/en\\\/#\\\/schema\\\/person\\\/e4e7e9e5c8eeeddccf61e4532ae8e6ed\",\"name\":\"Klara i Rosa\",\"image\":{\"@type\":\"ImageObject\",\"inLanguage\":\"en-GB\",\"@id\":\"https:\\\/\\\/secure.gravatar.com\\\/avatar\\\/c83ee539a067b9f57ae5d8999ae286c4f98b5c4bd943b8cbb64f6b0fc1f29e40?s=96&d=mm&r=g\",\"url\":\"https:\\\/\\\/secure.gravatar.com\\\/avatar\\\/c83ee539a067b9f57ae5d8999ae286c4f98b5c4bd943b8cbb64f6b0fc1f29e40?s=96&d=mm&r=g\",\"contentUrl\":\"https:\\\/\\\/secure.gravatar.com\\\/avatar\\\/c83ee539a067b9f57ae5d8999ae286c4f98b5c4bd943b8cbb64f6b0fc1f29e40?s=96&d=mm&r=g\",\"caption\":\"Klara i Rosa\"},\"sameAs\":[\"https:\\\/\\\/klarairosa.com\"],\"url\":\"https:\\\/\\\/www.klarairosa.com\\\/en\\\/author\\\/rosaiklara\\\/\"}]}<\/script>\n<!-- \/ Yoast SEO plugin. -->","yoast_head_json":{"title":"Projekcija dokumentarnog filma \"Andrej\" - Klara i Rosa","robots":{"index":"index","follow":"follow","max-snippet":"max-snippet:-1","max-image-preview":"max-image-preview:large","max-video-preview":"max-video-preview:-1"},"canonical":"https:\/\/www.klarairosa.com\/en\/projekcija-dokumentarnog-filma-andrej\/","og_locale":"en_GB","og_type":"article","og_title":"Projekcija dokumentarnog filma \"Andrej\" - Klara i Rosa","og_description":"U petak, 14. novembra od 19 \u010dasova, u prostoru Klare i Rose ima\u0107emo priliku da...","og_url":"https:\/\/www.klarairosa.com\/en\/projekcija-dokumentarnog-filma-andrej\/","og_site_name":"Klara i Rosa","article_publisher":"https:\/\/www.facebook.com\/klarairosa\/","article_published_time":"2025-11-10T09:56:35+00:00","article_modified_time":"2025-11-20T11:01:32+00:00","og_image":[{"width":1352,"height":1005,"url":"https:\/\/www.klarairosa.com\/wp-content\/uploads\/2025\/11\/andrej.jpg","type":"image\/jpeg"}],"author":"Klara i Rosa","twitter_card":"summary_large_image","twitter_misc":{"Written by":"Klara i Rosa","Estimated reading time":"1 minute"},"schema":{"@context":"https:\/\/schema.org","@graph":[{"@type":"Article","@id":"https:\/\/www.klarairosa.com\/projekcija-dokumentarnog-filma-andrej\/#article","isPartOf":{"@id":"https:\/\/www.klarairosa.com\/projekcija-dokumentarnog-filma-andrej\/"},"author":{"name":"Klara i Rosa","@id":"https:\/\/www.klarairosa.com\/en\/#\/schema\/person\/e4e7e9e5c8eeeddccf61e4532ae8e6ed"},"headline":"Projekcija dokumentarnog filma &#8222;Andrej&#8220;","datePublished":"2025-11-10T09:56:35+00:00","dateModified":"2025-11-20T11:01:32+00:00","mainEntityOfPage":{"@id":"https:\/\/www.klarairosa.com\/projekcija-dokumentarnog-filma-andrej\/"},"wordCount":197,"publisher":{"@id":"https:\/\/www.klarairosa.com\/en\/#organization"},"image":{"@id":"https:\/\/www.klarairosa.com\/projekcija-dokumentarnog-filma-andrej\/#primaryimage"},"thumbnailUrl":"https:\/\/www.klarairosa.com\/wp-content\/uploads\/2025\/11\/andrej.jpg","keywords":["andrej","dokumentarni film","Klara i Rosa","nemanja marinovic","policijska brutalnost","sara saric citero","srbija","subotica"],"articleSection":["Aktuelno"],"inLanguage":"en-GB"},{"@type":"WebPage","@id":"https:\/\/www.klarairosa.com\/projekcija-dokumentarnog-filma-andrej\/","url":"https:\/\/www.klarairosa.com\/projekcija-dokumentarnog-filma-andrej\/","name":"Projekcija dokumentarnog filma \"Andrej\" - Klara i Rosa","isPartOf":{"@id":"https:\/\/www.klarairosa.com\/en\/#website"},"primaryImageOfPage":{"@id":"https:\/\/www.klarairosa.com\/projekcija-dokumentarnog-filma-andrej\/#primaryimage"},"image":{"@id":"https:\/\/www.klarairosa.com\/projekcija-dokumentarnog-filma-andrej\/#primaryimage"},"thumbnailUrl":"https:\/\/www.klarairosa.com\/wp-content\/uploads\/2025\/11\/andrej.jpg","datePublished":"2025-11-10T09:56:35+00:00","dateModified":"2025-11-20T11:01:32+00:00","breadcrumb":{"@id":"https:\/\/www.klarairosa.com\/projekcija-dokumentarnog-filma-andrej\/#breadcrumb"},"inLanguage":"en-GB","potentialAction":[{"@type":"ReadAction","target":["https:\/\/www.klarairosa.com\/projekcija-dokumentarnog-filma-andrej\/"]}]},{"@type":"ImageObject","inLanguage":"en-GB","@id":"https:\/\/www.klarairosa.com\/projekcija-dokumentarnog-filma-andrej\/#primaryimage","url":"https:\/\/www.klarairosa.com\/wp-content\/uploads\/2025\/11\/andrej.jpg","contentUrl":"https:\/\/www.klarairosa.com\/wp-content\/uploads\/2025\/11\/andrej.jpg","width":1352,"height":1005},{"@type":"BreadcrumbList","@id":"https:\/\/www.klarairosa.com\/projekcija-dokumentarnog-filma-andrej\/#breadcrumb","itemListElement":[{"@type":"ListItem","position":1,"name":"Home","item":"https:\/\/www.klarairosa.com\/"},{"@type":"ListItem","position":2,"name":"Projekcija dokumentarnog filma &#8220;Andrej&#8221;"}]},{"@type":"WebSite","@id":"https:\/\/www.klarairosa.com\/en\/#website","url":"https:\/\/www.klarairosa.com\/en\/","name":"Klara i Rosa","description":"Klara i Rosa","publisher":{"@id":"https:\/\/www.klarairosa.com\/en\/#organization"},"potentialAction":[{"@type":"SearchAction","target":{"@type":"EntryPoint","urlTemplate":"https:\/\/www.klarairosa.com\/en\/?s={search_term_string}"},"query-input":{"@type":"PropertyValueSpecification","valueRequired":true,"valueName":"search_term_string"}}],"inLanguage":"en-GB"},{"@type":"Organization","@id":"https:\/\/www.klarairosa.com\/en\/#organization","name":"Klara i Rosa","url":"https:\/\/www.klarairosa.com\/en\/","logo":{"@type":"ImageObject","inLanguage":"en-GB","@id":"https:\/\/www.klarairosa.com\/en\/#\/schema\/logo\/image\/","url":"https:\/\/www.klarairosa.com\/wp-content\/uploads\/2022\/01\/logo.svg","contentUrl":"https:\/\/www.klarairosa.com\/wp-content\/uploads\/2022\/01\/logo.svg","width":110,"height":139,"caption":"Klara i Rosa"},"image":{"@id":"https:\/\/www.klarairosa.com\/en\/#\/schema\/logo\/image\/"},"sameAs":["https:\/\/www.facebook.com\/klarairosa\/","https:\/\/www.instagram.com\/ugklarairosa\/"]},{"@type":"Person","@id":"https:\/\/www.klarairosa.com\/en\/#\/schema\/person\/e4e7e9e5c8eeeddccf61e4532ae8e6ed","name":"Klara i Rosa","image":{"@type":"ImageObject","inLanguage":"en-GB","@id":"https:\/\/secure.gravatar.com\/avatar\/c83ee539a067b9f57ae5d8999ae286c4f98b5c4bd943b8cbb64f6b0fc1f29e40?s=96&d=mm&r=g","url":"https:\/\/secure.gravatar.com\/avatar\/c83ee539a067b9f57ae5d8999ae286c4f98b5c4bd943b8cbb64f6b0fc1f29e40?s=96&d=mm&r=g","contentUrl":"https:\/\/secure.gravatar.com\/avatar\/c83ee539a067b9f57ae5d8999ae286c4f98b5c4bd943b8cbb64f6b0fc1f29e40?s=96&d=mm&r=g","caption":"Klara i Rosa"},"sameAs":["https:\/\/klarairosa.com"],"url":"https:\/\/www.klarairosa.com\/en\/author\/rosaiklara\/"}]}},"_links":{"self":[{"href":"https:\/\/www.klarairosa.com\/en\/wp-json\/wp\/v2\/posts\/23800","targetHints":{"allow":["GET"]}}],"collection":[{"href":"https:\/\/www.klarairosa.com\/en\/wp-json\/wp\/v2\/posts"}],"about":[{"href":"https:\/\/www.klarairosa.com\/en\/wp-json\/wp\/v2\/types\/post"}],"author":[{"embeddable":true,"href":"https:\/\/www.klarairosa.com\/en\/wp-json\/wp\/v2\/users\/1"}],"replies":[{"embeddable":true,"href":"https:\/\/www.klarairosa.com\/en\/wp-json\/wp\/v2\/comments?post=23800"}],"version-history":[{"count":2,"href":"https:\/\/www.klarairosa.com\/en\/wp-json\/wp\/v2\/posts\/23800\/revisions"}],"predecessor-version":[{"id":23872,"href":"https:\/\/www.klarairosa.com\/en\/wp-json\/wp\/v2\/posts\/23800\/revisions\/23872"}],"wp:featuredmedia":[{"embeddable":true,"href":"https:\/\/www.klarairosa.com\/en\/wp-json\/wp\/v2\/media\/23801"}],"wp:attachment":[{"href":"https:\/\/www.klarairosa.com\/en\/wp-json\/wp\/v2\/media?parent=23800"}],"wp:term":[{"taxonomy":"category","embeddable":true,"href":"https:\/\/www.klarairosa.com\/en\/wp-json\/wp\/v2\/categories?post=23800"},{"taxonomy":"post_tag","embeddable":true,"href":"https:\/\/www.klarairosa.com\/en\/wp-json\/wp\/v2\/tags?post=23800"}],"curies":[{"name":"wp","href":"https:\/\/api.w.org\/{rel}","templated":true}]}}