{"id":23648,"date":"2025-10-10T06:53:59","date_gmt":"2025-10-10T06:53:59","guid":{"rendered":"https:\/\/www.klarairosa.com\/?p=23648"},"modified":"2025-10-19T09:22:06","modified_gmt":"2025-10-19T09:22:06","slug":"promocija-albuma-secession-matija-evetovic-trija","status":"publish","type":"post","link":"https:\/\/www.klarairosa.com\/en\/promocija-albuma-secession-matija-evetovic-trija\/","title":{"rendered":"Album Promotion: \u201cSecession\u201d by Matija Evetovi\u0107 Trio"},"content":{"rendered":"<div class=\"xdj266r x14z9mp xat24cr x1lziwak x1vvkbs x126k92a\">\n<div dir=\"auto\" style=\"text-align: justify;\">\n<p data-start=\"101\" data-end=\"258\" class=\" translation-block\">On Sunday, October 19 at 6 p.m., in the garden of Klara i Rosa (Petefi \u0160andora 15), the Matija Evetovi\u0107 Trio will perform \u2014 a jazz ensemble from Subotica dedicated to an original musical expression rooted in ambient and contemporary jazz.<\/p>\n<p data-start=\"101\" data-end=\"258\">.<\/p>\n<p data-start=\"101\" data-end=\"258\" class=\" translation-block\">The trio has been active for a year, and as the highlight of their collaboration, they are preparing to record their first album, titled \u201cSecession,\u201d which will bring together their distinctive artistic approach.<\/p>\n<p data-start=\"101\" data-end=\"258\">.<\/p>\n<p data-start=\"101\" data-end=\"258\"><img fetchpriority=\"high\" decoding=\"async\" class=\"alignnone size-medium wp-image-23649\" src=\"https:\/\/www.klarairosa.com\/wp-content\/uploads\/2025\/10\/d4815c63-6a73-4b8c-9020-e1e6e44405e7-300x200.jpg\" alt=\"\" width=\"300\" height=\"200\" srcset=\"https:\/\/www.klarairosa.com\/wp-content\/uploads\/2025\/10\/d4815c63-6a73-4b8c-9020-e1e6e44405e7-300x200.jpg 300w, https:\/\/www.klarairosa.com\/wp-content\/uploads\/2025\/10\/d4815c63-6a73-4b8c-9020-e1e6e44405e7-1024x681.jpg 1024w, https:\/\/www.klarairosa.com\/wp-content\/uploads\/2025\/10\/d4815c63-6a73-4b8c-9020-e1e6e44405e7-768x511.jpg 768w, https:\/\/www.klarairosa.com\/wp-content\/uploads\/2025\/10\/d4815c63-6a73-4b8c-9020-e1e6e44405e7-1536x1022.jpg 1536w, https:\/\/www.klarairosa.com\/wp-content\/uploads\/2025\/10\/d4815c63-6a73-4b8c-9020-e1e6e44405e7-2048x1362.jpg 2048w, https:\/\/www.klarairosa.com\/wp-content\/uploads\/2025\/10\/d4815c63-6a73-4b8c-9020-e1e6e44405e7-18x12.jpg 18w, https:\/\/www.klarairosa.com\/wp-content\/uploads\/2025\/10\/d4815c63-6a73-4b8c-9020-e1e6e44405e7-700x466.jpg 700w\" sizes=\"(max-width: 300px) 100vw, 300px\" \/><\/p>\n<p data-start=\"101\" data-end=\"258\">.<\/p>\n<p data-start=\"101\" data-end=\"258\"><strong>The album\u2019s completion is expected by the end of November, and the journey toward its realization is accompanied by a series of charity concerts aimed at raising funds for its production.<\/strong><\/p>\n<p data-start=\"101\" data-end=\"258\">.<\/p>\n<p data-start=\"101\" data-end=\"258\">These performances are not only musical events but also an expression of solidarity and togetherness.\n\nBring your good mood and warm clothes \u2014 we\u2019ll be waiting for you in the garden of Klara i Rosa.<\/p>\n<\/div>\n<\/div>","protected":false},"excerpt":{"rendered":"<p>U nedelju, 19. oktobra od 18 \u010dasova, u ba\u0161ti Klare i Rose (Petefi \u0160andora 15),&#8230;<\/p>","protected":false},"author":1,"featured_media":23679,"comment_status":"closed","ping_status":"closed","sticky":false,"template":"","format":"standard","meta":{"content-type":"","inline_featured_image":false,"footnotes":""},"categories":[109],"tags":[773,124,108,772,368,152],"class_list":["post-23648","post","type-post","status-publish","format-standard","has-post-thumbnail","hentry","category-aktuelno","tag-jazz","tag-klara-i-rosa","tag-koncert","tag-matija-evetovic-trio","tag-muzika","tag-subotica"],"yoast_head":"<!-- This site is optimized with the Yoast SEO plugin v27.5 - https:\/\/yoast.com\/product\/yoast-seo-wordpress\/ -->\n<title>Promocija albuma &quot;Secession&quot; Matija Evetovi\u0107 Trija - Klara i Rosa<\/title>\n<meta name=\"robots\" content=\"index, follow, max-snippet:-1, max-image-preview:large, max-video-preview:-1\" \/>\n<link rel=\"canonical\" href=\"https:\/\/www.klarairosa.com\/en\/promocija-albuma-secession-matija-evetovic-trija\/\" \/>\n<meta property=\"og:locale\" content=\"en_GB\" \/>\n<meta property=\"og:type\" content=\"article\" \/>\n<meta property=\"og:title\" content=\"Promocija albuma &quot;Secession&quot; Matija Evetovi\u0107 Trija - Klara i Rosa\" \/>\n<meta property=\"og:description\" content=\"U nedelju, 19. oktobra od 18 \u010dasova, u ba\u0161ti Klare i Rose (Petefi \u0160andora 15),...\" \/>\n<meta property=\"og:url\" content=\"https:\/\/www.klarairosa.com\/en\/promocija-albuma-secession-matija-evetovic-trija\/\" \/>\n<meta property=\"og:site_name\" content=\"Klara i Rosa\" \/>\n<meta property=\"article:publisher\" content=\"https:\/\/www.facebook.com\/klarairosa\/\" \/>\n<meta property=\"article:published_time\" content=\"2025-10-10T06:53:59+00:00\" \/>\n<meta property=\"article:modified_time\" content=\"2025-10-19T09:22:06+00:00\" \/>\n<meta property=\"og:image\" content=\"https:\/\/www.klarairosa.com\/wp-content\/uploads\/2025\/10\/Press-Start-2P-1920-x-1080-px-1352-x-1005-px-1920-x-1080-px-1920-x-1080-px-1.jpg\" \/>\n\t<meta property=\"og:image:width\" content=\"1352\" \/>\n\t<meta property=\"og:image:height\" content=\"1005\" \/>\n\t<meta property=\"og:image:type\" content=\"image\/jpeg\" \/>\n<meta name=\"author\" content=\"Klara i Rosa\" \/>\n<meta name=\"twitter:card\" content=\"summary_large_image\" \/>\n<meta name=\"twitter:label1\" content=\"Written by\" \/>\n\t<meta name=\"twitter:data1\" content=\"Klara i Rosa\" \/>\n\t<meta name=\"twitter:label2\" content=\"Estimated reading time\" \/>\n\t<meta name=\"twitter:data2\" content=\"1 minute\" \/>\n<script type=\"application\/ld+json\" class=\"yoast-schema-graph\">{\"@context\":\"https:\\\/\\\/schema.org\",\"@graph\":[{\"@type\":\"Article\",\"@id\":\"https:\\\/\\\/www.klarairosa.com\\\/promocija-albuma-secession-matija-evetovic-trija\\\/#article\",\"isPartOf\":{\"@id\":\"https:\\\/\\\/www.klarairosa.com\\\/promocija-albuma-secession-matija-evetovic-trija\\\/\"},\"author\":{\"name\":\"Klara i Rosa\",\"@id\":\"https:\\\/\\\/www.klarairosa.com\\\/en\\\/#\\\/schema\\\/person\\\/e4e7e9e5c8eeeddccf61e4532ae8e6ed\"},\"headline\":\"Promocija albuma &#8222;Secession&#8220; Matija Evetovi\u0107 Trija\",\"datePublished\":\"2025-10-10T06:53:59+00:00\",\"dateModified\":\"2025-10-19T09:22:06+00:00\",\"mainEntityOfPage\":{\"@id\":\"https:\\\/\\\/www.klarairosa.com\\\/promocija-albuma-secession-matija-evetovic-trija\\\/\"},\"wordCount\":127,\"publisher\":{\"@id\":\"https:\\\/\\\/www.klarairosa.com\\\/en\\\/#organization\"},\"image\":{\"@id\":\"https:\\\/\\\/www.klarairosa.com\\\/promocija-albuma-secession-matija-evetovic-trija\\\/#primaryimage\"},\"thumbnailUrl\":\"https:\\\/\\\/www.klarairosa.com\\\/wp-content\\\/uploads\\\/2025\\\/10\\\/Press-Start-2P-1920-x-1080-px-1352-x-1005-px-1920-x-1080-px-1920-x-1080-px-1.jpg\",\"keywords\":[\"jazz\",\"Klara i Rosa\",\"Koncert\",\"matija evetovic trio\",\"muzika\",\"subotica\"],\"articleSection\":[\"Aktuelno\"],\"inLanguage\":\"en-GB\"},{\"@type\":\"WebPage\",\"@id\":\"https:\\\/\\\/www.klarairosa.com\\\/promocija-albuma-secession-matija-evetovic-trija\\\/\",\"url\":\"https:\\\/\\\/www.klarairosa.com\\\/promocija-albuma-secession-matija-evetovic-trija\\\/\",\"name\":\"Promocija albuma \\\"Secession\\\" Matija Evetovi\u0107 Trija - Klara i Rosa\",\"isPartOf\":{\"@id\":\"https:\\\/\\\/www.klarairosa.com\\\/en\\\/#website\"},\"primaryImageOfPage\":{\"@id\":\"https:\\\/\\\/www.klarairosa.com\\\/promocija-albuma-secession-matija-evetovic-trija\\\/#primaryimage\"},\"image\":{\"@id\":\"https:\\\/\\\/www.klarairosa.com\\\/promocija-albuma-secession-matija-evetovic-trija\\\/#primaryimage\"},\"thumbnailUrl\":\"https:\\\/\\\/www.klarairosa.com\\\/wp-content\\\/uploads\\\/2025\\\/10\\\/Press-Start-2P-1920-x-1080-px-1352-x-1005-px-1920-x-1080-px-1920-x-1080-px-1.jpg\",\"datePublished\":\"2025-10-10T06:53:59+00:00\",\"dateModified\":\"2025-10-19T09:22:06+00:00\",\"breadcrumb\":{\"@id\":\"https:\\\/\\\/www.klarairosa.com\\\/promocija-albuma-secession-matija-evetovic-trija\\\/#breadcrumb\"},\"inLanguage\":\"en-GB\",\"potentialAction\":[{\"@type\":\"ReadAction\",\"target\":[\"https:\\\/\\\/www.klarairosa.com\\\/promocija-albuma-secession-matija-evetovic-trija\\\/\"]}]},{\"@type\":\"ImageObject\",\"inLanguage\":\"en-GB\",\"@id\":\"https:\\\/\\\/www.klarairosa.com\\\/promocija-albuma-secession-matija-evetovic-trija\\\/#primaryimage\",\"url\":\"https:\\\/\\\/www.klarairosa.com\\\/wp-content\\\/uploads\\\/2025\\\/10\\\/Press-Start-2P-1920-x-1080-px-1352-x-1005-px-1920-x-1080-px-1920-x-1080-px-1.jpg\",\"contentUrl\":\"https:\\\/\\\/www.klarairosa.com\\\/wp-content\\\/uploads\\\/2025\\\/10\\\/Press-Start-2P-1920-x-1080-px-1352-x-1005-px-1920-x-1080-px-1920-x-1080-px-1.jpg\",\"width\":1352,\"height\":1005},{\"@type\":\"BreadcrumbList\",\"@id\":\"https:\\\/\\\/www.klarairosa.com\\\/promocija-albuma-secession-matija-evetovic-trija\\\/#breadcrumb\",\"itemListElement\":[{\"@type\":\"ListItem\",\"position\":1,\"name\":\"Home\",\"item\":\"https:\\\/\\\/www.klarairosa.com\\\/\"},{\"@type\":\"ListItem\",\"position\":2,\"name\":\"Promocija albuma &#8220;Secession&#8221; Matija Evetovi\u0107 Trija\"}]},{\"@type\":\"WebSite\",\"@id\":\"https:\\\/\\\/www.klarairosa.com\\\/en\\\/#website\",\"url\":\"https:\\\/\\\/www.klarairosa.com\\\/en\\\/\",\"name\":\"Klara i Rosa\",\"description\":\"Klara i Rosa\",\"publisher\":{\"@id\":\"https:\\\/\\\/www.klarairosa.com\\\/en\\\/#organization\"},\"potentialAction\":[{\"@type\":\"SearchAction\",\"target\":{\"@type\":\"EntryPoint\",\"urlTemplate\":\"https:\\\/\\\/www.klarairosa.com\\\/en\\\/?s={search_term_string}\"},\"query-input\":{\"@type\":\"PropertyValueSpecification\",\"valueRequired\":true,\"valueName\":\"search_term_string\"}}],\"inLanguage\":\"en-GB\"},{\"@type\":\"Organization\",\"@id\":\"https:\\\/\\\/www.klarairosa.com\\\/en\\\/#organization\",\"name\":\"Klara i Rosa\",\"url\":\"https:\\\/\\\/www.klarairosa.com\\\/en\\\/\",\"logo\":{\"@type\":\"ImageObject\",\"inLanguage\":\"en-GB\",\"@id\":\"https:\\\/\\\/www.klarairosa.com\\\/en\\\/#\\\/schema\\\/logo\\\/image\\\/\",\"url\":\"https:\\\/\\\/www.klarairosa.com\\\/wp-content\\\/uploads\\\/2022\\\/01\\\/logo.svg\",\"contentUrl\":\"https:\\\/\\\/www.klarairosa.com\\\/wp-content\\\/uploads\\\/2022\\\/01\\\/logo.svg\",\"width\":110,\"height\":139,\"caption\":\"Klara i Rosa\"},\"image\":{\"@id\":\"https:\\\/\\\/www.klarairosa.com\\\/en\\\/#\\\/schema\\\/logo\\\/image\\\/\"},\"sameAs\":[\"https:\\\/\\\/www.facebook.com\\\/klarairosa\\\/\",\"https:\\\/\\\/www.instagram.com\\\/ugklarairosa\\\/\"]},{\"@type\":\"Person\",\"@id\":\"https:\\\/\\\/www.klarairosa.com\\\/en\\\/#\\\/schema\\\/person\\\/e4e7e9e5c8eeeddccf61e4532ae8e6ed\",\"name\":\"Klara i Rosa\",\"image\":{\"@type\":\"ImageObject\",\"inLanguage\":\"en-GB\",\"@id\":\"https:\\\/\\\/secure.gravatar.com\\\/avatar\\\/c83ee539a067b9f57ae5d8999ae286c4f98b5c4bd943b8cbb64f6b0fc1f29e40?s=96&d=mm&r=g\",\"url\":\"https:\\\/\\\/secure.gravatar.com\\\/avatar\\\/c83ee539a067b9f57ae5d8999ae286c4f98b5c4bd943b8cbb64f6b0fc1f29e40?s=96&d=mm&r=g\",\"contentUrl\":\"https:\\\/\\\/secure.gravatar.com\\\/avatar\\\/c83ee539a067b9f57ae5d8999ae286c4f98b5c4bd943b8cbb64f6b0fc1f29e40?s=96&d=mm&r=g\",\"caption\":\"Klara i Rosa\"},\"sameAs\":[\"https:\\\/\\\/klarairosa.com\"],\"url\":\"https:\\\/\\\/www.klarairosa.com\\\/en\\\/author\\\/rosaiklara\\\/\"}]}<\/script>\n<!-- \/ Yoast SEO plugin. -->","yoast_head_json":{"title":"Promocija albuma \"Secession\" Matija Evetovi\u0107 Trija - Klara i Rosa","robots":{"index":"index","follow":"follow","max-snippet":"max-snippet:-1","max-image-preview":"max-image-preview:large","max-video-preview":"max-video-preview:-1"},"canonical":"https:\/\/www.klarairosa.com\/en\/promocija-albuma-secession-matija-evetovic-trija\/","og_locale":"en_GB","og_type":"article","og_title":"Promocija albuma \"Secession\" Matija Evetovi\u0107 Trija - Klara i Rosa","og_description":"U nedelju, 19. oktobra od 18 \u010dasova, u ba\u0161ti Klare i Rose (Petefi \u0160andora 15),...","og_url":"https:\/\/www.klarairosa.com\/en\/promocija-albuma-secession-matija-evetovic-trija\/","og_site_name":"Klara i Rosa","article_publisher":"https:\/\/www.facebook.com\/klarairosa\/","article_published_time":"2025-10-10T06:53:59+00:00","article_modified_time":"2025-10-19T09:22:06+00:00","og_image":[{"width":1352,"height":1005,"url":"https:\/\/www.klarairosa.com\/wp-content\/uploads\/2025\/10\/Press-Start-2P-1920-x-1080-px-1352-x-1005-px-1920-x-1080-px-1920-x-1080-px-1.jpg","type":"image\/jpeg"}],"author":"Klara i Rosa","twitter_card":"summary_large_image","twitter_misc":{"Written by":"Klara i Rosa","Estimated reading time":"1 minute"},"schema":{"@context":"https:\/\/schema.org","@graph":[{"@type":"Article","@id":"https:\/\/www.klarairosa.com\/promocija-albuma-secession-matija-evetovic-trija\/#article","isPartOf":{"@id":"https:\/\/www.klarairosa.com\/promocija-albuma-secession-matija-evetovic-trija\/"},"author":{"name":"Klara i Rosa","@id":"https:\/\/www.klarairosa.com\/en\/#\/schema\/person\/e4e7e9e5c8eeeddccf61e4532ae8e6ed"},"headline":"Promocija albuma &#8222;Secession&#8220; Matija Evetovi\u0107 Trija","datePublished":"2025-10-10T06:53:59+00:00","dateModified":"2025-10-19T09:22:06+00:00","mainEntityOfPage":{"@id":"https:\/\/www.klarairosa.com\/promocija-albuma-secession-matija-evetovic-trija\/"},"wordCount":127,"publisher":{"@id":"https:\/\/www.klarairosa.com\/en\/#organization"},"image":{"@id":"https:\/\/www.klarairosa.com\/promocija-albuma-secession-matija-evetovic-trija\/#primaryimage"},"thumbnailUrl":"https:\/\/www.klarairosa.com\/wp-content\/uploads\/2025\/10\/Press-Start-2P-1920-x-1080-px-1352-x-1005-px-1920-x-1080-px-1920-x-1080-px-1.jpg","keywords":["jazz","Klara i Rosa","Koncert","matija evetovic trio","muzika","subotica"],"articleSection":["Aktuelno"],"inLanguage":"en-GB"},{"@type":"WebPage","@id":"https:\/\/www.klarairosa.com\/promocija-albuma-secession-matija-evetovic-trija\/","url":"https:\/\/www.klarairosa.com\/promocija-albuma-secession-matija-evetovic-trija\/","name":"Promocija albuma \"Secession\" Matija Evetovi\u0107 Trija - Klara i Rosa","isPartOf":{"@id":"https:\/\/www.klarairosa.com\/en\/#website"},"primaryImageOfPage":{"@id":"https:\/\/www.klarairosa.com\/promocija-albuma-secession-matija-evetovic-trija\/#primaryimage"},"image":{"@id":"https:\/\/www.klarairosa.com\/promocija-albuma-secession-matija-evetovic-trija\/#primaryimage"},"thumbnailUrl":"https:\/\/www.klarairosa.com\/wp-content\/uploads\/2025\/10\/Press-Start-2P-1920-x-1080-px-1352-x-1005-px-1920-x-1080-px-1920-x-1080-px-1.jpg","datePublished":"2025-10-10T06:53:59+00:00","dateModified":"2025-10-19T09:22:06+00:00","breadcrumb":{"@id":"https:\/\/www.klarairosa.com\/promocija-albuma-secession-matija-evetovic-trija\/#breadcrumb"},"inLanguage":"en-GB","potentialAction":[{"@type":"ReadAction","target":["https:\/\/www.klarairosa.com\/promocija-albuma-secession-matija-evetovic-trija\/"]}]},{"@type":"ImageObject","inLanguage":"en-GB","@id":"https:\/\/www.klarairosa.com\/promocija-albuma-secession-matija-evetovic-trija\/#primaryimage","url":"https:\/\/www.klarairosa.com\/wp-content\/uploads\/2025\/10\/Press-Start-2P-1920-x-1080-px-1352-x-1005-px-1920-x-1080-px-1920-x-1080-px-1.jpg","contentUrl":"https:\/\/www.klarairosa.com\/wp-content\/uploads\/2025\/10\/Press-Start-2P-1920-x-1080-px-1352-x-1005-px-1920-x-1080-px-1920-x-1080-px-1.jpg","width":1352,"height":1005},{"@type":"BreadcrumbList","@id":"https:\/\/www.klarairosa.com\/promocija-albuma-secession-matija-evetovic-trija\/#breadcrumb","itemListElement":[{"@type":"ListItem","position":1,"name":"Home","item":"https:\/\/www.klarairosa.com\/"},{"@type":"ListItem","position":2,"name":"Promocija albuma &#8220;Secession&#8221; Matija Evetovi\u0107 Trija"}]},{"@type":"WebSite","@id":"https:\/\/www.klarairosa.com\/en\/#website","url":"https:\/\/www.klarairosa.com\/en\/","name":"Klara i Rosa","description":"Klara i Rosa","publisher":{"@id":"https:\/\/www.klarairosa.com\/en\/#organization"},"potentialAction":[{"@type":"SearchAction","target":{"@type":"EntryPoint","urlTemplate":"https:\/\/www.klarairosa.com\/en\/?s={search_term_string}"},"query-input":{"@type":"PropertyValueSpecification","valueRequired":true,"valueName":"search_term_string"}}],"inLanguage":"en-GB"},{"@type":"Organization","@id":"https:\/\/www.klarairosa.com\/en\/#organization","name":"Klara i Rosa","url":"https:\/\/www.klarairosa.com\/en\/","logo":{"@type":"ImageObject","inLanguage":"en-GB","@id":"https:\/\/www.klarairosa.com\/en\/#\/schema\/logo\/image\/","url":"https:\/\/www.klarairosa.com\/wp-content\/uploads\/2022\/01\/logo.svg","contentUrl":"https:\/\/www.klarairosa.com\/wp-content\/uploads\/2022\/01\/logo.svg","width":110,"height":139,"caption":"Klara i Rosa"},"image":{"@id":"https:\/\/www.klarairosa.com\/en\/#\/schema\/logo\/image\/"},"sameAs":["https:\/\/www.facebook.com\/klarairosa\/","https:\/\/www.instagram.com\/ugklarairosa\/"]},{"@type":"Person","@id":"https:\/\/www.klarairosa.com\/en\/#\/schema\/person\/e4e7e9e5c8eeeddccf61e4532ae8e6ed","name":"Klara i Rosa","image":{"@type":"ImageObject","inLanguage":"en-GB","@id":"https:\/\/secure.gravatar.com\/avatar\/c83ee539a067b9f57ae5d8999ae286c4f98b5c4bd943b8cbb64f6b0fc1f29e40?s=96&d=mm&r=g","url":"https:\/\/secure.gravatar.com\/avatar\/c83ee539a067b9f57ae5d8999ae286c4f98b5c4bd943b8cbb64f6b0fc1f29e40?s=96&d=mm&r=g","contentUrl":"https:\/\/secure.gravatar.com\/avatar\/c83ee539a067b9f57ae5d8999ae286c4f98b5c4bd943b8cbb64f6b0fc1f29e40?s=96&d=mm&r=g","caption":"Klara i Rosa"},"sameAs":["https:\/\/klarairosa.com"],"url":"https:\/\/www.klarairosa.com\/en\/author\/rosaiklara\/"}]}},"_links":{"self":[{"href":"https:\/\/www.klarairosa.com\/en\/wp-json\/wp\/v2\/posts\/23648","targetHints":{"allow":["GET"]}}],"collection":[{"href":"https:\/\/www.klarairosa.com\/en\/wp-json\/wp\/v2\/posts"}],"about":[{"href":"https:\/\/www.klarairosa.com\/en\/wp-json\/wp\/v2\/types\/post"}],"author":[{"embeddable":true,"href":"https:\/\/www.klarairosa.com\/en\/wp-json\/wp\/v2\/users\/1"}],"replies":[{"embeddable":true,"href":"https:\/\/www.klarairosa.com\/en\/wp-json\/wp\/v2\/comments?post=23648"}],"version-history":[{"count":4,"href":"https:\/\/www.klarairosa.com\/en\/wp-json\/wp\/v2\/posts\/23648\/revisions"}],"predecessor-version":[{"id":23687,"href":"https:\/\/www.klarairosa.com\/en\/wp-json\/wp\/v2\/posts\/23648\/revisions\/23687"}],"wp:featuredmedia":[{"embeddable":true,"href":"https:\/\/www.klarairosa.com\/en\/wp-json\/wp\/v2\/media\/23679"}],"wp:attachment":[{"href":"https:\/\/www.klarairosa.com\/en\/wp-json\/wp\/v2\/media?parent=23648"}],"wp:term":[{"taxonomy":"category","embeddable":true,"href":"https:\/\/www.klarairosa.com\/en\/wp-json\/wp\/v2\/categories?post=23648"},{"taxonomy":"post_tag","embeddable":true,"href":"https:\/\/www.klarairosa.com\/en\/wp-json\/wp\/v2\/tags?post=23648"}],"curies":[{"name":"wp","href":"https:\/\/api.w.org\/{rel}","templated":true}]}}